{"id":264823,"date":"2025-03-12T10:05:41","date_gmt":"2025-03-12T09:05:41","guid":{"rendered":"https:\/\/tuzlainfo.ba\/?p=264823"},"modified":"2025-03-12T08:00:27","modified_gmt":"2025-03-12T07:00:27","slug":"usvojen-plan-proljetne-sjetve-u-tk-povrsine-manje-za-skoro-2-500-hektara","status":"publish","type":"post","link":"https:\/\/tuzlainfo.ba\/index.php\/novosti\/item\/264823-usvojen-plan-proljetne-sjetve-u-tk-povrsine-manje-za-skoro-2-500-hektara\/","title":{"rendered":"Usvojen plan proljetne sjetve u TK: Povr\u0161ine manje za skoro 2.500 hektara"},"content":{"rendered":"<p>Vlada je danas dala saglasnost na Plan proljetne sjetve u 2025. godini za podru\u010dje Tuzlanskog kantona kojim je predvi\u0111eno da se u 2025. godini na podru\u010dju Tuzlanskog kantona \u017eitaricama, povrtnim, industrijskim i krmnim biljem zasije ukupno 39.388 ha poljoprivrednog zemlji\u0161ta, \u0161to je manje za 2.497 ha, odnosno za 5,96% u odnosu na realizovanu sjetvu u 2024. godini. Proljetna sjetva obuhvata sjetvu jarih \u017eitarica (kukuruz za zrno, p\u0161enica, ra\u017e, je\u010dam, i zob), industrijskog bilja (duhan, soja, ostalo industrijsko i ljekovito bilje), povrtnog bilja ( krompir i ostalo povrtno bilje), te krmnog bilja (kukuruz za sila\u017eu, djetelina, lucerka, DTS, ostalo krmno bilje).<\/p>\n<p>Sjetva \u017eitaricama planirana je na 16.392 ha \u0161to je 41,62% ukupnog plana sjetve na podru\u010dju Tuzlanskog kantona, a to je manje za 2.292 ha odnosno za 12,26 % u odnosu na realizovanu sjetvu \u017eitarica u 2024. godini. Industrijskim biljem se planira se zasijati ne\u0161to ve\u0107a povr\u0161ina (102 ha) u odnosu na realizovanu proljetnu sjetvu 2024. godine, dok se povrtnim biljem planira zasijati 8.889 ha, za 322 ha manje (3,50%) u odnosu na realizovanu sjetvu u prethodnoj godini. Krmnim biljem planiraju se zasijati povr\u0161ine od 14.005 ha \u0161to iznosi 35,55 % ukupnog plana sjetve, a vi\u0161e je za 111 ha, odnosno 0,80% u odnosu na sjetvu 2024. godine. Najve\u0107e povr\u0161ine planiraju se zasijati, odnosno zasaditi, na podru\u010dju Kalesije sa 6.519 ha, zatim slijede Grada\u010dac 6.257 ha, Gra\u010danica sa 5.910 ha, Lukavac sa povr\u0161inom od 5.205 ha, itd. Izuzev \u010celi\u0107a, Grada\u010dca, Lukavca i Srebrenika, na podru\u010dju svih op\u0107ina\/gradova Tuzlanskog kantona u odnosu na pro\u0161logodi\u0161nju sjetvu, planirana je proljetna sjetva na ne\u0161to ve\u0107im sjetvenim povr\u0161inama. Kao i prethodne godine, u ovoj sjetvenoj sezoni najve\u0107e povr\u0161ine poljoprivrednog zemlji\u0161ta za sjetvu su planirane u Kalesiji, Grada\u010dcu, Gra\u010danici, Lukavcu, \u017divinicama, Tuzli i Srebreniku.<\/p>\n<p>Za realizaciju plana proljetne sjetve potrebna sredstva u iznosu od 87.950.033,50 KM \u0161to je za 5.767.968,30 KM odnosno 6,15% manje u odnosu na prethodnu godinu. Razlog su ni\u017ee cijene mineralnih \u0111ubriva i dizel goriva u ovoj godini, kao i planirana sjetva manjih povr\u0161ina na podru\u010dju op\u0107ina i gradova.<\/p>\n","protected":false},"excerpt":{"rendered":"<p>Vlada je danas dala saglasnost na Plan proljetne sjetve u 2025. godini za podru\u010dje Tuzlanskog&hellip;<\/p>\n","protected":false},"author":4,"featured_media":164467,"comment_status":"closed","ping_status":"closed","sticky":false,"template":"","format":"standard","meta":{"_acf_changed":false,"footnotes":""},"categories":[12],"tags":[4338,336],"acf":[],"yoast_head":"<!-- This site is optimized with the Yoast SEO plugin v23.5 - https:\/\/yoast.com\/wordpress\/plugins\/seo\/ -->\n<title>Usvojen plan proljetne sjetve u TK: Povr\u0161ine manje za skoro 2.500 hektara - TuzlaInfo.ba<\/title>\n<meta name=\"robots\" content=\"index, follow, max-snippet:-1, max-image-preview:large, max-video-preview:-1\" \/>\n<link rel=\"canonical\" href=\"https:\/\/tuzlainfo.ba\/index.php\/novosti\/item\/264823-usvojen-plan-proljetne-sjetve-u-tk-povrsine-manje-za-skoro-2-500-hektara\/\" \/>\n<meta property=\"og:locale\" content=\"bs_BA\" \/>\n<meta property=\"og:type\" content=\"article\" \/>\n<meta property=\"og:title\" content=\"Usvojen plan proljetne sjetve u TK: Povr\u0161ine manje za skoro 2.500 hektara - TuzlaInfo.ba\" \/>\n<meta property=\"og:description\" content=\"Vlada je danas dala saglasnost na Plan proljetne sjetve u 2025. godini za podru\u010dje Tuzlanskog&hellip;\" \/>\n<meta property=\"og:url\" content=\"https:\/\/tuzlainfo.ba\/index.php\/novosti\/item\/264823-usvojen-plan-proljetne-sjetve-u-tk-povrsine-manje-za-skoro-2-500-hektara\/\" \/>\n<meta property=\"og:site_name\" content=\"TuzlaInfo.ba\" \/>\n<meta property=\"article:publisher\" content=\"https:\/\/www.facebook.com\/tuzlainfo.ba\/\" \/>\n<meta property=\"article:published_time\" content=\"2025-03-12T09:05:41+00:00\" \/>\n<meta property=\"article:modified_time\" content=\"2025-03-12T07:00:27+00:00\" \/>\n<meta property=\"og:image\" content=\"https:\/\/tuzlainfo.ba\/wp-content\/uploads\/2022\/02\/2102-proljetna-sjetva_traktor12-1-880x495-1.jpg\" \/>\n\t<meta property=\"og:image:width\" content=\"880\" \/>\n\t<meta property=\"og:image:height\" content=\"495\" \/>\n\t<meta property=\"og:image:type\" content=\"image\/jpeg\" \/>\n<meta name=\"author\" content=\"Tuzla Info\" \/>\n<meta name=\"twitter:card\" content=\"summary_large_image\" \/>\n<meta name=\"twitter:label1\" content=\"Written by\" \/>\n\t<meta name=\"twitter:data1\" content=\"Tuzla Info\" \/>\n\t<meta name=\"twitter:label2\" content=\"Est. reading time\" \/>\n\t<meta name=\"twitter:data2\" content=\"3 minute\" \/>\n<script type=\"application\/ld+json\" class=\"yoast-schema-graph\">{\"@context\":\"https:\/\/schema.org\",\"@graph\":[{\"@type\":\"Article\",\"@id\":\"https:\/\/tuzlainfo.ba\/index.php\/novosti\/item\/264823-usvojen-plan-proljetne-sjetve-u-tk-povrsine-manje-za-skoro-2-500-hektara\/#article\",\"isPartOf\":{\"@id\":\"https:\/\/tuzlainfo.ba\/index.php\/novosti\/item\/264823-usvojen-plan-proljetne-sjetve-u-tk-povrsine-manje-za-skoro-2-500-hektara\/\"},\"author\":{\"name\":\"Tuzla Info\",\"@id\":\"https:\/\/tuzlainfo.ba\/#\/schema\/person\/46cad4c57790cbc50781edd14870825a\"},\"headline\":\"Usvojen plan proljetne sjetve u TK: Povr\u0161ine manje za skoro 2.500 hektara\",\"datePublished\":\"2025-03-12T09:05:41+00:00\",\"dateModified\":\"2025-03-12T07:00:27+00:00\",\"mainEntityOfPage\":{\"@id\":\"https:\/\/tuzlainfo.ba\/index.php\/novosti\/item\/264823-usvojen-plan-proljetne-sjetve-u-tk-povrsine-manje-za-skoro-2-500-hektara\/\"},\"wordCount\":354,\"publisher\":{\"@id\":\"https:\/\/tuzlainfo.ba\/#organization\"},\"image\":{\"@id\":\"https:\/\/tuzlainfo.ba\/index.php\/novosti\/item\/264823-usvojen-plan-proljetne-sjetve-u-tk-povrsine-manje-za-skoro-2-500-hektara\/#primaryimage\"},\"thumbnailUrl\":\"https:\/\/tuzlainfo.ba\/wp-content\/uploads\/2022\/02\/2102-proljetna-sjetva_traktor12-1-880x495-1.jpg\",\"keywords\":[\"Proljetna sjetva\",\"vlada tk\"],\"articleSection\":[\"Novosti\"],\"inLanguage\":\"bs-BA\"},{\"@type\":\"WebPage\",\"@id\":\"https:\/\/tuzlainfo.ba\/index.php\/novosti\/item\/264823-usvojen-plan-proljetne-sjetve-u-tk-povrsine-manje-za-skoro-2-500-hektara\/\",\"url\":\"https:\/\/tuzlainfo.ba\/index.php\/novosti\/item\/264823-usvojen-plan-proljetne-sjetve-u-tk-povrsine-manje-za-skoro-2-500-hektara\/\",\"name\":\"Usvojen plan proljetne sjetve u TK: Povr\u0161ine manje za skoro 2.500 hektara - TuzlaInfo.ba\",\"isPartOf\":{\"@id\":\"https:\/\/tuzlainfo.ba\/#website\"},\"primaryImageOfPage\":{\"@id\":\"https:\/\/tuzlainfo.ba\/index.php\/novosti\/item\/264823-usvojen-plan-proljetne-sjetve-u-tk-povrsine-manje-za-skoro-2-500-hektara\/#primaryimage\"},\"image\":{\"@id\":\"https:\/\/tuzlainfo.ba\/index.php\/novosti\/item\/264823-usvojen-plan-proljetne-sjetve-u-tk-povrsine-manje-za-skoro-2-500-hektara\/#primaryimage\"},\"thumbnailUrl\":\"https:\/\/tuzlainfo.ba\/wp-content\/uploads\/2022\/02\/2102-proljetna-sjetva_traktor12-1-880x495-1.jpg\",\"datePublished\":\"2025-03-12T09:05:41+00:00\",\"dateModified\":\"2025-03-12T07:00:27+00:00\",\"breadcrumb\":{\"@id\":\"https:\/\/tuzlainfo.ba\/index.php\/novosti\/item\/264823-usvojen-plan-proljetne-sjetve-u-tk-povrsine-manje-za-skoro-2-500-hektara\/#breadcrumb\"},\"inLanguage\":\"bs-BA\",\"potentialAction\":[{\"@type\":\"ReadAction\",\"target\":[\"https:\/\/tuzlainfo.ba\/index.php\/novosti\/item\/264823-usvojen-plan-proljetne-sjetve-u-tk-povrsine-manje-za-skoro-2-500-hektara\/\"]}]},{\"@type\":\"ImageObject\",\"inLanguage\":\"bs-BA\",\"@id\":\"https:\/\/tuzlainfo.ba\/index.php\/novosti\/item\/264823-usvojen-plan-proljetne-sjetve-u-tk-povrsine-manje-za-skoro-2-500-hektara\/#primaryimage\",\"url\":\"https:\/\/tuzlainfo.ba\/wp-content\/uploads\/2022\/02\/2102-proljetna-sjetva_traktor12-1-880x495-1.jpg\",\"contentUrl\":\"https:\/\/tuzlainfo.ba\/wp-content\/uploads\/2022\/02\/2102-proljetna-sjetva_traktor12-1-880x495-1.jpg\",\"width\":880,\"height\":495},{\"@type\":\"BreadcrumbList\",\"@id\":\"https:\/\/tuzlainfo.ba\/index.php\/novosti\/item\/264823-usvojen-plan-proljetne-sjetve-u-tk-povrsine-manje-za-skoro-2-500-hektara\/#breadcrumb\",\"itemListElement\":[{\"@type\":\"ListItem\",\"position\":1,\"name\":\"Home\",\"item\":\"https:\/\/tuzlainfo.ba\/\"},{\"@type\":\"ListItem\",\"position\":2,\"name\":\"Usvojen plan proljetne sjetve u TK: Povr\u0161ine manje za skoro 2.500 hektara\"}]},{\"@type\":\"WebSite\",\"@id\":\"https:\/\/tuzlainfo.ba\/#website\",\"url\":\"https:\/\/tuzlainfo.ba\/\",\"name\":\"TuzlaInfo.ba\",\"description\":\"Tuzla info, gradski informator - Tuzla na dlanu\",\"publisher\":{\"@id\":\"https:\/\/tuzlainfo.ba\/#organization\"},\"potentialAction\":[{\"@type\":\"SearchAction\",\"target\":{\"@type\":\"EntryPoint\",\"urlTemplate\":\"https:\/\/tuzlainfo.ba\/?s={search_term_string}\"},\"query-input\":{\"@type\":\"PropertyValueSpecification\",\"valueRequired\":true,\"valueName\":\"search_term_string\"}}],\"inLanguage\":\"bs-BA\"},{\"@type\":\"Organization\",\"@id\":\"https:\/\/tuzlainfo.ba\/#organization\",\"name\":\"TuzlaInfo.ba\",\"url\":\"https:\/\/tuzlainfo.ba\/\",\"logo\":{\"@type\":\"ImageObject\",\"inLanguage\":\"bs-BA\",\"@id\":\"https:\/\/tuzlainfo.ba\/#\/schema\/logo\/image\/\",\"url\":\"https:\/\/tuzlainfo.ba\/wp-content\/uploads\/2021\/03\/logo-ver-3-1.png\",\"contentUrl\":\"https:\/\/tuzlainfo.ba\/wp-content\/uploads\/2021\/03\/logo-ver-3-1.png\",\"width\":350,\"height\":95,\"caption\":\"TuzlaInfo.ba\"},\"image\":{\"@id\":\"https:\/\/tuzlainfo.ba\/#\/schema\/logo\/image\/\"},\"sameAs\":[\"https:\/\/www.facebook.com\/tuzlainfo.ba\/\"]},{\"@type\":\"Person\",\"@id\":\"https:\/\/tuzlainfo.ba\/#\/schema\/person\/46cad4c57790cbc50781edd14870825a\",\"name\":\"Tuzla Info\",\"image\":{\"@type\":\"ImageObject\",\"inLanguage\":\"bs-BA\",\"@id\":\"https:\/\/tuzlainfo.ba\/#\/schema\/person\/image\/\",\"url\":\"https:\/\/tuzlainfo.ba\/wp-content\/litespeed\/avatar\/b6c453a6c38e3654f2e4416c643fc25c.jpg?ver=1777051911\",\"contentUrl\":\"https:\/\/tuzlainfo.ba\/wp-content\/litespeed\/avatar\/b6c453a6c38e3654f2e4416c643fc25c.jpg?ver=1777051911\",\"caption\":\"Tuzla Info\"}}]}<\/script>\n<!-- \/ Yoast SEO plugin. -->","yoast_head_json":{"title":"Usvojen plan proljetne sjetve u TK: Povr\u0161ine manje za skoro 2.500 hektara - TuzlaInfo.ba","robots":{"index":"index","follow":"follow","max-snippet":"max-snippet:-1","max-image-preview":"max-image-preview:large","max-video-preview":"max-video-preview:-1"},"canonical":"https:\/\/tuzlainfo.ba\/index.php\/novosti\/item\/264823-usvojen-plan-proljetne-sjetve-u-tk-povrsine-manje-za-skoro-2-500-hektara\/","og_locale":"bs_BA","og_type":"article","og_title":"Usvojen plan proljetne sjetve u TK: Povr\u0161ine manje za skoro 2.500 hektara - TuzlaInfo.ba","og_description":"Vlada je danas dala saglasnost na Plan proljetne sjetve u 2025. godini za podru\u010dje Tuzlanskog&hellip;","og_url":"https:\/\/tuzlainfo.ba\/index.php\/novosti\/item\/264823-usvojen-plan-proljetne-sjetve-u-tk-povrsine-manje-za-skoro-2-500-hektara\/","og_site_name":"TuzlaInfo.ba","article_publisher":"https:\/\/www.facebook.com\/tuzlainfo.ba\/","article_published_time":"2025-03-12T09:05:41+00:00","article_modified_time":"2025-03-12T07:00:27+00:00","og_image":[{"width":880,"height":495,"url":"https:\/\/tuzlainfo.ba\/wp-content\/uploads\/2022\/02\/2102-proljetna-sjetva_traktor12-1-880x495-1.jpg","type":"image\/jpeg"}],"author":"Tuzla Info","twitter_card":"summary_large_image","twitter_misc":{"Written by":"Tuzla Info","Est. reading time":"3 minute"},"schema":{"@context":"https:\/\/schema.org","@graph":[{"@type":"Article","@id":"https:\/\/tuzlainfo.ba\/index.php\/novosti\/item\/264823-usvojen-plan-proljetne-sjetve-u-tk-povrsine-manje-za-skoro-2-500-hektara\/#article","isPartOf":{"@id":"https:\/\/tuzlainfo.ba\/index.php\/novosti\/item\/264823-usvojen-plan-proljetne-sjetve-u-tk-povrsine-manje-za-skoro-2-500-hektara\/"},"author":{"name":"Tuzla Info","@id":"https:\/\/tuzlainfo.ba\/#\/schema\/person\/46cad4c57790cbc50781edd14870825a"},"headline":"Usvojen plan proljetne sjetve u TK: Povr\u0161ine manje za skoro 2.500 hektara","datePublished":"2025-03-12T09:05:41+00:00","dateModified":"2025-03-12T07:00:27+00:00","mainEntityOfPage":{"@id":"https:\/\/tuzlainfo.ba\/index.php\/novosti\/item\/264823-usvojen-plan-proljetne-sjetve-u-tk-povrsine-manje-za-skoro-2-500-hektara\/"},"wordCount":354,"publisher":{"@id":"https:\/\/tuzlainfo.ba\/#organization"},"image":{"@id":"https:\/\/tuzlainfo.ba\/index.php\/novosti\/item\/264823-usvojen-plan-proljetne-sjetve-u-tk-povrsine-manje-za-skoro-2-500-hektara\/#primaryimage"},"thumbnailUrl":"https:\/\/tuzlainfo.ba\/wp-content\/uploads\/2022\/02\/2102-proljetna-sjetva_traktor12-1-880x495-1.jpg","keywords":["Proljetna sjetva","vlada tk"],"articleSection":["Novosti"],"inLanguage":"bs-BA"},{"@type":"WebPage","@id":"https:\/\/tuzlainfo.ba\/index.php\/novosti\/item\/264823-usvojen-plan-proljetne-sjetve-u-tk-povrsine-manje-za-skoro-2-500-hektara\/","url":"https:\/\/tuzlainfo.ba\/index.php\/novosti\/item\/264823-usvojen-plan-proljetne-sjetve-u-tk-povrsine-manje-za-skoro-2-500-hektara\/","name":"Usvojen plan proljetne sjetve u TK: Povr\u0161ine manje za skoro 2.500 hektara - TuzlaInfo.ba","isPartOf":{"@id":"https:\/\/tuzlainfo.ba\/#website"},"primaryImageOfPage":{"@id":"https:\/\/tuzlainfo.ba\/index.php\/novosti\/item\/264823-usvojen-plan-proljetne-sjetve-u-tk-povrsine-manje-za-skoro-2-500-hektara\/#primaryimage"},"image":{"@id":"https:\/\/tuzlainfo.ba\/index.php\/novosti\/item\/264823-usvojen-plan-proljetne-sjetve-u-tk-povrsine-manje-za-skoro-2-500-hektara\/#primaryimage"},"thumbnailUrl":"https:\/\/tuzlainfo.ba\/wp-content\/uploads\/2022\/02\/2102-proljetna-sjetva_traktor12-1-880x495-1.jpg","datePublished":"2025-03-12T09:05:41+00:00","dateModified":"2025-03-12T07:00:27+00:00","breadcrumb":{"@id":"https:\/\/tuzlainfo.ba\/index.php\/novosti\/item\/264823-usvojen-plan-proljetne-sjetve-u-tk-povrsine-manje-za-skoro-2-500-hektara\/#breadcrumb"},"inLanguage":"bs-BA","potentialAction":[{"@type":"ReadAction","target":["https:\/\/tuzlainfo.ba\/index.php\/novosti\/item\/264823-usvojen-plan-proljetne-sjetve-u-tk-povrsine-manje-za-skoro-2-500-hektara\/"]}]},{"@type":"ImageObject","inLanguage":"bs-BA","@id":"https:\/\/tuzlainfo.ba\/index.php\/novosti\/item\/264823-usvojen-plan-proljetne-sjetve-u-tk-povrsine-manje-za-skoro-2-500-hektara\/#primaryimage","url":"https:\/\/tuzlainfo.ba\/wp-content\/uploads\/2022\/02\/2102-proljetna-sjetva_traktor12-1-880x495-1.jpg","contentUrl":"https:\/\/tuzlainfo.ba\/wp-content\/uploads\/2022\/02\/2102-proljetna-sjetva_traktor12-1-880x495-1.jpg","width":880,"height":495},{"@type":"BreadcrumbList","@id":"https:\/\/tuzlainfo.ba\/index.php\/novosti\/item\/264823-usvojen-plan-proljetne-sjetve-u-tk-povrsine-manje-za-skoro-2-500-hektara\/#breadcrumb","itemListElement":[{"@type":"ListItem","position":1,"name":"Home","item":"https:\/\/tuzlainfo.ba\/"},{"@type":"ListItem","position":2,"name":"Usvojen plan proljetne sjetve u TK: Povr\u0161ine manje za skoro 2.500 hektara"}]},{"@type":"WebSite","@id":"https:\/\/tuzlainfo.ba\/#website","url":"https:\/\/tuzlainfo.ba\/","name":"TuzlaInfo.ba","description":"Tuzla info, gradski informator - Tuzla na dlanu","publisher":{"@id":"https:\/\/tuzlainfo.ba\/#organization"},"potentialAction":[{"@type":"SearchAction","target":{"@type":"EntryPoint","urlTemplate":"https:\/\/tuzlainfo.ba\/?s={search_term_string}"},"query-input":{"@type":"PropertyValueSpecification","valueRequired":true,"valueName":"search_term_string"}}],"inLanguage":"bs-BA"},{"@type":"Organization","@id":"https:\/\/tuzlainfo.ba\/#organization","name":"TuzlaInfo.ba","url":"https:\/\/tuzlainfo.ba\/","logo":{"@type":"ImageObject","inLanguage":"bs-BA","@id":"https:\/\/tuzlainfo.ba\/#\/schema\/logo\/image\/","url":"https:\/\/tuzlainfo.ba\/wp-content\/uploads\/2021\/03\/logo-ver-3-1.png","contentUrl":"https:\/\/tuzlainfo.ba\/wp-content\/uploads\/2021\/03\/logo-ver-3-1.png","width":350,"height":95,"caption":"TuzlaInfo.ba"},"image":{"@id":"https:\/\/tuzlainfo.ba\/#\/schema\/logo\/image\/"},"sameAs":["https:\/\/www.facebook.com\/tuzlainfo.ba\/"]},{"@type":"Person","@id":"https:\/\/tuzlainfo.ba\/#\/schema\/person\/46cad4c57790cbc50781edd14870825a","name":"Tuzla Info","image":{"@type":"ImageObject","inLanguage":"bs-BA","@id":"https:\/\/tuzlainfo.ba\/#\/schema\/person\/image\/","url":"https:\/\/tuzlainfo.ba\/wp-content\/litespeed\/avatar\/b6c453a6c38e3654f2e4416c643fc25c.jpg?ver=1777051911","contentUrl":"https:\/\/tuzlainfo.ba\/wp-content\/litespeed\/avatar\/b6c453a6c38e3654f2e4416c643fc25c.jpg?ver=1777051911","caption":"Tuzla Info"}}]}},"_links":{"self":[{"href":"https:\/\/tuzlainfo.ba\/index.php\/wp-json\/wp\/v2\/posts\/264823"}],"collection":[{"href":"https:\/\/tuzlainfo.ba\/index.php\/wp-json\/wp\/v2\/posts"}],"about":[{"href":"https:\/\/tuzlainfo.ba\/index.php\/wp-json\/wp\/v2\/types\/post"}],"author":[{"embeddable":true,"href":"https:\/\/tuzlainfo.ba\/index.php\/wp-json\/wp\/v2\/users\/4"}],"replies":[{"embeddable":true,"href":"https:\/\/tuzlainfo.ba\/index.php\/wp-json\/wp\/v2\/comments?post=264823"}],"version-history":[{"count":1,"href":"https:\/\/tuzlainfo.ba\/index.php\/wp-json\/wp\/v2\/posts\/264823\/revisions"}],"predecessor-version":[{"id":264824,"href":"https:\/\/tuzlainfo.ba\/index.php\/wp-json\/wp\/v2\/posts\/264823\/revisions\/264824"}],"wp:featuredmedia":[{"embeddable":true,"href":"https:\/\/tuzlainfo.ba\/index.php\/wp-json\/wp\/v2\/media\/164467"}],"wp:attachment":[{"href":"https:\/\/tuzlainfo.ba\/index.php\/wp-json\/wp\/v2\/media?parent=264823"}],"wp:term":[{"taxonomy":"category","embeddable":true,"href":"https:\/\/tuzlainfo.ba\/index.php\/wp-json\/wp\/v2\/categories?post=264823"},{"taxonomy":"post_tag","embeddable":true,"href":"https:\/\/tuzlainfo.ba\/index.php\/wp-json\/wp\/v2\/tags?post=264823"}],"curies":[{"name":"wp","href":"https:\/\/api.w.org\/{rel}","templated":true}]}}