{"id":264738,"date":"2025-03-10T18:04:41","date_gmt":"2025-03-10T17:04:41","guid":{"rendered":"https:\/\/tuzlainfo.ba\/?p=264738"},"modified":"2025-03-10T14:05:47","modified_gmt":"2025-03-10T13:05:47","slug":"clanice-krg-tuzla-uspjesne-na-internacionalnom-turniru-olimpik-kup-2025","status":"publish","type":"post","link":"https:\/\/tuzlainfo.ba\/index.php\/novosti\/item\/264738-clanice-krg-tuzla-uspjesne-na-internacionalnom-turniru-olimpik-kup-2025\/","title":{"rendered":"\u010clanice KRG Tuzla uspje\u0161ne na Internacionalnom turniru &#8220;Olimpik kup 2025&#8221;"},"content":{"rendered":"<p>Takmi\u010darke Kluba ritmi\u010dke gimnastike Tuzla ostvarile su sjajan uspjeh na XXII Internacionalnom turniru ritmi\u010dke gimnastike &#8220;Olimpik kup 2025&#8221;, koji je odr\u017ean 8. i 9. marta u Sarajevu.<\/p>\n<p>Na ovom\u00a0 takmi\u010denju, koje je okupilo brojne talentovane gimnasti\u010darke iz razli\u010ditih zemalja, \u010dlanice kluba iz Tuzle osvojile su \u010dak 21 medalju u individualnim i grupnim nastupima, potvrdiv\u0161i svoj kvalitet i predan rad.<\/p>\n<p>U individualnim kategorijama, zlatne medalje osvojile su:<\/p>\n<ul>\n<li>Una Salkanovi\u0107 (bez rekvizita)<\/li>\n<li>Berfin Salki\u0107 (bez rekvizita)<\/li>\n<li>Nadija Joldi\u0107<\/li>\n<li>Nia Dropi\u0107<\/li>\n<li>Lamija Husejnovi\u0107<\/li>\n<li>Dania Altumbabi\u0107<\/li>\n<li>Ajna Bajraktarevi\u0107<\/li>\n<li>Ajna Hasi\u0107<\/li>\n<\/ul>\n<p>Srebrne i bronzane medalje osvojile su:<\/p>\n<ul>\n<li>Asja Salkanovi\u0107 (2. mjesto \u2013 lopta)<\/li>\n<li>Emina Omerovi\u0107 (2. mjesto \u2013 lopta)<\/li>\n<li>Una Me\u0161kovi\u0107 (2. mjesto)<\/li>\n<li>Sara Brki\u0107 (2. mjesto)<\/li>\n<li>Amina Marho\u0161evi\u0107 (2. mjesto)<\/li>\n<li>Vilma Bujakovi\u0107 (3. mjesto \u2013 obru\u010d)<\/li>\n<\/ul>\n<p>U duo nastupima zlatne medalje osvojile su:<\/p>\n<ul>\n<li>Ines Kiti\u0107 i Asja Salkanovi\u0107<\/li>\n<\/ul>\n<p>U grupnim koreografijama ekipa KRG Tuzla tako\u0111er je osvojila dvije zlatne medalje.<\/p>\n<p>Pored sportskih uspjeha, \u010dlanica kluba Asja Salkanovi\u0107 progla\u0161ena je Mis \u0161arma turnira, dok je trenerica kluba Meliha Husanovi\u0107 ponijela titulu Mis \u0161arma trenera.<\/p>\n<p>Klub ritmi\u010dke gimnastike Tuzla jo\u0161 jednom je dokazao svoj kvalitet i posve\u0107enost razvoju mladih sportistkinja, a njihove trenerice \u2013 prof. Ema Kasupovi\u0107, prof. Meliha Husanovi\u0107 i mr. Edita Grada\u0161\u0107evi\u0107 \u2013 ponosne su na uspjehe svojih takmi\u010darki.<\/p>\n","protected":false},"excerpt":{"rendered":"<p>Takmi\u010darke Kluba ritmi\u010dke gimnastike Tuzla ostvarile su sjajan uspjeh na XXII Internacionalnom turniru ritmi\u010dke gimnastike&hellip;<\/p>\n","protected":false},"author":2,"featured_media":264739,"comment_status":"closed","ping_status":"closed","sticky":false,"template":"","format":"standard","meta":{"_acf_changed":false,"footnotes":""},"categories":[12],"tags":[3641,3169,915],"acf":[],"yoast_head":"<!-- This site is optimized with the Yoast SEO plugin v23.5 - https:\/\/yoast.com\/wordpress\/plugins\/seo\/ -->\n<title>\u010clanice KRG Tuzla uspje\u0161ne na Internacionalnom turniru &quot;Olimpik kup 2025&quot; - TuzlaInfo.ba<\/title>\n<meta name=\"robots\" content=\"index, follow, max-snippet:-1, max-image-preview:large, max-video-preview:-1\" \/>\n<link rel=\"canonical\" href=\"https:\/\/tuzlainfo.ba\/index.php\/novosti\/item\/264738-clanice-krg-tuzla-uspjesne-na-internacionalnom-turniru-olimpik-kup-2025\/\" \/>\n<meta property=\"og:locale\" content=\"bs_BA\" \/>\n<meta property=\"og:type\" content=\"article\" \/>\n<meta property=\"og:title\" content=\"\u010clanice KRG Tuzla uspje\u0161ne na Internacionalnom turniru &quot;Olimpik kup 2025&quot; - TuzlaInfo.ba\" \/>\n<meta property=\"og:description\" content=\"Takmi\u010darke Kluba ritmi\u010dke gimnastike Tuzla ostvarile su sjajan uspjeh na XXII Internacionalnom turniru ritmi\u010dke gimnastike&hellip;\" \/>\n<meta property=\"og:url\" content=\"https:\/\/tuzlainfo.ba\/index.php\/novosti\/item\/264738-clanice-krg-tuzla-uspjesne-na-internacionalnom-turniru-olimpik-kup-2025\/\" \/>\n<meta property=\"og:site_name\" content=\"TuzlaInfo.ba\" \/>\n<meta property=\"article:publisher\" content=\"https:\/\/www.facebook.com\/tuzlainfo.ba\/\" \/>\n<meta property=\"article:published_time\" content=\"2025-03-10T17:04:41+00:00\" \/>\n<meta property=\"article:modified_time\" content=\"2025-03-10T13:05:47+00:00\" \/>\n<meta property=\"og:image\" content=\"https:\/\/tuzlainfo.ba\/wp-content\/uploads\/2025\/03\/1003_kolaz_krg.jpg\" \/>\n\t<meta property=\"og:image:width\" content=\"1000\" \/>\n\t<meta property=\"og:image:height\" content=\"575\" \/>\n\t<meta property=\"og:image:type\" content=\"image\/jpeg\" \/>\n<meta name=\"author\" content=\"nedim\" \/>\n<meta name=\"twitter:card\" content=\"summary_large_image\" \/>\n<meta name=\"twitter:label1\" content=\"Written by\" \/>\n\t<meta name=\"twitter:data1\" content=\"nedim\" \/>\n\t<meta name=\"twitter:label2\" content=\"Est. reading time\" \/>\n\t<meta name=\"twitter:data2\" content=\"2 minute\" \/>\n<script type=\"application\/ld+json\" class=\"yoast-schema-graph\">{\"@context\":\"https:\/\/schema.org\",\"@graph\":[{\"@type\":\"Article\",\"@id\":\"https:\/\/tuzlainfo.ba\/index.php\/novosti\/item\/264738-clanice-krg-tuzla-uspjesne-na-internacionalnom-turniru-olimpik-kup-2025\/#article\",\"isPartOf\":{\"@id\":\"https:\/\/tuzlainfo.ba\/index.php\/novosti\/item\/264738-clanice-krg-tuzla-uspjesne-na-internacionalnom-turniru-olimpik-kup-2025\/\"},\"author\":{\"name\":\"nedim\",\"@id\":\"https:\/\/tuzlainfo.ba\/#\/schema\/person\/f434e20dc27ea133923aab08451b7f7f\"},\"headline\":\"\u010clanice KRG Tuzla uspje\u0161ne na Internacionalnom turniru &#8220;Olimpik kup 2025&#8221;\",\"datePublished\":\"2025-03-10T17:04:41+00:00\",\"dateModified\":\"2025-03-10T13:05:47+00:00\",\"mainEntityOfPage\":{\"@id\":\"https:\/\/tuzlainfo.ba\/index.php\/novosti\/item\/264738-clanice-krg-tuzla-uspjesne-na-internacionalnom-turniru-olimpik-kup-2025\/\"},\"wordCount\":216,\"publisher\":{\"@id\":\"https:\/\/tuzlainfo.ba\/#organization\"},\"image\":{\"@id\":\"https:\/\/tuzlainfo.ba\/index.php\/novosti\/item\/264738-clanice-krg-tuzla-uspjesne-na-internacionalnom-turniru-olimpik-kup-2025\/#primaryimage\"},\"thumbnailUrl\":\"https:\/\/tuzlainfo.ba\/wp-content\/uploads\/2025\/03\/1003_kolaz_krg.jpg\",\"keywords\":[\"KRG Tuzla\",\"ritmi\u010dka gimnastika\",\"sport\"],\"articleSection\":[\"Novosti\"],\"inLanguage\":\"bs-BA\"},{\"@type\":\"WebPage\",\"@id\":\"https:\/\/tuzlainfo.ba\/index.php\/novosti\/item\/264738-clanice-krg-tuzla-uspjesne-na-internacionalnom-turniru-olimpik-kup-2025\/\",\"url\":\"https:\/\/tuzlainfo.ba\/index.php\/novosti\/item\/264738-clanice-krg-tuzla-uspjesne-na-internacionalnom-turniru-olimpik-kup-2025\/\",\"name\":\"\u010clanice KRG Tuzla uspje\u0161ne na Internacionalnom turniru \\\"Olimpik kup 2025\\\" - TuzlaInfo.ba\",\"isPartOf\":{\"@id\":\"https:\/\/tuzlainfo.ba\/#website\"},\"primaryImageOfPage\":{\"@id\":\"https:\/\/tuzlainfo.ba\/index.php\/novosti\/item\/264738-clanice-krg-tuzla-uspjesne-na-internacionalnom-turniru-olimpik-kup-2025\/#primaryimage\"},\"image\":{\"@id\":\"https:\/\/tuzlainfo.ba\/index.php\/novosti\/item\/264738-clanice-krg-tuzla-uspjesne-na-internacionalnom-turniru-olimpik-kup-2025\/#primaryimage\"},\"thumbnailUrl\":\"https:\/\/tuzlainfo.ba\/wp-content\/uploads\/2025\/03\/1003_kolaz_krg.jpg\",\"datePublished\":\"2025-03-10T17:04:41+00:00\",\"dateModified\":\"2025-03-10T13:05:47+00:00\",\"breadcrumb\":{\"@id\":\"https:\/\/tuzlainfo.ba\/index.php\/novosti\/item\/264738-clanice-krg-tuzla-uspjesne-na-internacionalnom-turniru-olimpik-kup-2025\/#breadcrumb\"},\"inLanguage\":\"bs-BA\",\"potentialAction\":[{\"@type\":\"ReadAction\",\"target\":[\"https:\/\/tuzlainfo.ba\/index.php\/novosti\/item\/264738-clanice-krg-tuzla-uspjesne-na-internacionalnom-turniru-olimpik-kup-2025\/\"]}]},{\"@type\":\"ImageObject\",\"inLanguage\":\"bs-BA\",\"@id\":\"https:\/\/tuzlainfo.ba\/index.php\/novosti\/item\/264738-clanice-krg-tuzla-uspjesne-na-internacionalnom-turniru-olimpik-kup-2025\/#primaryimage\",\"url\":\"https:\/\/tuzlainfo.ba\/wp-content\/uploads\/2025\/03\/1003_kolaz_krg.jpg\",\"contentUrl\":\"https:\/\/tuzlainfo.ba\/wp-content\/uploads\/2025\/03\/1003_kolaz_krg.jpg\",\"width\":1000,\"height\":575},{\"@type\":\"BreadcrumbList\",\"@id\":\"https:\/\/tuzlainfo.ba\/index.php\/novosti\/item\/264738-clanice-krg-tuzla-uspjesne-na-internacionalnom-turniru-olimpik-kup-2025\/#breadcrumb\",\"itemListElement\":[{\"@type\":\"ListItem\",\"position\":1,\"name\":\"Home\",\"item\":\"https:\/\/tuzlainfo.ba\/\"},{\"@type\":\"ListItem\",\"position\":2,\"name\":\"\u010clanice KRG Tuzla uspje\u0161ne na Internacionalnom turniru &#8220;Olimpik kup 2025&#8221;\"}]},{\"@type\":\"WebSite\",\"@id\":\"https:\/\/tuzlainfo.ba\/#website\",\"url\":\"https:\/\/tuzlainfo.ba\/\",\"name\":\"TuzlaInfo.ba\",\"description\":\"Tuzla info, gradski informator - Tuzla na dlanu\",\"publisher\":{\"@id\":\"https:\/\/tuzlainfo.ba\/#organization\"},\"potentialAction\":[{\"@type\":\"SearchAction\",\"target\":{\"@type\":\"EntryPoint\",\"urlTemplate\":\"https:\/\/tuzlainfo.ba\/?s={search_term_string}\"},\"query-input\":{\"@type\":\"PropertyValueSpecification\",\"valueRequired\":true,\"valueName\":\"search_term_string\"}}],\"inLanguage\":\"bs-BA\"},{\"@type\":\"Organization\",\"@id\":\"https:\/\/tuzlainfo.ba\/#organization\",\"name\":\"TuzlaInfo.ba\",\"url\":\"https:\/\/tuzlainfo.ba\/\",\"logo\":{\"@type\":\"ImageObject\",\"inLanguage\":\"bs-BA\",\"@id\":\"https:\/\/tuzlainfo.ba\/#\/schema\/logo\/image\/\",\"url\":\"https:\/\/tuzlainfo.ba\/wp-content\/uploads\/2021\/03\/logo-ver-3-1.png\",\"contentUrl\":\"https:\/\/tuzlainfo.ba\/wp-content\/uploads\/2021\/03\/logo-ver-3-1.png\",\"width\":350,\"height\":95,\"caption\":\"TuzlaInfo.ba\"},\"image\":{\"@id\":\"https:\/\/tuzlainfo.ba\/#\/schema\/logo\/image\/\"},\"sameAs\":[\"https:\/\/www.facebook.com\/tuzlainfo.ba\/\"]},{\"@type\":\"Person\",\"@id\":\"https:\/\/tuzlainfo.ba\/#\/schema\/person\/f434e20dc27ea133923aab08451b7f7f\",\"name\":\"nedim\",\"image\":{\"@type\":\"ImageObject\",\"inLanguage\":\"bs-BA\",\"@id\":\"https:\/\/tuzlainfo.ba\/#\/schema\/person\/image\/\",\"url\":\"https:\/\/tuzlainfo.ba\/wp-content\/litespeed\/avatar\/aabad687af24844af817603ac1cbdc4f.jpg?ver=1777306975\",\"contentUrl\":\"https:\/\/tuzlainfo.ba\/wp-content\/litespeed\/avatar\/aabad687af24844af817603ac1cbdc4f.jpg?ver=1777306975\",\"caption\":\"nedim\"},\"description\":\"Tuzlainfo.ba pratite na dru\u0161tvenim mre\u017eama: Facebook, Instagram i Youtube. Svoje pri\u010de, upite i fotografije \u0161aljite na na\u0161u e-mail adresu.\"}]}<\/script>\n<!-- \/ Yoast SEO plugin. -->","yoast_head_json":{"title":"\u010clanice KRG Tuzla uspje\u0161ne na Internacionalnom turniru \"Olimpik kup 2025\" - TuzlaInfo.ba","robots":{"index":"index","follow":"follow","max-snippet":"max-snippet:-1","max-image-preview":"max-image-preview:large","max-video-preview":"max-video-preview:-1"},"canonical":"https:\/\/tuzlainfo.ba\/index.php\/novosti\/item\/264738-clanice-krg-tuzla-uspjesne-na-internacionalnom-turniru-olimpik-kup-2025\/","og_locale":"bs_BA","og_type":"article","og_title":"\u010clanice KRG Tuzla uspje\u0161ne na Internacionalnom turniru \"Olimpik kup 2025\" - TuzlaInfo.ba","og_description":"Takmi\u010darke Kluba ritmi\u010dke gimnastike Tuzla ostvarile su sjajan uspjeh na XXII Internacionalnom turniru ritmi\u010dke gimnastike&hellip;","og_url":"https:\/\/tuzlainfo.ba\/index.php\/novosti\/item\/264738-clanice-krg-tuzla-uspjesne-na-internacionalnom-turniru-olimpik-kup-2025\/","og_site_name":"TuzlaInfo.ba","article_publisher":"https:\/\/www.facebook.com\/tuzlainfo.ba\/","article_published_time":"2025-03-10T17:04:41+00:00","article_modified_time":"2025-03-10T13:05:47+00:00","og_image":[{"width":1000,"height":575,"url":"https:\/\/tuzlainfo.ba\/wp-content\/uploads\/2025\/03\/1003_kolaz_krg.jpg","type":"image\/jpeg"}],"author":"nedim","twitter_card":"summary_large_image","twitter_misc":{"Written by":"nedim","Est. reading time":"2 minute"},"schema":{"@context":"https:\/\/schema.org","@graph":[{"@type":"Article","@id":"https:\/\/tuzlainfo.ba\/index.php\/novosti\/item\/264738-clanice-krg-tuzla-uspjesne-na-internacionalnom-turniru-olimpik-kup-2025\/#article","isPartOf":{"@id":"https:\/\/tuzlainfo.ba\/index.php\/novosti\/item\/264738-clanice-krg-tuzla-uspjesne-na-internacionalnom-turniru-olimpik-kup-2025\/"},"author":{"name":"nedim","@id":"https:\/\/tuzlainfo.ba\/#\/schema\/person\/f434e20dc27ea133923aab08451b7f7f"},"headline":"\u010clanice KRG Tuzla uspje\u0161ne na Internacionalnom turniru &#8220;Olimpik kup 2025&#8221;","datePublished":"2025-03-10T17:04:41+00:00","dateModified":"2025-03-10T13:05:47+00:00","mainEntityOfPage":{"@id":"https:\/\/tuzlainfo.ba\/index.php\/novosti\/item\/264738-clanice-krg-tuzla-uspjesne-na-internacionalnom-turniru-olimpik-kup-2025\/"},"wordCount":216,"publisher":{"@id":"https:\/\/tuzlainfo.ba\/#organization"},"image":{"@id":"https:\/\/tuzlainfo.ba\/index.php\/novosti\/item\/264738-clanice-krg-tuzla-uspjesne-na-internacionalnom-turniru-olimpik-kup-2025\/#primaryimage"},"thumbnailUrl":"https:\/\/tuzlainfo.ba\/wp-content\/uploads\/2025\/03\/1003_kolaz_krg.jpg","keywords":["KRG Tuzla","ritmi\u010dka gimnastika","sport"],"articleSection":["Novosti"],"inLanguage":"bs-BA"},{"@type":"WebPage","@id":"https:\/\/tuzlainfo.ba\/index.php\/novosti\/item\/264738-clanice-krg-tuzla-uspjesne-na-internacionalnom-turniru-olimpik-kup-2025\/","url":"https:\/\/tuzlainfo.ba\/index.php\/novosti\/item\/264738-clanice-krg-tuzla-uspjesne-na-internacionalnom-turniru-olimpik-kup-2025\/","name":"\u010clanice KRG Tuzla uspje\u0161ne na Internacionalnom turniru \"Olimpik kup 2025\" - TuzlaInfo.ba","isPartOf":{"@id":"https:\/\/tuzlainfo.ba\/#website"},"primaryImageOfPage":{"@id":"https:\/\/tuzlainfo.ba\/index.php\/novosti\/item\/264738-clanice-krg-tuzla-uspjesne-na-internacionalnom-turniru-olimpik-kup-2025\/#primaryimage"},"image":{"@id":"https:\/\/tuzlainfo.ba\/index.php\/novosti\/item\/264738-clanice-krg-tuzla-uspjesne-na-internacionalnom-turniru-olimpik-kup-2025\/#primaryimage"},"thumbnailUrl":"https:\/\/tuzlainfo.ba\/wp-content\/uploads\/2025\/03\/1003_kolaz_krg.jpg","datePublished":"2025-03-10T17:04:41+00:00","dateModified":"2025-03-10T13:05:47+00:00","breadcrumb":{"@id":"https:\/\/tuzlainfo.ba\/index.php\/novosti\/item\/264738-clanice-krg-tuzla-uspjesne-na-internacionalnom-turniru-olimpik-kup-2025\/#breadcrumb"},"inLanguage":"bs-BA","potentialAction":[{"@type":"ReadAction","target":["https:\/\/tuzlainfo.ba\/index.php\/novosti\/item\/264738-clanice-krg-tuzla-uspjesne-na-internacionalnom-turniru-olimpik-kup-2025\/"]}]},{"@type":"ImageObject","inLanguage":"bs-BA","@id":"https:\/\/tuzlainfo.ba\/index.php\/novosti\/item\/264738-clanice-krg-tuzla-uspjesne-na-internacionalnom-turniru-olimpik-kup-2025\/#primaryimage","url":"https:\/\/tuzlainfo.ba\/wp-content\/uploads\/2025\/03\/1003_kolaz_krg.jpg","contentUrl":"https:\/\/tuzlainfo.ba\/wp-content\/uploads\/2025\/03\/1003_kolaz_krg.jpg","width":1000,"height":575},{"@type":"BreadcrumbList","@id":"https:\/\/tuzlainfo.ba\/index.php\/novosti\/item\/264738-clanice-krg-tuzla-uspjesne-na-internacionalnom-turniru-olimpik-kup-2025\/#breadcrumb","itemListElement":[{"@type":"ListItem","position":1,"name":"Home","item":"https:\/\/tuzlainfo.ba\/"},{"@type":"ListItem","position":2,"name":"\u010clanice KRG Tuzla uspje\u0161ne na Internacionalnom turniru &#8220;Olimpik kup 2025&#8221;"}]},{"@type":"WebSite","@id":"https:\/\/tuzlainfo.ba\/#website","url":"https:\/\/tuzlainfo.ba\/","name":"TuzlaInfo.ba","description":"Tuzla info, gradski informator - Tuzla na dlanu","publisher":{"@id":"https:\/\/tuzlainfo.ba\/#organization"},"potentialAction":[{"@type":"SearchAction","target":{"@type":"EntryPoint","urlTemplate":"https:\/\/tuzlainfo.ba\/?s={search_term_string}"},"query-input":{"@type":"PropertyValueSpecification","valueRequired":true,"valueName":"search_term_string"}}],"inLanguage":"bs-BA"},{"@type":"Organization","@id":"https:\/\/tuzlainfo.ba\/#organization","name":"TuzlaInfo.ba","url":"https:\/\/tuzlainfo.ba\/","logo":{"@type":"ImageObject","inLanguage":"bs-BA","@id":"https:\/\/tuzlainfo.ba\/#\/schema\/logo\/image\/","url":"https:\/\/tuzlainfo.ba\/wp-content\/uploads\/2021\/03\/logo-ver-3-1.png","contentUrl":"https:\/\/tuzlainfo.ba\/wp-content\/uploads\/2021\/03\/logo-ver-3-1.png","width":350,"height":95,"caption":"TuzlaInfo.ba"},"image":{"@id":"https:\/\/tuzlainfo.ba\/#\/schema\/logo\/image\/"},"sameAs":["https:\/\/www.facebook.com\/tuzlainfo.ba\/"]},{"@type":"Person","@id":"https:\/\/tuzlainfo.ba\/#\/schema\/person\/f434e20dc27ea133923aab08451b7f7f","name":"nedim","image":{"@type":"ImageObject","inLanguage":"bs-BA","@id":"https:\/\/tuzlainfo.ba\/#\/schema\/person\/image\/","url":"https:\/\/tuzlainfo.ba\/wp-content\/litespeed\/avatar\/aabad687af24844af817603ac1cbdc4f.jpg?ver=1777306975","contentUrl":"https:\/\/tuzlainfo.ba\/wp-content\/litespeed\/avatar\/aabad687af24844af817603ac1cbdc4f.jpg?ver=1777306975","caption":"nedim"},"description":"Tuzlainfo.ba pratite na dru\u0161tvenim mre\u017eama: Facebook, Instagram i Youtube. Svoje pri\u010de, upite i fotografije \u0161aljite na na\u0161u e-mail adresu."}]}},"_links":{"self":[{"href":"https:\/\/tuzlainfo.ba\/index.php\/wp-json\/wp\/v2\/posts\/264738"}],"collection":[{"href":"https:\/\/tuzlainfo.ba\/index.php\/wp-json\/wp\/v2\/posts"}],"about":[{"href":"https:\/\/tuzlainfo.ba\/index.php\/wp-json\/wp\/v2\/types\/post"}],"author":[{"embeddable":true,"href":"https:\/\/tuzlainfo.ba\/index.php\/wp-json\/wp\/v2\/users\/2"}],"replies":[{"embeddable":true,"href":"https:\/\/tuzlainfo.ba\/index.php\/wp-json\/wp\/v2\/comments?post=264738"}],"version-history":[{"count":1,"href":"https:\/\/tuzlainfo.ba\/index.php\/wp-json\/wp\/v2\/posts\/264738\/revisions"}],"predecessor-version":[{"id":264740,"href":"https:\/\/tuzlainfo.ba\/index.php\/wp-json\/wp\/v2\/posts\/264738\/revisions\/264740"}],"wp:featuredmedia":[{"embeddable":true,"href":"https:\/\/tuzlainfo.ba\/index.php\/wp-json\/wp\/v2\/media\/264739"}],"wp:attachment":[{"href":"https:\/\/tuzlainfo.ba\/index.php\/wp-json\/wp\/v2\/media?parent=264738"}],"wp:term":[{"taxonomy":"category","embeddable":true,"href":"https:\/\/tuzlainfo.ba\/index.php\/wp-json\/wp\/v2\/categories?post=264738"},{"taxonomy":"post_tag","embeddable":true,"href":"https:\/\/tuzlainfo.ba\/index.php\/wp-json\/wp\/v2\/tags?post=264738"}],"curies":[{"name":"wp","href":"https:\/\/api.w.org\/{rel}","templated":true}]}}