{"id":264667,"date":"2025-03-09T22:11:24","date_gmt":"2025-03-09T21:11:24","guid":{"rendered":"https:\/\/tuzlainfo.ba\/?p=264667"},"modified":"2025-03-10T07:46:21","modified_gmt":"2025-03-10T06:46:21","slug":"nova-pravila-na-granicama-eu-sistem-ees-pocinje-s-radom-obuhvaca-i-bh-drzavljane","status":"publish","type":"post","link":"https:\/\/tuzlainfo.ba\/index.php\/bosna-i-hercegovina\/item\/264667-nova-pravila-na-granicama-eu-sistem-ees-pocinje-s-radom-obuhvaca-i-bh-drzavljane\/","title":{"rendered":"Nova pravila na granicama EU: Sistem EES po\u010dinje s radom, obuhva\u0107a i bh. dr\u017eavljane"},"content":{"rendered":"<p>Od jeseni 2025. godine, Europska unija uvodi novi <a href=\"https:\/\/tuzlainfo.ba\/index.php\/tag\/ees\/\"><span style=\"text-decoration: underline;\"><strong>Sistem ulaska\/izlaska (EES)<\/strong><\/span><\/a> na svojim vanjskim granicama, uklju\u010duju\u0107i i Hrvatsku. Ovaj automatizirani informati\u010dki sustav registrirat \u0107e biometrijske podatke putnika iz zemalja izvan EU-a, uklju\u010duju\u0107i i Bosnu i Hercegovinu, pri svakom prelasku granice.<\/p>\n<h4><strong>\u0160to je EES?<\/strong><\/h4>\n<p>EES je dizajniran za pobolj\u0161anje upravljanja vanjskim granicama EU-a. Automatizirano \u0107e bilje\u017eiti ime putnika, podatke iz putne isprave, otiske prstiju, snimke lica te datum i mjesto ulaska i izlaska. Tako\u0111er \u0107e evidentirati odbijanja ulaska. Ovaj sustav zamijenit \u0107e dosada\u0161nje ru\u010dno pe\u010datiranje putovnica, pru\u017eaju\u0107i to\u010dnije podatke o prelascima granice i omogu\u0107uju\u0107i u\u010dinkovitije otkrivanje prekora\u010denja dozvoljenog boravka.<\/p>\n<p>Prema planu Europske komisije, EES \u0107e se uvoditi postupno tijekom \u0161est mjeseci. Svaka dr\u017eava \u010dlanica po\u010det \u0107e koristiti sustav na najmanje deset grani\u010dnih prijelaza, s ciljem potpune implementacije do kraja prijelaznog razdoblja. Tijekom ovog perioda, na prijelazima gdje EES jo\u0161 nije aktiviran, putovnice \u0107e se i dalje pe\u010datirati.<\/p>\n<h4><strong>Utjecaj na bh. gra\u0111ane<\/strong><\/h4>\n<p>Gra\u0111ani Bosne i Hercegovine koji nemaju dvojno dr\u017eavljanstvo s nekom od zemalja \u010dlanica EU-a bit \u0107e obuhva\u0107eni ovim novim pravilima. Pri ulasku i izlasku iz EU-a, njihovi biometrijski podaci bit \u0107e evidentirani u EES sustavu. Me\u0111utim, dr\u017eavljani tre\u0107ih zemalja koji posjeduju i dr\u017eavljanstvo \u010dlanice EU-a bit \u0107e izuzeti od primjene EES-a.<\/p>\n<p>Uvo\u0111enjem EES-a, EU nastoji modernizirati upravljanje vanjskim granicama, pove\u0107ati sigurnost schengenskog prostora, smanjiti mogu\u0107nost prijevara identiteta i olak\u0161ati identifikaciju osoba koje su prekora\u010dile dozvoljeni boravak. Tako\u0111er, o\u010dekuje se da \u0107e automatizacija grani\u010dnih kontrola ubrzati provjere na vanjskim granicama, olak\u0161ati putovanja i pobolj\u0161ati iskustvo putnika.<\/p>\n<p>Za bh. gra\u0111ane koji \u010desto putuju u EU, preporuke su da budu informirani o ovim promjenama i da se pripreme se za nove procedure na granicama.<strong>\/Tuzlainfo.ba\/<\/strong><\/p>\n","protected":false},"excerpt":{"rendered":"<p>Od jeseni 2025. godine, Europska unija uvodi novi Sistem ulaska\/izlaska (EES) na svojim vanjskim granicama,&hellip;<\/p>\n","protected":false},"author":2,"featured_media":77593,"comment_status":"closed","ping_status":"closed","sticky":false,"template":"","format":"standard","meta":{"_acf_changed":false,"footnotes":""},"categories":[291,304,306],"tags":[10769,2718],"acf":[],"yoast_head":"<!-- This site is optimized with the Yoast SEO plugin v23.5 - https:\/\/yoast.com\/wordpress\/plugins\/seo\/ -->\n<title>Nova pravila na granicama EU: Sistem EES po\u010dinje s radom, obuhva\u0107a i bh. dr\u017eavljane - TuzlaInfo.ba<\/title>\n<meta name=\"robots\" content=\"index, follow, max-snippet:-1, max-image-preview:large, max-video-preview:-1\" \/>\n<link rel=\"canonical\" href=\"https:\/\/tuzlainfo.ba\/index.php\/bosna-i-hercegovina\/item\/264667-nova-pravila-na-granicama-eu-sistem-ees-pocinje-s-radom-obuhvaca-i-bh-drzavljane\/\" \/>\n<meta property=\"og:locale\" content=\"bs_BA\" \/>\n<meta property=\"og:type\" content=\"article\" \/>\n<meta property=\"og:title\" content=\"Nova pravila na granicama EU: Sistem EES po\u010dinje s radom, obuhva\u0107a i bh. dr\u017eavljane - TuzlaInfo.ba\" \/>\n<meta property=\"og:description\" content=\"Od jeseni 2025. godine, Europska unija uvodi novi Sistem ulaska\/izlaska (EES) na svojim vanjskim granicama,&hellip;\" \/>\n<meta property=\"og:url\" content=\"https:\/\/tuzlainfo.ba\/index.php\/bosna-i-hercegovina\/item\/264667-nova-pravila-na-granicama-eu-sistem-ees-pocinje-s-radom-obuhvaca-i-bh-drzavljane\/\" \/>\n<meta property=\"og:site_name\" content=\"TuzlaInfo.ba\" \/>\n<meta property=\"article:publisher\" content=\"https:\/\/www.facebook.com\/tuzlainfo.ba\/\" \/>\n<meta property=\"article:published_time\" content=\"2025-03-09T21:11:24+00:00\" \/>\n<meta property=\"article:modified_time\" content=\"2025-03-10T06:46:21+00:00\" \/>\n<meta property=\"og:image\" content=\"https:\/\/tuzlainfo.ba\/wp-content\/uploads\/2020\/03\/sadrzaj_2020_20200301_1303_granica.jpg\" \/>\n\t<meta property=\"og:image:width\" content=\"770\" \/>\n\t<meta property=\"og:image:height\" content=\"511\" \/>\n\t<meta property=\"og:image:type\" content=\"image\/jpeg\" \/>\n<meta name=\"author\" content=\"nedim\" \/>\n<meta name=\"twitter:card\" content=\"summary_large_image\" \/>\n<meta name=\"twitter:label1\" content=\"Written by\" \/>\n\t<meta name=\"twitter:data1\" content=\"nedim\" \/>\n\t<meta name=\"twitter:label2\" content=\"Est. reading time\" \/>\n\t<meta name=\"twitter:data2\" content=\"2 minute\" \/>\n<script type=\"application\/ld+json\" class=\"yoast-schema-graph\">{\"@context\":\"https:\/\/schema.org\",\"@graph\":[{\"@type\":\"Article\",\"@id\":\"https:\/\/tuzlainfo.ba\/index.php\/bosna-i-hercegovina\/item\/264667-nova-pravila-na-granicama-eu-sistem-ees-pocinje-s-radom-obuhvaca-i-bh-drzavljane\/#article\",\"isPartOf\":{\"@id\":\"https:\/\/tuzlainfo.ba\/index.php\/bosna-i-hercegovina\/item\/264667-nova-pravila-na-granicama-eu-sistem-ees-pocinje-s-radom-obuhvaca-i-bh-drzavljane\/\"},\"author\":{\"name\":\"nedim\",\"@id\":\"https:\/\/tuzlainfo.ba\/#\/schema\/person\/f434e20dc27ea133923aab08451b7f7f\"},\"headline\":\"Nova pravila na granicama EU: Sistem EES po\u010dinje s radom, obuhva\u0107a i bh. dr\u017eavljane\",\"datePublished\":\"2025-03-09T21:11:24+00:00\",\"dateModified\":\"2025-03-10T06:46:21+00:00\",\"mainEntityOfPage\":{\"@id\":\"https:\/\/tuzlainfo.ba\/index.php\/bosna-i-hercegovina\/item\/264667-nova-pravila-na-granicama-eu-sistem-ees-pocinje-s-radom-obuhvaca-i-bh-drzavljane\/\"},\"wordCount\":331,\"publisher\":{\"@id\":\"https:\/\/tuzlainfo.ba\/#organization\"},\"image\":{\"@id\":\"https:\/\/tuzlainfo.ba\/index.php\/bosna-i-hercegovina\/item\/264667-nova-pravila-na-granicama-eu-sistem-ees-pocinje-s-radom-obuhvaca-i-bh-drzavljane\/#primaryimage\"},\"thumbnailUrl\":\"https:\/\/tuzlainfo.ba\/wp-content\/uploads\/2020\/03\/sadrzaj_2020_20200301_1303_granica.jpg\",\"keywords\":[\"EES\",\"europska unija\"],\"articleSection\":[\"Bosna i Hercegovina\",\"Istaknuto\",\"Preporu\u010dujemo\"],\"inLanguage\":\"bs-BA\"},{\"@type\":\"WebPage\",\"@id\":\"https:\/\/tuzlainfo.ba\/index.php\/bosna-i-hercegovina\/item\/264667-nova-pravila-na-granicama-eu-sistem-ees-pocinje-s-radom-obuhvaca-i-bh-drzavljane\/\",\"url\":\"https:\/\/tuzlainfo.ba\/index.php\/bosna-i-hercegovina\/item\/264667-nova-pravila-na-granicama-eu-sistem-ees-pocinje-s-radom-obuhvaca-i-bh-drzavljane\/\",\"name\":\"Nova pravila na granicama EU: Sistem EES po\u010dinje s radom, obuhva\u0107a i bh. dr\u017eavljane - TuzlaInfo.ba\",\"isPartOf\":{\"@id\":\"https:\/\/tuzlainfo.ba\/#website\"},\"primaryImageOfPage\":{\"@id\":\"https:\/\/tuzlainfo.ba\/index.php\/bosna-i-hercegovina\/item\/264667-nova-pravila-na-granicama-eu-sistem-ees-pocinje-s-radom-obuhvaca-i-bh-drzavljane\/#primaryimage\"},\"image\":{\"@id\":\"https:\/\/tuzlainfo.ba\/index.php\/bosna-i-hercegovina\/item\/264667-nova-pravila-na-granicama-eu-sistem-ees-pocinje-s-radom-obuhvaca-i-bh-drzavljane\/#primaryimage\"},\"thumbnailUrl\":\"https:\/\/tuzlainfo.ba\/wp-content\/uploads\/2020\/03\/sadrzaj_2020_20200301_1303_granica.jpg\",\"datePublished\":\"2025-03-09T21:11:24+00:00\",\"dateModified\":\"2025-03-10T06:46:21+00:00\",\"breadcrumb\":{\"@id\":\"https:\/\/tuzlainfo.ba\/index.php\/bosna-i-hercegovina\/item\/264667-nova-pravila-na-granicama-eu-sistem-ees-pocinje-s-radom-obuhvaca-i-bh-drzavljane\/#breadcrumb\"},\"inLanguage\":\"bs-BA\",\"potentialAction\":[{\"@type\":\"ReadAction\",\"target\":[\"https:\/\/tuzlainfo.ba\/index.php\/bosna-i-hercegovina\/item\/264667-nova-pravila-na-granicama-eu-sistem-ees-pocinje-s-radom-obuhvaca-i-bh-drzavljane\/\"]}]},{\"@type\":\"ImageObject\",\"inLanguage\":\"bs-BA\",\"@id\":\"https:\/\/tuzlainfo.ba\/index.php\/bosna-i-hercegovina\/item\/264667-nova-pravila-na-granicama-eu-sistem-ees-pocinje-s-radom-obuhvaca-i-bh-drzavljane\/#primaryimage\",\"url\":\"https:\/\/tuzlainfo.ba\/wp-content\/uploads\/2020\/03\/sadrzaj_2020_20200301_1303_granica.jpg\",\"contentUrl\":\"https:\/\/tuzlainfo.ba\/wp-content\/uploads\/2020\/03\/sadrzaj_2020_20200301_1303_granica.jpg\",\"width\":770,\"height\":511,\"caption\":\"1303 granica\"},{\"@type\":\"BreadcrumbList\",\"@id\":\"https:\/\/tuzlainfo.ba\/index.php\/bosna-i-hercegovina\/item\/264667-nova-pravila-na-granicama-eu-sistem-ees-pocinje-s-radom-obuhvaca-i-bh-drzavljane\/#breadcrumb\",\"itemListElement\":[{\"@type\":\"ListItem\",\"position\":1,\"name\":\"Home\",\"item\":\"https:\/\/tuzlainfo.ba\/\"},{\"@type\":\"ListItem\",\"position\":2,\"name\":\"Nova pravila na granicama EU: Sistem EES po\u010dinje s radom, obuhva\u0107a i bh. dr\u017eavljane\"}]},{\"@type\":\"WebSite\",\"@id\":\"https:\/\/tuzlainfo.ba\/#website\",\"url\":\"https:\/\/tuzlainfo.ba\/\",\"name\":\"TuzlaInfo.ba\",\"description\":\"Tuzla info, gradski informator - Tuzla na dlanu\",\"publisher\":{\"@id\":\"https:\/\/tuzlainfo.ba\/#organization\"},\"potentialAction\":[{\"@type\":\"SearchAction\",\"target\":{\"@type\":\"EntryPoint\",\"urlTemplate\":\"https:\/\/tuzlainfo.ba\/?s={search_term_string}\"},\"query-input\":{\"@type\":\"PropertyValueSpecification\",\"valueRequired\":true,\"valueName\":\"search_term_string\"}}],\"inLanguage\":\"bs-BA\"},{\"@type\":\"Organization\",\"@id\":\"https:\/\/tuzlainfo.ba\/#organization\",\"name\":\"TuzlaInfo.ba\",\"url\":\"https:\/\/tuzlainfo.ba\/\",\"logo\":{\"@type\":\"ImageObject\",\"inLanguage\":\"bs-BA\",\"@id\":\"https:\/\/tuzlainfo.ba\/#\/schema\/logo\/image\/\",\"url\":\"https:\/\/tuzlainfo.ba\/wp-content\/uploads\/2021\/03\/logo-ver-3-1.png\",\"contentUrl\":\"https:\/\/tuzlainfo.ba\/wp-content\/uploads\/2021\/03\/logo-ver-3-1.png\",\"width\":350,\"height\":95,\"caption\":\"TuzlaInfo.ba\"},\"image\":{\"@id\":\"https:\/\/tuzlainfo.ba\/#\/schema\/logo\/image\/\"},\"sameAs\":[\"https:\/\/www.facebook.com\/tuzlainfo.ba\/\"]},{\"@type\":\"Person\",\"@id\":\"https:\/\/tuzlainfo.ba\/#\/schema\/person\/f434e20dc27ea133923aab08451b7f7f\",\"name\":\"nedim\",\"image\":{\"@type\":\"ImageObject\",\"inLanguage\":\"bs-BA\",\"@id\":\"https:\/\/tuzlainfo.ba\/#\/schema\/person\/image\/\",\"url\":\"https:\/\/tuzlainfo.ba\/wp-content\/litespeed\/avatar\/aabad687af24844af817603ac1cbdc4f.jpg?ver=1777306975\",\"contentUrl\":\"https:\/\/tuzlainfo.ba\/wp-content\/litespeed\/avatar\/aabad687af24844af817603ac1cbdc4f.jpg?ver=1777306975\",\"caption\":\"nedim\"},\"description\":\"Tuzlainfo.ba pratite na dru\u0161tvenim mre\u017eama: Facebook, Instagram i Youtube. Svoje pri\u010de, upite i fotografije \u0161aljite na na\u0161u e-mail adresu.\"}]}<\/script>\n<!-- \/ Yoast SEO plugin. -->","yoast_head_json":{"title":"Nova pravila na granicama EU: Sistem EES po\u010dinje s radom, obuhva\u0107a i bh. dr\u017eavljane - TuzlaInfo.ba","robots":{"index":"index","follow":"follow","max-snippet":"max-snippet:-1","max-image-preview":"max-image-preview:large","max-video-preview":"max-video-preview:-1"},"canonical":"https:\/\/tuzlainfo.ba\/index.php\/bosna-i-hercegovina\/item\/264667-nova-pravila-na-granicama-eu-sistem-ees-pocinje-s-radom-obuhvaca-i-bh-drzavljane\/","og_locale":"bs_BA","og_type":"article","og_title":"Nova pravila na granicama EU: Sistem EES po\u010dinje s radom, obuhva\u0107a i bh. dr\u017eavljane - TuzlaInfo.ba","og_description":"Od jeseni 2025. godine, Europska unija uvodi novi Sistem ulaska\/izlaska (EES) na svojim vanjskim granicama,&hellip;","og_url":"https:\/\/tuzlainfo.ba\/index.php\/bosna-i-hercegovina\/item\/264667-nova-pravila-na-granicama-eu-sistem-ees-pocinje-s-radom-obuhvaca-i-bh-drzavljane\/","og_site_name":"TuzlaInfo.ba","article_publisher":"https:\/\/www.facebook.com\/tuzlainfo.ba\/","article_published_time":"2025-03-09T21:11:24+00:00","article_modified_time":"2025-03-10T06:46:21+00:00","og_image":[{"width":770,"height":511,"url":"https:\/\/tuzlainfo.ba\/wp-content\/uploads\/2020\/03\/sadrzaj_2020_20200301_1303_granica.jpg","type":"image\/jpeg"}],"author":"nedim","twitter_card":"summary_large_image","twitter_misc":{"Written by":"nedim","Est. reading time":"2 minute"},"schema":{"@context":"https:\/\/schema.org","@graph":[{"@type":"Article","@id":"https:\/\/tuzlainfo.ba\/index.php\/bosna-i-hercegovina\/item\/264667-nova-pravila-na-granicama-eu-sistem-ees-pocinje-s-radom-obuhvaca-i-bh-drzavljane\/#article","isPartOf":{"@id":"https:\/\/tuzlainfo.ba\/index.php\/bosna-i-hercegovina\/item\/264667-nova-pravila-na-granicama-eu-sistem-ees-pocinje-s-radom-obuhvaca-i-bh-drzavljane\/"},"author":{"name":"nedim","@id":"https:\/\/tuzlainfo.ba\/#\/schema\/person\/f434e20dc27ea133923aab08451b7f7f"},"headline":"Nova pravila na granicama EU: Sistem EES po\u010dinje s radom, obuhva\u0107a i bh. dr\u017eavljane","datePublished":"2025-03-09T21:11:24+00:00","dateModified":"2025-03-10T06:46:21+00:00","mainEntityOfPage":{"@id":"https:\/\/tuzlainfo.ba\/index.php\/bosna-i-hercegovina\/item\/264667-nova-pravila-na-granicama-eu-sistem-ees-pocinje-s-radom-obuhvaca-i-bh-drzavljane\/"},"wordCount":331,"publisher":{"@id":"https:\/\/tuzlainfo.ba\/#organization"},"image":{"@id":"https:\/\/tuzlainfo.ba\/index.php\/bosna-i-hercegovina\/item\/264667-nova-pravila-na-granicama-eu-sistem-ees-pocinje-s-radom-obuhvaca-i-bh-drzavljane\/#primaryimage"},"thumbnailUrl":"https:\/\/tuzlainfo.ba\/wp-content\/uploads\/2020\/03\/sadrzaj_2020_20200301_1303_granica.jpg","keywords":["EES","europska unija"],"articleSection":["Bosna i Hercegovina","Istaknuto","Preporu\u010dujemo"],"inLanguage":"bs-BA"},{"@type":"WebPage","@id":"https:\/\/tuzlainfo.ba\/index.php\/bosna-i-hercegovina\/item\/264667-nova-pravila-na-granicama-eu-sistem-ees-pocinje-s-radom-obuhvaca-i-bh-drzavljane\/","url":"https:\/\/tuzlainfo.ba\/index.php\/bosna-i-hercegovina\/item\/264667-nova-pravila-na-granicama-eu-sistem-ees-pocinje-s-radom-obuhvaca-i-bh-drzavljane\/","name":"Nova pravila na granicama EU: Sistem EES po\u010dinje s radom, obuhva\u0107a i bh. dr\u017eavljane - TuzlaInfo.ba","isPartOf":{"@id":"https:\/\/tuzlainfo.ba\/#website"},"primaryImageOfPage":{"@id":"https:\/\/tuzlainfo.ba\/index.php\/bosna-i-hercegovina\/item\/264667-nova-pravila-na-granicama-eu-sistem-ees-pocinje-s-radom-obuhvaca-i-bh-drzavljane\/#primaryimage"},"image":{"@id":"https:\/\/tuzlainfo.ba\/index.php\/bosna-i-hercegovina\/item\/264667-nova-pravila-na-granicama-eu-sistem-ees-pocinje-s-radom-obuhvaca-i-bh-drzavljane\/#primaryimage"},"thumbnailUrl":"https:\/\/tuzlainfo.ba\/wp-content\/uploads\/2020\/03\/sadrzaj_2020_20200301_1303_granica.jpg","datePublished":"2025-03-09T21:11:24+00:00","dateModified":"2025-03-10T06:46:21+00:00","breadcrumb":{"@id":"https:\/\/tuzlainfo.ba\/index.php\/bosna-i-hercegovina\/item\/264667-nova-pravila-na-granicama-eu-sistem-ees-pocinje-s-radom-obuhvaca-i-bh-drzavljane\/#breadcrumb"},"inLanguage":"bs-BA","potentialAction":[{"@type":"ReadAction","target":["https:\/\/tuzlainfo.ba\/index.php\/bosna-i-hercegovina\/item\/264667-nova-pravila-na-granicama-eu-sistem-ees-pocinje-s-radom-obuhvaca-i-bh-drzavljane\/"]}]},{"@type":"ImageObject","inLanguage":"bs-BA","@id":"https:\/\/tuzlainfo.ba\/index.php\/bosna-i-hercegovina\/item\/264667-nova-pravila-na-granicama-eu-sistem-ees-pocinje-s-radom-obuhvaca-i-bh-drzavljane\/#primaryimage","url":"https:\/\/tuzlainfo.ba\/wp-content\/uploads\/2020\/03\/sadrzaj_2020_20200301_1303_granica.jpg","contentUrl":"https:\/\/tuzlainfo.ba\/wp-content\/uploads\/2020\/03\/sadrzaj_2020_20200301_1303_granica.jpg","width":770,"height":511,"caption":"1303 granica"},{"@type":"BreadcrumbList","@id":"https:\/\/tuzlainfo.ba\/index.php\/bosna-i-hercegovina\/item\/264667-nova-pravila-na-granicama-eu-sistem-ees-pocinje-s-radom-obuhvaca-i-bh-drzavljane\/#breadcrumb","itemListElement":[{"@type":"ListItem","position":1,"name":"Home","item":"https:\/\/tuzlainfo.ba\/"},{"@type":"ListItem","position":2,"name":"Nova pravila na granicama EU: Sistem EES po\u010dinje s radom, obuhva\u0107a i bh. dr\u017eavljane"}]},{"@type":"WebSite","@id":"https:\/\/tuzlainfo.ba\/#website","url":"https:\/\/tuzlainfo.ba\/","name":"TuzlaInfo.ba","description":"Tuzla info, gradski informator - Tuzla na dlanu","publisher":{"@id":"https:\/\/tuzlainfo.ba\/#organization"},"potentialAction":[{"@type":"SearchAction","target":{"@type":"EntryPoint","urlTemplate":"https:\/\/tuzlainfo.ba\/?s={search_term_string}"},"query-input":{"@type":"PropertyValueSpecification","valueRequired":true,"valueName":"search_term_string"}}],"inLanguage":"bs-BA"},{"@type":"Organization","@id":"https:\/\/tuzlainfo.ba\/#organization","name":"TuzlaInfo.ba","url":"https:\/\/tuzlainfo.ba\/","logo":{"@type":"ImageObject","inLanguage":"bs-BA","@id":"https:\/\/tuzlainfo.ba\/#\/schema\/logo\/image\/","url":"https:\/\/tuzlainfo.ba\/wp-content\/uploads\/2021\/03\/logo-ver-3-1.png","contentUrl":"https:\/\/tuzlainfo.ba\/wp-content\/uploads\/2021\/03\/logo-ver-3-1.png","width":350,"height":95,"caption":"TuzlaInfo.ba"},"image":{"@id":"https:\/\/tuzlainfo.ba\/#\/schema\/logo\/image\/"},"sameAs":["https:\/\/www.facebook.com\/tuzlainfo.ba\/"]},{"@type":"Person","@id":"https:\/\/tuzlainfo.ba\/#\/schema\/person\/f434e20dc27ea133923aab08451b7f7f","name":"nedim","image":{"@type":"ImageObject","inLanguage":"bs-BA","@id":"https:\/\/tuzlainfo.ba\/#\/schema\/person\/image\/","url":"https:\/\/tuzlainfo.ba\/wp-content\/litespeed\/avatar\/aabad687af24844af817603ac1cbdc4f.jpg?ver=1777306975","contentUrl":"https:\/\/tuzlainfo.ba\/wp-content\/litespeed\/avatar\/aabad687af24844af817603ac1cbdc4f.jpg?ver=1777306975","caption":"nedim"},"description":"Tuzlainfo.ba pratite na dru\u0161tvenim mre\u017eama: Facebook, Instagram i Youtube. Svoje pri\u010de, upite i fotografije \u0161aljite na na\u0161u e-mail adresu."}]}},"_links":{"self":[{"href":"https:\/\/tuzlainfo.ba\/index.php\/wp-json\/wp\/v2\/posts\/264667"}],"collection":[{"href":"https:\/\/tuzlainfo.ba\/index.php\/wp-json\/wp\/v2\/posts"}],"about":[{"href":"https:\/\/tuzlainfo.ba\/index.php\/wp-json\/wp\/v2\/types\/post"}],"author":[{"embeddable":true,"href":"https:\/\/tuzlainfo.ba\/index.php\/wp-json\/wp\/v2\/users\/2"}],"replies":[{"embeddable":true,"href":"https:\/\/tuzlainfo.ba\/index.php\/wp-json\/wp\/v2\/comments?post=264667"}],"version-history":[{"count":1,"href":"https:\/\/tuzlainfo.ba\/index.php\/wp-json\/wp\/v2\/posts\/264667\/revisions"}],"predecessor-version":[{"id":264668,"href":"https:\/\/tuzlainfo.ba\/index.php\/wp-json\/wp\/v2\/posts\/264667\/revisions\/264668"}],"wp:featuredmedia":[{"embeddable":true,"href":"https:\/\/tuzlainfo.ba\/index.php\/wp-json\/wp\/v2\/media\/77593"}],"wp:attachment":[{"href":"https:\/\/tuzlainfo.ba\/index.php\/wp-json\/wp\/v2\/media?parent=264667"}],"wp:term":[{"taxonomy":"category","embeddable":true,"href":"https:\/\/tuzlainfo.ba\/index.php\/wp-json\/wp\/v2\/categories?post=264667"},{"taxonomy":"post_tag","embeddable":true,"href":"https:\/\/tuzlainfo.ba\/index.php\/wp-json\/wp\/v2\/tags?post=264667"}],"curies":[{"name":"wp","href":"https:\/\/api.w.org\/{rel}","templated":true}]}}