{"id":264421,"date":"2025-03-06T12:20:19","date_gmt":"2025-03-06T11:20:19","guid":{"rendered":"https:\/\/tuzlainfo.ba\/?p=264421"},"modified":"2025-03-06T11:51:55","modified_gmt":"2025-03-06T10:51:55","slug":"radionica-i-zajednicki-koncert-ucenici-osnovne-muzicke-skole-tuzla-u-posjeti-brckom","status":"publish","type":"post","link":"https:\/\/tuzlainfo.ba\/index.php\/novosti\/item\/264421-radionica-i-zajednicki-koncert-ucenici-osnovne-muzicke-skole-tuzla-u-posjeti-brckom\/","title":{"rendered":"Radionica i zajedni\u010dki koncert: U\u010denici Osnovne muzi\u010dke \u0161kole Tuzla u posjeti Br\u010dkom"},"content":{"rendered":"<p data-start=\"101\" data-end=\"328\">U okviru saradnje i razmjene iskustava, u\u010denici <strong data-start=\"149\" data-end=\"183\">JU Osnovna muzi\u010dka \u0161kola Tuzla<\/strong> boravili su u posjeti <strong data-start=\"206\" data-end=\"239\">Osnovnoj muzi\u010dkoj \u0161koli Br\u010dko<\/strong>, gdje su imali priliku u\u010destvovati u gitarskoj radionici i odr\u017eati zajedni\u010dki koncert.<\/p>\n<p data-start=\"330\" data-end=\"699\">Radionicu je vodio profesor <strong data-start=\"358\" data-end=\"374\">Nedim Tinji\u0107<\/strong>, pru\u017eaju\u0107i mladim muzi\u010darima priliku da unaprijede svoje vje\u0161tine i razmijene znanja s vr\u0161njacima iz Br\u010dkog.<\/p>\n<p data-start=\"330\" data-end=\"699\">U\u010denike iz Tuzle do\u010dekao je ministar obrazovanja u Vladi Br\u010dko distrikta BiH <strong data-start=\"561\" data-end=\"580\">Senad Osmanovi\u0107<\/strong>, koji im je uputio srda\u010dnu dobrodo\u0161licu i istakao zna\u010daj ovakvih inicijativa za ja\u010danje kulturnih i obrazovnih veza.<\/p>\n<div id=\"penci-post-gallery__47715\" class=\"penci-post-gallery-container masonry grid column-3\" data-height=\"150\" data-margin=\"3\"><div class=\"inner-gallery-masonry-container\"><div class=\"item-gallery-masonry grid\"><a class=\"\" href=\"https:\/\/tuzlainfo.ba\/wp-content\/uploads\/2025\/03\/0603_muzicka-1.jpg\"><div class=\"inner-item-masonry-gallery\"><img decoding=\"async\" src=\"https:\/\/tuzlainfo.ba\/wp-content\/uploads\/2025\/03\/0603_muzicka-1-585x390.jpg\" alt=\"\" title=\"0603_muzicka (1)\"><\/div><\/a><\/div><div class=\"item-gallery-masonry grid\"><a class=\"\" href=\"https:\/\/tuzlainfo.ba\/wp-content\/uploads\/2025\/03\/0603_muzicka-3.jpg\"><div class=\"inner-item-masonry-gallery\"><img decoding=\"async\" src=\"https:\/\/tuzlainfo.ba\/wp-content\/uploads\/2025\/03\/0603_muzicka-3-585x390.jpg\" alt=\"\" title=\"0603_muzicka (3)\"><\/div><\/a><\/div><div class=\"item-gallery-masonry grid\"><a class=\"\" href=\"https:\/\/tuzlainfo.ba\/wp-content\/uploads\/2025\/03\/0603_muzicka-2.jpg\"><div class=\"inner-item-masonry-gallery\"><img decoding=\"async\" src=\"https:\/\/tuzlainfo.ba\/wp-content\/uploads\/2025\/03\/0603_muzicka-2-585x390.jpg\" alt=\"\" title=\"0603_muzicka (2)\"><\/div><\/a><\/div><\/div><\/div>\n<p data-start=\"701\" data-end=\"962\">Vrhunac susreta bio je <strong data-start=\"724\" data-end=\"746\">zajedni\u010dki koncert<\/strong>, odr\u017ean u ve\u010dernjim satima, na kojem su u\u010denici obje \u0161kole izveli raznovrstan repertoar. Publika je imala priliku u\u017eivati u talentu i trudu mladih muzi\u010dara, koji su pokazali ljepotu i va\u017enost muzi\u010dkog obrazovanja.<\/p>\n<p data-start=\"701\" data-end=\"962\">&#8211; Ova razmjena predstavlja zna\u010dajan korak u unapre\u0111enju muzi\u010dkog obrazovanja i prijateljskih odnosa izme\u0111u u\u010denika i profesora dviju \u0161kola, te se sli\u010dne aktivnosti planiraju i u budu\u0107nosti &#8211; naveli su iz JU Osnovna muzi\u010dka \u0161kola Tuzla.<strong>\/Tuzlainfo.ba\/<\/strong><\/p>\n<p>&nbsp;<\/p>\n","protected":false},"excerpt":{"rendered":"<p>U okviru saradnje i razmjene iskustava, u\u010denici JU Osnovna muzi\u010dka \u0161kola Tuzla boravili su u&hellip;<\/p>\n","protected":false},"author":2,"featured_media":264424,"comment_status":"closed","ping_status":"closed","sticky":false,"template":"","format":"standard","meta":{"_acf_changed":false,"footnotes":""},"categories":[304,12],"tags":[11955],"acf":[],"yoast_head":"<!-- This site is optimized with the Yoast SEO plugin v23.5 - https:\/\/yoast.com\/wordpress\/plugins\/seo\/ -->\n<title>Radionica i zajedni\u010dki koncert: U\u010denici Osnovne muzi\u010dke \u0161kole Tuzla u posjeti Br\u010dkom - TuzlaInfo.ba<\/title>\n<meta name=\"robots\" content=\"index, follow, max-snippet:-1, max-image-preview:large, max-video-preview:-1\" \/>\n<link rel=\"canonical\" href=\"https:\/\/tuzlainfo.ba\/index.php\/novosti\/item\/264421-radionica-i-zajednicki-koncert-ucenici-osnovne-muzicke-skole-tuzla-u-posjeti-brckom\/\" \/>\n<meta property=\"og:locale\" content=\"bs_BA\" \/>\n<meta property=\"og:type\" content=\"article\" \/>\n<meta property=\"og:title\" content=\"Radionica i zajedni\u010dki koncert: U\u010denici Osnovne muzi\u010dke \u0161kole Tuzla u posjeti Br\u010dkom - TuzlaInfo.ba\" \/>\n<meta property=\"og:description\" content=\"U okviru saradnje i razmjene iskustava, u\u010denici JU Osnovna muzi\u010dka \u0161kola Tuzla boravili su u&hellip;\" \/>\n<meta property=\"og:url\" content=\"https:\/\/tuzlainfo.ba\/index.php\/novosti\/item\/264421-radionica-i-zajednicki-koncert-ucenici-osnovne-muzicke-skole-tuzla-u-posjeti-brckom\/\" \/>\n<meta property=\"og:site_name\" content=\"TuzlaInfo.ba\" \/>\n<meta property=\"article:publisher\" content=\"https:\/\/www.facebook.com\/tuzlainfo.ba\/\" \/>\n<meta property=\"article:published_time\" content=\"2025-03-06T11:20:19+00:00\" \/>\n<meta property=\"article:modified_time\" content=\"2025-03-06T10:51:55+00:00\" \/>\n<meta property=\"og:image\" content=\"https:\/\/tuzlainfo.ba\/wp-content\/uploads\/2025\/03\/0603_muzicka-1.jpg\" \/>\n\t<meta property=\"og:image:width\" content=\"1800\" \/>\n\t<meta property=\"og:image:height\" content=\"1350\" \/>\n\t<meta property=\"og:image:type\" content=\"image\/jpeg\" \/>\n<meta name=\"author\" content=\"nedim\" \/>\n<meta name=\"twitter:card\" content=\"summary_large_image\" \/>\n<meta name=\"twitter:label1\" content=\"Written by\" \/>\n\t<meta name=\"twitter:data1\" content=\"nedim\" \/>\n\t<meta name=\"twitter:label2\" content=\"Est. reading time\" \/>\n\t<meta name=\"twitter:data2\" content=\"2 minute\" \/>\n<script type=\"application\/ld+json\" class=\"yoast-schema-graph\">{\"@context\":\"https:\/\/schema.org\",\"@graph\":[{\"@type\":\"Article\",\"@id\":\"https:\/\/tuzlainfo.ba\/index.php\/novosti\/item\/264421-radionica-i-zajednicki-koncert-ucenici-osnovne-muzicke-skole-tuzla-u-posjeti-brckom\/#article\",\"isPartOf\":{\"@id\":\"https:\/\/tuzlainfo.ba\/index.php\/novosti\/item\/264421-radionica-i-zajednicki-koncert-ucenici-osnovne-muzicke-skole-tuzla-u-posjeti-brckom\/\"},\"author\":{\"name\":\"nedim\",\"@id\":\"https:\/\/tuzlainfo.ba\/#\/schema\/person\/f434e20dc27ea133923aab08451b7f7f\"},\"headline\":\"Radionica i zajedni\u010dki koncert: U\u010denici Osnovne muzi\u010dke \u0161kole Tuzla u posjeti Br\u010dkom\",\"datePublished\":\"2025-03-06T11:20:19+00:00\",\"dateModified\":\"2025-03-06T10:51:55+00:00\",\"mainEntityOfPage\":{\"@id\":\"https:\/\/tuzlainfo.ba\/index.php\/novosti\/item\/264421-radionica-i-zajednicki-koncert-ucenici-osnovne-muzicke-skole-tuzla-u-posjeti-brckom\/\"},\"wordCount\":219,\"publisher\":{\"@id\":\"https:\/\/tuzlainfo.ba\/#organization\"},\"image\":{\"@id\":\"https:\/\/tuzlainfo.ba\/index.php\/novosti\/item\/264421-radionica-i-zajednicki-koncert-ucenici-osnovne-muzicke-skole-tuzla-u-posjeti-brckom\/#primaryimage\"},\"thumbnailUrl\":\"https:\/\/tuzlainfo.ba\/wp-content\/uploads\/2025\/03\/0603_muzicka-1.jpg\",\"keywords\":[\"Osnovna muzi\u010dka \u0161kola tuzla\"],\"articleSection\":[\"Istaknuto\",\"Novosti\"],\"inLanguage\":\"bs-BA\"},{\"@type\":\"WebPage\",\"@id\":\"https:\/\/tuzlainfo.ba\/index.php\/novosti\/item\/264421-radionica-i-zajednicki-koncert-ucenici-osnovne-muzicke-skole-tuzla-u-posjeti-brckom\/\",\"url\":\"https:\/\/tuzlainfo.ba\/index.php\/novosti\/item\/264421-radionica-i-zajednicki-koncert-ucenici-osnovne-muzicke-skole-tuzla-u-posjeti-brckom\/\",\"name\":\"Radionica i zajedni\u010dki koncert: U\u010denici Osnovne muzi\u010dke \u0161kole Tuzla u posjeti Br\u010dkom - TuzlaInfo.ba\",\"isPartOf\":{\"@id\":\"https:\/\/tuzlainfo.ba\/#website\"},\"primaryImageOfPage\":{\"@id\":\"https:\/\/tuzlainfo.ba\/index.php\/novosti\/item\/264421-radionica-i-zajednicki-koncert-ucenici-osnovne-muzicke-skole-tuzla-u-posjeti-brckom\/#primaryimage\"},\"image\":{\"@id\":\"https:\/\/tuzlainfo.ba\/index.php\/novosti\/item\/264421-radionica-i-zajednicki-koncert-ucenici-osnovne-muzicke-skole-tuzla-u-posjeti-brckom\/#primaryimage\"},\"thumbnailUrl\":\"https:\/\/tuzlainfo.ba\/wp-content\/uploads\/2025\/03\/0603_muzicka-1.jpg\",\"datePublished\":\"2025-03-06T11:20:19+00:00\",\"dateModified\":\"2025-03-06T10:51:55+00:00\",\"breadcrumb\":{\"@id\":\"https:\/\/tuzlainfo.ba\/index.php\/novosti\/item\/264421-radionica-i-zajednicki-koncert-ucenici-osnovne-muzicke-skole-tuzla-u-posjeti-brckom\/#breadcrumb\"},\"inLanguage\":\"bs-BA\",\"potentialAction\":[{\"@type\":\"ReadAction\",\"target\":[\"https:\/\/tuzlainfo.ba\/index.php\/novosti\/item\/264421-radionica-i-zajednicki-koncert-ucenici-osnovne-muzicke-skole-tuzla-u-posjeti-brckom\/\"]}]},{\"@type\":\"ImageObject\",\"inLanguage\":\"bs-BA\",\"@id\":\"https:\/\/tuzlainfo.ba\/index.php\/novosti\/item\/264421-radionica-i-zajednicki-koncert-ucenici-osnovne-muzicke-skole-tuzla-u-posjeti-brckom\/#primaryimage\",\"url\":\"https:\/\/tuzlainfo.ba\/wp-content\/uploads\/2025\/03\/0603_muzicka-1.jpg\",\"contentUrl\":\"https:\/\/tuzlainfo.ba\/wp-content\/uploads\/2025\/03\/0603_muzicka-1.jpg\",\"width\":1800,\"height\":1350},{\"@type\":\"BreadcrumbList\",\"@id\":\"https:\/\/tuzlainfo.ba\/index.php\/novosti\/item\/264421-radionica-i-zajednicki-koncert-ucenici-osnovne-muzicke-skole-tuzla-u-posjeti-brckom\/#breadcrumb\",\"itemListElement\":[{\"@type\":\"ListItem\",\"position\":1,\"name\":\"Home\",\"item\":\"https:\/\/tuzlainfo.ba\/\"},{\"@type\":\"ListItem\",\"position\":2,\"name\":\"Radionica i zajedni\u010dki koncert: U\u010denici Osnovne muzi\u010dke \u0161kole Tuzla u posjeti Br\u010dkom\"}]},{\"@type\":\"WebSite\",\"@id\":\"https:\/\/tuzlainfo.ba\/#website\",\"url\":\"https:\/\/tuzlainfo.ba\/\",\"name\":\"TuzlaInfo.ba\",\"description\":\"Tuzla info, gradski informator - Tuzla na dlanu\",\"publisher\":{\"@id\":\"https:\/\/tuzlainfo.ba\/#organization\"},\"potentialAction\":[{\"@type\":\"SearchAction\",\"target\":{\"@type\":\"EntryPoint\",\"urlTemplate\":\"https:\/\/tuzlainfo.ba\/?s={search_term_string}\"},\"query-input\":{\"@type\":\"PropertyValueSpecification\",\"valueRequired\":true,\"valueName\":\"search_term_string\"}}],\"inLanguage\":\"bs-BA\"},{\"@type\":\"Organization\",\"@id\":\"https:\/\/tuzlainfo.ba\/#organization\",\"name\":\"TuzlaInfo.ba\",\"url\":\"https:\/\/tuzlainfo.ba\/\",\"logo\":{\"@type\":\"ImageObject\",\"inLanguage\":\"bs-BA\",\"@id\":\"https:\/\/tuzlainfo.ba\/#\/schema\/logo\/image\/\",\"url\":\"https:\/\/tuzlainfo.ba\/wp-content\/uploads\/2021\/03\/logo-ver-3-1.png\",\"contentUrl\":\"https:\/\/tuzlainfo.ba\/wp-content\/uploads\/2021\/03\/logo-ver-3-1.png\",\"width\":350,\"height\":95,\"caption\":\"TuzlaInfo.ba\"},\"image\":{\"@id\":\"https:\/\/tuzlainfo.ba\/#\/schema\/logo\/image\/\"},\"sameAs\":[\"https:\/\/www.facebook.com\/tuzlainfo.ba\/\"]},{\"@type\":\"Person\",\"@id\":\"https:\/\/tuzlainfo.ba\/#\/schema\/person\/f434e20dc27ea133923aab08451b7f7f\",\"name\":\"nedim\",\"image\":{\"@type\":\"ImageObject\",\"inLanguage\":\"bs-BA\",\"@id\":\"https:\/\/tuzlainfo.ba\/#\/schema\/person\/image\/\",\"url\":\"https:\/\/tuzlainfo.ba\/wp-content\/litespeed\/avatar\/aabad687af24844af817603ac1cbdc4f.jpg?ver=1777306975\",\"contentUrl\":\"https:\/\/tuzlainfo.ba\/wp-content\/litespeed\/avatar\/aabad687af24844af817603ac1cbdc4f.jpg?ver=1777306975\",\"caption\":\"nedim\"},\"description\":\"Tuzlainfo.ba pratite na dru\u0161tvenim mre\u017eama: Facebook, Instagram i Youtube. Svoje pri\u010de, upite i fotografije \u0161aljite na na\u0161u e-mail adresu.\"}]}<\/script>\n<!-- \/ Yoast SEO plugin. -->","yoast_head_json":{"title":"Radionica i zajedni\u010dki koncert: U\u010denici Osnovne muzi\u010dke \u0161kole Tuzla u posjeti Br\u010dkom - TuzlaInfo.ba","robots":{"index":"index","follow":"follow","max-snippet":"max-snippet:-1","max-image-preview":"max-image-preview:large","max-video-preview":"max-video-preview:-1"},"canonical":"https:\/\/tuzlainfo.ba\/index.php\/novosti\/item\/264421-radionica-i-zajednicki-koncert-ucenici-osnovne-muzicke-skole-tuzla-u-posjeti-brckom\/","og_locale":"bs_BA","og_type":"article","og_title":"Radionica i zajedni\u010dki koncert: U\u010denici Osnovne muzi\u010dke \u0161kole Tuzla u posjeti Br\u010dkom - TuzlaInfo.ba","og_description":"U okviru saradnje i razmjene iskustava, u\u010denici JU Osnovna muzi\u010dka \u0161kola Tuzla boravili su u&hellip;","og_url":"https:\/\/tuzlainfo.ba\/index.php\/novosti\/item\/264421-radionica-i-zajednicki-koncert-ucenici-osnovne-muzicke-skole-tuzla-u-posjeti-brckom\/","og_site_name":"TuzlaInfo.ba","article_publisher":"https:\/\/www.facebook.com\/tuzlainfo.ba\/","article_published_time":"2025-03-06T11:20:19+00:00","article_modified_time":"2025-03-06T10:51:55+00:00","og_image":[{"width":1800,"height":1350,"url":"https:\/\/tuzlainfo.ba\/wp-content\/uploads\/2025\/03\/0603_muzicka-1.jpg","type":"image\/jpeg"}],"author":"nedim","twitter_card":"summary_large_image","twitter_misc":{"Written by":"nedim","Est. reading time":"2 minute"},"schema":{"@context":"https:\/\/schema.org","@graph":[{"@type":"Article","@id":"https:\/\/tuzlainfo.ba\/index.php\/novosti\/item\/264421-radionica-i-zajednicki-koncert-ucenici-osnovne-muzicke-skole-tuzla-u-posjeti-brckom\/#article","isPartOf":{"@id":"https:\/\/tuzlainfo.ba\/index.php\/novosti\/item\/264421-radionica-i-zajednicki-koncert-ucenici-osnovne-muzicke-skole-tuzla-u-posjeti-brckom\/"},"author":{"name":"nedim","@id":"https:\/\/tuzlainfo.ba\/#\/schema\/person\/f434e20dc27ea133923aab08451b7f7f"},"headline":"Radionica i zajedni\u010dki koncert: U\u010denici Osnovne muzi\u010dke \u0161kole Tuzla u posjeti Br\u010dkom","datePublished":"2025-03-06T11:20:19+00:00","dateModified":"2025-03-06T10:51:55+00:00","mainEntityOfPage":{"@id":"https:\/\/tuzlainfo.ba\/index.php\/novosti\/item\/264421-radionica-i-zajednicki-koncert-ucenici-osnovne-muzicke-skole-tuzla-u-posjeti-brckom\/"},"wordCount":219,"publisher":{"@id":"https:\/\/tuzlainfo.ba\/#organization"},"image":{"@id":"https:\/\/tuzlainfo.ba\/index.php\/novosti\/item\/264421-radionica-i-zajednicki-koncert-ucenici-osnovne-muzicke-skole-tuzla-u-posjeti-brckom\/#primaryimage"},"thumbnailUrl":"https:\/\/tuzlainfo.ba\/wp-content\/uploads\/2025\/03\/0603_muzicka-1.jpg","keywords":["Osnovna muzi\u010dka \u0161kola tuzla"],"articleSection":["Istaknuto","Novosti"],"inLanguage":"bs-BA"},{"@type":"WebPage","@id":"https:\/\/tuzlainfo.ba\/index.php\/novosti\/item\/264421-radionica-i-zajednicki-koncert-ucenici-osnovne-muzicke-skole-tuzla-u-posjeti-brckom\/","url":"https:\/\/tuzlainfo.ba\/index.php\/novosti\/item\/264421-radionica-i-zajednicki-koncert-ucenici-osnovne-muzicke-skole-tuzla-u-posjeti-brckom\/","name":"Radionica i zajedni\u010dki koncert: U\u010denici Osnovne muzi\u010dke \u0161kole Tuzla u posjeti Br\u010dkom - TuzlaInfo.ba","isPartOf":{"@id":"https:\/\/tuzlainfo.ba\/#website"},"primaryImageOfPage":{"@id":"https:\/\/tuzlainfo.ba\/index.php\/novosti\/item\/264421-radionica-i-zajednicki-koncert-ucenici-osnovne-muzicke-skole-tuzla-u-posjeti-brckom\/#primaryimage"},"image":{"@id":"https:\/\/tuzlainfo.ba\/index.php\/novosti\/item\/264421-radionica-i-zajednicki-koncert-ucenici-osnovne-muzicke-skole-tuzla-u-posjeti-brckom\/#primaryimage"},"thumbnailUrl":"https:\/\/tuzlainfo.ba\/wp-content\/uploads\/2025\/03\/0603_muzicka-1.jpg","datePublished":"2025-03-06T11:20:19+00:00","dateModified":"2025-03-06T10:51:55+00:00","breadcrumb":{"@id":"https:\/\/tuzlainfo.ba\/index.php\/novosti\/item\/264421-radionica-i-zajednicki-koncert-ucenici-osnovne-muzicke-skole-tuzla-u-posjeti-brckom\/#breadcrumb"},"inLanguage":"bs-BA","potentialAction":[{"@type":"ReadAction","target":["https:\/\/tuzlainfo.ba\/index.php\/novosti\/item\/264421-radionica-i-zajednicki-koncert-ucenici-osnovne-muzicke-skole-tuzla-u-posjeti-brckom\/"]}]},{"@type":"ImageObject","inLanguage":"bs-BA","@id":"https:\/\/tuzlainfo.ba\/index.php\/novosti\/item\/264421-radionica-i-zajednicki-koncert-ucenici-osnovne-muzicke-skole-tuzla-u-posjeti-brckom\/#primaryimage","url":"https:\/\/tuzlainfo.ba\/wp-content\/uploads\/2025\/03\/0603_muzicka-1.jpg","contentUrl":"https:\/\/tuzlainfo.ba\/wp-content\/uploads\/2025\/03\/0603_muzicka-1.jpg","width":1800,"height":1350},{"@type":"BreadcrumbList","@id":"https:\/\/tuzlainfo.ba\/index.php\/novosti\/item\/264421-radionica-i-zajednicki-koncert-ucenici-osnovne-muzicke-skole-tuzla-u-posjeti-brckom\/#breadcrumb","itemListElement":[{"@type":"ListItem","position":1,"name":"Home","item":"https:\/\/tuzlainfo.ba\/"},{"@type":"ListItem","position":2,"name":"Radionica i zajedni\u010dki koncert: U\u010denici Osnovne muzi\u010dke \u0161kole Tuzla u posjeti Br\u010dkom"}]},{"@type":"WebSite","@id":"https:\/\/tuzlainfo.ba\/#website","url":"https:\/\/tuzlainfo.ba\/","name":"TuzlaInfo.ba","description":"Tuzla info, gradski informator - Tuzla na dlanu","publisher":{"@id":"https:\/\/tuzlainfo.ba\/#organization"},"potentialAction":[{"@type":"SearchAction","target":{"@type":"EntryPoint","urlTemplate":"https:\/\/tuzlainfo.ba\/?s={search_term_string}"},"query-input":{"@type":"PropertyValueSpecification","valueRequired":true,"valueName":"search_term_string"}}],"inLanguage":"bs-BA"},{"@type":"Organization","@id":"https:\/\/tuzlainfo.ba\/#organization","name":"TuzlaInfo.ba","url":"https:\/\/tuzlainfo.ba\/","logo":{"@type":"ImageObject","inLanguage":"bs-BA","@id":"https:\/\/tuzlainfo.ba\/#\/schema\/logo\/image\/","url":"https:\/\/tuzlainfo.ba\/wp-content\/uploads\/2021\/03\/logo-ver-3-1.png","contentUrl":"https:\/\/tuzlainfo.ba\/wp-content\/uploads\/2021\/03\/logo-ver-3-1.png","width":350,"height":95,"caption":"TuzlaInfo.ba"},"image":{"@id":"https:\/\/tuzlainfo.ba\/#\/schema\/logo\/image\/"},"sameAs":["https:\/\/www.facebook.com\/tuzlainfo.ba\/"]},{"@type":"Person","@id":"https:\/\/tuzlainfo.ba\/#\/schema\/person\/f434e20dc27ea133923aab08451b7f7f","name":"nedim","image":{"@type":"ImageObject","inLanguage":"bs-BA","@id":"https:\/\/tuzlainfo.ba\/#\/schema\/person\/image\/","url":"https:\/\/tuzlainfo.ba\/wp-content\/litespeed\/avatar\/aabad687af24844af817603ac1cbdc4f.jpg?ver=1777306975","contentUrl":"https:\/\/tuzlainfo.ba\/wp-content\/litespeed\/avatar\/aabad687af24844af817603ac1cbdc4f.jpg?ver=1777306975","caption":"nedim"},"description":"Tuzlainfo.ba pratite na dru\u0161tvenim mre\u017eama: Facebook, Instagram i Youtube. Svoje pri\u010de, upite i fotografije \u0161aljite na na\u0161u e-mail adresu."}]}},"_links":{"self":[{"href":"https:\/\/tuzlainfo.ba\/index.php\/wp-json\/wp\/v2\/posts\/264421"}],"collection":[{"href":"https:\/\/tuzlainfo.ba\/index.php\/wp-json\/wp\/v2\/posts"}],"about":[{"href":"https:\/\/tuzlainfo.ba\/index.php\/wp-json\/wp\/v2\/types\/post"}],"author":[{"embeddable":true,"href":"https:\/\/tuzlainfo.ba\/index.php\/wp-json\/wp\/v2\/users\/2"}],"replies":[{"embeddable":true,"href":"https:\/\/tuzlainfo.ba\/index.php\/wp-json\/wp\/v2\/comments?post=264421"}],"version-history":[{"count":1,"href":"https:\/\/tuzlainfo.ba\/index.php\/wp-json\/wp\/v2\/posts\/264421\/revisions"}],"predecessor-version":[{"id":264425,"href":"https:\/\/tuzlainfo.ba\/index.php\/wp-json\/wp\/v2\/posts\/264421\/revisions\/264425"}],"wp:featuredmedia":[{"embeddable":true,"href":"https:\/\/tuzlainfo.ba\/index.php\/wp-json\/wp\/v2\/media\/264424"}],"wp:attachment":[{"href":"https:\/\/tuzlainfo.ba\/index.php\/wp-json\/wp\/v2\/media?parent=264421"}],"wp:term":[{"taxonomy":"category","embeddable":true,"href":"https:\/\/tuzlainfo.ba\/index.php\/wp-json\/wp\/v2\/categories?post=264421"},{"taxonomy":"post_tag","embeddable":true,"href":"https:\/\/tuzlainfo.ba\/index.php\/wp-json\/wp\/v2\/tags?post=264421"}],"curies":[{"name":"wp","href":"https:\/\/api.w.org\/{rel}","templated":true}]}}