{"id":264372,"date":"2025-03-05T14:50:42","date_gmt":"2025-03-05T13:50:42","guid":{"rendered":"https:\/\/tuzlainfo.ba\/?p=264372"},"modified":"2025-03-05T14:34:16","modified_gmt":"2025-03-05T13:34:16","slug":"ilic-tuzla-ce-dobivati-ece-prihode-od-rada-termoelektrane","status":"publish","type":"post","link":"https:\/\/tuzlainfo.ba\/index.php\/novosti\/item\/264372-ilic-tuzla-ce-dobivati-ece-prihode-od-rada-termoelektrane\/","title":{"rendered":"Ili\u0107: Tuzla \u0107e dobivati ve\u0107e prihode od rada Termoelektrane"},"content":{"rendered":"<div class=\"xdj266r x11i5rnm xat24cr x1mh8g0r x1vvkbs x126k92a\">\n<p dir=\"auto\">Na prijedlog Sla\u0111ana Ili\u0107a, delegata u Domu naroda, ju\u010der su usvojene izmjene Zakona o izdvajanju i usmjeravanju dijela prihoda preduze\u0107a ostvarenih radom termoelektrana<\/p>\n<\/div>\n<div dir=\"auto\">U parlamentarnu proceduru prijedlog za izmjenu Zakona o izdvajanju i usmjeravanju djela prihoda preduze\u0107a ostvarenih radom termoelektrane u junu pro\u0161le godine uputili su dopredsjedavaju\u0107i Doma naroda Parlamenta FBiH Sla\u0111an Ili\u0107 i zastupnik u Predstavni\u010dkom domu Parlamenta FBiH Almedin Aliefendi\u0107, s ciljem da Tuzla i Kakanj, gradovi koji nose najve\u0107i teret energetskog sistema, napokon dobiju zaslu\u017eeni dio prihoda.<\/div>\n<div dir=\"auto\">Navedene izmjene osiguravaju ve\u0107a sredstva za pobolj\u0161anje infrastrukture, ekolo\u0161kih projekata i kvaliteta \u017eivota u na\u0161em gradu.<\/div>\n<div dir=\"auto\">Kako je Ili\u0107 rekao na ovaj na\u010din \u0107e bud\u017eeti gradova Tuzla i Kakanj dobijati ve\u0107a izdvajanja kako bi se mogao unaprijediti kvalitet \u017eivota gra\u0111ana Tuzle. Tako\u0111er, ovo je jo\u0161 jedan dokaz da Tuzla, Tuzlanke i Tuzlaci, kada je SDP na vlasti na federalnom nivou, zauzimaju mjesto koje im pripada i koje zaslu\u017euju.<\/div>\n<div class=\"x11i5rnm xat24cr x1mh8g0r x1vvkbs xtlvy1s x126k92a\">\n<p dir=\"auto\">\n<\/div>\n","protected":false},"excerpt":{"rendered":"<p>Na prijedlog Sla\u0111ana Ili\u0107a, delegata u Domu naroda, ju\u010der su usvojene izmjene Zakona o izdvajanju&hellip;<\/p>\n","protected":false},"author":4,"featured_media":247634,"comment_status":"closed","ping_status":"closed","sticky":false,"template":"","format":"standard","meta":{"_acf_changed":false,"footnotes":""},"categories":[12],"tags":[1627],"acf":[],"yoast_head":"<!-- This site is optimized with the Yoast SEO plugin v23.5 - https:\/\/yoast.com\/wordpress\/plugins\/seo\/ -->\n<title>Ili\u0107: Tuzla \u0107e dobivati ve\u0107e prihode od rada Termoelektrane - TuzlaInfo.ba<\/title>\n<meta name=\"robots\" content=\"index, follow, max-snippet:-1, max-image-preview:large, max-video-preview:-1\" \/>\n<link rel=\"canonical\" href=\"https:\/\/tuzlainfo.ba\/index.php\/novosti\/item\/264372-ilic-tuzla-ce-dobivati-ece-prihode-od-rada-termoelektrane\/\" \/>\n<meta property=\"og:locale\" content=\"bs_BA\" \/>\n<meta property=\"og:type\" content=\"article\" \/>\n<meta property=\"og:title\" content=\"Ili\u0107: Tuzla \u0107e dobivati ve\u0107e prihode od rada Termoelektrane - TuzlaInfo.ba\" \/>\n<meta property=\"og:description\" content=\"Na prijedlog Sla\u0111ana Ili\u0107a, delegata u Domu naroda, ju\u010der su usvojene izmjene Zakona o izdvajanju&hellip;\" \/>\n<meta property=\"og:url\" content=\"https:\/\/tuzlainfo.ba\/index.php\/novosti\/item\/264372-ilic-tuzla-ce-dobivati-ece-prihode-od-rada-termoelektrane\/\" \/>\n<meta property=\"og:site_name\" content=\"TuzlaInfo.ba\" \/>\n<meta property=\"article:publisher\" content=\"https:\/\/www.facebook.com\/tuzlainfo.ba\/\" \/>\n<meta property=\"article:published_time\" content=\"2025-03-05T13:50:42+00:00\" \/>\n<meta property=\"article:modified_time\" content=\"2025-03-05T13:34:16+00:00\" \/>\n<meta property=\"og:image\" content=\"https:\/\/tuzlainfo.ba\/wp-content\/uploads\/2024\/08\/2308_sladjan_ilic.jpg\" \/>\n\t<meta property=\"og:image:width\" content=\"1000\" \/>\n\t<meta property=\"og:image:height\" content=\"628\" \/>\n\t<meta property=\"og:image:type\" content=\"image\/jpeg\" \/>\n<meta name=\"author\" content=\"Tuzla Info\" \/>\n<meta name=\"twitter:card\" content=\"summary_large_image\" \/>\n<meta name=\"twitter:label1\" content=\"Written by\" \/>\n\t<meta name=\"twitter:data1\" content=\"Tuzla Info\" \/>\n\t<meta name=\"twitter:label2\" content=\"Est. reading time\" \/>\n\t<meta name=\"twitter:data2\" content=\"2 minute\" \/>\n<script type=\"application\/ld+json\" class=\"yoast-schema-graph\">{\"@context\":\"https:\/\/schema.org\",\"@graph\":[{\"@type\":\"Article\",\"@id\":\"https:\/\/tuzlainfo.ba\/index.php\/novosti\/item\/264372-ilic-tuzla-ce-dobivati-ece-prihode-od-rada-termoelektrane\/#article\",\"isPartOf\":{\"@id\":\"https:\/\/tuzlainfo.ba\/index.php\/novosti\/item\/264372-ilic-tuzla-ce-dobivati-ece-prihode-od-rada-termoelektrane\/\"},\"author\":{\"name\":\"Tuzla Info\",\"@id\":\"https:\/\/tuzlainfo.ba\/#\/schema\/person\/46cad4c57790cbc50781edd14870825a\"},\"headline\":\"Ili\u0107: Tuzla \u0107e dobivati ve\u0107e prihode od rada Termoelektrane\",\"datePublished\":\"2025-03-05T13:50:42+00:00\",\"dateModified\":\"2025-03-05T13:34:16+00:00\",\"mainEntityOfPage\":{\"@id\":\"https:\/\/tuzlainfo.ba\/index.php\/novosti\/item\/264372-ilic-tuzla-ce-dobivati-ece-prihode-od-rada-termoelektrane\/\"},\"wordCount\":179,\"publisher\":{\"@id\":\"https:\/\/tuzlainfo.ba\/#organization\"},\"image\":{\"@id\":\"https:\/\/tuzlainfo.ba\/index.php\/novosti\/item\/264372-ilic-tuzla-ce-dobivati-ece-prihode-od-rada-termoelektrane\/#primaryimage\"},\"thumbnailUrl\":\"https:\/\/tuzlainfo.ba\/wp-content\/uploads\/2024\/08\/2308_sladjan_ilic.jpg\",\"keywords\":[\"sla\u0111an ili\u0107\"],\"articleSection\":[\"Novosti\"],\"inLanguage\":\"bs-BA\"},{\"@type\":\"WebPage\",\"@id\":\"https:\/\/tuzlainfo.ba\/index.php\/novosti\/item\/264372-ilic-tuzla-ce-dobivati-ece-prihode-od-rada-termoelektrane\/\",\"url\":\"https:\/\/tuzlainfo.ba\/index.php\/novosti\/item\/264372-ilic-tuzla-ce-dobivati-ece-prihode-od-rada-termoelektrane\/\",\"name\":\"Ili\u0107: Tuzla \u0107e dobivati ve\u0107e prihode od rada Termoelektrane - TuzlaInfo.ba\",\"isPartOf\":{\"@id\":\"https:\/\/tuzlainfo.ba\/#website\"},\"primaryImageOfPage\":{\"@id\":\"https:\/\/tuzlainfo.ba\/index.php\/novosti\/item\/264372-ilic-tuzla-ce-dobivati-ece-prihode-od-rada-termoelektrane\/#primaryimage\"},\"image\":{\"@id\":\"https:\/\/tuzlainfo.ba\/index.php\/novosti\/item\/264372-ilic-tuzla-ce-dobivati-ece-prihode-od-rada-termoelektrane\/#primaryimage\"},\"thumbnailUrl\":\"https:\/\/tuzlainfo.ba\/wp-content\/uploads\/2024\/08\/2308_sladjan_ilic.jpg\",\"datePublished\":\"2025-03-05T13:50:42+00:00\",\"dateModified\":\"2025-03-05T13:34:16+00:00\",\"breadcrumb\":{\"@id\":\"https:\/\/tuzlainfo.ba\/index.php\/novosti\/item\/264372-ilic-tuzla-ce-dobivati-ece-prihode-od-rada-termoelektrane\/#breadcrumb\"},\"inLanguage\":\"bs-BA\",\"potentialAction\":[{\"@type\":\"ReadAction\",\"target\":[\"https:\/\/tuzlainfo.ba\/index.php\/novosti\/item\/264372-ilic-tuzla-ce-dobivati-ece-prihode-od-rada-termoelektrane\/\"]}]},{\"@type\":\"ImageObject\",\"inLanguage\":\"bs-BA\",\"@id\":\"https:\/\/tuzlainfo.ba\/index.php\/novosti\/item\/264372-ilic-tuzla-ce-dobivati-ece-prihode-od-rada-termoelektrane\/#primaryimage\",\"url\":\"https:\/\/tuzlainfo.ba\/wp-content\/uploads\/2024\/08\/2308_sladjan_ilic.jpg\",\"contentUrl\":\"https:\/\/tuzlainfo.ba\/wp-content\/uploads\/2024\/08\/2308_sladjan_ilic.jpg\",\"width\":1000,\"height\":628},{\"@type\":\"BreadcrumbList\",\"@id\":\"https:\/\/tuzlainfo.ba\/index.php\/novosti\/item\/264372-ilic-tuzla-ce-dobivati-ece-prihode-od-rada-termoelektrane\/#breadcrumb\",\"itemListElement\":[{\"@type\":\"ListItem\",\"position\":1,\"name\":\"Home\",\"item\":\"https:\/\/tuzlainfo.ba\/\"},{\"@type\":\"ListItem\",\"position\":2,\"name\":\"Ili\u0107: Tuzla \u0107e dobivati ve\u0107e prihode od rada Termoelektrane\"}]},{\"@type\":\"WebSite\",\"@id\":\"https:\/\/tuzlainfo.ba\/#website\",\"url\":\"https:\/\/tuzlainfo.ba\/\",\"name\":\"TuzlaInfo.ba\",\"description\":\"Tuzla info, gradski informator - Tuzla na dlanu\",\"publisher\":{\"@id\":\"https:\/\/tuzlainfo.ba\/#organization\"},\"potentialAction\":[{\"@type\":\"SearchAction\",\"target\":{\"@type\":\"EntryPoint\",\"urlTemplate\":\"https:\/\/tuzlainfo.ba\/?s={search_term_string}\"},\"query-input\":{\"@type\":\"PropertyValueSpecification\",\"valueRequired\":true,\"valueName\":\"search_term_string\"}}],\"inLanguage\":\"bs-BA\"},{\"@type\":\"Organization\",\"@id\":\"https:\/\/tuzlainfo.ba\/#organization\",\"name\":\"TuzlaInfo.ba\",\"url\":\"https:\/\/tuzlainfo.ba\/\",\"logo\":{\"@type\":\"ImageObject\",\"inLanguage\":\"bs-BA\",\"@id\":\"https:\/\/tuzlainfo.ba\/#\/schema\/logo\/image\/\",\"url\":\"https:\/\/tuzlainfo.ba\/wp-content\/uploads\/2021\/03\/logo-ver-3-1.png\",\"contentUrl\":\"https:\/\/tuzlainfo.ba\/wp-content\/uploads\/2021\/03\/logo-ver-3-1.png\",\"width\":350,\"height\":95,\"caption\":\"TuzlaInfo.ba\"},\"image\":{\"@id\":\"https:\/\/tuzlainfo.ba\/#\/schema\/logo\/image\/\"},\"sameAs\":[\"https:\/\/www.facebook.com\/tuzlainfo.ba\/\"]},{\"@type\":\"Person\",\"@id\":\"https:\/\/tuzlainfo.ba\/#\/schema\/person\/46cad4c57790cbc50781edd14870825a\",\"name\":\"Tuzla Info\",\"image\":{\"@type\":\"ImageObject\",\"inLanguage\":\"bs-BA\",\"@id\":\"https:\/\/tuzlainfo.ba\/#\/schema\/person\/image\/\",\"url\":\"https:\/\/tuzlainfo.ba\/wp-content\/litespeed\/avatar\/b6c453a6c38e3654f2e4416c643fc25c.jpg?ver=1777051911\",\"contentUrl\":\"https:\/\/tuzlainfo.ba\/wp-content\/litespeed\/avatar\/b6c453a6c38e3654f2e4416c643fc25c.jpg?ver=1777051911\",\"caption\":\"Tuzla Info\"}}]}<\/script>\n<!-- \/ Yoast SEO plugin. -->","yoast_head_json":{"title":"Ili\u0107: Tuzla \u0107e dobivati ve\u0107e prihode od rada Termoelektrane - TuzlaInfo.ba","robots":{"index":"index","follow":"follow","max-snippet":"max-snippet:-1","max-image-preview":"max-image-preview:large","max-video-preview":"max-video-preview:-1"},"canonical":"https:\/\/tuzlainfo.ba\/index.php\/novosti\/item\/264372-ilic-tuzla-ce-dobivati-ece-prihode-od-rada-termoelektrane\/","og_locale":"bs_BA","og_type":"article","og_title":"Ili\u0107: Tuzla \u0107e dobivati ve\u0107e prihode od rada Termoelektrane - TuzlaInfo.ba","og_description":"Na prijedlog Sla\u0111ana Ili\u0107a, delegata u Domu naroda, ju\u010der su usvojene izmjene Zakona o izdvajanju&hellip;","og_url":"https:\/\/tuzlainfo.ba\/index.php\/novosti\/item\/264372-ilic-tuzla-ce-dobivati-ece-prihode-od-rada-termoelektrane\/","og_site_name":"TuzlaInfo.ba","article_publisher":"https:\/\/www.facebook.com\/tuzlainfo.ba\/","article_published_time":"2025-03-05T13:50:42+00:00","article_modified_time":"2025-03-05T13:34:16+00:00","og_image":[{"width":1000,"height":628,"url":"https:\/\/tuzlainfo.ba\/wp-content\/uploads\/2024\/08\/2308_sladjan_ilic.jpg","type":"image\/jpeg"}],"author":"Tuzla Info","twitter_card":"summary_large_image","twitter_misc":{"Written by":"Tuzla Info","Est. reading time":"2 minute"},"schema":{"@context":"https:\/\/schema.org","@graph":[{"@type":"Article","@id":"https:\/\/tuzlainfo.ba\/index.php\/novosti\/item\/264372-ilic-tuzla-ce-dobivati-ece-prihode-od-rada-termoelektrane\/#article","isPartOf":{"@id":"https:\/\/tuzlainfo.ba\/index.php\/novosti\/item\/264372-ilic-tuzla-ce-dobivati-ece-prihode-od-rada-termoelektrane\/"},"author":{"name":"Tuzla Info","@id":"https:\/\/tuzlainfo.ba\/#\/schema\/person\/46cad4c57790cbc50781edd14870825a"},"headline":"Ili\u0107: Tuzla \u0107e dobivati ve\u0107e prihode od rada Termoelektrane","datePublished":"2025-03-05T13:50:42+00:00","dateModified":"2025-03-05T13:34:16+00:00","mainEntityOfPage":{"@id":"https:\/\/tuzlainfo.ba\/index.php\/novosti\/item\/264372-ilic-tuzla-ce-dobivati-ece-prihode-od-rada-termoelektrane\/"},"wordCount":179,"publisher":{"@id":"https:\/\/tuzlainfo.ba\/#organization"},"image":{"@id":"https:\/\/tuzlainfo.ba\/index.php\/novosti\/item\/264372-ilic-tuzla-ce-dobivati-ece-prihode-od-rada-termoelektrane\/#primaryimage"},"thumbnailUrl":"https:\/\/tuzlainfo.ba\/wp-content\/uploads\/2024\/08\/2308_sladjan_ilic.jpg","keywords":["sla\u0111an ili\u0107"],"articleSection":["Novosti"],"inLanguage":"bs-BA"},{"@type":"WebPage","@id":"https:\/\/tuzlainfo.ba\/index.php\/novosti\/item\/264372-ilic-tuzla-ce-dobivati-ece-prihode-od-rada-termoelektrane\/","url":"https:\/\/tuzlainfo.ba\/index.php\/novosti\/item\/264372-ilic-tuzla-ce-dobivati-ece-prihode-od-rada-termoelektrane\/","name":"Ili\u0107: Tuzla \u0107e dobivati ve\u0107e prihode od rada Termoelektrane - TuzlaInfo.ba","isPartOf":{"@id":"https:\/\/tuzlainfo.ba\/#website"},"primaryImageOfPage":{"@id":"https:\/\/tuzlainfo.ba\/index.php\/novosti\/item\/264372-ilic-tuzla-ce-dobivati-ece-prihode-od-rada-termoelektrane\/#primaryimage"},"image":{"@id":"https:\/\/tuzlainfo.ba\/index.php\/novosti\/item\/264372-ilic-tuzla-ce-dobivati-ece-prihode-od-rada-termoelektrane\/#primaryimage"},"thumbnailUrl":"https:\/\/tuzlainfo.ba\/wp-content\/uploads\/2024\/08\/2308_sladjan_ilic.jpg","datePublished":"2025-03-05T13:50:42+00:00","dateModified":"2025-03-05T13:34:16+00:00","breadcrumb":{"@id":"https:\/\/tuzlainfo.ba\/index.php\/novosti\/item\/264372-ilic-tuzla-ce-dobivati-ece-prihode-od-rada-termoelektrane\/#breadcrumb"},"inLanguage":"bs-BA","potentialAction":[{"@type":"ReadAction","target":["https:\/\/tuzlainfo.ba\/index.php\/novosti\/item\/264372-ilic-tuzla-ce-dobivati-ece-prihode-od-rada-termoelektrane\/"]}]},{"@type":"ImageObject","inLanguage":"bs-BA","@id":"https:\/\/tuzlainfo.ba\/index.php\/novosti\/item\/264372-ilic-tuzla-ce-dobivati-ece-prihode-od-rada-termoelektrane\/#primaryimage","url":"https:\/\/tuzlainfo.ba\/wp-content\/uploads\/2024\/08\/2308_sladjan_ilic.jpg","contentUrl":"https:\/\/tuzlainfo.ba\/wp-content\/uploads\/2024\/08\/2308_sladjan_ilic.jpg","width":1000,"height":628},{"@type":"BreadcrumbList","@id":"https:\/\/tuzlainfo.ba\/index.php\/novosti\/item\/264372-ilic-tuzla-ce-dobivati-ece-prihode-od-rada-termoelektrane\/#breadcrumb","itemListElement":[{"@type":"ListItem","position":1,"name":"Home","item":"https:\/\/tuzlainfo.ba\/"},{"@type":"ListItem","position":2,"name":"Ili\u0107: Tuzla \u0107e dobivati ve\u0107e prihode od rada Termoelektrane"}]},{"@type":"WebSite","@id":"https:\/\/tuzlainfo.ba\/#website","url":"https:\/\/tuzlainfo.ba\/","name":"TuzlaInfo.ba","description":"Tuzla info, gradski informator - Tuzla na dlanu","publisher":{"@id":"https:\/\/tuzlainfo.ba\/#organization"},"potentialAction":[{"@type":"SearchAction","target":{"@type":"EntryPoint","urlTemplate":"https:\/\/tuzlainfo.ba\/?s={search_term_string}"},"query-input":{"@type":"PropertyValueSpecification","valueRequired":true,"valueName":"search_term_string"}}],"inLanguage":"bs-BA"},{"@type":"Organization","@id":"https:\/\/tuzlainfo.ba\/#organization","name":"TuzlaInfo.ba","url":"https:\/\/tuzlainfo.ba\/","logo":{"@type":"ImageObject","inLanguage":"bs-BA","@id":"https:\/\/tuzlainfo.ba\/#\/schema\/logo\/image\/","url":"https:\/\/tuzlainfo.ba\/wp-content\/uploads\/2021\/03\/logo-ver-3-1.png","contentUrl":"https:\/\/tuzlainfo.ba\/wp-content\/uploads\/2021\/03\/logo-ver-3-1.png","width":350,"height":95,"caption":"TuzlaInfo.ba"},"image":{"@id":"https:\/\/tuzlainfo.ba\/#\/schema\/logo\/image\/"},"sameAs":["https:\/\/www.facebook.com\/tuzlainfo.ba\/"]},{"@type":"Person","@id":"https:\/\/tuzlainfo.ba\/#\/schema\/person\/46cad4c57790cbc50781edd14870825a","name":"Tuzla Info","image":{"@type":"ImageObject","inLanguage":"bs-BA","@id":"https:\/\/tuzlainfo.ba\/#\/schema\/person\/image\/","url":"https:\/\/tuzlainfo.ba\/wp-content\/litespeed\/avatar\/b6c453a6c38e3654f2e4416c643fc25c.jpg?ver=1777051911","contentUrl":"https:\/\/tuzlainfo.ba\/wp-content\/litespeed\/avatar\/b6c453a6c38e3654f2e4416c643fc25c.jpg?ver=1777051911","caption":"Tuzla Info"}}]}},"_links":{"self":[{"href":"https:\/\/tuzlainfo.ba\/index.php\/wp-json\/wp\/v2\/posts\/264372"}],"collection":[{"href":"https:\/\/tuzlainfo.ba\/index.php\/wp-json\/wp\/v2\/posts"}],"about":[{"href":"https:\/\/tuzlainfo.ba\/index.php\/wp-json\/wp\/v2\/types\/post"}],"author":[{"embeddable":true,"href":"https:\/\/tuzlainfo.ba\/index.php\/wp-json\/wp\/v2\/users\/4"}],"replies":[{"embeddable":true,"href":"https:\/\/tuzlainfo.ba\/index.php\/wp-json\/wp\/v2\/comments?post=264372"}],"version-history":[{"count":2,"href":"https:\/\/tuzlainfo.ba\/index.php\/wp-json\/wp\/v2\/posts\/264372\/revisions"}],"predecessor-version":[{"id":264375,"href":"https:\/\/tuzlainfo.ba\/index.php\/wp-json\/wp\/v2\/posts\/264372\/revisions\/264375"}],"wp:featuredmedia":[{"embeddable":true,"href":"https:\/\/tuzlainfo.ba\/index.php\/wp-json\/wp\/v2\/media\/247634"}],"wp:attachment":[{"href":"https:\/\/tuzlainfo.ba\/index.php\/wp-json\/wp\/v2\/media?parent=264372"}],"wp:term":[{"taxonomy":"category","embeddable":true,"href":"https:\/\/tuzlainfo.ba\/index.php\/wp-json\/wp\/v2\/categories?post=264372"},{"taxonomy":"post_tag","embeddable":true,"href":"https:\/\/tuzlainfo.ba\/index.php\/wp-json\/wp\/v2\/tags?post=264372"}],"curies":[{"name":"wp","href":"https:\/\/api.w.org\/{rel}","templated":true}]}}