{"id":264193,"date":"2025-03-03T20:05:36","date_gmt":"2025-03-03T19:05:36","guid":{"rendered":"https:\/\/tuzlainfo.ba\/?p=264193"},"modified":"2025-03-03T15:10:20","modified_gmt":"2025-03-03T14:10:20","slug":"privrednici-pozdravili-odluku-zivinica-o-ukidanju-komunalne-takse","status":"publish","type":"post","link":"https:\/\/tuzlainfo.ba\/index.php\/novosti\/item\/264193-privrednici-pozdravili-odluku-zivinica-o-ukidanju-komunalne-takse\/","title":{"rendered":"Privrednici pozdravili odluku \u017divinica o ukidanju komunalne takse"},"content":{"rendered":"<p>Udru\u017eenje poslodavaca u FBiH pozdravilo je odluku Gradskog vije\u0107a \u017divinice o ukidanju komunalne takse na istaknutu firmu, \u010dime je ispo\u0161tovana presuda Ustavnog suda Federacije BiH te pokazana spremnost za rastere\u0107enje privrednika i obrtnika od nepotrebnih i nepravednih, a pokazalo se i nezakonitih, nameta u poslovanju. Ova odluka i mjera \u0107e pozitivno uticati na poslovnu klimu u \u017divinicama, olak\u0161ati poslovanje poduzetnicima te podsta\u0107i ekonomski rast i razvoj.<\/p>\n<p>Nakon \u0161to je Tuzla krajem 2024. godine povukla isti potez, drago nam je vidjeti da i druge lokalne zajednice slijede ovaj primjer. Pitanje ukidanje komunalne takse na isticanje firme nije samo pitanje zakonitosti, ve\u0107 i logi\u010dnosti, jer se kao protumjera pla\u0107anju ovog nameta privrednicima i obrtnicima, ne dobija nikakva usluga u poslovanju.<\/p>\n<p>Pozivamo i ostale lokalne zajednice u Federaciji BiH da slijede ove odgovorne i ciljane poteze Tuzle i \u017divinica, te da bez odlaganja donesu odluke o ukidanju ove takse. Time \u0107e pokazati odgovornost prema privrednicima i ispo\u0161tovati pravne odluke nadle\u017enih sudskih instanci, a time \u0107e pokazati da po\u0161tuju i sudsku vlast kao dio vlasti kojoj i sami pripadaju.<br \/>\nTako\u0111er, apelujemo na nadle\u017ene institucije izvr\u0161ne i zakonodavne vlasti da nastave s dono\u0161enjem mjera koje \u0107e dodatno rasteretiti privredu, kako bi poslovna zajednica mogla neometano rasti i doprinositi dru\u0161tvenom i ekonomskom napretku.<\/p>\n","protected":false},"excerpt":{"rendered":"<p>Udru\u017eenje poslodavaca u FBiH pozdravilo je odluku Gradskog vije\u0107a \u017divinice o ukidanju komunalne takse na&hellip;<\/p>\n","protected":false},"author":4,"featured_media":79403,"comment_status":"closed","ping_status":"closed","sticky":false,"template":"","format":"standard","meta":{"_acf_changed":false,"footnotes":""},"categories":[12],"tags":[11943,409],"acf":[],"yoast_head":"<!-- This site is optimized with the Yoast SEO plugin v23.5 - https:\/\/yoast.com\/wordpress\/plugins\/seo\/ -->\n<title>Privrednici pozdravili odluku \u017divinica o ukidanju komunalne takse - TuzlaInfo.ba<\/title>\n<meta name=\"robots\" content=\"index, follow, max-snippet:-1, max-image-preview:large, max-video-preview:-1\" \/>\n<link rel=\"canonical\" href=\"https:\/\/tuzlainfo.ba\/index.php\/novosti\/item\/264193-privrednici-pozdravili-odluku-zivinica-o-ukidanju-komunalne-takse\/\" \/>\n<meta property=\"og:locale\" content=\"bs_BA\" \/>\n<meta property=\"og:type\" content=\"article\" \/>\n<meta property=\"og:title\" content=\"Privrednici pozdravili odluku \u017divinica o ukidanju komunalne takse - TuzlaInfo.ba\" \/>\n<meta property=\"og:description\" content=\"Udru\u017eenje poslodavaca u FBiH pozdravilo je odluku Gradskog vije\u0107a \u017divinice o ukidanju komunalne takse na&hellip;\" \/>\n<meta property=\"og:url\" content=\"https:\/\/tuzlainfo.ba\/index.php\/novosti\/item\/264193-privrednici-pozdravili-odluku-zivinica-o-ukidanju-komunalne-takse\/\" \/>\n<meta property=\"og:site_name\" content=\"TuzlaInfo.ba\" \/>\n<meta property=\"article:publisher\" content=\"https:\/\/www.facebook.com\/tuzlainfo.ba\/\" \/>\n<meta property=\"article:published_time\" content=\"2025-03-03T19:05:36+00:00\" \/>\n<meta property=\"article:modified_time\" content=\"2025-03-03T14:10:20+00:00\" \/>\n<meta property=\"og:image\" content=\"https:\/\/tuzlainfo.ba\/wp-content\/uploads\/2020\/05\/sadrzaj_2020_20200501_1505_zivinice.jpg\" \/>\n\t<meta property=\"og:image:width\" content=\"770\" \/>\n\t<meta property=\"og:image:height\" content=\"405\" \/>\n\t<meta property=\"og:image:type\" content=\"image\/jpeg\" \/>\n<meta name=\"author\" content=\"Tuzla Info\" \/>\n<meta name=\"twitter:card\" content=\"summary_large_image\" \/>\n<meta name=\"twitter:label1\" content=\"Written by\" \/>\n\t<meta name=\"twitter:data1\" content=\"Tuzla Info\" \/>\n\t<meta name=\"twitter:label2\" content=\"Est. reading time\" \/>\n\t<meta name=\"twitter:data2\" content=\"2 minute\" \/>\n<script type=\"application\/ld+json\" class=\"yoast-schema-graph\">{\"@context\":\"https:\/\/schema.org\",\"@graph\":[{\"@type\":\"Article\",\"@id\":\"https:\/\/tuzlainfo.ba\/index.php\/novosti\/item\/264193-privrednici-pozdravili-odluku-zivinica-o-ukidanju-komunalne-takse\/#article\",\"isPartOf\":{\"@id\":\"https:\/\/tuzlainfo.ba\/index.php\/novosti\/item\/264193-privrednici-pozdravili-odluku-zivinica-o-ukidanju-komunalne-takse\/\"},\"author\":{\"name\":\"Tuzla Info\",\"@id\":\"https:\/\/tuzlainfo.ba\/#\/schema\/person\/46cad4c57790cbc50781edd14870825a\"},\"headline\":\"Privrednici pozdravili odluku \u017divinica o ukidanju komunalne takse\",\"datePublished\":\"2025-03-03T19:05:36+00:00\",\"dateModified\":\"2025-03-03T14:10:20+00:00\",\"mainEntityOfPage\":{\"@id\":\"https:\/\/tuzlainfo.ba\/index.php\/novosti\/item\/264193-privrednici-pozdravili-odluku-zivinica-o-ukidanju-komunalne-takse\/\"},\"wordCount\":230,\"publisher\":{\"@id\":\"https:\/\/tuzlainfo.ba\/#organization\"},\"image\":{\"@id\":\"https:\/\/tuzlainfo.ba\/index.php\/novosti\/item\/264193-privrednici-pozdravili-odluku-zivinica-o-ukidanju-komunalne-takse\/#primaryimage\"},\"thumbnailUrl\":\"https:\/\/tuzlainfo.ba\/wp-content\/uploads\/2020\/05\/sadrzaj_2020_20200501_1505_zivinice.jpg\",\"keywords\":[\"komunalna taksa\",\"\u017eivinice\"],\"articleSection\":[\"Novosti\"],\"inLanguage\":\"bs-BA\"},{\"@type\":\"WebPage\",\"@id\":\"https:\/\/tuzlainfo.ba\/index.php\/novosti\/item\/264193-privrednici-pozdravili-odluku-zivinica-o-ukidanju-komunalne-takse\/\",\"url\":\"https:\/\/tuzlainfo.ba\/index.php\/novosti\/item\/264193-privrednici-pozdravili-odluku-zivinica-o-ukidanju-komunalne-takse\/\",\"name\":\"Privrednici pozdravili odluku \u017divinica o ukidanju komunalne takse - TuzlaInfo.ba\",\"isPartOf\":{\"@id\":\"https:\/\/tuzlainfo.ba\/#website\"},\"primaryImageOfPage\":{\"@id\":\"https:\/\/tuzlainfo.ba\/index.php\/novosti\/item\/264193-privrednici-pozdravili-odluku-zivinica-o-ukidanju-komunalne-takse\/#primaryimage\"},\"image\":{\"@id\":\"https:\/\/tuzlainfo.ba\/index.php\/novosti\/item\/264193-privrednici-pozdravili-odluku-zivinica-o-ukidanju-komunalne-takse\/#primaryimage\"},\"thumbnailUrl\":\"https:\/\/tuzlainfo.ba\/wp-content\/uploads\/2020\/05\/sadrzaj_2020_20200501_1505_zivinice.jpg\",\"datePublished\":\"2025-03-03T19:05:36+00:00\",\"dateModified\":\"2025-03-03T14:10:20+00:00\",\"breadcrumb\":{\"@id\":\"https:\/\/tuzlainfo.ba\/index.php\/novosti\/item\/264193-privrednici-pozdravili-odluku-zivinica-o-ukidanju-komunalne-takse\/#breadcrumb\"},\"inLanguage\":\"bs-BA\",\"potentialAction\":[{\"@type\":\"ReadAction\",\"target\":[\"https:\/\/tuzlainfo.ba\/index.php\/novosti\/item\/264193-privrednici-pozdravili-odluku-zivinica-o-ukidanju-komunalne-takse\/\"]}]},{\"@type\":\"ImageObject\",\"inLanguage\":\"bs-BA\",\"@id\":\"https:\/\/tuzlainfo.ba\/index.php\/novosti\/item\/264193-privrednici-pozdravili-odluku-zivinica-o-ukidanju-komunalne-takse\/#primaryimage\",\"url\":\"https:\/\/tuzlainfo.ba\/wp-content\/uploads\/2020\/05\/sadrzaj_2020_20200501_1505_zivinice.jpg\",\"contentUrl\":\"https:\/\/tuzlainfo.ba\/wp-content\/uploads\/2020\/05\/sadrzaj_2020_20200501_1505_zivinice.jpg\",\"width\":770,\"height\":405,\"caption\":\"1505 zivinice\"},{\"@type\":\"BreadcrumbList\",\"@id\":\"https:\/\/tuzlainfo.ba\/index.php\/novosti\/item\/264193-privrednici-pozdravili-odluku-zivinica-o-ukidanju-komunalne-takse\/#breadcrumb\",\"itemListElement\":[{\"@type\":\"ListItem\",\"position\":1,\"name\":\"Home\",\"item\":\"https:\/\/tuzlainfo.ba\/\"},{\"@type\":\"ListItem\",\"position\":2,\"name\":\"Privrednici pozdravili odluku \u017divinica o ukidanju komunalne takse\"}]},{\"@type\":\"WebSite\",\"@id\":\"https:\/\/tuzlainfo.ba\/#website\",\"url\":\"https:\/\/tuzlainfo.ba\/\",\"name\":\"TuzlaInfo.ba\",\"description\":\"Tuzla info, gradski informator - Tuzla na dlanu\",\"publisher\":{\"@id\":\"https:\/\/tuzlainfo.ba\/#organization\"},\"potentialAction\":[{\"@type\":\"SearchAction\",\"target\":{\"@type\":\"EntryPoint\",\"urlTemplate\":\"https:\/\/tuzlainfo.ba\/?s={search_term_string}\"},\"query-input\":{\"@type\":\"PropertyValueSpecification\",\"valueRequired\":true,\"valueName\":\"search_term_string\"}}],\"inLanguage\":\"bs-BA\"},{\"@type\":\"Organization\",\"@id\":\"https:\/\/tuzlainfo.ba\/#organization\",\"name\":\"TuzlaInfo.ba\",\"url\":\"https:\/\/tuzlainfo.ba\/\",\"logo\":{\"@type\":\"ImageObject\",\"inLanguage\":\"bs-BA\",\"@id\":\"https:\/\/tuzlainfo.ba\/#\/schema\/logo\/image\/\",\"url\":\"https:\/\/tuzlainfo.ba\/wp-content\/uploads\/2021\/03\/logo-ver-3-1.png\",\"contentUrl\":\"https:\/\/tuzlainfo.ba\/wp-content\/uploads\/2021\/03\/logo-ver-3-1.png\",\"width\":350,\"height\":95,\"caption\":\"TuzlaInfo.ba\"},\"image\":{\"@id\":\"https:\/\/tuzlainfo.ba\/#\/schema\/logo\/image\/\"},\"sameAs\":[\"https:\/\/www.facebook.com\/tuzlainfo.ba\/\"]},{\"@type\":\"Person\",\"@id\":\"https:\/\/tuzlainfo.ba\/#\/schema\/person\/46cad4c57790cbc50781edd14870825a\",\"name\":\"Tuzla Info\",\"image\":{\"@type\":\"ImageObject\",\"inLanguage\":\"bs-BA\",\"@id\":\"https:\/\/tuzlainfo.ba\/#\/schema\/person\/image\/\",\"url\":\"https:\/\/tuzlainfo.ba\/wp-content\/litespeed\/avatar\/b6c453a6c38e3654f2e4416c643fc25c.jpg?ver=1777051911\",\"contentUrl\":\"https:\/\/tuzlainfo.ba\/wp-content\/litespeed\/avatar\/b6c453a6c38e3654f2e4416c643fc25c.jpg?ver=1777051911\",\"caption\":\"Tuzla Info\"}}]}<\/script>\n<!-- \/ Yoast SEO plugin. -->","yoast_head_json":{"title":"Privrednici pozdravili odluku \u017divinica o ukidanju komunalne takse - TuzlaInfo.ba","robots":{"index":"index","follow":"follow","max-snippet":"max-snippet:-1","max-image-preview":"max-image-preview:large","max-video-preview":"max-video-preview:-1"},"canonical":"https:\/\/tuzlainfo.ba\/index.php\/novosti\/item\/264193-privrednici-pozdravili-odluku-zivinica-o-ukidanju-komunalne-takse\/","og_locale":"bs_BA","og_type":"article","og_title":"Privrednici pozdravili odluku \u017divinica o ukidanju komunalne takse - TuzlaInfo.ba","og_description":"Udru\u017eenje poslodavaca u FBiH pozdravilo je odluku Gradskog vije\u0107a \u017divinice o ukidanju komunalne takse na&hellip;","og_url":"https:\/\/tuzlainfo.ba\/index.php\/novosti\/item\/264193-privrednici-pozdravili-odluku-zivinica-o-ukidanju-komunalne-takse\/","og_site_name":"TuzlaInfo.ba","article_publisher":"https:\/\/www.facebook.com\/tuzlainfo.ba\/","article_published_time":"2025-03-03T19:05:36+00:00","article_modified_time":"2025-03-03T14:10:20+00:00","og_image":[{"width":770,"height":405,"url":"https:\/\/tuzlainfo.ba\/wp-content\/uploads\/2020\/05\/sadrzaj_2020_20200501_1505_zivinice.jpg","type":"image\/jpeg"}],"author":"Tuzla Info","twitter_card":"summary_large_image","twitter_misc":{"Written by":"Tuzla Info","Est. reading time":"2 minute"},"schema":{"@context":"https:\/\/schema.org","@graph":[{"@type":"Article","@id":"https:\/\/tuzlainfo.ba\/index.php\/novosti\/item\/264193-privrednici-pozdravili-odluku-zivinica-o-ukidanju-komunalne-takse\/#article","isPartOf":{"@id":"https:\/\/tuzlainfo.ba\/index.php\/novosti\/item\/264193-privrednici-pozdravili-odluku-zivinica-o-ukidanju-komunalne-takse\/"},"author":{"name":"Tuzla Info","@id":"https:\/\/tuzlainfo.ba\/#\/schema\/person\/46cad4c57790cbc50781edd14870825a"},"headline":"Privrednici pozdravili odluku \u017divinica o ukidanju komunalne takse","datePublished":"2025-03-03T19:05:36+00:00","dateModified":"2025-03-03T14:10:20+00:00","mainEntityOfPage":{"@id":"https:\/\/tuzlainfo.ba\/index.php\/novosti\/item\/264193-privrednici-pozdravili-odluku-zivinica-o-ukidanju-komunalne-takse\/"},"wordCount":230,"publisher":{"@id":"https:\/\/tuzlainfo.ba\/#organization"},"image":{"@id":"https:\/\/tuzlainfo.ba\/index.php\/novosti\/item\/264193-privrednici-pozdravili-odluku-zivinica-o-ukidanju-komunalne-takse\/#primaryimage"},"thumbnailUrl":"https:\/\/tuzlainfo.ba\/wp-content\/uploads\/2020\/05\/sadrzaj_2020_20200501_1505_zivinice.jpg","keywords":["komunalna taksa","\u017eivinice"],"articleSection":["Novosti"],"inLanguage":"bs-BA"},{"@type":"WebPage","@id":"https:\/\/tuzlainfo.ba\/index.php\/novosti\/item\/264193-privrednici-pozdravili-odluku-zivinica-o-ukidanju-komunalne-takse\/","url":"https:\/\/tuzlainfo.ba\/index.php\/novosti\/item\/264193-privrednici-pozdravili-odluku-zivinica-o-ukidanju-komunalne-takse\/","name":"Privrednici pozdravili odluku \u017divinica o ukidanju komunalne takse - TuzlaInfo.ba","isPartOf":{"@id":"https:\/\/tuzlainfo.ba\/#website"},"primaryImageOfPage":{"@id":"https:\/\/tuzlainfo.ba\/index.php\/novosti\/item\/264193-privrednici-pozdravili-odluku-zivinica-o-ukidanju-komunalne-takse\/#primaryimage"},"image":{"@id":"https:\/\/tuzlainfo.ba\/index.php\/novosti\/item\/264193-privrednici-pozdravili-odluku-zivinica-o-ukidanju-komunalne-takse\/#primaryimage"},"thumbnailUrl":"https:\/\/tuzlainfo.ba\/wp-content\/uploads\/2020\/05\/sadrzaj_2020_20200501_1505_zivinice.jpg","datePublished":"2025-03-03T19:05:36+00:00","dateModified":"2025-03-03T14:10:20+00:00","breadcrumb":{"@id":"https:\/\/tuzlainfo.ba\/index.php\/novosti\/item\/264193-privrednici-pozdravili-odluku-zivinica-o-ukidanju-komunalne-takse\/#breadcrumb"},"inLanguage":"bs-BA","potentialAction":[{"@type":"ReadAction","target":["https:\/\/tuzlainfo.ba\/index.php\/novosti\/item\/264193-privrednici-pozdravili-odluku-zivinica-o-ukidanju-komunalne-takse\/"]}]},{"@type":"ImageObject","inLanguage":"bs-BA","@id":"https:\/\/tuzlainfo.ba\/index.php\/novosti\/item\/264193-privrednici-pozdravili-odluku-zivinica-o-ukidanju-komunalne-takse\/#primaryimage","url":"https:\/\/tuzlainfo.ba\/wp-content\/uploads\/2020\/05\/sadrzaj_2020_20200501_1505_zivinice.jpg","contentUrl":"https:\/\/tuzlainfo.ba\/wp-content\/uploads\/2020\/05\/sadrzaj_2020_20200501_1505_zivinice.jpg","width":770,"height":405,"caption":"1505 zivinice"},{"@type":"BreadcrumbList","@id":"https:\/\/tuzlainfo.ba\/index.php\/novosti\/item\/264193-privrednici-pozdravili-odluku-zivinica-o-ukidanju-komunalne-takse\/#breadcrumb","itemListElement":[{"@type":"ListItem","position":1,"name":"Home","item":"https:\/\/tuzlainfo.ba\/"},{"@type":"ListItem","position":2,"name":"Privrednici pozdravili odluku \u017divinica o ukidanju komunalne takse"}]},{"@type":"WebSite","@id":"https:\/\/tuzlainfo.ba\/#website","url":"https:\/\/tuzlainfo.ba\/","name":"TuzlaInfo.ba","description":"Tuzla info, gradski informator - Tuzla na dlanu","publisher":{"@id":"https:\/\/tuzlainfo.ba\/#organization"},"potentialAction":[{"@type":"SearchAction","target":{"@type":"EntryPoint","urlTemplate":"https:\/\/tuzlainfo.ba\/?s={search_term_string}"},"query-input":{"@type":"PropertyValueSpecification","valueRequired":true,"valueName":"search_term_string"}}],"inLanguage":"bs-BA"},{"@type":"Organization","@id":"https:\/\/tuzlainfo.ba\/#organization","name":"TuzlaInfo.ba","url":"https:\/\/tuzlainfo.ba\/","logo":{"@type":"ImageObject","inLanguage":"bs-BA","@id":"https:\/\/tuzlainfo.ba\/#\/schema\/logo\/image\/","url":"https:\/\/tuzlainfo.ba\/wp-content\/uploads\/2021\/03\/logo-ver-3-1.png","contentUrl":"https:\/\/tuzlainfo.ba\/wp-content\/uploads\/2021\/03\/logo-ver-3-1.png","width":350,"height":95,"caption":"TuzlaInfo.ba"},"image":{"@id":"https:\/\/tuzlainfo.ba\/#\/schema\/logo\/image\/"},"sameAs":["https:\/\/www.facebook.com\/tuzlainfo.ba\/"]},{"@type":"Person","@id":"https:\/\/tuzlainfo.ba\/#\/schema\/person\/46cad4c57790cbc50781edd14870825a","name":"Tuzla Info","image":{"@type":"ImageObject","inLanguage":"bs-BA","@id":"https:\/\/tuzlainfo.ba\/#\/schema\/person\/image\/","url":"https:\/\/tuzlainfo.ba\/wp-content\/litespeed\/avatar\/b6c453a6c38e3654f2e4416c643fc25c.jpg?ver=1777051911","contentUrl":"https:\/\/tuzlainfo.ba\/wp-content\/litespeed\/avatar\/b6c453a6c38e3654f2e4416c643fc25c.jpg?ver=1777051911","caption":"Tuzla Info"}}]}},"_links":{"self":[{"href":"https:\/\/tuzlainfo.ba\/index.php\/wp-json\/wp\/v2\/posts\/264193"}],"collection":[{"href":"https:\/\/tuzlainfo.ba\/index.php\/wp-json\/wp\/v2\/posts"}],"about":[{"href":"https:\/\/tuzlainfo.ba\/index.php\/wp-json\/wp\/v2\/types\/post"}],"author":[{"embeddable":true,"href":"https:\/\/tuzlainfo.ba\/index.php\/wp-json\/wp\/v2\/users\/4"}],"replies":[{"embeddable":true,"href":"https:\/\/tuzlainfo.ba\/index.php\/wp-json\/wp\/v2\/comments?post=264193"}],"version-history":[{"count":1,"href":"https:\/\/tuzlainfo.ba\/index.php\/wp-json\/wp\/v2\/posts\/264193\/revisions"}],"predecessor-version":[{"id":264194,"href":"https:\/\/tuzlainfo.ba\/index.php\/wp-json\/wp\/v2\/posts\/264193\/revisions\/264194"}],"wp:featuredmedia":[{"embeddable":true,"href":"https:\/\/tuzlainfo.ba\/index.php\/wp-json\/wp\/v2\/media\/79403"}],"wp:attachment":[{"href":"https:\/\/tuzlainfo.ba\/index.php\/wp-json\/wp\/v2\/media?parent=264193"}],"wp:term":[{"taxonomy":"category","embeddable":true,"href":"https:\/\/tuzlainfo.ba\/index.php\/wp-json\/wp\/v2\/categories?post=264193"},{"taxonomy":"post_tag","embeddable":true,"href":"https:\/\/tuzlainfo.ba\/index.php\/wp-json\/wp\/v2\/tags?post=264193"}],"curies":[{"name":"wp","href":"https:\/\/api.w.org\/{rel}","templated":true}]}}