{"id":264033,"date":"2025-03-01T13:08:06","date_gmt":"2025-03-01T12:08:06","guid":{"rendered":"https:\/\/tuzlainfo.ba\/?p=264033"},"modified":"2025-03-01T10:08:58","modified_gmt":"2025-03-01T09:08:58","slug":"dean-kotiga-ponovo-stize-u-tuzlu-pridruzite-se-kvizu-na-sajmu-kafe-i-cokolade","status":"publish","type":"post","link":"https:\/\/tuzlainfo.ba\/index.php\/najava-dogadaja-2\/item\/264033-dean-kotiga-ponovo-stize-u-tuzlu-pridruzite-se-kvizu-na-sajmu-kafe-i-cokolade\/","title":{"rendered":"Dean Kotiga ponovo sti\u017ee u Tuzlu: Pridru\u017eite se kvizu na Sajmu kafe i \u010dokolade!"},"content":{"rendered":"<p>Tuzla \u0107e od 16. do 18. maja 2025. godine ponovo biti doma\u0107in omiljenog doga\u0111aja za sve ljubitelje kafe i \u010dokolade \u2013 <strong>Sajma kafe i \u010dokolade<\/strong>. Ove godine, posjetioce o\u010dekuje posebno iznena\u0111enje, jer \u0107e u sklopu manifestacije, u petak, 16. maja, biti organizovan <strong>&#8220;Kviz sa Deanom Kotigom&#8221;<\/strong>.<\/p>\n<p>Dean Kotiga, poznati televizijski kvizoman i lovac iz emisija <em>Potjera<\/em> i <em>Superpotjera<\/em>, dolazi po drugi put u Tuzlu kako bi svojim znanjem, humorom i \u0161armom obogatio ovaj jedinstveni doga\u0111aj. Posjetioci \u0107e imati priliku u\u010destvovati u interaktivnim kvizovima i edukativnim aktivnostima koje \u0107e pru\u017eiti zabavno i nezaboravno iskustvo.<\/p>\n<h3>Kako se prijaviti?<\/h3>\n<p>Svi zainteresirani mogu se prijaviti putem e-maila: <strong><a href=\"mailto:kviz@sajam.ba\">kviz@sajam.ba<\/a><\/strong>. Broj ekipa je ograni\u010den, a za prijavu su potrebni sljede\u0107i podaci: Naziv ekipe, roj \u010dlanova (maksimalno 5), ontakt predstavnika ekipe<\/p>\n<p>Vi\u0161e informacija o doga\u0111aju mo\u017eete prona\u0107i na <strong><a href=\"https:\/\/www.facebook.com\/kafaicokolada\">Facebook stranici Sajma kafe i \u010dokolade<\/a><\/strong>.<\/p>\n<p>&nbsp;<\/p>\n","protected":false},"excerpt":{"rendered":"<p>Tuzla \u0107e od 16. do 18. maja 2025. godine ponovo biti doma\u0107in omiljenog doga\u0111aja za&hellip;<\/p>\n","protected":false},"author":2,"featured_media":264034,"comment_status":"closed","ping_status":"closed","sticky":false,"template":"","format":"standard","meta":{"_acf_changed":false,"footnotes":""},"categories":[11],"tags":[10168,9928,42],"acf":[],"yoast_head":"<!-- This site is optimized with the Yoast SEO plugin v23.5 - https:\/\/yoast.com\/wordpress\/plugins\/seo\/ -->\n<title>Dean Kotiga ponovo sti\u017ee u Tuzlu: Pridru\u017eite se kvizu na Sajmu kafe i \u010dokolade! - TuzlaInfo.ba<\/title>\n<meta name=\"robots\" content=\"index, follow, max-snippet:-1, max-image-preview:large, max-video-preview:-1\" \/>\n<link rel=\"canonical\" href=\"https:\/\/tuzlainfo.ba\/index.php\/najava-dogadaja-2\/item\/264033-dean-kotiga-ponovo-stize-u-tuzlu-pridruzite-se-kvizu-na-sajmu-kafe-i-cokolade\/\" \/>\n<meta property=\"og:locale\" content=\"bs_BA\" \/>\n<meta property=\"og:type\" content=\"article\" \/>\n<meta property=\"og:title\" content=\"Dean Kotiga ponovo sti\u017ee u Tuzlu: Pridru\u017eite se kvizu na Sajmu kafe i \u010dokolade! - TuzlaInfo.ba\" \/>\n<meta property=\"og:description\" content=\"Tuzla \u0107e od 16. do 18. maja 2025. godine ponovo biti doma\u0107in omiljenog doga\u0111aja za&hellip;\" \/>\n<meta property=\"og:url\" content=\"https:\/\/tuzlainfo.ba\/index.php\/najava-dogadaja-2\/item\/264033-dean-kotiga-ponovo-stize-u-tuzlu-pridruzite-se-kvizu-na-sajmu-kafe-i-cokolade\/\" \/>\n<meta property=\"og:site_name\" content=\"TuzlaInfo.ba\" \/>\n<meta property=\"article:publisher\" content=\"https:\/\/www.facebook.com\/tuzlainfo.ba\/\" \/>\n<meta property=\"article:published_time\" content=\"2025-03-01T12:08:06+00:00\" \/>\n<meta property=\"article:modified_time\" content=\"2025-03-01T09:08:58+00:00\" \/>\n<meta property=\"og:image\" content=\"https:\/\/tuzlainfo.ba\/wp-content\/uploads\/2025\/03\/kotiga2.jpg\" \/>\n\t<meta property=\"og:image:width\" content=\"1000\" \/>\n\t<meta property=\"og:image:height\" content=\"852\" \/>\n\t<meta property=\"og:image:type\" content=\"image\/jpeg\" \/>\n<meta name=\"author\" content=\"nedim\" \/>\n<meta name=\"twitter:card\" content=\"summary_large_image\" \/>\n<meta name=\"twitter:label1\" content=\"Written by\" \/>\n\t<meta name=\"twitter:data1\" content=\"nedim\" \/>\n\t<meta name=\"twitter:label2\" content=\"Est. reading time\" \/>\n\t<meta name=\"twitter:data2\" content=\"1 minuta\" \/>\n<script type=\"application\/ld+json\" class=\"yoast-schema-graph\">{\"@context\":\"https:\/\/schema.org\",\"@graph\":[{\"@type\":\"Article\",\"@id\":\"https:\/\/tuzlainfo.ba\/index.php\/najava-dogadaja-2\/item\/264033-dean-kotiga-ponovo-stize-u-tuzlu-pridruzite-se-kvizu-na-sajmu-kafe-i-cokolade\/#article\",\"isPartOf\":{\"@id\":\"https:\/\/tuzlainfo.ba\/index.php\/najava-dogadaja-2\/item\/264033-dean-kotiga-ponovo-stize-u-tuzlu-pridruzite-se-kvizu-na-sajmu-kafe-i-cokolade\/\"},\"author\":{\"name\":\"nedim\",\"@id\":\"https:\/\/tuzlainfo.ba\/#\/schema\/person\/f434e20dc27ea133923aab08451b7f7f\"},\"headline\":\"Dean Kotiga ponovo sti\u017ee u Tuzlu: Pridru\u017eite se kvizu na Sajmu kafe i \u010dokolade!\",\"datePublished\":\"2025-03-01T12:08:06+00:00\",\"dateModified\":\"2025-03-01T09:08:58+00:00\",\"mainEntityOfPage\":{\"@id\":\"https:\/\/tuzlainfo.ba\/index.php\/najava-dogadaja-2\/item\/264033-dean-kotiga-ponovo-stize-u-tuzlu-pridruzite-se-kvizu-na-sajmu-kafe-i-cokolade\/\"},\"wordCount\":163,\"publisher\":{\"@id\":\"https:\/\/tuzlainfo.ba\/#organization\"},\"image\":{\"@id\":\"https:\/\/tuzlainfo.ba\/index.php\/najava-dogadaja-2\/item\/264033-dean-kotiga-ponovo-stize-u-tuzlu-pridruzite-se-kvizu-na-sajmu-kafe-i-cokolade\/#primaryimage\"},\"thumbnailUrl\":\"https:\/\/tuzlainfo.ba\/wp-content\/uploads\/2025\/03\/kotiga2.jpg\",\"keywords\":[\"dejan kotiga\",\"sajam kafe i \u010dokolade\",\"tuzla\"],\"articleSection\":[\"Najave i doga\u0111aji\"],\"inLanguage\":\"bs-BA\"},{\"@type\":\"WebPage\",\"@id\":\"https:\/\/tuzlainfo.ba\/index.php\/najava-dogadaja-2\/item\/264033-dean-kotiga-ponovo-stize-u-tuzlu-pridruzite-se-kvizu-na-sajmu-kafe-i-cokolade\/\",\"url\":\"https:\/\/tuzlainfo.ba\/index.php\/najava-dogadaja-2\/item\/264033-dean-kotiga-ponovo-stize-u-tuzlu-pridruzite-se-kvizu-na-sajmu-kafe-i-cokolade\/\",\"name\":\"Dean Kotiga ponovo sti\u017ee u Tuzlu: Pridru\u017eite se kvizu na Sajmu kafe i \u010dokolade! - TuzlaInfo.ba\",\"isPartOf\":{\"@id\":\"https:\/\/tuzlainfo.ba\/#website\"},\"primaryImageOfPage\":{\"@id\":\"https:\/\/tuzlainfo.ba\/index.php\/najava-dogadaja-2\/item\/264033-dean-kotiga-ponovo-stize-u-tuzlu-pridruzite-se-kvizu-na-sajmu-kafe-i-cokolade\/#primaryimage\"},\"image\":{\"@id\":\"https:\/\/tuzlainfo.ba\/index.php\/najava-dogadaja-2\/item\/264033-dean-kotiga-ponovo-stize-u-tuzlu-pridruzite-se-kvizu-na-sajmu-kafe-i-cokolade\/#primaryimage\"},\"thumbnailUrl\":\"https:\/\/tuzlainfo.ba\/wp-content\/uploads\/2025\/03\/kotiga2.jpg\",\"datePublished\":\"2025-03-01T12:08:06+00:00\",\"dateModified\":\"2025-03-01T09:08:58+00:00\",\"breadcrumb\":{\"@id\":\"https:\/\/tuzlainfo.ba\/index.php\/najava-dogadaja-2\/item\/264033-dean-kotiga-ponovo-stize-u-tuzlu-pridruzite-se-kvizu-na-sajmu-kafe-i-cokolade\/#breadcrumb\"},\"inLanguage\":\"bs-BA\",\"potentialAction\":[{\"@type\":\"ReadAction\",\"target\":[\"https:\/\/tuzlainfo.ba\/index.php\/najava-dogadaja-2\/item\/264033-dean-kotiga-ponovo-stize-u-tuzlu-pridruzite-se-kvizu-na-sajmu-kafe-i-cokolade\/\"]}]},{\"@type\":\"ImageObject\",\"inLanguage\":\"bs-BA\",\"@id\":\"https:\/\/tuzlainfo.ba\/index.php\/najava-dogadaja-2\/item\/264033-dean-kotiga-ponovo-stize-u-tuzlu-pridruzite-se-kvizu-na-sajmu-kafe-i-cokolade\/#primaryimage\",\"url\":\"https:\/\/tuzlainfo.ba\/wp-content\/uploads\/2025\/03\/kotiga2.jpg\",\"contentUrl\":\"https:\/\/tuzlainfo.ba\/wp-content\/uploads\/2025\/03\/kotiga2.jpg\",\"width\":1000,\"height\":852},{\"@type\":\"BreadcrumbList\",\"@id\":\"https:\/\/tuzlainfo.ba\/index.php\/najava-dogadaja-2\/item\/264033-dean-kotiga-ponovo-stize-u-tuzlu-pridruzite-se-kvizu-na-sajmu-kafe-i-cokolade\/#breadcrumb\",\"itemListElement\":[{\"@type\":\"ListItem\",\"position\":1,\"name\":\"Home\",\"item\":\"https:\/\/tuzlainfo.ba\/\"},{\"@type\":\"ListItem\",\"position\":2,\"name\":\"Dean Kotiga ponovo sti\u017ee u Tuzlu: Pridru\u017eite se kvizu na Sajmu kafe i \u010dokolade!\"}]},{\"@type\":\"WebSite\",\"@id\":\"https:\/\/tuzlainfo.ba\/#website\",\"url\":\"https:\/\/tuzlainfo.ba\/\",\"name\":\"TuzlaInfo.ba\",\"description\":\"Tuzla info, gradski informator - Tuzla na dlanu\",\"publisher\":{\"@id\":\"https:\/\/tuzlainfo.ba\/#organization\"},\"potentialAction\":[{\"@type\":\"SearchAction\",\"target\":{\"@type\":\"EntryPoint\",\"urlTemplate\":\"https:\/\/tuzlainfo.ba\/?s={search_term_string}\"},\"query-input\":{\"@type\":\"PropertyValueSpecification\",\"valueRequired\":true,\"valueName\":\"search_term_string\"}}],\"inLanguage\":\"bs-BA\"},{\"@type\":\"Organization\",\"@id\":\"https:\/\/tuzlainfo.ba\/#organization\",\"name\":\"TuzlaInfo.ba\",\"url\":\"https:\/\/tuzlainfo.ba\/\",\"logo\":{\"@type\":\"ImageObject\",\"inLanguage\":\"bs-BA\",\"@id\":\"https:\/\/tuzlainfo.ba\/#\/schema\/logo\/image\/\",\"url\":\"https:\/\/tuzlainfo.ba\/wp-content\/uploads\/2021\/03\/logo-ver-3-1.png\",\"contentUrl\":\"https:\/\/tuzlainfo.ba\/wp-content\/uploads\/2021\/03\/logo-ver-3-1.png\",\"width\":350,\"height\":95,\"caption\":\"TuzlaInfo.ba\"},\"image\":{\"@id\":\"https:\/\/tuzlainfo.ba\/#\/schema\/logo\/image\/\"},\"sameAs\":[\"https:\/\/www.facebook.com\/tuzlainfo.ba\/\"]},{\"@type\":\"Person\",\"@id\":\"https:\/\/tuzlainfo.ba\/#\/schema\/person\/f434e20dc27ea133923aab08451b7f7f\",\"name\":\"nedim\",\"image\":{\"@type\":\"ImageObject\",\"inLanguage\":\"bs-BA\",\"@id\":\"https:\/\/tuzlainfo.ba\/#\/schema\/person\/image\/\",\"url\":\"https:\/\/tuzlainfo.ba\/wp-content\/litespeed\/avatar\/aabad687af24844af817603ac1cbdc4f.jpg?ver=1776702173\",\"contentUrl\":\"https:\/\/tuzlainfo.ba\/wp-content\/litespeed\/avatar\/aabad687af24844af817603ac1cbdc4f.jpg?ver=1776702173\",\"caption\":\"nedim\"},\"description\":\"Tuzlainfo.ba pratite na dru\u0161tvenim mre\u017eama: Facebook, Instagram i Youtube. Svoje pri\u010de, upite i fotografije \u0161aljite na na\u0161u e-mail adresu.\"}]}<\/script>\n<!-- \/ Yoast SEO plugin. -->","yoast_head_json":{"title":"Dean Kotiga ponovo sti\u017ee u Tuzlu: Pridru\u017eite se kvizu na Sajmu kafe i \u010dokolade! - TuzlaInfo.ba","robots":{"index":"index","follow":"follow","max-snippet":"max-snippet:-1","max-image-preview":"max-image-preview:large","max-video-preview":"max-video-preview:-1"},"canonical":"https:\/\/tuzlainfo.ba\/index.php\/najava-dogadaja-2\/item\/264033-dean-kotiga-ponovo-stize-u-tuzlu-pridruzite-se-kvizu-na-sajmu-kafe-i-cokolade\/","og_locale":"bs_BA","og_type":"article","og_title":"Dean Kotiga ponovo sti\u017ee u Tuzlu: Pridru\u017eite se kvizu na Sajmu kafe i \u010dokolade! - TuzlaInfo.ba","og_description":"Tuzla \u0107e od 16. do 18. maja 2025. godine ponovo biti doma\u0107in omiljenog doga\u0111aja za&hellip;","og_url":"https:\/\/tuzlainfo.ba\/index.php\/najava-dogadaja-2\/item\/264033-dean-kotiga-ponovo-stize-u-tuzlu-pridruzite-se-kvizu-na-sajmu-kafe-i-cokolade\/","og_site_name":"TuzlaInfo.ba","article_publisher":"https:\/\/www.facebook.com\/tuzlainfo.ba\/","article_published_time":"2025-03-01T12:08:06+00:00","article_modified_time":"2025-03-01T09:08:58+00:00","og_image":[{"width":1000,"height":852,"url":"https:\/\/tuzlainfo.ba\/wp-content\/uploads\/2025\/03\/kotiga2.jpg","type":"image\/jpeg"}],"author":"nedim","twitter_card":"summary_large_image","twitter_misc":{"Written by":"nedim","Est. reading time":"1 minuta"},"schema":{"@context":"https:\/\/schema.org","@graph":[{"@type":"Article","@id":"https:\/\/tuzlainfo.ba\/index.php\/najava-dogadaja-2\/item\/264033-dean-kotiga-ponovo-stize-u-tuzlu-pridruzite-se-kvizu-na-sajmu-kafe-i-cokolade\/#article","isPartOf":{"@id":"https:\/\/tuzlainfo.ba\/index.php\/najava-dogadaja-2\/item\/264033-dean-kotiga-ponovo-stize-u-tuzlu-pridruzite-se-kvizu-na-sajmu-kafe-i-cokolade\/"},"author":{"name":"nedim","@id":"https:\/\/tuzlainfo.ba\/#\/schema\/person\/f434e20dc27ea133923aab08451b7f7f"},"headline":"Dean Kotiga ponovo sti\u017ee u Tuzlu: Pridru\u017eite se kvizu na Sajmu kafe i \u010dokolade!","datePublished":"2025-03-01T12:08:06+00:00","dateModified":"2025-03-01T09:08:58+00:00","mainEntityOfPage":{"@id":"https:\/\/tuzlainfo.ba\/index.php\/najava-dogadaja-2\/item\/264033-dean-kotiga-ponovo-stize-u-tuzlu-pridruzite-se-kvizu-na-sajmu-kafe-i-cokolade\/"},"wordCount":163,"publisher":{"@id":"https:\/\/tuzlainfo.ba\/#organization"},"image":{"@id":"https:\/\/tuzlainfo.ba\/index.php\/najava-dogadaja-2\/item\/264033-dean-kotiga-ponovo-stize-u-tuzlu-pridruzite-se-kvizu-na-sajmu-kafe-i-cokolade\/#primaryimage"},"thumbnailUrl":"https:\/\/tuzlainfo.ba\/wp-content\/uploads\/2025\/03\/kotiga2.jpg","keywords":["dejan kotiga","sajam kafe i \u010dokolade","tuzla"],"articleSection":["Najave i doga\u0111aji"],"inLanguage":"bs-BA"},{"@type":"WebPage","@id":"https:\/\/tuzlainfo.ba\/index.php\/najava-dogadaja-2\/item\/264033-dean-kotiga-ponovo-stize-u-tuzlu-pridruzite-se-kvizu-na-sajmu-kafe-i-cokolade\/","url":"https:\/\/tuzlainfo.ba\/index.php\/najava-dogadaja-2\/item\/264033-dean-kotiga-ponovo-stize-u-tuzlu-pridruzite-se-kvizu-na-sajmu-kafe-i-cokolade\/","name":"Dean Kotiga ponovo sti\u017ee u Tuzlu: Pridru\u017eite se kvizu na Sajmu kafe i \u010dokolade! - TuzlaInfo.ba","isPartOf":{"@id":"https:\/\/tuzlainfo.ba\/#website"},"primaryImageOfPage":{"@id":"https:\/\/tuzlainfo.ba\/index.php\/najava-dogadaja-2\/item\/264033-dean-kotiga-ponovo-stize-u-tuzlu-pridruzite-se-kvizu-na-sajmu-kafe-i-cokolade\/#primaryimage"},"image":{"@id":"https:\/\/tuzlainfo.ba\/index.php\/najava-dogadaja-2\/item\/264033-dean-kotiga-ponovo-stize-u-tuzlu-pridruzite-se-kvizu-na-sajmu-kafe-i-cokolade\/#primaryimage"},"thumbnailUrl":"https:\/\/tuzlainfo.ba\/wp-content\/uploads\/2025\/03\/kotiga2.jpg","datePublished":"2025-03-01T12:08:06+00:00","dateModified":"2025-03-01T09:08:58+00:00","breadcrumb":{"@id":"https:\/\/tuzlainfo.ba\/index.php\/najava-dogadaja-2\/item\/264033-dean-kotiga-ponovo-stize-u-tuzlu-pridruzite-se-kvizu-na-sajmu-kafe-i-cokolade\/#breadcrumb"},"inLanguage":"bs-BA","potentialAction":[{"@type":"ReadAction","target":["https:\/\/tuzlainfo.ba\/index.php\/najava-dogadaja-2\/item\/264033-dean-kotiga-ponovo-stize-u-tuzlu-pridruzite-se-kvizu-na-sajmu-kafe-i-cokolade\/"]}]},{"@type":"ImageObject","inLanguage":"bs-BA","@id":"https:\/\/tuzlainfo.ba\/index.php\/najava-dogadaja-2\/item\/264033-dean-kotiga-ponovo-stize-u-tuzlu-pridruzite-se-kvizu-na-sajmu-kafe-i-cokolade\/#primaryimage","url":"https:\/\/tuzlainfo.ba\/wp-content\/uploads\/2025\/03\/kotiga2.jpg","contentUrl":"https:\/\/tuzlainfo.ba\/wp-content\/uploads\/2025\/03\/kotiga2.jpg","width":1000,"height":852},{"@type":"BreadcrumbList","@id":"https:\/\/tuzlainfo.ba\/index.php\/najava-dogadaja-2\/item\/264033-dean-kotiga-ponovo-stize-u-tuzlu-pridruzite-se-kvizu-na-sajmu-kafe-i-cokolade\/#breadcrumb","itemListElement":[{"@type":"ListItem","position":1,"name":"Home","item":"https:\/\/tuzlainfo.ba\/"},{"@type":"ListItem","position":2,"name":"Dean Kotiga ponovo sti\u017ee u Tuzlu: Pridru\u017eite se kvizu na Sajmu kafe i \u010dokolade!"}]},{"@type":"WebSite","@id":"https:\/\/tuzlainfo.ba\/#website","url":"https:\/\/tuzlainfo.ba\/","name":"TuzlaInfo.ba","description":"Tuzla info, gradski informator - Tuzla na dlanu","publisher":{"@id":"https:\/\/tuzlainfo.ba\/#organization"},"potentialAction":[{"@type":"SearchAction","target":{"@type":"EntryPoint","urlTemplate":"https:\/\/tuzlainfo.ba\/?s={search_term_string}"},"query-input":{"@type":"PropertyValueSpecification","valueRequired":true,"valueName":"search_term_string"}}],"inLanguage":"bs-BA"},{"@type":"Organization","@id":"https:\/\/tuzlainfo.ba\/#organization","name":"TuzlaInfo.ba","url":"https:\/\/tuzlainfo.ba\/","logo":{"@type":"ImageObject","inLanguage":"bs-BA","@id":"https:\/\/tuzlainfo.ba\/#\/schema\/logo\/image\/","url":"https:\/\/tuzlainfo.ba\/wp-content\/uploads\/2021\/03\/logo-ver-3-1.png","contentUrl":"https:\/\/tuzlainfo.ba\/wp-content\/uploads\/2021\/03\/logo-ver-3-1.png","width":350,"height":95,"caption":"TuzlaInfo.ba"},"image":{"@id":"https:\/\/tuzlainfo.ba\/#\/schema\/logo\/image\/"},"sameAs":["https:\/\/www.facebook.com\/tuzlainfo.ba\/"]},{"@type":"Person","@id":"https:\/\/tuzlainfo.ba\/#\/schema\/person\/f434e20dc27ea133923aab08451b7f7f","name":"nedim","image":{"@type":"ImageObject","inLanguage":"bs-BA","@id":"https:\/\/tuzlainfo.ba\/#\/schema\/person\/image\/","url":"https:\/\/tuzlainfo.ba\/wp-content\/litespeed\/avatar\/aabad687af24844af817603ac1cbdc4f.jpg?ver=1776702173","contentUrl":"https:\/\/tuzlainfo.ba\/wp-content\/litespeed\/avatar\/aabad687af24844af817603ac1cbdc4f.jpg?ver=1776702173","caption":"nedim"},"description":"Tuzlainfo.ba pratite na dru\u0161tvenim mre\u017eama: Facebook, Instagram i Youtube. Svoje pri\u010de, upite i fotografije \u0161aljite na na\u0161u e-mail adresu."}]}},"_links":{"self":[{"href":"https:\/\/tuzlainfo.ba\/index.php\/wp-json\/wp\/v2\/posts\/264033"}],"collection":[{"href":"https:\/\/tuzlainfo.ba\/index.php\/wp-json\/wp\/v2\/posts"}],"about":[{"href":"https:\/\/tuzlainfo.ba\/index.php\/wp-json\/wp\/v2\/types\/post"}],"author":[{"embeddable":true,"href":"https:\/\/tuzlainfo.ba\/index.php\/wp-json\/wp\/v2\/users\/2"}],"replies":[{"embeddable":true,"href":"https:\/\/tuzlainfo.ba\/index.php\/wp-json\/wp\/v2\/comments?post=264033"}],"version-history":[{"count":1,"href":"https:\/\/tuzlainfo.ba\/index.php\/wp-json\/wp\/v2\/posts\/264033\/revisions"}],"predecessor-version":[{"id":264035,"href":"https:\/\/tuzlainfo.ba\/index.php\/wp-json\/wp\/v2\/posts\/264033\/revisions\/264035"}],"wp:featuredmedia":[{"embeddable":true,"href":"https:\/\/tuzlainfo.ba\/index.php\/wp-json\/wp\/v2\/media\/264034"}],"wp:attachment":[{"href":"https:\/\/tuzlainfo.ba\/index.php\/wp-json\/wp\/v2\/media?parent=264033"}],"wp:term":[{"taxonomy":"category","embeddable":true,"href":"https:\/\/tuzlainfo.ba\/index.php\/wp-json\/wp\/v2\/categories?post=264033"},{"taxonomy":"post_tag","embeddable":true,"href":"https:\/\/tuzlainfo.ba\/index.php\/wp-json\/wp\/v2\/tags?post=264033"}],"curies":[{"name":"wp","href":"https:\/\/api.w.org\/{rel}","templated":true}]}}