{"id":264011,"date":"2025-02-28T20:02:39","date_gmt":"2025-02-28T19:02:39","guid":{"rendered":"https:\/\/tuzlainfo.ba\/?p=264011"},"modified":"2025-02-28T20:02:39","modified_gmt":"2025-02-28T19:02:39","slug":"dvojcu-koji-je-prijetio-sutkinji-seni-uzunovic-odredjen-pritvor","status":"publish","type":"post","link":"https:\/\/tuzlainfo.ba\/index.php\/bosna-i-hercegovina\/item\/264011-dvojcu-koji-je-prijetio-sutkinji-seni-uzunovic-odredjen-pritvor\/","title":{"rendered":"Dvojcu koji je prijetio sutkinji Seni Uzunovi\u0107 odre\u0111en pritvor"},"content":{"rendered":"<div class=\"flex items-start \">\n<p id=\"excerpt\" class=\"md:mt-0 xl:mt-0 mb-5 font-sans font-semibold text-lg lg:text-xl leading-6 md:leading-7\"><span class=\"lead pt-0\">Sud BiH odredio je jednomjese\u010dni pritvor za Marka Plav\u0161i\u0107a i Ljubana Vukovi\u0107a, koji su prije dva dana prijetili sutkinji Suda BiH Seni Uzunovi\u0107.<\/span><\/p>\n<\/div>\n<div id=\"text\" class=\"break-words mt-3 text-lg lg:text-xl space-y-4 mb-3 leading-6 md:leading-8 dark:text-gray-200\">\n<p>Odlu\u010duju\u0107i o prijedlogu Tu\u017eila\u0161tva BiH za odre\u0111ivanje pritvora, Sud je danas u predmetu Marko Plav\u0161i\u0107 i dr. donio rje\u0161enje kojim je prihva\u0107en prijedlog Tu\u017eila\u0161tva BiH.<\/p>\n<p>&#8220;Te je osumnji\u010denim Marku Plav\u0161\u0107u i Ljubanu Vukovi\u0107u odre\u0111en pritvor koji po ovom rje\u0161enju mo\u017ee trajati mjesec dana, odnosno do 27.3.2025. godine ili do nove odluke Suda Bosne i Hercegovine&#8221;, saop\u0107eno je iz Suda BiH.<\/p>\n<p>Osumnji\u010deni se, dodaju iz Suda BiH, terete da su po\u010dinili krivi\u010dno djelo ometanje rada pravosu\u0111a iz \u010dlana 241. stav 2. Krivi\u010dnog zakona BiH, u vezi sa \u010dlanom 29. istog Zakona.<\/p>\n<\/div>\n","protected":false},"excerpt":{"rendered":"<p>Sud BiH odredio je jednomjese\u010dni pritvor za Marka Plav\u0161i\u0107a i Ljubana Vukovi\u0107a, koji su prije&hellip;<\/p>\n","protected":false},"author":2,"featured_media":263947,"comment_status":"closed","ping_status":"closed","sticky":false,"template":"","format":"standard","meta":{"_acf_changed":false,"footnotes":""},"categories":[291],"tags":[11918,726],"acf":[],"yoast_head":"<!-- This site is optimized with the Yoast SEO plugin v23.5 - https:\/\/yoast.com\/wordpress\/plugins\/seo\/ -->\n<title>Dvojcu koji je prijetio sutkinji Seni Uzunovi\u0107 odre\u0111en pritvor - TuzlaInfo.ba<\/title>\n<meta name=\"robots\" content=\"index, follow, max-snippet:-1, max-image-preview:large, max-video-preview:-1\" \/>\n<link rel=\"canonical\" href=\"https:\/\/tuzlainfo.ba\/index.php\/bosna-i-hercegovina\/item\/264011-dvojcu-koji-je-prijetio-sutkinji-seni-uzunovic-odredjen-pritvor\/\" \/>\n<meta property=\"og:locale\" content=\"bs_BA\" \/>\n<meta property=\"og:type\" content=\"article\" \/>\n<meta property=\"og:title\" content=\"Dvojcu koji je prijetio sutkinji Seni Uzunovi\u0107 odre\u0111en pritvor - TuzlaInfo.ba\" \/>\n<meta property=\"og:description\" content=\"Sud BiH odredio je jednomjese\u010dni pritvor za Marka Plav\u0161i\u0107a i Ljubana Vukovi\u0107a, koji su prije&hellip;\" \/>\n<meta property=\"og:url\" content=\"https:\/\/tuzlainfo.ba\/index.php\/bosna-i-hercegovina\/item\/264011-dvojcu-koji-je-prijetio-sutkinji-seni-uzunovic-odredjen-pritvor\/\" \/>\n<meta property=\"og:site_name\" content=\"TuzlaInfo.ba\" \/>\n<meta property=\"article:publisher\" content=\"https:\/\/www.facebook.com\/tuzlainfo.ba\/\" \/>\n<meta property=\"article:published_time\" content=\"2025-02-28T19:02:39+00:00\" \/>\n<meta property=\"og:image\" content=\"https:\/\/tuzlainfo.ba\/wp-content\/uploads\/2025\/02\/2802_screen.jpg\" \/>\n\t<meta property=\"og:image:width\" content=\"800\" \/>\n\t<meta property=\"og:image:height\" content=\"450\" \/>\n\t<meta property=\"og:image:type\" content=\"image\/jpeg\" \/>\n<meta name=\"author\" content=\"nedim\" \/>\n<meta name=\"twitter:card\" content=\"summary_large_image\" \/>\n<meta name=\"twitter:label1\" content=\"Written by\" \/>\n\t<meta name=\"twitter:data1\" content=\"nedim\" \/>\n\t<meta name=\"twitter:label2\" content=\"Est. reading time\" \/>\n\t<meta name=\"twitter:data2\" content=\"1 minuta\" \/>\n<script type=\"application\/ld+json\" class=\"yoast-schema-graph\">{\"@context\":\"https:\/\/schema.org\",\"@graph\":[{\"@type\":\"Article\",\"@id\":\"https:\/\/tuzlainfo.ba\/index.php\/bosna-i-hercegovina\/item\/264011-dvojcu-koji-je-prijetio-sutkinji-seni-uzunovic-odredjen-pritvor\/#article\",\"isPartOf\":{\"@id\":\"https:\/\/tuzlainfo.ba\/index.php\/bosna-i-hercegovina\/item\/264011-dvojcu-koji-je-prijetio-sutkinji-seni-uzunovic-odredjen-pritvor\/\"},\"author\":{\"name\":\"nedim\",\"@id\":\"https:\/\/tuzlainfo.ba\/#\/schema\/person\/f434e20dc27ea133923aab08451b7f7f\"},\"headline\":\"Dvojcu koji je prijetio sutkinji Seni Uzunovi\u0107 odre\u0111en pritvor\",\"datePublished\":\"2025-02-28T19:02:39+00:00\",\"dateModified\":\"2025-02-28T19:02:39+00:00\",\"mainEntityOfPage\":{\"@id\":\"https:\/\/tuzlainfo.ba\/index.php\/bosna-i-hercegovina\/item\/264011-dvojcu-koji-je-prijetio-sutkinji-seni-uzunovic-odredjen-pritvor\/\"},\"wordCount\":145,\"publisher\":{\"@id\":\"https:\/\/tuzlainfo.ba\/#organization\"},\"image\":{\"@id\":\"https:\/\/tuzlainfo.ba\/index.php\/bosna-i-hercegovina\/item\/264011-dvojcu-koji-je-prijetio-sutkinji-seni-uzunovic-odredjen-pritvor\/#primaryimage\"},\"thumbnailUrl\":\"https:\/\/tuzlainfo.ba\/wp-content\/uploads\/2025\/02\/2802_screen.jpg\",\"keywords\":[\"sena uzunovic\",\"sud bih\"],\"articleSection\":[\"Bosna i Hercegovina\"],\"inLanguage\":\"bs-BA\"},{\"@type\":\"WebPage\",\"@id\":\"https:\/\/tuzlainfo.ba\/index.php\/bosna-i-hercegovina\/item\/264011-dvojcu-koji-je-prijetio-sutkinji-seni-uzunovic-odredjen-pritvor\/\",\"url\":\"https:\/\/tuzlainfo.ba\/index.php\/bosna-i-hercegovina\/item\/264011-dvojcu-koji-je-prijetio-sutkinji-seni-uzunovic-odredjen-pritvor\/\",\"name\":\"Dvojcu koji je prijetio sutkinji Seni Uzunovi\u0107 odre\u0111en pritvor - TuzlaInfo.ba\",\"isPartOf\":{\"@id\":\"https:\/\/tuzlainfo.ba\/#website\"},\"primaryImageOfPage\":{\"@id\":\"https:\/\/tuzlainfo.ba\/index.php\/bosna-i-hercegovina\/item\/264011-dvojcu-koji-je-prijetio-sutkinji-seni-uzunovic-odredjen-pritvor\/#primaryimage\"},\"image\":{\"@id\":\"https:\/\/tuzlainfo.ba\/index.php\/bosna-i-hercegovina\/item\/264011-dvojcu-koji-je-prijetio-sutkinji-seni-uzunovic-odredjen-pritvor\/#primaryimage\"},\"thumbnailUrl\":\"https:\/\/tuzlainfo.ba\/wp-content\/uploads\/2025\/02\/2802_screen.jpg\",\"datePublished\":\"2025-02-28T19:02:39+00:00\",\"dateModified\":\"2025-02-28T19:02:39+00:00\",\"breadcrumb\":{\"@id\":\"https:\/\/tuzlainfo.ba\/index.php\/bosna-i-hercegovina\/item\/264011-dvojcu-koji-je-prijetio-sutkinji-seni-uzunovic-odredjen-pritvor\/#breadcrumb\"},\"inLanguage\":\"bs-BA\",\"potentialAction\":[{\"@type\":\"ReadAction\",\"target\":[\"https:\/\/tuzlainfo.ba\/index.php\/bosna-i-hercegovina\/item\/264011-dvojcu-koji-je-prijetio-sutkinji-seni-uzunovic-odredjen-pritvor\/\"]}]},{\"@type\":\"ImageObject\",\"inLanguage\":\"bs-BA\",\"@id\":\"https:\/\/tuzlainfo.ba\/index.php\/bosna-i-hercegovina\/item\/264011-dvojcu-koji-je-prijetio-sutkinji-seni-uzunovic-odredjen-pritvor\/#primaryimage\",\"url\":\"https:\/\/tuzlainfo.ba\/wp-content\/uploads\/2025\/02\/2802_screen.jpg\",\"contentUrl\":\"https:\/\/tuzlainfo.ba\/wp-content\/uploads\/2025\/02\/2802_screen.jpg\",\"width\":800,\"height\":450},{\"@type\":\"BreadcrumbList\",\"@id\":\"https:\/\/tuzlainfo.ba\/index.php\/bosna-i-hercegovina\/item\/264011-dvojcu-koji-je-prijetio-sutkinji-seni-uzunovic-odredjen-pritvor\/#breadcrumb\",\"itemListElement\":[{\"@type\":\"ListItem\",\"position\":1,\"name\":\"Home\",\"item\":\"https:\/\/tuzlainfo.ba\/\"},{\"@type\":\"ListItem\",\"position\":2,\"name\":\"Dvojcu koji je prijetio sutkinji Seni Uzunovi\u0107 odre\u0111en pritvor\"}]},{\"@type\":\"WebSite\",\"@id\":\"https:\/\/tuzlainfo.ba\/#website\",\"url\":\"https:\/\/tuzlainfo.ba\/\",\"name\":\"TuzlaInfo.ba\",\"description\":\"Tuzla info, gradski informator - Tuzla na dlanu\",\"publisher\":{\"@id\":\"https:\/\/tuzlainfo.ba\/#organization\"},\"potentialAction\":[{\"@type\":\"SearchAction\",\"target\":{\"@type\":\"EntryPoint\",\"urlTemplate\":\"https:\/\/tuzlainfo.ba\/?s={search_term_string}\"},\"query-input\":{\"@type\":\"PropertyValueSpecification\",\"valueRequired\":true,\"valueName\":\"search_term_string\"}}],\"inLanguage\":\"bs-BA\"},{\"@type\":\"Organization\",\"@id\":\"https:\/\/tuzlainfo.ba\/#organization\",\"name\":\"TuzlaInfo.ba\",\"url\":\"https:\/\/tuzlainfo.ba\/\",\"logo\":{\"@type\":\"ImageObject\",\"inLanguage\":\"bs-BA\",\"@id\":\"https:\/\/tuzlainfo.ba\/#\/schema\/logo\/image\/\",\"url\":\"https:\/\/tuzlainfo.ba\/wp-content\/uploads\/2021\/03\/logo-ver-3-1.png\",\"contentUrl\":\"https:\/\/tuzlainfo.ba\/wp-content\/uploads\/2021\/03\/logo-ver-3-1.png\",\"width\":350,\"height\":95,\"caption\":\"TuzlaInfo.ba\"},\"image\":{\"@id\":\"https:\/\/tuzlainfo.ba\/#\/schema\/logo\/image\/\"},\"sameAs\":[\"https:\/\/www.facebook.com\/tuzlainfo.ba\/\"]},{\"@type\":\"Person\",\"@id\":\"https:\/\/tuzlainfo.ba\/#\/schema\/person\/f434e20dc27ea133923aab08451b7f7f\",\"name\":\"nedim\",\"image\":{\"@type\":\"ImageObject\",\"inLanguage\":\"bs-BA\",\"@id\":\"https:\/\/tuzlainfo.ba\/#\/schema\/person\/image\/\",\"url\":\"https:\/\/tuzlainfo.ba\/wp-content\/litespeed\/avatar\/aabad687af24844af817603ac1cbdc4f.jpg?ver=1777306975\",\"contentUrl\":\"https:\/\/tuzlainfo.ba\/wp-content\/litespeed\/avatar\/aabad687af24844af817603ac1cbdc4f.jpg?ver=1777306975\",\"caption\":\"nedim\"},\"description\":\"Tuzlainfo.ba pratite na dru\u0161tvenim mre\u017eama: Facebook, Instagram i Youtube. Svoje pri\u010de, upite i fotografije \u0161aljite na na\u0161u e-mail adresu.\"}]}<\/script>\n<!-- \/ Yoast SEO plugin. -->","yoast_head_json":{"title":"Dvojcu koji je prijetio sutkinji Seni Uzunovi\u0107 odre\u0111en pritvor - TuzlaInfo.ba","robots":{"index":"index","follow":"follow","max-snippet":"max-snippet:-1","max-image-preview":"max-image-preview:large","max-video-preview":"max-video-preview:-1"},"canonical":"https:\/\/tuzlainfo.ba\/index.php\/bosna-i-hercegovina\/item\/264011-dvojcu-koji-je-prijetio-sutkinji-seni-uzunovic-odredjen-pritvor\/","og_locale":"bs_BA","og_type":"article","og_title":"Dvojcu koji je prijetio sutkinji Seni Uzunovi\u0107 odre\u0111en pritvor - TuzlaInfo.ba","og_description":"Sud BiH odredio je jednomjese\u010dni pritvor za Marka Plav\u0161i\u0107a i Ljubana Vukovi\u0107a, koji su prije&hellip;","og_url":"https:\/\/tuzlainfo.ba\/index.php\/bosna-i-hercegovina\/item\/264011-dvojcu-koji-je-prijetio-sutkinji-seni-uzunovic-odredjen-pritvor\/","og_site_name":"TuzlaInfo.ba","article_publisher":"https:\/\/www.facebook.com\/tuzlainfo.ba\/","article_published_time":"2025-02-28T19:02:39+00:00","og_image":[{"width":800,"height":450,"url":"https:\/\/tuzlainfo.ba\/wp-content\/uploads\/2025\/02\/2802_screen.jpg","type":"image\/jpeg"}],"author":"nedim","twitter_card":"summary_large_image","twitter_misc":{"Written by":"nedim","Est. reading time":"1 minuta"},"schema":{"@context":"https:\/\/schema.org","@graph":[{"@type":"Article","@id":"https:\/\/tuzlainfo.ba\/index.php\/bosna-i-hercegovina\/item\/264011-dvojcu-koji-je-prijetio-sutkinji-seni-uzunovic-odredjen-pritvor\/#article","isPartOf":{"@id":"https:\/\/tuzlainfo.ba\/index.php\/bosna-i-hercegovina\/item\/264011-dvojcu-koji-je-prijetio-sutkinji-seni-uzunovic-odredjen-pritvor\/"},"author":{"name":"nedim","@id":"https:\/\/tuzlainfo.ba\/#\/schema\/person\/f434e20dc27ea133923aab08451b7f7f"},"headline":"Dvojcu koji je prijetio sutkinji Seni Uzunovi\u0107 odre\u0111en pritvor","datePublished":"2025-02-28T19:02:39+00:00","dateModified":"2025-02-28T19:02:39+00:00","mainEntityOfPage":{"@id":"https:\/\/tuzlainfo.ba\/index.php\/bosna-i-hercegovina\/item\/264011-dvojcu-koji-je-prijetio-sutkinji-seni-uzunovic-odredjen-pritvor\/"},"wordCount":145,"publisher":{"@id":"https:\/\/tuzlainfo.ba\/#organization"},"image":{"@id":"https:\/\/tuzlainfo.ba\/index.php\/bosna-i-hercegovina\/item\/264011-dvojcu-koji-je-prijetio-sutkinji-seni-uzunovic-odredjen-pritvor\/#primaryimage"},"thumbnailUrl":"https:\/\/tuzlainfo.ba\/wp-content\/uploads\/2025\/02\/2802_screen.jpg","keywords":["sena uzunovic","sud bih"],"articleSection":["Bosna i Hercegovina"],"inLanguage":"bs-BA"},{"@type":"WebPage","@id":"https:\/\/tuzlainfo.ba\/index.php\/bosna-i-hercegovina\/item\/264011-dvojcu-koji-je-prijetio-sutkinji-seni-uzunovic-odredjen-pritvor\/","url":"https:\/\/tuzlainfo.ba\/index.php\/bosna-i-hercegovina\/item\/264011-dvojcu-koji-je-prijetio-sutkinji-seni-uzunovic-odredjen-pritvor\/","name":"Dvojcu koji je prijetio sutkinji Seni Uzunovi\u0107 odre\u0111en pritvor - TuzlaInfo.ba","isPartOf":{"@id":"https:\/\/tuzlainfo.ba\/#website"},"primaryImageOfPage":{"@id":"https:\/\/tuzlainfo.ba\/index.php\/bosna-i-hercegovina\/item\/264011-dvojcu-koji-je-prijetio-sutkinji-seni-uzunovic-odredjen-pritvor\/#primaryimage"},"image":{"@id":"https:\/\/tuzlainfo.ba\/index.php\/bosna-i-hercegovina\/item\/264011-dvojcu-koji-je-prijetio-sutkinji-seni-uzunovic-odredjen-pritvor\/#primaryimage"},"thumbnailUrl":"https:\/\/tuzlainfo.ba\/wp-content\/uploads\/2025\/02\/2802_screen.jpg","datePublished":"2025-02-28T19:02:39+00:00","dateModified":"2025-02-28T19:02:39+00:00","breadcrumb":{"@id":"https:\/\/tuzlainfo.ba\/index.php\/bosna-i-hercegovina\/item\/264011-dvojcu-koji-je-prijetio-sutkinji-seni-uzunovic-odredjen-pritvor\/#breadcrumb"},"inLanguage":"bs-BA","potentialAction":[{"@type":"ReadAction","target":["https:\/\/tuzlainfo.ba\/index.php\/bosna-i-hercegovina\/item\/264011-dvojcu-koji-je-prijetio-sutkinji-seni-uzunovic-odredjen-pritvor\/"]}]},{"@type":"ImageObject","inLanguage":"bs-BA","@id":"https:\/\/tuzlainfo.ba\/index.php\/bosna-i-hercegovina\/item\/264011-dvojcu-koji-je-prijetio-sutkinji-seni-uzunovic-odredjen-pritvor\/#primaryimage","url":"https:\/\/tuzlainfo.ba\/wp-content\/uploads\/2025\/02\/2802_screen.jpg","contentUrl":"https:\/\/tuzlainfo.ba\/wp-content\/uploads\/2025\/02\/2802_screen.jpg","width":800,"height":450},{"@type":"BreadcrumbList","@id":"https:\/\/tuzlainfo.ba\/index.php\/bosna-i-hercegovina\/item\/264011-dvojcu-koji-je-prijetio-sutkinji-seni-uzunovic-odredjen-pritvor\/#breadcrumb","itemListElement":[{"@type":"ListItem","position":1,"name":"Home","item":"https:\/\/tuzlainfo.ba\/"},{"@type":"ListItem","position":2,"name":"Dvojcu koji je prijetio sutkinji Seni Uzunovi\u0107 odre\u0111en pritvor"}]},{"@type":"WebSite","@id":"https:\/\/tuzlainfo.ba\/#website","url":"https:\/\/tuzlainfo.ba\/","name":"TuzlaInfo.ba","description":"Tuzla info, gradski informator - Tuzla na dlanu","publisher":{"@id":"https:\/\/tuzlainfo.ba\/#organization"},"potentialAction":[{"@type":"SearchAction","target":{"@type":"EntryPoint","urlTemplate":"https:\/\/tuzlainfo.ba\/?s={search_term_string}"},"query-input":{"@type":"PropertyValueSpecification","valueRequired":true,"valueName":"search_term_string"}}],"inLanguage":"bs-BA"},{"@type":"Organization","@id":"https:\/\/tuzlainfo.ba\/#organization","name":"TuzlaInfo.ba","url":"https:\/\/tuzlainfo.ba\/","logo":{"@type":"ImageObject","inLanguage":"bs-BA","@id":"https:\/\/tuzlainfo.ba\/#\/schema\/logo\/image\/","url":"https:\/\/tuzlainfo.ba\/wp-content\/uploads\/2021\/03\/logo-ver-3-1.png","contentUrl":"https:\/\/tuzlainfo.ba\/wp-content\/uploads\/2021\/03\/logo-ver-3-1.png","width":350,"height":95,"caption":"TuzlaInfo.ba"},"image":{"@id":"https:\/\/tuzlainfo.ba\/#\/schema\/logo\/image\/"},"sameAs":["https:\/\/www.facebook.com\/tuzlainfo.ba\/"]},{"@type":"Person","@id":"https:\/\/tuzlainfo.ba\/#\/schema\/person\/f434e20dc27ea133923aab08451b7f7f","name":"nedim","image":{"@type":"ImageObject","inLanguage":"bs-BA","@id":"https:\/\/tuzlainfo.ba\/#\/schema\/person\/image\/","url":"https:\/\/tuzlainfo.ba\/wp-content\/litespeed\/avatar\/aabad687af24844af817603ac1cbdc4f.jpg?ver=1777306975","contentUrl":"https:\/\/tuzlainfo.ba\/wp-content\/litespeed\/avatar\/aabad687af24844af817603ac1cbdc4f.jpg?ver=1777306975","caption":"nedim"},"description":"Tuzlainfo.ba pratite na dru\u0161tvenim mre\u017eama: Facebook, Instagram i Youtube. Svoje pri\u010de, upite i fotografije \u0161aljite na na\u0161u e-mail adresu."}]}},"_links":{"self":[{"href":"https:\/\/tuzlainfo.ba\/index.php\/wp-json\/wp\/v2\/posts\/264011"}],"collection":[{"href":"https:\/\/tuzlainfo.ba\/index.php\/wp-json\/wp\/v2\/posts"}],"about":[{"href":"https:\/\/tuzlainfo.ba\/index.php\/wp-json\/wp\/v2\/types\/post"}],"author":[{"embeddable":true,"href":"https:\/\/tuzlainfo.ba\/index.php\/wp-json\/wp\/v2\/users\/2"}],"replies":[{"embeddable":true,"href":"https:\/\/tuzlainfo.ba\/index.php\/wp-json\/wp\/v2\/comments?post=264011"}],"version-history":[{"count":1,"href":"https:\/\/tuzlainfo.ba\/index.php\/wp-json\/wp\/v2\/posts\/264011\/revisions"}],"predecessor-version":[{"id":264012,"href":"https:\/\/tuzlainfo.ba\/index.php\/wp-json\/wp\/v2\/posts\/264011\/revisions\/264012"}],"wp:featuredmedia":[{"embeddable":true,"href":"https:\/\/tuzlainfo.ba\/index.php\/wp-json\/wp\/v2\/media\/263947"}],"wp:attachment":[{"href":"https:\/\/tuzlainfo.ba\/index.php\/wp-json\/wp\/v2\/media?parent=264011"}],"wp:term":[{"taxonomy":"category","embeddable":true,"href":"https:\/\/tuzlainfo.ba\/index.php\/wp-json\/wp\/v2\/categories?post=264011"},{"taxonomy":"post_tag","embeddable":true,"href":"https:\/\/tuzlainfo.ba\/index.php\/wp-json\/wp\/v2\/tags?post=264011"}],"curies":[{"name":"wp","href":"https:\/\/api.w.org\/{rel}","templated":true}]}}