{"id":263705,"date":"2025-02-25T17:09:04","date_gmt":"2025-02-25T16:09:04","guid":{"rendered":"https:\/\/tuzlainfo.ba\/?p=263705"},"modified":"2025-02-26T14:58:02","modified_gmt":"2025-02-26T13:58:02","slug":"rtv-tk-priprema-sadrzajan-ramazanski-program-tradicija-vjera-i-edukacija-uz-iftar-i-sehur","status":"publish","type":"post","link":"https:\/\/tuzlainfo.ba\/index.php\/novosti\/item\/263705-rtv-tk-priprema-sadrzajan-ramazanski-program-tradicija-vjera-i-edukacija-uz-iftar-i-sehur\/","title":{"rendered":"RTV TK priprema sadr\u017eajan ramazanski program: Tradicija, vjera i edukacija uz iftar i sehur"},"content":{"rendered":"<p>Radio-televizija Tuzlanskog kantona i ovog ramazana s posebnom pa\u017enjom i odgovorno\u0161\u0107u pristupa realizaciji Ramazanskog programa, koji \u0107e se emitovati svakodnevno u prediftarsko i sehursko vrijeme tokom narednih mjesec dana.<\/p>\n<p>Publika \u0107e imati priliku pratiti bogat i sadr\u017eajan program, upakovan u dva i po sata jedinstvenog iftarskog i sat sehurskog emitovanja. Raznovrsni edukativni i inspirativni sadr\u017eaji razlog su vi\u0161e da Ramazanski program RTV TK i ove godine bude Va\u0161 prvi izbor.<\/p>\n<h3>Osvje\u017een koncept s provjerenom tradicijom<\/h3>\n<p>RTV TK ve\u0107 decenijama uspje\u0161no realizuje Ramazanski program, koji zauzima visoke pozicije na listi gledanosti. Kako bi opravdali povjerenje vjerne publike, ovogodi\u0161nji program dodatno je oboga\u0107en novim rubrikama, dok su su\u0161tina i toplina ramazanske emisije &#8220;Pred svjetlima iftara&#8221; ostale nepromijenjene.<\/p>\n<p>Gledaoci \u0107e imati priliku pratiti:<\/p>\n<p>&#8220;Putevima dobra&#8221; \u2014 rubrika posve\u0107ena pri\u010dama o 30 uspje\u0161nih mladih ljudi kojima je vjera oslonac u \u017eivotu.<\/p>\n<p>&#8220;Moja mahrama&#8221; \u2014 serijal od 30 pri\u010da u kojem sagovornice otkrivaju motive no\u0161enja hid\u017eaba i njegovo zna\u010denje u njihovom svakodnevnom \u017eivotu.<\/p>\n<p>&#8220;Moj ramazan&#8221; \u2014 razgovori s ljekarima, profesorima, umjetnicima i privrednicima o njihovom do\u017eivljaju posta i mubarek mjeseca.<\/p>\n<p>&#8220;\u010citaj&#8221; \u2014 rubrika inspirisana kur'anskom surom Ikre, gdje \u0107e ugledni profesori, pisci i bibliotekari predstavljati zna\u010dajna knji\u017eevna djela i autore.<\/p>\n<p><img fetchpriority=\"high\" decoding=\"async\" class=\"alignnone wp-image-263707 size-large\" src=\"https:\/\/tuzlainfo.ba\/wp-content\/uploads\/2025\/02\/475764251_648213891063617_6894845233029409279_n-1024x576.jpg\" alt=\"\" width=\"1024\" height=\"576\" \/><\/p>\n<p>Putem mobilnih i studijskih ekipa, gledaoci \u0107e mo\u0107i obi\u0107i Tuzlanski kanton, med\u017elise i d\u017eemate Muftijstva tuzlanskog, prenose\u0107i atmosferu ramazana iz razli\u010ditih zajednica.<\/p>\n<h3><strong>Nagrade, savjeti i posebne emisije<\/strong><\/h3>\n<p>Za one koji vole interaktivni sadr\u017eaj, emisija &#8220;Divan&#8221; donosi zanimljive teme, kvizove i nagrade za gledaoce i slu\u0161aoce. Poseban akcenat stavljen je na iftarske i sehurske preporuke &#8211; zahvaljuju\u0107i saradnji s vrijednim \u010dlanicama udru\u017eenja \u017eena iz Tuzlanskog kantona i nutricionistima, gledaoci \u0107e dobiti korisne savjete o pripremi zdravih i ukusnih ramazanskih obroka.<\/p>\n<p>Sehurski program ove godine dodatno oboga\u0107uje dokumentarni sadr\u017eaj, pru\u017eaju\u0107i gledaocima priliku da uz duhovne i edukativne pri\u010de do\u010dekaju zoru. Termini i produkcijski tim Emisija &#8220;Pred svjetlima iftara&#8221; po\u010dinje svakodnevno u 16:15 i traje do 18:45, dok \u0107e sehurski program osigurati mirnu i inspirativnu atmosferu u ranim jutarnjim satima.<\/p>\n<p>Realizaciju Ramazanskog programa ove godine potpisuje stru\u010dni tim RTV TK: Novinarke: Almira \u0160ehi\u0107, Medina Halilovi\u0107, Arina Berbi\u0107. Producent: Fuad Memi\u0107 .Monta\u017eeri: Emir Lokmi\u0107, Riad \u0160kopljak, Alisa Kahrimanovi\u0107, Begzad Musi\u0107, Mirsad Jusi\u0107 i Amer Begi\u0107. Re\u017eija: Edin Junuzagi\u0107, Alen Kuloglija, Edin Memi\u0107, Ibrahim Kabil, Denis Salki\u0107, Almir Ahmedi\u0107, Tahir Mujki\u0107, Goran Lon\u010dar, Zlatan Gr\u0111i\u0107, Azra Be\u0107irovi\u0107 i Edin Be\u010di\u0107. Marketing: \u0110ulsa Deli\u0107, Omer Isovi\u0107, Erna Begi\u0107, Edina Vrabac, Erna Grbi\u0107, Amir Had\u017eimehmedovi\u0107 i Jakub Halilovi\u0107. Urednice: Sabina Gr\u0111i\u0107 (samostalna urednica) i Maida Mustaba\u0161i\u0107 (urednica TV programa).<\/p>\n<p>Ramazanski program i ove godine realizuje se uz sna\u017enu podr\u0161ku Muftijstva tuzlanskog, dodatno nagla\u0161avaju\u0107i va\u017enost zajedni\u0161tva, vjere i humanosti tokom ovog posebnog mjeseca. Ne propustite jedinstveni Ramazanski program RTV TK \u2014 budite uz RTV TK svakodnevno, uz iftar i sehur!<strong>\/S.P.\/<\/strong><\/p>\n","protected":false},"excerpt":{"rendered":"<p>Radio-televizija Tuzlanskog kantona i ovog ramazana s posebnom pa\u017enjom i odgovorno\u0161\u0107u pristupa realizaciji Ramazanskog programa,&hellip;<\/p>\n","protected":false},"author":2,"featured_media":263708,"comment_status":"closed","ping_status":"closed","sticky":false,"template":"","format":"standard","meta":{"_acf_changed":false,"footnotes":""},"categories":[304,12],"tags":[9637,414],"acf":[],"yoast_head":"<!-- This site is optimized with the Yoast SEO plugin v23.5 - https:\/\/yoast.com\/wordpress\/plugins\/seo\/ -->\n<title>RTV TK priprema sadr\u017eajan ramazanski program: Tradicija, vjera i edukacija uz iftar i sehur - TuzlaInfo.ba<\/title>\n<meta name=\"robots\" content=\"index, follow, max-snippet:-1, max-image-preview:large, max-video-preview:-1\" \/>\n<link rel=\"canonical\" href=\"https:\/\/tuzlainfo.ba\/index.php\/novosti\/item\/263705-rtv-tk-priprema-sadrzajan-ramazanski-program-tradicija-vjera-i-edukacija-uz-iftar-i-sehur\/\" \/>\n<meta property=\"og:locale\" content=\"bs_BA\" \/>\n<meta property=\"og:type\" content=\"article\" \/>\n<meta property=\"og:title\" content=\"RTV TK priprema sadr\u017eajan ramazanski program: Tradicija, vjera i edukacija uz iftar i sehur - TuzlaInfo.ba\" \/>\n<meta property=\"og:description\" content=\"Radio-televizija Tuzlanskog kantona i ovog ramazana s posebnom pa\u017enjom i odgovorno\u0161\u0107u pristupa realizaciji Ramazanskog programa,&hellip;\" \/>\n<meta property=\"og:url\" content=\"https:\/\/tuzlainfo.ba\/index.php\/novosti\/item\/263705-rtv-tk-priprema-sadrzajan-ramazanski-program-tradicija-vjera-i-edukacija-uz-iftar-i-sehur\/\" \/>\n<meta property=\"og:site_name\" content=\"TuzlaInfo.ba\" \/>\n<meta property=\"article:publisher\" content=\"https:\/\/www.facebook.com\/tuzlainfo.ba\/\" \/>\n<meta property=\"article:published_time\" content=\"2025-02-25T16:09:04+00:00\" \/>\n<meta property=\"article:modified_time\" content=\"2025-02-26T13:58:02+00:00\" \/>\n<meta property=\"og:image\" content=\"https:\/\/tuzlainfo.ba\/wp-content\/uploads\/2025\/02\/481758441_1138315937841694_3055217251136415735_n-e1740488842321.jpg\" \/>\n\t<meta property=\"og:image:width\" content=\"1000\" \/>\n\t<meta property=\"og:image:height\" content=\"750\" \/>\n\t<meta property=\"og:image:type\" content=\"image\/jpeg\" \/>\n<meta name=\"author\" content=\"nedim\" \/>\n<meta name=\"twitter:card\" content=\"summary_large_image\" \/>\n<meta name=\"twitter:label1\" content=\"Written by\" \/>\n\t<meta name=\"twitter:data1\" content=\"nedim\" \/>\n\t<meta name=\"twitter:label2\" content=\"Est. reading time\" \/>\n\t<meta name=\"twitter:data2\" content=\"3 minute\" \/>\n<script type=\"application\/ld+json\" class=\"yoast-schema-graph\">{\"@context\":\"https:\/\/schema.org\",\"@graph\":[{\"@type\":\"Article\",\"@id\":\"https:\/\/tuzlainfo.ba\/index.php\/novosti\/item\/263705-rtv-tk-priprema-sadrzajan-ramazanski-program-tradicija-vjera-i-edukacija-uz-iftar-i-sehur\/#article\",\"isPartOf\":{\"@id\":\"https:\/\/tuzlainfo.ba\/index.php\/novosti\/item\/263705-rtv-tk-priprema-sadrzajan-ramazanski-program-tradicija-vjera-i-edukacija-uz-iftar-i-sehur\/\"},\"author\":{\"name\":\"nedim\",\"@id\":\"https:\/\/tuzlainfo.ba\/#\/schema\/person\/f434e20dc27ea133923aab08451b7f7f\"},\"headline\":\"RTV TK priprema sadr\u017eajan ramazanski program: Tradicija, vjera i edukacija uz iftar i sehur\",\"datePublished\":\"2025-02-25T16:09:04+00:00\",\"dateModified\":\"2025-02-26T13:58:02+00:00\",\"mainEntityOfPage\":{\"@id\":\"https:\/\/tuzlainfo.ba\/index.php\/novosti\/item\/263705-rtv-tk-priprema-sadrzajan-ramazanski-program-tradicija-vjera-i-edukacija-uz-iftar-i-sehur\/\"},\"wordCount\":509,\"publisher\":{\"@id\":\"https:\/\/tuzlainfo.ba\/#organization\"},\"image\":{\"@id\":\"https:\/\/tuzlainfo.ba\/index.php\/novosti\/item\/263705-rtv-tk-priprema-sadrzajan-ramazanski-program-tradicija-vjera-i-edukacija-uz-iftar-i-sehur\/#primaryimage\"},\"thumbnailUrl\":\"https:\/\/tuzlainfo.ba\/wp-content\/uploads\/2025\/02\/481758441_1138315937841694_3055217251136415735_n-e1740488842321.jpg\",\"keywords\":[\"ramazanski program\",\"RTVTK\"],\"articleSection\":[\"Istaknuto\",\"Novosti\"],\"inLanguage\":\"bs-BA\"},{\"@type\":\"WebPage\",\"@id\":\"https:\/\/tuzlainfo.ba\/index.php\/novosti\/item\/263705-rtv-tk-priprema-sadrzajan-ramazanski-program-tradicija-vjera-i-edukacija-uz-iftar-i-sehur\/\",\"url\":\"https:\/\/tuzlainfo.ba\/index.php\/novosti\/item\/263705-rtv-tk-priprema-sadrzajan-ramazanski-program-tradicija-vjera-i-edukacija-uz-iftar-i-sehur\/\",\"name\":\"RTV TK priprema sadr\u017eajan ramazanski program: Tradicija, vjera i edukacija uz iftar i sehur - TuzlaInfo.ba\",\"isPartOf\":{\"@id\":\"https:\/\/tuzlainfo.ba\/#website\"},\"primaryImageOfPage\":{\"@id\":\"https:\/\/tuzlainfo.ba\/index.php\/novosti\/item\/263705-rtv-tk-priprema-sadrzajan-ramazanski-program-tradicija-vjera-i-edukacija-uz-iftar-i-sehur\/#primaryimage\"},\"image\":{\"@id\":\"https:\/\/tuzlainfo.ba\/index.php\/novosti\/item\/263705-rtv-tk-priprema-sadrzajan-ramazanski-program-tradicija-vjera-i-edukacija-uz-iftar-i-sehur\/#primaryimage\"},\"thumbnailUrl\":\"https:\/\/tuzlainfo.ba\/wp-content\/uploads\/2025\/02\/481758441_1138315937841694_3055217251136415735_n-e1740488842321.jpg\",\"datePublished\":\"2025-02-25T16:09:04+00:00\",\"dateModified\":\"2025-02-26T13:58:02+00:00\",\"breadcrumb\":{\"@id\":\"https:\/\/tuzlainfo.ba\/index.php\/novosti\/item\/263705-rtv-tk-priprema-sadrzajan-ramazanski-program-tradicija-vjera-i-edukacija-uz-iftar-i-sehur\/#breadcrumb\"},\"inLanguage\":\"bs-BA\",\"potentialAction\":[{\"@type\":\"ReadAction\",\"target\":[\"https:\/\/tuzlainfo.ba\/index.php\/novosti\/item\/263705-rtv-tk-priprema-sadrzajan-ramazanski-program-tradicija-vjera-i-edukacija-uz-iftar-i-sehur\/\"]}]},{\"@type\":\"ImageObject\",\"inLanguage\":\"bs-BA\",\"@id\":\"https:\/\/tuzlainfo.ba\/index.php\/novosti\/item\/263705-rtv-tk-priprema-sadrzajan-ramazanski-program-tradicija-vjera-i-edukacija-uz-iftar-i-sehur\/#primaryimage\",\"url\":\"https:\/\/tuzlainfo.ba\/wp-content\/uploads\/2025\/02\/481758441_1138315937841694_3055217251136415735_n-e1740488842321.jpg\",\"contentUrl\":\"https:\/\/tuzlainfo.ba\/wp-content\/uploads\/2025\/02\/481758441_1138315937841694_3055217251136415735_n-e1740488842321.jpg\",\"width\":1000,\"height\":750},{\"@type\":\"BreadcrumbList\",\"@id\":\"https:\/\/tuzlainfo.ba\/index.php\/novosti\/item\/263705-rtv-tk-priprema-sadrzajan-ramazanski-program-tradicija-vjera-i-edukacija-uz-iftar-i-sehur\/#breadcrumb\",\"itemListElement\":[{\"@type\":\"ListItem\",\"position\":1,\"name\":\"Home\",\"item\":\"https:\/\/tuzlainfo.ba\/\"},{\"@type\":\"ListItem\",\"position\":2,\"name\":\"RTV TK priprema sadr\u017eajan ramazanski program: Tradicija, vjera i edukacija uz iftar i sehur\"}]},{\"@type\":\"WebSite\",\"@id\":\"https:\/\/tuzlainfo.ba\/#website\",\"url\":\"https:\/\/tuzlainfo.ba\/\",\"name\":\"TuzlaInfo.ba\",\"description\":\"Tuzla info, gradski informator - Tuzla na dlanu\",\"publisher\":{\"@id\":\"https:\/\/tuzlainfo.ba\/#organization\"},\"potentialAction\":[{\"@type\":\"SearchAction\",\"target\":{\"@type\":\"EntryPoint\",\"urlTemplate\":\"https:\/\/tuzlainfo.ba\/?s={search_term_string}\"},\"query-input\":{\"@type\":\"PropertyValueSpecification\",\"valueRequired\":true,\"valueName\":\"search_term_string\"}}],\"inLanguage\":\"bs-BA\"},{\"@type\":\"Organization\",\"@id\":\"https:\/\/tuzlainfo.ba\/#organization\",\"name\":\"TuzlaInfo.ba\",\"url\":\"https:\/\/tuzlainfo.ba\/\",\"logo\":{\"@type\":\"ImageObject\",\"inLanguage\":\"bs-BA\",\"@id\":\"https:\/\/tuzlainfo.ba\/#\/schema\/logo\/image\/\",\"url\":\"https:\/\/tuzlainfo.ba\/wp-content\/uploads\/2021\/03\/logo-ver-3-1.png\",\"contentUrl\":\"https:\/\/tuzlainfo.ba\/wp-content\/uploads\/2021\/03\/logo-ver-3-1.png\",\"width\":350,\"height\":95,\"caption\":\"TuzlaInfo.ba\"},\"image\":{\"@id\":\"https:\/\/tuzlainfo.ba\/#\/schema\/logo\/image\/\"},\"sameAs\":[\"https:\/\/www.facebook.com\/tuzlainfo.ba\/\"]},{\"@type\":\"Person\",\"@id\":\"https:\/\/tuzlainfo.ba\/#\/schema\/person\/f434e20dc27ea133923aab08451b7f7f\",\"name\":\"nedim\",\"image\":{\"@type\":\"ImageObject\",\"inLanguage\":\"bs-BA\",\"@id\":\"https:\/\/tuzlainfo.ba\/#\/schema\/person\/image\/\",\"url\":\"https:\/\/tuzlainfo.ba\/wp-content\/litespeed\/avatar\/aabad687af24844af817603ac1cbdc4f.jpg?ver=1776702173\",\"contentUrl\":\"https:\/\/tuzlainfo.ba\/wp-content\/litespeed\/avatar\/aabad687af24844af817603ac1cbdc4f.jpg?ver=1776702173\",\"caption\":\"nedim\"},\"description\":\"Tuzlainfo.ba pratite na dru\u0161tvenim mre\u017eama: Facebook, Instagram i Youtube. Svoje pri\u010de, upite i fotografije \u0161aljite na na\u0161u e-mail adresu.\"}]}<\/script>\n<!-- \/ Yoast SEO plugin. -->","yoast_head_json":{"title":"RTV TK priprema sadr\u017eajan ramazanski program: Tradicija, vjera i edukacija uz iftar i sehur - TuzlaInfo.ba","robots":{"index":"index","follow":"follow","max-snippet":"max-snippet:-1","max-image-preview":"max-image-preview:large","max-video-preview":"max-video-preview:-1"},"canonical":"https:\/\/tuzlainfo.ba\/index.php\/novosti\/item\/263705-rtv-tk-priprema-sadrzajan-ramazanski-program-tradicija-vjera-i-edukacija-uz-iftar-i-sehur\/","og_locale":"bs_BA","og_type":"article","og_title":"RTV TK priprema sadr\u017eajan ramazanski program: Tradicija, vjera i edukacija uz iftar i sehur - TuzlaInfo.ba","og_description":"Radio-televizija Tuzlanskog kantona i ovog ramazana s posebnom pa\u017enjom i odgovorno\u0161\u0107u pristupa realizaciji Ramazanskog programa,&hellip;","og_url":"https:\/\/tuzlainfo.ba\/index.php\/novosti\/item\/263705-rtv-tk-priprema-sadrzajan-ramazanski-program-tradicija-vjera-i-edukacija-uz-iftar-i-sehur\/","og_site_name":"TuzlaInfo.ba","article_publisher":"https:\/\/www.facebook.com\/tuzlainfo.ba\/","article_published_time":"2025-02-25T16:09:04+00:00","article_modified_time":"2025-02-26T13:58:02+00:00","og_image":[{"width":1000,"height":750,"url":"https:\/\/tuzlainfo.ba\/wp-content\/uploads\/2025\/02\/481758441_1138315937841694_3055217251136415735_n-e1740488842321.jpg","type":"image\/jpeg"}],"author":"nedim","twitter_card":"summary_large_image","twitter_misc":{"Written by":"nedim","Est. reading time":"3 minute"},"schema":{"@context":"https:\/\/schema.org","@graph":[{"@type":"Article","@id":"https:\/\/tuzlainfo.ba\/index.php\/novosti\/item\/263705-rtv-tk-priprema-sadrzajan-ramazanski-program-tradicija-vjera-i-edukacija-uz-iftar-i-sehur\/#article","isPartOf":{"@id":"https:\/\/tuzlainfo.ba\/index.php\/novosti\/item\/263705-rtv-tk-priprema-sadrzajan-ramazanski-program-tradicija-vjera-i-edukacija-uz-iftar-i-sehur\/"},"author":{"name":"nedim","@id":"https:\/\/tuzlainfo.ba\/#\/schema\/person\/f434e20dc27ea133923aab08451b7f7f"},"headline":"RTV TK priprema sadr\u017eajan ramazanski program: Tradicija, vjera i edukacija uz iftar i sehur","datePublished":"2025-02-25T16:09:04+00:00","dateModified":"2025-02-26T13:58:02+00:00","mainEntityOfPage":{"@id":"https:\/\/tuzlainfo.ba\/index.php\/novosti\/item\/263705-rtv-tk-priprema-sadrzajan-ramazanski-program-tradicija-vjera-i-edukacija-uz-iftar-i-sehur\/"},"wordCount":509,"publisher":{"@id":"https:\/\/tuzlainfo.ba\/#organization"},"image":{"@id":"https:\/\/tuzlainfo.ba\/index.php\/novosti\/item\/263705-rtv-tk-priprema-sadrzajan-ramazanski-program-tradicija-vjera-i-edukacija-uz-iftar-i-sehur\/#primaryimage"},"thumbnailUrl":"https:\/\/tuzlainfo.ba\/wp-content\/uploads\/2025\/02\/481758441_1138315937841694_3055217251136415735_n-e1740488842321.jpg","keywords":["ramazanski program","RTVTK"],"articleSection":["Istaknuto","Novosti"],"inLanguage":"bs-BA"},{"@type":"WebPage","@id":"https:\/\/tuzlainfo.ba\/index.php\/novosti\/item\/263705-rtv-tk-priprema-sadrzajan-ramazanski-program-tradicija-vjera-i-edukacija-uz-iftar-i-sehur\/","url":"https:\/\/tuzlainfo.ba\/index.php\/novosti\/item\/263705-rtv-tk-priprema-sadrzajan-ramazanski-program-tradicija-vjera-i-edukacija-uz-iftar-i-sehur\/","name":"RTV TK priprema sadr\u017eajan ramazanski program: Tradicija, vjera i edukacija uz iftar i sehur - TuzlaInfo.ba","isPartOf":{"@id":"https:\/\/tuzlainfo.ba\/#website"},"primaryImageOfPage":{"@id":"https:\/\/tuzlainfo.ba\/index.php\/novosti\/item\/263705-rtv-tk-priprema-sadrzajan-ramazanski-program-tradicija-vjera-i-edukacija-uz-iftar-i-sehur\/#primaryimage"},"image":{"@id":"https:\/\/tuzlainfo.ba\/index.php\/novosti\/item\/263705-rtv-tk-priprema-sadrzajan-ramazanski-program-tradicija-vjera-i-edukacija-uz-iftar-i-sehur\/#primaryimage"},"thumbnailUrl":"https:\/\/tuzlainfo.ba\/wp-content\/uploads\/2025\/02\/481758441_1138315937841694_3055217251136415735_n-e1740488842321.jpg","datePublished":"2025-02-25T16:09:04+00:00","dateModified":"2025-02-26T13:58:02+00:00","breadcrumb":{"@id":"https:\/\/tuzlainfo.ba\/index.php\/novosti\/item\/263705-rtv-tk-priprema-sadrzajan-ramazanski-program-tradicija-vjera-i-edukacija-uz-iftar-i-sehur\/#breadcrumb"},"inLanguage":"bs-BA","potentialAction":[{"@type":"ReadAction","target":["https:\/\/tuzlainfo.ba\/index.php\/novosti\/item\/263705-rtv-tk-priprema-sadrzajan-ramazanski-program-tradicija-vjera-i-edukacija-uz-iftar-i-sehur\/"]}]},{"@type":"ImageObject","inLanguage":"bs-BA","@id":"https:\/\/tuzlainfo.ba\/index.php\/novosti\/item\/263705-rtv-tk-priprema-sadrzajan-ramazanski-program-tradicija-vjera-i-edukacija-uz-iftar-i-sehur\/#primaryimage","url":"https:\/\/tuzlainfo.ba\/wp-content\/uploads\/2025\/02\/481758441_1138315937841694_3055217251136415735_n-e1740488842321.jpg","contentUrl":"https:\/\/tuzlainfo.ba\/wp-content\/uploads\/2025\/02\/481758441_1138315937841694_3055217251136415735_n-e1740488842321.jpg","width":1000,"height":750},{"@type":"BreadcrumbList","@id":"https:\/\/tuzlainfo.ba\/index.php\/novosti\/item\/263705-rtv-tk-priprema-sadrzajan-ramazanski-program-tradicija-vjera-i-edukacija-uz-iftar-i-sehur\/#breadcrumb","itemListElement":[{"@type":"ListItem","position":1,"name":"Home","item":"https:\/\/tuzlainfo.ba\/"},{"@type":"ListItem","position":2,"name":"RTV TK priprema sadr\u017eajan ramazanski program: Tradicija, vjera i edukacija uz iftar i sehur"}]},{"@type":"WebSite","@id":"https:\/\/tuzlainfo.ba\/#website","url":"https:\/\/tuzlainfo.ba\/","name":"TuzlaInfo.ba","description":"Tuzla info, gradski informator - Tuzla na dlanu","publisher":{"@id":"https:\/\/tuzlainfo.ba\/#organization"},"potentialAction":[{"@type":"SearchAction","target":{"@type":"EntryPoint","urlTemplate":"https:\/\/tuzlainfo.ba\/?s={search_term_string}"},"query-input":{"@type":"PropertyValueSpecification","valueRequired":true,"valueName":"search_term_string"}}],"inLanguage":"bs-BA"},{"@type":"Organization","@id":"https:\/\/tuzlainfo.ba\/#organization","name":"TuzlaInfo.ba","url":"https:\/\/tuzlainfo.ba\/","logo":{"@type":"ImageObject","inLanguage":"bs-BA","@id":"https:\/\/tuzlainfo.ba\/#\/schema\/logo\/image\/","url":"https:\/\/tuzlainfo.ba\/wp-content\/uploads\/2021\/03\/logo-ver-3-1.png","contentUrl":"https:\/\/tuzlainfo.ba\/wp-content\/uploads\/2021\/03\/logo-ver-3-1.png","width":350,"height":95,"caption":"TuzlaInfo.ba"},"image":{"@id":"https:\/\/tuzlainfo.ba\/#\/schema\/logo\/image\/"},"sameAs":["https:\/\/www.facebook.com\/tuzlainfo.ba\/"]},{"@type":"Person","@id":"https:\/\/tuzlainfo.ba\/#\/schema\/person\/f434e20dc27ea133923aab08451b7f7f","name":"nedim","image":{"@type":"ImageObject","inLanguage":"bs-BA","@id":"https:\/\/tuzlainfo.ba\/#\/schema\/person\/image\/","url":"https:\/\/tuzlainfo.ba\/wp-content\/litespeed\/avatar\/aabad687af24844af817603ac1cbdc4f.jpg?ver=1776702173","contentUrl":"https:\/\/tuzlainfo.ba\/wp-content\/litespeed\/avatar\/aabad687af24844af817603ac1cbdc4f.jpg?ver=1776702173","caption":"nedim"},"description":"Tuzlainfo.ba pratite na dru\u0161tvenim mre\u017eama: Facebook, Instagram i Youtube. Svoje pri\u010de, upite i fotografije \u0161aljite na na\u0161u e-mail adresu."}]}},"_links":{"self":[{"href":"https:\/\/tuzlainfo.ba\/index.php\/wp-json\/wp\/v2\/posts\/263705"}],"collection":[{"href":"https:\/\/tuzlainfo.ba\/index.php\/wp-json\/wp\/v2\/posts"}],"about":[{"href":"https:\/\/tuzlainfo.ba\/index.php\/wp-json\/wp\/v2\/types\/post"}],"author":[{"embeddable":true,"href":"https:\/\/tuzlainfo.ba\/index.php\/wp-json\/wp\/v2\/users\/2"}],"replies":[{"embeddable":true,"href":"https:\/\/tuzlainfo.ba\/index.php\/wp-json\/wp\/v2\/comments?post=263705"}],"version-history":[{"count":2,"href":"https:\/\/tuzlainfo.ba\/index.php\/wp-json\/wp\/v2\/posts\/263705\/revisions"}],"predecessor-version":[{"id":263813,"href":"https:\/\/tuzlainfo.ba\/index.php\/wp-json\/wp\/v2\/posts\/263705\/revisions\/263813"}],"wp:featuredmedia":[{"embeddable":true,"href":"https:\/\/tuzlainfo.ba\/index.php\/wp-json\/wp\/v2\/media\/263708"}],"wp:attachment":[{"href":"https:\/\/tuzlainfo.ba\/index.php\/wp-json\/wp\/v2\/media?parent=263705"}],"wp:term":[{"taxonomy":"category","embeddable":true,"href":"https:\/\/tuzlainfo.ba\/index.php\/wp-json\/wp\/v2\/categories?post=263705"},{"taxonomy":"post_tag","embeddable":true,"href":"https:\/\/tuzlainfo.ba\/index.php\/wp-json\/wp\/v2\/tags?post=263705"}],"curies":[{"name":"wp","href":"https:\/\/api.w.org\/{rel}","templated":true}]}}