{"id":263634,"date":"2025-02-25T09:00:21","date_gmt":"2025-02-25T08:00:21","guid":{"rendered":"https:\/\/tuzlainfo.ba\/?p=263634"},"modified":"2025-02-24T22:35:04","modified_gmt":"2025-02-24T21:35:04","slug":"danas-4-sjednica-gradskog-vijeca-tuzla-dnevnim-redom-predvidjeno-19-tacaka","status":"publish","type":"post","link":"https:\/\/tuzlainfo.ba\/index.php\/novosti\/item\/263634-danas-4-sjednica-gradskog-vijeca-tuzla-dnevnim-redom-predvidjeno-19-tacaka\/","title":{"rendered":"Danas 4. sjednica Gradskog vije\u0107a Tuzla, dnevnim redom predvi\u0111eno 19 ta\u010daka"},"content":{"rendered":"<p>Gradsko vije\u0107e Tuzle danas \u0107e odr\u017eati svoju \u010detvrtu redovnu sjednicu s po\u010detkom u 10:00 sati u sali za sjednice Gradskog vije\u0107a.<\/p>\n<p>Predvi\u0111en je slijede\u0107i Dnevni red:<\/p>\n<h4 data-start=\"118\" data-end=\"140\"><strong data-start=\"123\" data-end=\"138\">SVE\u010cANI DIO<\/strong><\/h4>\n<ol data-start=\"141\" data-end=\"464\">\n<li data-start=\"141\" data-end=\"464\">Razmatranje Izvje\u0161taja Mandatno-imunitetske komisije o Odluci Centralne izborne komisije\/Sredi\u0161njeg izbornog povjerenstva Bosne i Hercegovine o prestanku mandata i dodjeli mandata sljede\u0107em kvalifikovanom kandidatu sa liste Na\u0161a stranka (Odluka broj: 06-1-07-1-29\/25 od 23. 1. 2025. godine) \u2013 Dragana Berberovi\u0107 Gagro.<\/li>\n<\/ol>\n<h4 data-start=\"466\" data-end=\"486\"><strong data-start=\"471\" data-end=\"484\">RADNI DIO<\/strong><\/h4>\n<ol data-start=\"488\" data-end=\"2964\">\n<li data-start=\"488\" data-end=\"526\">Vije\u0107ni\u010dka pitanja i inicijative.<\/li>\n<li data-start=\"527\" data-end=\"683\">Razmatranje i usvajanje:\n<ul data-start=\"560\" data-end=\"683\">\n<li data-start=\"560\" data-end=\"618\">Bud\u017eeta Grada Tuzle za period 1.1.\u201331.12.2025. godine.<\/li>\n<li data-start=\"622\" data-end=\"683\">Odluke o izvr\u0161avanju Bud\u017eeta Grada Tuzle za 2025. godinu.<\/li>\n<\/ul>\n<\/li>\n<li data-start=\"684\" data-end=\"786\">Razmatranje i usvajanje Odluke o izmjeni Odluke o osnivanju Komisije za istinu o Tuzli 1992\u20131995.<\/li>\n<li data-start=\"787\" data-end=\"958\">Razmatranje i usvajanje Odluke o kriterijima i postupku za ostvarivanje prava na refundiranje dijela tro\u0161kova gradskog i prigradskog prijevoza iz Bud\u017eeta Grada Tuzla.<\/li>\n<li data-start=\"959\" data-end=\"1331\">Razmatranje i usvajanje:\n<ul data-start=\"992\" data-end=\"1331\">\n<li data-start=\"992\" data-end=\"1183\">Odluke o raspisivanju javnog oglasa, postupku i utvr\u0111ivanju uslova i kriterija za imenovanje zamjenika Gradskog pravobranioca u Gradskom pravobranila\u0161tvu Tuzla (sa tekstom javnog oglasa).<\/li>\n<li data-start=\"1187\" data-end=\"1331\">Rje\u0161enja o imenovanju Komisije za provo\u0111enje Javnog oglasa za imenovanje zamjenika Gradskog pravobranioca u Gradskom pravobranila\u0161tvu Tuzla.<\/li>\n<\/ul>\n<\/li>\n<li data-start=\"1332\" data-end=\"1477\">Razmatranje i usvajanje Odluke o postupku i uslovima za dodjelu sredstava za subvencioniranje tro\u0161kova sanacije zajedni\u010dkih dijelova zgrada.<\/li>\n<li data-start=\"1478\" data-end=\"2120\">Razmatranje i usvajanje:\n<ul data-start=\"1511\" data-end=\"2120\">\n<li data-start=\"1511\" data-end=\"1630\">Rje\u0161enja o razrje\u0161enju \u010dlana Upravnog odbora Javne ustanove za pred\u0161kolski odgoj i obrazovanje \u201eNa\u0161e dijete\u201c Tuzla.<\/li>\n<li data-start=\"1634\" data-end=\"1813\">Odluke o raspisivanju javnog oglasa za izbor i imenovanje predsjednika i \u010dlanova Upravnog odbora JU \u201eNa\u0161e dijete\u201c Tuzla, \u010diji je osniva\u010d Grad Tuzla (sa tekstom javnog oglasa).<\/li>\n<li data-start=\"1817\" data-end=\"1982\">Odluke o utvr\u0111ivanju posebnih uslova i kriterija za izbor i imenovanje predsjednika i \u010dlanova Upravnog odbora JU \u201eNa\u0161e dijete\u201c Tuzla, \u010diji je osniva\u010d Grad Tuzla.<\/li>\n<li data-start=\"1986\" data-end=\"2120\">Rje\u0161enja o imenovanju Komisije za izbor predsjednika i \u010dlanova Upravnog odbora JU \u201eNa\u0161e dijete\u201c Tuzla, \u010diji je osniva\u010d Grad Tuzla.<\/li>\n<\/ul>\n<\/li>\n<li data-start=\"2121\" data-end=\"2260\">Razmatranje Nacrta Odluke o izmjenama i dopunama Odluke o nazivima naseljenih mjesta, naselja, ulica i trgova na podru\u010dju grada Tuzle.<\/li>\n<li data-start=\"2261\" data-end=\"2933\">Razmatranje i usvajanje imovinsko-pravnih akata:\n<ul data-start=\"2318\" data-end=\"2933\">\n<li data-start=\"2318\" data-end=\"2373\">Odluke o izmjeni Odluke o progla\u0161enju javnog dobra.<\/li>\n<li data-start=\"2377\" data-end=\"2556\">Odluke o prodaji nekretnine u vlasni\u0161tvu Grada Tuzle neposrednom pogodbom radi oblikovanja gra\u0111evinske parcele za dogra\u0111eni poslovno-trgovinski objekat u naselju Gornja Tuzla.<\/li>\n<li data-start=\"2560\" data-end=\"2800\">Rje\u0161enja o imenovanju Komisije za provo\u0111enje postupka pregovaranja za prodaju nekretnine u vlasni\u0161tvu Grada Tuzle neposrednom pogodbom radi oblikovanja gra\u0111evinske parcele za dogra\u0111eni poslovno-trgovinski objekat u naselju Gornja Tuzla.<\/li>\n<li data-start=\"2804\" data-end=\"2933\">Zaklju\u010dka o obustavi postupka za prodaju nekretnine neposrednom pogodbom u vlasni\u0161tvu Grada Tuzle (Joldi\u0107 Edmir, KO Tuzla I).<\/li>\n<\/ul>\n<\/li>\n<li data-start=\"2934\" data-end=\"2964\">Razmatranje i usvajanje:<\/li>\n<\/ol>\n<ul data-start=\"2968\" data-end=\"3234\">\n<li data-start=\"2968\" data-end=\"3234\">Odluka o davanju saglasnosti na zaklju\u010denje ugovora o zakupu poslovnih prostorija sa vi\u0161e privrednih subjekata, uklju\u010duju\u0107i \u201eBingo\u201c d.o.o., \u201eDelali\u0107\u201c d.o.o., JKP \u201eKomemorativni centar\u201c d.o.o., \u201ePiemonte\u201c d.o.o., \u201eToko-Commerce\u201c d.o.o. i \u201eTransturist\u201c d.d. Tuzla.<\/li>\n<\/ul>\n<ol start=\"11\" data-start=\"3235\" data-end=\"3515\">\n<li data-start=\"3235\" data-end=\"3389\">Razmatranje i usvajanje Rje\u0161enja o izmjenama Rje\u0161enja o imenovanju Koordinacijske radne grupe za izradu Programa kapitalnih investicija Grada Tuzla.<\/li>\n<li data-start=\"3390\" data-end=\"3496\">Razmatranje Izvje\u0161taja o rje\u0161avanju upravnih stvari u upravnom postupku Grada Tuzle za 2024. godinu.<\/li>\n<li data-start=\"3497\" data-end=\"3515\">Razmatranje:<\/li>\n<\/ol>\n<ul data-start=\"3519\" data-end=\"3864\">\n<li data-start=\"3519\" data-end=\"3696\">Informacije o provedenom postupku po Javnom oglasu za izbor i imenovanje kandidata za predsjednika i \u010dlanova upravnih odbora u javnim ustanovama, \u010diji je osniva\u010d Grad Tuzla.<\/li>\n<li data-start=\"3700\" data-end=\"3864\">Informacije o provedenom postupku po Javnom oglasu za izbor i imenovanje predsjednika Nadzornog odbora JU \u201eCentar za kulturu\u201c Tuzla, \u010diji je osniva\u010d Grad Tuzla.<\/li>\n<\/ul>\n<ol start=\"14\" data-start=\"3865\" data-end=\"4467\">\n<li data-start=\"3865\" data-end=\"3931\">Informacija o stanju mosta\/nadvo\u017enjaka kod Panonskih jezera.<\/li>\n<li data-start=\"3932\" data-end=\"4149\">Inicijativa Sportskom savezu Grada Tuzla za finansiranje Obrazovnog programa osposobljavanja stru\u010dnih lica za rad u sportu kojeg organizuje i implementira Fakultet za tjelesni odgoj i sport Univerziteta u Tuzli.<\/li>\n<li data-start=\"4150\" data-end=\"4467\">Razmatranje i upu\u0107ivanje inicijativa nadle\u017enim organima i institucijama za ukidanje participacije u pla\u0107anju lijekova i medicinskih sredstava, registraciju novih lijekova kod Agencije za lijekove i medicinska sredstva BiH te uvr\u0161tavanje odre\u0111enih lijekova na Listu lijekova Fonda solidarnosti FBiH, uklju\u010duju\u0107i:<\/li>\n<\/ol>\n<ul data-start=\"4471\" data-end=\"4996\">\n<li data-start=\"4471\" data-end=\"4640\">Inicijativu za ukidanje participacije u pla\u0107anju lijekova i medicinskih sredstava, uklju\u010duju\u0107i medicinske ure\u0111aje i druge neophodne terapijske i operativne postupke.<\/li>\n<li data-start=\"4644\" data-end=\"4889\">Inicijativu za registraciju lijeka Metilfenidat (Methylphenidat) u Agenciji za lijekove i medicinska sredstva BiH te njegovo uvr\u0161tavanje na esencijalnu listu lijekova Zavoda za zdravstveno osiguranje i reosiguranje FBiH i Tuzlanskog kantona.<\/li>\n<li data-start=\"4893\" data-end=\"4996\">Inicijativu za uvr\u0161tavanje lijeka za plu\u0107nu hipertenziju na Listu lijekova Fonda solidarnosti FBiH.<\/li>\n<\/ul>\n<ol start=\"17\" data-start=\"4997\" data-end=\"5136\">\n<li data-start=\"4997\" data-end=\"5053\">Rasprava o Nacrtu Zakona o pozori\u0161noj djelatnosti.<\/li>\n<li data-start=\"5054\" data-end=\"5114\">Razmatranje Izvje\u0161taja Komisije za izbor i imenovanja.<\/li>\n<li data-start=\"5115\" data-end=\"5136\">Teku\u0107a pitanja.<\/li>\n<\/ol>\n","protected":false},"excerpt":{"rendered":"<p>Gradsko vije\u0107e Tuzle danas \u0107e odr\u017eati svoju \u010detvrtu redovnu sjednicu s po\u010detkom u 10:00 sati u sali za sjednice Gradskog vije\u0107a. Predvi\u0111en je slijede\u0107i Dnevni red: SVE\u010cANI DIO Razmatranje Izvje\u0161taja Mandatno-imunitetske komisije o Odluci Centralne izborne komisije\/Sredi\u0161njeg izbornog povjerenstva Bosne i Hercegovine o prestanku mandata i dodjeli mandata sljede\u0107em kvalifikovanom kandidatu sa liste Na\u0161a stranka [&hellip;]<\/p>\n","protected":false},"author":2,"featured_media":258348,"comment_status":"closed","ping_status":"closed","sticky":false,"template":"","format":"standard","meta":{"footnotes":""},"categories":[12],"tags":[11923],"class_list":["post-263634","post","type-post","status-publish","format-standard","has-post-thumbnail","hentry","category-novosti","tag-gradsko-vijece-tuzle"],"yoast_head":"<!-- This site is optimized with the Yoast SEO plugin v28.3 - https:\/\/yoast.com\/product\/yoast-seo-wordpress\/ -->\n<title>Danas 4. sjednica Gradskog vije\u0107a Tuzla, dnevnim redom predvi\u0111eno 19 ta\u010daka<\/title>\n<meta name=\"robots\" content=\"index, follow, max-snippet:-1, max-image-preview:large, max-video-preview:-1\" \/>\n<link rel=\"canonical\" href=\"https:\/\/tuzlainfo.ba\/index.php\/novosti\/item\/263634-danas-4-sjednica-gradskog-vijeca-tuzla-dnevnim-redom-predvidjeno-19-tacaka\/\" \/>\n<meta property=\"og:locale\" content=\"bs_BA\" \/>\n<meta property=\"og:type\" content=\"article\" \/>\n<meta property=\"og:title\" content=\"Danas 4. sjednica Gradskog vije\u0107a Tuzla, dnevnim redom predvi\u0111eno 19 ta\u010daka\" \/>\n<meta property=\"og:description\" content=\"Gradsko vije\u0107e Tuzle danas \u0107e odr\u017eati svoju \u010detvrtu redovnu sjednicu s po\u010detkom u 10:00 sati u sali za sjednice Gradskog vije\u0107a. Predvi\u0111en je slijede\u0107i Dnevni red: SVE\u010cANI DIO Razmatranje Izvje\u0161taja Mandatno-imunitetske komisije o Odluci Centralne izborne komisije\/Sredi\u0161njeg izbornog povjerenstva Bosne i Hercegovine o prestanku mandata i dodjeli mandata sljede\u0107em kvalifikovanom kandidatu sa liste Na\u0161a stranka [&hellip;]\" \/>\n<meta property=\"og:url\" content=\"https:\/\/tuzlainfo.ba\/index.php\/novosti\/item\/263634-danas-4-sjednica-gradskog-vijeca-tuzla-dnevnim-redom-predvidjeno-19-tacaka\/\" \/>\n<meta property=\"og:site_name\" content=\"TuzlaInfo.ba\" \/>\n<meta property=\"article:publisher\" content=\"https:\/\/www.facebook.com\/tuzlainfo.ba\/\" \/>\n<meta property=\"article:published_time\" content=\"2025-02-25T08:00:21+00:00\" \/>\n<meta property=\"og:image\" content=\"https:\/\/tuzlainfo.ba\/wp-content\/uploads\/2024\/12\/1912_gradsko-vijece-tuzla-scaled-e1738221487977.jpg\" \/>\n\t<meta property=\"og:image:width\" content=\"1000\" \/>\n\t<meta property=\"og:image:height\" content=\"667\" \/>\n\t<meta property=\"og:image:type\" content=\"image\/jpeg\" \/>\n<meta name=\"author\" content=\"nedim\" \/>\n<meta name=\"twitter:card\" content=\"summary_large_image\" \/>\n<meta name=\"twitter:label1\" content=\"Written by\" \/>\n\t<meta name=\"twitter:data1\" content=\"nedim\" \/>\n\t<meta name=\"twitter:label2\" content=\"Est. reading time\" \/>\n\t<meta name=\"twitter:data2\" content=\"4 minute\" \/>\n<script type=\"application\/ld+json\" class=\"yoast-schema-graph\">{\"@context\":\"https:\\\/\\\/schema.org\",\"@graph\":[{\"@type\":\"Article\",\"@id\":\"https:\\\/\\\/tuzlainfo.ba\\\/index.php\\\/novosti\\\/item\\\/263634-danas-4-sjednica-gradskog-vijeca-tuzla-dnevnim-redom-predvidjeno-19-tacaka\\\/#article\",\"isPartOf\":{\"@id\":\"https:\\\/\\\/tuzlainfo.ba\\\/index.php\\\/novosti\\\/item\\\/263634-danas-4-sjednica-gradskog-vijeca-tuzla-dnevnim-redom-predvidjeno-19-tacaka\\\/\"},\"author\":{\"name\":\"nedim\",\"@id\":\"https:\\\/\\\/tuzlainfo.ba\\\/#\\\/schema\\\/person\\\/f434e20dc27ea133923aab08451b7f7f\"},\"headline\":\"Danas 4. sjednica Gradskog vije\u0107a Tuzla, dnevnim redom predvi\u0111eno 19 ta\u010daka\",\"datePublished\":\"2025-02-25T08:00:21+00:00\",\"mainEntityOfPage\":{\"@id\":\"https:\\\/\\\/tuzlainfo.ba\\\/index.php\\\/novosti\\\/item\\\/263634-danas-4-sjednica-gradskog-vijeca-tuzla-dnevnim-redom-predvidjeno-19-tacaka\\\/\"},\"wordCount\":751,\"publisher\":{\"@id\":\"https:\\\/\\\/tuzlainfo.ba\\\/#organization\"},\"image\":{\"@id\":\"https:\\\/\\\/tuzlainfo.ba\\\/index.php\\\/novosti\\\/item\\\/263634-danas-4-sjednica-gradskog-vijeca-tuzla-dnevnim-redom-predvidjeno-19-tacaka\\\/#primaryimage\"},\"thumbnailUrl\":\"https:\\\/\\\/tuzlainfo.ba\\\/wp-content\\\/uploads\\\/2024\\\/12\\\/1912_gradsko-vijece-tuzla-scaled-e1738221487977.jpg\",\"keywords\":[\"gradsko vije\u0107e tuzle\"],\"articleSection\":[\"Novosti\"],\"inLanguage\":\"bs-BA\",\"copyrightYear\":\"2025\",\"copyrightHolder\":{\"@id\":\"https:\\\/\\\/tuzlainfo.ba\\\/#organization\"}},{\"@type\":\"WebPage\",\"@id\":\"https:\\\/\\\/tuzlainfo.ba\\\/index.php\\\/novosti\\\/item\\\/263634-danas-4-sjednica-gradskog-vijeca-tuzla-dnevnim-redom-predvidjeno-19-tacaka\\\/\",\"url\":\"https:\\\/\\\/tuzlainfo.ba\\\/index.php\\\/novosti\\\/item\\\/263634-danas-4-sjednica-gradskog-vijeca-tuzla-dnevnim-redom-predvidjeno-19-tacaka\\\/\",\"name\":\"Danas 4. sjednica Gradskog vije\u0107a Tuzla, dnevnim redom predvi\u0111eno 19 ta\u010daka\",\"isPartOf\":{\"@id\":\"https:\\\/\\\/tuzlainfo.ba\\\/#website\"},\"primaryImageOfPage\":{\"@id\":\"https:\\\/\\\/tuzlainfo.ba\\\/index.php\\\/novosti\\\/item\\\/263634-danas-4-sjednica-gradskog-vijeca-tuzla-dnevnim-redom-predvidjeno-19-tacaka\\\/#primaryimage\"},\"image\":{\"@id\":\"https:\\\/\\\/tuzlainfo.ba\\\/index.php\\\/novosti\\\/item\\\/263634-danas-4-sjednica-gradskog-vijeca-tuzla-dnevnim-redom-predvidjeno-19-tacaka\\\/#primaryimage\"},\"thumbnailUrl\":\"https:\\\/\\\/tuzlainfo.ba\\\/wp-content\\\/uploads\\\/2024\\\/12\\\/1912_gradsko-vijece-tuzla-scaled-e1738221487977.jpg\",\"datePublished\":\"2025-02-25T08:00:21+00:00\",\"breadcrumb\":{\"@id\":\"https:\\\/\\\/tuzlainfo.ba\\\/index.php\\\/novosti\\\/item\\\/263634-danas-4-sjednica-gradskog-vijeca-tuzla-dnevnim-redom-predvidjeno-19-tacaka\\\/#breadcrumb\"},\"inLanguage\":\"bs-BA\",\"potentialAction\":[{\"@type\":\"ReadAction\",\"target\":[\"https:\\\/\\\/tuzlainfo.ba\\\/index.php\\\/novosti\\\/item\\\/263634-danas-4-sjednica-gradskog-vijeca-tuzla-dnevnim-redom-predvidjeno-19-tacaka\\\/\"]}]},{\"@type\":\"ImageObject\",\"inLanguage\":\"bs-BA\",\"@id\":\"https:\\\/\\\/tuzlainfo.ba\\\/index.php\\\/novosti\\\/item\\\/263634-danas-4-sjednica-gradskog-vijeca-tuzla-dnevnim-redom-predvidjeno-19-tacaka\\\/#primaryimage\",\"url\":\"https:\\\/\\\/tuzlainfo.ba\\\/wp-content\\\/uploads\\\/2024\\\/12\\\/1912_gradsko-vijece-tuzla-scaled-e1738221487977.jpg\",\"contentUrl\":\"https:\\\/\\\/tuzlainfo.ba\\\/wp-content\\\/uploads\\\/2024\\\/12\\\/1912_gradsko-vijece-tuzla-scaled-e1738221487977.jpg\",\"width\":1000,\"height\":667},{\"@type\":\"BreadcrumbList\",\"@id\":\"https:\\\/\\\/tuzlainfo.ba\\\/index.php\\\/novosti\\\/item\\\/263634-danas-4-sjednica-gradskog-vijeca-tuzla-dnevnim-redom-predvidjeno-19-tacaka\\\/#breadcrumb\",\"itemListElement\":[{\"@type\":\"ListItem\",\"position\":1,\"name\":\"Home\",\"item\":\"https:\\\/\\\/tuzlainfo.ba\\\/\"},{\"@type\":\"ListItem\",\"position\":2,\"name\":\"Danas 4. sjednica Gradskog vije\u0107a Tuzla, dnevnim redom predvi\u0111eno 19 ta\u010daka\"}]},{\"@type\":\"WebSite\",\"@id\":\"https:\\\/\\\/tuzlainfo.ba\\\/#website\",\"url\":\"https:\\\/\\\/tuzlainfo.ba\\\/\",\"name\":\"TuzlaInfo.ba\",\"description\":\"Tuzla info, gradski informator - Tuzla na dlanu\",\"publisher\":{\"@id\":\"https:\\\/\\\/tuzlainfo.ba\\\/#organization\"},\"potentialAction\":[{\"@type\":\"SearchAction\",\"target\":{\"@type\":\"EntryPoint\",\"urlTemplate\":\"https:\\\/\\\/tuzlainfo.ba\\\/?s={search_term_string}\"},\"query-input\":{\"@type\":\"PropertyValueSpecification\",\"valueRequired\":true,\"valueName\":\"search_term_string\"}}],\"inLanguage\":\"bs-BA\"},{\"@type\":\"Organization\",\"@id\":\"https:\\\/\\\/tuzlainfo.ba\\\/#organization\",\"name\":\"TuzlaInfo.ba\",\"url\":\"https:\\\/\\\/tuzlainfo.ba\\\/\",\"logo\":{\"@type\":\"ImageObject\",\"inLanguage\":\"bs-BA\",\"@id\":\"https:\\\/\\\/tuzlainfo.ba\\\/#\\\/schema\\\/logo\\\/image\\\/\",\"url\":\"https:\\\/\\\/tuzlainfo.ba\\\/wp-content\\\/uploads\\\/2021\\\/03\\\/logo-ver-3-1.png\",\"contentUrl\":\"https:\\\/\\\/tuzlainfo.ba\\\/wp-content\\\/uploads\\\/2021\\\/03\\\/logo-ver-3-1.png\",\"width\":350,\"height\":95,\"caption\":\"TuzlaInfo.ba\"},\"image\":{\"@id\":\"https:\\\/\\\/tuzlainfo.ba\\\/#\\\/schema\\\/logo\\\/image\\\/\"},\"sameAs\":[\"https:\\\/\\\/www.facebook.com\\\/tuzlainfo.ba\\\/\"]},{\"@type\":\"Person\",\"@id\":\"https:\\\/\\\/tuzlainfo.ba\\\/#\\\/schema\\\/person\\\/f434e20dc27ea133923aab08451b7f7f\",\"name\":\"nedim\",\"image\":{\"@type\":\"ImageObject\",\"inLanguage\":\"bs-BA\",\"@id\":\"https:\\\/\\\/secure.gravatar.com\\\/avatar\\\/5b928a2e7e70a54208d2eb6c1edcb75a5350d6ae97d5f0a701203d456823f6f3?s=96&d=mm&r=g\",\"url\":\"https:\\\/\\\/secure.gravatar.com\\\/avatar\\\/5b928a2e7e70a54208d2eb6c1edcb75a5350d6ae97d5f0a701203d456823f6f3?s=96&d=mm&r=g\",\"contentUrl\":\"https:\\\/\\\/secure.gravatar.com\\\/avatar\\\/5b928a2e7e70a54208d2eb6c1edcb75a5350d6ae97d5f0a701203d456823f6f3?s=96&d=mm&r=g\",\"caption\":\"nedim\"},\"description\":\"Tuzlainfo.ba pratite na dru\u0161tvenim mre\u017eama: Facebook, Instagram i Youtube. Svoje pri\u010de, upite i fotografije \u0161aljite na na\u0161u e-mail adresu.\"}]}<\/script>\n<!-- \/ Yoast SEO plugin. -->","yoast_head_json":{"title":"Danas 4. sjednica Gradskog vije\u0107a Tuzla, dnevnim redom predvi\u0111eno 19 ta\u010daka","robots":{"index":"index","follow":"follow","max-snippet":"max-snippet:-1","max-image-preview":"max-image-preview:large","max-video-preview":"max-video-preview:-1"},"canonical":"https:\/\/tuzlainfo.ba\/index.php\/novosti\/item\/263634-danas-4-sjednica-gradskog-vijeca-tuzla-dnevnim-redom-predvidjeno-19-tacaka\/","og_locale":"bs_BA","og_type":"article","og_title":"Danas 4. sjednica Gradskog vije\u0107a Tuzla, dnevnim redom predvi\u0111eno 19 ta\u010daka","og_description":"Gradsko vije\u0107e Tuzle danas \u0107e odr\u017eati svoju \u010detvrtu redovnu sjednicu s po\u010detkom u 10:00 sati u sali za sjednice Gradskog vije\u0107a. Predvi\u0111en je slijede\u0107i Dnevni red: SVE\u010cANI DIO Razmatranje Izvje\u0161taja Mandatno-imunitetske komisije o Odluci Centralne izborne komisije\/Sredi\u0161njeg izbornog povjerenstva Bosne i Hercegovine o prestanku mandata i dodjeli mandata sljede\u0107em kvalifikovanom kandidatu sa liste Na\u0161a stranka [&hellip;]","og_url":"https:\/\/tuzlainfo.ba\/index.php\/novosti\/item\/263634-danas-4-sjednica-gradskog-vijeca-tuzla-dnevnim-redom-predvidjeno-19-tacaka\/","og_site_name":"TuzlaInfo.ba","article_publisher":"https:\/\/www.facebook.com\/tuzlainfo.ba\/","article_published_time":"2025-02-25T08:00:21+00:00","og_image":[{"width":1000,"height":667,"url":"https:\/\/tuzlainfo.ba\/wp-content\/uploads\/2024\/12\/1912_gradsko-vijece-tuzla-scaled-e1738221487977.jpg","type":"image\/jpeg"}],"author":"nedim","twitter_card":"summary_large_image","twitter_misc":{"Written by":"nedim","Est. reading time":"4 minute"},"schema":{"@context":"https:\/\/schema.org","@graph":[{"@type":"Article","@id":"https:\/\/tuzlainfo.ba\/index.php\/novosti\/item\/263634-danas-4-sjednica-gradskog-vijeca-tuzla-dnevnim-redom-predvidjeno-19-tacaka\/#article","isPartOf":{"@id":"https:\/\/tuzlainfo.ba\/index.php\/novosti\/item\/263634-danas-4-sjednica-gradskog-vijeca-tuzla-dnevnim-redom-predvidjeno-19-tacaka\/"},"author":{"name":"nedim","@id":"https:\/\/tuzlainfo.ba\/#\/schema\/person\/f434e20dc27ea133923aab08451b7f7f"},"headline":"Danas 4. sjednica Gradskog vije\u0107a Tuzla, dnevnim redom predvi\u0111eno 19 ta\u010daka","datePublished":"2025-02-25T08:00:21+00:00","mainEntityOfPage":{"@id":"https:\/\/tuzlainfo.ba\/index.php\/novosti\/item\/263634-danas-4-sjednica-gradskog-vijeca-tuzla-dnevnim-redom-predvidjeno-19-tacaka\/"},"wordCount":751,"publisher":{"@id":"https:\/\/tuzlainfo.ba\/#organization"},"image":{"@id":"https:\/\/tuzlainfo.ba\/index.php\/novosti\/item\/263634-danas-4-sjednica-gradskog-vijeca-tuzla-dnevnim-redom-predvidjeno-19-tacaka\/#primaryimage"},"thumbnailUrl":"https:\/\/tuzlainfo.ba\/wp-content\/uploads\/2024\/12\/1912_gradsko-vijece-tuzla-scaled-e1738221487977.jpg","keywords":["gradsko vije\u0107e tuzle"],"articleSection":["Novosti"],"inLanguage":"bs-BA","copyrightYear":"2025","copyrightHolder":{"@id":"https:\/\/tuzlainfo.ba\/#organization"}},{"@type":"WebPage","@id":"https:\/\/tuzlainfo.ba\/index.php\/novosti\/item\/263634-danas-4-sjednica-gradskog-vijeca-tuzla-dnevnim-redom-predvidjeno-19-tacaka\/","url":"https:\/\/tuzlainfo.ba\/index.php\/novosti\/item\/263634-danas-4-sjednica-gradskog-vijeca-tuzla-dnevnim-redom-predvidjeno-19-tacaka\/","name":"Danas 4. sjednica Gradskog vije\u0107a Tuzla, dnevnim redom predvi\u0111eno 19 ta\u010daka","isPartOf":{"@id":"https:\/\/tuzlainfo.ba\/#website"},"primaryImageOfPage":{"@id":"https:\/\/tuzlainfo.ba\/index.php\/novosti\/item\/263634-danas-4-sjednica-gradskog-vijeca-tuzla-dnevnim-redom-predvidjeno-19-tacaka\/#primaryimage"},"image":{"@id":"https:\/\/tuzlainfo.ba\/index.php\/novosti\/item\/263634-danas-4-sjednica-gradskog-vijeca-tuzla-dnevnim-redom-predvidjeno-19-tacaka\/#primaryimage"},"thumbnailUrl":"https:\/\/tuzlainfo.ba\/wp-content\/uploads\/2024\/12\/1912_gradsko-vijece-tuzla-scaled-e1738221487977.jpg","datePublished":"2025-02-25T08:00:21+00:00","breadcrumb":{"@id":"https:\/\/tuzlainfo.ba\/index.php\/novosti\/item\/263634-danas-4-sjednica-gradskog-vijeca-tuzla-dnevnim-redom-predvidjeno-19-tacaka\/#breadcrumb"},"inLanguage":"bs-BA","potentialAction":[{"@type":"ReadAction","target":["https:\/\/tuzlainfo.ba\/index.php\/novosti\/item\/263634-danas-4-sjednica-gradskog-vijeca-tuzla-dnevnim-redom-predvidjeno-19-tacaka\/"]}]},{"@type":"ImageObject","inLanguage":"bs-BA","@id":"https:\/\/tuzlainfo.ba\/index.php\/novosti\/item\/263634-danas-4-sjednica-gradskog-vijeca-tuzla-dnevnim-redom-predvidjeno-19-tacaka\/#primaryimage","url":"https:\/\/tuzlainfo.ba\/wp-content\/uploads\/2024\/12\/1912_gradsko-vijece-tuzla-scaled-e1738221487977.jpg","contentUrl":"https:\/\/tuzlainfo.ba\/wp-content\/uploads\/2024\/12\/1912_gradsko-vijece-tuzla-scaled-e1738221487977.jpg","width":1000,"height":667},{"@type":"BreadcrumbList","@id":"https:\/\/tuzlainfo.ba\/index.php\/novosti\/item\/263634-danas-4-sjednica-gradskog-vijeca-tuzla-dnevnim-redom-predvidjeno-19-tacaka\/#breadcrumb","itemListElement":[{"@type":"ListItem","position":1,"name":"Home","item":"https:\/\/tuzlainfo.ba\/"},{"@type":"ListItem","position":2,"name":"Danas 4. sjednica Gradskog vije\u0107a Tuzla, dnevnim redom predvi\u0111eno 19 ta\u010daka"}]},{"@type":"WebSite","@id":"https:\/\/tuzlainfo.ba\/#website","url":"https:\/\/tuzlainfo.ba\/","name":"TuzlaInfo.ba","description":"Tuzla info, gradski informator - Tuzla na dlanu","publisher":{"@id":"https:\/\/tuzlainfo.ba\/#organization"},"potentialAction":[{"@type":"SearchAction","target":{"@type":"EntryPoint","urlTemplate":"https:\/\/tuzlainfo.ba\/?s={search_term_string}"},"query-input":{"@type":"PropertyValueSpecification","valueRequired":true,"valueName":"search_term_string"}}],"inLanguage":"bs-BA"},{"@type":"Organization","@id":"https:\/\/tuzlainfo.ba\/#organization","name":"TuzlaInfo.ba","url":"https:\/\/tuzlainfo.ba\/","logo":{"@type":"ImageObject","inLanguage":"bs-BA","@id":"https:\/\/tuzlainfo.ba\/#\/schema\/logo\/image\/","url":"https:\/\/tuzlainfo.ba\/wp-content\/uploads\/2021\/03\/logo-ver-3-1.png","contentUrl":"https:\/\/tuzlainfo.ba\/wp-content\/uploads\/2021\/03\/logo-ver-3-1.png","width":350,"height":95,"caption":"TuzlaInfo.ba"},"image":{"@id":"https:\/\/tuzlainfo.ba\/#\/schema\/logo\/image\/"},"sameAs":["https:\/\/www.facebook.com\/tuzlainfo.ba\/"]},{"@type":"Person","@id":"https:\/\/tuzlainfo.ba\/#\/schema\/person\/f434e20dc27ea133923aab08451b7f7f","name":"nedim","image":{"@type":"ImageObject","inLanguage":"bs-BA","@id":"https:\/\/secure.gravatar.com\/avatar\/5b928a2e7e70a54208d2eb6c1edcb75a5350d6ae97d5f0a701203d456823f6f3?s=96&d=mm&r=g","url":"https:\/\/secure.gravatar.com\/avatar\/5b928a2e7e70a54208d2eb6c1edcb75a5350d6ae97d5f0a701203d456823f6f3?s=96&d=mm&r=g","contentUrl":"https:\/\/secure.gravatar.com\/avatar\/5b928a2e7e70a54208d2eb6c1edcb75a5350d6ae97d5f0a701203d456823f6f3?s=96&d=mm&r=g","caption":"nedim"},"description":"Tuzlainfo.ba pratite na dru\u0161tvenim mre\u017eama: Facebook, Instagram i Youtube. Svoje pri\u010de, upite i fotografije \u0161aljite na na\u0161u e-mail adresu."}]}},"_links":{"self":[{"href":"https:\/\/tuzlainfo.ba\/index.php\/wp-json\/wp\/v2\/posts\/263634","targetHints":{"allow":["GET"]}}],"collection":[{"href":"https:\/\/tuzlainfo.ba\/index.php\/wp-json\/wp\/v2\/posts"}],"about":[{"href":"https:\/\/tuzlainfo.ba\/index.php\/wp-json\/wp\/v2\/types\/post"}],"author":[{"embeddable":true,"href":"https:\/\/tuzlainfo.ba\/index.php\/wp-json\/wp\/v2\/users\/2"}],"replies":[{"embeddable":true,"href":"https:\/\/tuzlainfo.ba\/index.php\/wp-json\/wp\/v2\/comments?post=263634"}],"version-history":[{"count":1,"href":"https:\/\/tuzlainfo.ba\/index.php\/wp-json\/wp\/v2\/posts\/263634\/revisions"}],"predecessor-version":[{"id":263635,"href":"https:\/\/tuzlainfo.ba\/index.php\/wp-json\/wp\/v2\/posts\/263634\/revisions\/263635"}],"wp:featuredmedia":[{"embeddable":true,"href":"https:\/\/tuzlainfo.ba\/index.php\/wp-json\/wp\/v2\/media\/258348"}],"wp:attachment":[{"href":"https:\/\/tuzlainfo.ba\/index.php\/wp-json\/wp\/v2\/media?parent=263634"}],"wp:term":[{"taxonomy":"category","embeddable":true,"href":"https:\/\/tuzlainfo.ba\/index.php\/wp-json\/wp\/v2\/categories?post=263634"},{"taxonomy":"post_tag","embeddable":true,"href":"https:\/\/tuzlainfo.ba\/index.php\/wp-json\/wp\/v2\/tags?post=263634"}],"curies":[{"name":"wp","href":"https:\/\/api.w.org\/{rel}","templated":true}]}}