{"id":263211,"date":"2025-02-19T21:06:33","date_gmt":"2025-02-19T20:06:33","guid":{"rendered":"https:\/\/tuzlainfo.ba\/?p=263211"},"modified":"2025-02-19T21:06:33","modified_gmt":"2025-02-19T20:06:33","slug":"dodik-panicno-prijeti-presuda-bi-mogla-zadati-smrtni-ishod-bih","status":"publish","type":"post","link":"https:\/\/tuzlainfo.ba\/index.php\/bosna-i-hercegovina\/item\/263211-dodik-panicno-prijeti-presuda-bi-mogla-zadati-smrtni-ishod-bih\/","title":{"rendered":"Dodik pani\u010dno prijeti: &#8220;Presuda bi mogla zadati smrtni ishod BiH&#8221;"},"content":{"rendered":"<p>Nakon zavr\u0161nih rije\u010di na su\u0111enju predsjedniku Republike Srpske Miloradu Dodiku i vr\u0161iocu du\u017enosti direktora Slu\u017ebenog glasnika RS-a Milo\u0161u Luki\u0107u, Dodik se obratio novinarima, isti\u010du\u0107i da je odgovornost sada na sutkinji Seni Uzunovi\u0107.<\/p>\n<p>&#8220;Njena uloga je mo\u017eda jo\u0161 te\u017ea od one na kojoj ja sjedim. Znamo kakva je sarajevska \u010dar\u0161ija i da \u0107e svi poku\u0161ati dodati u prilog da se napravi politi\u010dki i pravni presedan. Snosit \u0107e odgovornost za de\u0161avanja ako budemo progla\u0161eni krivim. Nije nepoznato u BiH da pravni procesi izazivaju ogromne dru\u0161tvene procese&#8221;, izjavio je Dodik.<\/p>\n<p>Tako\u0111er je upozorio da bi presuda mogla imati ozbiljne posljedice po Bosnu i Hercegovinu:<\/p>\n<p>&#8220;Presuda bi mogla zadati i smrtni ishod BiH. Ako mi iz RS-a pozivamo na Ustav BiH, to je dokaz na\u0161e privr\u017eenosti Dejtonu. Nismo spremni ru\u0161iti Ustav BiH, to je jedina istina, svidjelo se to nekome ili ne.&#8221;<\/p>\n<p>Dodik je naglasio da, ukoliko bude progla\u0161en krivim, takva odluka bi mogla dovesti do &#8220;odsudne odbrane RS-a i njenih prava&#8221;. Istakao je da je izabran od naroda i da predstavlja njihove interese, te postavio pitanje: &#8220;\u0160ta vam je cilj? Da vi\u0161e niko ni\u0161ta ne smije progovoriti? Mi se pozivamo isklju\u010divo na Ustav BiH.&#8221;<\/p>\n<p>Presuda u ovom slu\u010daju bit \u0107e izre\u010dena 26. februara u 13 sati.<\/p>\n","protected":false},"excerpt":{"rendered":"<p>Nakon zavr\u0161nih rije\u010di na su\u0111enju predsjedniku Republike Srpske Miloradu Dodiku i vr\u0161iocu du\u017enosti direktora Slu\u017ebenog&hellip;<\/p>\n","protected":false},"author":2,"featured_media":224473,"comment_status":"closed","ping_status":"closed","sticky":false,"template":"","format":"standard","meta":{"_acf_changed":false,"footnotes":""},"categories":[291],"tags":[535,726],"acf":[],"yoast_head":"<!-- This site is optimized with the Yoast SEO plugin v23.5 - https:\/\/yoast.com\/wordpress\/plugins\/seo\/ -->\n<title>Dodik pani\u010dno prijeti: &quot;Presuda bi mogla zadati smrtni ishod BiH&quot; - TuzlaInfo.ba<\/title>\n<meta name=\"robots\" content=\"index, follow, max-snippet:-1, max-image-preview:large, max-video-preview:-1\" \/>\n<link rel=\"canonical\" href=\"https:\/\/tuzlainfo.ba\/index.php\/bosna-i-hercegovina\/item\/263211-dodik-panicno-prijeti-presuda-bi-mogla-zadati-smrtni-ishod-bih\/\" \/>\n<meta property=\"og:locale\" content=\"bs_BA\" \/>\n<meta property=\"og:type\" content=\"article\" \/>\n<meta property=\"og:title\" content=\"Dodik pani\u010dno prijeti: &quot;Presuda bi mogla zadati smrtni ishod BiH&quot; - TuzlaInfo.ba\" \/>\n<meta property=\"og:description\" content=\"Nakon zavr\u0161nih rije\u010di na su\u0111enju predsjedniku Republike Srpske Miloradu Dodiku i vr\u0161iocu du\u017enosti direktora Slu\u017ebenog&hellip;\" \/>\n<meta property=\"og:url\" content=\"https:\/\/tuzlainfo.ba\/index.php\/bosna-i-hercegovina\/item\/263211-dodik-panicno-prijeti-presuda-bi-mogla-zadati-smrtni-ishod-bih\/\" \/>\n<meta property=\"og:site_name\" content=\"TuzlaInfo.ba\" \/>\n<meta property=\"article:publisher\" content=\"https:\/\/www.facebook.com\/tuzlainfo.ba\/\" \/>\n<meta property=\"article:published_time\" content=\"2025-02-19T20:06:33+00:00\" \/>\n<meta property=\"og:image\" content=\"https:\/\/tuzlainfo.ba\/wp-content\/uploads\/2023\/12\/0612_milorad_dodik.jpg\" \/>\n\t<meta property=\"og:image:width\" content=\"800\" \/>\n\t<meta property=\"og:image:height\" content=\"608\" \/>\n\t<meta property=\"og:image:type\" content=\"image\/jpeg\" \/>\n<meta name=\"author\" content=\"nedim\" \/>\n<meta name=\"twitter:card\" content=\"summary_large_image\" \/>\n<meta name=\"twitter:label1\" content=\"Written by\" \/>\n\t<meta name=\"twitter:data1\" content=\"nedim\" \/>\n\t<meta name=\"twitter:label2\" content=\"Est. reading time\" \/>\n\t<meta name=\"twitter:data2\" content=\"2 minute\" \/>\n<script type=\"application\/ld+json\" class=\"yoast-schema-graph\">{\"@context\":\"https:\/\/schema.org\",\"@graph\":[{\"@type\":\"Article\",\"@id\":\"https:\/\/tuzlainfo.ba\/index.php\/bosna-i-hercegovina\/item\/263211-dodik-panicno-prijeti-presuda-bi-mogla-zadati-smrtni-ishod-bih\/#article\",\"isPartOf\":{\"@id\":\"https:\/\/tuzlainfo.ba\/index.php\/bosna-i-hercegovina\/item\/263211-dodik-panicno-prijeti-presuda-bi-mogla-zadati-smrtni-ishod-bih\/\"},\"author\":{\"name\":\"nedim\",\"@id\":\"https:\/\/tuzlainfo.ba\/#\/schema\/person\/f434e20dc27ea133923aab08451b7f7f\"},\"headline\":\"Dodik pani\u010dno prijeti: &#8220;Presuda bi mogla zadati smrtni ishod BiH&#8221;\",\"datePublished\":\"2025-02-19T20:06:33+00:00\",\"dateModified\":\"2025-02-19T20:06:33+00:00\",\"mainEntityOfPage\":{\"@id\":\"https:\/\/tuzlainfo.ba\/index.php\/bosna-i-hercegovina\/item\/263211-dodik-panicno-prijeti-presuda-bi-mogla-zadati-smrtni-ishod-bih\/\"},\"wordCount\":240,\"publisher\":{\"@id\":\"https:\/\/tuzlainfo.ba\/#organization\"},\"image\":{\"@id\":\"https:\/\/tuzlainfo.ba\/index.php\/bosna-i-hercegovina\/item\/263211-dodik-panicno-prijeti-presuda-bi-mogla-zadati-smrtni-ishod-bih\/#primaryimage\"},\"thumbnailUrl\":\"https:\/\/tuzlainfo.ba\/wp-content\/uploads\/2023\/12\/0612_milorad_dodik.jpg\",\"keywords\":[\"milorad dodik\",\"sud bih\"],\"articleSection\":[\"Bosna i Hercegovina\"],\"inLanguage\":\"bs-BA\"},{\"@type\":\"WebPage\",\"@id\":\"https:\/\/tuzlainfo.ba\/index.php\/bosna-i-hercegovina\/item\/263211-dodik-panicno-prijeti-presuda-bi-mogla-zadati-smrtni-ishod-bih\/\",\"url\":\"https:\/\/tuzlainfo.ba\/index.php\/bosna-i-hercegovina\/item\/263211-dodik-panicno-prijeti-presuda-bi-mogla-zadati-smrtni-ishod-bih\/\",\"name\":\"Dodik pani\u010dno prijeti: \\\"Presuda bi mogla zadati smrtni ishod BiH\\\" - TuzlaInfo.ba\",\"isPartOf\":{\"@id\":\"https:\/\/tuzlainfo.ba\/#website\"},\"primaryImageOfPage\":{\"@id\":\"https:\/\/tuzlainfo.ba\/index.php\/bosna-i-hercegovina\/item\/263211-dodik-panicno-prijeti-presuda-bi-mogla-zadati-smrtni-ishod-bih\/#primaryimage\"},\"image\":{\"@id\":\"https:\/\/tuzlainfo.ba\/index.php\/bosna-i-hercegovina\/item\/263211-dodik-panicno-prijeti-presuda-bi-mogla-zadati-smrtni-ishod-bih\/#primaryimage\"},\"thumbnailUrl\":\"https:\/\/tuzlainfo.ba\/wp-content\/uploads\/2023\/12\/0612_milorad_dodik.jpg\",\"datePublished\":\"2025-02-19T20:06:33+00:00\",\"dateModified\":\"2025-02-19T20:06:33+00:00\",\"breadcrumb\":{\"@id\":\"https:\/\/tuzlainfo.ba\/index.php\/bosna-i-hercegovina\/item\/263211-dodik-panicno-prijeti-presuda-bi-mogla-zadati-smrtni-ishod-bih\/#breadcrumb\"},\"inLanguage\":\"bs-BA\",\"potentialAction\":[{\"@type\":\"ReadAction\",\"target\":[\"https:\/\/tuzlainfo.ba\/index.php\/bosna-i-hercegovina\/item\/263211-dodik-panicno-prijeti-presuda-bi-mogla-zadati-smrtni-ishod-bih\/\"]}]},{\"@type\":\"ImageObject\",\"inLanguage\":\"bs-BA\",\"@id\":\"https:\/\/tuzlainfo.ba\/index.php\/bosna-i-hercegovina\/item\/263211-dodik-panicno-prijeti-presuda-bi-mogla-zadati-smrtni-ishod-bih\/#primaryimage\",\"url\":\"https:\/\/tuzlainfo.ba\/wp-content\/uploads\/2023\/12\/0612_milorad_dodik.jpg\",\"contentUrl\":\"https:\/\/tuzlainfo.ba\/wp-content\/uploads\/2023\/12\/0612_milorad_dodik.jpg\",\"width\":800,\"height\":608},{\"@type\":\"BreadcrumbList\",\"@id\":\"https:\/\/tuzlainfo.ba\/index.php\/bosna-i-hercegovina\/item\/263211-dodik-panicno-prijeti-presuda-bi-mogla-zadati-smrtni-ishod-bih\/#breadcrumb\",\"itemListElement\":[{\"@type\":\"ListItem\",\"position\":1,\"name\":\"Home\",\"item\":\"https:\/\/tuzlainfo.ba\/\"},{\"@type\":\"ListItem\",\"position\":2,\"name\":\"Dodik pani\u010dno prijeti: &#8220;Presuda bi mogla zadati smrtni ishod BiH&#8221;\"}]},{\"@type\":\"WebSite\",\"@id\":\"https:\/\/tuzlainfo.ba\/#website\",\"url\":\"https:\/\/tuzlainfo.ba\/\",\"name\":\"TuzlaInfo.ba\",\"description\":\"Tuzla info, gradski informator - Tuzla na dlanu\",\"publisher\":{\"@id\":\"https:\/\/tuzlainfo.ba\/#organization\"},\"potentialAction\":[{\"@type\":\"SearchAction\",\"target\":{\"@type\":\"EntryPoint\",\"urlTemplate\":\"https:\/\/tuzlainfo.ba\/?s={search_term_string}\"},\"query-input\":{\"@type\":\"PropertyValueSpecification\",\"valueRequired\":true,\"valueName\":\"search_term_string\"}}],\"inLanguage\":\"bs-BA\"},{\"@type\":\"Organization\",\"@id\":\"https:\/\/tuzlainfo.ba\/#organization\",\"name\":\"TuzlaInfo.ba\",\"url\":\"https:\/\/tuzlainfo.ba\/\",\"logo\":{\"@type\":\"ImageObject\",\"inLanguage\":\"bs-BA\",\"@id\":\"https:\/\/tuzlainfo.ba\/#\/schema\/logo\/image\/\",\"url\":\"https:\/\/tuzlainfo.ba\/wp-content\/uploads\/2021\/03\/logo-ver-3-1.png\",\"contentUrl\":\"https:\/\/tuzlainfo.ba\/wp-content\/uploads\/2021\/03\/logo-ver-3-1.png\",\"width\":350,\"height\":95,\"caption\":\"TuzlaInfo.ba\"},\"image\":{\"@id\":\"https:\/\/tuzlainfo.ba\/#\/schema\/logo\/image\/\"},\"sameAs\":[\"https:\/\/www.facebook.com\/tuzlainfo.ba\/\"]},{\"@type\":\"Person\",\"@id\":\"https:\/\/tuzlainfo.ba\/#\/schema\/person\/f434e20dc27ea133923aab08451b7f7f\",\"name\":\"nedim\",\"image\":{\"@type\":\"ImageObject\",\"inLanguage\":\"bs-BA\",\"@id\":\"https:\/\/tuzlainfo.ba\/#\/schema\/person\/image\/\",\"url\":\"https:\/\/tuzlainfo.ba\/wp-content\/litespeed\/avatar\/aabad687af24844af817603ac1cbdc4f.jpg?ver=1777306975\",\"contentUrl\":\"https:\/\/tuzlainfo.ba\/wp-content\/litespeed\/avatar\/aabad687af24844af817603ac1cbdc4f.jpg?ver=1777306975\",\"caption\":\"nedim\"},\"description\":\"Tuzlainfo.ba pratite na dru\u0161tvenim mre\u017eama: Facebook, Instagram i Youtube. Svoje pri\u010de, upite i fotografije \u0161aljite na na\u0161u e-mail adresu.\"}]}<\/script>\n<!-- \/ Yoast SEO plugin. -->","yoast_head_json":{"title":"Dodik pani\u010dno prijeti: \"Presuda bi mogla zadati smrtni ishod BiH\" - TuzlaInfo.ba","robots":{"index":"index","follow":"follow","max-snippet":"max-snippet:-1","max-image-preview":"max-image-preview:large","max-video-preview":"max-video-preview:-1"},"canonical":"https:\/\/tuzlainfo.ba\/index.php\/bosna-i-hercegovina\/item\/263211-dodik-panicno-prijeti-presuda-bi-mogla-zadati-smrtni-ishod-bih\/","og_locale":"bs_BA","og_type":"article","og_title":"Dodik pani\u010dno prijeti: \"Presuda bi mogla zadati smrtni ishod BiH\" - TuzlaInfo.ba","og_description":"Nakon zavr\u0161nih rije\u010di na su\u0111enju predsjedniku Republike Srpske Miloradu Dodiku i vr\u0161iocu du\u017enosti direktora Slu\u017ebenog&hellip;","og_url":"https:\/\/tuzlainfo.ba\/index.php\/bosna-i-hercegovina\/item\/263211-dodik-panicno-prijeti-presuda-bi-mogla-zadati-smrtni-ishod-bih\/","og_site_name":"TuzlaInfo.ba","article_publisher":"https:\/\/www.facebook.com\/tuzlainfo.ba\/","article_published_time":"2025-02-19T20:06:33+00:00","og_image":[{"width":800,"height":608,"url":"https:\/\/tuzlainfo.ba\/wp-content\/uploads\/2023\/12\/0612_milorad_dodik.jpg","type":"image\/jpeg"}],"author":"nedim","twitter_card":"summary_large_image","twitter_misc":{"Written by":"nedim","Est. reading time":"2 minute"},"schema":{"@context":"https:\/\/schema.org","@graph":[{"@type":"Article","@id":"https:\/\/tuzlainfo.ba\/index.php\/bosna-i-hercegovina\/item\/263211-dodik-panicno-prijeti-presuda-bi-mogla-zadati-smrtni-ishod-bih\/#article","isPartOf":{"@id":"https:\/\/tuzlainfo.ba\/index.php\/bosna-i-hercegovina\/item\/263211-dodik-panicno-prijeti-presuda-bi-mogla-zadati-smrtni-ishod-bih\/"},"author":{"name":"nedim","@id":"https:\/\/tuzlainfo.ba\/#\/schema\/person\/f434e20dc27ea133923aab08451b7f7f"},"headline":"Dodik pani\u010dno prijeti: &#8220;Presuda bi mogla zadati smrtni ishod BiH&#8221;","datePublished":"2025-02-19T20:06:33+00:00","dateModified":"2025-02-19T20:06:33+00:00","mainEntityOfPage":{"@id":"https:\/\/tuzlainfo.ba\/index.php\/bosna-i-hercegovina\/item\/263211-dodik-panicno-prijeti-presuda-bi-mogla-zadati-smrtni-ishod-bih\/"},"wordCount":240,"publisher":{"@id":"https:\/\/tuzlainfo.ba\/#organization"},"image":{"@id":"https:\/\/tuzlainfo.ba\/index.php\/bosna-i-hercegovina\/item\/263211-dodik-panicno-prijeti-presuda-bi-mogla-zadati-smrtni-ishod-bih\/#primaryimage"},"thumbnailUrl":"https:\/\/tuzlainfo.ba\/wp-content\/uploads\/2023\/12\/0612_milorad_dodik.jpg","keywords":["milorad dodik","sud bih"],"articleSection":["Bosna i Hercegovina"],"inLanguage":"bs-BA"},{"@type":"WebPage","@id":"https:\/\/tuzlainfo.ba\/index.php\/bosna-i-hercegovina\/item\/263211-dodik-panicno-prijeti-presuda-bi-mogla-zadati-smrtni-ishod-bih\/","url":"https:\/\/tuzlainfo.ba\/index.php\/bosna-i-hercegovina\/item\/263211-dodik-panicno-prijeti-presuda-bi-mogla-zadati-smrtni-ishod-bih\/","name":"Dodik pani\u010dno prijeti: \"Presuda bi mogla zadati smrtni ishod BiH\" - TuzlaInfo.ba","isPartOf":{"@id":"https:\/\/tuzlainfo.ba\/#website"},"primaryImageOfPage":{"@id":"https:\/\/tuzlainfo.ba\/index.php\/bosna-i-hercegovina\/item\/263211-dodik-panicno-prijeti-presuda-bi-mogla-zadati-smrtni-ishod-bih\/#primaryimage"},"image":{"@id":"https:\/\/tuzlainfo.ba\/index.php\/bosna-i-hercegovina\/item\/263211-dodik-panicno-prijeti-presuda-bi-mogla-zadati-smrtni-ishod-bih\/#primaryimage"},"thumbnailUrl":"https:\/\/tuzlainfo.ba\/wp-content\/uploads\/2023\/12\/0612_milorad_dodik.jpg","datePublished":"2025-02-19T20:06:33+00:00","dateModified":"2025-02-19T20:06:33+00:00","breadcrumb":{"@id":"https:\/\/tuzlainfo.ba\/index.php\/bosna-i-hercegovina\/item\/263211-dodik-panicno-prijeti-presuda-bi-mogla-zadati-smrtni-ishod-bih\/#breadcrumb"},"inLanguage":"bs-BA","potentialAction":[{"@type":"ReadAction","target":["https:\/\/tuzlainfo.ba\/index.php\/bosna-i-hercegovina\/item\/263211-dodik-panicno-prijeti-presuda-bi-mogla-zadati-smrtni-ishod-bih\/"]}]},{"@type":"ImageObject","inLanguage":"bs-BA","@id":"https:\/\/tuzlainfo.ba\/index.php\/bosna-i-hercegovina\/item\/263211-dodik-panicno-prijeti-presuda-bi-mogla-zadati-smrtni-ishod-bih\/#primaryimage","url":"https:\/\/tuzlainfo.ba\/wp-content\/uploads\/2023\/12\/0612_milorad_dodik.jpg","contentUrl":"https:\/\/tuzlainfo.ba\/wp-content\/uploads\/2023\/12\/0612_milorad_dodik.jpg","width":800,"height":608},{"@type":"BreadcrumbList","@id":"https:\/\/tuzlainfo.ba\/index.php\/bosna-i-hercegovina\/item\/263211-dodik-panicno-prijeti-presuda-bi-mogla-zadati-smrtni-ishod-bih\/#breadcrumb","itemListElement":[{"@type":"ListItem","position":1,"name":"Home","item":"https:\/\/tuzlainfo.ba\/"},{"@type":"ListItem","position":2,"name":"Dodik pani\u010dno prijeti: &#8220;Presuda bi mogla zadati smrtni ishod BiH&#8221;"}]},{"@type":"WebSite","@id":"https:\/\/tuzlainfo.ba\/#website","url":"https:\/\/tuzlainfo.ba\/","name":"TuzlaInfo.ba","description":"Tuzla info, gradski informator - Tuzla na dlanu","publisher":{"@id":"https:\/\/tuzlainfo.ba\/#organization"},"potentialAction":[{"@type":"SearchAction","target":{"@type":"EntryPoint","urlTemplate":"https:\/\/tuzlainfo.ba\/?s={search_term_string}"},"query-input":{"@type":"PropertyValueSpecification","valueRequired":true,"valueName":"search_term_string"}}],"inLanguage":"bs-BA"},{"@type":"Organization","@id":"https:\/\/tuzlainfo.ba\/#organization","name":"TuzlaInfo.ba","url":"https:\/\/tuzlainfo.ba\/","logo":{"@type":"ImageObject","inLanguage":"bs-BA","@id":"https:\/\/tuzlainfo.ba\/#\/schema\/logo\/image\/","url":"https:\/\/tuzlainfo.ba\/wp-content\/uploads\/2021\/03\/logo-ver-3-1.png","contentUrl":"https:\/\/tuzlainfo.ba\/wp-content\/uploads\/2021\/03\/logo-ver-3-1.png","width":350,"height":95,"caption":"TuzlaInfo.ba"},"image":{"@id":"https:\/\/tuzlainfo.ba\/#\/schema\/logo\/image\/"},"sameAs":["https:\/\/www.facebook.com\/tuzlainfo.ba\/"]},{"@type":"Person","@id":"https:\/\/tuzlainfo.ba\/#\/schema\/person\/f434e20dc27ea133923aab08451b7f7f","name":"nedim","image":{"@type":"ImageObject","inLanguage":"bs-BA","@id":"https:\/\/tuzlainfo.ba\/#\/schema\/person\/image\/","url":"https:\/\/tuzlainfo.ba\/wp-content\/litespeed\/avatar\/aabad687af24844af817603ac1cbdc4f.jpg?ver=1777306975","contentUrl":"https:\/\/tuzlainfo.ba\/wp-content\/litespeed\/avatar\/aabad687af24844af817603ac1cbdc4f.jpg?ver=1777306975","caption":"nedim"},"description":"Tuzlainfo.ba pratite na dru\u0161tvenim mre\u017eama: Facebook, Instagram i Youtube. Svoje pri\u010de, upite i fotografije \u0161aljite na na\u0161u e-mail adresu."}]}},"_links":{"self":[{"href":"https:\/\/tuzlainfo.ba\/index.php\/wp-json\/wp\/v2\/posts\/263211"}],"collection":[{"href":"https:\/\/tuzlainfo.ba\/index.php\/wp-json\/wp\/v2\/posts"}],"about":[{"href":"https:\/\/tuzlainfo.ba\/index.php\/wp-json\/wp\/v2\/types\/post"}],"author":[{"embeddable":true,"href":"https:\/\/tuzlainfo.ba\/index.php\/wp-json\/wp\/v2\/users\/2"}],"replies":[{"embeddable":true,"href":"https:\/\/tuzlainfo.ba\/index.php\/wp-json\/wp\/v2\/comments?post=263211"}],"version-history":[{"count":1,"href":"https:\/\/tuzlainfo.ba\/index.php\/wp-json\/wp\/v2\/posts\/263211\/revisions"}],"predecessor-version":[{"id":263212,"href":"https:\/\/tuzlainfo.ba\/index.php\/wp-json\/wp\/v2\/posts\/263211\/revisions\/263212"}],"wp:featuredmedia":[{"embeddable":true,"href":"https:\/\/tuzlainfo.ba\/index.php\/wp-json\/wp\/v2\/media\/224473"}],"wp:attachment":[{"href":"https:\/\/tuzlainfo.ba\/index.php\/wp-json\/wp\/v2\/media?parent=263211"}],"wp:term":[{"taxonomy":"category","embeddable":true,"href":"https:\/\/tuzlainfo.ba\/index.php\/wp-json\/wp\/v2\/categories?post=263211"},{"taxonomy":"post_tag","embeddable":true,"href":"https:\/\/tuzlainfo.ba\/index.php\/wp-json\/wp\/v2\/tags?post=263211"}],"curies":[{"name":"wp","href":"https:\/\/api.w.org\/{rel}","templated":true}]}}