{"id":263172,"date":"2025-02-19T20:04:56","date_gmt":"2025-02-19T19:04:56","guid":{"rendered":"https:\/\/tuzlainfo.ba\/?p=263172"},"modified":"2025-02-19T20:06:20","modified_gmt":"2025-02-19T19:06:20","slug":"rast-minimalne-plate-izaziva-zabrinutost-privrednika-tuzlanskog-kantona","status":"publish","type":"post","link":"https:\/\/tuzlainfo.ba\/index.php\/novosti\/item\/263172-rast-minimalne-plate-izaziva-zabrinutost-privrednika-tuzlanskog-kantona\/","title":{"rendered":"Rast minimalne plate izaziva zabrinutost privrednika Tuzlanskog kantona"},"content":{"rendered":"<p>Kao i prethodnih godina, Kantonalna privredna komora Tuzla je u januaru prikupljala podatake o izazovima u poslovanju i o\u010dekivanjima privrednika u Tuzlanskom kantonu za 2025. godinu. Kompletna analiza podataka dobijenih anketiranjem privrednika prezentovana su na konferenciji za medije u Komori.<\/p>\n<p>Istra\u017eivanje se provodi po uzoru na istra\u017eivanja EuroChamber \u2013 Evropsko udru\u017eenje privrednih komora i ima za cilj prikupiti \u0161to vi\u0161e informacija iz poslovne zajednice. Kraj 2024. godine i po\u010detak 2025. donijeli su veliku neizvjesnost za poslove subjekte, posebno uzimaju\u0107i u obzir rast cijene rada usljed odluke Vlade Federacije BiH o visini minimalne plate. Anketa je, kao i svake godine, obuhvatila privredne subjekte svih veli\u010dina, svih djelatnosti i sa podru\u010dja cijelog kantona.<\/p>\n<ul>\n<li><strong>Poslovanje kompanija u 2024. godini<\/strong><\/li>\n<\/ul>\n<p>Privrednici su 2024. godinu ocijenili uspje\u0161nom. 62% anketiranih je izjavilo da su ostvarili bolji poslovni rezultat nego prethodne godine. 44% anketiranih kompanija imalo je prihod ve\u0107i od 5 miliona KM.<\/p>\n<p>Oko polovina anketiranih kompanija, nisu izvoznici, ali kada su u pitanju izvoznici, uglavnom su orijentisani na zemlje Evropske Unije, ponajvi\u0161e Njema\u010dku, \u0161to \u0107e u 2025. godini sigurno biti jedan od faktora rizika, uzimaju\u0107i u obzir pote\u0161ko\u0107e sa kojima se suo\u010dava njema\u010dka privreda. Dr\u017eave Balkana, uklju\u010duju\u0107i Hrvatsku, su drugi najve\u0107i vanjskotrgovinski partner kompanija iz Tuzlanskog kantona.<\/p>\n<p>Op\u0107e stanje poslovanja u Bosni i Hercegovini u 2024. godini ocijenjeno je srednjom ocjenom 3 (ocjene 1-5). 68% anketiranih je izjavilo da su zadr\u017eali postoje\u0107e kupce, dok je 21% ispitanih kompanija prona\u0161lo nekog novog kupca ili tr\u017ei\u0161te. Tako\u0111er, 48% kompanija je moralo zaposliti dodatne uposlenike, dok je 18% anketiranih izjavilo da su morali smanjiti broj uposlenika.<\/p>\n<p>Ocjenjuju\u0107i uticaj pojedina\u010dnih faktora na svoje poslovanje, kompanije su prepoznale fiskalna i parafiskalna optere\u0107enja i politi\u010dki ambijent kao faktore koji najvi\u0161e uti\u010du na njihovo poslovanje, a slijede tro\u0161kovi i nedostatak radne snage te cijene sirovina i repromaterijala. Osim visokih doprinosa i nedostatka radne snage, koji su identificirani kao najve\u0107i problemi sa kojima se kompanije suo\u010davaju u poslovanju, kompanije isti\u010du i probleme nelojalne konkurencije, rad inspekcijskih organa ali i pad poslovne aktivnosti na evropskom tr\u017ei\u0161tu.<\/p>\n<ul>\n<li><strong>O\u010dekivanja u 2025. godini<\/strong><\/li>\n<\/ul>\n<p>Na pitanje \u201eKakva su Va\u0161a o\u010dekivanja za 2025. godinu?\u201c, 68% anketiranih kompanija je izjavilo da o\u010dekuju pogor\u0161anje uslova poslovanja, a kao klju\u010dne rizike u 2025. godini vide visoke doprinose i neprovo\u0111enje fiskalne reforme koji optere\u0107uju cijenu rada, nedostatak radne snage i poreme\u0107aje na evropskim i svjetskim tr\u017ei\u0161tima koji direktno uti\u010du na smanjenje potra\u017enje za proizvodima na\u0161ih kompanija. Isti\u010du se jo\u0161 i inflacija, nedovoljna za\u0161tita doma\u0107e proizvodnje i politi\u010dka situacija.<\/p>\n<p>Shodno op\u0107im uslovima poslovanja, 53,6% anketiranih je izjavilo da u 2025. godini ne planira zapo\u0161ljavati dodatne radnike. Tako\u0111er, 49% kompanija je izjavilo da ne\u0107e investirati, od \u010dega je 9% odustalo od planiranih investicija usljed rizika koje su prepoznali.<br \/>\nMjera koja je prepoznata kao klju\u010dna, koja bi u ovom momentu najvi\u0161e koristila poslovanju je smanjenje doprinosa i fiskalna reforma.<\/p>\n<ul>\n<li><strong>Srednje stru\u010dno obrazovanje i privreda<\/strong><\/li>\n<\/ul>\n<p>Komora u prethodnom periodu intenzivno radi na unapre\u0111enju srednjeg stru\u010dnog obrazovanja u Tuzlanskom kantonu, s posebnim akcentom na unapre\u0111enje prakti\u010dne nastave u poslovnim subjektima. S tim u vezi, kontinuirano se radi na animiranju \u0161to ve\u0107eg broja poslovnih subjekata da obezbijede u\u010denicima prakti\u010dnu nastavu u svojim kompanijama te da se obu\u010de mentori, uposlenici kompanija, radi kvalitetnije realizacije u\u010deni\u010dke prakse. S tim u vezi, 37% kompanija, koje do sada nisu u\u010destvovale u realizaciji prakti\u010dne nastave, izrazili su svoju zainteresovanost. Najve\u0107e interesovanje kompanija za realizaciju prakti\u010dne nastave je za elektro, ma\u0161insku i gra\u0111evinsku struku, ali postoji zainteresovanost i za ostala zanimanja, ekonomskog, trgova\u010dkog i uslu\u017enog sektora. 44,6% zainteresovanih kompanija spremno je platiti naknadu u\u010denicima za vrijeme obavljanja prakse, a dodatnih 38% je spremno nagraditi u\u010denike koji se istaknu i poka\u017eu interesovanje.<\/p>\n<p>Prilikom ocjene kvaliteta realizacije prakti\u010dne nastave u poslovnim subjektima, kompanije su ocjenjivale nekoliko faktora (lo\u0161e \u2013 srednje \u2013 dobro). Tako su ozbiljnost u\u010denika na praksi i anga\u017eman uposlenika kompanija ocjenjeni kao dobri, komunikacija sa \u0161kolama i znanja i vje\u0161tine koje u\u010denici steknu su srednje do dobro, dok je prilago\u0111enost nastavnih planova i programa potrebama prakse ocijenjeno srednje do lo\u0161e, \u0161to ukazuje na potrebu modernizacije nastavnih planova i programa i pra\u0107enje savremenih tehnologija i na\u010dina rada. Me\u0111u kompanijama koje nisu zainteresovane za realizaciju prakti\u010dne nastave, kao glavni razlozi se navode nedostatak kadrovskih i\/ili prostornih kapaciteta za prijem u\u010denika i kvalitetnu realizaciju nastave, te problemi sigurnosti u\u010denika na radnim mjestima. Shodno iznesenim mi\u0161ljenjima i o\u010dekivanjima privrednika, mo\u017ee se zaklju\u010diti da se hitno moraju poduzeti sve mjere za stabilizaciju poslovnog ambijenta, a prije svega, zapo\u010deti fiskalnu reformu u Federaciji BiH koja bi dugoro\u010dno rasteretila plate i osigurala dugoro\u010dnu odr\u017eivost pove\u0107anja minimalne ali i svih ostalih plata koje moraju biti stimuli\u0161u\u0107e da bi se osigurao ostanak i privla\u010denje dodatne radne snage koja je identificirana kao drugi najve\u0107i problem u privredi. Tako\u0111er, nu\u017eno je ubrzati zapo\u010dete reforme koje se odnose na evidencije nezaposlenih i mogu\u0107nosti zapo\u0161ljavanja stranaca. Privredi koja je suo\u010dena sa globalnim neizvjesnostima i promjenama, posebno padom proizvodnje u Njema\u010dkoj kao glavnom izvoznom tr\u017ei\u0161tu, potrebno je osigurati stabilnost unutra\u0161njih faktora, a prije svega rastere\u0107enje tro\u0161kova rada koji su u ovom momentu najve\u0107i u regionu. Tako\u0111er, potrebno je nastaviti reforme u srednjem obrazovanju, koje se prije svega odnose na vi\u0161e prakti\u010dne nastave u poslovnim subjektima, uklju\u010duju\u0107i i \u010detverogodi\u0161nja (tehni\u010dka) zanimanja, \u0161to \u0107e omogu\u0107iti u\u010denicima sticanje znanja i vje\u0161tina na savremenoj opremi, u realnom radnom okru\u017eenju, a privredi omogu\u0107iti da od samog po\u010detka u\u010destvuje u osiguranju kvaliteta svojih budu\u0107ih uposlenika.<\/p>\n","protected":false},"excerpt":{"rendered":"<p>Kao i prethodnih godina, Kantonalna privredna komora Tuzla je u januaru prikupljala podatake o izazovima&hellip;<\/p>\n","protected":false},"author":4,"featured_media":263174,"comment_status":"closed","ping_status":"closed","sticky":false,"template":"","format":"standard","meta":{"_acf_changed":false,"footnotes":""},"categories":[12],"tags":[2690],"acf":[],"yoast_head":"<!-- This site is optimized with the Yoast SEO plugin v23.5 - https:\/\/yoast.com\/wordpress\/plugins\/seo\/ -->\n<title>Rast minimalne plate izaziva zabrinutost privrednika Tuzlanskog kantona - TuzlaInfo.ba<\/title>\n<meta name=\"robots\" content=\"index, follow, max-snippet:-1, max-image-preview:large, max-video-preview:-1\" \/>\n<link rel=\"canonical\" href=\"https:\/\/tuzlainfo.ba\/index.php\/novosti\/item\/263172-rast-minimalne-plate-izaziva-zabrinutost-privrednika-tuzlanskog-kantona\/\" \/>\n<meta property=\"og:locale\" content=\"bs_BA\" \/>\n<meta property=\"og:type\" content=\"article\" \/>\n<meta property=\"og:title\" content=\"Rast minimalne plate izaziva zabrinutost privrednika Tuzlanskog kantona - TuzlaInfo.ba\" \/>\n<meta property=\"og:description\" content=\"Kao i prethodnih godina, Kantonalna privredna komora Tuzla je u januaru prikupljala podatake o izazovima&hellip;\" \/>\n<meta property=\"og:url\" content=\"https:\/\/tuzlainfo.ba\/index.php\/novosti\/item\/263172-rast-minimalne-plate-izaziva-zabrinutost-privrednika-tuzlanskog-kantona\/\" \/>\n<meta property=\"og:site_name\" content=\"TuzlaInfo.ba\" \/>\n<meta property=\"article:publisher\" content=\"https:\/\/www.facebook.com\/tuzlainfo.ba\/\" \/>\n<meta property=\"article:published_time\" content=\"2025-02-19T19:04:56+00:00\" \/>\n<meta property=\"article:modified_time\" content=\"2025-02-19T19:06:20+00:00\" \/>\n<meta property=\"og:image\" content=\"https:\/\/tuzlainfo.ba\/wp-content\/uploads\/2025\/02\/Poslovna6.jpg\" \/>\n\t<meta property=\"og:image:width\" content=\"770\" \/>\n\t<meta property=\"og:image:height\" content=\"550\" \/>\n\t<meta property=\"og:image:type\" content=\"image\/jpeg\" \/>\n<meta name=\"author\" content=\"Tuzla Info\" \/>\n<meta name=\"twitter:card\" content=\"summary_large_image\" \/>\n<meta name=\"twitter:label1\" content=\"Written by\" \/>\n\t<meta name=\"twitter:data1\" content=\"Tuzla Info\" \/>\n\t<meta name=\"twitter:label2\" content=\"Est. reading time\" \/>\n\t<meta name=\"twitter:data2\" content=\"5 minuta\" \/>\n<script type=\"application\/ld+json\" class=\"yoast-schema-graph\">{\"@context\":\"https:\/\/schema.org\",\"@graph\":[{\"@type\":\"Article\",\"@id\":\"https:\/\/tuzlainfo.ba\/index.php\/novosti\/item\/263172-rast-minimalne-plate-izaziva-zabrinutost-privrednika-tuzlanskog-kantona\/#article\",\"isPartOf\":{\"@id\":\"https:\/\/tuzlainfo.ba\/index.php\/novosti\/item\/263172-rast-minimalne-plate-izaziva-zabrinutost-privrednika-tuzlanskog-kantona\/\"},\"author\":{\"name\":\"Tuzla Info\",\"@id\":\"https:\/\/tuzlainfo.ba\/#\/schema\/person\/46cad4c57790cbc50781edd14870825a\"},\"headline\":\"Rast minimalne plate izaziva zabrinutost privrednika Tuzlanskog kantona\",\"datePublished\":\"2025-02-19T19:04:56+00:00\",\"dateModified\":\"2025-02-19T19:06:20+00:00\",\"mainEntityOfPage\":{\"@id\":\"https:\/\/tuzlainfo.ba\/index.php\/novosti\/item\/263172-rast-minimalne-plate-izaziva-zabrinutost-privrednika-tuzlanskog-kantona\/\"},\"wordCount\":1001,\"publisher\":{\"@id\":\"https:\/\/tuzlainfo.ba\/#organization\"},\"image\":{\"@id\":\"https:\/\/tuzlainfo.ba\/index.php\/novosti\/item\/263172-rast-minimalne-plate-izaziva-zabrinutost-privrednika-tuzlanskog-kantona\/#primaryimage\"},\"thumbnailUrl\":\"https:\/\/tuzlainfo.ba\/wp-content\/uploads\/2025\/02\/Poslovna6.jpg\",\"keywords\":[\"kantonalna privredna komora\"],\"articleSection\":[\"Novosti\"],\"inLanguage\":\"bs-BA\"},{\"@type\":\"WebPage\",\"@id\":\"https:\/\/tuzlainfo.ba\/index.php\/novosti\/item\/263172-rast-minimalne-plate-izaziva-zabrinutost-privrednika-tuzlanskog-kantona\/\",\"url\":\"https:\/\/tuzlainfo.ba\/index.php\/novosti\/item\/263172-rast-minimalne-plate-izaziva-zabrinutost-privrednika-tuzlanskog-kantona\/\",\"name\":\"Rast minimalne plate izaziva zabrinutost privrednika Tuzlanskog kantona - TuzlaInfo.ba\",\"isPartOf\":{\"@id\":\"https:\/\/tuzlainfo.ba\/#website\"},\"primaryImageOfPage\":{\"@id\":\"https:\/\/tuzlainfo.ba\/index.php\/novosti\/item\/263172-rast-minimalne-plate-izaziva-zabrinutost-privrednika-tuzlanskog-kantona\/#primaryimage\"},\"image\":{\"@id\":\"https:\/\/tuzlainfo.ba\/index.php\/novosti\/item\/263172-rast-minimalne-plate-izaziva-zabrinutost-privrednika-tuzlanskog-kantona\/#primaryimage\"},\"thumbnailUrl\":\"https:\/\/tuzlainfo.ba\/wp-content\/uploads\/2025\/02\/Poslovna6.jpg\",\"datePublished\":\"2025-02-19T19:04:56+00:00\",\"dateModified\":\"2025-02-19T19:06:20+00:00\",\"breadcrumb\":{\"@id\":\"https:\/\/tuzlainfo.ba\/index.php\/novosti\/item\/263172-rast-minimalne-plate-izaziva-zabrinutost-privrednika-tuzlanskog-kantona\/#breadcrumb\"},\"inLanguage\":\"bs-BA\",\"potentialAction\":[{\"@type\":\"ReadAction\",\"target\":[\"https:\/\/tuzlainfo.ba\/index.php\/novosti\/item\/263172-rast-minimalne-plate-izaziva-zabrinutost-privrednika-tuzlanskog-kantona\/\"]}]},{\"@type\":\"ImageObject\",\"inLanguage\":\"bs-BA\",\"@id\":\"https:\/\/tuzlainfo.ba\/index.php\/novosti\/item\/263172-rast-minimalne-plate-izaziva-zabrinutost-privrednika-tuzlanskog-kantona\/#primaryimage\",\"url\":\"https:\/\/tuzlainfo.ba\/wp-content\/uploads\/2025\/02\/Poslovna6.jpg\",\"contentUrl\":\"https:\/\/tuzlainfo.ba\/wp-content\/uploads\/2025\/02\/Poslovna6.jpg\",\"width\":770,\"height\":550},{\"@type\":\"BreadcrumbList\",\"@id\":\"https:\/\/tuzlainfo.ba\/index.php\/novosti\/item\/263172-rast-minimalne-plate-izaziva-zabrinutost-privrednika-tuzlanskog-kantona\/#breadcrumb\",\"itemListElement\":[{\"@type\":\"ListItem\",\"position\":1,\"name\":\"Home\",\"item\":\"https:\/\/tuzlainfo.ba\/\"},{\"@type\":\"ListItem\",\"position\":2,\"name\":\"Rast minimalne plate izaziva zabrinutost privrednika Tuzlanskog kantona\"}]},{\"@type\":\"WebSite\",\"@id\":\"https:\/\/tuzlainfo.ba\/#website\",\"url\":\"https:\/\/tuzlainfo.ba\/\",\"name\":\"TuzlaInfo.ba\",\"description\":\"Tuzla info, gradski informator - Tuzla na dlanu\",\"publisher\":{\"@id\":\"https:\/\/tuzlainfo.ba\/#organization\"},\"potentialAction\":[{\"@type\":\"SearchAction\",\"target\":{\"@type\":\"EntryPoint\",\"urlTemplate\":\"https:\/\/tuzlainfo.ba\/?s={search_term_string}\"},\"query-input\":{\"@type\":\"PropertyValueSpecification\",\"valueRequired\":true,\"valueName\":\"search_term_string\"}}],\"inLanguage\":\"bs-BA\"},{\"@type\":\"Organization\",\"@id\":\"https:\/\/tuzlainfo.ba\/#organization\",\"name\":\"TuzlaInfo.ba\",\"url\":\"https:\/\/tuzlainfo.ba\/\",\"logo\":{\"@type\":\"ImageObject\",\"inLanguage\":\"bs-BA\",\"@id\":\"https:\/\/tuzlainfo.ba\/#\/schema\/logo\/image\/\",\"url\":\"https:\/\/tuzlainfo.ba\/wp-content\/uploads\/2021\/03\/logo-ver-3-1.png\",\"contentUrl\":\"https:\/\/tuzlainfo.ba\/wp-content\/uploads\/2021\/03\/logo-ver-3-1.png\",\"width\":350,\"height\":95,\"caption\":\"TuzlaInfo.ba\"},\"image\":{\"@id\":\"https:\/\/tuzlainfo.ba\/#\/schema\/logo\/image\/\"},\"sameAs\":[\"https:\/\/www.facebook.com\/tuzlainfo.ba\/\"]},{\"@type\":\"Person\",\"@id\":\"https:\/\/tuzlainfo.ba\/#\/schema\/person\/46cad4c57790cbc50781edd14870825a\",\"name\":\"Tuzla Info\",\"image\":{\"@type\":\"ImageObject\",\"inLanguage\":\"bs-BA\",\"@id\":\"https:\/\/tuzlainfo.ba\/#\/schema\/person\/image\/\",\"url\":\"https:\/\/tuzlainfo.ba\/wp-content\/litespeed\/avatar\/b6c453a6c38e3654f2e4416c643fc25c.jpg?ver=1777656712\",\"contentUrl\":\"https:\/\/tuzlainfo.ba\/wp-content\/litespeed\/avatar\/b6c453a6c38e3654f2e4416c643fc25c.jpg?ver=1777656712\",\"caption\":\"Tuzla Info\"}}]}<\/script>\n<!-- \/ Yoast SEO plugin. -->","yoast_head_json":{"title":"Rast minimalne plate izaziva zabrinutost privrednika Tuzlanskog kantona - TuzlaInfo.ba","robots":{"index":"index","follow":"follow","max-snippet":"max-snippet:-1","max-image-preview":"max-image-preview:large","max-video-preview":"max-video-preview:-1"},"canonical":"https:\/\/tuzlainfo.ba\/index.php\/novosti\/item\/263172-rast-minimalne-plate-izaziva-zabrinutost-privrednika-tuzlanskog-kantona\/","og_locale":"bs_BA","og_type":"article","og_title":"Rast minimalne plate izaziva zabrinutost privrednika Tuzlanskog kantona - TuzlaInfo.ba","og_description":"Kao i prethodnih godina, Kantonalna privredna komora Tuzla je u januaru prikupljala podatake o izazovima&hellip;","og_url":"https:\/\/tuzlainfo.ba\/index.php\/novosti\/item\/263172-rast-minimalne-plate-izaziva-zabrinutost-privrednika-tuzlanskog-kantona\/","og_site_name":"TuzlaInfo.ba","article_publisher":"https:\/\/www.facebook.com\/tuzlainfo.ba\/","article_published_time":"2025-02-19T19:04:56+00:00","article_modified_time":"2025-02-19T19:06:20+00:00","og_image":[{"width":770,"height":550,"url":"https:\/\/tuzlainfo.ba\/wp-content\/uploads\/2025\/02\/Poslovna6.jpg","type":"image\/jpeg"}],"author":"Tuzla Info","twitter_card":"summary_large_image","twitter_misc":{"Written by":"Tuzla Info","Est. reading time":"5 minuta"},"schema":{"@context":"https:\/\/schema.org","@graph":[{"@type":"Article","@id":"https:\/\/tuzlainfo.ba\/index.php\/novosti\/item\/263172-rast-minimalne-plate-izaziva-zabrinutost-privrednika-tuzlanskog-kantona\/#article","isPartOf":{"@id":"https:\/\/tuzlainfo.ba\/index.php\/novosti\/item\/263172-rast-minimalne-plate-izaziva-zabrinutost-privrednika-tuzlanskog-kantona\/"},"author":{"name":"Tuzla Info","@id":"https:\/\/tuzlainfo.ba\/#\/schema\/person\/46cad4c57790cbc50781edd14870825a"},"headline":"Rast minimalne plate izaziva zabrinutost privrednika Tuzlanskog kantona","datePublished":"2025-02-19T19:04:56+00:00","dateModified":"2025-02-19T19:06:20+00:00","mainEntityOfPage":{"@id":"https:\/\/tuzlainfo.ba\/index.php\/novosti\/item\/263172-rast-minimalne-plate-izaziva-zabrinutost-privrednika-tuzlanskog-kantona\/"},"wordCount":1001,"publisher":{"@id":"https:\/\/tuzlainfo.ba\/#organization"},"image":{"@id":"https:\/\/tuzlainfo.ba\/index.php\/novosti\/item\/263172-rast-minimalne-plate-izaziva-zabrinutost-privrednika-tuzlanskog-kantona\/#primaryimage"},"thumbnailUrl":"https:\/\/tuzlainfo.ba\/wp-content\/uploads\/2025\/02\/Poslovna6.jpg","keywords":["kantonalna privredna komora"],"articleSection":["Novosti"],"inLanguage":"bs-BA"},{"@type":"WebPage","@id":"https:\/\/tuzlainfo.ba\/index.php\/novosti\/item\/263172-rast-minimalne-plate-izaziva-zabrinutost-privrednika-tuzlanskog-kantona\/","url":"https:\/\/tuzlainfo.ba\/index.php\/novosti\/item\/263172-rast-minimalne-plate-izaziva-zabrinutost-privrednika-tuzlanskog-kantona\/","name":"Rast minimalne plate izaziva zabrinutost privrednika Tuzlanskog kantona - TuzlaInfo.ba","isPartOf":{"@id":"https:\/\/tuzlainfo.ba\/#website"},"primaryImageOfPage":{"@id":"https:\/\/tuzlainfo.ba\/index.php\/novosti\/item\/263172-rast-minimalne-plate-izaziva-zabrinutost-privrednika-tuzlanskog-kantona\/#primaryimage"},"image":{"@id":"https:\/\/tuzlainfo.ba\/index.php\/novosti\/item\/263172-rast-minimalne-plate-izaziva-zabrinutost-privrednika-tuzlanskog-kantona\/#primaryimage"},"thumbnailUrl":"https:\/\/tuzlainfo.ba\/wp-content\/uploads\/2025\/02\/Poslovna6.jpg","datePublished":"2025-02-19T19:04:56+00:00","dateModified":"2025-02-19T19:06:20+00:00","breadcrumb":{"@id":"https:\/\/tuzlainfo.ba\/index.php\/novosti\/item\/263172-rast-minimalne-plate-izaziva-zabrinutost-privrednika-tuzlanskog-kantona\/#breadcrumb"},"inLanguage":"bs-BA","potentialAction":[{"@type":"ReadAction","target":["https:\/\/tuzlainfo.ba\/index.php\/novosti\/item\/263172-rast-minimalne-plate-izaziva-zabrinutost-privrednika-tuzlanskog-kantona\/"]}]},{"@type":"ImageObject","inLanguage":"bs-BA","@id":"https:\/\/tuzlainfo.ba\/index.php\/novosti\/item\/263172-rast-minimalne-plate-izaziva-zabrinutost-privrednika-tuzlanskog-kantona\/#primaryimage","url":"https:\/\/tuzlainfo.ba\/wp-content\/uploads\/2025\/02\/Poslovna6.jpg","contentUrl":"https:\/\/tuzlainfo.ba\/wp-content\/uploads\/2025\/02\/Poslovna6.jpg","width":770,"height":550},{"@type":"BreadcrumbList","@id":"https:\/\/tuzlainfo.ba\/index.php\/novosti\/item\/263172-rast-minimalne-plate-izaziva-zabrinutost-privrednika-tuzlanskog-kantona\/#breadcrumb","itemListElement":[{"@type":"ListItem","position":1,"name":"Home","item":"https:\/\/tuzlainfo.ba\/"},{"@type":"ListItem","position":2,"name":"Rast minimalne plate izaziva zabrinutost privrednika Tuzlanskog kantona"}]},{"@type":"WebSite","@id":"https:\/\/tuzlainfo.ba\/#website","url":"https:\/\/tuzlainfo.ba\/","name":"TuzlaInfo.ba","description":"Tuzla info, gradski informator - Tuzla na dlanu","publisher":{"@id":"https:\/\/tuzlainfo.ba\/#organization"},"potentialAction":[{"@type":"SearchAction","target":{"@type":"EntryPoint","urlTemplate":"https:\/\/tuzlainfo.ba\/?s={search_term_string}"},"query-input":{"@type":"PropertyValueSpecification","valueRequired":true,"valueName":"search_term_string"}}],"inLanguage":"bs-BA"},{"@type":"Organization","@id":"https:\/\/tuzlainfo.ba\/#organization","name":"TuzlaInfo.ba","url":"https:\/\/tuzlainfo.ba\/","logo":{"@type":"ImageObject","inLanguage":"bs-BA","@id":"https:\/\/tuzlainfo.ba\/#\/schema\/logo\/image\/","url":"https:\/\/tuzlainfo.ba\/wp-content\/uploads\/2021\/03\/logo-ver-3-1.png","contentUrl":"https:\/\/tuzlainfo.ba\/wp-content\/uploads\/2021\/03\/logo-ver-3-1.png","width":350,"height":95,"caption":"TuzlaInfo.ba"},"image":{"@id":"https:\/\/tuzlainfo.ba\/#\/schema\/logo\/image\/"},"sameAs":["https:\/\/www.facebook.com\/tuzlainfo.ba\/"]},{"@type":"Person","@id":"https:\/\/tuzlainfo.ba\/#\/schema\/person\/46cad4c57790cbc50781edd14870825a","name":"Tuzla Info","image":{"@type":"ImageObject","inLanguage":"bs-BA","@id":"https:\/\/tuzlainfo.ba\/#\/schema\/person\/image\/","url":"https:\/\/tuzlainfo.ba\/wp-content\/litespeed\/avatar\/b6c453a6c38e3654f2e4416c643fc25c.jpg?ver=1777656712","contentUrl":"https:\/\/tuzlainfo.ba\/wp-content\/litespeed\/avatar\/b6c453a6c38e3654f2e4416c643fc25c.jpg?ver=1777656712","caption":"Tuzla Info"}}]}},"_links":{"self":[{"href":"https:\/\/tuzlainfo.ba\/index.php\/wp-json\/wp\/v2\/posts\/263172"}],"collection":[{"href":"https:\/\/tuzlainfo.ba\/index.php\/wp-json\/wp\/v2\/posts"}],"about":[{"href":"https:\/\/tuzlainfo.ba\/index.php\/wp-json\/wp\/v2\/types\/post"}],"author":[{"embeddable":true,"href":"https:\/\/tuzlainfo.ba\/index.php\/wp-json\/wp\/v2\/users\/4"}],"replies":[{"embeddable":true,"href":"https:\/\/tuzlainfo.ba\/index.php\/wp-json\/wp\/v2\/comments?post=263172"}],"version-history":[{"count":1,"href":"https:\/\/tuzlainfo.ba\/index.php\/wp-json\/wp\/v2\/posts\/263172\/revisions"}],"predecessor-version":[{"id":263175,"href":"https:\/\/tuzlainfo.ba\/index.php\/wp-json\/wp\/v2\/posts\/263172\/revisions\/263175"}],"wp:featuredmedia":[{"embeddable":true,"href":"https:\/\/tuzlainfo.ba\/index.php\/wp-json\/wp\/v2\/media\/263174"}],"wp:attachment":[{"href":"https:\/\/tuzlainfo.ba\/index.php\/wp-json\/wp\/v2\/media?parent=263172"}],"wp:term":[{"taxonomy":"category","embeddable":true,"href":"https:\/\/tuzlainfo.ba\/index.php\/wp-json\/wp\/v2\/categories?post=263172"},{"taxonomy":"post_tag","embeddable":true,"href":"https:\/\/tuzlainfo.ba\/index.php\/wp-json\/wp\/v2\/tags?post=263172"}],"curies":[{"name":"wp","href":"https:\/\/api.w.org\/{rel}","templated":true}]}}