{"id":263143,"date":"2025-02-19T12:11:47","date_gmt":"2025-02-19T11:11:47","guid":{"rendered":"https:\/\/tuzlainfo.ba\/?p=263143"},"modified":"2025-02-19T12:11:47","modified_gmt":"2025-02-19T11:11:47","slug":"zavrsne-rijeci-dodika-pred-sudom-bih-docekale-pristalice-i-jake-policijske-snage","status":"publish","type":"post","link":"https:\/\/tuzlainfo.ba\/index.php\/bosna-i-hercegovina\/item\/263143-zavrsne-rijeci-dodika-pred-sudom-bih-docekale-pristalice-i-jake-policijske-snage\/","title":{"rendered":"Zavr\u0161ne rije\u010di: Dodika pred Sudom BiH do\u010dekale pristalice i jake policijske snage"},"content":{"rendered":"<p>Predsjednik entiteta RS Milorad Dodik stigao je u Sud Bosne i Hercegovine, gdje \u0107e danas biti iznesene zavr\u0161ne rije\u010di u predmetu koji se vodi protiv njega i vr\u0161ioca du\u017enosti direktora Slu\u017ebenog glasnika RS Milo\u0161a Luki\u0107a zbog nepo\u0161tovanja odluka visokog predstavnika u BiH.<\/p>\n<p>Pred zgradom Suda BiH okupile su se pristalice Milorada Dodika, koje su ga do\u010dekale aplauzom i uzvicima &#8220;Mile, Mile!&#8221;.<\/p>\n<p>Prisutan je i veliki broj policajaca i pripadnika specijalne policije.<\/p>\n<p>Branilac predsjednika RS Goran Bubi\u0107 izjavio je ranije da \u0107e se zavr\u0161ne rije\u010di odbrane u postupku protiv Dodika bazirati na detaljnoj analizi argumenata.<\/p>\n<p>Dokazni postupak u ovom predmetu zavr\u0161en je 5. februara, svjedo\u010denjem Dodika. On je rekao da je zadu\u017een da po\u0161tuje Ustav Republike Srpske i Bosne i Hercegovine, kao i da je Ustav RS usagla\u0161en sa Ustavom BiH. Tako\u0111er je rekao da visoki predstavnici koji su legalno birani nikada nisu direktno donosili odluke kao \u0161to je to uradio \u0160mit, koji je kako tvrdi Dodik, nelegalan.<\/p>\n<p>Visoki zvani\u010dnici RS poru\u010dili su da \u0107e, ukoliko bude izre\u010dena osu\u0111uju\u0107a presuda, odgovoriti radikalnim mjerama.<\/p>\n<p>Na sjednici Kolegijuma Narodne skup\u0161tine RS sino\u0107 je prihva\u0107en prijedlog Vlade RS da NSRS bude u stalnom zasjedanju. Odlu\u010deno je da se sjednica NSRS sazove telefonskim putem u roku od 24 sata od kada Vlada RS dostavi materijale.<\/p>\n<p>Sudski proces po\u010deo je 16. oktobra 2023. godine.<\/p>\n<p>Podsjetimo, Narodna skup\u0161tina Republike Srpske usvojila je protivustavne zakone u vezi sa neobjavljivanjem odluka visokog predstavnika i neprimjenjivanjem odluka Ustavnog suda BiH, a \u0160mit je potom donio odluku o njihovom poni\u0161tavanju.<\/p>\n<p>Tu\u017eila\u0161tvo BiH tereti Milorada Dodika i Milo\u0161a Luki\u0107a da su od 1. do 9. jula 2023. u Banjaluci, svjesni i znaju\u0107i da je visoki predstavnik Kristijan \u0160mit donio odluku kojom se spre\u010dava stupanje na snagu Zakona o neprimjenjivanju odluka Ustavnog suda BiH od 1. jula iste godine, kao i odluku kojom se spre\u010dava stupanje na snagu Zakona o izmjeni Zakona o objavljivanju zakona i drugih propisa RS, preduzimali radnje s ciljem nastavka zakonodavnog postupka, ne primjenjuju\u0107i i ne provode\u0107i odluke visokog predstavnika.<\/p>\n","protected":false},"excerpt":{"rendered":"<p>Predsjednik entiteta RS Milorad Dodik stigao je u Sud Bosne i Hercegovine, gdje \u0107e danas&hellip;<\/p>\n","protected":false},"author":2,"featured_media":261560,"comment_status":"closed","ping_status":"closed","sticky":false,"template":"","format":"standard","meta":{"_acf_changed":false,"footnotes":""},"categories":[291,304],"tags":[535,726],"acf":[],"yoast_head":"<!-- This site is optimized with the Yoast SEO plugin v23.5 - https:\/\/yoast.com\/wordpress\/plugins\/seo\/ -->\n<title>Zavr\u0161ne rije\u010di: Dodika pred Sudom BiH do\u010dekale pristalice i jake policijske snage - TuzlaInfo.ba<\/title>\n<meta name=\"robots\" content=\"index, follow, max-snippet:-1, max-image-preview:large, max-video-preview:-1\" \/>\n<link rel=\"canonical\" href=\"https:\/\/tuzlainfo.ba\/index.php\/bosna-i-hercegovina\/item\/263143-zavrsne-rijeci-dodika-pred-sudom-bih-docekale-pristalice-i-jake-policijske-snage\/\" \/>\n<meta property=\"og:locale\" content=\"bs_BA\" \/>\n<meta property=\"og:type\" content=\"article\" \/>\n<meta property=\"og:title\" content=\"Zavr\u0161ne rije\u010di: Dodika pred Sudom BiH do\u010dekale pristalice i jake policijske snage - TuzlaInfo.ba\" \/>\n<meta property=\"og:description\" content=\"Predsjednik entiteta RS Milorad Dodik stigao je u Sud Bosne i Hercegovine, gdje \u0107e danas&hellip;\" \/>\n<meta property=\"og:url\" content=\"https:\/\/tuzlainfo.ba\/index.php\/bosna-i-hercegovina\/item\/263143-zavrsne-rijeci-dodika-pred-sudom-bih-docekale-pristalice-i-jake-policijske-snage\/\" \/>\n<meta property=\"og:site_name\" content=\"TuzlaInfo.ba\" \/>\n<meta property=\"article:publisher\" content=\"https:\/\/www.facebook.com\/tuzlainfo.ba\/\" \/>\n<meta property=\"article:published_time\" content=\"2025-02-19T11:11:47+00:00\" \/>\n<meta property=\"og:image\" content=\"https:\/\/tuzlainfo.ba\/wp-content\/uploads\/2025\/01\/dodik-sudjenje.jpg\" \/>\n\t<meta property=\"og:image:width\" content=\"900\" \/>\n\t<meta property=\"og:image:height\" content=\"600\" \/>\n\t<meta property=\"og:image:type\" content=\"image\/jpeg\" \/>\n<meta name=\"author\" content=\"nedim\" \/>\n<meta name=\"twitter:card\" content=\"summary_large_image\" \/>\n<meta name=\"twitter:label1\" content=\"Written by\" \/>\n\t<meta name=\"twitter:data1\" content=\"nedim\" \/>\n\t<meta name=\"twitter:label2\" content=\"Est. reading time\" \/>\n\t<meta name=\"twitter:data2\" content=\"3 minute\" \/>\n<script type=\"application\/ld+json\" class=\"yoast-schema-graph\">{\"@context\":\"https:\/\/schema.org\",\"@graph\":[{\"@type\":\"Article\",\"@id\":\"https:\/\/tuzlainfo.ba\/index.php\/bosna-i-hercegovina\/item\/263143-zavrsne-rijeci-dodika-pred-sudom-bih-docekale-pristalice-i-jake-policijske-snage\/#article\",\"isPartOf\":{\"@id\":\"https:\/\/tuzlainfo.ba\/index.php\/bosna-i-hercegovina\/item\/263143-zavrsne-rijeci-dodika-pred-sudom-bih-docekale-pristalice-i-jake-policijske-snage\/\"},\"author\":{\"name\":\"nedim\",\"@id\":\"https:\/\/tuzlainfo.ba\/#\/schema\/person\/f434e20dc27ea133923aab08451b7f7f\"},\"headline\":\"Zavr\u0161ne rije\u010di: Dodika pred Sudom BiH do\u010dekale pristalice i jake policijske snage\",\"datePublished\":\"2025-02-19T11:11:47+00:00\",\"dateModified\":\"2025-02-19T11:11:47+00:00\",\"mainEntityOfPage\":{\"@id\":\"https:\/\/tuzlainfo.ba\/index.php\/bosna-i-hercegovina\/item\/263143-zavrsne-rijeci-dodika-pred-sudom-bih-docekale-pristalice-i-jake-policijske-snage\/\"},\"wordCount\":375,\"publisher\":{\"@id\":\"https:\/\/tuzlainfo.ba\/#organization\"},\"image\":{\"@id\":\"https:\/\/tuzlainfo.ba\/index.php\/bosna-i-hercegovina\/item\/263143-zavrsne-rijeci-dodika-pred-sudom-bih-docekale-pristalice-i-jake-policijske-snage\/#primaryimage\"},\"thumbnailUrl\":\"https:\/\/tuzlainfo.ba\/wp-content\/uploads\/2025\/01\/dodik-sudjenje.jpg\",\"keywords\":[\"milorad dodik\",\"sud bih\"],\"articleSection\":[\"Bosna i Hercegovina\",\"Istaknuto\"],\"inLanguage\":\"bs-BA\"},{\"@type\":\"WebPage\",\"@id\":\"https:\/\/tuzlainfo.ba\/index.php\/bosna-i-hercegovina\/item\/263143-zavrsne-rijeci-dodika-pred-sudom-bih-docekale-pristalice-i-jake-policijske-snage\/\",\"url\":\"https:\/\/tuzlainfo.ba\/index.php\/bosna-i-hercegovina\/item\/263143-zavrsne-rijeci-dodika-pred-sudom-bih-docekale-pristalice-i-jake-policijske-snage\/\",\"name\":\"Zavr\u0161ne rije\u010di: Dodika pred Sudom BiH do\u010dekale pristalice i jake policijske snage - TuzlaInfo.ba\",\"isPartOf\":{\"@id\":\"https:\/\/tuzlainfo.ba\/#website\"},\"primaryImageOfPage\":{\"@id\":\"https:\/\/tuzlainfo.ba\/index.php\/bosna-i-hercegovina\/item\/263143-zavrsne-rijeci-dodika-pred-sudom-bih-docekale-pristalice-i-jake-policijske-snage\/#primaryimage\"},\"image\":{\"@id\":\"https:\/\/tuzlainfo.ba\/index.php\/bosna-i-hercegovina\/item\/263143-zavrsne-rijeci-dodika-pred-sudom-bih-docekale-pristalice-i-jake-policijske-snage\/#primaryimage\"},\"thumbnailUrl\":\"https:\/\/tuzlainfo.ba\/wp-content\/uploads\/2025\/01\/dodik-sudjenje.jpg\",\"datePublished\":\"2025-02-19T11:11:47+00:00\",\"dateModified\":\"2025-02-19T11:11:47+00:00\",\"breadcrumb\":{\"@id\":\"https:\/\/tuzlainfo.ba\/index.php\/bosna-i-hercegovina\/item\/263143-zavrsne-rijeci-dodika-pred-sudom-bih-docekale-pristalice-i-jake-policijske-snage\/#breadcrumb\"},\"inLanguage\":\"bs-BA\",\"potentialAction\":[{\"@type\":\"ReadAction\",\"target\":[\"https:\/\/tuzlainfo.ba\/index.php\/bosna-i-hercegovina\/item\/263143-zavrsne-rijeci-dodika-pred-sudom-bih-docekale-pristalice-i-jake-policijske-snage\/\"]}]},{\"@type\":\"ImageObject\",\"inLanguage\":\"bs-BA\",\"@id\":\"https:\/\/tuzlainfo.ba\/index.php\/bosna-i-hercegovina\/item\/263143-zavrsne-rijeci-dodika-pred-sudom-bih-docekale-pristalice-i-jake-policijske-snage\/#primaryimage\",\"url\":\"https:\/\/tuzlainfo.ba\/wp-content\/uploads\/2025\/01\/dodik-sudjenje.jpg\",\"contentUrl\":\"https:\/\/tuzlainfo.ba\/wp-content\/uploads\/2025\/01\/dodik-sudjenje.jpg\",\"width\":900,\"height\":600,\"caption\":\"Foto: Slobodna Bosna\/Arhiv\"},{\"@type\":\"BreadcrumbList\",\"@id\":\"https:\/\/tuzlainfo.ba\/index.php\/bosna-i-hercegovina\/item\/263143-zavrsne-rijeci-dodika-pred-sudom-bih-docekale-pristalice-i-jake-policijske-snage\/#breadcrumb\",\"itemListElement\":[{\"@type\":\"ListItem\",\"position\":1,\"name\":\"Home\",\"item\":\"https:\/\/tuzlainfo.ba\/\"},{\"@type\":\"ListItem\",\"position\":2,\"name\":\"Zavr\u0161ne rije\u010di: Dodika pred Sudom BiH do\u010dekale pristalice i jake policijske snage\"}]},{\"@type\":\"WebSite\",\"@id\":\"https:\/\/tuzlainfo.ba\/#website\",\"url\":\"https:\/\/tuzlainfo.ba\/\",\"name\":\"TuzlaInfo.ba\",\"description\":\"Tuzla info, gradski informator - Tuzla na dlanu\",\"publisher\":{\"@id\":\"https:\/\/tuzlainfo.ba\/#organization\"},\"potentialAction\":[{\"@type\":\"SearchAction\",\"target\":{\"@type\":\"EntryPoint\",\"urlTemplate\":\"https:\/\/tuzlainfo.ba\/?s={search_term_string}\"},\"query-input\":{\"@type\":\"PropertyValueSpecification\",\"valueRequired\":true,\"valueName\":\"search_term_string\"}}],\"inLanguage\":\"bs-BA\"},{\"@type\":\"Organization\",\"@id\":\"https:\/\/tuzlainfo.ba\/#organization\",\"name\":\"TuzlaInfo.ba\",\"url\":\"https:\/\/tuzlainfo.ba\/\",\"logo\":{\"@type\":\"ImageObject\",\"inLanguage\":\"bs-BA\",\"@id\":\"https:\/\/tuzlainfo.ba\/#\/schema\/logo\/image\/\",\"url\":\"https:\/\/tuzlainfo.ba\/wp-content\/uploads\/2021\/03\/logo-ver-3-1.png\",\"contentUrl\":\"https:\/\/tuzlainfo.ba\/wp-content\/uploads\/2021\/03\/logo-ver-3-1.png\",\"width\":350,\"height\":95,\"caption\":\"TuzlaInfo.ba\"},\"image\":{\"@id\":\"https:\/\/tuzlainfo.ba\/#\/schema\/logo\/image\/\"},\"sameAs\":[\"https:\/\/www.facebook.com\/tuzlainfo.ba\/\"]},{\"@type\":\"Person\",\"@id\":\"https:\/\/tuzlainfo.ba\/#\/schema\/person\/f434e20dc27ea133923aab08451b7f7f\",\"name\":\"nedim\",\"image\":{\"@type\":\"ImageObject\",\"inLanguage\":\"bs-BA\",\"@id\":\"https:\/\/tuzlainfo.ba\/#\/schema\/person\/image\/\",\"url\":\"https:\/\/tuzlainfo.ba\/wp-content\/litespeed\/avatar\/aabad687af24844af817603ac1cbdc4f.jpg?ver=1777306975\",\"contentUrl\":\"https:\/\/tuzlainfo.ba\/wp-content\/litespeed\/avatar\/aabad687af24844af817603ac1cbdc4f.jpg?ver=1777306975\",\"caption\":\"nedim\"},\"description\":\"Tuzlainfo.ba pratite na dru\u0161tvenim mre\u017eama: Facebook, Instagram i Youtube. Svoje pri\u010de, upite i fotografije \u0161aljite na na\u0161u e-mail adresu.\"}]}<\/script>\n<!-- \/ Yoast SEO plugin. -->","yoast_head_json":{"title":"Zavr\u0161ne rije\u010di: Dodika pred Sudom BiH do\u010dekale pristalice i jake policijske snage - TuzlaInfo.ba","robots":{"index":"index","follow":"follow","max-snippet":"max-snippet:-1","max-image-preview":"max-image-preview:large","max-video-preview":"max-video-preview:-1"},"canonical":"https:\/\/tuzlainfo.ba\/index.php\/bosna-i-hercegovina\/item\/263143-zavrsne-rijeci-dodika-pred-sudom-bih-docekale-pristalice-i-jake-policijske-snage\/","og_locale":"bs_BA","og_type":"article","og_title":"Zavr\u0161ne rije\u010di: Dodika pred Sudom BiH do\u010dekale pristalice i jake policijske snage - TuzlaInfo.ba","og_description":"Predsjednik entiteta RS Milorad Dodik stigao je u Sud Bosne i Hercegovine, gdje \u0107e danas&hellip;","og_url":"https:\/\/tuzlainfo.ba\/index.php\/bosna-i-hercegovina\/item\/263143-zavrsne-rijeci-dodika-pred-sudom-bih-docekale-pristalice-i-jake-policijske-snage\/","og_site_name":"TuzlaInfo.ba","article_publisher":"https:\/\/www.facebook.com\/tuzlainfo.ba\/","article_published_time":"2025-02-19T11:11:47+00:00","og_image":[{"width":900,"height":600,"url":"https:\/\/tuzlainfo.ba\/wp-content\/uploads\/2025\/01\/dodik-sudjenje.jpg","type":"image\/jpeg"}],"author":"nedim","twitter_card":"summary_large_image","twitter_misc":{"Written by":"nedim","Est. reading time":"3 minute"},"schema":{"@context":"https:\/\/schema.org","@graph":[{"@type":"Article","@id":"https:\/\/tuzlainfo.ba\/index.php\/bosna-i-hercegovina\/item\/263143-zavrsne-rijeci-dodika-pred-sudom-bih-docekale-pristalice-i-jake-policijske-snage\/#article","isPartOf":{"@id":"https:\/\/tuzlainfo.ba\/index.php\/bosna-i-hercegovina\/item\/263143-zavrsne-rijeci-dodika-pred-sudom-bih-docekale-pristalice-i-jake-policijske-snage\/"},"author":{"name":"nedim","@id":"https:\/\/tuzlainfo.ba\/#\/schema\/person\/f434e20dc27ea133923aab08451b7f7f"},"headline":"Zavr\u0161ne rije\u010di: Dodika pred Sudom BiH do\u010dekale pristalice i jake policijske snage","datePublished":"2025-02-19T11:11:47+00:00","dateModified":"2025-02-19T11:11:47+00:00","mainEntityOfPage":{"@id":"https:\/\/tuzlainfo.ba\/index.php\/bosna-i-hercegovina\/item\/263143-zavrsne-rijeci-dodika-pred-sudom-bih-docekale-pristalice-i-jake-policijske-snage\/"},"wordCount":375,"publisher":{"@id":"https:\/\/tuzlainfo.ba\/#organization"},"image":{"@id":"https:\/\/tuzlainfo.ba\/index.php\/bosna-i-hercegovina\/item\/263143-zavrsne-rijeci-dodika-pred-sudom-bih-docekale-pristalice-i-jake-policijske-snage\/#primaryimage"},"thumbnailUrl":"https:\/\/tuzlainfo.ba\/wp-content\/uploads\/2025\/01\/dodik-sudjenje.jpg","keywords":["milorad dodik","sud bih"],"articleSection":["Bosna i Hercegovina","Istaknuto"],"inLanguage":"bs-BA"},{"@type":"WebPage","@id":"https:\/\/tuzlainfo.ba\/index.php\/bosna-i-hercegovina\/item\/263143-zavrsne-rijeci-dodika-pred-sudom-bih-docekale-pristalice-i-jake-policijske-snage\/","url":"https:\/\/tuzlainfo.ba\/index.php\/bosna-i-hercegovina\/item\/263143-zavrsne-rijeci-dodika-pred-sudom-bih-docekale-pristalice-i-jake-policijske-snage\/","name":"Zavr\u0161ne rije\u010di: Dodika pred Sudom BiH do\u010dekale pristalice i jake policijske snage - TuzlaInfo.ba","isPartOf":{"@id":"https:\/\/tuzlainfo.ba\/#website"},"primaryImageOfPage":{"@id":"https:\/\/tuzlainfo.ba\/index.php\/bosna-i-hercegovina\/item\/263143-zavrsne-rijeci-dodika-pred-sudom-bih-docekale-pristalice-i-jake-policijske-snage\/#primaryimage"},"image":{"@id":"https:\/\/tuzlainfo.ba\/index.php\/bosna-i-hercegovina\/item\/263143-zavrsne-rijeci-dodika-pred-sudom-bih-docekale-pristalice-i-jake-policijske-snage\/#primaryimage"},"thumbnailUrl":"https:\/\/tuzlainfo.ba\/wp-content\/uploads\/2025\/01\/dodik-sudjenje.jpg","datePublished":"2025-02-19T11:11:47+00:00","dateModified":"2025-02-19T11:11:47+00:00","breadcrumb":{"@id":"https:\/\/tuzlainfo.ba\/index.php\/bosna-i-hercegovina\/item\/263143-zavrsne-rijeci-dodika-pred-sudom-bih-docekale-pristalice-i-jake-policijske-snage\/#breadcrumb"},"inLanguage":"bs-BA","potentialAction":[{"@type":"ReadAction","target":["https:\/\/tuzlainfo.ba\/index.php\/bosna-i-hercegovina\/item\/263143-zavrsne-rijeci-dodika-pred-sudom-bih-docekale-pristalice-i-jake-policijske-snage\/"]}]},{"@type":"ImageObject","inLanguage":"bs-BA","@id":"https:\/\/tuzlainfo.ba\/index.php\/bosna-i-hercegovina\/item\/263143-zavrsne-rijeci-dodika-pred-sudom-bih-docekale-pristalice-i-jake-policijske-snage\/#primaryimage","url":"https:\/\/tuzlainfo.ba\/wp-content\/uploads\/2025\/01\/dodik-sudjenje.jpg","contentUrl":"https:\/\/tuzlainfo.ba\/wp-content\/uploads\/2025\/01\/dodik-sudjenje.jpg","width":900,"height":600,"caption":"Foto: Slobodna Bosna\/Arhiv"},{"@type":"BreadcrumbList","@id":"https:\/\/tuzlainfo.ba\/index.php\/bosna-i-hercegovina\/item\/263143-zavrsne-rijeci-dodika-pred-sudom-bih-docekale-pristalice-i-jake-policijske-snage\/#breadcrumb","itemListElement":[{"@type":"ListItem","position":1,"name":"Home","item":"https:\/\/tuzlainfo.ba\/"},{"@type":"ListItem","position":2,"name":"Zavr\u0161ne rije\u010di: Dodika pred Sudom BiH do\u010dekale pristalice i jake policijske snage"}]},{"@type":"WebSite","@id":"https:\/\/tuzlainfo.ba\/#website","url":"https:\/\/tuzlainfo.ba\/","name":"TuzlaInfo.ba","description":"Tuzla info, gradski informator - Tuzla na dlanu","publisher":{"@id":"https:\/\/tuzlainfo.ba\/#organization"},"potentialAction":[{"@type":"SearchAction","target":{"@type":"EntryPoint","urlTemplate":"https:\/\/tuzlainfo.ba\/?s={search_term_string}"},"query-input":{"@type":"PropertyValueSpecification","valueRequired":true,"valueName":"search_term_string"}}],"inLanguage":"bs-BA"},{"@type":"Organization","@id":"https:\/\/tuzlainfo.ba\/#organization","name":"TuzlaInfo.ba","url":"https:\/\/tuzlainfo.ba\/","logo":{"@type":"ImageObject","inLanguage":"bs-BA","@id":"https:\/\/tuzlainfo.ba\/#\/schema\/logo\/image\/","url":"https:\/\/tuzlainfo.ba\/wp-content\/uploads\/2021\/03\/logo-ver-3-1.png","contentUrl":"https:\/\/tuzlainfo.ba\/wp-content\/uploads\/2021\/03\/logo-ver-3-1.png","width":350,"height":95,"caption":"TuzlaInfo.ba"},"image":{"@id":"https:\/\/tuzlainfo.ba\/#\/schema\/logo\/image\/"},"sameAs":["https:\/\/www.facebook.com\/tuzlainfo.ba\/"]},{"@type":"Person","@id":"https:\/\/tuzlainfo.ba\/#\/schema\/person\/f434e20dc27ea133923aab08451b7f7f","name":"nedim","image":{"@type":"ImageObject","inLanguage":"bs-BA","@id":"https:\/\/tuzlainfo.ba\/#\/schema\/person\/image\/","url":"https:\/\/tuzlainfo.ba\/wp-content\/litespeed\/avatar\/aabad687af24844af817603ac1cbdc4f.jpg?ver=1777306975","contentUrl":"https:\/\/tuzlainfo.ba\/wp-content\/litespeed\/avatar\/aabad687af24844af817603ac1cbdc4f.jpg?ver=1777306975","caption":"nedim"},"description":"Tuzlainfo.ba pratite na dru\u0161tvenim mre\u017eama: Facebook, Instagram i Youtube. Svoje pri\u010de, upite i fotografije \u0161aljite na na\u0161u e-mail adresu."}]}},"_links":{"self":[{"href":"https:\/\/tuzlainfo.ba\/index.php\/wp-json\/wp\/v2\/posts\/263143"}],"collection":[{"href":"https:\/\/tuzlainfo.ba\/index.php\/wp-json\/wp\/v2\/posts"}],"about":[{"href":"https:\/\/tuzlainfo.ba\/index.php\/wp-json\/wp\/v2\/types\/post"}],"author":[{"embeddable":true,"href":"https:\/\/tuzlainfo.ba\/index.php\/wp-json\/wp\/v2\/users\/2"}],"replies":[{"embeddable":true,"href":"https:\/\/tuzlainfo.ba\/index.php\/wp-json\/wp\/v2\/comments?post=263143"}],"version-history":[{"count":1,"href":"https:\/\/tuzlainfo.ba\/index.php\/wp-json\/wp\/v2\/posts\/263143\/revisions"}],"predecessor-version":[{"id":263144,"href":"https:\/\/tuzlainfo.ba\/index.php\/wp-json\/wp\/v2\/posts\/263143\/revisions\/263144"}],"wp:featuredmedia":[{"embeddable":true,"href":"https:\/\/tuzlainfo.ba\/index.php\/wp-json\/wp\/v2\/media\/261560"}],"wp:attachment":[{"href":"https:\/\/tuzlainfo.ba\/index.php\/wp-json\/wp\/v2\/media?parent=263143"}],"wp:term":[{"taxonomy":"category","embeddable":true,"href":"https:\/\/tuzlainfo.ba\/index.php\/wp-json\/wp\/v2\/categories?post=263143"},{"taxonomy":"post_tag","embeddable":true,"href":"https:\/\/tuzlainfo.ba\/index.php\/wp-json\/wp\/v2\/tags?post=263143"}],"curies":[{"name":"wp","href":"https:\/\/api.w.org\/{rel}","templated":true}]}}