{"id":263083,"date":"2025-02-18T15:31:35","date_gmt":"2025-02-18T14:31:35","guid":{"rendered":"https:\/\/tuzlainfo.ba\/?p=263083"},"modified":"2025-02-18T16:32:19","modified_gmt":"2025-02-18T15:32:19","slug":"incident-ispred-os-slavinovici-roditelj-napao-ucenika-ubrzo-uhapsen","status":"publish","type":"post","link":"https:\/\/tuzlainfo.ba\/index.php\/istaknuto\/item\/263083-incident-ispred-os-slavinovici-roditelj-napao-ucenika-ubrzo-uhapsen\/","title":{"rendered":"Incident ispred O\u0160 Slavinovi\u0107i: Roditelj napao u\u010denika, ubrzo uhap\u0161en"},"content":{"rendered":"<p>U krugu tuzlanske osnovne \u0161kole Slavinovi\u0107i danas je jedan roditelj napao u\u010denika, te je ubrzo uhap\u0161en. O svemu su se oglasili iz Uprave policije MUP-a TK.<\/p>\n<p>&#8220;Nakon zaprimljene prijave o doga\u0111aju koji se desio 18.2.2025. godine u jutarnjim satima, u dvori\u0161tu Osnovne \u0161kole Slavinovi\u0107i, grad Tuzla, policijski slu\u017ebenici Policijske uprave Tuzla su poduzeli sve potrebne mjere i radnje na utvr\u0111ivanju okolnosti u vezi istog. O doga\u0111aju je obavije\u0161ten kantonalni tu\u017eilac, po \u010dijem nalogu je licu H.\u0106. iz Tuzle oduzeta sloboda zbog postojanja osnova sumnje da je po\u010dinio krivi\u010dno djelo Nasilni\u010dko pona\u0161anje nad maloljetnim u\u010denikom navedene \u0161kole. U toku je kriminalisti\u010dka obrada nad licem H.\u0106., nakon koje \u0107e isti biti predat Kantonalnom tu\u017eila\u0161tvu Tuzlanskog kantona na dalje nadle\u017eno postupanje&#8221; &#8211; saop\u0107eno je iz Uprave policije MUP-a TK.<\/p>\n<p>Reagovali su i iz O\u0160 Slavinovi\u0107i, kazav\u0161i da osu\u0111uju napad na u\u010denika.<\/p>\n<p>&#8220;Prije po\u010detka nastave napadnut je u\u010denik \u0161kole. Napada\u010d je roditelj drugog u\u010denika. O\u0160 \u201eSlavinovi\u0107i\u201c iz Tuzle o\u0161tro osu\u0111uje ovaj napad. U proteklom periodu \u0161koli nije prijavljeno nasilje nad sinom napada\u010da, te su zaposlenici i u\u010denici uznemireni nakon napada. \u0160kola se zahvaljuje policijskim slu\u017ebenicima na pravovremenoj reakciji&#8221; &#8211; kazali su iz \u0161kole.<\/p>\n","protected":false},"excerpt":{"rendered":"<p>U krugu tuzlanske osnovne \u0161kole Slavinovi\u0107i danas je jedan roditelj napao u\u010denika, te je ubrzo&hellip;<\/p>\n","protected":false},"author":4,"featured_media":79246,"comment_status":"closed","ping_status":"closed","sticky":false,"template":"","format":"standard","meta":{"_acf_changed":false,"footnotes":""},"categories":[304,12,306],"tags":[3074],"acf":[],"yoast_head":"<!-- This site is optimized with the Yoast SEO plugin v23.5 - https:\/\/yoast.com\/wordpress\/plugins\/seo\/ -->\n<title>Incident ispred O\u0160 Slavinovi\u0107i: Roditelj napao u\u010denika, ubrzo uhap\u0161en - TuzlaInfo.ba<\/title>\n<meta name=\"robots\" content=\"index, follow, max-snippet:-1, max-image-preview:large, max-video-preview:-1\" \/>\n<link rel=\"canonical\" href=\"https:\/\/tuzlainfo.ba\/index.php\/novosti\/item\/263083-incident-ispred-os-slavinovici-roditelj-napao-ucenika-ubrzo-uhapsen\/\" \/>\n<meta property=\"og:locale\" content=\"bs_BA\" \/>\n<meta property=\"og:type\" content=\"article\" \/>\n<meta property=\"og:title\" content=\"Incident ispred O\u0160 Slavinovi\u0107i: Roditelj napao u\u010denika, ubrzo uhap\u0161en - TuzlaInfo.ba\" \/>\n<meta property=\"og:description\" content=\"U krugu tuzlanske osnovne \u0161kole Slavinovi\u0107i danas je jedan roditelj napao u\u010denika, te je ubrzo&hellip;\" \/>\n<meta property=\"og:url\" content=\"https:\/\/tuzlainfo.ba\/index.php\/novosti\/item\/263083-incident-ispred-os-slavinovici-roditelj-napao-ucenika-ubrzo-uhapsen\/\" \/>\n<meta property=\"og:site_name\" content=\"TuzlaInfo.ba\" \/>\n<meta property=\"article:publisher\" content=\"https:\/\/www.facebook.com\/tuzlainfo.ba\/\" \/>\n<meta property=\"article:published_time\" content=\"2025-02-18T14:31:35+00:00\" \/>\n<meta property=\"article:modified_time\" content=\"2025-02-18T15:32:19+00:00\" \/>\n<meta property=\"og:image\" content=\"https:\/\/tuzlainfo.ba\/wp-content\/uploads\/2020\/05\/sadrzaj_2016_2016-crna_01012018-mup-zgrada.jpg\" \/>\n\t<meta property=\"og:image:width\" content=\"770\" \/>\n\t<meta property=\"og:image:height\" content=\"471\" \/>\n\t<meta property=\"og:image:type\" content=\"image\/jpeg\" \/>\n<meta name=\"author\" content=\"Tuzla Info\" \/>\n<meta name=\"twitter:card\" content=\"summary_large_image\" \/>\n<meta name=\"twitter:label1\" content=\"Written by\" \/>\n\t<meta name=\"twitter:data1\" content=\"Tuzla Info\" \/>\n\t<meta name=\"twitter:label2\" content=\"Est. reading time\" \/>\n\t<meta name=\"twitter:data2\" content=\"2 minute\" \/>\n<script type=\"application\/ld+json\" class=\"yoast-schema-graph\">{\"@context\":\"https:\/\/schema.org\",\"@graph\":[{\"@type\":\"Article\",\"@id\":\"https:\/\/tuzlainfo.ba\/index.php\/novosti\/item\/263083-incident-ispred-os-slavinovici-roditelj-napao-ucenika-ubrzo-uhapsen\/#article\",\"isPartOf\":{\"@id\":\"https:\/\/tuzlainfo.ba\/index.php\/novosti\/item\/263083-incident-ispred-os-slavinovici-roditelj-napao-ucenika-ubrzo-uhapsen\/\"},\"author\":{\"name\":\"Tuzla Info\",\"@id\":\"https:\/\/tuzlainfo.ba\/#\/schema\/person\/46cad4c57790cbc50781edd14870825a\"},\"headline\":\"Incident ispred O\u0160 Slavinovi\u0107i: Roditelj napao u\u010denika, ubrzo uhap\u0161en\",\"datePublished\":\"2025-02-18T14:31:35+00:00\",\"dateModified\":\"2025-02-18T15:32:19+00:00\",\"mainEntityOfPage\":{\"@id\":\"https:\/\/tuzlainfo.ba\/index.php\/novosti\/item\/263083-incident-ispred-os-slavinovici-roditelj-napao-ucenika-ubrzo-uhapsen\/\"},\"wordCount\":234,\"publisher\":{\"@id\":\"https:\/\/tuzlainfo.ba\/#organization\"},\"image\":{\"@id\":\"https:\/\/tuzlainfo.ba\/index.php\/novosti\/item\/263083-incident-ispred-os-slavinovici-roditelj-napao-ucenika-ubrzo-uhapsen\/#primaryimage\"},\"thumbnailUrl\":\"https:\/\/tuzlainfo.ba\/wp-content\/uploads\/2020\/05\/sadrzaj_2016_2016-crna_01012018-mup-zgrada.jpg\",\"keywords\":[\"O\u0160 Slavinovi\u0107i\"],\"articleSection\":[\"Istaknuto\",\"Novosti\",\"Preporu\u010dujemo\"],\"inLanguage\":\"bs-BA\"},{\"@type\":\"WebPage\",\"@id\":\"https:\/\/tuzlainfo.ba\/index.php\/novosti\/item\/263083-incident-ispred-os-slavinovici-roditelj-napao-ucenika-ubrzo-uhapsen\/\",\"url\":\"https:\/\/tuzlainfo.ba\/index.php\/novosti\/item\/263083-incident-ispred-os-slavinovici-roditelj-napao-ucenika-ubrzo-uhapsen\/\",\"name\":\"Incident ispred O\u0160 Slavinovi\u0107i: Roditelj napao u\u010denika, ubrzo uhap\u0161en - TuzlaInfo.ba\",\"isPartOf\":{\"@id\":\"https:\/\/tuzlainfo.ba\/#website\"},\"primaryImageOfPage\":{\"@id\":\"https:\/\/tuzlainfo.ba\/index.php\/novosti\/item\/263083-incident-ispred-os-slavinovici-roditelj-napao-ucenika-ubrzo-uhapsen\/#primaryimage\"},\"image\":{\"@id\":\"https:\/\/tuzlainfo.ba\/index.php\/novosti\/item\/263083-incident-ispred-os-slavinovici-roditelj-napao-ucenika-ubrzo-uhapsen\/#primaryimage\"},\"thumbnailUrl\":\"https:\/\/tuzlainfo.ba\/wp-content\/uploads\/2020\/05\/sadrzaj_2016_2016-crna_01012018-mup-zgrada.jpg\",\"datePublished\":\"2025-02-18T14:31:35+00:00\",\"dateModified\":\"2025-02-18T15:32:19+00:00\",\"breadcrumb\":{\"@id\":\"https:\/\/tuzlainfo.ba\/index.php\/novosti\/item\/263083-incident-ispred-os-slavinovici-roditelj-napao-ucenika-ubrzo-uhapsen\/#breadcrumb\"},\"inLanguage\":\"bs-BA\",\"potentialAction\":[{\"@type\":\"ReadAction\",\"target\":[\"https:\/\/tuzlainfo.ba\/index.php\/novosti\/item\/263083-incident-ispred-os-slavinovici-roditelj-napao-ucenika-ubrzo-uhapsen\/\"]}]},{\"@type\":\"ImageObject\",\"inLanguage\":\"bs-BA\",\"@id\":\"https:\/\/tuzlainfo.ba\/index.php\/novosti\/item\/263083-incident-ispred-os-slavinovici-roditelj-napao-ucenika-ubrzo-uhapsen\/#primaryimage\",\"url\":\"https:\/\/tuzlainfo.ba\/wp-content\/uploads\/2020\/05\/sadrzaj_2016_2016-crna_01012018-mup-zgrada.jpg\",\"contentUrl\":\"https:\/\/tuzlainfo.ba\/wp-content\/uploads\/2020\/05\/sadrzaj_2016_2016-crna_01012018-mup-zgrada.jpg\",\"width\":770,\"height\":471,\"caption\":\"01012018 mup zgrada\"},{\"@type\":\"BreadcrumbList\",\"@id\":\"https:\/\/tuzlainfo.ba\/index.php\/novosti\/item\/263083-incident-ispred-os-slavinovici-roditelj-napao-ucenika-ubrzo-uhapsen\/#breadcrumb\",\"itemListElement\":[{\"@type\":\"ListItem\",\"position\":1,\"name\":\"Home\",\"item\":\"https:\/\/tuzlainfo.ba\/\"},{\"@type\":\"ListItem\",\"position\":2,\"name\":\"Incident ispred O\u0160 Slavinovi\u0107i: Roditelj napao u\u010denika, ubrzo uhap\u0161en\"}]},{\"@type\":\"WebSite\",\"@id\":\"https:\/\/tuzlainfo.ba\/#website\",\"url\":\"https:\/\/tuzlainfo.ba\/\",\"name\":\"TuzlaInfo.ba\",\"description\":\"Tuzla info, gradski informator - Tuzla na dlanu\",\"publisher\":{\"@id\":\"https:\/\/tuzlainfo.ba\/#organization\"},\"potentialAction\":[{\"@type\":\"SearchAction\",\"target\":{\"@type\":\"EntryPoint\",\"urlTemplate\":\"https:\/\/tuzlainfo.ba\/?s={search_term_string}\"},\"query-input\":{\"@type\":\"PropertyValueSpecification\",\"valueRequired\":true,\"valueName\":\"search_term_string\"}}],\"inLanguage\":\"bs-BA\"},{\"@type\":\"Organization\",\"@id\":\"https:\/\/tuzlainfo.ba\/#organization\",\"name\":\"TuzlaInfo.ba\",\"url\":\"https:\/\/tuzlainfo.ba\/\",\"logo\":{\"@type\":\"ImageObject\",\"inLanguage\":\"bs-BA\",\"@id\":\"https:\/\/tuzlainfo.ba\/#\/schema\/logo\/image\/\",\"url\":\"https:\/\/tuzlainfo.ba\/wp-content\/uploads\/2021\/03\/logo-ver-3-1.png\",\"contentUrl\":\"https:\/\/tuzlainfo.ba\/wp-content\/uploads\/2021\/03\/logo-ver-3-1.png\",\"width\":350,\"height\":95,\"caption\":\"TuzlaInfo.ba\"},\"image\":{\"@id\":\"https:\/\/tuzlainfo.ba\/#\/schema\/logo\/image\/\"},\"sameAs\":[\"https:\/\/www.facebook.com\/tuzlainfo.ba\/\"]},{\"@type\":\"Person\",\"@id\":\"https:\/\/tuzlainfo.ba\/#\/schema\/person\/46cad4c57790cbc50781edd14870825a\",\"name\":\"Tuzla Info\",\"image\":{\"@type\":\"ImageObject\",\"inLanguage\":\"bs-BA\",\"@id\":\"https:\/\/tuzlainfo.ba\/#\/schema\/person\/image\/\",\"url\":\"https:\/\/tuzlainfo.ba\/wp-content\/litespeed\/avatar\/b6c453a6c38e3654f2e4416c643fc25c.jpg?ver=1777051911\",\"contentUrl\":\"https:\/\/tuzlainfo.ba\/wp-content\/litespeed\/avatar\/b6c453a6c38e3654f2e4416c643fc25c.jpg?ver=1777051911\",\"caption\":\"Tuzla Info\"}}]}<\/script>\n<!-- \/ Yoast SEO plugin. -->","yoast_head_json":{"title":"Incident ispred O\u0160 Slavinovi\u0107i: Roditelj napao u\u010denika, ubrzo uhap\u0161en - TuzlaInfo.ba","robots":{"index":"index","follow":"follow","max-snippet":"max-snippet:-1","max-image-preview":"max-image-preview:large","max-video-preview":"max-video-preview:-1"},"canonical":"https:\/\/tuzlainfo.ba\/index.php\/novosti\/item\/263083-incident-ispred-os-slavinovici-roditelj-napao-ucenika-ubrzo-uhapsen\/","og_locale":"bs_BA","og_type":"article","og_title":"Incident ispred O\u0160 Slavinovi\u0107i: Roditelj napao u\u010denika, ubrzo uhap\u0161en - TuzlaInfo.ba","og_description":"U krugu tuzlanske osnovne \u0161kole Slavinovi\u0107i danas je jedan roditelj napao u\u010denika, te je ubrzo&hellip;","og_url":"https:\/\/tuzlainfo.ba\/index.php\/novosti\/item\/263083-incident-ispred-os-slavinovici-roditelj-napao-ucenika-ubrzo-uhapsen\/","og_site_name":"TuzlaInfo.ba","article_publisher":"https:\/\/www.facebook.com\/tuzlainfo.ba\/","article_published_time":"2025-02-18T14:31:35+00:00","article_modified_time":"2025-02-18T15:32:19+00:00","og_image":[{"width":770,"height":471,"url":"https:\/\/tuzlainfo.ba\/wp-content\/uploads\/2020\/05\/sadrzaj_2016_2016-crna_01012018-mup-zgrada.jpg","type":"image\/jpeg"}],"author":"Tuzla Info","twitter_card":"summary_large_image","twitter_misc":{"Written by":"Tuzla Info","Est. reading time":"2 minute"},"schema":{"@context":"https:\/\/schema.org","@graph":[{"@type":"Article","@id":"https:\/\/tuzlainfo.ba\/index.php\/novosti\/item\/263083-incident-ispred-os-slavinovici-roditelj-napao-ucenika-ubrzo-uhapsen\/#article","isPartOf":{"@id":"https:\/\/tuzlainfo.ba\/index.php\/novosti\/item\/263083-incident-ispred-os-slavinovici-roditelj-napao-ucenika-ubrzo-uhapsen\/"},"author":{"name":"Tuzla Info","@id":"https:\/\/tuzlainfo.ba\/#\/schema\/person\/46cad4c57790cbc50781edd14870825a"},"headline":"Incident ispred O\u0160 Slavinovi\u0107i: Roditelj napao u\u010denika, ubrzo uhap\u0161en","datePublished":"2025-02-18T14:31:35+00:00","dateModified":"2025-02-18T15:32:19+00:00","mainEntityOfPage":{"@id":"https:\/\/tuzlainfo.ba\/index.php\/novosti\/item\/263083-incident-ispred-os-slavinovici-roditelj-napao-ucenika-ubrzo-uhapsen\/"},"wordCount":234,"publisher":{"@id":"https:\/\/tuzlainfo.ba\/#organization"},"image":{"@id":"https:\/\/tuzlainfo.ba\/index.php\/novosti\/item\/263083-incident-ispred-os-slavinovici-roditelj-napao-ucenika-ubrzo-uhapsen\/#primaryimage"},"thumbnailUrl":"https:\/\/tuzlainfo.ba\/wp-content\/uploads\/2020\/05\/sadrzaj_2016_2016-crna_01012018-mup-zgrada.jpg","keywords":["O\u0160 Slavinovi\u0107i"],"articleSection":["Istaknuto","Novosti","Preporu\u010dujemo"],"inLanguage":"bs-BA"},{"@type":"WebPage","@id":"https:\/\/tuzlainfo.ba\/index.php\/novosti\/item\/263083-incident-ispred-os-slavinovici-roditelj-napao-ucenika-ubrzo-uhapsen\/","url":"https:\/\/tuzlainfo.ba\/index.php\/novosti\/item\/263083-incident-ispred-os-slavinovici-roditelj-napao-ucenika-ubrzo-uhapsen\/","name":"Incident ispred O\u0160 Slavinovi\u0107i: Roditelj napao u\u010denika, ubrzo uhap\u0161en - TuzlaInfo.ba","isPartOf":{"@id":"https:\/\/tuzlainfo.ba\/#website"},"primaryImageOfPage":{"@id":"https:\/\/tuzlainfo.ba\/index.php\/novosti\/item\/263083-incident-ispred-os-slavinovici-roditelj-napao-ucenika-ubrzo-uhapsen\/#primaryimage"},"image":{"@id":"https:\/\/tuzlainfo.ba\/index.php\/novosti\/item\/263083-incident-ispred-os-slavinovici-roditelj-napao-ucenika-ubrzo-uhapsen\/#primaryimage"},"thumbnailUrl":"https:\/\/tuzlainfo.ba\/wp-content\/uploads\/2020\/05\/sadrzaj_2016_2016-crna_01012018-mup-zgrada.jpg","datePublished":"2025-02-18T14:31:35+00:00","dateModified":"2025-02-18T15:32:19+00:00","breadcrumb":{"@id":"https:\/\/tuzlainfo.ba\/index.php\/novosti\/item\/263083-incident-ispred-os-slavinovici-roditelj-napao-ucenika-ubrzo-uhapsen\/#breadcrumb"},"inLanguage":"bs-BA","potentialAction":[{"@type":"ReadAction","target":["https:\/\/tuzlainfo.ba\/index.php\/novosti\/item\/263083-incident-ispred-os-slavinovici-roditelj-napao-ucenika-ubrzo-uhapsen\/"]}]},{"@type":"ImageObject","inLanguage":"bs-BA","@id":"https:\/\/tuzlainfo.ba\/index.php\/novosti\/item\/263083-incident-ispred-os-slavinovici-roditelj-napao-ucenika-ubrzo-uhapsen\/#primaryimage","url":"https:\/\/tuzlainfo.ba\/wp-content\/uploads\/2020\/05\/sadrzaj_2016_2016-crna_01012018-mup-zgrada.jpg","contentUrl":"https:\/\/tuzlainfo.ba\/wp-content\/uploads\/2020\/05\/sadrzaj_2016_2016-crna_01012018-mup-zgrada.jpg","width":770,"height":471,"caption":"01012018 mup zgrada"},{"@type":"BreadcrumbList","@id":"https:\/\/tuzlainfo.ba\/index.php\/novosti\/item\/263083-incident-ispred-os-slavinovici-roditelj-napao-ucenika-ubrzo-uhapsen\/#breadcrumb","itemListElement":[{"@type":"ListItem","position":1,"name":"Home","item":"https:\/\/tuzlainfo.ba\/"},{"@type":"ListItem","position":2,"name":"Incident ispred O\u0160 Slavinovi\u0107i: Roditelj napao u\u010denika, ubrzo uhap\u0161en"}]},{"@type":"WebSite","@id":"https:\/\/tuzlainfo.ba\/#website","url":"https:\/\/tuzlainfo.ba\/","name":"TuzlaInfo.ba","description":"Tuzla info, gradski informator - Tuzla na dlanu","publisher":{"@id":"https:\/\/tuzlainfo.ba\/#organization"},"potentialAction":[{"@type":"SearchAction","target":{"@type":"EntryPoint","urlTemplate":"https:\/\/tuzlainfo.ba\/?s={search_term_string}"},"query-input":{"@type":"PropertyValueSpecification","valueRequired":true,"valueName":"search_term_string"}}],"inLanguage":"bs-BA"},{"@type":"Organization","@id":"https:\/\/tuzlainfo.ba\/#organization","name":"TuzlaInfo.ba","url":"https:\/\/tuzlainfo.ba\/","logo":{"@type":"ImageObject","inLanguage":"bs-BA","@id":"https:\/\/tuzlainfo.ba\/#\/schema\/logo\/image\/","url":"https:\/\/tuzlainfo.ba\/wp-content\/uploads\/2021\/03\/logo-ver-3-1.png","contentUrl":"https:\/\/tuzlainfo.ba\/wp-content\/uploads\/2021\/03\/logo-ver-3-1.png","width":350,"height":95,"caption":"TuzlaInfo.ba"},"image":{"@id":"https:\/\/tuzlainfo.ba\/#\/schema\/logo\/image\/"},"sameAs":["https:\/\/www.facebook.com\/tuzlainfo.ba\/"]},{"@type":"Person","@id":"https:\/\/tuzlainfo.ba\/#\/schema\/person\/46cad4c57790cbc50781edd14870825a","name":"Tuzla Info","image":{"@type":"ImageObject","inLanguage":"bs-BA","@id":"https:\/\/tuzlainfo.ba\/#\/schema\/person\/image\/","url":"https:\/\/tuzlainfo.ba\/wp-content\/litespeed\/avatar\/b6c453a6c38e3654f2e4416c643fc25c.jpg?ver=1777051911","contentUrl":"https:\/\/tuzlainfo.ba\/wp-content\/litespeed\/avatar\/b6c453a6c38e3654f2e4416c643fc25c.jpg?ver=1777051911","caption":"Tuzla Info"}}]}},"_links":{"self":[{"href":"https:\/\/tuzlainfo.ba\/index.php\/wp-json\/wp\/v2\/posts\/263083"}],"collection":[{"href":"https:\/\/tuzlainfo.ba\/index.php\/wp-json\/wp\/v2\/posts"}],"about":[{"href":"https:\/\/tuzlainfo.ba\/index.php\/wp-json\/wp\/v2\/types\/post"}],"author":[{"embeddable":true,"href":"https:\/\/tuzlainfo.ba\/index.php\/wp-json\/wp\/v2\/users\/4"}],"replies":[{"embeddable":true,"href":"https:\/\/tuzlainfo.ba\/index.php\/wp-json\/wp\/v2\/comments?post=263083"}],"version-history":[{"count":1,"href":"https:\/\/tuzlainfo.ba\/index.php\/wp-json\/wp\/v2\/posts\/263083\/revisions"}],"predecessor-version":[{"id":263084,"href":"https:\/\/tuzlainfo.ba\/index.php\/wp-json\/wp\/v2\/posts\/263083\/revisions\/263084"}],"wp:featuredmedia":[{"embeddable":true,"href":"https:\/\/tuzlainfo.ba\/index.php\/wp-json\/wp\/v2\/media\/79246"}],"wp:attachment":[{"href":"https:\/\/tuzlainfo.ba\/index.php\/wp-json\/wp\/v2\/media?parent=263083"}],"wp:term":[{"taxonomy":"category","embeddable":true,"href":"https:\/\/tuzlainfo.ba\/index.php\/wp-json\/wp\/v2\/categories?post=263083"},{"taxonomy":"post_tag","embeddable":true,"href":"https:\/\/tuzlainfo.ba\/index.php\/wp-json\/wp\/v2\/tags?post=263083"}],"curies":[{"name":"wp","href":"https:\/\/api.w.org\/{rel}","templated":true}]}}