{"id":263080,"date":"2025-02-18T15:10:56","date_gmt":"2025-02-18T14:10:56","guid":{"rendered":"https:\/\/tuzlainfo.ba\/?p=263080"},"modified":"2025-02-18T15:10:56","modified_gmt":"2025-02-18T14:10:56","slug":"trojka-i-opozicija-nemocni-nista-od-smjene-spirica-dobio-pomoc-delegata-hdz-a","status":"publish","type":"post","link":"https:\/\/tuzlainfo.ba\/index.php\/bosna-i-hercegovina\/item\/263080-trojka-i-opozicija-nemocni-nista-od-smjene-spirica-dobio-pomoc-delegata-hdz-a\/","title":{"rendered":"Trojka i opozicija nemo\u0107ni: Ni\u0161ta od smjene \u0160piri\u0107a, dobio &#8220;pomo\u0107&#8221; delegata HDZ-a"},"content":{"rendered":"<p>Nakon posljednje pauze na sjednici Doma naroda PS BiH koja je trajala sat vremena, predsjedavaju\u0107i ovog doma Nikola \u0160piri\u0107 je zaklju\u010dio da nema dovoljno delegata za kvorum, te je sjednica zaklju\u010dena.<\/p>\n<p>Kako se vidjelo, delegati HDZ BiH se nisu vratili sa pauze, pa samim time nije bilo dovoljno prisutnih za kvorum i nastavak odr\u017eavanja sjednice.<\/p>\n<p>Prije ove pauze, tra\u017eena je pauza od 15 minuta.<\/p>\n<p>Dom naroda Parlamentarne skup\u0161tine Bosne i Hercegovine (PSBiH) danas je na hitnoj sjednici trebalo da razmatra Prijedlog odluke o razrje\u0161enju prvog zamjenika predsjedavaju\u0107eg Doma naroda Parlamentarne skup\u0161tine BiH, \u010diji su predlaga\u010d delegati u Domu naroda Nenad Vukovi\u0107 (PDP), \u017delimir Ne\u0161kovi\u0107 (SDS), Ilija Cvitanovi\u0107 (HDZ 1990), Zlatko Mileti\u0107 (ZNG) i Kemal Ademovi\u0107 (NiP).<\/p>\n<p>Na po\u010detku, obratio se delegat Nenad Vukovi\u0107 (PDP) koji se prijavio za povredu Poslovnika, jer smatra da se sjednica trebala sazvati u roku od tri dana od podno\u0161enja zahtjeva.<\/p>\n<p>\u201c\u010covi\u0107 je zakazao sjednicu 12. dan, time je prekr\u0161en Poslovnik. Ova ta\u010dka je kontaminirana u javnosti. Do\u0161li smo na nivo mjesnih zajednica\u201d, kazao je Vukovi\u0107.<\/p>\n<p>Delegat \u017delimir Ne\u0161kovi\u0107 (SDS) je kazao da je sjednica najkasnije trebala biti zakazana u srijedu pro\u0161le sedmice.<\/p>\n<p>\u201cDa ne bude zbunjivanja delegata materijal smo dostavili pred po\u010detak same sjednice. U njemu jasno stoji da je zahtjev za smjenu \u0160piri\u0107a. Ako sjednica ode u drugom smjeru, a ve\u0107 su nam prava uskra\u0107ena, onda \u0107u to shvatiti kao uvredu svih delegata\u201d, kazao je.<\/p>\n<p>Izme\u0111u ostalih, obratio se i Dragan \u010covi\u0107 i odgovorio na optu\u017ebe da je prekr\u0161io Poslovnik.<\/p>\n<p>\u201c<strong>Svako tuma\u010di Poslovnik na svoj na\u010din. Zagovarat \u0107u da imamo odgovornost za institucije BiH, ne\u0107u se pozivati na gra\u0111anstvo u BiH. Nakana je \u010duvati institucije BiH, to sam govorio i kad sedam mjeseci ovaj dom nije zasjedao. Ademovi\u0107 je u tome u\u010destvovao, a kada je predlaga\u010d \u010duo da je to problem, povukao je prijedlog. To govori o nama<\/strong>\u201d, kazao je \u010covi\u0107.<\/p>\n<p>Predsjednik Stranke demokratske akcije (SDA) Bakir Izetbegovi\u0107 ju\u010der je na pres-konferenciji u Sarajevu kazao da \u0107e ta stranka podr\u017eati sve smjene, kada su u pitanju organi zakonodavne i izvr\u0161ne vlasti, te da za sada ne\u0107e podr\u017eati nova imenovanja.<\/p>\n<p>Podsje\u0107anja radi, na hitnoj sjednici Doma naroda 30. januara delegati Nenad Vukovi\u0107 i \u017delimir Ne\u0161kovi\u0107 su uputili predsjedavaju\u0107em Doma naroda zahtjev za dopunu dnevnog reda sjednice na na\u010din da se uvrsti ta\u010dka \u201cOdluka o razrje\u0161enju prvog zamjenika predsjedavaju\u0107eg Doma naroda PSBiH\u201d, ali ona tada nije uvr\u0161tena u dnevni red, pi\u0161e N1.<\/p>\n","protected":false},"excerpt":{"rendered":"<p>Nakon posljednje pauze na sjednici Doma naroda PS BiH koja je trajala sat vremena, predsjedavaju\u0107i&hellip;<\/p>\n","protected":false},"author":2,"featured_media":200768,"comment_status":"closed","ping_status":"closed","sticky":false,"template":"","format":"standard","meta":{"_acf_changed":false,"footnotes":""},"categories":[291],"tags":[4735],"acf":[],"yoast_head":"<!-- This site is optimized with the Yoast SEO plugin v23.5 - https:\/\/yoast.com\/wordpress\/plugins\/seo\/ -->\n<title>Trojka i opozicija nemo\u0107ni: Ni\u0161ta od smjene \u0160piri\u0107a, dobio &quot;pomo\u0107&quot; delegata HDZ-a - TuzlaInfo.ba<\/title>\n<meta name=\"robots\" content=\"index, follow, max-snippet:-1, max-image-preview:large, max-video-preview:-1\" \/>\n<link rel=\"canonical\" href=\"https:\/\/tuzlainfo.ba\/index.php\/bosna-i-hercegovina\/item\/263080-trojka-i-opozicija-nemocni-nista-od-smjene-spirica-dobio-pomoc-delegata-hdz-a\/\" \/>\n<meta property=\"og:locale\" content=\"bs_BA\" \/>\n<meta property=\"og:type\" content=\"article\" \/>\n<meta property=\"og:title\" content=\"Trojka i opozicija nemo\u0107ni: Ni\u0161ta od smjene \u0160piri\u0107a, dobio &quot;pomo\u0107&quot; delegata HDZ-a - TuzlaInfo.ba\" \/>\n<meta property=\"og:description\" content=\"Nakon posljednje pauze na sjednici Doma naroda PS BiH koja je trajala sat vremena, predsjedavaju\u0107i&hellip;\" \/>\n<meta property=\"og:url\" content=\"https:\/\/tuzlainfo.ba\/index.php\/bosna-i-hercegovina\/item\/263080-trojka-i-opozicija-nemocni-nista-od-smjene-spirica-dobio-pomoc-delegata-hdz-a\/\" \/>\n<meta property=\"og:site_name\" content=\"TuzlaInfo.ba\" \/>\n<meta property=\"article:publisher\" content=\"https:\/\/www.facebook.com\/tuzlainfo.ba\/\" \/>\n<meta property=\"article:published_time\" content=\"2025-02-18T14:10:56+00:00\" \/>\n<meta property=\"og:image\" content=\"https:\/\/tuzlainfo.ba\/wp-content\/uploads\/2023\/03\/2803_dom-naroda_psbih.jpeg\" \/>\n\t<meta property=\"og:image:width\" content=\"1297\" \/>\n\t<meta property=\"og:image:height\" content=\"730\" \/>\n\t<meta property=\"og:image:type\" content=\"image\/jpeg\" \/>\n<meta name=\"author\" content=\"nedim\" \/>\n<meta name=\"twitter:card\" content=\"summary_large_image\" \/>\n<meta name=\"twitter:label1\" content=\"Written by\" \/>\n\t<meta name=\"twitter:data1\" content=\"nedim\" \/>\n\t<meta name=\"twitter:label2\" content=\"Est. reading time\" \/>\n\t<meta name=\"twitter:data2\" content=\"3 minute\" \/>\n<script type=\"application\/ld+json\" class=\"yoast-schema-graph\">{\"@context\":\"https:\/\/schema.org\",\"@graph\":[{\"@type\":\"Article\",\"@id\":\"https:\/\/tuzlainfo.ba\/index.php\/bosna-i-hercegovina\/item\/263080-trojka-i-opozicija-nemocni-nista-od-smjene-spirica-dobio-pomoc-delegata-hdz-a\/#article\",\"isPartOf\":{\"@id\":\"https:\/\/tuzlainfo.ba\/index.php\/bosna-i-hercegovina\/item\/263080-trojka-i-opozicija-nemocni-nista-od-smjene-spirica-dobio-pomoc-delegata-hdz-a\/\"},\"author\":{\"name\":\"nedim\",\"@id\":\"https:\/\/tuzlainfo.ba\/#\/schema\/person\/f434e20dc27ea133923aab08451b7f7f\"},\"headline\":\"Trojka i opozicija nemo\u0107ni: Ni\u0161ta od smjene \u0160piri\u0107a, dobio &#8220;pomo\u0107&#8221; delegata HDZ-a\",\"datePublished\":\"2025-02-18T14:10:56+00:00\",\"dateModified\":\"2025-02-18T14:10:56+00:00\",\"mainEntityOfPage\":{\"@id\":\"https:\/\/tuzlainfo.ba\/index.php\/bosna-i-hercegovina\/item\/263080-trojka-i-opozicija-nemocni-nista-od-smjene-spirica-dobio-pomoc-delegata-hdz-a\/\"},\"wordCount\":449,\"publisher\":{\"@id\":\"https:\/\/tuzlainfo.ba\/#organization\"},\"image\":{\"@id\":\"https:\/\/tuzlainfo.ba\/index.php\/bosna-i-hercegovina\/item\/263080-trojka-i-opozicija-nemocni-nista-od-smjene-spirica-dobio-pomoc-delegata-hdz-a\/#primaryimage\"},\"thumbnailUrl\":\"https:\/\/tuzlainfo.ba\/wp-content\/uploads\/2023\/03\/2803_dom-naroda_psbih.jpeg\",\"keywords\":[\"dom naroda bih\"],\"articleSection\":[\"Bosna i Hercegovina\"],\"inLanguage\":\"bs-BA\"},{\"@type\":\"WebPage\",\"@id\":\"https:\/\/tuzlainfo.ba\/index.php\/bosna-i-hercegovina\/item\/263080-trojka-i-opozicija-nemocni-nista-od-smjene-spirica-dobio-pomoc-delegata-hdz-a\/\",\"url\":\"https:\/\/tuzlainfo.ba\/index.php\/bosna-i-hercegovina\/item\/263080-trojka-i-opozicija-nemocni-nista-od-smjene-spirica-dobio-pomoc-delegata-hdz-a\/\",\"name\":\"Trojka i opozicija nemo\u0107ni: Ni\u0161ta od smjene \u0160piri\u0107a, dobio \\\"pomo\u0107\\\" delegata HDZ-a - TuzlaInfo.ba\",\"isPartOf\":{\"@id\":\"https:\/\/tuzlainfo.ba\/#website\"},\"primaryImageOfPage\":{\"@id\":\"https:\/\/tuzlainfo.ba\/index.php\/bosna-i-hercegovina\/item\/263080-trojka-i-opozicija-nemocni-nista-od-smjene-spirica-dobio-pomoc-delegata-hdz-a\/#primaryimage\"},\"image\":{\"@id\":\"https:\/\/tuzlainfo.ba\/index.php\/bosna-i-hercegovina\/item\/263080-trojka-i-opozicija-nemocni-nista-od-smjene-spirica-dobio-pomoc-delegata-hdz-a\/#primaryimage\"},\"thumbnailUrl\":\"https:\/\/tuzlainfo.ba\/wp-content\/uploads\/2023\/03\/2803_dom-naroda_psbih.jpeg\",\"datePublished\":\"2025-02-18T14:10:56+00:00\",\"dateModified\":\"2025-02-18T14:10:56+00:00\",\"breadcrumb\":{\"@id\":\"https:\/\/tuzlainfo.ba\/index.php\/bosna-i-hercegovina\/item\/263080-trojka-i-opozicija-nemocni-nista-od-smjene-spirica-dobio-pomoc-delegata-hdz-a\/#breadcrumb\"},\"inLanguage\":\"bs-BA\",\"potentialAction\":[{\"@type\":\"ReadAction\",\"target\":[\"https:\/\/tuzlainfo.ba\/index.php\/bosna-i-hercegovina\/item\/263080-trojka-i-opozicija-nemocni-nista-od-smjene-spirica-dobio-pomoc-delegata-hdz-a\/\"]}]},{\"@type\":\"ImageObject\",\"inLanguage\":\"bs-BA\",\"@id\":\"https:\/\/tuzlainfo.ba\/index.php\/bosna-i-hercegovina\/item\/263080-trojka-i-opozicija-nemocni-nista-od-smjene-spirica-dobio-pomoc-delegata-hdz-a\/#primaryimage\",\"url\":\"https:\/\/tuzlainfo.ba\/wp-content\/uploads\/2023\/03\/2803_dom-naroda_psbih.jpeg\",\"contentUrl\":\"https:\/\/tuzlainfo.ba\/wp-content\/uploads\/2023\/03\/2803_dom-naroda_psbih.jpeg\",\"width\":1297,\"height\":730},{\"@type\":\"BreadcrumbList\",\"@id\":\"https:\/\/tuzlainfo.ba\/index.php\/bosna-i-hercegovina\/item\/263080-trojka-i-opozicija-nemocni-nista-od-smjene-spirica-dobio-pomoc-delegata-hdz-a\/#breadcrumb\",\"itemListElement\":[{\"@type\":\"ListItem\",\"position\":1,\"name\":\"Home\",\"item\":\"https:\/\/tuzlainfo.ba\/\"},{\"@type\":\"ListItem\",\"position\":2,\"name\":\"Trojka i opozicija nemo\u0107ni: Ni\u0161ta od smjene \u0160piri\u0107a, dobio &#8220;pomo\u0107&#8221; delegata HDZ-a\"}]},{\"@type\":\"WebSite\",\"@id\":\"https:\/\/tuzlainfo.ba\/#website\",\"url\":\"https:\/\/tuzlainfo.ba\/\",\"name\":\"TuzlaInfo.ba\",\"description\":\"Tuzla info, gradski informator - Tuzla na dlanu\",\"publisher\":{\"@id\":\"https:\/\/tuzlainfo.ba\/#organization\"},\"potentialAction\":[{\"@type\":\"SearchAction\",\"target\":{\"@type\":\"EntryPoint\",\"urlTemplate\":\"https:\/\/tuzlainfo.ba\/?s={search_term_string}\"},\"query-input\":{\"@type\":\"PropertyValueSpecification\",\"valueRequired\":true,\"valueName\":\"search_term_string\"}}],\"inLanguage\":\"bs-BA\"},{\"@type\":\"Organization\",\"@id\":\"https:\/\/tuzlainfo.ba\/#organization\",\"name\":\"TuzlaInfo.ba\",\"url\":\"https:\/\/tuzlainfo.ba\/\",\"logo\":{\"@type\":\"ImageObject\",\"inLanguage\":\"bs-BA\",\"@id\":\"https:\/\/tuzlainfo.ba\/#\/schema\/logo\/image\/\",\"url\":\"https:\/\/tuzlainfo.ba\/wp-content\/uploads\/2021\/03\/logo-ver-3-1.png\",\"contentUrl\":\"https:\/\/tuzlainfo.ba\/wp-content\/uploads\/2021\/03\/logo-ver-3-1.png\",\"width\":350,\"height\":95,\"caption\":\"TuzlaInfo.ba\"},\"image\":{\"@id\":\"https:\/\/tuzlainfo.ba\/#\/schema\/logo\/image\/\"},\"sameAs\":[\"https:\/\/www.facebook.com\/tuzlainfo.ba\/\"]},{\"@type\":\"Person\",\"@id\":\"https:\/\/tuzlainfo.ba\/#\/schema\/person\/f434e20dc27ea133923aab08451b7f7f\",\"name\":\"nedim\",\"image\":{\"@type\":\"ImageObject\",\"inLanguage\":\"bs-BA\",\"@id\":\"https:\/\/tuzlainfo.ba\/#\/schema\/person\/image\/\",\"url\":\"https:\/\/tuzlainfo.ba\/wp-content\/litespeed\/avatar\/aabad687af24844af817603ac1cbdc4f.jpg?ver=1776702173\",\"contentUrl\":\"https:\/\/tuzlainfo.ba\/wp-content\/litespeed\/avatar\/aabad687af24844af817603ac1cbdc4f.jpg?ver=1776702173\",\"caption\":\"nedim\"},\"description\":\"Tuzlainfo.ba pratite na dru\u0161tvenim mre\u017eama: Facebook, Instagram i Youtube. Svoje pri\u010de, upite i fotografije \u0161aljite na na\u0161u e-mail adresu.\"}]}<\/script>\n<!-- \/ Yoast SEO plugin. -->","yoast_head_json":{"title":"Trojka i opozicija nemo\u0107ni: Ni\u0161ta od smjene \u0160piri\u0107a, dobio \"pomo\u0107\" delegata HDZ-a - TuzlaInfo.ba","robots":{"index":"index","follow":"follow","max-snippet":"max-snippet:-1","max-image-preview":"max-image-preview:large","max-video-preview":"max-video-preview:-1"},"canonical":"https:\/\/tuzlainfo.ba\/index.php\/bosna-i-hercegovina\/item\/263080-trojka-i-opozicija-nemocni-nista-od-smjene-spirica-dobio-pomoc-delegata-hdz-a\/","og_locale":"bs_BA","og_type":"article","og_title":"Trojka i opozicija nemo\u0107ni: Ni\u0161ta od smjene \u0160piri\u0107a, dobio \"pomo\u0107\" delegata HDZ-a - TuzlaInfo.ba","og_description":"Nakon posljednje pauze na sjednici Doma naroda PS BiH koja je trajala sat vremena, predsjedavaju\u0107i&hellip;","og_url":"https:\/\/tuzlainfo.ba\/index.php\/bosna-i-hercegovina\/item\/263080-trojka-i-opozicija-nemocni-nista-od-smjene-spirica-dobio-pomoc-delegata-hdz-a\/","og_site_name":"TuzlaInfo.ba","article_publisher":"https:\/\/www.facebook.com\/tuzlainfo.ba\/","article_published_time":"2025-02-18T14:10:56+00:00","og_image":[{"width":1297,"height":730,"url":"https:\/\/tuzlainfo.ba\/wp-content\/uploads\/2023\/03\/2803_dom-naroda_psbih.jpeg","type":"image\/jpeg"}],"author":"nedim","twitter_card":"summary_large_image","twitter_misc":{"Written by":"nedim","Est. reading time":"3 minute"},"schema":{"@context":"https:\/\/schema.org","@graph":[{"@type":"Article","@id":"https:\/\/tuzlainfo.ba\/index.php\/bosna-i-hercegovina\/item\/263080-trojka-i-opozicija-nemocni-nista-od-smjene-spirica-dobio-pomoc-delegata-hdz-a\/#article","isPartOf":{"@id":"https:\/\/tuzlainfo.ba\/index.php\/bosna-i-hercegovina\/item\/263080-trojka-i-opozicija-nemocni-nista-od-smjene-spirica-dobio-pomoc-delegata-hdz-a\/"},"author":{"name":"nedim","@id":"https:\/\/tuzlainfo.ba\/#\/schema\/person\/f434e20dc27ea133923aab08451b7f7f"},"headline":"Trojka i opozicija nemo\u0107ni: Ni\u0161ta od smjene \u0160piri\u0107a, dobio &#8220;pomo\u0107&#8221; delegata HDZ-a","datePublished":"2025-02-18T14:10:56+00:00","dateModified":"2025-02-18T14:10:56+00:00","mainEntityOfPage":{"@id":"https:\/\/tuzlainfo.ba\/index.php\/bosna-i-hercegovina\/item\/263080-trojka-i-opozicija-nemocni-nista-od-smjene-spirica-dobio-pomoc-delegata-hdz-a\/"},"wordCount":449,"publisher":{"@id":"https:\/\/tuzlainfo.ba\/#organization"},"image":{"@id":"https:\/\/tuzlainfo.ba\/index.php\/bosna-i-hercegovina\/item\/263080-trojka-i-opozicija-nemocni-nista-od-smjene-spirica-dobio-pomoc-delegata-hdz-a\/#primaryimage"},"thumbnailUrl":"https:\/\/tuzlainfo.ba\/wp-content\/uploads\/2023\/03\/2803_dom-naroda_psbih.jpeg","keywords":["dom naroda bih"],"articleSection":["Bosna i Hercegovina"],"inLanguage":"bs-BA"},{"@type":"WebPage","@id":"https:\/\/tuzlainfo.ba\/index.php\/bosna-i-hercegovina\/item\/263080-trojka-i-opozicija-nemocni-nista-od-smjene-spirica-dobio-pomoc-delegata-hdz-a\/","url":"https:\/\/tuzlainfo.ba\/index.php\/bosna-i-hercegovina\/item\/263080-trojka-i-opozicija-nemocni-nista-od-smjene-spirica-dobio-pomoc-delegata-hdz-a\/","name":"Trojka i opozicija nemo\u0107ni: Ni\u0161ta od smjene \u0160piri\u0107a, dobio \"pomo\u0107\" delegata HDZ-a - TuzlaInfo.ba","isPartOf":{"@id":"https:\/\/tuzlainfo.ba\/#website"},"primaryImageOfPage":{"@id":"https:\/\/tuzlainfo.ba\/index.php\/bosna-i-hercegovina\/item\/263080-trojka-i-opozicija-nemocni-nista-od-smjene-spirica-dobio-pomoc-delegata-hdz-a\/#primaryimage"},"image":{"@id":"https:\/\/tuzlainfo.ba\/index.php\/bosna-i-hercegovina\/item\/263080-trojka-i-opozicija-nemocni-nista-od-smjene-spirica-dobio-pomoc-delegata-hdz-a\/#primaryimage"},"thumbnailUrl":"https:\/\/tuzlainfo.ba\/wp-content\/uploads\/2023\/03\/2803_dom-naroda_psbih.jpeg","datePublished":"2025-02-18T14:10:56+00:00","dateModified":"2025-02-18T14:10:56+00:00","breadcrumb":{"@id":"https:\/\/tuzlainfo.ba\/index.php\/bosna-i-hercegovina\/item\/263080-trojka-i-opozicija-nemocni-nista-od-smjene-spirica-dobio-pomoc-delegata-hdz-a\/#breadcrumb"},"inLanguage":"bs-BA","potentialAction":[{"@type":"ReadAction","target":["https:\/\/tuzlainfo.ba\/index.php\/bosna-i-hercegovina\/item\/263080-trojka-i-opozicija-nemocni-nista-od-smjene-spirica-dobio-pomoc-delegata-hdz-a\/"]}]},{"@type":"ImageObject","inLanguage":"bs-BA","@id":"https:\/\/tuzlainfo.ba\/index.php\/bosna-i-hercegovina\/item\/263080-trojka-i-opozicija-nemocni-nista-od-smjene-spirica-dobio-pomoc-delegata-hdz-a\/#primaryimage","url":"https:\/\/tuzlainfo.ba\/wp-content\/uploads\/2023\/03\/2803_dom-naroda_psbih.jpeg","contentUrl":"https:\/\/tuzlainfo.ba\/wp-content\/uploads\/2023\/03\/2803_dom-naroda_psbih.jpeg","width":1297,"height":730},{"@type":"BreadcrumbList","@id":"https:\/\/tuzlainfo.ba\/index.php\/bosna-i-hercegovina\/item\/263080-trojka-i-opozicija-nemocni-nista-od-smjene-spirica-dobio-pomoc-delegata-hdz-a\/#breadcrumb","itemListElement":[{"@type":"ListItem","position":1,"name":"Home","item":"https:\/\/tuzlainfo.ba\/"},{"@type":"ListItem","position":2,"name":"Trojka i opozicija nemo\u0107ni: Ni\u0161ta od smjene \u0160piri\u0107a, dobio &#8220;pomo\u0107&#8221; delegata HDZ-a"}]},{"@type":"WebSite","@id":"https:\/\/tuzlainfo.ba\/#website","url":"https:\/\/tuzlainfo.ba\/","name":"TuzlaInfo.ba","description":"Tuzla info, gradski informator - Tuzla na dlanu","publisher":{"@id":"https:\/\/tuzlainfo.ba\/#organization"},"potentialAction":[{"@type":"SearchAction","target":{"@type":"EntryPoint","urlTemplate":"https:\/\/tuzlainfo.ba\/?s={search_term_string}"},"query-input":{"@type":"PropertyValueSpecification","valueRequired":true,"valueName":"search_term_string"}}],"inLanguage":"bs-BA"},{"@type":"Organization","@id":"https:\/\/tuzlainfo.ba\/#organization","name":"TuzlaInfo.ba","url":"https:\/\/tuzlainfo.ba\/","logo":{"@type":"ImageObject","inLanguage":"bs-BA","@id":"https:\/\/tuzlainfo.ba\/#\/schema\/logo\/image\/","url":"https:\/\/tuzlainfo.ba\/wp-content\/uploads\/2021\/03\/logo-ver-3-1.png","contentUrl":"https:\/\/tuzlainfo.ba\/wp-content\/uploads\/2021\/03\/logo-ver-3-1.png","width":350,"height":95,"caption":"TuzlaInfo.ba"},"image":{"@id":"https:\/\/tuzlainfo.ba\/#\/schema\/logo\/image\/"},"sameAs":["https:\/\/www.facebook.com\/tuzlainfo.ba\/"]},{"@type":"Person","@id":"https:\/\/tuzlainfo.ba\/#\/schema\/person\/f434e20dc27ea133923aab08451b7f7f","name":"nedim","image":{"@type":"ImageObject","inLanguage":"bs-BA","@id":"https:\/\/tuzlainfo.ba\/#\/schema\/person\/image\/","url":"https:\/\/tuzlainfo.ba\/wp-content\/litespeed\/avatar\/aabad687af24844af817603ac1cbdc4f.jpg?ver=1776702173","contentUrl":"https:\/\/tuzlainfo.ba\/wp-content\/litespeed\/avatar\/aabad687af24844af817603ac1cbdc4f.jpg?ver=1776702173","caption":"nedim"},"description":"Tuzlainfo.ba pratite na dru\u0161tvenim mre\u017eama: Facebook, Instagram i Youtube. Svoje pri\u010de, upite i fotografije \u0161aljite na na\u0161u e-mail adresu."}]}},"_links":{"self":[{"href":"https:\/\/tuzlainfo.ba\/index.php\/wp-json\/wp\/v2\/posts\/263080"}],"collection":[{"href":"https:\/\/tuzlainfo.ba\/index.php\/wp-json\/wp\/v2\/posts"}],"about":[{"href":"https:\/\/tuzlainfo.ba\/index.php\/wp-json\/wp\/v2\/types\/post"}],"author":[{"embeddable":true,"href":"https:\/\/tuzlainfo.ba\/index.php\/wp-json\/wp\/v2\/users\/2"}],"replies":[{"embeddable":true,"href":"https:\/\/tuzlainfo.ba\/index.php\/wp-json\/wp\/v2\/comments?post=263080"}],"version-history":[{"count":1,"href":"https:\/\/tuzlainfo.ba\/index.php\/wp-json\/wp\/v2\/posts\/263080\/revisions"}],"predecessor-version":[{"id":263081,"href":"https:\/\/tuzlainfo.ba\/index.php\/wp-json\/wp\/v2\/posts\/263080\/revisions\/263081"}],"wp:featuredmedia":[{"embeddable":true,"href":"https:\/\/tuzlainfo.ba\/index.php\/wp-json\/wp\/v2\/media\/200768"}],"wp:attachment":[{"href":"https:\/\/tuzlainfo.ba\/index.php\/wp-json\/wp\/v2\/media?parent=263080"}],"wp:term":[{"taxonomy":"category","embeddable":true,"href":"https:\/\/tuzlainfo.ba\/index.php\/wp-json\/wp\/v2\/categories?post=263080"},{"taxonomy":"post_tag","embeddable":true,"href":"https:\/\/tuzlainfo.ba\/index.php\/wp-json\/wp\/v2\/tags?post=263080"}],"curies":[{"name":"wp","href":"https:\/\/api.w.org\/{rel}","templated":true}]}}