{"id":262882,"date":"2025-02-15T14:56:58","date_gmt":"2025-02-15T13:56:58","guid":{"rendered":"https:\/\/tuzlainfo.ba\/?p=262882"},"modified":"2025-02-15T14:56:58","modified_gmt":"2025-02-15T13:56:58","slug":"dan-medzlisa-iz-tuzla-obnavljaju-se-temelji-gazi-turali-begovog-vakufa","status":"publish","type":"post","link":"https:\/\/tuzlainfo.ba\/index.php\/novosti\/item\/262882-dan-medzlisa-iz-tuzla-obnavljaju-se-temelji-gazi-turali-begovog-vakufa\/","title":{"rendered":"Dan Med\u017elisa IZ Tuzla: Obnavljaju se temelji Gazi Turali-begovog vakufa"},"content":{"rendered":"<p>Sino\u0107 je u Gazi Turali-begovoj d\u017eamiji u Tuzli odr\u017eana mevludska sve\u010danost povodom Dana Med\u017elisa Islamske zajednice Tuzla.<\/p>\n<p>Ovaj dan je posve\u0107en velikom vakifu Gazi Turali-begu, \u010dija je vakufnama iz 1572. godine jedno od rijetkih sa\u010duvanih dokumenta te vrste u Bosni i Hercegovini. Gazi Turali-beg je osniva\u010d moderne Tuzle, a njegov vakuf obuhvata d\u017eamiju, han, hamam, brojne du\u0107ane, izvore slane vode i zemlji\u0161te.<\/p>\n<p>Program je otvorio imam d\u017eamije hafiz Merim-ef. \u0110ulovi\u0107, a prisutni su bili muftija tuzlanski Vahid-ef. Fazlovi\u0107, predsjednik Izvr\u0161nog odbora prof. dr. Amir Kari\u0107, te drugi ugledni gosti, me\u0111u kojima su bili i predstavnici institucija Islamske zajednice, vakifi i d\u017eematlije. Glavni imam Med\u017elisa Islamske zajednice Tuzla, hafiz Ahmed-ef. Huskanovi\u0107, istakao je zna\u010daj Gazi Turali-begovog vakufa, naglasiv\u0161i da dana\u0161nja generacija nastavlja obnavljati i podizati temelje koje je on postavio.<\/p>\n<p><iframe title=\"Merim \u00d0ulovi\u0107, imam Gazi Turali-begove d\u017eamije u Tuzli\" width=\"1170\" height=\"658\" src=\"https:\/\/www.youtube.com\/embed\/OFUo_uGZSPA?start=3&#038;feature=oembed\" frameborder=\"0\" allow=\"accelerometer; autoplay; clipboard-write; encrypted-media; gyroscope; picture-in-picture; web-share\" referrerpolicy=\"strict-origin-when-cross-origin\" allowfullscreen><\/iframe><\/p>\n<p>Istakao je kako vakuf, davanje i ulaganje u zajednicu moraju biti prioriteti, te da kroz obrazovanje svoje djece trebamo \u010duvati naslije\u0111e. Muftija Fazlovi\u0107 tako\u0111er je govorio o zna\u010daju vakufa, nagla\u0161avaju\u0107i da je Gazi Turali-beg ostavio neizmjerno dobro\u010dinstvo koje traje do danas.<\/p>\n<p><iframe title=\"Tuzla: Mevludska sve\u010danost u Gazi Turali-begovoj d\u017eamiji, februar 2025\" width=\"1170\" height=\"658\" src=\"https:\/\/www.youtube.com\/embed\/b-py69w_7YY?feature=oembed\" frameborder=\"0\" allow=\"accelerometer; autoplay; clipboard-write; encrypted-media; gyroscope; picture-in-picture; web-share\" referrerpolicy=\"strict-origin-when-cross-origin\" allowfullscreen><\/iframe><\/p>\n<p>Sve\u010danost je bila prilika da se prisjetimo i posthumne dodjele Gazi Turali-begove plakete rahmetli Nijazu Fo\u010di\u0107u, in\u017einjeru geodezije, koji je svojim radom zna\u010dajno doprinio obnovi vakufske imovine u Tuzli. Fo\u010di\u0107 je, tokom 90-ih, obnovio katastarsku dokumentaciju vakufske imovine, \u0161to je bio izuzetno zahtjevan zadatak, a njegovo znanje i predanost zna\u010dajno su doprinijeli o\u010duvanju vakufa.<\/p>\n<p>Plaketa je posthumno uru\u010dena njegovoj k\u0107erki Melihi Beganovi\u0107, a nagrada je priznanje za njegov nesebi\u010dan rad i doprinos Islamskoj zajednici. Ovaj dan, obilje\u017een programom i dubokim po\u0161tovanjem prema vakufu Gazi Turali-bega, potvrdio je da se naslije\u0111e ovih velikana nastavlja kroz rad i zajedni\u0161tvo dana\u0161njih generacija.<\/p>\n","protected":false},"excerpt":{"rendered":"<p>Sino\u0107 je u Gazi Turali-begovoj d\u017eamiji u Tuzli odr\u017eana mevludska sve\u010danost povodom Dana Med\u017elisa Islamske&hellip;<\/p>\n","protected":false},"author":2,"featured_media":262883,"comment_status":"closed","ping_status":"closed","sticky":false,"template":"","format":"standard","meta":{"_acf_changed":false,"footnotes":""},"categories":[304,12],"tags":[4136,6370,5876],"acf":[],"yoast_head":"<!-- This site is optimized with the Yoast SEO plugin v23.5 - https:\/\/yoast.com\/wordpress\/plugins\/seo\/ -->\n<title>Dan Med\u017elisa IZ Tuzla: Obnavljaju se temelji Gazi Turali-begovog vakufa - TuzlaInfo.ba<\/title>\n<meta name=\"robots\" content=\"index, follow, max-snippet:-1, max-image-preview:large, max-video-preview:-1\" \/>\n<link rel=\"canonical\" href=\"https:\/\/tuzlainfo.ba\/index.php\/novosti\/item\/262882-dan-medzlisa-iz-tuzla-obnavljaju-se-temelji-gazi-turali-begovog-vakufa\/\" \/>\n<meta property=\"og:locale\" content=\"bs_BA\" \/>\n<meta property=\"og:type\" content=\"article\" \/>\n<meta property=\"og:title\" content=\"Dan Med\u017elisa IZ Tuzla: Obnavljaju se temelji Gazi Turali-begovog vakufa - TuzlaInfo.ba\" \/>\n<meta property=\"og:description\" content=\"Sino\u0107 je u Gazi Turali-begovoj d\u017eamiji u Tuzli odr\u017eana mevludska sve\u010danost povodom Dana Med\u017elisa Islamske&hellip;\" \/>\n<meta property=\"og:url\" content=\"https:\/\/tuzlainfo.ba\/index.php\/novosti\/item\/262882-dan-medzlisa-iz-tuzla-obnavljaju-se-temelji-gazi-turali-begovog-vakufa\/\" \/>\n<meta property=\"og:site_name\" content=\"TuzlaInfo.ba\" \/>\n<meta property=\"article:publisher\" content=\"https:\/\/www.facebook.com\/tuzlainfo.ba\/\" \/>\n<meta property=\"article:published_time\" content=\"2025-02-15T13:56:58+00:00\" \/>\n<meta property=\"og:image\" content=\"https:\/\/tuzlainfo.ba\/wp-content\/uploads\/2025\/02\/1502_turalibegova.jpg\" \/>\n\t<meta property=\"og:image:width\" content=\"1000\" \/>\n\t<meta property=\"og:image:height\" content=\"601\" \/>\n\t<meta property=\"og:image:type\" content=\"image\/jpeg\" \/>\n<meta name=\"author\" content=\"nedim\" \/>\n<meta name=\"twitter:card\" content=\"summary_large_image\" \/>\n<meta name=\"twitter:label1\" content=\"Written by\" \/>\n\t<meta name=\"twitter:data1\" content=\"nedim\" \/>\n\t<meta name=\"twitter:label2\" content=\"Est. reading time\" \/>\n\t<meta name=\"twitter:data2\" content=\"2 minute\" \/>\n<script type=\"application\/ld+json\" class=\"yoast-schema-graph\">{\"@context\":\"https:\/\/schema.org\",\"@graph\":[{\"@type\":\"Article\",\"@id\":\"https:\/\/tuzlainfo.ba\/index.php\/novosti\/item\/262882-dan-medzlisa-iz-tuzla-obnavljaju-se-temelji-gazi-turali-begovog-vakufa\/#article\",\"isPartOf\":{\"@id\":\"https:\/\/tuzlainfo.ba\/index.php\/novosti\/item\/262882-dan-medzlisa-iz-tuzla-obnavljaju-se-temelji-gazi-turali-begovog-vakufa\/\"},\"author\":{\"name\":\"nedim\",\"@id\":\"https:\/\/tuzlainfo.ba\/#\/schema\/person\/f434e20dc27ea133923aab08451b7f7f\"},\"headline\":\"Dan Med\u017elisa IZ Tuzla: Obnavljaju se temelji Gazi Turali-begovog vakufa\",\"datePublished\":\"2025-02-15T13:56:58+00:00\",\"dateModified\":\"2025-02-15T13:56:58+00:00\",\"mainEntityOfPage\":{\"@id\":\"https:\/\/tuzlainfo.ba\/index.php\/novosti\/item\/262882-dan-medzlisa-iz-tuzla-obnavljaju-se-temelji-gazi-turali-begovog-vakufa\/\"},\"wordCount\":335,\"publisher\":{\"@id\":\"https:\/\/tuzlainfo.ba\/#organization\"},\"image\":{\"@id\":\"https:\/\/tuzlainfo.ba\/index.php\/novosti\/item\/262882-dan-medzlisa-iz-tuzla-obnavljaju-se-temelji-gazi-turali-begovog-vakufa\/#primaryimage\"},\"thumbnailUrl\":\"https:\/\/tuzlainfo.ba\/wp-content\/uploads\/2025\/02\/1502_turalibegova.jpg\",\"keywords\":[\"gazi turalibegov vakuf\",\"medzlis islamske zajednice tuzla\",\"turalibeg\"],\"articleSection\":[\"Istaknuto\",\"Novosti\"],\"inLanguage\":\"bs-BA\"},{\"@type\":\"WebPage\",\"@id\":\"https:\/\/tuzlainfo.ba\/index.php\/novosti\/item\/262882-dan-medzlisa-iz-tuzla-obnavljaju-se-temelji-gazi-turali-begovog-vakufa\/\",\"url\":\"https:\/\/tuzlainfo.ba\/index.php\/novosti\/item\/262882-dan-medzlisa-iz-tuzla-obnavljaju-se-temelji-gazi-turali-begovog-vakufa\/\",\"name\":\"Dan Med\u017elisa IZ Tuzla: Obnavljaju se temelji Gazi Turali-begovog vakufa - TuzlaInfo.ba\",\"isPartOf\":{\"@id\":\"https:\/\/tuzlainfo.ba\/#website\"},\"primaryImageOfPage\":{\"@id\":\"https:\/\/tuzlainfo.ba\/index.php\/novosti\/item\/262882-dan-medzlisa-iz-tuzla-obnavljaju-se-temelji-gazi-turali-begovog-vakufa\/#primaryimage\"},\"image\":{\"@id\":\"https:\/\/tuzlainfo.ba\/index.php\/novosti\/item\/262882-dan-medzlisa-iz-tuzla-obnavljaju-se-temelji-gazi-turali-begovog-vakufa\/#primaryimage\"},\"thumbnailUrl\":\"https:\/\/tuzlainfo.ba\/wp-content\/uploads\/2025\/02\/1502_turalibegova.jpg\",\"datePublished\":\"2025-02-15T13:56:58+00:00\",\"dateModified\":\"2025-02-15T13:56:58+00:00\",\"breadcrumb\":{\"@id\":\"https:\/\/tuzlainfo.ba\/index.php\/novosti\/item\/262882-dan-medzlisa-iz-tuzla-obnavljaju-se-temelji-gazi-turali-begovog-vakufa\/#breadcrumb\"},\"inLanguage\":\"bs-BA\",\"potentialAction\":[{\"@type\":\"ReadAction\",\"target\":[\"https:\/\/tuzlainfo.ba\/index.php\/novosti\/item\/262882-dan-medzlisa-iz-tuzla-obnavljaju-se-temelji-gazi-turali-begovog-vakufa\/\"]}]},{\"@type\":\"ImageObject\",\"inLanguage\":\"bs-BA\",\"@id\":\"https:\/\/tuzlainfo.ba\/index.php\/novosti\/item\/262882-dan-medzlisa-iz-tuzla-obnavljaju-se-temelji-gazi-turali-begovog-vakufa\/#primaryimage\",\"url\":\"https:\/\/tuzlainfo.ba\/wp-content\/uploads\/2025\/02\/1502_turalibegova.jpg\",\"contentUrl\":\"https:\/\/tuzlainfo.ba\/wp-content\/uploads\/2025\/02\/1502_turalibegova.jpg\",\"width\":1000,\"height\":601},{\"@type\":\"BreadcrumbList\",\"@id\":\"https:\/\/tuzlainfo.ba\/index.php\/novosti\/item\/262882-dan-medzlisa-iz-tuzla-obnavljaju-se-temelji-gazi-turali-begovog-vakufa\/#breadcrumb\",\"itemListElement\":[{\"@type\":\"ListItem\",\"position\":1,\"name\":\"Home\",\"item\":\"https:\/\/tuzlainfo.ba\/\"},{\"@type\":\"ListItem\",\"position\":2,\"name\":\"Dan Med\u017elisa IZ Tuzla: Obnavljaju se temelji Gazi Turali-begovog vakufa\"}]},{\"@type\":\"WebSite\",\"@id\":\"https:\/\/tuzlainfo.ba\/#website\",\"url\":\"https:\/\/tuzlainfo.ba\/\",\"name\":\"TuzlaInfo.ba\",\"description\":\"Tuzla info, gradski informator - Tuzla na dlanu\",\"publisher\":{\"@id\":\"https:\/\/tuzlainfo.ba\/#organization\"},\"potentialAction\":[{\"@type\":\"SearchAction\",\"target\":{\"@type\":\"EntryPoint\",\"urlTemplate\":\"https:\/\/tuzlainfo.ba\/?s={search_term_string}\"},\"query-input\":{\"@type\":\"PropertyValueSpecification\",\"valueRequired\":true,\"valueName\":\"search_term_string\"}}],\"inLanguage\":\"bs-BA\"},{\"@type\":\"Organization\",\"@id\":\"https:\/\/tuzlainfo.ba\/#organization\",\"name\":\"TuzlaInfo.ba\",\"url\":\"https:\/\/tuzlainfo.ba\/\",\"logo\":{\"@type\":\"ImageObject\",\"inLanguage\":\"bs-BA\",\"@id\":\"https:\/\/tuzlainfo.ba\/#\/schema\/logo\/image\/\",\"url\":\"https:\/\/tuzlainfo.ba\/wp-content\/uploads\/2021\/03\/logo-ver-3-1.png\",\"contentUrl\":\"https:\/\/tuzlainfo.ba\/wp-content\/uploads\/2021\/03\/logo-ver-3-1.png\",\"width\":350,\"height\":95,\"caption\":\"TuzlaInfo.ba\"},\"image\":{\"@id\":\"https:\/\/tuzlainfo.ba\/#\/schema\/logo\/image\/\"},\"sameAs\":[\"https:\/\/www.facebook.com\/tuzlainfo.ba\/\"]},{\"@type\":\"Person\",\"@id\":\"https:\/\/tuzlainfo.ba\/#\/schema\/person\/f434e20dc27ea133923aab08451b7f7f\",\"name\":\"nedim\",\"image\":{\"@type\":\"ImageObject\",\"inLanguage\":\"bs-BA\",\"@id\":\"https:\/\/tuzlainfo.ba\/#\/schema\/person\/image\/\",\"url\":\"https:\/\/tuzlainfo.ba\/wp-content\/litespeed\/avatar\/aabad687af24844af817603ac1cbdc4f.jpg?ver=1776702173\",\"contentUrl\":\"https:\/\/tuzlainfo.ba\/wp-content\/litespeed\/avatar\/aabad687af24844af817603ac1cbdc4f.jpg?ver=1776702173\",\"caption\":\"nedim\"},\"description\":\"Tuzlainfo.ba pratite na dru\u0161tvenim mre\u017eama: Facebook, Instagram i Youtube. Svoje pri\u010de, upite i fotografije \u0161aljite na na\u0161u e-mail adresu.\"}]}<\/script>\n<!-- \/ Yoast SEO plugin. -->","yoast_head_json":{"title":"Dan Med\u017elisa IZ Tuzla: Obnavljaju se temelji Gazi Turali-begovog vakufa - TuzlaInfo.ba","robots":{"index":"index","follow":"follow","max-snippet":"max-snippet:-1","max-image-preview":"max-image-preview:large","max-video-preview":"max-video-preview:-1"},"canonical":"https:\/\/tuzlainfo.ba\/index.php\/novosti\/item\/262882-dan-medzlisa-iz-tuzla-obnavljaju-se-temelji-gazi-turali-begovog-vakufa\/","og_locale":"bs_BA","og_type":"article","og_title":"Dan Med\u017elisa IZ Tuzla: Obnavljaju se temelji Gazi Turali-begovog vakufa - TuzlaInfo.ba","og_description":"Sino\u0107 je u Gazi Turali-begovoj d\u017eamiji u Tuzli odr\u017eana mevludska sve\u010danost povodom Dana Med\u017elisa Islamske&hellip;","og_url":"https:\/\/tuzlainfo.ba\/index.php\/novosti\/item\/262882-dan-medzlisa-iz-tuzla-obnavljaju-se-temelji-gazi-turali-begovog-vakufa\/","og_site_name":"TuzlaInfo.ba","article_publisher":"https:\/\/www.facebook.com\/tuzlainfo.ba\/","article_published_time":"2025-02-15T13:56:58+00:00","og_image":[{"width":1000,"height":601,"url":"https:\/\/tuzlainfo.ba\/wp-content\/uploads\/2025\/02\/1502_turalibegova.jpg","type":"image\/jpeg"}],"author":"nedim","twitter_card":"summary_large_image","twitter_misc":{"Written by":"nedim","Est. reading time":"2 minute"},"schema":{"@context":"https:\/\/schema.org","@graph":[{"@type":"Article","@id":"https:\/\/tuzlainfo.ba\/index.php\/novosti\/item\/262882-dan-medzlisa-iz-tuzla-obnavljaju-se-temelji-gazi-turali-begovog-vakufa\/#article","isPartOf":{"@id":"https:\/\/tuzlainfo.ba\/index.php\/novosti\/item\/262882-dan-medzlisa-iz-tuzla-obnavljaju-se-temelji-gazi-turali-begovog-vakufa\/"},"author":{"name":"nedim","@id":"https:\/\/tuzlainfo.ba\/#\/schema\/person\/f434e20dc27ea133923aab08451b7f7f"},"headline":"Dan Med\u017elisa IZ Tuzla: Obnavljaju se temelji Gazi Turali-begovog vakufa","datePublished":"2025-02-15T13:56:58+00:00","dateModified":"2025-02-15T13:56:58+00:00","mainEntityOfPage":{"@id":"https:\/\/tuzlainfo.ba\/index.php\/novosti\/item\/262882-dan-medzlisa-iz-tuzla-obnavljaju-se-temelji-gazi-turali-begovog-vakufa\/"},"wordCount":335,"publisher":{"@id":"https:\/\/tuzlainfo.ba\/#organization"},"image":{"@id":"https:\/\/tuzlainfo.ba\/index.php\/novosti\/item\/262882-dan-medzlisa-iz-tuzla-obnavljaju-se-temelji-gazi-turali-begovog-vakufa\/#primaryimage"},"thumbnailUrl":"https:\/\/tuzlainfo.ba\/wp-content\/uploads\/2025\/02\/1502_turalibegova.jpg","keywords":["gazi turalibegov vakuf","medzlis islamske zajednice tuzla","turalibeg"],"articleSection":["Istaknuto","Novosti"],"inLanguage":"bs-BA"},{"@type":"WebPage","@id":"https:\/\/tuzlainfo.ba\/index.php\/novosti\/item\/262882-dan-medzlisa-iz-tuzla-obnavljaju-se-temelji-gazi-turali-begovog-vakufa\/","url":"https:\/\/tuzlainfo.ba\/index.php\/novosti\/item\/262882-dan-medzlisa-iz-tuzla-obnavljaju-se-temelji-gazi-turali-begovog-vakufa\/","name":"Dan Med\u017elisa IZ Tuzla: Obnavljaju se temelji Gazi Turali-begovog vakufa - TuzlaInfo.ba","isPartOf":{"@id":"https:\/\/tuzlainfo.ba\/#website"},"primaryImageOfPage":{"@id":"https:\/\/tuzlainfo.ba\/index.php\/novosti\/item\/262882-dan-medzlisa-iz-tuzla-obnavljaju-se-temelji-gazi-turali-begovog-vakufa\/#primaryimage"},"image":{"@id":"https:\/\/tuzlainfo.ba\/index.php\/novosti\/item\/262882-dan-medzlisa-iz-tuzla-obnavljaju-se-temelji-gazi-turali-begovog-vakufa\/#primaryimage"},"thumbnailUrl":"https:\/\/tuzlainfo.ba\/wp-content\/uploads\/2025\/02\/1502_turalibegova.jpg","datePublished":"2025-02-15T13:56:58+00:00","dateModified":"2025-02-15T13:56:58+00:00","breadcrumb":{"@id":"https:\/\/tuzlainfo.ba\/index.php\/novosti\/item\/262882-dan-medzlisa-iz-tuzla-obnavljaju-se-temelji-gazi-turali-begovog-vakufa\/#breadcrumb"},"inLanguage":"bs-BA","potentialAction":[{"@type":"ReadAction","target":["https:\/\/tuzlainfo.ba\/index.php\/novosti\/item\/262882-dan-medzlisa-iz-tuzla-obnavljaju-se-temelji-gazi-turali-begovog-vakufa\/"]}]},{"@type":"ImageObject","inLanguage":"bs-BA","@id":"https:\/\/tuzlainfo.ba\/index.php\/novosti\/item\/262882-dan-medzlisa-iz-tuzla-obnavljaju-se-temelji-gazi-turali-begovog-vakufa\/#primaryimage","url":"https:\/\/tuzlainfo.ba\/wp-content\/uploads\/2025\/02\/1502_turalibegova.jpg","contentUrl":"https:\/\/tuzlainfo.ba\/wp-content\/uploads\/2025\/02\/1502_turalibegova.jpg","width":1000,"height":601},{"@type":"BreadcrumbList","@id":"https:\/\/tuzlainfo.ba\/index.php\/novosti\/item\/262882-dan-medzlisa-iz-tuzla-obnavljaju-se-temelji-gazi-turali-begovog-vakufa\/#breadcrumb","itemListElement":[{"@type":"ListItem","position":1,"name":"Home","item":"https:\/\/tuzlainfo.ba\/"},{"@type":"ListItem","position":2,"name":"Dan Med\u017elisa IZ Tuzla: Obnavljaju se temelji Gazi Turali-begovog vakufa"}]},{"@type":"WebSite","@id":"https:\/\/tuzlainfo.ba\/#website","url":"https:\/\/tuzlainfo.ba\/","name":"TuzlaInfo.ba","description":"Tuzla info, gradski informator - Tuzla na dlanu","publisher":{"@id":"https:\/\/tuzlainfo.ba\/#organization"},"potentialAction":[{"@type":"SearchAction","target":{"@type":"EntryPoint","urlTemplate":"https:\/\/tuzlainfo.ba\/?s={search_term_string}"},"query-input":{"@type":"PropertyValueSpecification","valueRequired":true,"valueName":"search_term_string"}}],"inLanguage":"bs-BA"},{"@type":"Organization","@id":"https:\/\/tuzlainfo.ba\/#organization","name":"TuzlaInfo.ba","url":"https:\/\/tuzlainfo.ba\/","logo":{"@type":"ImageObject","inLanguage":"bs-BA","@id":"https:\/\/tuzlainfo.ba\/#\/schema\/logo\/image\/","url":"https:\/\/tuzlainfo.ba\/wp-content\/uploads\/2021\/03\/logo-ver-3-1.png","contentUrl":"https:\/\/tuzlainfo.ba\/wp-content\/uploads\/2021\/03\/logo-ver-3-1.png","width":350,"height":95,"caption":"TuzlaInfo.ba"},"image":{"@id":"https:\/\/tuzlainfo.ba\/#\/schema\/logo\/image\/"},"sameAs":["https:\/\/www.facebook.com\/tuzlainfo.ba\/"]},{"@type":"Person","@id":"https:\/\/tuzlainfo.ba\/#\/schema\/person\/f434e20dc27ea133923aab08451b7f7f","name":"nedim","image":{"@type":"ImageObject","inLanguage":"bs-BA","@id":"https:\/\/tuzlainfo.ba\/#\/schema\/person\/image\/","url":"https:\/\/tuzlainfo.ba\/wp-content\/litespeed\/avatar\/aabad687af24844af817603ac1cbdc4f.jpg?ver=1776702173","contentUrl":"https:\/\/tuzlainfo.ba\/wp-content\/litespeed\/avatar\/aabad687af24844af817603ac1cbdc4f.jpg?ver=1776702173","caption":"nedim"},"description":"Tuzlainfo.ba pratite na dru\u0161tvenim mre\u017eama: Facebook, Instagram i Youtube. Svoje pri\u010de, upite i fotografije \u0161aljite na na\u0161u e-mail adresu."}]}},"_links":{"self":[{"href":"https:\/\/tuzlainfo.ba\/index.php\/wp-json\/wp\/v2\/posts\/262882"}],"collection":[{"href":"https:\/\/tuzlainfo.ba\/index.php\/wp-json\/wp\/v2\/posts"}],"about":[{"href":"https:\/\/tuzlainfo.ba\/index.php\/wp-json\/wp\/v2\/types\/post"}],"author":[{"embeddable":true,"href":"https:\/\/tuzlainfo.ba\/index.php\/wp-json\/wp\/v2\/users\/2"}],"replies":[{"embeddable":true,"href":"https:\/\/tuzlainfo.ba\/index.php\/wp-json\/wp\/v2\/comments?post=262882"}],"version-history":[{"count":1,"href":"https:\/\/tuzlainfo.ba\/index.php\/wp-json\/wp\/v2\/posts\/262882\/revisions"}],"predecessor-version":[{"id":262884,"href":"https:\/\/tuzlainfo.ba\/index.php\/wp-json\/wp\/v2\/posts\/262882\/revisions\/262884"}],"wp:featuredmedia":[{"embeddable":true,"href":"https:\/\/tuzlainfo.ba\/index.php\/wp-json\/wp\/v2\/media\/262883"}],"wp:attachment":[{"href":"https:\/\/tuzlainfo.ba\/index.php\/wp-json\/wp\/v2\/media?parent=262882"}],"wp:term":[{"taxonomy":"category","embeddable":true,"href":"https:\/\/tuzlainfo.ba\/index.php\/wp-json\/wp\/v2\/categories?post=262882"},{"taxonomy":"post_tag","embeddable":true,"href":"https:\/\/tuzlainfo.ba\/index.php\/wp-json\/wp\/v2\/tags?post=262882"}],"curies":[{"name":"wp","href":"https:\/\/api.w.org\/{rel}","templated":true}]}}