{"id":262830,"date":"2025-02-14T17:21:20","date_gmt":"2025-02-14T16:21:20","guid":{"rendered":"https:\/\/tuzlainfo.ba\/?p=262830"},"modified":"2025-02-15T10:30:22","modified_gmt":"2025-02-15T09:30:22","slug":"sutra-dzenaza-ineli-i-tariku-selimovicu","status":"publish","type":"post","link":"https:\/\/tuzlainfo.ba\/index.php\/novosti\/item\/262830-sutra-dzenaza-ineli-i-tariku-selimovicu\/","title":{"rendered":"Sutra d\u017eenaza Ineli i Tariku Selimovi\u0107u"},"content":{"rendered":"<p>U subotu 15. februara \u0107e biti klanjana d\u017eenaza i obavljen ukop Inele Selimovi\u0107 i njenog sina Tarika Selimovi\u0107a, koji su ubijeni u Kalesiji 12. februara.<\/p>\n<p>Sutra \u0107e tako\u0111er biti progla\u0161en Dan \u017ealosti na podru\u010dju op\u0107ine Kalesija.<\/p>\n<p>Podsje\u0107amo, za ubistvo Inele i njenog sina Tarika osumnji\u010den je suprug i otac Emir Selimovi\u0107 koji je jo\u0161 uvijek u bijegu.<\/p>\n<p><img fetchpriority=\"high\" decoding=\"async\" class=\"alignnone wp-image-262831 size-full\" src=\"https:\/\/tuzlainfo.ba\/wp-content\/uploads\/2025\/02\/inbound8806774648396801355.jpg\" alt=\"\" width=\"1080\" height=\"767\" srcset=\"https:\/\/tuzlainfo.ba\/wp-content\/uploads\/2025\/02\/inbound8806774648396801355.jpg 1080w, https:\/\/tuzlainfo.ba\/wp-content\/uploads\/2025\/02\/inbound8806774648396801355-300x213.jpg 300w, https:\/\/tuzlainfo.ba\/wp-content\/uploads\/2025\/02\/inbound8806774648396801355-1024x727.jpg 1024w, https:\/\/tuzlainfo.ba\/wp-content\/uploads\/2025\/02\/inbound8806774648396801355-768x545.jpg 768w, https:\/\/tuzlainfo.ba\/wp-content\/uploads\/2025\/02\/inbound8806774648396801355-585x415.jpg 585w, https:\/\/tuzlainfo.ba\/wp-content\/uploads\/2025\/02\/inbound8806774648396801355-150x107.jpg 150w, https:\/\/tuzlainfo.ba\/wp-content\/uploads\/2025\/02\/inbound8806774648396801355-500x355.jpg 500w\" sizes=\"(max-width: 1080px) 100vw, 1080px\" \/> <img decoding=\"async\" class=\"alignnone wp-image-262832 size-full\" src=\"https:\/\/tuzlainfo.ba\/wp-content\/uploads\/2025\/02\/inbound6610561810735387995.jpg\" alt=\"\" width=\"1080\" height=\"746\" srcset=\"https:\/\/tuzlainfo.ba\/wp-content\/uploads\/2025\/02\/inbound6610561810735387995.jpg 1080w, https:\/\/tuzlainfo.ba\/wp-content\/uploads\/2025\/02\/inbound6610561810735387995-300x207.jpg 300w, https:\/\/tuzlainfo.ba\/wp-content\/uploads\/2025\/02\/inbound6610561810735387995-1024x707.jpg 1024w, https:\/\/tuzlainfo.ba\/wp-content\/uploads\/2025\/02\/inbound6610561810735387995-768x530.jpg 768w, https:\/\/tuzlainfo.ba\/wp-content\/uploads\/2025\/02\/inbound6610561810735387995-585x404.jpg 585w, https:\/\/tuzlainfo.ba\/wp-content\/uploads\/2025\/02\/inbound6610561810735387995-150x104.jpg 150w, https:\/\/tuzlainfo.ba\/wp-content\/uploads\/2025\/02\/inbound6610561810735387995-500x345.jpg 500w\" sizes=\"(max-width: 1080px) 100vw, 1080px\" \/><\/p>\n","protected":false},"excerpt":{"rendered":"<p>U subotu 15. februara \u0107e biti klanjana d\u017eenaza i obavljen ukop Inele Selimovi\u0107 i njenog&hellip;<\/p>\n","protected":false},"author":4,"featured_media":262831,"comment_status":"closed","ping_status":"closed","sticky":false,"template":"","format":"standard","meta":{"_acf_changed":false,"footnotes":""},"categories":[12],"tags":[11887,1290,1418],"acf":[],"yoast_head":"<!-- This site is optimized with the Yoast SEO plugin v23.5 - https:\/\/yoast.com\/wordpress\/plugins\/seo\/ -->\n<title>Sutra d\u017eenaza Ineli i Tariku Selimovi\u0107u - TuzlaInfo.ba<\/title>\n<meta name=\"robots\" content=\"index, follow, max-snippet:-1, max-image-preview:large, max-video-preview:-1\" \/>\n<link rel=\"canonical\" href=\"https:\/\/tuzlainfo.ba\/index.php\/novosti\/item\/262830-sutra-dzenaza-ineli-i-tariku-selimovicu\/\" \/>\n<meta property=\"og:locale\" content=\"bs_BA\" \/>\n<meta property=\"og:type\" content=\"article\" \/>\n<meta property=\"og:title\" content=\"Sutra d\u017eenaza Ineli i Tariku Selimovi\u0107u - TuzlaInfo.ba\" \/>\n<meta property=\"og:description\" content=\"U subotu 15. februara \u0107e biti klanjana d\u017eenaza i obavljen ukop Inele Selimovi\u0107 i njenog&hellip;\" \/>\n<meta property=\"og:url\" content=\"https:\/\/tuzlainfo.ba\/index.php\/novosti\/item\/262830-sutra-dzenaza-ineli-i-tariku-selimovicu\/\" \/>\n<meta property=\"og:site_name\" content=\"TuzlaInfo.ba\" \/>\n<meta property=\"article:publisher\" content=\"https:\/\/www.facebook.com\/tuzlainfo.ba\/\" \/>\n<meta property=\"article:published_time\" content=\"2025-02-14T16:21:20+00:00\" \/>\n<meta property=\"article:modified_time\" content=\"2025-02-15T09:30:22+00:00\" \/>\n<meta property=\"og:image\" content=\"https:\/\/tuzlainfo.ba\/wp-content\/uploads\/2025\/02\/inbound8806774648396801355.jpg\" \/>\n\t<meta property=\"og:image:width\" content=\"1080\" \/>\n\t<meta property=\"og:image:height\" content=\"767\" \/>\n\t<meta property=\"og:image:type\" content=\"image\/jpeg\" \/>\n<meta name=\"author\" content=\"Tuzla Info\" \/>\n<meta name=\"twitter:card\" content=\"summary_large_image\" \/>\n<meta name=\"twitter:label1\" content=\"Written by\" \/>\n\t<meta name=\"twitter:data1\" content=\"Tuzla Info\" \/>\n\t<meta name=\"twitter:label2\" content=\"Est. reading time\" \/>\n\t<meta name=\"twitter:data2\" content=\"1 minuta\" \/>\n<script type=\"application\/ld+json\" class=\"yoast-schema-graph\">{\"@context\":\"https:\/\/schema.org\",\"@graph\":[{\"@type\":\"Article\",\"@id\":\"https:\/\/tuzlainfo.ba\/index.php\/novosti\/item\/262830-sutra-dzenaza-ineli-i-tariku-selimovicu\/#article\",\"isPartOf\":{\"@id\":\"https:\/\/tuzlainfo.ba\/index.php\/novosti\/item\/262830-sutra-dzenaza-ineli-i-tariku-selimovicu\/\"},\"author\":{\"name\":\"Tuzla Info\",\"@id\":\"https:\/\/tuzlainfo.ba\/#\/schema\/person\/46cad4c57790cbc50781edd14870825a\"},\"headline\":\"Sutra d\u017eenaza Ineli i Tariku Selimovi\u0107u\",\"datePublished\":\"2025-02-14T16:21:20+00:00\",\"dateModified\":\"2025-02-15T09:30:22+00:00\",\"mainEntityOfPage\":{\"@id\":\"https:\/\/tuzlainfo.ba\/index.php\/novosti\/item\/262830-sutra-dzenaza-ineli-i-tariku-selimovicu\/\"},\"wordCount\":71,\"publisher\":{\"@id\":\"https:\/\/tuzlainfo.ba\/#organization\"},\"image\":{\"@id\":\"https:\/\/tuzlainfo.ba\/index.php\/novosti\/item\/262830-sutra-dzenaza-ineli-i-tariku-selimovicu\/#primaryimage\"},\"thumbnailUrl\":\"https:\/\/tuzlainfo.ba\/wp-content\/uploads\/2025\/02\/inbound8806774648396801355.jpg\",\"keywords\":[\"inela selimovic\",\"kalesija\",\"ubistvo\"],\"articleSection\":[\"Novosti\"],\"inLanguage\":\"bs-BA\"},{\"@type\":\"WebPage\",\"@id\":\"https:\/\/tuzlainfo.ba\/index.php\/novosti\/item\/262830-sutra-dzenaza-ineli-i-tariku-selimovicu\/\",\"url\":\"https:\/\/tuzlainfo.ba\/index.php\/novosti\/item\/262830-sutra-dzenaza-ineli-i-tariku-selimovicu\/\",\"name\":\"Sutra d\u017eenaza Ineli i Tariku Selimovi\u0107u - TuzlaInfo.ba\",\"isPartOf\":{\"@id\":\"https:\/\/tuzlainfo.ba\/#website\"},\"primaryImageOfPage\":{\"@id\":\"https:\/\/tuzlainfo.ba\/index.php\/novosti\/item\/262830-sutra-dzenaza-ineli-i-tariku-selimovicu\/#primaryimage\"},\"image\":{\"@id\":\"https:\/\/tuzlainfo.ba\/index.php\/novosti\/item\/262830-sutra-dzenaza-ineli-i-tariku-selimovicu\/#primaryimage\"},\"thumbnailUrl\":\"https:\/\/tuzlainfo.ba\/wp-content\/uploads\/2025\/02\/inbound8806774648396801355.jpg\",\"datePublished\":\"2025-02-14T16:21:20+00:00\",\"dateModified\":\"2025-02-15T09:30:22+00:00\",\"breadcrumb\":{\"@id\":\"https:\/\/tuzlainfo.ba\/index.php\/novosti\/item\/262830-sutra-dzenaza-ineli-i-tariku-selimovicu\/#breadcrumb\"},\"inLanguage\":\"bs-BA\",\"potentialAction\":[{\"@type\":\"ReadAction\",\"target\":[\"https:\/\/tuzlainfo.ba\/index.php\/novosti\/item\/262830-sutra-dzenaza-ineli-i-tariku-selimovicu\/\"]}]},{\"@type\":\"ImageObject\",\"inLanguage\":\"bs-BA\",\"@id\":\"https:\/\/tuzlainfo.ba\/index.php\/novosti\/item\/262830-sutra-dzenaza-ineli-i-tariku-selimovicu\/#primaryimage\",\"url\":\"https:\/\/tuzlainfo.ba\/wp-content\/uploads\/2025\/02\/inbound8806774648396801355.jpg\",\"contentUrl\":\"https:\/\/tuzlainfo.ba\/wp-content\/uploads\/2025\/02\/inbound8806774648396801355.jpg\",\"width\":1080,\"height\":767},{\"@type\":\"BreadcrumbList\",\"@id\":\"https:\/\/tuzlainfo.ba\/index.php\/novosti\/item\/262830-sutra-dzenaza-ineli-i-tariku-selimovicu\/#breadcrumb\",\"itemListElement\":[{\"@type\":\"ListItem\",\"position\":1,\"name\":\"Home\",\"item\":\"https:\/\/tuzlainfo.ba\/\"},{\"@type\":\"ListItem\",\"position\":2,\"name\":\"Sutra d\u017eenaza Ineli i Tariku Selimovi\u0107u\"}]},{\"@type\":\"WebSite\",\"@id\":\"https:\/\/tuzlainfo.ba\/#website\",\"url\":\"https:\/\/tuzlainfo.ba\/\",\"name\":\"TuzlaInfo.ba\",\"description\":\"Tuzla info, gradski informator - Tuzla na dlanu\",\"publisher\":{\"@id\":\"https:\/\/tuzlainfo.ba\/#organization\"},\"potentialAction\":[{\"@type\":\"SearchAction\",\"target\":{\"@type\":\"EntryPoint\",\"urlTemplate\":\"https:\/\/tuzlainfo.ba\/?s={search_term_string}\"},\"query-input\":{\"@type\":\"PropertyValueSpecification\",\"valueRequired\":true,\"valueName\":\"search_term_string\"}}],\"inLanguage\":\"bs-BA\"},{\"@type\":\"Organization\",\"@id\":\"https:\/\/tuzlainfo.ba\/#organization\",\"name\":\"TuzlaInfo.ba\",\"url\":\"https:\/\/tuzlainfo.ba\/\",\"logo\":{\"@type\":\"ImageObject\",\"inLanguage\":\"bs-BA\",\"@id\":\"https:\/\/tuzlainfo.ba\/#\/schema\/logo\/image\/\",\"url\":\"https:\/\/tuzlainfo.ba\/wp-content\/uploads\/2021\/03\/logo-ver-3-1.png\",\"contentUrl\":\"https:\/\/tuzlainfo.ba\/wp-content\/uploads\/2021\/03\/logo-ver-3-1.png\",\"width\":350,\"height\":95,\"caption\":\"TuzlaInfo.ba\"},\"image\":{\"@id\":\"https:\/\/tuzlainfo.ba\/#\/schema\/logo\/image\/\"},\"sameAs\":[\"https:\/\/www.facebook.com\/tuzlainfo.ba\/\"]},{\"@type\":\"Person\",\"@id\":\"https:\/\/tuzlainfo.ba\/#\/schema\/person\/46cad4c57790cbc50781edd14870825a\",\"name\":\"Tuzla Info\",\"image\":{\"@type\":\"ImageObject\",\"inLanguage\":\"bs-BA\",\"@id\":\"https:\/\/tuzlainfo.ba\/#\/schema\/person\/image\/\",\"url\":\"https:\/\/tuzlainfo.ba\/wp-content\/litespeed\/avatar\/b6c453a6c38e3654f2e4416c643fc25c.jpg?ver=1777051911\",\"contentUrl\":\"https:\/\/tuzlainfo.ba\/wp-content\/litespeed\/avatar\/b6c453a6c38e3654f2e4416c643fc25c.jpg?ver=1777051911\",\"caption\":\"Tuzla Info\"}}]}<\/script>\n<!-- \/ Yoast SEO plugin. -->","yoast_head_json":{"title":"Sutra d\u017eenaza Ineli i Tariku Selimovi\u0107u - TuzlaInfo.ba","robots":{"index":"index","follow":"follow","max-snippet":"max-snippet:-1","max-image-preview":"max-image-preview:large","max-video-preview":"max-video-preview:-1"},"canonical":"https:\/\/tuzlainfo.ba\/index.php\/novosti\/item\/262830-sutra-dzenaza-ineli-i-tariku-selimovicu\/","og_locale":"bs_BA","og_type":"article","og_title":"Sutra d\u017eenaza Ineli i Tariku Selimovi\u0107u - TuzlaInfo.ba","og_description":"U subotu 15. februara \u0107e biti klanjana d\u017eenaza i obavljen ukop Inele Selimovi\u0107 i njenog&hellip;","og_url":"https:\/\/tuzlainfo.ba\/index.php\/novosti\/item\/262830-sutra-dzenaza-ineli-i-tariku-selimovicu\/","og_site_name":"TuzlaInfo.ba","article_publisher":"https:\/\/www.facebook.com\/tuzlainfo.ba\/","article_published_time":"2025-02-14T16:21:20+00:00","article_modified_time":"2025-02-15T09:30:22+00:00","og_image":[{"width":1080,"height":767,"url":"https:\/\/tuzlainfo.ba\/wp-content\/uploads\/2025\/02\/inbound8806774648396801355.jpg","type":"image\/jpeg"}],"author":"Tuzla Info","twitter_card":"summary_large_image","twitter_misc":{"Written by":"Tuzla Info","Est. reading time":"1 minuta"},"schema":{"@context":"https:\/\/schema.org","@graph":[{"@type":"Article","@id":"https:\/\/tuzlainfo.ba\/index.php\/novosti\/item\/262830-sutra-dzenaza-ineli-i-tariku-selimovicu\/#article","isPartOf":{"@id":"https:\/\/tuzlainfo.ba\/index.php\/novosti\/item\/262830-sutra-dzenaza-ineli-i-tariku-selimovicu\/"},"author":{"name":"Tuzla Info","@id":"https:\/\/tuzlainfo.ba\/#\/schema\/person\/46cad4c57790cbc50781edd14870825a"},"headline":"Sutra d\u017eenaza Ineli i Tariku Selimovi\u0107u","datePublished":"2025-02-14T16:21:20+00:00","dateModified":"2025-02-15T09:30:22+00:00","mainEntityOfPage":{"@id":"https:\/\/tuzlainfo.ba\/index.php\/novosti\/item\/262830-sutra-dzenaza-ineli-i-tariku-selimovicu\/"},"wordCount":71,"publisher":{"@id":"https:\/\/tuzlainfo.ba\/#organization"},"image":{"@id":"https:\/\/tuzlainfo.ba\/index.php\/novosti\/item\/262830-sutra-dzenaza-ineli-i-tariku-selimovicu\/#primaryimage"},"thumbnailUrl":"https:\/\/tuzlainfo.ba\/wp-content\/uploads\/2025\/02\/inbound8806774648396801355.jpg","keywords":["inela selimovic","kalesija","ubistvo"],"articleSection":["Novosti"],"inLanguage":"bs-BA"},{"@type":"WebPage","@id":"https:\/\/tuzlainfo.ba\/index.php\/novosti\/item\/262830-sutra-dzenaza-ineli-i-tariku-selimovicu\/","url":"https:\/\/tuzlainfo.ba\/index.php\/novosti\/item\/262830-sutra-dzenaza-ineli-i-tariku-selimovicu\/","name":"Sutra d\u017eenaza Ineli i Tariku Selimovi\u0107u - TuzlaInfo.ba","isPartOf":{"@id":"https:\/\/tuzlainfo.ba\/#website"},"primaryImageOfPage":{"@id":"https:\/\/tuzlainfo.ba\/index.php\/novosti\/item\/262830-sutra-dzenaza-ineli-i-tariku-selimovicu\/#primaryimage"},"image":{"@id":"https:\/\/tuzlainfo.ba\/index.php\/novosti\/item\/262830-sutra-dzenaza-ineli-i-tariku-selimovicu\/#primaryimage"},"thumbnailUrl":"https:\/\/tuzlainfo.ba\/wp-content\/uploads\/2025\/02\/inbound8806774648396801355.jpg","datePublished":"2025-02-14T16:21:20+00:00","dateModified":"2025-02-15T09:30:22+00:00","breadcrumb":{"@id":"https:\/\/tuzlainfo.ba\/index.php\/novosti\/item\/262830-sutra-dzenaza-ineli-i-tariku-selimovicu\/#breadcrumb"},"inLanguage":"bs-BA","potentialAction":[{"@type":"ReadAction","target":["https:\/\/tuzlainfo.ba\/index.php\/novosti\/item\/262830-sutra-dzenaza-ineli-i-tariku-selimovicu\/"]}]},{"@type":"ImageObject","inLanguage":"bs-BA","@id":"https:\/\/tuzlainfo.ba\/index.php\/novosti\/item\/262830-sutra-dzenaza-ineli-i-tariku-selimovicu\/#primaryimage","url":"https:\/\/tuzlainfo.ba\/wp-content\/uploads\/2025\/02\/inbound8806774648396801355.jpg","contentUrl":"https:\/\/tuzlainfo.ba\/wp-content\/uploads\/2025\/02\/inbound8806774648396801355.jpg","width":1080,"height":767},{"@type":"BreadcrumbList","@id":"https:\/\/tuzlainfo.ba\/index.php\/novosti\/item\/262830-sutra-dzenaza-ineli-i-tariku-selimovicu\/#breadcrumb","itemListElement":[{"@type":"ListItem","position":1,"name":"Home","item":"https:\/\/tuzlainfo.ba\/"},{"@type":"ListItem","position":2,"name":"Sutra d\u017eenaza Ineli i Tariku Selimovi\u0107u"}]},{"@type":"WebSite","@id":"https:\/\/tuzlainfo.ba\/#website","url":"https:\/\/tuzlainfo.ba\/","name":"TuzlaInfo.ba","description":"Tuzla info, gradski informator - Tuzla na dlanu","publisher":{"@id":"https:\/\/tuzlainfo.ba\/#organization"},"potentialAction":[{"@type":"SearchAction","target":{"@type":"EntryPoint","urlTemplate":"https:\/\/tuzlainfo.ba\/?s={search_term_string}"},"query-input":{"@type":"PropertyValueSpecification","valueRequired":true,"valueName":"search_term_string"}}],"inLanguage":"bs-BA"},{"@type":"Organization","@id":"https:\/\/tuzlainfo.ba\/#organization","name":"TuzlaInfo.ba","url":"https:\/\/tuzlainfo.ba\/","logo":{"@type":"ImageObject","inLanguage":"bs-BA","@id":"https:\/\/tuzlainfo.ba\/#\/schema\/logo\/image\/","url":"https:\/\/tuzlainfo.ba\/wp-content\/uploads\/2021\/03\/logo-ver-3-1.png","contentUrl":"https:\/\/tuzlainfo.ba\/wp-content\/uploads\/2021\/03\/logo-ver-3-1.png","width":350,"height":95,"caption":"TuzlaInfo.ba"},"image":{"@id":"https:\/\/tuzlainfo.ba\/#\/schema\/logo\/image\/"},"sameAs":["https:\/\/www.facebook.com\/tuzlainfo.ba\/"]},{"@type":"Person","@id":"https:\/\/tuzlainfo.ba\/#\/schema\/person\/46cad4c57790cbc50781edd14870825a","name":"Tuzla Info","image":{"@type":"ImageObject","inLanguage":"bs-BA","@id":"https:\/\/tuzlainfo.ba\/#\/schema\/person\/image\/","url":"https:\/\/tuzlainfo.ba\/wp-content\/litespeed\/avatar\/b6c453a6c38e3654f2e4416c643fc25c.jpg?ver=1777051911","contentUrl":"https:\/\/tuzlainfo.ba\/wp-content\/litespeed\/avatar\/b6c453a6c38e3654f2e4416c643fc25c.jpg?ver=1777051911","caption":"Tuzla Info"}}]}},"_links":{"self":[{"href":"https:\/\/tuzlainfo.ba\/index.php\/wp-json\/wp\/v2\/posts\/262830"}],"collection":[{"href":"https:\/\/tuzlainfo.ba\/index.php\/wp-json\/wp\/v2\/posts"}],"about":[{"href":"https:\/\/tuzlainfo.ba\/index.php\/wp-json\/wp\/v2\/types\/post"}],"author":[{"embeddable":true,"href":"https:\/\/tuzlainfo.ba\/index.php\/wp-json\/wp\/v2\/users\/4"}],"replies":[{"embeddable":true,"href":"https:\/\/tuzlainfo.ba\/index.php\/wp-json\/wp\/v2\/comments?post=262830"}],"version-history":[{"count":1,"href":"https:\/\/tuzlainfo.ba\/index.php\/wp-json\/wp\/v2\/posts\/262830\/revisions"}],"predecessor-version":[{"id":262833,"href":"https:\/\/tuzlainfo.ba\/index.php\/wp-json\/wp\/v2\/posts\/262830\/revisions\/262833"}],"wp:featuredmedia":[{"embeddable":true,"href":"https:\/\/tuzlainfo.ba\/index.php\/wp-json\/wp\/v2\/media\/262831"}],"wp:attachment":[{"href":"https:\/\/tuzlainfo.ba\/index.php\/wp-json\/wp\/v2\/media?parent=262830"}],"wp:term":[{"taxonomy":"category","embeddable":true,"href":"https:\/\/tuzlainfo.ba\/index.php\/wp-json\/wp\/v2\/categories?post=262830"},{"taxonomy":"post_tag","embeddable":true,"href":"https:\/\/tuzlainfo.ba\/index.php\/wp-json\/wp\/v2\/tags?post=262830"}],"curies":[{"name":"wp","href":"https:\/\/api.w.org\/{rel}","templated":true}]}}