{"id":262754,"date":"2025-02-14T09:02:10","date_gmt":"2025-02-14T08:02:10","guid":{"rendered":"https:\/\/tuzlainfo.ba\/?p=262754"},"modified":"2025-02-14T07:46:40","modified_gmt":"2025-02-14T06:46:40","slug":"danas-u-kalesiji-okupljanje-gradjana-zbog-ubistva-inele-selimovic-i-njenog-sina","status":"publish","type":"post","link":"https:\/\/tuzlainfo.ba\/index.php\/najava-dogadaja-2\/item\/262754-danas-u-kalesiji-okupljanje-gradjana-zbog-ubistva-inele-selimovic-i-njenog-sina\/","title":{"rendered":"Danas u Kalesiji okupljanje gra\u0111ana zbog ubistva Inele Selimovi\u0107 i njenog sina"},"content":{"rendered":"<p>Danas \u0107e u Kalesiji biti odr\u017eana mirna \u0161etnja zbog ubistva Inele Selimovi\u0107 i njenog 13-godi\u0161njeg sina.<\/p>\n<p>Skup organizuje Udru\u017eenje &#8220;Snaga nezavisne \u017eene&#8221;, a okupljanje je planirano ispred BKC Kalesija u 16 sati.<\/p>\n<p>&#8220;Prestanite nam ubijati k\u0107erke. \u0160etnja za sve Inele u ti\u0161ini&#8221; &#8211; navedeno je na posteru kojim je najavljen ovaj skup.<\/p>\n<div class=\"mt-[2.5rem] md:mt-[3rem] \">\n<div class=\"relative px-[2rem] space-y-[2rem]\">\n<div class=\"article-content font-Roboto \">\n<p>Organizatori su pozvali sve gra\u0111ane da se pridru\u017ee ovom skupu sa kojeg \u0107e poslati poruku protiv nasilja nad \u017eenama i podi\u0107i svijest o ovom ozbiljnom dru\u0161tvenom problemu.<\/p>\n<p>Podsje\u0107amo, Inela Selimovi\u0107 i njen sin (13) ubijeni su u Kalesiji, a za ovo krivi\u010dno djelo sumnji\u010di se Emir Selimovi\u0107 koji je u bjekstvu.<\/p>\n<\/div>\n<\/div>\n<\/div>\n<div class=\"px-[2rem]\">\n<div class=\"flex-1 flex justify-center items-center\"><\/div>\n<\/div>\n","protected":false},"excerpt":{"rendered":"<p>Danas \u0107e u Kalesiji biti odr\u017eana mirna \u0161etnja zbog ubistva Inele Selimovi\u0107 i njenog 13-godi\u0161njeg&hellip;<\/p>\n","protected":false},"author":4,"featured_media":262755,"comment_status":"closed","ping_status":"closed","sticky":false,"template":"","format":"standard","meta":{"_acf_changed":false,"footnotes":""},"categories":[304,11],"tags":[11887,1290,1418],"acf":[],"yoast_head":"<!-- This site is optimized with the Yoast SEO plugin v23.5 - https:\/\/yoast.com\/wordpress\/plugins\/seo\/ -->\n<title>Danas u Kalesiji okupljanje gra\u0111ana zbog ubistva Inele Selimovi\u0107 i njenog sina - TuzlaInfo.ba<\/title>\n<meta name=\"robots\" content=\"index, follow, max-snippet:-1, max-image-preview:large, max-video-preview:-1\" \/>\n<link rel=\"canonical\" href=\"https:\/\/tuzlainfo.ba\/index.php\/najava-dogadaja-2\/item\/262754-danas-u-kalesiji-okupljanje-gradjana-zbog-ubistva-inele-selimovic-i-njenog-sina\/\" \/>\n<meta property=\"og:locale\" content=\"bs_BA\" \/>\n<meta property=\"og:type\" content=\"article\" \/>\n<meta property=\"og:title\" content=\"Danas u Kalesiji okupljanje gra\u0111ana zbog ubistva Inele Selimovi\u0107 i njenog sina - TuzlaInfo.ba\" \/>\n<meta property=\"og:description\" content=\"Danas \u0107e u Kalesiji biti odr\u017eana mirna \u0161etnja zbog ubistva Inele Selimovi\u0107 i njenog 13-godi\u0161njeg&hellip;\" \/>\n<meta property=\"og:url\" content=\"https:\/\/tuzlainfo.ba\/index.php\/najava-dogadaja-2\/item\/262754-danas-u-kalesiji-okupljanje-gradjana-zbog-ubistva-inele-selimovic-i-njenog-sina\/\" \/>\n<meta property=\"og:site_name\" content=\"TuzlaInfo.ba\" \/>\n<meta property=\"article:publisher\" content=\"https:\/\/www.facebook.com\/tuzlainfo.ba\/\" \/>\n<meta property=\"article:published_time\" content=\"2025-02-14T08:02:10+00:00\" \/>\n<meta property=\"article:modified_time\" content=\"2025-02-14T06:46:40+00:00\" \/>\n<meta property=\"og:image\" content=\"https:\/\/tuzlainfo.ba\/wp-content\/uploads\/2025\/02\/setnja-kalesija.jpg\" \/>\n\t<meta property=\"og:image:width\" content=\"770\" \/>\n\t<meta property=\"og:image:height\" content=\"526\" \/>\n\t<meta property=\"og:image:type\" content=\"image\/jpeg\" \/>\n<meta name=\"author\" content=\"Tuzla Info\" \/>\n<meta name=\"twitter:card\" content=\"summary_large_image\" \/>\n<meta name=\"twitter:label1\" content=\"Written by\" \/>\n\t<meta name=\"twitter:data1\" content=\"Tuzla Info\" \/>\n\t<meta name=\"twitter:label2\" content=\"Est. reading time\" \/>\n\t<meta name=\"twitter:data2\" content=\"1 minuta\" \/>\n<script type=\"application\/ld+json\" class=\"yoast-schema-graph\">{\"@context\":\"https:\/\/schema.org\",\"@graph\":[{\"@type\":\"Article\",\"@id\":\"https:\/\/tuzlainfo.ba\/index.php\/najava-dogadaja-2\/item\/262754-danas-u-kalesiji-okupljanje-gradjana-zbog-ubistva-inele-selimovic-i-njenog-sina\/#article\",\"isPartOf\":{\"@id\":\"https:\/\/tuzlainfo.ba\/index.php\/najava-dogadaja-2\/item\/262754-danas-u-kalesiji-okupljanje-gradjana-zbog-ubistva-inele-selimovic-i-njenog-sina\/\"},\"author\":{\"name\":\"Tuzla Info\",\"@id\":\"https:\/\/tuzlainfo.ba\/#\/schema\/person\/46cad4c57790cbc50781edd14870825a\"},\"headline\":\"Danas u Kalesiji okupljanje gra\u0111ana zbog ubistva Inele Selimovi\u0107 i njenog sina\",\"datePublished\":\"2025-02-14T08:02:10+00:00\",\"dateModified\":\"2025-02-14T06:46:40+00:00\",\"mainEntityOfPage\":{\"@id\":\"https:\/\/tuzlainfo.ba\/index.php\/najava-dogadaja-2\/item\/262754-danas-u-kalesiji-okupljanje-gradjana-zbog-ubistva-inele-selimovic-i-njenog-sina\/\"},\"wordCount\":126,\"publisher\":{\"@id\":\"https:\/\/tuzlainfo.ba\/#organization\"},\"image\":{\"@id\":\"https:\/\/tuzlainfo.ba\/index.php\/najava-dogadaja-2\/item\/262754-danas-u-kalesiji-okupljanje-gradjana-zbog-ubistva-inele-selimovic-i-njenog-sina\/#primaryimage\"},\"thumbnailUrl\":\"https:\/\/tuzlainfo.ba\/wp-content\/uploads\/2025\/02\/setnja-kalesija.jpg\",\"keywords\":[\"inela selimovic\",\"kalesija\",\"ubistvo\"],\"articleSection\":[\"Istaknuto\",\"Najave i doga\u0111aji\"],\"inLanguage\":\"bs-BA\"},{\"@type\":\"WebPage\",\"@id\":\"https:\/\/tuzlainfo.ba\/index.php\/najava-dogadaja-2\/item\/262754-danas-u-kalesiji-okupljanje-gradjana-zbog-ubistva-inele-selimovic-i-njenog-sina\/\",\"url\":\"https:\/\/tuzlainfo.ba\/index.php\/najava-dogadaja-2\/item\/262754-danas-u-kalesiji-okupljanje-gradjana-zbog-ubistva-inele-selimovic-i-njenog-sina\/\",\"name\":\"Danas u Kalesiji okupljanje gra\u0111ana zbog ubistva Inele Selimovi\u0107 i njenog sina - TuzlaInfo.ba\",\"isPartOf\":{\"@id\":\"https:\/\/tuzlainfo.ba\/#website\"},\"primaryImageOfPage\":{\"@id\":\"https:\/\/tuzlainfo.ba\/index.php\/najava-dogadaja-2\/item\/262754-danas-u-kalesiji-okupljanje-gradjana-zbog-ubistva-inele-selimovic-i-njenog-sina\/#primaryimage\"},\"image\":{\"@id\":\"https:\/\/tuzlainfo.ba\/index.php\/najava-dogadaja-2\/item\/262754-danas-u-kalesiji-okupljanje-gradjana-zbog-ubistva-inele-selimovic-i-njenog-sina\/#primaryimage\"},\"thumbnailUrl\":\"https:\/\/tuzlainfo.ba\/wp-content\/uploads\/2025\/02\/setnja-kalesija.jpg\",\"datePublished\":\"2025-02-14T08:02:10+00:00\",\"dateModified\":\"2025-02-14T06:46:40+00:00\",\"breadcrumb\":{\"@id\":\"https:\/\/tuzlainfo.ba\/index.php\/najava-dogadaja-2\/item\/262754-danas-u-kalesiji-okupljanje-gradjana-zbog-ubistva-inele-selimovic-i-njenog-sina\/#breadcrumb\"},\"inLanguage\":\"bs-BA\",\"potentialAction\":[{\"@type\":\"ReadAction\",\"target\":[\"https:\/\/tuzlainfo.ba\/index.php\/najava-dogadaja-2\/item\/262754-danas-u-kalesiji-okupljanje-gradjana-zbog-ubistva-inele-selimovic-i-njenog-sina\/\"]}]},{\"@type\":\"ImageObject\",\"inLanguage\":\"bs-BA\",\"@id\":\"https:\/\/tuzlainfo.ba\/index.php\/najava-dogadaja-2\/item\/262754-danas-u-kalesiji-okupljanje-gradjana-zbog-ubistva-inele-selimovic-i-njenog-sina\/#primaryimage\",\"url\":\"https:\/\/tuzlainfo.ba\/wp-content\/uploads\/2025\/02\/setnja-kalesija.jpg\",\"contentUrl\":\"https:\/\/tuzlainfo.ba\/wp-content\/uploads\/2025\/02\/setnja-kalesija.jpg\",\"width\":770,\"height\":526},{\"@type\":\"BreadcrumbList\",\"@id\":\"https:\/\/tuzlainfo.ba\/index.php\/najava-dogadaja-2\/item\/262754-danas-u-kalesiji-okupljanje-gradjana-zbog-ubistva-inele-selimovic-i-njenog-sina\/#breadcrumb\",\"itemListElement\":[{\"@type\":\"ListItem\",\"position\":1,\"name\":\"Home\",\"item\":\"https:\/\/tuzlainfo.ba\/\"},{\"@type\":\"ListItem\",\"position\":2,\"name\":\"Danas u Kalesiji okupljanje gra\u0111ana zbog ubistva Inele Selimovi\u0107 i njenog sina\"}]},{\"@type\":\"WebSite\",\"@id\":\"https:\/\/tuzlainfo.ba\/#website\",\"url\":\"https:\/\/tuzlainfo.ba\/\",\"name\":\"TuzlaInfo.ba\",\"description\":\"Tuzla info, gradski informator - Tuzla na dlanu\",\"publisher\":{\"@id\":\"https:\/\/tuzlainfo.ba\/#organization\"},\"potentialAction\":[{\"@type\":\"SearchAction\",\"target\":{\"@type\":\"EntryPoint\",\"urlTemplate\":\"https:\/\/tuzlainfo.ba\/?s={search_term_string}\"},\"query-input\":{\"@type\":\"PropertyValueSpecification\",\"valueRequired\":true,\"valueName\":\"search_term_string\"}}],\"inLanguage\":\"bs-BA\"},{\"@type\":\"Organization\",\"@id\":\"https:\/\/tuzlainfo.ba\/#organization\",\"name\":\"TuzlaInfo.ba\",\"url\":\"https:\/\/tuzlainfo.ba\/\",\"logo\":{\"@type\":\"ImageObject\",\"inLanguage\":\"bs-BA\",\"@id\":\"https:\/\/tuzlainfo.ba\/#\/schema\/logo\/image\/\",\"url\":\"https:\/\/tuzlainfo.ba\/wp-content\/uploads\/2021\/03\/logo-ver-3-1.png\",\"contentUrl\":\"https:\/\/tuzlainfo.ba\/wp-content\/uploads\/2021\/03\/logo-ver-3-1.png\",\"width\":350,\"height\":95,\"caption\":\"TuzlaInfo.ba\"},\"image\":{\"@id\":\"https:\/\/tuzlainfo.ba\/#\/schema\/logo\/image\/\"},\"sameAs\":[\"https:\/\/www.facebook.com\/tuzlainfo.ba\/\"]},{\"@type\":\"Person\",\"@id\":\"https:\/\/tuzlainfo.ba\/#\/schema\/person\/46cad4c57790cbc50781edd14870825a\",\"name\":\"Tuzla Info\",\"image\":{\"@type\":\"ImageObject\",\"inLanguage\":\"bs-BA\",\"@id\":\"https:\/\/tuzlainfo.ba\/#\/schema\/person\/image\/\",\"url\":\"https:\/\/tuzlainfo.ba\/wp-content\/litespeed\/avatar\/b6c453a6c38e3654f2e4416c643fc25c.jpg?ver=1777051911\",\"contentUrl\":\"https:\/\/tuzlainfo.ba\/wp-content\/litespeed\/avatar\/b6c453a6c38e3654f2e4416c643fc25c.jpg?ver=1777051911\",\"caption\":\"Tuzla Info\"}}]}<\/script>\n<!-- \/ Yoast SEO plugin. -->","yoast_head_json":{"title":"Danas u Kalesiji okupljanje gra\u0111ana zbog ubistva Inele Selimovi\u0107 i njenog sina - TuzlaInfo.ba","robots":{"index":"index","follow":"follow","max-snippet":"max-snippet:-1","max-image-preview":"max-image-preview:large","max-video-preview":"max-video-preview:-1"},"canonical":"https:\/\/tuzlainfo.ba\/index.php\/najava-dogadaja-2\/item\/262754-danas-u-kalesiji-okupljanje-gradjana-zbog-ubistva-inele-selimovic-i-njenog-sina\/","og_locale":"bs_BA","og_type":"article","og_title":"Danas u Kalesiji okupljanje gra\u0111ana zbog ubistva Inele Selimovi\u0107 i njenog sina - TuzlaInfo.ba","og_description":"Danas \u0107e u Kalesiji biti odr\u017eana mirna \u0161etnja zbog ubistva Inele Selimovi\u0107 i njenog 13-godi\u0161njeg&hellip;","og_url":"https:\/\/tuzlainfo.ba\/index.php\/najava-dogadaja-2\/item\/262754-danas-u-kalesiji-okupljanje-gradjana-zbog-ubistva-inele-selimovic-i-njenog-sina\/","og_site_name":"TuzlaInfo.ba","article_publisher":"https:\/\/www.facebook.com\/tuzlainfo.ba\/","article_published_time":"2025-02-14T08:02:10+00:00","article_modified_time":"2025-02-14T06:46:40+00:00","og_image":[{"width":770,"height":526,"url":"https:\/\/tuzlainfo.ba\/wp-content\/uploads\/2025\/02\/setnja-kalesija.jpg","type":"image\/jpeg"}],"author":"Tuzla Info","twitter_card":"summary_large_image","twitter_misc":{"Written by":"Tuzla Info","Est. reading time":"1 minuta"},"schema":{"@context":"https:\/\/schema.org","@graph":[{"@type":"Article","@id":"https:\/\/tuzlainfo.ba\/index.php\/najava-dogadaja-2\/item\/262754-danas-u-kalesiji-okupljanje-gradjana-zbog-ubistva-inele-selimovic-i-njenog-sina\/#article","isPartOf":{"@id":"https:\/\/tuzlainfo.ba\/index.php\/najava-dogadaja-2\/item\/262754-danas-u-kalesiji-okupljanje-gradjana-zbog-ubistva-inele-selimovic-i-njenog-sina\/"},"author":{"name":"Tuzla Info","@id":"https:\/\/tuzlainfo.ba\/#\/schema\/person\/46cad4c57790cbc50781edd14870825a"},"headline":"Danas u Kalesiji okupljanje gra\u0111ana zbog ubistva Inele Selimovi\u0107 i njenog sina","datePublished":"2025-02-14T08:02:10+00:00","dateModified":"2025-02-14T06:46:40+00:00","mainEntityOfPage":{"@id":"https:\/\/tuzlainfo.ba\/index.php\/najava-dogadaja-2\/item\/262754-danas-u-kalesiji-okupljanje-gradjana-zbog-ubistva-inele-selimovic-i-njenog-sina\/"},"wordCount":126,"publisher":{"@id":"https:\/\/tuzlainfo.ba\/#organization"},"image":{"@id":"https:\/\/tuzlainfo.ba\/index.php\/najava-dogadaja-2\/item\/262754-danas-u-kalesiji-okupljanje-gradjana-zbog-ubistva-inele-selimovic-i-njenog-sina\/#primaryimage"},"thumbnailUrl":"https:\/\/tuzlainfo.ba\/wp-content\/uploads\/2025\/02\/setnja-kalesija.jpg","keywords":["inela selimovic","kalesija","ubistvo"],"articleSection":["Istaknuto","Najave i doga\u0111aji"],"inLanguage":"bs-BA"},{"@type":"WebPage","@id":"https:\/\/tuzlainfo.ba\/index.php\/najava-dogadaja-2\/item\/262754-danas-u-kalesiji-okupljanje-gradjana-zbog-ubistva-inele-selimovic-i-njenog-sina\/","url":"https:\/\/tuzlainfo.ba\/index.php\/najava-dogadaja-2\/item\/262754-danas-u-kalesiji-okupljanje-gradjana-zbog-ubistva-inele-selimovic-i-njenog-sina\/","name":"Danas u Kalesiji okupljanje gra\u0111ana zbog ubistva Inele Selimovi\u0107 i njenog sina - TuzlaInfo.ba","isPartOf":{"@id":"https:\/\/tuzlainfo.ba\/#website"},"primaryImageOfPage":{"@id":"https:\/\/tuzlainfo.ba\/index.php\/najava-dogadaja-2\/item\/262754-danas-u-kalesiji-okupljanje-gradjana-zbog-ubistva-inele-selimovic-i-njenog-sina\/#primaryimage"},"image":{"@id":"https:\/\/tuzlainfo.ba\/index.php\/najava-dogadaja-2\/item\/262754-danas-u-kalesiji-okupljanje-gradjana-zbog-ubistva-inele-selimovic-i-njenog-sina\/#primaryimage"},"thumbnailUrl":"https:\/\/tuzlainfo.ba\/wp-content\/uploads\/2025\/02\/setnja-kalesija.jpg","datePublished":"2025-02-14T08:02:10+00:00","dateModified":"2025-02-14T06:46:40+00:00","breadcrumb":{"@id":"https:\/\/tuzlainfo.ba\/index.php\/najava-dogadaja-2\/item\/262754-danas-u-kalesiji-okupljanje-gradjana-zbog-ubistva-inele-selimovic-i-njenog-sina\/#breadcrumb"},"inLanguage":"bs-BA","potentialAction":[{"@type":"ReadAction","target":["https:\/\/tuzlainfo.ba\/index.php\/najava-dogadaja-2\/item\/262754-danas-u-kalesiji-okupljanje-gradjana-zbog-ubistva-inele-selimovic-i-njenog-sina\/"]}]},{"@type":"ImageObject","inLanguage":"bs-BA","@id":"https:\/\/tuzlainfo.ba\/index.php\/najava-dogadaja-2\/item\/262754-danas-u-kalesiji-okupljanje-gradjana-zbog-ubistva-inele-selimovic-i-njenog-sina\/#primaryimage","url":"https:\/\/tuzlainfo.ba\/wp-content\/uploads\/2025\/02\/setnja-kalesija.jpg","contentUrl":"https:\/\/tuzlainfo.ba\/wp-content\/uploads\/2025\/02\/setnja-kalesija.jpg","width":770,"height":526},{"@type":"BreadcrumbList","@id":"https:\/\/tuzlainfo.ba\/index.php\/najava-dogadaja-2\/item\/262754-danas-u-kalesiji-okupljanje-gradjana-zbog-ubistva-inele-selimovic-i-njenog-sina\/#breadcrumb","itemListElement":[{"@type":"ListItem","position":1,"name":"Home","item":"https:\/\/tuzlainfo.ba\/"},{"@type":"ListItem","position":2,"name":"Danas u Kalesiji okupljanje gra\u0111ana zbog ubistva Inele Selimovi\u0107 i njenog sina"}]},{"@type":"WebSite","@id":"https:\/\/tuzlainfo.ba\/#website","url":"https:\/\/tuzlainfo.ba\/","name":"TuzlaInfo.ba","description":"Tuzla info, gradski informator - Tuzla na dlanu","publisher":{"@id":"https:\/\/tuzlainfo.ba\/#organization"},"potentialAction":[{"@type":"SearchAction","target":{"@type":"EntryPoint","urlTemplate":"https:\/\/tuzlainfo.ba\/?s={search_term_string}"},"query-input":{"@type":"PropertyValueSpecification","valueRequired":true,"valueName":"search_term_string"}}],"inLanguage":"bs-BA"},{"@type":"Organization","@id":"https:\/\/tuzlainfo.ba\/#organization","name":"TuzlaInfo.ba","url":"https:\/\/tuzlainfo.ba\/","logo":{"@type":"ImageObject","inLanguage":"bs-BA","@id":"https:\/\/tuzlainfo.ba\/#\/schema\/logo\/image\/","url":"https:\/\/tuzlainfo.ba\/wp-content\/uploads\/2021\/03\/logo-ver-3-1.png","contentUrl":"https:\/\/tuzlainfo.ba\/wp-content\/uploads\/2021\/03\/logo-ver-3-1.png","width":350,"height":95,"caption":"TuzlaInfo.ba"},"image":{"@id":"https:\/\/tuzlainfo.ba\/#\/schema\/logo\/image\/"},"sameAs":["https:\/\/www.facebook.com\/tuzlainfo.ba\/"]},{"@type":"Person","@id":"https:\/\/tuzlainfo.ba\/#\/schema\/person\/46cad4c57790cbc50781edd14870825a","name":"Tuzla Info","image":{"@type":"ImageObject","inLanguage":"bs-BA","@id":"https:\/\/tuzlainfo.ba\/#\/schema\/person\/image\/","url":"https:\/\/tuzlainfo.ba\/wp-content\/litespeed\/avatar\/b6c453a6c38e3654f2e4416c643fc25c.jpg?ver=1777051911","contentUrl":"https:\/\/tuzlainfo.ba\/wp-content\/litespeed\/avatar\/b6c453a6c38e3654f2e4416c643fc25c.jpg?ver=1777051911","caption":"Tuzla Info"}}]}},"_links":{"self":[{"href":"https:\/\/tuzlainfo.ba\/index.php\/wp-json\/wp\/v2\/posts\/262754"}],"collection":[{"href":"https:\/\/tuzlainfo.ba\/index.php\/wp-json\/wp\/v2\/posts"}],"about":[{"href":"https:\/\/tuzlainfo.ba\/index.php\/wp-json\/wp\/v2\/types\/post"}],"author":[{"embeddable":true,"href":"https:\/\/tuzlainfo.ba\/index.php\/wp-json\/wp\/v2\/users\/4"}],"replies":[{"embeddable":true,"href":"https:\/\/tuzlainfo.ba\/index.php\/wp-json\/wp\/v2\/comments?post=262754"}],"version-history":[{"count":1,"href":"https:\/\/tuzlainfo.ba\/index.php\/wp-json\/wp\/v2\/posts\/262754\/revisions"}],"predecessor-version":[{"id":262756,"href":"https:\/\/tuzlainfo.ba\/index.php\/wp-json\/wp\/v2\/posts\/262754\/revisions\/262756"}],"wp:featuredmedia":[{"embeddable":true,"href":"https:\/\/tuzlainfo.ba\/index.php\/wp-json\/wp\/v2\/media\/262755"}],"wp:attachment":[{"href":"https:\/\/tuzlainfo.ba\/index.php\/wp-json\/wp\/v2\/media?parent=262754"}],"wp:term":[{"taxonomy":"category","embeddable":true,"href":"https:\/\/tuzlainfo.ba\/index.php\/wp-json\/wp\/v2\/categories?post=262754"},{"taxonomy":"post_tag","embeddable":true,"href":"https:\/\/tuzlainfo.ba\/index.php\/wp-json\/wp\/v2\/tags?post=262754"}],"curies":[{"name":"wp","href":"https:\/\/api.w.org\/{rel}","templated":true}]}}