{"id":262603,"date":"2025-02-12T21:00:41","date_gmt":"2025-02-12T20:00:41","guid":{"rendered":"https:\/\/tuzlainfo.ba\/?p=262603"},"modified":"2025-02-13T22:26:03","modified_gmt":"2025-02-13T21:26:03","slug":"traze-se-izmjene-zakona-moze-li-minimalna-penzija-u-fbih-biti-850-km","status":"publish","type":"post","link":"https:\/\/tuzlainfo.ba\/index.php\/bosna-i-hercegovina\/item\/262603-traze-se-izmjene-zakona-moze-li-minimalna-penzija-u-fbih-biti-850-km\/","title":{"rendered":"Tra\u017ee se izmjene Zakona: Mo\u017ee li minimalna penzija u FBiH biti 850 KM?"},"content":{"rendered":"<p>Prema sada\u0161njem Zakonu o penzijskom i invalidskom osiguranju penzioneri u Federaciji mogu o\u010dekivati pove\u0107anje penzija do pet posto 15. aprila, a \u0161to je nedostatno u vremenu kada cijene hrane rastu, pi\u0161e <a href=\"https:\/\/faktor.ba\/bosna-i-hercegovina\/aktuelno\/kada-bi-se-ispunili-zahtjevi-penzionera-kod-izmjena-zakona-o-pio-najniza-penzija-bi-sa-573-km-bila-povecana-na-850-km\/210926\">Faktor.\u00a0<\/a><\/p>\n<p class=\"lg:text-[20px] lg:leading-[30px] text-[18px] leading-[26px] leading-normal font-[400]\">Zbog svega penzioneri su zatra\u017eili izmjene Zakona o PIO-u, ta\u010dnije sada\u0161njih parametara za izra\u010dun penzija, a to su 50 posto od rasta bruto doma\u0107eg proizvoda i 50 posto od rasta indeksa potro\u0161a\u010dkih cijena.<\/p>\n<p class=\"lg:text-[20px] lg:leading-[30px] text-[18px] leading-[26px] leading-normal font-[400]\"><strong>Da li \u0107e i za koliko rasti prosje\u010dna neto pla\u0107a u FBiH\u00a0<\/strong><\/p>\n<p class=\"lg:text-[20px] lg:leading-[30px] text-[18px] leading-[26px] leading-normal font-[400]\">Radna grupa je formirana pri Federalnom ministarstvu rada i socijalne politike i izmjene i dopune bi trebalo da budu iskristalisane do kraja marta.<\/p>\n<p class=\"lg:text-[20px] lg:leading-[30px] text-[18px] leading-[26px] leading-normal font-[400]\">Penzioneri su tra\u017eili da se kao parametri uzimaju rast prosje\u010dne neto pla\u0107e u FBiH i tro\u0161kovi \u017eivota u omjeru 70:30.<\/p>\n<p class=\"lg:text-[20px] lg:leading-[30px] text-[18px] leading-[26px] leading-normal font-[400]\">&#8211; Ukoliko bi se ispo\u0161tovali na\u0161i zahtjevi, primjera radi, najni\u017ea penzija bi umjesto 573 KM iznosila 850 KM, ali vidjet \u0107emo. Nakon pove\u0107anja minimalne pla\u0107e sa 619 KM na 1.000 KM i osloba\u0111anja doprinosa poslodavaca koji odlu\u010de pove\u0107ati pla\u0107e radnicima iznad minimalca do 450 KM, postavlja se pitanje da li \u0107e i za koliko rasti prosje\u010dna neto pla\u0107a u Federaciji BiH u narednom periodu.<\/p>\n<p class=\"lg:text-[20px] lg:leading-[30px] text-[18px] leading-[26px] leading-normal font-[400]\">Prije nego damo kona\u010dnu rije\u010d na izmjene Zakona o PIO-u, zatra\u017eit \u0107emo mi\u0161ljenje eminentnih stru\u010dnjaka u ekonomiji. Neka nam ka\u017eu koji parametri su za nas najbolji dugoro\u010dno &#8211; kazao nam je Mustafa Traki\u0107, \u010dlan Upravnog odbora Saveza udru\u017eenja penzionera FBiH i predsjednik Saveza udru\u017eenja penzionera Zeni\u010dko-dobojskog kantona.<\/p>\n<p class=\"lg:text-[20px] lg:leading-[30px] text-[18px] leading-[26px] leading-normal font-[400]\">Dodaje da koji god se parametar uzme, on zahtijeva od Vlade Federacije ozbiljnost u radu, planove ekonomskog rasta i razvoja, a ne stagniranja Federacije.<\/p>\n<p class=\"lg:text-[20px] lg:leading-[30px] text-[18px] leading-[26px] leading-normal font-[400]\"><strong>Najve\u0107i gubitnici radnici i penzioneri\u00a0<\/strong><\/p>\n<p class=\"lg:text-[20px] lg:leading-[30px] text-[18px] leading-[26px] leading-normal font-[400]\">&#8211; Prema sada\u0161njim parametrima u Zakonu o PIO-u, najvi\u0161e mo\u017eemo dobiti pet posto pove\u0107anja i one dvije jednokratne pomo\u0107i koje je spominjao premijer FBiH Nermin Nik\u0161i\u0107. Mi iz Zeni\u010dko-dobojskog kantona nismo ni za kakve pomo\u0107i jer ako je planirano, kao \u0161to ka\u017ee Nik\u0161i\u0107 600 miliona KM priliva u Federalni zavod PIO od pove\u0107anja minimalnih pla\u0107a, neka se to rasporedi na pove\u0107anje penzija i gotovo. Jednokratne pomo\u0107i samo unose razdor me\u0111u penzionerima. Osim toga, rezultati pove\u0107anje minimalne pla\u0107e sa 619 KM na 1.000 KM su takvi da su najve\u0107i gubitnici radnici u realnom sektoru i penzioneri &#8211; govori Traki\u0107 i dodaje:<\/p>\n<p>&#8211; Radnici zato \u0161to \u0107e poslodavci sve u\u010diniti da sa\u010duvaju svoje bogatstvo i vidimo da svojim uposlenicima ukidaju topli obrok, kartu i \u0161ta ve\u0107, a mi penzioneri smo gubitnici jer je ta ista Vlada FBiH koja je donijela odluku o minimalnoj pla\u0107i omogu\u0107ila poslodavcima da pove\u0107aju pla\u0107e iznad 1.000 KM bez da na to pla\u0107aju doprinose. Nema marke uplate u Fond PIO od toga.<\/p>\n","protected":false},"excerpt":{"rendered":"<p>Prema sada\u0161njem Zakonu o penzijskom i invalidskom osiguranju penzioneri u Federaciji mogu o\u010dekivati pove\u0107anje penzija&hellip;<\/p>\n","protected":false},"author":4,"featured_media":251194,"comment_status":"closed","ping_status":"closed","sticky":false,"template":"","format":"standard","meta":{"_acf_changed":false,"footnotes":""},"categories":[291,304,306],"tags":[532,11878,9511],"acf":[],"yoast_head":"<!-- This site is optimized with the Yoast SEO plugin v23.5 - https:\/\/yoast.com\/wordpress\/plugins\/seo\/ -->\n<title>Tra\u017ee se izmjene Zakona: Mo\u017ee li minimalna penzija u FBiH biti 850 KM? - TuzlaInfo.ba<\/title>\n<meta name=\"robots\" content=\"index, follow, max-snippet:-1, max-image-preview:large, max-video-preview:-1\" \/>\n<link rel=\"canonical\" href=\"https:\/\/tuzlainfo.ba\/index.php\/bosna-i-hercegovina\/item\/262603-traze-se-izmjene-zakona-moze-li-minimalna-penzija-u-fbih-biti-850-km\/\" \/>\n<meta property=\"og:locale\" content=\"bs_BA\" \/>\n<meta property=\"og:type\" content=\"article\" \/>\n<meta property=\"og:title\" content=\"Tra\u017ee se izmjene Zakona: Mo\u017ee li minimalna penzija u FBiH biti 850 KM? - TuzlaInfo.ba\" \/>\n<meta property=\"og:description\" content=\"Prema sada\u0161njem Zakonu o penzijskom i invalidskom osiguranju penzioneri u Federaciji mogu o\u010dekivati pove\u0107anje penzija&hellip;\" \/>\n<meta property=\"og:url\" content=\"https:\/\/tuzlainfo.ba\/index.php\/bosna-i-hercegovina\/item\/262603-traze-se-izmjene-zakona-moze-li-minimalna-penzija-u-fbih-biti-850-km\/\" \/>\n<meta property=\"og:site_name\" content=\"TuzlaInfo.ba\" \/>\n<meta property=\"article:publisher\" content=\"https:\/\/www.facebook.com\/tuzlainfo.ba\/\" \/>\n<meta property=\"article:published_time\" content=\"2025-02-12T20:00:41+00:00\" \/>\n<meta property=\"article:modified_time\" content=\"2025-02-13T21:26:03+00:00\" \/>\n<meta property=\"og:image\" content=\"https:\/\/tuzlainfo.ba\/wp-content\/uploads\/2024\/09\/3009_cek_penzija_pio_mio.jpg\" \/>\n\t<meta property=\"og:image:width\" content=\"800\" \/>\n\t<meta property=\"og:image:height\" content=\"445\" \/>\n\t<meta property=\"og:image:type\" content=\"image\/jpeg\" \/>\n<meta name=\"author\" content=\"Tuzla Info\" \/>\n<meta name=\"twitter:card\" content=\"summary_large_image\" \/>\n<meta name=\"twitter:label1\" content=\"Written by\" \/>\n\t<meta name=\"twitter:data1\" content=\"Tuzla Info\" \/>\n\t<meta name=\"twitter:label2\" content=\"Est. reading time\" \/>\n\t<meta name=\"twitter:data2\" content=\"3 minute\" \/>\n<script type=\"application\/ld+json\" class=\"yoast-schema-graph\">{\"@context\":\"https:\/\/schema.org\",\"@graph\":[{\"@type\":\"Article\",\"@id\":\"https:\/\/tuzlainfo.ba\/index.php\/bosna-i-hercegovina\/item\/262603-traze-se-izmjene-zakona-moze-li-minimalna-penzija-u-fbih-biti-850-km\/#article\",\"isPartOf\":{\"@id\":\"https:\/\/tuzlainfo.ba\/index.php\/bosna-i-hercegovina\/item\/262603-traze-se-izmjene-zakona-moze-li-minimalna-penzija-u-fbih-biti-850-km\/\"},\"author\":{\"name\":\"Tuzla Info\",\"@id\":\"https:\/\/tuzlainfo.ba\/#\/schema\/person\/46cad4c57790cbc50781edd14870825a\"},\"headline\":\"Tra\u017ee se izmjene Zakona: Mo\u017ee li minimalna penzija u FBiH biti 850 KM?\",\"datePublished\":\"2025-02-12T20:00:41+00:00\",\"dateModified\":\"2025-02-13T21:26:03+00:00\",\"mainEntityOfPage\":{\"@id\":\"https:\/\/tuzlainfo.ba\/index.php\/bosna-i-hercegovina\/item\/262603-traze-se-izmjene-zakona-moze-li-minimalna-penzija-u-fbih-biti-850-km\/\"},\"wordCount\":488,\"publisher\":{\"@id\":\"https:\/\/tuzlainfo.ba\/#organization\"},\"image\":{\"@id\":\"https:\/\/tuzlainfo.ba\/index.php\/bosna-i-hercegovina\/item\/262603-traze-se-izmjene-zakona-moze-li-minimalna-penzija-u-fbih-biti-850-km\/#primaryimage\"},\"thumbnailUrl\":\"https:\/\/tuzlainfo.ba\/wp-content\/uploads\/2024\/09\/3009_cek_penzija_pio_mio.jpg\",\"keywords\":[\"fbih\",\"minimalna penzija\",\"pove\u0107anje penzije\"],\"articleSection\":[\"Bosna i Hercegovina\",\"Istaknuto\",\"Preporu\u010dujemo\"],\"inLanguage\":\"bs-BA\"},{\"@type\":\"WebPage\",\"@id\":\"https:\/\/tuzlainfo.ba\/index.php\/bosna-i-hercegovina\/item\/262603-traze-se-izmjene-zakona-moze-li-minimalna-penzija-u-fbih-biti-850-km\/\",\"url\":\"https:\/\/tuzlainfo.ba\/index.php\/bosna-i-hercegovina\/item\/262603-traze-se-izmjene-zakona-moze-li-minimalna-penzija-u-fbih-biti-850-km\/\",\"name\":\"Tra\u017ee se izmjene Zakona: Mo\u017ee li minimalna penzija u FBiH biti 850 KM? - TuzlaInfo.ba\",\"isPartOf\":{\"@id\":\"https:\/\/tuzlainfo.ba\/#website\"},\"primaryImageOfPage\":{\"@id\":\"https:\/\/tuzlainfo.ba\/index.php\/bosna-i-hercegovina\/item\/262603-traze-se-izmjene-zakona-moze-li-minimalna-penzija-u-fbih-biti-850-km\/#primaryimage\"},\"image\":{\"@id\":\"https:\/\/tuzlainfo.ba\/index.php\/bosna-i-hercegovina\/item\/262603-traze-se-izmjene-zakona-moze-li-minimalna-penzija-u-fbih-biti-850-km\/#primaryimage\"},\"thumbnailUrl\":\"https:\/\/tuzlainfo.ba\/wp-content\/uploads\/2024\/09\/3009_cek_penzija_pio_mio.jpg\",\"datePublished\":\"2025-02-12T20:00:41+00:00\",\"dateModified\":\"2025-02-13T21:26:03+00:00\",\"breadcrumb\":{\"@id\":\"https:\/\/tuzlainfo.ba\/index.php\/bosna-i-hercegovina\/item\/262603-traze-se-izmjene-zakona-moze-li-minimalna-penzija-u-fbih-biti-850-km\/#breadcrumb\"},\"inLanguage\":\"bs-BA\",\"potentialAction\":[{\"@type\":\"ReadAction\",\"target\":[\"https:\/\/tuzlainfo.ba\/index.php\/bosna-i-hercegovina\/item\/262603-traze-se-izmjene-zakona-moze-li-minimalna-penzija-u-fbih-biti-850-km\/\"]}]},{\"@type\":\"ImageObject\",\"inLanguage\":\"bs-BA\",\"@id\":\"https:\/\/tuzlainfo.ba\/index.php\/bosna-i-hercegovina\/item\/262603-traze-se-izmjene-zakona-moze-li-minimalna-penzija-u-fbih-biti-850-km\/#primaryimage\",\"url\":\"https:\/\/tuzlainfo.ba\/wp-content\/uploads\/2024\/09\/3009_cek_penzija_pio_mio.jpg\",\"contentUrl\":\"https:\/\/tuzlainfo.ba\/wp-content\/uploads\/2024\/09\/3009_cek_penzija_pio_mio.jpg\",\"width\":800,\"height\":445},{\"@type\":\"BreadcrumbList\",\"@id\":\"https:\/\/tuzlainfo.ba\/index.php\/bosna-i-hercegovina\/item\/262603-traze-se-izmjene-zakona-moze-li-minimalna-penzija-u-fbih-biti-850-km\/#breadcrumb\",\"itemListElement\":[{\"@type\":\"ListItem\",\"position\":1,\"name\":\"Home\",\"item\":\"https:\/\/tuzlainfo.ba\/\"},{\"@type\":\"ListItem\",\"position\":2,\"name\":\"Tra\u017ee se izmjene Zakona: Mo\u017ee li minimalna penzija u FBiH biti 850 KM?\"}]},{\"@type\":\"WebSite\",\"@id\":\"https:\/\/tuzlainfo.ba\/#website\",\"url\":\"https:\/\/tuzlainfo.ba\/\",\"name\":\"TuzlaInfo.ba\",\"description\":\"Tuzla info, gradski informator - Tuzla na dlanu\",\"publisher\":{\"@id\":\"https:\/\/tuzlainfo.ba\/#organization\"},\"potentialAction\":[{\"@type\":\"SearchAction\",\"target\":{\"@type\":\"EntryPoint\",\"urlTemplate\":\"https:\/\/tuzlainfo.ba\/?s={search_term_string}\"},\"query-input\":{\"@type\":\"PropertyValueSpecification\",\"valueRequired\":true,\"valueName\":\"search_term_string\"}}],\"inLanguage\":\"bs-BA\"},{\"@type\":\"Organization\",\"@id\":\"https:\/\/tuzlainfo.ba\/#organization\",\"name\":\"TuzlaInfo.ba\",\"url\":\"https:\/\/tuzlainfo.ba\/\",\"logo\":{\"@type\":\"ImageObject\",\"inLanguage\":\"bs-BA\",\"@id\":\"https:\/\/tuzlainfo.ba\/#\/schema\/logo\/image\/\",\"url\":\"https:\/\/tuzlainfo.ba\/wp-content\/uploads\/2021\/03\/logo-ver-3-1.png\",\"contentUrl\":\"https:\/\/tuzlainfo.ba\/wp-content\/uploads\/2021\/03\/logo-ver-3-1.png\",\"width\":350,\"height\":95,\"caption\":\"TuzlaInfo.ba\"},\"image\":{\"@id\":\"https:\/\/tuzlainfo.ba\/#\/schema\/logo\/image\/\"},\"sameAs\":[\"https:\/\/www.facebook.com\/tuzlainfo.ba\/\"]},{\"@type\":\"Person\",\"@id\":\"https:\/\/tuzlainfo.ba\/#\/schema\/person\/46cad4c57790cbc50781edd14870825a\",\"name\":\"Tuzla Info\",\"image\":{\"@type\":\"ImageObject\",\"inLanguage\":\"bs-BA\",\"@id\":\"https:\/\/tuzlainfo.ba\/#\/schema\/person\/image\/\",\"url\":\"https:\/\/tuzlainfo.ba\/wp-content\/litespeed\/avatar\/b6c453a6c38e3654f2e4416c643fc25c.jpg?ver=1777051911\",\"contentUrl\":\"https:\/\/tuzlainfo.ba\/wp-content\/litespeed\/avatar\/b6c453a6c38e3654f2e4416c643fc25c.jpg?ver=1777051911\",\"caption\":\"Tuzla Info\"}}]}<\/script>\n<!-- \/ Yoast SEO plugin. -->","yoast_head_json":{"title":"Tra\u017ee se izmjene Zakona: Mo\u017ee li minimalna penzija u FBiH biti 850 KM? - TuzlaInfo.ba","robots":{"index":"index","follow":"follow","max-snippet":"max-snippet:-1","max-image-preview":"max-image-preview:large","max-video-preview":"max-video-preview:-1"},"canonical":"https:\/\/tuzlainfo.ba\/index.php\/bosna-i-hercegovina\/item\/262603-traze-se-izmjene-zakona-moze-li-minimalna-penzija-u-fbih-biti-850-km\/","og_locale":"bs_BA","og_type":"article","og_title":"Tra\u017ee se izmjene Zakona: Mo\u017ee li minimalna penzija u FBiH biti 850 KM? - TuzlaInfo.ba","og_description":"Prema sada\u0161njem Zakonu o penzijskom i invalidskom osiguranju penzioneri u Federaciji mogu o\u010dekivati pove\u0107anje penzija&hellip;","og_url":"https:\/\/tuzlainfo.ba\/index.php\/bosna-i-hercegovina\/item\/262603-traze-se-izmjene-zakona-moze-li-minimalna-penzija-u-fbih-biti-850-km\/","og_site_name":"TuzlaInfo.ba","article_publisher":"https:\/\/www.facebook.com\/tuzlainfo.ba\/","article_published_time":"2025-02-12T20:00:41+00:00","article_modified_time":"2025-02-13T21:26:03+00:00","og_image":[{"width":800,"height":445,"url":"https:\/\/tuzlainfo.ba\/wp-content\/uploads\/2024\/09\/3009_cek_penzija_pio_mio.jpg","type":"image\/jpeg"}],"author":"Tuzla Info","twitter_card":"summary_large_image","twitter_misc":{"Written by":"Tuzla Info","Est. reading time":"3 minute"},"schema":{"@context":"https:\/\/schema.org","@graph":[{"@type":"Article","@id":"https:\/\/tuzlainfo.ba\/index.php\/bosna-i-hercegovina\/item\/262603-traze-se-izmjene-zakona-moze-li-minimalna-penzija-u-fbih-biti-850-km\/#article","isPartOf":{"@id":"https:\/\/tuzlainfo.ba\/index.php\/bosna-i-hercegovina\/item\/262603-traze-se-izmjene-zakona-moze-li-minimalna-penzija-u-fbih-biti-850-km\/"},"author":{"name":"Tuzla Info","@id":"https:\/\/tuzlainfo.ba\/#\/schema\/person\/46cad4c57790cbc50781edd14870825a"},"headline":"Tra\u017ee se izmjene Zakona: Mo\u017ee li minimalna penzija u FBiH biti 850 KM?","datePublished":"2025-02-12T20:00:41+00:00","dateModified":"2025-02-13T21:26:03+00:00","mainEntityOfPage":{"@id":"https:\/\/tuzlainfo.ba\/index.php\/bosna-i-hercegovina\/item\/262603-traze-se-izmjene-zakona-moze-li-minimalna-penzija-u-fbih-biti-850-km\/"},"wordCount":488,"publisher":{"@id":"https:\/\/tuzlainfo.ba\/#organization"},"image":{"@id":"https:\/\/tuzlainfo.ba\/index.php\/bosna-i-hercegovina\/item\/262603-traze-se-izmjene-zakona-moze-li-minimalna-penzija-u-fbih-biti-850-km\/#primaryimage"},"thumbnailUrl":"https:\/\/tuzlainfo.ba\/wp-content\/uploads\/2024\/09\/3009_cek_penzija_pio_mio.jpg","keywords":["fbih","minimalna penzija","pove\u0107anje penzije"],"articleSection":["Bosna i Hercegovina","Istaknuto","Preporu\u010dujemo"],"inLanguage":"bs-BA"},{"@type":"WebPage","@id":"https:\/\/tuzlainfo.ba\/index.php\/bosna-i-hercegovina\/item\/262603-traze-se-izmjene-zakona-moze-li-minimalna-penzija-u-fbih-biti-850-km\/","url":"https:\/\/tuzlainfo.ba\/index.php\/bosna-i-hercegovina\/item\/262603-traze-se-izmjene-zakona-moze-li-minimalna-penzija-u-fbih-biti-850-km\/","name":"Tra\u017ee se izmjene Zakona: Mo\u017ee li minimalna penzija u FBiH biti 850 KM? - TuzlaInfo.ba","isPartOf":{"@id":"https:\/\/tuzlainfo.ba\/#website"},"primaryImageOfPage":{"@id":"https:\/\/tuzlainfo.ba\/index.php\/bosna-i-hercegovina\/item\/262603-traze-se-izmjene-zakona-moze-li-minimalna-penzija-u-fbih-biti-850-km\/#primaryimage"},"image":{"@id":"https:\/\/tuzlainfo.ba\/index.php\/bosna-i-hercegovina\/item\/262603-traze-se-izmjene-zakona-moze-li-minimalna-penzija-u-fbih-biti-850-km\/#primaryimage"},"thumbnailUrl":"https:\/\/tuzlainfo.ba\/wp-content\/uploads\/2024\/09\/3009_cek_penzija_pio_mio.jpg","datePublished":"2025-02-12T20:00:41+00:00","dateModified":"2025-02-13T21:26:03+00:00","breadcrumb":{"@id":"https:\/\/tuzlainfo.ba\/index.php\/bosna-i-hercegovina\/item\/262603-traze-se-izmjene-zakona-moze-li-minimalna-penzija-u-fbih-biti-850-km\/#breadcrumb"},"inLanguage":"bs-BA","potentialAction":[{"@type":"ReadAction","target":["https:\/\/tuzlainfo.ba\/index.php\/bosna-i-hercegovina\/item\/262603-traze-se-izmjene-zakona-moze-li-minimalna-penzija-u-fbih-biti-850-km\/"]}]},{"@type":"ImageObject","inLanguage":"bs-BA","@id":"https:\/\/tuzlainfo.ba\/index.php\/bosna-i-hercegovina\/item\/262603-traze-se-izmjene-zakona-moze-li-minimalna-penzija-u-fbih-biti-850-km\/#primaryimage","url":"https:\/\/tuzlainfo.ba\/wp-content\/uploads\/2024\/09\/3009_cek_penzija_pio_mio.jpg","contentUrl":"https:\/\/tuzlainfo.ba\/wp-content\/uploads\/2024\/09\/3009_cek_penzija_pio_mio.jpg","width":800,"height":445},{"@type":"BreadcrumbList","@id":"https:\/\/tuzlainfo.ba\/index.php\/bosna-i-hercegovina\/item\/262603-traze-se-izmjene-zakona-moze-li-minimalna-penzija-u-fbih-biti-850-km\/#breadcrumb","itemListElement":[{"@type":"ListItem","position":1,"name":"Home","item":"https:\/\/tuzlainfo.ba\/"},{"@type":"ListItem","position":2,"name":"Tra\u017ee se izmjene Zakona: Mo\u017ee li minimalna penzija u FBiH biti 850 KM?"}]},{"@type":"WebSite","@id":"https:\/\/tuzlainfo.ba\/#website","url":"https:\/\/tuzlainfo.ba\/","name":"TuzlaInfo.ba","description":"Tuzla info, gradski informator - Tuzla na dlanu","publisher":{"@id":"https:\/\/tuzlainfo.ba\/#organization"},"potentialAction":[{"@type":"SearchAction","target":{"@type":"EntryPoint","urlTemplate":"https:\/\/tuzlainfo.ba\/?s={search_term_string}"},"query-input":{"@type":"PropertyValueSpecification","valueRequired":true,"valueName":"search_term_string"}}],"inLanguage":"bs-BA"},{"@type":"Organization","@id":"https:\/\/tuzlainfo.ba\/#organization","name":"TuzlaInfo.ba","url":"https:\/\/tuzlainfo.ba\/","logo":{"@type":"ImageObject","inLanguage":"bs-BA","@id":"https:\/\/tuzlainfo.ba\/#\/schema\/logo\/image\/","url":"https:\/\/tuzlainfo.ba\/wp-content\/uploads\/2021\/03\/logo-ver-3-1.png","contentUrl":"https:\/\/tuzlainfo.ba\/wp-content\/uploads\/2021\/03\/logo-ver-3-1.png","width":350,"height":95,"caption":"TuzlaInfo.ba"},"image":{"@id":"https:\/\/tuzlainfo.ba\/#\/schema\/logo\/image\/"},"sameAs":["https:\/\/www.facebook.com\/tuzlainfo.ba\/"]},{"@type":"Person","@id":"https:\/\/tuzlainfo.ba\/#\/schema\/person\/46cad4c57790cbc50781edd14870825a","name":"Tuzla Info","image":{"@type":"ImageObject","inLanguage":"bs-BA","@id":"https:\/\/tuzlainfo.ba\/#\/schema\/person\/image\/","url":"https:\/\/tuzlainfo.ba\/wp-content\/litespeed\/avatar\/b6c453a6c38e3654f2e4416c643fc25c.jpg?ver=1777051911","contentUrl":"https:\/\/tuzlainfo.ba\/wp-content\/litespeed\/avatar\/b6c453a6c38e3654f2e4416c643fc25c.jpg?ver=1777051911","caption":"Tuzla Info"}}]}},"_links":{"self":[{"href":"https:\/\/tuzlainfo.ba\/index.php\/wp-json\/wp\/v2\/posts\/262603"}],"collection":[{"href":"https:\/\/tuzlainfo.ba\/index.php\/wp-json\/wp\/v2\/posts"}],"about":[{"href":"https:\/\/tuzlainfo.ba\/index.php\/wp-json\/wp\/v2\/types\/post"}],"author":[{"embeddable":true,"href":"https:\/\/tuzlainfo.ba\/index.php\/wp-json\/wp\/v2\/users\/4"}],"replies":[{"embeddable":true,"href":"https:\/\/tuzlainfo.ba\/index.php\/wp-json\/wp\/v2\/comments?post=262603"}],"version-history":[{"count":3,"href":"https:\/\/tuzlainfo.ba\/index.php\/wp-json\/wp\/v2\/posts\/262603\/revisions"}],"predecessor-version":[{"id":262608,"href":"https:\/\/tuzlainfo.ba\/index.php\/wp-json\/wp\/v2\/posts\/262603\/revisions\/262608"}],"wp:featuredmedia":[{"embeddable":true,"href":"https:\/\/tuzlainfo.ba\/index.php\/wp-json\/wp\/v2\/media\/251194"}],"wp:attachment":[{"href":"https:\/\/tuzlainfo.ba\/index.php\/wp-json\/wp\/v2\/media?parent=262603"}],"wp:term":[{"taxonomy":"category","embeddable":true,"href":"https:\/\/tuzlainfo.ba\/index.php\/wp-json\/wp\/v2\/categories?post=262603"},{"taxonomy":"post_tag","embeddable":true,"href":"https:\/\/tuzlainfo.ba\/index.php\/wp-json\/wp\/v2\/tags?post=262603"}],"curies":[{"name":"wp","href":"https:\/\/api.w.org\/{rel}","templated":true}]}}