{"id":262467,"date":"2025-02-10T17:04:56","date_gmt":"2025-02-10T16:04:56","guid":{"rendered":"https:\/\/tuzlainfo.ba\/?p=262467"},"modified":"2025-02-10T15:11:16","modified_gmt":"2025-02-10T14:11:16","slug":"izdvojeno-25-miliona-km-za-projekte-u-obrazovnim-ustanovama-u-tuzli","status":"publish","type":"post","link":"https:\/\/tuzlainfo.ba\/index.php\/istaknuto\/item\/262467-izdvojeno-25-miliona-km-za-projekte-u-obrazovnim-ustanovama-u-tuzli\/","title":{"rendered":"Izdvojeno 2,5 miliona KM za projekte u obrazovnim ustanovama u Tuzli"},"content":{"rendered":"<p>U okviru kapitalnih izdataka za korisnike bud\u017eetskih sredstava pro\u0161le godine zna\u010dajne investicije su usmjerene u oblast obrazovanja. U skladu sa ranijim opredjeljenjem Vlade TK, da se stanje \u0161kolskih sportskih terena podigne na ve\u0107i nivo, upravo je ova oblast bila u fokusu pro\u0161logodi\u0161njih \u0161kolskih investicionih projekata. Osim \u0161kolskih sportskih terena zna\u010dajne investicije usmjerene su i u rekonstrukcije i sanacije sistema centralnog grijanja u \u0161kolama, nabavku informati\u010dke i druge didakti\u010dke opreme i opremanje kabineta za izvo\u0111enje kabinetske nastave, itd.<\/p>\n<p>\u201eSuo\u010deni sa realno\u0161\u0107u da djeca danas sve vi\u0161e koriste mobilne ure\u0111aje i da im op\u0107enito nedostaje fizi\u010dke aktivnosti, ali i uvidom u stanje \u0161kolskih sportskih poligona, pro\u0161le godine odlu\u010dili smo da jedan od odgovora Vlade TK na ovakvo stanje bude zna\u010dajnije investiranje u obnovu, rekonstrukciju i adaptaciju \u0161kolskih sportskih terena. Stvaranjem boljih preduslova da se na\u0161i najmla\u0111i po\u010dnu baviti sportom i sa ove strane \u017eelimo ponuditi odgovor na stanje u dru\u0161tvu, ali i pomo\u0107i sportskim radnicima da u \u0161kolskom sportu prepoznaju nove talente i njihov dalji rad i razvoj usmjere ka nekim sportskim disciplinama. U prilog na\u0161oj brizi za oblast obrazovanja ilustrativno govori podatak da je od ukupno ne\u0161to vi\u0161e od 9 miliona KM, koliko je ukupno realizirano kroz Program kapitalnih izdataka, ne\u0161to vi\u0161e od 7 miliona usmjereno u oblast obrazovanja. Zadovoljstvo nam je vidjeti da su, evo u nekoliko \u0161kola u Tuzli, ti kapitalni projekti uspje\u0161no zavr\u0161eni ili da se zavr\u0161avaju i da djeca ve\u0107 sa po\u010detkom novog polugodi\u0161ta imaju znatno bolje uslove i u smislu bavljenja sportskim aktivnostima i u smislu kabinetske nastave\u201c, kazao je danas premijer Tuzlanskog kantona Irfan Halilagi\u0107.<\/p>\n<p>Dana\u0161njom posjetom \u0161kolama na podru\u010dju Tuzle, premijer Halilagi\u0107 i ministar obrazovanja i nauke TK Ahmed Omerovi\u0107 jo\u0161 jednom su izrazili svoje stalno opredjeljenje da kontinuirano rade na unaprje\u0111enju \u0161kolskog i obrazovnog sistema i uslova za \u0161kolovanje u Tuzlanskom kantonu.<\/p>\n<p>\u201eDanas smo u Tuzli posjetili tri \u0161kole, Osnovnu \u0161kolu Miladije, gdje smo se uvjerili u zaista kvalitetno realizirani projekat rekonstrukcije podne obloge u fiskulturnoj sali i rekonstrukcije mokrih \u010dvorova, Osnovnu \u0161kolu Kreka, gdje je zavr\u0161ena rekonstrukcija tribina na igrali\u0161tu \u0161kole, obnovljena lokalna IT mre\u017ea u \u0161koli, te tako\u0111er renovirani mokri \u010dvorovi, te Osnovnu \u0161kolu Solina, gdje je zavr\u0161ena rekonstrukcija \u0161kolskog poligona. Visina investicija u ove tri \u0161kole u pro\u0161loj godini iznosi ne\u0161to vi\u0161e od 250.000 KM, a od ukupno oko 7 miliona KM, koliko je za kapitalne investicije u oblasti obrazovanja pro\u0161le godine realizirano na podru\u010dju Tuzlanskog kantona, skoro 2,5 miliona KM realizirano je u \u0161kolama na podru\u010dju grada Tuzle\u201c, kazao je danas ministar Omerovi\u0107.<\/p>\n<p>Nakon posjete trima \u0161kolama, premijer Halilagi\u0107 i ministar Omerovi\u0107 su, u dru\u0161tvu rektorice Univerziteta u Tuzli Nermine Had\u017eigrahi\u0107, posjetili gradili\u0161te u Kampusu Univerziteta. Ovom prilikom izra\u017eeno je zadovoljstvo \u0161to radovi na izgradnji objekata u koje \u0107e biti smje\u0161tena 4 fakulteta teku predvi\u0111enom dinamikom, te je izra\u017eeno realno o\u010dekivanje da \u0107e 50. godi\u0161njicu Univerzitet do\u010dekati sa novim objektima u Kampusu Univerziteta.<\/p>\n","protected":false},"excerpt":{"rendered":"<p>U okviru kapitalnih izdataka za korisnike bud\u017eetskih sredstava pro\u0161le godine zna\u010dajne investicije su usmjerene u&hellip;<\/p>\n","protected":false},"author":4,"featured_media":262468,"comment_status":"closed","ping_status":"closed","sticky":false,"template":"","format":"standard","meta":{"_acf_changed":false,"footnotes":""},"categories":[304,12],"tags":[1634,336],"acf":[],"yoast_head":"<!-- This site is optimized with the Yoast SEO plugin v23.5 - https:\/\/yoast.com\/wordpress\/plugins\/seo\/ -->\n<title>Izdvojeno 2,5 miliona KM za projekte u obrazovnim ustanovama u Tuzli - TuzlaInfo.ba<\/title>\n<meta name=\"robots\" content=\"index, follow, max-snippet:-1, max-image-preview:large, max-video-preview:-1\" \/>\n<link rel=\"canonical\" href=\"https:\/\/tuzlainfo.ba\/index.php\/istaknuto\/item\/262467-izdvojeno-25-miliona-km-za-projekte-u-obrazovnim-ustanovama-u-tuzli\/\" \/>\n<meta property=\"og:locale\" content=\"bs_BA\" \/>\n<meta property=\"og:type\" content=\"article\" \/>\n<meta property=\"og:title\" content=\"Izdvojeno 2,5 miliona KM za projekte u obrazovnim ustanovama u Tuzli - TuzlaInfo.ba\" \/>\n<meta property=\"og:description\" content=\"U okviru kapitalnih izdataka za korisnike bud\u017eetskih sredstava pro\u0161le godine zna\u010dajne investicije su usmjerene u&hellip;\" \/>\n<meta property=\"og:url\" content=\"https:\/\/tuzlainfo.ba\/index.php\/istaknuto\/item\/262467-izdvojeno-25-miliona-km-za-projekte-u-obrazovnim-ustanovama-u-tuzli\/\" \/>\n<meta property=\"og:site_name\" content=\"TuzlaInfo.ba\" \/>\n<meta property=\"article:publisher\" content=\"https:\/\/www.facebook.com\/tuzlainfo.ba\/\" \/>\n<meta property=\"article:published_time\" content=\"2025-02-10T16:04:56+00:00\" \/>\n<meta property=\"article:modified_time\" content=\"2025-02-10T14:11:16+00:00\" \/>\n<meta property=\"og:image\" content=\"https:\/\/tuzlainfo.ba\/wp-content\/uploads\/2025\/02\/Kampus-01-10-02-2025.jpg\" \/>\n\t<meta property=\"og:image:width\" content=\"1800\" \/>\n\t<meta property=\"og:image:height\" content=\"1013\" \/>\n\t<meta property=\"og:image:type\" content=\"image\/jpeg\" \/>\n<meta name=\"author\" content=\"Tuzla Info\" \/>\n<meta name=\"twitter:card\" content=\"summary_large_image\" \/>\n<meta name=\"twitter:label1\" content=\"Written by\" \/>\n\t<meta name=\"twitter:data1\" content=\"Tuzla Info\" \/>\n\t<meta name=\"twitter:label2\" content=\"Est. reading time\" \/>\n\t<meta name=\"twitter:data2\" content=\"3 minute\" \/>\n<script type=\"application\/ld+json\" class=\"yoast-schema-graph\">{\"@context\":\"https:\/\/schema.org\",\"@graph\":[{\"@type\":\"Article\",\"@id\":\"https:\/\/tuzlainfo.ba\/index.php\/istaknuto\/item\/262467-izdvojeno-25-miliona-km-za-projekte-u-obrazovnim-ustanovama-u-tuzli\/#article\",\"isPartOf\":{\"@id\":\"https:\/\/tuzlainfo.ba\/index.php\/istaknuto\/item\/262467-izdvojeno-25-miliona-km-za-projekte-u-obrazovnim-ustanovama-u-tuzli\/\"},\"author\":{\"name\":\"Tuzla Info\",\"@id\":\"https:\/\/tuzlainfo.ba\/#\/schema\/person\/46cad4c57790cbc50781edd14870825a\"},\"headline\":\"Izdvojeno 2,5 miliona KM za projekte u obrazovnim ustanovama u Tuzli\",\"datePublished\":\"2025-02-10T16:04:56+00:00\",\"dateModified\":\"2025-02-10T14:11:16+00:00\",\"mainEntityOfPage\":{\"@id\":\"https:\/\/tuzlainfo.ba\/index.php\/istaknuto\/item\/262467-izdvojeno-25-miliona-km-za-projekte-u-obrazovnim-ustanovama-u-tuzli\/\"},\"wordCount\":535,\"publisher\":{\"@id\":\"https:\/\/tuzlainfo.ba\/#organization\"},\"image\":{\"@id\":\"https:\/\/tuzlainfo.ba\/index.php\/istaknuto\/item\/262467-izdvojeno-25-miliona-km-za-projekte-u-obrazovnim-ustanovama-u-tuzli\/#primaryimage\"},\"thumbnailUrl\":\"https:\/\/tuzlainfo.ba\/wp-content\/uploads\/2025\/02\/Kampus-01-10-02-2025.jpg\",\"keywords\":[\"obrazovanje\",\"vlada tk\"],\"articleSection\":[\"Istaknuto\",\"Novosti\"],\"inLanguage\":\"bs-BA\"},{\"@type\":\"WebPage\",\"@id\":\"https:\/\/tuzlainfo.ba\/index.php\/istaknuto\/item\/262467-izdvojeno-25-miliona-km-za-projekte-u-obrazovnim-ustanovama-u-tuzli\/\",\"url\":\"https:\/\/tuzlainfo.ba\/index.php\/istaknuto\/item\/262467-izdvojeno-25-miliona-km-za-projekte-u-obrazovnim-ustanovama-u-tuzli\/\",\"name\":\"Izdvojeno 2,5 miliona KM za projekte u obrazovnim ustanovama u Tuzli - TuzlaInfo.ba\",\"isPartOf\":{\"@id\":\"https:\/\/tuzlainfo.ba\/#website\"},\"primaryImageOfPage\":{\"@id\":\"https:\/\/tuzlainfo.ba\/index.php\/istaknuto\/item\/262467-izdvojeno-25-miliona-km-za-projekte-u-obrazovnim-ustanovama-u-tuzli\/#primaryimage\"},\"image\":{\"@id\":\"https:\/\/tuzlainfo.ba\/index.php\/istaknuto\/item\/262467-izdvojeno-25-miliona-km-za-projekte-u-obrazovnim-ustanovama-u-tuzli\/#primaryimage\"},\"thumbnailUrl\":\"https:\/\/tuzlainfo.ba\/wp-content\/uploads\/2025\/02\/Kampus-01-10-02-2025.jpg\",\"datePublished\":\"2025-02-10T16:04:56+00:00\",\"dateModified\":\"2025-02-10T14:11:16+00:00\",\"breadcrumb\":{\"@id\":\"https:\/\/tuzlainfo.ba\/index.php\/istaknuto\/item\/262467-izdvojeno-25-miliona-km-za-projekte-u-obrazovnim-ustanovama-u-tuzli\/#breadcrumb\"},\"inLanguage\":\"bs-BA\",\"potentialAction\":[{\"@type\":\"ReadAction\",\"target\":[\"https:\/\/tuzlainfo.ba\/index.php\/istaknuto\/item\/262467-izdvojeno-25-miliona-km-za-projekte-u-obrazovnim-ustanovama-u-tuzli\/\"]}]},{\"@type\":\"ImageObject\",\"inLanguage\":\"bs-BA\",\"@id\":\"https:\/\/tuzlainfo.ba\/index.php\/istaknuto\/item\/262467-izdvojeno-25-miliona-km-za-projekte-u-obrazovnim-ustanovama-u-tuzli\/#primaryimage\",\"url\":\"https:\/\/tuzlainfo.ba\/wp-content\/uploads\/2025\/02\/Kampus-01-10-02-2025.jpg\",\"contentUrl\":\"https:\/\/tuzlainfo.ba\/wp-content\/uploads\/2025\/02\/Kampus-01-10-02-2025.jpg\",\"width\":1800,\"height\":1013},{\"@type\":\"BreadcrumbList\",\"@id\":\"https:\/\/tuzlainfo.ba\/index.php\/istaknuto\/item\/262467-izdvojeno-25-miliona-km-za-projekte-u-obrazovnim-ustanovama-u-tuzli\/#breadcrumb\",\"itemListElement\":[{\"@type\":\"ListItem\",\"position\":1,\"name\":\"Home\",\"item\":\"https:\/\/tuzlainfo.ba\/\"},{\"@type\":\"ListItem\",\"position\":2,\"name\":\"Izdvojeno 2,5 miliona KM za projekte u obrazovnim ustanovama u Tuzli\"}]},{\"@type\":\"WebSite\",\"@id\":\"https:\/\/tuzlainfo.ba\/#website\",\"url\":\"https:\/\/tuzlainfo.ba\/\",\"name\":\"TuzlaInfo.ba\",\"description\":\"Tuzla info, gradski informator - Tuzla na dlanu\",\"publisher\":{\"@id\":\"https:\/\/tuzlainfo.ba\/#organization\"},\"potentialAction\":[{\"@type\":\"SearchAction\",\"target\":{\"@type\":\"EntryPoint\",\"urlTemplate\":\"https:\/\/tuzlainfo.ba\/?s={search_term_string}\"},\"query-input\":{\"@type\":\"PropertyValueSpecification\",\"valueRequired\":true,\"valueName\":\"search_term_string\"}}],\"inLanguage\":\"bs-BA\"},{\"@type\":\"Organization\",\"@id\":\"https:\/\/tuzlainfo.ba\/#organization\",\"name\":\"TuzlaInfo.ba\",\"url\":\"https:\/\/tuzlainfo.ba\/\",\"logo\":{\"@type\":\"ImageObject\",\"inLanguage\":\"bs-BA\",\"@id\":\"https:\/\/tuzlainfo.ba\/#\/schema\/logo\/image\/\",\"url\":\"https:\/\/tuzlainfo.ba\/wp-content\/uploads\/2021\/03\/logo-ver-3-1.png\",\"contentUrl\":\"https:\/\/tuzlainfo.ba\/wp-content\/uploads\/2021\/03\/logo-ver-3-1.png\",\"width\":350,\"height\":95,\"caption\":\"TuzlaInfo.ba\"},\"image\":{\"@id\":\"https:\/\/tuzlainfo.ba\/#\/schema\/logo\/image\/\"},\"sameAs\":[\"https:\/\/www.facebook.com\/tuzlainfo.ba\/\"]},{\"@type\":\"Person\",\"@id\":\"https:\/\/tuzlainfo.ba\/#\/schema\/person\/46cad4c57790cbc50781edd14870825a\",\"name\":\"Tuzla Info\",\"image\":{\"@type\":\"ImageObject\",\"inLanguage\":\"bs-BA\",\"@id\":\"https:\/\/tuzlainfo.ba\/#\/schema\/person\/image\/\",\"url\":\"https:\/\/tuzlainfo.ba\/wp-content\/litespeed\/avatar\/b6c453a6c38e3654f2e4416c643fc25c.jpg?ver=1777656712\",\"contentUrl\":\"https:\/\/tuzlainfo.ba\/wp-content\/litespeed\/avatar\/b6c453a6c38e3654f2e4416c643fc25c.jpg?ver=1777656712\",\"caption\":\"Tuzla Info\"}}]}<\/script>\n<!-- \/ Yoast SEO plugin. -->","yoast_head_json":{"title":"Izdvojeno 2,5 miliona KM za projekte u obrazovnim ustanovama u Tuzli - TuzlaInfo.ba","robots":{"index":"index","follow":"follow","max-snippet":"max-snippet:-1","max-image-preview":"max-image-preview:large","max-video-preview":"max-video-preview:-1"},"canonical":"https:\/\/tuzlainfo.ba\/index.php\/istaknuto\/item\/262467-izdvojeno-25-miliona-km-za-projekte-u-obrazovnim-ustanovama-u-tuzli\/","og_locale":"bs_BA","og_type":"article","og_title":"Izdvojeno 2,5 miliona KM za projekte u obrazovnim ustanovama u Tuzli - TuzlaInfo.ba","og_description":"U okviru kapitalnih izdataka za korisnike bud\u017eetskih sredstava pro\u0161le godine zna\u010dajne investicije su usmjerene u&hellip;","og_url":"https:\/\/tuzlainfo.ba\/index.php\/istaknuto\/item\/262467-izdvojeno-25-miliona-km-za-projekte-u-obrazovnim-ustanovama-u-tuzli\/","og_site_name":"TuzlaInfo.ba","article_publisher":"https:\/\/www.facebook.com\/tuzlainfo.ba\/","article_published_time":"2025-02-10T16:04:56+00:00","article_modified_time":"2025-02-10T14:11:16+00:00","og_image":[{"width":1800,"height":1013,"url":"https:\/\/tuzlainfo.ba\/wp-content\/uploads\/2025\/02\/Kampus-01-10-02-2025.jpg","type":"image\/jpeg"}],"author":"Tuzla Info","twitter_card":"summary_large_image","twitter_misc":{"Written by":"Tuzla Info","Est. reading time":"3 minute"},"schema":{"@context":"https:\/\/schema.org","@graph":[{"@type":"Article","@id":"https:\/\/tuzlainfo.ba\/index.php\/istaknuto\/item\/262467-izdvojeno-25-miliona-km-za-projekte-u-obrazovnim-ustanovama-u-tuzli\/#article","isPartOf":{"@id":"https:\/\/tuzlainfo.ba\/index.php\/istaknuto\/item\/262467-izdvojeno-25-miliona-km-za-projekte-u-obrazovnim-ustanovama-u-tuzli\/"},"author":{"name":"Tuzla Info","@id":"https:\/\/tuzlainfo.ba\/#\/schema\/person\/46cad4c57790cbc50781edd14870825a"},"headline":"Izdvojeno 2,5 miliona KM za projekte u obrazovnim ustanovama u Tuzli","datePublished":"2025-02-10T16:04:56+00:00","dateModified":"2025-02-10T14:11:16+00:00","mainEntityOfPage":{"@id":"https:\/\/tuzlainfo.ba\/index.php\/istaknuto\/item\/262467-izdvojeno-25-miliona-km-za-projekte-u-obrazovnim-ustanovama-u-tuzli\/"},"wordCount":535,"publisher":{"@id":"https:\/\/tuzlainfo.ba\/#organization"},"image":{"@id":"https:\/\/tuzlainfo.ba\/index.php\/istaknuto\/item\/262467-izdvojeno-25-miliona-km-za-projekte-u-obrazovnim-ustanovama-u-tuzli\/#primaryimage"},"thumbnailUrl":"https:\/\/tuzlainfo.ba\/wp-content\/uploads\/2025\/02\/Kampus-01-10-02-2025.jpg","keywords":["obrazovanje","vlada tk"],"articleSection":["Istaknuto","Novosti"],"inLanguage":"bs-BA"},{"@type":"WebPage","@id":"https:\/\/tuzlainfo.ba\/index.php\/istaknuto\/item\/262467-izdvojeno-25-miliona-km-za-projekte-u-obrazovnim-ustanovama-u-tuzli\/","url":"https:\/\/tuzlainfo.ba\/index.php\/istaknuto\/item\/262467-izdvojeno-25-miliona-km-za-projekte-u-obrazovnim-ustanovama-u-tuzli\/","name":"Izdvojeno 2,5 miliona KM za projekte u obrazovnim ustanovama u Tuzli - TuzlaInfo.ba","isPartOf":{"@id":"https:\/\/tuzlainfo.ba\/#website"},"primaryImageOfPage":{"@id":"https:\/\/tuzlainfo.ba\/index.php\/istaknuto\/item\/262467-izdvojeno-25-miliona-km-za-projekte-u-obrazovnim-ustanovama-u-tuzli\/#primaryimage"},"image":{"@id":"https:\/\/tuzlainfo.ba\/index.php\/istaknuto\/item\/262467-izdvojeno-25-miliona-km-za-projekte-u-obrazovnim-ustanovama-u-tuzli\/#primaryimage"},"thumbnailUrl":"https:\/\/tuzlainfo.ba\/wp-content\/uploads\/2025\/02\/Kampus-01-10-02-2025.jpg","datePublished":"2025-02-10T16:04:56+00:00","dateModified":"2025-02-10T14:11:16+00:00","breadcrumb":{"@id":"https:\/\/tuzlainfo.ba\/index.php\/istaknuto\/item\/262467-izdvojeno-25-miliona-km-za-projekte-u-obrazovnim-ustanovama-u-tuzli\/#breadcrumb"},"inLanguage":"bs-BA","potentialAction":[{"@type":"ReadAction","target":["https:\/\/tuzlainfo.ba\/index.php\/istaknuto\/item\/262467-izdvojeno-25-miliona-km-za-projekte-u-obrazovnim-ustanovama-u-tuzli\/"]}]},{"@type":"ImageObject","inLanguage":"bs-BA","@id":"https:\/\/tuzlainfo.ba\/index.php\/istaknuto\/item\/262467-izdvojeno-25-miliona-km-za-projekte-u-obrazovnim-ustanovama-u-tuzli\/#primaryimage","url":"https:\/\/tuzlainfo.ba\/wp-content\/uploads\/2025\/02\/Kampus-01-10-02-2025.jpg","contentUrl":"https:\/\/tuzlainfo.ba\/wp-content\/uploads\/2025\/02\/Kampus-01-10-02-2025.jpg","width":1800,"height":1013},{"@type":"BreadcrumbList","@id":"https:\/\/tuzlainfo.ba\/index.php\/istaknuto\/item\/262467-izdvojeno-25-miliona-km-za-projekte-u-obrazovnim-ustanovama-u-tuzli\/#breadcrumb","itemListElement":[{"@type":"ListItem","position":1,"name":"Home","item":"https:\/\/tuzlainfo.ba\/"},{"@type":"ListItem","position":2,"name":"Izdvojeno 2,5 miliona KM za projekte u obrazovnim ustanovama u Tuzli"}]},{"@type":"WebSite","@id":"https:\/\/tuzlainfo.ba\/#website","url":"https:\/\/tuzlainfo.ba\/","name":"TuzlaInfo.ba","description":"Tuzla info, gradski informator - Tuzla na dlanu","publisher":{"@id":"https:\/\/tuzlainfo.ba\/#organization"},"potentialAction":[{"@type":"SearchAction","target":{"@type":"EntryPoint","urlTemplate":"https:\/\/tuzlainfo.ba\/?s={search_term_string}"},"query-input":{"@type":"PropertyValueSpecification","valueRequired":true,"valueName":"search_term_string"}}],"inLanguage":"bs-BA"},{"@type":"Organization","@id":"https:\/\/tuzlainfo.ba\/#organization","name":"TuzlaInfo.ba","url":"https:\/\/tuzlainfo.ba\/","logo":{"@type":"ImageObject","inLanguage":"bs-BA","@id":"https:\/\/tuzlainfo.ba\/#\/schema\/logo\/image\/","url":"https:\/\/tuzlainfo.ba\/wp-content\/uploads\/2021\/03\/logo-ver-3-1.png","contentUrl":"https:\/\/tuzlainfo.ba\/wp-content\/uploads\/2021\/03\/logo-ver-3-1.png","width":350,"height":95,"caption":"TuzlaInfo.ba"},"image":{"@id":"https:\/\/tuzlainfo.ba\/#\/schema\/logo\/image\/"},"sameAs":["https:\/\/www.facebook.com\/tuzlainfo.ba\/"]},{"@type":"Person","@id":"https:\/\/tuzlainfo.ba\/#\/schema\/person\/46cad4c57790cbc50781edd14870825a","name":"Tuzla Info","image":{"@type":"ImageObject","inLanguage":"bs-BA","@id":"https:\/\/tuzlainfo.ba\/#\/schema\/person\/image\/","url":"https:\/\/tuzlainfo.ba\/wp-content\/litespeed\/avatar\/b6c453a6c38e3654f2e4416c643fc25c.jpg?ver=1777656712","contentUrl":"https:\/\/tuzlainfo.ba\/wp-content\/litespeed\/avatar\/b6c453a6c38e3654f2e4416c643fc25c.jpg?ver=1777656712","caption":"Tuzla Info"}}]}},"_links":{"self":[{"href":"https:\/\/tuzlainfo.ba\/index.php\/wp-json\/wp\/v2\/posts\/262467"}],"collection":[{"href":"https:\/\/tuzlainfo.ba\/index.php\/wp-json\/wp\/v2\/posts"}],"about":[{"href":"https:\/\/tuzlainfo.ba\/index.php\/wp-json\/wp\/v2\/types\/post"}],"author":[{"embeddable":true,"href":"https:\/\/tuzlainfo.ba\/index.php\/wp-json\/wp\/v2\/users\/4"}],"replies":[{"embeddable":true,"href":"https:\/\/tuzlainfo.ba\/index.php\/wp-json\/wp\/v2\/comments?post=262467"}],"version-history":[{"count":1,"href":"https:\/\/tuzlainfo.ba\/index.php\/wp-json\/wp\/v2\/posts\/262467\/revisions"}],"predecessor-version":[{"id":262469,"href":"https:\/\/tuzlainfo.ba\/index.php\/wp-json\/wp\/v2\/posts\/262467\/revisions\/262469"}],"wp:featuredmedia":[{"embeddable":true,"href":"https:\/\/tuzlainfo.ba\/index.php\/wp-json\/wp\/v2\/media\/262468"}],"wp:attachment":[{"href":"https:\/\/tuzlainfo.ba\/index.php\/wp-json\/wp\/v2\/media?parent=262467"}],"wp:term":[{"taxonomy":"category","embeddable":true,"href":"https:\/\/tuzlainfo.ba\/index.php\/wp-json\/wp\/v2\/categories?post=262467"},{"taxonomy":"post_tag","embeddable":true,"href":"https:\/\/tuzlainfo.ba\/index.php\/wp-json\/wp\/v2\/tags?post=262467"}],"curies":[{"name":"wp","href":"https:\/\/api.w.org\/{rel}","templated":true}]}}