{"id":262384,"date":"2025-02-09T21:01:49","date_gmt":"2025-02-09T20:01:49","guid":{"rendered":"https:\/\/tuzlainfo.ba\/?p=262384"},"modified":"2025-02-10T21:07:09","modified_gmt":"2025-02-10T20:07:09","slug":"izmjene-u-fbih-koliko-ce-sada-iznositi-naknade-za-nezaposlene","status":"publish","type":"post","link":"https:\/\/tuzlainfo.ba\/index.php\/bosna-i-hercegovina\/item\/262384-izmjene-u-fbih-koliko-ce-sada-iznositi-naknade-za-nezaposlene\/","title":{"rendered":"Izmjene u FBiH: Koliko \u0107e sada iznositi naknade za nezaposlene?"},"content":{"rendered":"<p>Osobe koje u narednom periodu ostanu bez posla, a ne svojom krivicom, mogu o\u010dekivati vi\u0161i iznos naknade za nezaposlene.<\/p>\n<p>Naime, pove\u0107anjem minimalne plate na 1000 KM realno je o\u010dekivati rast prosje\u010dne plate u Federaciji BiH. Prema va\u017ee\u0107em zakonu, kao i prema novom Nacrtu Zakona o posredovanju u zapo\u0161ljavanju i socijalnoj sigurnosti nezaposlenih osoba, visina naknade za nezaposlene direktno zavisi od prosje\u010dne plate u Federaciji BiH.<\/p>\n<h3>Visina nov\u010dane naknade<\/h3>\n<p>Prema novom zakonu, nov\u010dana naknada iznosi 40% prosje\u010dne neto plate ispla\u0107ene u Federaciji BiH u posljednja tri mjeseca prije prestanka radnog odnosa.<\/p>\n<p>Trajanje naknade zavisi od du\u017eine radnog sta\u017ea. Osobe koje su radile najmanje osam mjeseci imaju pravo na naknadu u trajanju od dva mjeseca, dok se za one sa sta\u017eom od osam mjeseci do jedne godine naknada ispla\u0107uje tri mjeseca. Oni koji su radili od jedne do tri godine imaju pravo na naknadu u trajanju od \u010detiri mjeseca, dok \u0107e osobe sa sta\u017eom od tri do pet godina primati naknadu pet mjeseci.<\/p>\n<p>Za osobe koje su bile zaposlene od pet do deset godina naknada traje \u0161est mjeseci, dok se za one sa sta\u017eom od deset do petnaest godina ispla\u0107uje osam mjeseci. Oni koji su radili od petnaest do dvadeset godina imaju pravo na deset mjeseci naknade, dok \u0107e osobe sa sta\u017eom od dvadeset do dvadeset pet godina primati naknadu dvanaest mjeseci.<\/p>\n<p>Radnici sa sta\u017eom od dvadeset pet do trideset godina imaju pravo na petnaest mjeseci naknade, dok se za one koji su radili od trideset do trideset pet godina ispla\u0107uje osamnaest mjeseci. Osobe sa vi\u0161e od trideset pet godina radnog sta\u017ea imaju pravo na maksimalno trajanje naknade od dvadeset \u010detiri mjeseca.<\/p>\n<p><strong>PRO\u010cITAJTE I OVO: &gt;&gt;&gt;&gt;&gt;&gt;&gt;<\/strong><\/p>\n<p><span style=\"color: #ff0000;\"><strong><a style=\"color: #ff0000;\" href=\"https:\/\/tuzlainfo.ba\/index.php\/bosna-i-hercegovina\/item\/254013-novcana-naknada-za-nezaposlene-u-fbih-ko-ostvaruje-pravo-koliko-iznosi-i-kako-se-moze-obustaviti\/\">Nov\u010dana naknada za nezaposlene u FBiH: Ko ostvaruje pravo, koliko iznosi i kako se mo\u017ee obustaviti? &#8211; TuzlaInfo.ba<\/a><\/strong><\/span><\/p>\n<p><span style=\"color: #ff0000;\"><a style=\"color: #ff0000;\" href=\"https:\/\/tuzlainfo.ba\/index.php\/bosna-i-hercegovina\/item\/262346-novi-izracun-u-fbih-koliko-sada-iznosi-dobrovoljno-penziono-osiguranje\/\"><strong>Novi izra\u010dun u FBiH: Koliko sada iznosi dobrovoljno penziono osiguranje? &#8211; TuzlaInfo.ba<\/strong><\/a><\/span><\/p>\n<p>Nezaposlenoj osobi koja ima pravo na nov\u010danu naknadu mo\u017ee se, na njen zahtjev, isplatiti jednokratni iznos naknade. Ova opcija je dostupna ukoliko osoba planira samostalno pokrenuti biznis, osnovati privredno dru\u0161tvo ili obrt. Me\u0111utim, osoba koja dobije naknadu na ovakav na\u010din ne mo\u017ee se ponovo prijaviti slu\u017ebi za zapo\u0161ljavanje prije isteka perioda na koji je naknada dodijeljena.<\/p>\n<h3>Procedura za ostvarivanje prava na naknadu<\/h3>\n<p>Kako bi ostvarila pravo na naknadu, nezaposlena osoba mora podnijeti zahtjev u roku od 30 dana od prestanka radnog odnosa. Ukoliko osoba zbog opravdanih razloga, poput privremene nesposobnosti za rad, propusti ovaj rok, mo\u017ee podnijeti zahtjev u roku od 30 dana od prestanka razloga zbog kojeg je do\u0161lo do propu\u0161tanja roka.<\/p>\n<p>U skladu s novim zakonom, zdravstveno osiguranje nezaposlenoj osobi osigurava se prema propisima o zdravstvenom osiguranju. Penzijsko i invalidsko osiguranje obezbje\u0111uje se osobama kojima nedostaje do tri godine sta\u017ea za ostvarenje prava na starosnu penziju.<\/p>\n<p>Ove izmjene predstavljaju zna\u010dajan korak u unapre\u0111enju sistema socijalne sigurnosti nezaposlenih u Federaciji BiH.<strong>\/Tuzlainfo.ba\/<\/strong><\/p>\n","protected":false},"excerpt":{"rendered":"<p>Osobe koje u narednom periodu ostanu bez posla, a ne svojom krivicom, mogu o\u010dekivati vi\u0161i&hellip;<\/p>\n","protected":false},"author":2,"featured_media":63456,"comment_status":"closed","ping_status":"closed","sticky":false,"template":"","format":"standard","meta":{"_acf_changed":false,"footnotes":""},"categories":[291,304,306],"tags":[11857,7301],"acf":[],"yoast_head":"<!-- This site is optimized with the Yoast SEO plugin v23.5 - https:\/\/yoast.com\/wordpress\/plugins\/seo\/ -->\n<title>Izmjene u FBiH: Koliko \u0107e sada iznositi naknade za nezaposlene? - TuzlaInfo.ba<\/title>\n<meta name=\"robots\" content=\"index, follow, max-snippet:-1, max-image-preview:large, max-video-preview:-1\" \/>\n<link rel=\"canonical\" href=\"https:\/\/tuzlainfo.ba\/index.php\/bosna-i-hercegovina\/item\/262384-izmjene-u-fbih-koliko-ce-sada-iznositi-naknade-za-nezaposlene\/\" \/>\n<meta property=\"og:locale\" content=\"bs_BA\" \/>\n<meta property=\"og:type\" content=\"article\" \/>\n<meta property=\"og:title\" content=\"Izmjene u FBiH: Koliko \u0107e sada iznositi naknade za nezaposlene? - TuzlaInfo.ba\" \/>\n<meta property=\"og:description\" content=\"Osobe koje u narednom periodu ostanu bez posla, a ne svojom krivicom, mogu o\u010dekivati vi\u0161i&hellip;\" \/>\n<meta property=\"og:url\" content=\"https:\/\/tuzlainfo.ba\/index.php\/bosna-i-hercegovina\/item\/262384-izmjene-u-fbih-koliko-ce-sada-iznositi-naknade-za-nezaposlene\/\" \/>\n<meta property=\"og:site_name\" content=\"TuzlaInfo.ba\" \/>\n<meta property=\"article:publisher\" content=\"https:\/\/www.facebook.com\/tuzlainfo.ba\/\" \/>\n<meta property=\"article:published_time\" content=\"2025-02-09T20:01:49+00:00\" \/>\n<meta property=\"article:modified_time\" content=\"2025-02-10T20:07:09+00:00\" \/>\n<meta property=\"og:image\" content=\"https:\/\/tuzlainfo.ba\/wp-content\/uploads\/2018\/08\/sadrzaj_2018_20180801_1608_novac.jpg\" \/>\n\t<meta property=\"og:image:width\" content=\"770\" \/>\n\t<meta property=\"og:image:height\" content=\"513\" \/>\n\t<meta property=\"og:image:type\" content=\"image\/jpeg\" \/>\n<meta name=\"author\" content=\"nedim\" \/>\n<meta name=\"twitter:card\" content=\"summary_large_image\" \/>\n<meta name=\"twitter:label1\" content=\"Written by\" \/>\n\t<meta name=\"twitter:data1\" content=\"nedim\" \/>\n\t<meta name=\"twitter:label2\" content=\"Est. reading time\" \/>\n\t<meta name=\"twitter:data2\" content=\"3 minute\" \/>\n<script type=\"application\/ld+json\" class=\"yoast-schema-graph\">{\"@context\":\"https:\/\/schema.org\",\"@graph\":[{\"@type\":\"Article\",\"@id\":\"https:\/\/tuzlainfo.ba\/index.php\/bosna-i-hercegovina\/item\/262384-izmjene-u-fbih-koliko-ce-sada-iznositi-naknade-za-nezaposlene\/#article\",\"isPartOf\":{\"@id\":\"https:\/\/tuzlainfo.ba\/index.php\/bosna-i-hercegovina\/item\/262384-izmjene-u-fbih-koliko-ce-sada-iznositi-naknade-za-nezaposlene\/\"},\"author\":{\"name\":\"nedim\",\"@id\":\"https:\/\/tuzlainfo.ba\/#\/schema\/person\/f434e20dc27ea133923aab08451b7f7f\"},\"headline\":\"Izmjene u FBiH: Koliko \u0107e sada iznositi naknade za nezaposlene?\",\"datePublished\":\"2025-02-09T20:01:49+00:00\",\"dateModified\":\"2025-02-10T20:07:09+00:00\",\"mainEntityOfPage\":{\"@id\":\"https:\/\/tuzlainfo.ba\/index.php\/bosna-i-hercegovina\/item\/262384-izmjene-u-fbih-koliko-ce-sada-iznositi-naknade-za-nezaposlene\/\"},\"wordCount\":526,\"publisher\":{\"@id\":\"https:\/\/tuzlainfo.ba\/#organization\"},\"image\":{\"@id\":\"https:\/\/tuzlainfo.ba\/index.php\/bosna-i-hercegovina\/item\/262384-izmjene-u-fbih-koliko-ce-sada-iznositi-naknade-za-nezaposlene\/#primaryimage\"},\"thumbnailUrl\":\"https:\/\/tuzlainfo.ba\/wp-content\/uploads\/2018\/08\/sadrzaj_2018_20180801_1608_novac.jpg\",\"keywords\":[\"naknade za nezaposlene\",\"nezaposlene osobe\"],\"articleSection\":[\"Bosna i Hercegovina\",\"Istaknuto\",\"Preporu\u010dujemo\"],\"inLanguage\":\"bs-BA\"},{\"@type\":\"WebPage\",\"@id\":\"https:\/\/tuzlainfo.ba\/index.php\/bosna-i-hercegovina\/item\/262384-izmjene-u-fbih-koliko-ce-sada-iznositi-naknade-za-nezaposlene\/\",\"url\":\"https:\/\/tuzlainfo.ba\/index.php\/bosna-i-hercegovina\/item\/262384-izmjene-u-fbih-koliko-ce-sada-iznositi-naknade-za-nezaposlene\/\",\"name\":\"Izmjene u FBiH: Koliko \u0107e sada iznositi naknade za nezaposlene? - TuzlaInfo.ba\",\"isPartOf\":{\"@id\":\"https:\/\/tuzlainfo.ba\/#website\"},\"primaryImageOfPage\":{\"@id\":\"https:\/\/tuzlainfo.ba\/index.php\/bosna-i-hercegovina\/item\/262384-izmjene-u-fbih-koliko-ce-sada-iznositi-naknade-za-nezaposlene\/#primaryimage\"},\"image\":{\"@id\":\"https:\/\/tuzlainfo.ba\/index.php\/bosna-i-hercegovina\/item\/262384-izmjene-u-fbih-koliko-ce-sada-iznositi-naknade-za-nezaposlene\/#primaryimage\"},\"thumbnailUrl\":\"https:\/\/tuzlainfo.ba\/wp-content\/uploads\/2018\/08\/sadrzaj_2018_20180801_1608_novac.jpg\",\"datePublished\":\"2025-02-09T20:01:49+00:00\",\"dateModified\":\"2025-02-10T20:07:09+00:00\",\"breadcrumb\":{\"@id\":\"https:\/\/tuzlainfo.ba\/index.php\/bosna-i-hercegovina\/item\/262384-izmjene-u-fbih-koliko-ce-sada-iznositi-naknade-za-nezaposlene\/#breadcrumb\"},\"inLanguage\":\"bs-BA\",\"potentialAction\":[{\"@type\":\"ReadAction\",\"target\":[\"https:\/\/tuzlainfo.ba\/index.php\/bosna-i-hercegovina\/item\/262384-izmjene-u-fbih-koliko-ce-sada-iznositi-naknade-za-nezaposlene\/\"]}]},{\"@type\":\"ImageObject\",\"inLanguage\":\"bs-BA\",\"@id\":\"https:\/\/tuzlainfo.ba\/index.php\/bosna-i-hercegovina\/item\/262384-izmjene-u-fbih-koliko-ce-sada-iznositi-naknade-za-nezaposlene\/#primaryimage\",\"url\":\"https:\/\/tuzlainfo.ba\/wp-content\/uploads\/2018\/08\/sadrzaj_2018_20180801_1608_novac.jpg\",\"contentUrl\":\"https:\/\/tuzlainfo.ba\/wp-content\/uploads\/2018\/08\/sadrzaj_2018_20180801_1608_novac.jpg\",\"width\":770,\"height\":513,\"caption\":\"1608 novac\"},{\"@type\":\"BreadcrumbList\",\"@id\":\"https:\/\/tuzlainfo.ba\/index.php\/bosna-i-hercegovina\/item\/262384-izmjene-u-fbih-koliko-ce-sada-iznositi-naknade-za-nezaposlene\/#breadcrumb\",\"itemListElement\":[{\"@type\":\"ListItem\",\"position\":1,\"name\":\"Home\",\"item\":\"https:\/\/tuzlainfo.ba\/\"},{\"@type\":\"ListItem\",\"position\":2,\"name\":\"Izmjene u FBiH: Koliko \u0107e sada iznositi naknade za nezaposlene?\"}]},{\"@type\":\"WebSite\",\"@id\":\"https:\/\/tuzlainfo.ba\/#website\",\"url\":\"https:\/\/tuzlainfo.ba\/\",\"name\":\"TuzlaInfo.ba\",\"description\":\"Tuzla info, gradski informator - Tuzla na dlanu\",\"publisher\":{\"@id\":\"https:\/\/tuzlainfo.ba\/#organization\"},\"potentialAction\":[{\"@type\":\"SearchAction\",\"target\":{\"@type\":\"EntryPoint\",\"urlTemplate\":\"https:\/\/tuzlainfo.ba\/?s={search_term_string}\"},\"query-input\":{\"@type\":\"PropertyValueSpecification\",\"valueRequired\":true,\"valueName\":\"search_term_string\"}}],\"inLanguage\":\"bs-BA\"},{\"@type\":\"Organization\",\"@id\":\"https:\/\/tuzlainfo.ba\/#organization\",\"name\":\"TuzlaInfo.ba\",\"url\":\"https:\/\/tuzlainfo.ba\/\",\"logo\":{\"@type\":\"ImageObject\",\"inLanguage\":\"bs-BA\",\"@id\":\"https:\/\/tuzlainfo.ba\/#\/schema\/logo\/image\/\",\"url\":\"https:\/\/tuzlainfo.ba\/wp-content\/uploads\/2021\/03\/logo-ver-3-1.png\",\"contentUrl\":\"https:\/\/tuzlainfo.ba\/wp-content\/uploads\/2021\/03\/logo-ver-3-1.png\",\"width\":350,\"height\":95,\"caption\":\"TuzlaInfo.ba\"},\"image\":{\"@id\":\"https:\/\/tuzlainfo.ba\/#\/schema\/logo\/image\/\"},\"sameAs\":[\"https:\/\/www.facebook.com\/tuzlainfo.ba\/\"]},{\"@type\":\"Person\",\"@id\":\"https:\/\/tuzlainfo.ba\/#\/schema\/person\/f434e20dc27ea133923aab08451b7f7f\",\"name\":\"nedim\",\"image\":{\"@type\":\"ImageObject\",\"inLanguage\":\"bs-BA\",\"@id\":\"https:\/\/tuzlainfo.ba\/#\/schema\/person\/image\/\",\"url\":\"https:\/\/tuzlainfo.ba\/wp-content\/litespeed\/avatar\/aabad687af24844af817603ac1cbdc4f.jpg?ver=1777306975\",\"contentUrl\":\"https:\/\/tuzlainfo.ba\/wp-content\/litespeed\/avatar\/aabad687af24844af817603ac1cbdc4f.jpg?ver=1777306975\",\"caption\":\"nedim\"},\"description\":\"Tuzlainfo.ba pratite na dru\u0161tvenim mre\u017eama: Facebook, Instagram i Youtube. Svoje pri\u010de, upite i fotografije \u0161aljite na na\u0161u e-mail adresu.\"}]}<\/script>\n<!-- \/ Yoast SEO plugin. -->","yoast_head_json":{"title":"Izmjene u FBiH: Koliko \u0107e sada iznositi naknade za nezaposlene? - TuzlaInfo.ba","robots":{"index":"index","follow":"follow","max-snippet":"max-snippet:-1","max-image-preview":"max-image-preview:large","max-video-preview":"max-video-preview:-1"},"canonical":"https:\/\/tuzlainfo.ba\/index.php\/bosna-i-hercegovina\/item\/262384-izmjene-u-fbih-koliko-ce-sada-iznositi-naknade-za-nezaposlene\/","og_locale":"bs_BA","og_type":"article","og_title":"Izmjene u FBiH: Koliko \u0107e sada iznositi naknade za nezaposlene? - TuzlaInfo.ba","og_description":"Osobe koje u narednom periodu ostanu bez posla, a ne svojom krivicom, mogu o\u010dekivati vi\u0161i&hellip;","og_url":"https:\/\/tuzlainfo.ba\/index.php\/bosna-i-hercegovina\/item\/262384-izmjene-u-fbih-koliko-ce-sada-iznositi-naknade-za-nezaposlene\/","og_site_name":"TuzlaInfo.ba","article_publisher":"https:\/\/www.facebook.com\/tuzlainfo.ba\/","article_published_time":"2025-02-09T20:01:49+00:00","article_modified_time":"2025-02-10T20:07:09+00:00","og_image":[{"width":770,"height":513,"url":"https:\/\/tuzlainfo.ba\/wp-content\/uploads\/2018\/08\/sadrzaj_2018_20180801_1608_novac.jpg","type":"image\/jpeg"}],"author":"nedim","twitter_card":"summary_large_image","twitter_misc":{"Written by":"nedim","Est. reading time":"3 minute"},"schema":{"@context":"https:\/\/schema.org","@graph":[{"@type":"Article","@id":"https:\/\/tuzlainfo.ba\/index.php\/bosna-i-hercegovina\/item\/262384-izmjene-u-fbih-koliko-ce-sada-iznositi-naknade-za-nezaposlene\/#article","isPartOf":{"@id":"https:\/\/tuzlainfo.ba\/index.php\/bosna-i-hercegovina\/item\/262384-izmjene-u-fbih-koliko-ce-sada-iznositi-naknade-za-nezaposlene\/"},"author":{"name":"nedim","@id":"https:\/\/tuzlainfo.ba\/#\/schema\/person\/f434e20dc27ea133923aab08451b7f7f"},"headline":"Izmjene u FBiH: Koliko \u0107e sada iznositi naknade za nezaposlene?","datePublished":"2025-02-09T20:01:49+00:00","dateModified":"2025-02-10T20:07:09+00:00","mainEntityOfPage":{"@id":"https:\/\/tuzlainfo.ba\/index.php\/bosna-i-hercegovina\/item\/262384-izmjene-u-fbih-koliko-ce-sada-iznositi-naknade-za-nezaposlene\/"},"wordCount":526,"publisher":{"@id":"https:\/\/tuzlainfo.ba\/#organization"},"image":{"@id":"https:\/\/tuzlainfo.ba\/index.php\/bosna-i-hercegovina\/item\/262384-izmjene-u-fbih-koliko-ce-sada-iznositi-naknade-za-nezaposlene\/#primaryimage"},"thumbnailUrl":"https:\/\/tuzlainfo.ba\/wp-content\/uploads\/2018\/08\/sadrzaj_2018_20180801_1608_novac.jpg","keywords":["naknade za nezaposlene","nezaposlene osobe"],"articleSection":["Bosna i Hercegovina","Istaknuto","Preporu\u010dujemo"],"inLanguage":"bs-BA"},{"@type":"WebPage","@id":"https:\/\/tuzlainfo.ba\/index.php\/bosna-i-hercegovina\/item\/262384-izmjene-u-fbih-koliko-ce-sada-iznositi-naknade-za-nezaposlene\/","url":"https:\/\/tuzlainfo.ba\/index.php\/bosna-i-hercegovina\/item\/262384-izmjene-u-fbih-koliko-ce-sada-iznositi-naknade-za-nezaposlene\/","name":"Izmjene u FBiH: Koliko \u0107e sada iznositi naknade za nezaposlene? - TuzlaInfo.ba","isPartOf":{"@id":"https:\/\/tuzlainfo.ba\/#website"},"primaryImageOfPage":{"@id":"https:\/\/tuzlainfo.ba\/index.php\/bosna-i-hercegovina\/item\/262384-izmjene-u-fbih-koliko-ce-sada-iznositi-naknade-za-nezaposlene\/#primaryimage"},"image":{"@id":"https:\/\/tuzlainfo.ba\/index.php\/bosna-i-hercegovina\/item\/262384-izmjene-u-fbih-koliko-ce-sada-iznositi-naknade-za-nezaposlene\/#primaryimage"},"thumbnailUrl":"https:\/\/tuzlainfo.ba\/wp-content\/uploads\/2018\/08\/sadrzaj_2018_20180801_1608_novac.jpg","datePublished":"2025-02-09T20:01:49+00:00","dateModified":"2025-02-10T20:07:09+00:00","breadcrumb":{"@id":"https:\/\/tuzlainfo.ba\/index.php\/bosna-i-hercegovina\/item\/262384-izmjene-u-fbih-koliko-ce-sada-iznositi-naknade-za-nezaposlene\/#breadcrumb"},"inLanguage":"bs-BA","potentialAction":[{"@type":"ReadAction","target":["https:\/\/tuzlainfo.ba\/index.php\/bosna-i-hercegovina\/item\/262384-izmjene-u-fbih-koliko-ce-sada-iznositi-naknade-za-nezaposlene\/"]}]},{"@type":"ImageObject","inLanguage":"bs-BA","@id":"https:\/\/tuzlainfo.ba\/index.php\/bosna-i-hercegovina\/item\/262384-izmjene-u-fbih-koliko-ce-sada-iznositi-naknade-za-nezaposlene\/#primaryimage","url":"https:\/\/tuzlainfo.ba\/wp-content\/uploads\/2018\/08\/sadrzaj_2018_20180801_1608_novac.jpg","contentUrl":"https:\/\/tuzlainfo.ba\/wp-content\/uploads\/2018\/08\/sadrzaj_2018_20180801_1608_novac.jpg","width":770,"height":513,"caption":"1608 novac"},{"@type":"BreadcrumbList","@id":"https:\/\/tuzlainfo.ba\/index.php\/bosna-i-hercegovina\/item\/262384-izmjene-u-fbih-koliko-ce-sada-iznositi-naknade-za-nezaposlene\/#breadcrumb","itemListElement":[{"@type":"ListItem","position":1,"name":"Home","item":"https:\/\/tuzlainfo.ba\/"},{"@type":"ListItem","position":2,"name":"Izmjene u FBiH: Koliko \u0107e sada iznositi naknade za nezaposlene?"}]},{"@type":"WebSite","@id":"https:\/\/tuzlainfo.ba\/#website","url":"https:\/\/tuzlainfo.ba\/","name":"TuzlaInfo.ba","description":"Tuzla info, gradski informator - Tuzla na dlanu","publisher":{"@id":"https:\/\/tuzlainfo.ba\/#organization"},"potentialAction":[{"@type":"SearchAction","target":{"@type":"EntryPoint","urlTemplate":"https:\/\/tuzlainfo.ba\/?s={search_term_string}"},"query-input":{"@type":"PropertyValueSpecification","valueRequired":true,"valueName":"search_term_string"}}],"inLanguage":"bs-BA"},{"@type":"Organization","@id":"https:\/\/tuzlainfo.ba\/#organization","name":"TuzlaInfo.ba","url":"https:\/\/tuzlainfo.ba\/","logo":{"@type":"ImageObject","inLanguage":"bs-BA","@id":"https:\/\/tuzlainfo.ba\/#\/schema\/logo\/image\/","url":"https:\/\/tuzlainfo.ba\/wp-content\/uploads\/2021\/03\/logo-ver-3-1.png","contentUrl":"https:\/\/tuzlainfo.ba\/wp-content\/uploads\/2021\/03\/logo-ver-3-1.png","width":350,"height":95,"caption":"TuzlaInfo.ba"},"image":{"@id":"https:\/\/tuzlainfo.ba\/#\/schema\/logo\/image\/"},"sameAs":["https:\/\/www.facebook.com\/tuzlainfo.ba\/"]},{"@type":"Person","@id":"https:\/\/tuzlainfo.ba\/#\/schema\/person\/f434e20dc27ea133923aab08451b7f7f","name":"nedim","image":{"@type":"ImageObject","inLanguage":"bs-BA","@id":"https:\/\/tuzlainfo.ba\/#\/schema\/person\/image\/","url":"https:\/\/tuzlainfo.ba\/wp-content\/litespeed\/avatar\/aabad687af24844af817603ac1cbdc4f.jpg?ver=1777306975","contentUrl":"https:\/\/tuzlainfo.ba\/wp-content\/litespeed\/avatar\/aabad687af24844af817603ac1cbdc4f.jpg?ver=1777306975","caption":"nedim"},"description":"Tuzlainfo.ba pratite na dru\u0161tvenim mre\u017eama: Facebook, Instagram i Youtube. Svoje pri\u010de, upite i fotografije \u0161aljite na na\u0161u e-mail adresu."}]}},"_links":{"self":[{"href":"https:\/\/tuzlainfo.ba\/index.php\/wp-json\/wp\/v2\/posts\/262384"}],"collection":[{"href":"https:\/\/tuzlainfo.ba\/index.php\/wp-json\/wp\/v2\/posts"}],"about":[{"href":"https:\/\/tuzlainfo.ba\/index.php\/wp-json\/wp\/v2\/types\/post"}],"author":[{"embeddable":true,"href":"https:\/\/tuzlainfo.ba\/index.php\/wp-json\/wp\/v2\/users\/2"}],"replies":[{"embeddable":true,"href":"https:\/\/tuzlainfo.ba\/index.php\/wp-json\/wp\/v2\/comments?post=262384"}],"version-history":[{"count":1,"href":"https:\/\/tuzlainfo.ba\/index.php\/wp-json\/wp\/v2\/posts\/262384\/revisions"}],"predecessor-version":[{"id":262386,"href":"https:\/\/tuzlainfo.ba\/index.php\/wp-json\/wp\/v2\/posts\/262384\/revisions\/262386"}],"wp:featuredmedia":[{"embeddable":true,"href":"https:\/\/tuzlainfo.ba\/index.php\/wp-json\/wp\/v2\/media\/63456"}],"wp:attachment":[{"href":"https:\/\/tuzlainfo.ba\/index.php\/wp-json\/wp\/v2\/media?parent=262384"}],"wp:term":[{"taxonomy":"category","embeddable":true,"href":"https:\/\/tuzlainfo.ba\/index.php\/wp-json\/wp\/v2\/categories?post=262384"},{"taxonomy":"post_tag","embeddable":true,"href":"https:\/\/tuzlainfo.ba\/index.php\/wp-json\/wp\/v2\/tags?post=262384"}],"curies":[{"name":"wp","href":"https:\/\/api.w.org\/{rel}","templated":true}]}}