{"id":262361,"date":"2025-02-09T17:01:42","date_gmt":"2025-02-09T16:01:42","guid":{"rendered":"https:\/\/tuzlainfo.ba\/?p=262361"},"modified":"2025-02-09T14:00:23","modified_gmt":"2025-02-09T13:00:23","slug":"izvoz-iz-bih-napokon-poceo-rasti-na-koje-trziste-ide-najvise-robe","status":"publish","type":"post","link":"https:\/\/tuzlainfo.ba\/index.php\/bosna-i-hercegovina\/item\/262361-izvoz-iz-bih-napokon-poceo-rasti-na-koje-trziste-ide-najvise-robe\/","title":{"rendered":"Izvoz iz BiH napokon po\u010deo rasti, na koje tr\u017ei\u0161te ide najvi\u0161e robe?"},"content":{"rendered":"<p>Izvoz iz Bosne i Hercegovine napokon je po\u010deo rasti.<\/p>\n<p>Barem tako pokazuju podaci Uprave za indirektno oporezivanje BiH (UIO BiH), u kojima se vidi da je izvoz iz BiH u januaru ove godine iznosio 1,259 milijardi KM.<\/p>\n<p>U istom periodu pro\u0161le godine izvoz je iznosio 1,212 milijardi KM, dok je u januaru 2023. godine bio 1,460 milijardi KM.<\/p>\n<p>Sa druge strane, i uvoz u Bosnu i Hercegovinu po\u010deo je da raste.<\/p>\n<p>Tako je u prvom mjesecu ove godine uvoz iznosio 2,213 milijardi KM, dok je u istom periodu pro\u0161le godine bio 2,041 milijardu KM.<\/p>\n<p>U januaru 2023. godine uvoz u BiH iznosio je 2,088 milijardi KM, pi\u0161u Nezavisne novine.<\/p>\n<p>Prema podacima UIO BiH, u prvom mjesecu ove godine najvi\u0161e je izvezeno elektri\u010dnih ma\u0161ina i opreme i njihovih dijelova, aparata za snimanje ili reprodukciju zvuka, televizijskih aparata za snimanje ili reprodukciju slike i zvuka i dijelova i pribora za te proizvode za oko 131 miliona KM.<\/p>\n<p>Dalje je izvezeno nuklearnih reaktora, kotlova, ma\u0161ina te aparata i mehani\u010dkih ure\u0111aja i njihovih dijelova za 106 miliona KM, pa mineralnih goriva, mineralnih ulja i proizvoda njihove destilacije, bitumenskih materija i mineralnih voskova za 102 miliona KM.<\/p>\n<p>\u0160to se ti\u010de uvoza, u prvom mjesecu ove godine najvi\u0161e je uvezeno mineralnih goriva, mineralnih ulja i proizvoda njihove destilacije; bitumenskih materija i mineralnih voskova za oko 336 miliona KM.<\/p>\n<p>Slijedi uvoz nuklearnih reaktora, kotlova, ma\u0161ina te aparata i mehani\u010dkih ure\u0111aja i njihovih dijelova za oko 187 miliona KM, te \u0161inskih vozila i njihovih dijelova, kolosje\u010dnih sklopova i pribora i njihovih dijelova, mehani\u010dke i elektromehani\u010dke saobra\u0107ajne signalne opreme svih vrsta za iznos od oko 158 miliona KM.<\/p>\n<p>Kada su u pitanju dr\u017eave, najvi\u0161e je u januaru plasirano robe u Hrvatsku za oko 205 miliona KM, pa u Njema\u010dku za 194 miliona KM, Srbiju 137 miliona KM, Austriju 125 miliona KM i Sloveniju za 116 miliona KM.<\/p>\n<p>Kada je u pitanju uvoz, najvi\u0161e proizvoda uvezli smo iz zemlje u koju smo i izvozili &#8211; Hrvatske i to za oko 433 miliona KM.<\/p>\n<p>Nakon Hrvatske, slijedi uvoz iz Srbije za 277 miliona KM, pa Slovenije za 189 miliona KM, Njema\u010dke za 174 miliona KM i Italije za 153 miliona KM.<\/p>\n<p>Ekonomista Igor Gavran smatra da je do pove\u0107anja izvoza do\u0161lo mo\u017eda i zbog poskupljenja na\u0161ih proizvoda na inostranom tr\u017ei\u0161tu, ali i malog oporavka bh. izvoza.<\/p>\n<p>&#8220;Mislim da je i jedno i drugo u pitanju, a s obzirom na strukturu na\u0161eg izvoza, ve\u0107 blagi rast izvoza jednog proizvoda kao, recimo, elektri\u010dne energije mo\u017ee trenutno promijeniti sliku, iako se su\u0161tina ne mijenja. Inflacija se tako\u0111er vra\u0107a kao problem. Mislim da je jo\u0161 rano za neke dugoro\u010dnije zaklju\u010dke, pa treba vidjeti kakav \u0107e biti trend dalje&#8221;, naglasio je Gavran za &#8220;Nezavisne novine&#8221;.<\/p>\n","protected":false},"excerpt":{"rendered":"<p>Izvoz iz Bosne i Hercegovine napokon je po\u010deo rasti. Barem tako pokazuju podaci Uprave za&hellip;<\/p>\n","protected":false},"author":2,"featured_media":65695,"comment_status":"closed","ping_status":"closed","sticky":false,"template":"","format":"standard","meta":{"_acf_changed":false,"footnotes":""},"categories":[291,304],"tags":[1818],"acf":[],"yoast_head":"<!-- This site is optimized with the Yoast SEO plugin v23.5 - https:\/\/yoast.com\/wordpress\/plugins\/seo\/ -->\n<title>Izvoz iz BiH napokon po\u010deo rasti, na koje tr\u017ei\u0161te ide najvi\u0161e robe? - TuzlaInfo.ba<\/title>\n<meta name=\"robots\" content=\"index, follow, max-snippet:-1, max-image-preview:large, max-video-preview:-1\" \/>\n<link rel=\"canonical\" href=\"https:\/\/tuzlainfo.ba\/index.php\/bosna-i-hercegovina\/item\/262361-izvoz-iz-bih-napokon-poceo-rasti-na-koje-trziste-ide-najvise-robe\/\" \/>\n<meta property=\"og:locale\" content=\"bs_BA\" \/>\n<meta property=\"og:type\" content=\"article\" \/>\n<meta property=\"og:title\" content=\"Izvoz iz BiH napokon po\u010deo rasti, na koje tr\u017ei\u0161te ide najvi\u0161e robe? - TuzlaInfo.ba\" \/>\n<meta property=\"og:description\" content=\"Izvoz iz Bosne i Hercegovine napokon je po\u010deo rasti. Barem tako pokazuju podaci Uprave za&hellip;\" \/>\n<meta property=\"og:url\" content=\"https:\/\/tuzlainfo.ba\/index.php\/bosna-i-hercegovina\/item\/262361-izvoz-iz-bih-napokon-poceo-rasti-na-koje-trziste-ide-najvise-robe\/\" \/>\n<meta property=\"og:site_name\" content=\"TuzlaInfo.ba\" \/>\n<meta property=\"article:publisher\" content=\"https:\/\/www.facebook.com\/tuzlainfo.ba\/\" \/>\n<meta property=\"article:published_time\" content=\"2025-02-09T16:01:42+00:00\" \/>\n<meta property=\"article:modified_time\" content=\"2025-02-09T13:00:23+00:00\" \/>\n<meta property=\"og:image\" content=\"https:\/\/tuzlainfo.ba\/wp-content\/uploads\/2018\/11\/sadrzaj_2018_20181101_221_izvoz.jpg\" \/>\n\t<meta property=\"og:image:width\" content=\"770\" \/>\n\t<meta property=\"og:image:height\" content=\"419\" \/>\n\t<meta property=\"og:image:type\" content=\"image\/jpeg\" \/>\n<meta name=\"author\" content=\"nedim\" \/>\n<meta name=\"twitter:card\" content=\"summary_large_image\" \/>\n<meta name=\"twitter:label1\" content=\"Written by\" \/>\n\t<meta name=\"twitter:data1\" content=\"nedim\" \/>\n\t<meta name=\"twitter:label2\" content=\"Est. reading time\" \/>\n\t<meta name=\"twitter:data2\" content=\"3 minute\" \/>\n<script type=\"application\/ld+json\" class=\"yoast-schema-graph\">{\"@context\":\"https:\/\/schema.org\",\"@graph\":[{\"@type\":\"Article\",\"@id\":\"https:\/\/tuzlainfo.ba\/index.php\/bosna-i-hercegovina\/item\/262361-izvoz-iz-bih-napokon-poceo-rasti-na-koje-trziste-ide-najvise-robe\/#article\",\"isPartOf\":{\"@id\":\"https:\/\/tuzlainfo.ba\/index.php\/bosna-i-hercegovina\/item\/262361-izvoz-iz-bih-napokon-poceo-rasti-na-koje-trziste-ide-najvise-robe\/\"},\"author\":{\"name\":\"nedim\",\"@id\":\"https:\/\/tuzlainfo.ba\/#\/schema\/person\/f434e20dc27ea133923aab08451b7f7f\"},\"headline\":\"Izvoz iz BiH napokon po\u010deo rasti, na koje tr\u017ei\u0161te ide najvi\u0161e robe?\",\"datePublished\":\"2025-02-09T16:01:42+00:00\",\"dateModified\":\"2025-02-09T13:00:23+00:00\",\"mainEntityOfPage\":{\"@id\":\"https:\/\/tuzlainfo.ba\/index.php\/bosna-i-hercegovina\/item\/262361-izvoz-iz-bih-napokon-poceo-rasti-na-koje-trziste-ide-najvise-robe\/\"},\"wordCount\":480,\"publisher\":{\"@id\":\"https:\/\/tuzlainfo.ba\/#organization\"},\"image\":{\"@id\":\"https:\/\/tuzlainfo.ba\/index.php\/bosna-i-hercegovina\/item\/262361-izvoz-iz-bih-napokon-poceo-rasti-na-koje-trziste-ide-najvise-robe\/#primaryimage\"},\"thumbnailUrl\":\"https:\/\/tuzlainfo.ba\/wp-content\/uploads\/2018\/11\/sadrzaj_2018_20181101_221_izvoz.jpg\",\"keywords\":[\"izvoz\"],\"articleSection\":[\"Bosna i Hercegovina\",\"Istaknuto\"],\"inLanguage\":\"bs-BA\"},{\"@type\":\"WebPage\",\"@id\":\"https:\/\/tuzlainfo.ba\/index.php\/bosna-i-hercegovina\/item\/262361-izvoz-iz-bih-napokon-poceo-rasti-na-koje-trziste-ide-najvise-robe\/\",\"url\":\"https:\/\/tuzlainfo.ba\/index.php\/bosna-i-hercegovina\/item\/262361-izvoz-iz-bih-napokon-poceo-rasti-na-koje-trziste-ide-najvise-robe\/\",\"name\":\"Izvoz iz BiH napokon po\u010deo rasti, na koje tr\u017ei\u0161te ide najvi\u0161e robe? - TuzlaInfo.ba\",\"isPartOf\":{\"@id\":\"https:\/\/tuzlainfo.ba\/#website\"},\"primaryImageOfPage\":{\"@id\":\"https:\/\/tuzlainfo.ba\/index.php\/bosna-i-hercegovina\/item\/262361-izvoz-iz-bih-napokon-poceo-rasti-na-koje-trziste-ide-najvise-robe\/#primaryimage\"},\"image\":{\"@id\":\"https:\/\/tuzlainfo.ba\/index.php\/bosna-i-hercegovina\/item\/262361-izvoz-iz-bih-napokon-poceo-rasti-na-koje-trziste-ide-najvise-robe\/#primaryimage\"},\"thumbnailUrl\":\"https:\/\/tuzlainfo.ba\/wp-content\/uploads\/2018\/11\/sadrzaj_2018_20181101_221_izvoz.jpg\",\"datePublished\":\"2025-02-09T16:01:42+00:00\",\"dateModified\":\"2025-02-09T13:00:23+00:00\",\"breadcrumb\":{\"@id\":\"https:\/\/tuzlainfo.ba\/index.php\/bosna-i-hercegovina\/item\/262361-izvoz-iz-bih-napokon-poceo-rasti-na-koje-trziste-ide-najvise-robe\/#breadcrumb\"},\"inLanguage\":\"bs-BA\",\"potentialAction\":[{\"@type\":\"ReadAction\",\"target\":[\"https:\/\/tuzlainfo.ba\/index.php\/bosna-i-hercegovina\/item\/262361-izvoz-iz-bih-napokon-poceo-rasti-na-koje-trziste-ide-najvise-robe\/\"]}]},{\"@type\":\"ImageObject\",\"inLanguage\":\"bs-BA\",\"@id\":\"https:\/\/tuzlainfo.ba\/index.php\/bosna-i-hercegovina\/item\/262361-izvoz-iz-bih-napokon-poceo-rasti-na-koje-trziste-ide-najvise-robe\/#primaryimage\",\"url\":\"https:\/\/tuzlainfo.ba\/wp-content\/uploads\/2018\/11\/sadrzaj_2018_20181101_221_izvoz.jpg\",\"contentUrl\":\"https:\/\/tuzlainfo.ba\/wp-content\/uploads\/2018\/11\/sadrzaj_2018_20181101_221_izvoz.jpg\",\"width\":770,\"height\":419,\"caption\":\"221 izvoz\"},{\"@type\":\"BreadcrumbList\",\"@id\":\"https:\/\/tuzlainfo.ba\/index.php\/bosna-i-hercegovina\/item\/262361-izvoz-iz-bih-napokon-poceo-rasti-na-koje-trziste-ide-najvise-robe\/#breadcrumb\",\"itemListElement\":[{\"@type\":\"ListItem\",\"position\":1,\"name\":\"Home\",\"item\":\"https:\/\/tuzlainfo.ba\/\"},{\"@type\":\"ListItem\",\"position\":2,\"name\":\"Izvoz iz BiH napokon po\u010deo rasti, na koje tr\u017ei\u0161te ide najvi\u0161e robe?\"}]},{\"@type\":\"WebSite\",\"@id\":\"https:\/\/tuzlainfo.ba\/#website\",\"url\":\"https:\/\/tuzlainfo.ba\/\",\"name\":\"TuzlaInfo.ba\",\"description\":\"Tuzla info, gradski informator - Tuzla na dlanu\",\"publisher\":{\"@id\":\"https:\/\/tuzlainfo.ba\/#organization\"},\"potentialAction\":[{\"@type\":\"SearchAction\",\"target\":{\"@type\":\"EntryPoint\",\"urlTemplate\":\"https:\/\/tuzlainfo.ba\/?s={search_term_string}\"},\"query-input\":{\"@type\":\"PropertyValueSpecification\",\"valueRequired\":true,\"valueName\":\"search_term_string\"}}],\"inLanguage\":\"bs-BA\"},{\"@type\":\"Organization\",\"@id\":\"https:\/\/tuzlainfo.ba\/#organization\",\"name\":\"TuzlaInfo.ba\",\"url\":\"https:\/\/tuzlainfo.ba\/\",\"logo\":{\"@type\":\"ImageObject\",\"inLanguage\":\"bs-BA\",\"@id\":\"https:\/\/tuzlainfo.ba\/#\/schema\/logo\/image\/\",\"url\":\"https:\/\/tuzlainfo.ba\/wp-content\/uploads\/2021\/03\/logo-ver-3-1.png\",\"contentUrl\":\"https:\/\/tuzlainfo.ba\/wp-content\/uploads\/2021\/03\/logo-ver-3-1.png\",\"width\":350,\"height\":95,\"caption\":\"TuzlaInfo.ba\"},\"image\":{\"@id\":\"https:\/\/tuzlainfo.ba\/#\/schema\/logo\/image\/\"},\"sameAs\":[\"https:\/\/www.facebook.com\/tuzlainfo.ba\/\"]},{\"@type\":\"Person\",\"@id\":\"https:\/\/tuzlainfo.ba\/#\/schema\/person\/f434e20dc27ea133923aab08451b7f7f\",\"name\":\"nedim\",\"image\":{\"@type\":\"ImageObject\",\"inLanguage\":\"bs-BA\",\"@id\":\"https:\/\/tuzlainfo.ba\/#\/schema\/person\/image\/\",\"url\":\"https:\/\/tuzlainfo.ba\/wp-content\/litespeed\/avatar\/aabad687af24844af817603ac1cbdc4f.jpg?ver=1776702173\",\"contentUrl\":\"https:\/\/tuzlainfo.ba\/wp-content\/litespeed\/avatar\/aabad687af24844af817603ac1cbdc4f.jpg?ver=1776702173\",\"caption\":\"nedim\"},\"description\":\"Tuzlainfo.ba pratite na dru\u0161tvenim mre\u017eama: Facebook, Instagram i Youtube. Svoje pri\u010de, upite i fotografije \u0161aljite na na\u0161u e-mail adresu.\"}]}<\/script>\n<!-- \/ Yoast SEO plugin. -->","yoast_head_json":{"title":"Izvoz iz BiH napokon po\u010deo rasti, na koje tr\u017ei\u0161te ide najvi\u0161e robe? - TuzlaInfo.ba","robots":{"index":"index","follow":"follow","max-snippet":"max-snippet:-1","max-image-preview":"max-image-preview:large","max-video-preview":"max-video-preview:-1"},"canonical":"https:\/\/tuzlainfo.ba\/index.php\/bosna-i-hercegovina\/item\/262361-izvoz-iz-bih-napokon-poceo-rasti-na-koje-trziste-ide-najvise-robe\/","og_locale":"bs_BA","og_type":"article","og_title":"Izvoz iz BiH napokon po\u010deo rasti, na koje tr\u017ei\u0161te ide najvi\u0161e robe? - TuzlaInfo.ba","og_description":"Izvoz iz Bosne i Hercegovine napokon je po\u010deo rasti. Barem tako pokazuju podaci Uprave za&hellip;","og_url":"https:\/\/tuzlainfo.ba\/index.php\/bosna-i-hercegovina\/item\/262361-izvoz-iz-bih-napokon-poceo-rasti-na-koje-trziste-ide-najvise-robe\/","og_site_name":"TuzlaInfo.ba","article_publisher":"https:\/\/www.facebook.com\/tuzlainfo.ba\/","article_published_time":"2025-02-09T16:01:42+00:00","article_modified_time":"2025-02-09T13:00:23+00:00","og_image":[{"width":770,"height":419,"url":"https:\/\/tuzlainfo.ba\/wp-content\/uploads\/2018\/11\/sadrzaj_2018_20181101_221_izvoz.jpg","type":"image\/jpeg"}],"author":"nedim","twitter_card":"summary_large_image","twitter_misc":{"Written by":"nedim","Est. reading time":"3 minute"},"schema":{"@context":"https:\/\/schema.org","@graph":[{"@type":"Article","@id":"https:\/\/tuzlainfo.ba\/index.php\/bosna-i-hercegovina\/item\/262361-izvoz-iz-bih-napokon-poceo-rasti-na-koje-trziste-ide-najvise-robe\/#article","isPartOf":{"@id":"https:\/\/tuzlainfo.ba\/index.php\/bosna-i-hercegovina\/item\/262361-izvoz-iz-bih-napokon-poceo-rasti-na-koje-trziste-ide-najvise-robe\/"},"author":{"name":"nedim","@id":"https:\/\/tuzlainfo.ba\/#\/schema\/person\/f434e20dc27ea133923aab08451b7f7f"},"headline":"Izvoz iz BiH napokon po\u010deo rasti, na koje tr\u017ei\u0161te ide najvi\u0161e robe?","datePublished":"2025-02-09T16:01:42+00:00","dateModified":"2025-02-09T13:00:23+00:00","mainEntityOfPage":{"@id":"https:\/\/tuzlainfo.ba\/index.php\/bosna-i-hercegovina\/item\/262361-izvoz-iz-bih-napokon-poceo-rasti-na-koje-trziste-ide-najvise-robe\/"},"wordCount":480,"publisher":{"@id":"https:\/\/tuzlainfo.ba\/#organization"},"image":{"@id":"https:\/\/tuzlainfo.ba\/index.php\/bosna-i-hercegovina\/item\/262361-izvoz-iz-bih-napokon-poceo-rasti-na-koje-trziste-ide-najvise-robe\/#primaryimage"},"thumbnailUrl":"https:\/\/tuzlainfo.ba\/wp-content\/uploads\/2018\/11\/sadrzaj_2018_20181101_221_izvoz.jpg","keywords":["izvoz"],"articleSection":["Bosna i Hercegovina","Istaknuto"],"inLanguage":"bs-BA"},{"@type":"WebPage","@id":"https:\/\/tuzlainfo.ba\/index.php\/bosna-i-hercegovina\/item\/262361-izvoz-iz-bih-napokon-poceo-rasti-na-koje-trziste-ide-najvise-robe\/","url":"https:\/\/tuzlainfo.ba\/index.php\/bosna-i-hercegovina\/item\/262361-izvoz-iz-bih-napokon-poceo-rasti-na-koje-trziste-ide-najvise-robe\/","name":"Izvoz iz BiH napokon po\u010deo rasti, na koje tr\u017ei\u0161te ide najvi\u0161e robe? - TuzlaInfo.ba","isPartOf":{"@id":"https:\/\/tuzlainfo.ba\/#website"},"primaryImageOfPage":{"@id":"https:\/\/tuzlainfo.ba\/index.php\/bosna-i-hercegovina\/item\/262361-izvoz-iz-bih-napokon-poceo-rasti-na-koje-trziste-ide-najvise-robe\/#primaryimage"},"image":{"@id":"https:\/\/tuzlainfo.ba\/index.php\/bosna-i-hercegovina\/item\/262361-izvoz-iz-bih-napokon-poceo-rasti-na-koje-trziste-ide-najvise-robe\/#primaryimage"},"thumbnailUrl":"https:\/\/tuzlainfo.ba\/wp-content\/uploads\/2018\/11\/sadrzaj_2018_20181101_221_izvoz.jpg","datePublished":"2025-02-09T16:01:42+00:00","dateModified":"2025-02-09T13:00:23+00:00","breadcrumb":{"@id":"https:\/\/tuzlainfo.ba\/index.php\/bosna-i-hercegovina\/item\/262361-izvoz-iz-bih-napokon-poceo-rasti-na-koje-trziste-ide-najvise-robe\/#breadcrumb"},"inLanguage":"bs-BA","potentialAction":[{"@type":"ReadAction","target":["https:\/\/tuzlainfo.ba\/index.php\/bosna-i-hercegovina\/item\/262361-izvoz-iz-bih-napokon-poceo-rasti-na-koje-trziste-ide-najvise-robe\/"]}]},{"@type":"ImageObject","inLanguage":"bs-BA","@id":"https:\/\/tuzlainfo.ba\/index.php\/bosna-i-hercegovina\/item\/262361-izvoz-iz-bih-napokon-poceo-rasti-na-koje-trziste-ide-najvise-robe\/#primaryimage","url":"https:\/\/tuzlainfo.ba\/wp-content\/uploads\/2018\/11\/sadrzaj_2018_20181101_221_izvoz.jpg","contentUrl":"https:\/\/tuzlainfo.ba\/wp-content\/uploads\/2018\/11\/sadrzaj_2018_20181101_221_izvoz.jpg","width":770,"height":419,"caption":"221 izvoz"},{"@type":"BreadcrumbList","@id":"https:\/\/tuzlainfo.ba\/index.php\/bosna-i-hercegovina\/item\/262361-izvoz-iz-bih-napokon-poceo-rasti-na-koje-trziste-ide-najvise-robe\/#breadcrumb","itemListElement":[{"@type":"ListItem","position":1,"name":"Home","item":"https:\/\/tuzlainfo.ba\/"},{"@type":"ListItem","position":2,"name":"Izvoz iz BiH napokon po\u010deo rasti, na koje tr\u017ei\u0161te ide najvi\u0161e robe?"}]},{"@type":"WebSite","@id":"https:\/\/tuzlainfo.ba\/#website","url":"https:\/\/tuzlainfo.ba\/","name":"TuzlaInfo.ba","description":"Tuzla info, gradski informator - Tuzla na dlanu","publisher":{"@id":"https:\/\/tuzlainfo.ba\/#organization"},"potentialAction":[{"@type":"SearchAction","target":{"@type":"EntryPoint","urlTemplate":"https:\/\/tuzlainfo.ba\/?s={search_term_string}"},"query-input":{"@type":"PropertyValueSpecification","valueRequired":true,"valueName":"search_term_string"}}],"inLanguage":"bs-BA"},{"@type":"Organization","@id":"https:\/\/tuzlainfo.ba\/#organization","name":"TuzlaInfo.ba","url":"https:\/\/tuzlainfo.ba\/","logo":{"@type":"ImageObject","inLanguage":"bs-BA","@id":"https:\/\/tuzlainfo.ba\/#\/schema\/logo\/image\/","url":"https:\/\/tuzlainfo.ba\/wp-content\/uploads\/2021\/03\/logo-ver-3-1.png","contentUrl":"https:\/\/tuzlainfo.ba\/wp-content\/uploads\/2021\/03\/logo-ver-3-1.png","width":350,"height":95,"caption":"TuzlaInfo.ba"},"image":{"@id":"https:\/\/tuzlainfo.ba\/#\/schema\/logo\/image\/"},"sameAs":["https:\/\/www.facebook.com\/tuzlainfo.ba\/"]},{"@type":"Person","@id":"https:\/\/tuzlainfo.ba\/#\/schema\/person\/f434e20dc27ea133923aab08451b7f7f","name":"nedim","image":{"@type":"ImageObject","inLanguage":"bs-BA","@id":"https:\/\/tuzlainfo.ba\/#\/schema\/person\/image\/","url":"https:\/\/tuzlainfo.ba\/wp-content\/litespeed\/avatar\/aabad687af24844af817603ac1cbdc4f.jpg?ver=1776702173","contentUrl":"https:\/\/tuzlainfo.ba\/wp-content\/litespeed\/avatar\/aabad687af24844af817603ac1cbdc4f.jpg?ver=1776702173","caption":"nedim"},"description":"Tuzlainfo.ba pratite na dru\u0161tvenim mre\u017eama: Facebook, Instagram i Youtube. Svoje pri\u010de, upite i fotografije \u0161aljite na na\u0161u e-mail adresu."}]}},"_links":{"self":[{"href":"https:\/\/tuzlainfo.ba\/index.php\/wp-json\/wp\/v2\/posts\/262361"}],"collection":[{"href":"https:\/\/tuzlainfo.ba\/index.php\/wp-json\/wp\/v2\/posts"}],"about":[{"href":"https:\/\/tuzlainfo.ba\/index.php\/wp-json\/wp\/v2\/types\/post"}],"author":[{"embeddable":true,"href":"https:\/\/tuzlainfo.ba\/index.php\/wp-json\/wp\/v2\/users\/2"}],"replies":[{"embeddable":true,"href":"https:\/\/tuzlainfo.ba\/index.php\/wp-json\/wp\/v2\/comments?post=262361"}],"version-history":[{"count":1,"href":"https:\/\/tuzlainfo.ba\/index.php\/wp-json\/wp\/v2\/posts\/262361\/revisions"}],"predecessor-version":[{"id":262362,"href":"https:\/\/tuzlainfo.ba\/index.php\/wp-json\/wp\/v2\/posts\/262361\/revisions\/262362"}],"wp:featuredmedia":[{"embeddable":true,"href":"https:\/\/tuzlainfo.ba\/index.php\/wp-json\/wp\/v2\/media\/65695"}],"wp:attachment":[{"href":"https:\/\/tuzlainfo.ba\/index.php\/wp-json\/wp\/v2\/media?parent=262361"}],"wp:term":[{"taxonomy":"category","embeddable":true,"href":"https:\/\/tuzlainfo.ba\/index.php\/wp-json\/wp\/v2\/categories?post=262361"},{"taxonomy":"post_tag","embeddable":true,"href":"https:\/\/tuzlainfo.ba\/index.php\/wp-json\/wp\/v2\/tags?post=262361"}],"curies":[{"name":"wp","href":"https:\/\/api.w.org\/{rel}","templated":true}]}}