{"id":262317,"date":"2025-02-08T15:17:22","date_gmt":"2025-02-08T14:17:22","guid":{"rendered":"https:\/\/tuzlainfo.ba\/?p=262317"},"modified":"2025-02-08T15:17:22","modified_gmt":"2025-02-08T14:17:22","slug":"tuzla-osnazivanje-zena-kroz-prakticne-vjestine-odrzana-prva-radionica-krojenja-i-sivenja","status":"publish","type":"post","link":"https:\/\/tuzlainfo.ba\/index.php\/novosti\/item\/262317-tuzla-osnazivanje-zena-kroz-prakticne-vjestine-odrzana-prva-radionica-krojenja-i-sivenja\/","title":{"rendered":"Tuzla \/ Osna\u017eivanje \u017eena kroz prakti\u010dne vje\u0161tine: Odr\u017eana prva radionica krojenja i \u0161ivenja"},"content":{"rendered":"<p>Udru\u017eenje \u017denska vizija iz Tuzle uspje\u0161no je organizovalo svoju prvu radionicu krojenja i \u0161ivenja u okviru projekta \u201cKrojimo zajednicu po mjeri \u017eene\u201d.<\/p>\n<p>Ova inicijativa ima za cilj osna\u017eivanje \u017eena kroz sticanje prakti\u010dnih znanja koja im mogu pomo\u0107i u svakodnevnom \u017eivotu, ali i otvoriti vrata ka ekonomskom osamostaljenju. Na radionici je u\u010destvovalo deset \u017eena, razli\u010ditih uzrasta i \u017eivotnih pri\u010da, ali sa zajedni\u010dkim ciljem \u2013 da nau\u010de nove vje\u0161tine i iskoriste ih kao alat za li\u010dni razvoj.<\/p>\n<p>Polaznice su imale priliku da savladaju osnove krojenja i \u0161ivenja, upoznaju\u0107i se s razli\u010ditim tehnikama, materijalima i osnovnim alatima potrebnim za rad.<\/p>\n<p>\u201cRadionica nam je pokazala koliko je va\u017eno pru\u017eiti \u017eenama priliku da nau\u010de ne\u0161to novo. Osim \u0161to su savladale tehni\u010dke vje\u0161tine, u\u010desnice su se me\u0111usobno povezale, razmijenile iskustva i ideje, \u0161to je jednako dragocjeno,\u201d istakla je predstavnica Udru\u017eenja \u017denska vizija.<\/p>\n<h3><strong>Za\u0161to su ovakve radionice va\u017ene?<\/strong><\/h3>\n<p>Krojenje i \u0161ivenje nisu samo hobiji \u2013 one mogu biti klju\u010dne vje\u0161tine koje \u017eenama omogu\u0107avaju dodatne izvore prihoda. U\u010denje ovih vje\u0161tina otvara mogu\u0107nosti za pokretanje vlastitih malih biznisa, freelance anga\u017emana ili \u010dak zapo\u0161ljavanje u tekstilnoj industriji. U doba kada tr\u017ei\u0161te rada zahtijeva prilagodljivost i kreativnost, ovakvi projekti nude konkretna rje\u0161enja.<\/p>\n<div id=\"penci-post-gallery__83794\" class=\"penci-post-gallery-container masonry grid column-3\" data-height=\"150\" data-margin=\"3\"><div class=\"inner-gallery-masonry-container\"><div class=\"item-gallery-masonry grid\"><a class=\"\" href=\"https:\/\/tuzlainfo.ba\/wp-content\/uploads\/2025\/02\/0802_sivenje1-2.jpg\"><div class=\"inner-item-masonry-gallery\"><img decoding=\"async\" src=\"https:\/\/tuzlainfo.ba\/wp-content\/uploads\/2025\/02\/0802_sivenje1-2-585x390.jpg\" alt=\"\" title=\"0802_sivenje1 (2)\"><\/div><\/a><\/div><div class=\"item-gallery-masonry grid\"><a class=\"\" href=\"https:\/\/tuzlainfo.ba\/wp-content\/uploads\/2025\/02\/0802_sivenje1-3.jpg\"><div class=\"inner-item-masonry-gallery\"><img decoding=\"async\" src=\"https:\/\/tuzlainfo.ba\/wp-content\/uploads\/2025\/02\/0802_sivenje1-3-585x390.jpg\" alt=\"\" title=\"0802_sivenje1 (3)\"><\/div><\/a><\/div><div class=\"item-gallery-masonry grid\"><a class=\"\" href=\"https:\/\/tuzlainfo.ba\/wp-content\/uploads\/2025\/02\/0802_sivenje1-1.jpg\"><div class=\"inner-item-masonry-gallery\"><img decoding=\"async\" src=\"https:\/\/tuzlainfo.ba\/wp-content\/uploads\/2025\/02\/0802_sivenje1-1-585x390.jpg\" alt=\"\" title=\"0802_sivenje1 (1)\"><\/div><\/a><\/div><\/div><\/div>\n<p>Jedna od polaznica, Samira, podijelila je svoje utiske:<\/p>\n<p>\u201cOduvijek sam \u017eeljela nau\u010diti \u0161iti, ali nikada nisam imala priliku. Ova radionica mi je dala samopouzdanje da nastavim u\u010diti i mo\u017eda jednog dana pokrenem svoj mali posao. Osje\u0107aj kada napravite ne\u0161to vlastitim rukama je neprocjenjiv.<\/p>\n<h3>Vi\u0161e od vje\u0161tine \u2013 gradimo zajednicu<\/h3>\n<p>Projekt \u201cKrojimo zajednicu po mjeri \u017eene\u201d ima dublju svrhu od samog usvajanja tehni\u010dkih znanja. On promovi\u0161e ideju solidarnosti, zajedni\u0161tva i me\u0111usobne podr\u0161ke me\u0111u \u017eenama. Radionice su prostor gdje se stvara sigurno okru\u017eenje za razmjenu iskustava, ideja i me\u0111usobno ohrabrivanje.<\/p>\n<p>Udru\u017eenje \u017denska vizija najavljuje da \u0107e u narednom periodu organizovati jo\u0161 sli\u010dnih aktivnosti, pro\u0161iruju\u0107i spektar tema i vje\u0161tina koje \u0107e \u017eenama omogu\u0107iti da prepoznaju vlastiti potencijal i osna\u017ee se na svim \u017eivotnim poljima. Ova radionica pokazala je da se zajednica doslovno mo\u017ee \u201ckrojiti po mjeri \u017eene\u201d \u2013 s puno entuzijazma, podr\u0161ke i vjerom u snagu znanja.<\/p>\n","protected":false},"excerpt":{"rendered":"<p>Udru\u017eenje \u017denska vizija iz Tuzle uspje\u0161no je organizovalo svoju prvu radionicu krojenja i \u0161ivenja u&hellip;<\/p>\n","protected":false},"author":2,"featured_media":262321,"comment_status":"closed","ping_status":"closed","sticky":false,"template":"","format":"standard","meta":{"_acf_changed":false,"footnotes":""},"categories":[304,12],"tags":[7332],"acf":[],"yoast_head":"<!-- This site is optimized with the Yoast SEO plugin v23.5 - https:\/\/yoast.com\/wordpress\/plugins\/seo\/ -->\n<title>Tuzla \/ Osna\u017eivanje \u017eena kroz prakti\u010dne vje\u0161tine: Odr\u017eana prva radionica krojenja i \u0161ivenja - TuzlaInfo.ba<\/title>\n<meta name=\"robots\" content=\"index, follow, max-snippet:-1, max-image-preview:large, max-video-preview:-1\" \/>\n<link rel=\"canonical\" href=\"https:\/\/tuzlainfo.ba\/index.php\/novosti\/item\/262317-tuzla-osnazivanje-zena-kroz-prakticne-vjestine-odrzana-prva-radionica-krojenja-i-sivenja\/\" \/>\n<meta property=\"og:locale\" content=\"bs_BA\" \/>\n<meta property=\"og:type\" content=\"article\" \/>\n<meta property=\"og:title\" content=\"Tuzla \/ Osna\u017eivanje \u017eena kroz prakti\u010dne vje\u0161tine: Odr\u017eana prva radionica krojenja i \u0161ivenja - TuzlaInfo.ba\" \/>\n<meta property=\"og:description\" content=\"Udru\u017eenje \u017denska vizija iz Tuzle uspje\u0161no je organizovalo svoju prvu radionicu krojenja i \u0161ivenja u&hellip;\" \/>\n<meta property=\"og:url\" content=\"https:\/\/tuzlainfo.ba\/index.php\/novosti\/item\/262317-tuzla-osnazivanje-zena-kroz-prakticne-vjestine-odrzana-prva-radionica-krojenja-i-sivenja\/\" \/>\n<meta property=\"og:site_name\" content=\"TuzlaInfo.ba\" \/>\n<meta property=\"article:publisher\" content=\"https:\/\/www.facebook.com\/tuzlainfo.ba\/\" \/>\n<meta property=\"article:published_time\" content=\"2025-02-08T14:17:22+00:00\" \/>\n<meta property=\"og:image\" content=\"https:\/\/tuzlainfo.ba\/wp-content\/uploads\/2025\/02\/0802_nova_zenska.jpg\" \/>\n\t<meta property=\"og:image:width\" content=\"1000\" \/>\n\t<meta property=\"og:image:height\" content=\"531\" \/>\n\t<meta property=\"og:image:type\" content=\"image\/jpeg\" \/>\n<meta name=\"author\" content=\"nedim\" \/>\n<meta name=\"twitter:card\" content=\"summary_large_image\" \/>\n<meta name=\"twitter:label1\" content=\"Written by\" \/>\n\t<meta name=\"twitter:data1\" content=\"nedim\" \/>\n\t<meta name=\"twitter:label2\" content=\"Est. reading time\" \/>\n\t<meta name=\"twitter:data2\" content=\"3 minute\" \/>\n<script type=\"application\/ld+json\" class=\"yoast-schema-graph\">{\"@context\":\"https:\/\/schema.org\",\"@graph\":[{\"@type\":\"Article\",\"@id\":\"https:\/\/tuzlainfo.ba\/index.php\/novosti\/item\/262317-tuzla-osnazivanje-zena-kroz-prakticne-vjestine-odrzana-prva-radionica-krojenja-i-sivenja\/#article\",\"isPartOf\":{\"@id\":\"https:\/\/tuzlainfo.ba\/index.php\/novosti\/item\/262317-tuzla-osnazivanje-zena-kroz-prakticne-vjestine-odrzana-prva-radionica-krojenja-i-sivenja\/\"},\"author\":{\"name\":\"nedim\",\"@id\":\"https:\/\/tuzlainfo.ba\/#\/schema\/person\/f434e20dc27ea133923aab08451b7f7f\"},\"headline\":\"Tuzla \/ Osna\u017eivanje \u017eena kroz prakti\u010dne vje\u0161tine: Odr\u017eana prva radionica krojenja i \u0161ivenja\",\"datePublished\":\"2025-02-08T14:17:22+00:00\",\"dateModified\":\"2025-02-08T14:17:22+00:00\",\"mainEntityOfPage\":{\"@id\":\"https:\/\/tuzlainfo.ba\/index.php\/novosti\/item\/262317-tuzla-osnazivanje-zena-kroz-prakticne-vjestine-odrzana-prva-radionica-krojenja-i-sivenja\/\"},\"wordCount\":413,\"publisher\":{\"@id\":\"https:\/\/tuzlainfo.ba\/#organization\"},\"image\":{\"@id\":\"https:\/\/tuzlainfo.ba\/index.php\/novosti\/item\/262317-tuzla-osnazivanje-zena-kroz-prakticne-vjestine-odrzana-prva-radionica-krojenja-i-sivenja\/#primaryimage\"},\"thumbnailUrl\":\"https:\/\/tuzlainfo.ba\/wp-content\/uploads\/2025\/02\/0802_nova_zenska.jpg\",\"keywords\":[\"Nova \u017eenska inicijativa\"],\"articleSection\":[\"Istaknuto\",\"Novosti\"],\"inLanguage\":\"bs-BA\"},{\"@type\":\"WebPage\",\"@id\":\"https:\/\/tuzlainfo.ba\/index.php\/novosti\/item\/262317-tuzla-osnazivanje-zena-kroz-prakticne-vjestine-odrzana-prva-radionica-krojenja-i-sivenja\/\",\"url\":\"https:\/\/tuzlainfo.ba\/index.php\/novosti\/item\/262317-tuzla-osnazivanje-zena-kroz-prakticne-vjestine-odrzana-prva-radionica-krojenja-i-sivenja\/\",\"name\":\"Tuzla \/ Osna\u017eivanje \u017eena kroz prakti\u010dne vje\u0161tine: Odr\u017eana prva radionica krojenja i \u0161ivenja - TuzlaInfo.ba\",\"isPartOf\":{\"@id\":\"https:\/\/tuzlainfo.ba\/#website\"},\"primaryImageOfPage\":{\"@id\":\"https:\/\/tuzlainfo.ba\/index.php\/novosti\/item\/262317-tuzla-osnazivanje-zena-kroz-prakticne-vjestine-odrzana-prva-radionica-krojenja-i-sivenja\/#primaryimage\"},\"image\":{\"@id\":\"https:\/\/tuzlainfo.ba\/index.php\/novosti\/item\/262317-tuzla-osnazivanje-zena-kroz-prakticne-vjestine-odrzana-prva-radionica-krojenja-i-sivenja\/#primaryimage\"},\"thumbnailUrl\":\"https:\/\/tuzlainfo.ba\/wp-content\/uploads\/2025\/02\/0802_nova_zenska.jpg\",\"datePublished\":\"2025-02-08T14:17:22+00:00\",\"dateModified\":\"2025-02-08T14:17:22+00:00\",\"breadcrumb\":{\"@id\":\"https:\/\/tuzlainfo.ba\/index.php\/novosti\/item\/262317-tuzla-osnazivanje-zena-kroz-prakticne-vjestine-odrzana-prva-radionica-krojenja-i-sivenja\/#breadcrumb\"},\"inLanguage\":\"bs-BA\",\"potentialAction\":[{\"@type\":\"ReadAction\",\"target\":[\"https:\/\/tuzlainfo.ba\/index.php\/novosti\/item\/262317-tuzla-osnazivanje-zena-kroz-prakticne-vjestine-odrzana-prva-radionica-krojenja-i-sivenja\/\"]}]},{\"@type\":\"ImageObject\",\"inLanguage\":\"bs-BA\",\"@id\":\"https:\/\/tuzlainfo.ba\/index.php\/novosti\/item\/262317-tuzla-osnazivanje-zena-kroz-prakticne-vjestine-odrzana-prva-radionica-krojenja-i-sivenja\/#primaryimage\",\"url\":\"https:\/\/tuzlainfo.ba\/wp-content\/uploads\/2025\/02\/0802_nova_zenska.jpg\",\"contentUrl\":\"https:\/\/tuzlainfo.ba\/wp-content\/uploads\/2025\/02\/0802_nova_zenska.jpg\",\"width\":1000,\"height\":531},{\"@type\":\"BreadcrumbList\",\"@id\":\"https:\/\/tuzlainfo.ba\/index.php\/novosti\/item\/262317-tuzla-osnazivanje-zena-kroz-prakticne-vjestine-odrzana-prva-radionica-krojenja-i-sivenja\/#breadcrumb\",\"itemListElement\":[{\"@type\":\"ListItem\",\"position\":1,\"name\":\"Home\",\"item\":\"https:\/\/tuzlainfo.ba\/\"},{\"@type\":\"ListItem\",\"position\":2,\"name\":\"Tuzla \/ Osna\u017eivanje \u017eena kroz prakti\u010dne vje\u0161tine: Odr\u017eana prva radionica krojenja i \u0161ivenja\"}]},{\"@type\":\"WebSite\",\"@id\":\"https:\/\/tuzlainfo.ba\/#website\",\"url\":\"https:\/\/tuzlainfo.ba\/\",\"name\":\"TuzlaInfo.ba\",\"description\":\"Tuzla info, gradski informator - Tuzla na dlanu\",\"publisher\":{\"@id\":\"https:\/\/tuzlainfo.ba\/#organization\"},\"potentialAction\":[{\"@type\":\"SearchAction\",\"target\":{\"@type\":\"EntryPoint\",\"urlTemplate\":\"https:\/\/tuzlainfo.ba\/?s={search_term_string}\"},\"query-input\":{\"@type\":\"PropertyValueSpecification\",\"valueRequired\":true,\"valueName\":\"search_term_string\"}}],\"inLanguage\":\"bs-BA\"},{\"@type\":\"Organization\",\"@id\":\"https:\/\/tuzlainfo.ba\/#organization\",\"name\":\"TuzlaInfo.ba\",\"url\":\"https:\/\/tuzlainfo.ba\/\",\"logo\":{\"@type\":\"ImageObject\",\"inLanguage\":\"bs-BA\",\"@id\":\"https:\/\/tuzlainfo.ba\/#\/schema\/logo\/image\/\",\"url\":\"https:\/\/tuzlainfo.ba\/wp-content\/uploads\/2021\/03\/logo-ver-3-1.png\",\"contentUrl\":\"https:\/\/tuzlainfo.ba\/wp-content\/uploads\/2021\/03\/logo-ver-3-1.png\",\"width\":350,\"height\":95,\"caption\":\"TuzlaInfo.ba\"},\"image\":{\"@id\":\"https:\/\/tuzlainfo.ba\/#\/schema\/logo\/image\/\"},\"sameAs\":[\"https:\/\/www.facebook.com\/tuzlainfo.ba\/\"]},{\"@type\":\"Person\",\"@id\":\"https:\/\/tuzlainfo.ba\/#\/schema\/person\/f434e20dc27ea133923aab08451b7f7f\",\"name\":\"nedim\",\"image\":{\"@type\":\"ImageObject\",\"inLanguage\":\"bs-BA\",\"@id\":\"https:\/\/tuzlainfo.ba\/#\/schema\/person\/image\/\",\"url\":\"https:\/\/tuzlainfo.ba\/wp-content\/litespeed\/avatar\/aabad687af24844af817603ac1cbdc4f.jpg?ver=1777306975\",\"contentUrl\":\"https:\/\/tuzlainfo.ba\/wp-content\/litespeed\/avatar\/aabad687af24844af817603ac1cbdc4f.jpg?ver=1777306975\",\"caption\":\"nedim\"},\"description\":\"Tuzlainfo.ba pratite na dru\u0161tvenim mre\u017eama: Facebook, Instagram i Youtube. Svoje pri\u010de, upite i fotografije \u0161aljite na na\u0161u e-mail adresu.\"}]}<\/script>\n<!-- \/ Yoast SEO plugin. -->","yoast_head_json":{"title":"Tuzla \/ Osna\u017eivanje \u017eena kroz prakti\u010dne vje\u0161tine: Odr\u017eana prva radionica krojenja i \u0161ivenja - TuzlaInfo.ba","robots":{"index":"index","follow":"follow","max-snippet":"max-snippet:-1","max-image-preview":"max-image-preview:large","max-video-preview":"max-video-preview:-1"},"canonical":"https:\/\/tuzlainfo.ba\/index.php\/novosti\/item\/262317-tuzla-osnazivanje-zena-kroz-prakticne-vjestine-odrzana-prva-radionica-krojenja-i-sivenja\/","og_locale":"bs_BA","og_type":"article","og_title":"Tuzla \/ Osna\u017eivanje \u017eena kroz prakti\u010dne vje\u0161tine: Odr\u017eana prva radionica krojenja i \u0161ivenja - TuzlaInfo.ba","og_description":"Udru\u017eenje \u017denska vizija iz Tuzle uspje\u0161no je organizovalo svoju prvu radionicu krojenja i \u0161ivenja u&hellip;","og_url":"https:\/\/tuzlainfo.ba\/index.php\/novosti\/item\/262317-tuzla-osnazivanje-zena-kroz-prakticne-vjestine-odrzana-prva-radionica-krojenja-i-sivenja\/","og_site_name":"TuzlaInfo.ba","article_publisher":"https:\/\/www.facebook.com\/tuzlainfo.ba\/","article_published_time":"2025-02-08T14:17:22+00:00","og_image":[{"width":1000,"height":531,"url":"https:\/\/tuzlainfo.ba\/wp-content\/uploads\/2025\/02\/0802_nova_zenska.jpg","type":"image\/jpeg"}],"author":"nedim","twitter_card":"summary_large_image","twitter_misc":{"Written by":"nedim","Est. reading time":"3 minute"},"schema":{"@context":"https:\/\/schema.org","@graph":[{"@type":"Article","@id":"https:\/\/tuzlainfo.ba\/index.php\/novosti\/item\/262317-tuzla-osnazivanje-zena-kroz-prakticne-vjestine-odrzana-prva-radionica-krojenja-i-sivenja\/#article","isPartOf":{"@id":"https:\/\/tuzlainfo.ba\/index.php\/novosti\/item\/262317-tuzla-osnazivanje-zena-kroz-prakticne-vjestine-odrzana-prva-radionica-krojenja-i-sivenja\/"},"author":{"name":"nedim","@id":"https:\/\/tuzlainfo.ba\/#\/schema\/person\/f434e20dc27ea133923aab08451b7f7f"},"headline":"Tuzla \/ Osna\u017eivanje \u017eena kroz prakti\u010dne vje\u0161tine: Odr\u017eana prva radionica krojenja i \u0161ivenja","datePublished":"2025-02-08T14:17:22+00:00","dateModified":"2025-02-08T14:17:22+00:00","mainEntityOfPage":{"@id":"https:\/\/tuzlainfo.ba\/index.php\/novosti\/item\/262317-tuzla-osnazivanje-zena-kroz-prakticne-vjestine-odrzana-prva-radionica-krojenja-i-sivenja\/"},"wordCount":413,"publisher":{"@id":"https:\/\/tuzlainfo.ba\/#organization"},"image":{"@id":"https:\/\/tuzlainfo.ba\/index.php\/novosti\/item\/262317-tuzla-osnazivanje-zena-kroz-prakticne-vjestine-odrzana-prva-radionica-krojenja-i-sivenja\/#primaryimage"},"thumbnailUrl":"https:\/\/tuzlainfo.ba\/wp-content\/uploads\/2025\/02\/0802_nova_zenska.jpg","keywords":["Nova \u017eenska inicijativa"],"articleSection":["Istaknuto","Novosti"],"inLanguage":"bs-BA"},{"@type":"WebPage","@id":"https:\/\/tuzlainfo.ba\/index.php\/novosti\/item\/262317-tuzla-osnazivanje-zena-kroz-prakticne-vjestine-odrzana-prva-radionica-krojenja-i-sivenja\/","url":"https:\/\/tuzlainfo.ba\/index.php\/novosti\/item\/262317-tuzla-osnazivanje-zena-kroz-prakticne-vjestine-odrzana-prva-radionica-krojenja-i-sivenja\/","name":"Tuzla \/ Osna\u017eivanje \u017eena kroz prakti\u010dne vje\u0161tine: Odr\u017eana prva radionica krojenja i \u0161ivenja - TuzlaInfo.ba","isPartOf":{"@id":"https:\/\/tuzlainfo.ba\/#website"},"primaryImageOfPage":{"@id":"https:\/\/tuzlainfo.ba\/index.php\/novosti\/item\/262317-tuzla-osnazivanje-zena-kroz-prakticne-vjestine-odrzana-prva-radionica-krojenja-i-sivenja\/#primaryimage"},"image":{"@id":"https:\/\/tuzlainfo.ba\/index.php\/novosti\/item\/262317-tuzla-osnazivanje-zena-kroz-prakticne-vjestine-odrzana-prva-radionica-krojenja-i-sivenja\/#primaryimage"},"thumbnailUrl":"https:\/\/tuzlainfo.ba\/wp-content\/uploads\/2025\/02\/0802_nova_zenska.jpg","datePublished":"2025-02-08T14:17:22+00:00","dateModified":"2025-02-08T14:17:22+00:00","breadcrumb":{"@id":"https:\/\/tuzlainfo.ba\/index.php\/novosti\/item\/262317-tuzla-osnazivanje-zena-kroz-prakticne-vjestine-odrzana-prva-radionica-krojenja-i-sivenja\/#breadcrumb"},"inLanguage":"bs-BA","potentialAction":[{"@type":"ReadAction","target":["https:\/\/tuzlainfo.ba\/index.php\/novosti\/item\/262317-tuzla-osnazivanje-zena-kroz-prakticne-vjestine-odrzana-prva-radionica-krojenja-i-sivenja\/"]}]},{"@type":"ImageObject","inLanguage":"bs-BA","@id":"https:\/\/tuzlainfo.ba\/index.php\/novosti\/item\/262317-tuzla-osnazivanje-zena-kroz-prakticne-vjestine-odrzana-prva-radionica-krojenja-i-sivenja\/#primaryimage","url":"https:\/\/tuzlainfo.ba\/wp-content\/uploads\/2025\/02\/0802_nova_zenska.jpg","contentUrl":"https:\/\/tuzlainfo.ba\/wp-content\/uploads\/2025\/02\/0802_nova_zenska.jpg","width":1000,"height":531},{"@type":"BreadcrumbList","@id":"https:\/\/tuzlainfo.ba\/index.php\/novosti\/item\/262317-tuzla-osnazivanje-zena-kroz-prakticne-vjestine-odrzana-prva-radionica-krojenja-i-sivenja\/#breadcrumb","itemListElement":[{"@type":"ListItem","position":1,"name":"Home","item":"https:\/\/tuzlainfo.ba\/"},{"@type":"ListItem","position":2,"name":"Tuzla \/ Osna\u017eivanje \u017eena kroz prakti\u010dne vje\u0161tine: Odr\u017eana prva radionica krojenja i \u0161ivenja"}]},{"@type":"WebSite","@id":"https:\/\/tuzlainfo.ba\/#website","url":"https:\/\/tuzlainfo.ba\/","name":"TuzlaInfo.ba","description":"Tuzla info, gradski informator - Tuzla na dlanu","publisher":{"@id":"https:\/\/tuzlainfo.ba\/#organization"},"potentialAction":[{"@type":"SearchAction","target":{"@type":"EntryPoint","urlTemplate":"https:\/\/tuzlainfo.ba\/?s={search_term_string}"},"query-input":{"@type":"PropertyValueSpecification","valueRequired":true,"valueName":"search_term_string"}}],"inLanguage":"bs-BA"},{"@type":"Organization","@id":"https:\/\/tuzlainfo.ba\/#organization","name":"TuzlaInfo.ba","url":"https:\/\/tuzlainfo.ba\/","logo":{"@type":"ImageObject","inLanguage":"bs-BA","@id":"https:\/\/tuzlainfo.ba\/#\/schema\/logo\/image\/","url":"https:\/\/tuzlainfo.ba\/wp-content\/uploads\/2021\/03\/logo-ver-3-1.png","contentUrl":"https:\/\/tuzlainfo.ba\/wp-content\/uploads\/2021\/03\/logo-ver-3-1.png","width":350,"height":95,"caption":"TuzlaInfo.ba"},"image":{"@id":"https:\/\/tuzlainfo.ba\/#\/schema\/logo\/image\/"},"sameAs":["https:\/\/www.facebook.com\/tuzlainfo.ba\/"]},{"@type":"Person","@id":"https:\/\/tuzlainfo.ba\/#\/schema\/person\/f434e20dc27ea133923aab08451b7f7f","name":"nedim","image":{"@type":"ImageObject","inLanguage":"bs-BA","@id":"https:\/\/tuzlainfo.ba\/#\/schema\/person\/image\/","url":"https:\/\/tuzlainfo.ba\/wp-content\/litespeed\/avatar\/aabad687af24844af817603ac1cbdc4f.jpg?ver=1777306975","contentUrl":"https:\/\/tuzlainfo.ba\/wp-content\/litespeed\/avatar\/aabad687af24844af817603ac1cbdc4f.jpg?ver=1777306975","caption":"nedim"},"description":"Tuzlainfo.ba pratite na dru\u0161tvenim mre\u017eama: Facebook, Instagram i Youtube. Svoje pri\u010de, upite i fotografije \u0161aljite na na\u0161u e-mail adresu."}]}},"_links":{"self":[{"href":"https:\/\/tuzlainfo.ba\/index.php\/wp-json\/wp\/v2\/posts\/262317"}],"collection":[{"href":"https:\/\/tuzlainfo.ba\/index.php\/wp-json\/wp\/v2\/posts"}],"about":[{"href":"https:\/\/tuzlainfo.ba\/index.php\/wp-json\/wp\/v2\/types\/post"}],"author":[{"embeddable":true,"href":"https:\/\/tuzlainfo.ba\/index.php\/wp-json\/wp\/v2\/users\/2"}],"replies":[{"embeddable":true,"href":"https:\/\/tuzlainfo.ba\/index.php\/wp-json\/wp\/v2\/comments?post=262317"}],"version-history":[{"count":1,"href":"https:\/\/tuzlainfo.ba\/index.php\/wp-json\/wp\/v2\/posts\/262317\/revisions"}],"predecessor-version":[{"id":262322,"href":"https:\/\/tuzlainfo.ba\/index.php\/wp-json\/wp\/v2\/posts\/262317\/revisions\/262322"}],"wp:featuredmedia":[{"embeddable":true,"href":"https:\/\/tuzlainfo.ba\/index.php\/wp-json\/wp\/v2\/media\/262321"}],"wp:attachment":[{"href":"https:\/\/tuzlainfo.ba\/index.php\/wp-json\/wp\/v2\/media?parent=262317"}],"wp:term":[{"taxonomy":"category","embeddable":true,"href":"https:\/\/tuzlainfo.ba\/index.php\/wp-json\/wp\/v2\/categories?post=262317"},{"taxonomy":"post_tag","embeddable":true,"href":"https:\/\/tuzlainfo.ba\/index.php\/wp-json\/wp\/v2\/tags?post=262317"}],"curies":[{"name":"wp","href":"https:\/\/api.w.org\/{rel}","templated":true}]}}