{"id":262224,"date":"2025-02-07T13:05:48","date_gmt":"2025-02-07T12:05:48","guid":{"rendered":"https:\/\/tuzlainfo.ba\/?p=262224"},"modified":"2025-02-07T12:25:18","modified_gmt":"2025-02-07T11:25:18","slug":"povecanje-javnih-prihoda-u-tuzlanskom-kantonu-u-januaru-uplaceno-105-miliona-km","status":"publish","type":"post","link":"https:\/\/tuzlainfo.ba\/index.php\/istaknuto\/item\/262224-povecanje-javnih-prihoda-u-tuzlanskom-kantonu-u-januaru-uplaceno-105-miliona-km\/","title":{"rendered":"Pove\u0107anje javnih prihoda u Tuzlanskom kantonu: U januaru upla\u0107eno 105 miliona KM"},"content":{"rendered":"<p class=\"western\" lang=\"en-GB\" align=\"justify\"><span style=\"font-family: Arial, sans-serif;\"><span style=\"font-size: medium;\"><span lang=\"en-US\">Porezna uprava Federacije BiH obavje\u0161tava javnost da su porezni obveznici Federacije BiH\u00a0<\/span><\/span><\/span><span style=\"font-family: Arial, sans-serif;\"><span style=\"font-size: medium;\"><span lang=\"en-US\">u januaru 2025. godine uplatili\u00a0<\/span><\/span><\/span><span style=\"color: #000000;\"><span style=\"font-family: Arial, sans-serif;\"><span lang=\"en-US\">635.900.370 <\/span><\/span><\/span><span style=\"font-family: Arial, sans-serif;\"><span style=\"font-size: medium;\"><span lang=\"en-US\">KM javnih prihoda, \u0161to je u odnosu na januar 2024. godine vi\u0161e za\u00a0<\/span><\/span><\/span><span style=\"color: #000000;\"><span style=\"font-family: Arial, sans-serif;\"><span lang=\"en-US\">51.848.810<\/span><\/span><\/span> <span style=\"font-family: Arial, sans-serif;\"><span style=\"font-size: medium;\"><span lang=\"en-US\">KM, ili za 8,8%.\u00a0<\/span><\/span><\/span><\/p>\n<p class=\"western\" align=\"justify\"><span style=\"font-family: Arial, sans-serif;\"><span style=\"font-size: medium;\">Uplate javnih prihoda januaru 2025. godine u odnosu na januar 2024. godine po kantonima prikazujemo u sljede\u0107oj tabeli:\u00a0<\/span><\/span><\/p>\n<table width=\"872\" cellspacing=\"0\" cellpadding=\"9\">\n<tbody>\n<tr>\n<td bgcolor=\"#daeef3\" width=\"41\" height=\"50\">\n<p class=\"western\" align=\"center\"><span style=\"font-family: Arial, sans-serif;\"><b>R.br.<\/b><\/span><\/p>\n<\/td>\n<td bgcolor=\"#daeef3\" width=\"241\">\n<p class=\"western\" align=\"center\"><span style=\"font-family: Arial, sans-serif;\"><b>Kantoni<\/b><\/span><\/p>\n<\/td>\n<td bgcolor=\"#daeef3\" width=\"102\">\n<p class=\"western\" align=\"center\"><span style=\"font-family: Arial, sans-serif;\"><b>januar 2024<\/b><\/span><\/p>\n<\/td>\n<td bgcolor=\"#daeef3\" width=\"102\">\n<p class=\"western\" align=\"center\"><span style=\"font-family: Arial, sans-serif;\"><b>januar 2025<\/b><\/span><\/p>\n<\/td>\n<td bgcolor=\"#daeef3\" width=\"85\">\n<p class=\"western\" align=\"center\"><span style=\"font-family: Arial, sans-serif;\"><b>Index (januar 25\/24)<\/b><\/span><\/p>\n<\/td>\n<td bgcolor=\"#daeef3\" width=\"92\">\n<p class=\"western\" align=\"center\"><span style=\"font-family: Arial, sans-serif;\"><b>razlika u KM<\/b><\/span><\/p>\n<\/td>\n<td bgcolor=\"#daeef3\" width=\"82\">\n<p class=\"western\" align=\"center\"><span style=\"font-family: Arial, sans-serif;\"><b>u\u010de\u0161\u0107e u ukupnoj naplati (%)<\/b><\/span><\/p>\n<\/td>\n<\/tr>\n<tr valign=\"bottom\">\n<td width=\"41\" height=\"3\">\n<p class=\"western\" align=\"center\"><span style=\"font-family: Arial, sans-serif;\"><span style=\"font-size: small;\">1<\/span><\/span><\/p>\n<\/td>\n<td width=\"241\">\n<p class=\"western\"><span style=\"font-family: Arial, sans-serif;\">Sarajevski<\/span><\/p>\n<\/td>\n<td width=\"102\">\n<p class=\"western\" align=\"right\"><span style=\"font-family: Arial, sans-serif;\">213.224.132<\/span><\/p>\n<\/td>\n<td width=\"102\">\n<p class=\"western\" align=\"right\"><span style=\"font-family: Arial, sans-serif;\">235.850.607<\/span><\/p>\n<\/td>\n<td width=\"85\">\n<p class=\"western\" align=\"center\"><span style=\"font-family: Arial, sans-serif;\">110,61<\/span><\/p>\n<\/td>\n<td width=\"92\">\n<p class=\"western\" align=\"right\"><span style=\"font-family: Arial, sans-serif;\">22.626.474<\/span><\/p>\n<\/td>\n<td width=\"82\">\n<p class=\"western\" align=\"center\"><span style=\"font-family: Arial, sans-serif;\">37,09<\/span><\/p>\n<\/td>\n<\/tr>\n<tr valign=\"bottom\">\n<td width=\"41\" height=\"3\">\n<p class=\"western\" align=\"center\"><span style=\"font-family: Arial, sans-serif;\"><span style=\"font-size: small;\">2<\/span><\/span><\/p>\n<\/td>\n<td width=\"241\">\n<p class=\"western\"><span style=\"font-family: Arial, sans-serif;\">Tuzlanski<\/span><\/p>\n<\/td>\n<td width=\"102\">\n<p class=\"western\" align=\"right\"><span style=\"font-family: Arial, sans-serif;\">95.444.916<\/span><\/p>\n<\/td>\n<td width=\"102\">\n<p class=\"western\" align=\"right\"><span style=\"font-family: Arial, sans-serif;\">105.127.081<\/span><\/p>\n<\/td>\n<td width=\"85\">\n<p class=\"western\" align=\"center\"><span style=\"font-family: Arial, sans-serif;\">110,14<\/span><\/p>\n<\/td>\n<td width=\"92\">\n<p class=\"western\" align=\"right\"><span style=\"font-family: Arial, sans-serif;\">9.682.164<\/span><\/p>\n<\/td>\n<td width=\"82\">\n<p class=\"western\" align=\"center\"><span style=\"font-family: Arial, sans-serif;\">16,53<\/span><\/p>\n<\/td>\n<\/tr>\n<tr valign=\"bottom\">\n<td width=\"41\" height=\"3\">\n<p class=\"western\" align=\"center\"><span style=\"font-family: Arial, sans-serif;\"><span style=\"font-size: small;\">3<\/span><\/span><\/p>\n<\/td>\n<td width=\"241\">\n<p class=\"western\"><span style=\"font-family: Arial, sans-serif;\">Zeni\u010dko &#8211; dobojski<\/span><\/p>\n<\/td>\n<td width=\"102\">\n<p class=\"western\" lang=\"en-GB\" align=\"right\"><span style=\"font-family: Arial, sans-serif;\"><span lang=\"en-US\">74.316.522<\/span><\/span><\/p>\n<\/td>\n<td width=\"102\">\n<p class=\"western\" align=\"right\"><span style=\"font-family: Arial, sans-serif;\">77.815.839<\/span><\/p>\n<\/td>\n<td width=\"85\">\n<p class=\"western\" align=\"center\"><span style=\"font-family: Arial, sans-serif;\">104,71<\/span><\/p>\n<\/td>\n<td width=\"92\">\n<p class=\"western\" align=\"right\"><span style=\"font-family: Arial, sans-serif;\">3.499.318<\/span><\/p>\n<\/td>\n<td width=\"82\">\n<p class=\"western\" align=\"center\"><span style=\"font-family: Arial, sans-serif;\">12,24<\/span><\/p>\n<\/td>\n<\/tr>\n<tr valign=\"bottom\">\n<td width=\"41\" height=\"3\">\n<p class=\"western\" align=\"center\"><span style=\"font-family: Arial, sans-serif;\"><span style=\"font-size: small;\">4<\/span><\/span><\/p>\n<\/td>\n<td width=\"241\">\n<p class=\"western\"><span style=\"font-family: Arial, sans-serif;\">Hercegova\u010dko-neretvanski<\/span><\/p>\n<\/td>\n<td width=\"102\">\n<p class=\"western\" align=\"right\"><span style=\"font-family: Arial, sans-serif;\">73.094.700<\/span><\/p>\n<\/td>\n<td width=\"102\">\n<p class=\"western\" align=\"right\"><span style=\"font-family: Arial, sans-serif;\">77.431.751<\/span><\/p>\n<\/td>\n<td width=\"85\">\n<p class=\"western\" align=\"center\"><span style=\"font-family: Arial, sans-serif;\">105,93<\/span><\/p>\n<\/td>\n<td width=\"92\">\n<p class=\"western\" align=\"right\"><span style=\"font-family: Arial, sans-serif;\">4.337.051<\/span><\/p>\n<\/td>\n<td width=\"82\">\n<p class=\"western\" align=\"center\"><span style=\"font-family: Arial, sans-serif;\">12,18<\/span><\/p>\n<\/td>\n<\/tr>\n<tr valign=\"bottom\">\n<td width=\"41\" height=\"3\">\n<p class=\"western\" align=\"center\"><span style=\"font-family: Arial, sans-serif;\"><span style=\"font-size: small;\">5<\/span><\/span><\/p>\n<\/td>\n<td width=\"241\">\n<p class=\"western\"><span style=\"font-family: Arial, sans-serif;\">Srednjobosanski<\/span><\/p>\n<\/td>\n<td width=\"102\">\n<p class=\"western\" align=\"right\"><span style=\"font-family: Arial, sans-serif;\">45.163.844<\/span><\/p>\n<\/td>\n<td width=\"102\">\n<p class=\"western\" align=\"right\"><span style=\"font-family: Arial, sans-serif;\">47.349.104<\/span><\/p>\n<\/td>\n<td width=\"85\">\n<p class=\"western\" align=\"center\"><span style=\"font-family: Arial, sans-serif;\">104,84<\/span><\/p>\n<\/td>\n<td width=\"92\">\n<p class=\"western\" align=\"right\"><span style=\"font-family: Arial, sans-serif;\">2.185.261<\/span><\/p>\n<\/td>\n<td width=\"82\">\n<p class=\"western\" align=\"center\"><span style=\"font-family: Arial, sans-serif;\">7,45<\/span><\/p>\n<\/td>\n<\/tr>\n<tr valign=\"bottom\">\n<td width=\"41\" height=\"3\">\n<p class=\"western\" align=\"center\"><span style=\"font-family: Arial, sans-serif;\"><span style=\"font-size: small;\">6<\/span><\/span><\/p>\n<\/td>\n<td width=\"241\">\n<p class=\"western\"><span style=\"font-family: Arial, sans-serif;\">Unsko &#8211; sanski<\/span><\/p>\n<\/td>\n<td width=\"102\">\n<p class=\"western\" align=\"right\"><span style=\"font-family: Arial, sans-serif;\">33.508.232<\/span><\/p>\n<\/td>\n<td width=\"102\">\n<p class=\"western\" align=\"right\"><span style=\"font-family: Arial, sans-serif;\">37.449.048<\/span><\/p>\n<\/td>\n<td width=\"85\">\n<p class=\"western\" align=\"center\"><span style=\"font-family: Arial, sans-serif;\">111,76<\/span><\/p>\n<\/td>\n<td width=\"92\">\n<p class=\"western\" align=\"right\"><span style=\"font-family: Arial, sans-serif;\">3.940.817<\/span><\/p>\n<\/td>\n<td width=\"82\">\n<p class=\"western\" align=\"center\"><span style=\"font-family: Arial, sans-serif;\">5,89<\/span><\/p>\n<\/td>\n<\/tr>\n<tr>\n<td valign=\"bottom\" width=\"41\" height=\"3\">\n<p class=\"western\" align=\"center\"><span style=\"font-family: Arial, sans-serif;\"><span style=\"font-size: small;\">7<\/span><\/span><\/p>\n<\/td>\n<td valign=\"bottom\" width=\"241\">\n<p class=\"western\"><span style=\"font-family: Arial, sans-serif;\">Zapadnohercegova\u010dki<\/span><\/p>\n<\/td>\n<td bgcolor=\"#ffffff\" width=\"102\">\n<p class=\"western\" align=\"right\"><span style=\"font-family: Arial, sans-serif;\">24.485.182 <\/span><\/p>\n<\/td>\n<td valign=\"bottom\" width=\"102\">\n<p class=\"western\" align=\"right\"><span style=\"font-family: Arial, sans-serif;\">26.953.637<\/span><\/p>\n<\/td>\n<td valign=\"bottom\" width=\"85\">\n<p class=\"western\" align=\"center\"><span style=\"font-family: Arial, sans-serif;\">110,08<\/span><\/p>\n<\/td>\n<td valign=\"bottom\" width=\"92\">\n<p class=\"western\" align=\"right\"><span style=\"font-family: Arial, sans-serif;\">2.468.455<\/span><\/p>\n<\/td>\n<td valign=\"bottom\" width=\"82\">\n<p class=\"western\" align=\"center\"><span style=\"font-family: Arial, sans-serif;\">4,24<\/span><\/p>\n<\/td>\n<\/tr>\n<tr valign=\"bottom\">\n<td width=\"41\" height=\"3\">\n<p class=\"western\" align=\"center\"><span style=\"font-family: Arial, sans-serif;\"><span style=\"font-size: small;\">8<\/span><\/span><\/p>\n<\/td>\n<td width=\"241\">\n<p class=\"western\"><span style=\"font-family: Arial, sans-serif;\">Kanton 10<\/span><\/p>\n<\/td>\n<td width=\"102\">\n<p class=\"western\" align=\"right\"><span style=\"font-family: Arial, sans-serif;\">11.895.560<\/span><\/p>\n<\/td>\n<td width=\"102\">\n<p class=\"western\" align=\"right\"><span style=\"font-family: Arial, sans-serif;\">13.523.284<\/span><\/p>\n<\/td>\n<td width=\"85\">\n<p class=\"western\" align=\"center\"><span style=\"font-family: Arial, sans-serif;\">113,68<\/span><\/p>\n<\/td>\n<td width=\"92\">\n<p class=\"western\" align=\"right\"><span style=\"font-family: Arial, sans-serif;\">1.627.724<\/span><\/p>\n<\/td>\n<td width=\"82\">\n<p class=\"western\" align=\"center\"><span style=\"font-family: Arial, sans-serif;\">2,13<\/span><\/p>\n<\/td>\n<\/tr>\n<tr valign=\"bottom\">\n<td width=\"41\" height=\"3\">\n<p class=\"western\" align=\"center\"><span style=\"font-family: Arial, sans-serif;\"><span style=\"font-size: small;\">9<\/span><\/span><\/p>\n<\/td>\n<td width=\"241\">\n<p class=\"western\"><span style=\"font-family: Arial, sans-serif;\">Bosansko &#8211; podrinjski<\/span><\/p>\n<\/td>\n<td width=\"102\">\n<p class=\"western\" align=\"right\"><span style=\"font-family: Arial, sans-serif;\">6.653.688<\/span><\/p>\n<\/td>\n<td width=\"102\">\n<p class=\"western\" align=\"right\"><span style=\"font-family: Arial, sans-serif;\">7.679.979<\/span><\/p>\n<\/td>\n<td width=\"85\">\n<p class=\"western\" align=\"center\"><span style=\"font-family: Arial, sans-serif;\">115,42<\/span><\/p>\n<\/td>\n<td width=\"92\">\n<p class=\"western\" align=\"right\"><span style=\"font-family: Arial, sans-serif;\">1.026.291<\/span><\/p>\n<\/td>\n<td width=\"82\">\n<p class=\"western\" align=\"center\"><span style=\"font-family: Arial, sans-serif;\">1,21<\/span><\/p>\n<\/td>\n<\/tr>\n<tr valign=\"bottom\">\n<td width=\"41\" height=\"5\">\n<p class=\"western\" align=\"center\"><span style=\"font-family: Arial, sans-serif;\"><span style=\"font-size: small;\">10<\/span><\/span><\/p>\n<\/td>\n<td width=\"241\">\n<p class=\"western\"><span style=\"font-family: Arial, sans-serif;\">Posavski<\/span><\/p>\n<\/td>\n<td width=\"102\">\n<p class=\"western\" align=\"right\"><span style=\"font-family: Arial, sans-serif;\">6.264.785<\/span><\/p>\n<\/td>\n<td width=\"102\">\n<p class=\"western\" align=\"right\"><span style=\"font-family: Arial, sans-serif;\">6.720.039<\/span><\/p>\n<\/td>\n<td width=\"85\">\n<p class=\"western\" align=\"center\"><span style=\"font-family: Arial, sans-serif;\">107,27<\/span><\/p>\n<\/td>\n<td width=\"92\">\n<p class=\"western\" align=\"right\"><span style=\"font-family: Arial, sans-serif;\">455.254<\/span><\/p>\n<\/td>\n<td width=\"82\">\n<p class=\"western\" align=\"center\"><span style=\"font-family: Arial, sans-serif;\">1,06<\/span><\/p>\n<\/td>\n<\/tr>\n<tr>\n<td colspan=\"2\" bgcolor=\"#daeef3\" width=\"299\" height=\"13\">\n<p class=\"western\" align=\"center\"><span style=\"font-family: Arial, sans-serif;\"><span style=\"font-size: small;\"><b>UKUPNO<\/b><\/span><\/span><\/p>\n<\/td>\n<td bgcolor=\"#daeef3\" width=\"102\">\n<p class=\"western\" align=\"right\"><span style=\"font-family: Arial, sans-serif;\"><b>584.051.560<\/b><\/span><\/p>\n<\/td>\n<td bgcolor=\"#daeef3\" width=\"102\">\n<p class=\"western\" lang=\"en-GB\" align=\"right\"><span style=\"color: #000000;\"><span style=\"font-family: Arial, sans-serif;\"><span lang=\"en-US\"><b>635.900.370<\/b><\/span><\/span><\/span><\/p>\n<\/td>\n<td bgcolor=\"#daeef3\" width=\"85\">\n<p class=\"western\" align=\"center\"><span style=\"font-family: Arial, sans-serif;\"><b>108,88<\/b><\/span><\/p>\n<\/td>\n<td bgcolor=\"#daeef3\" width=\"92\">\n<p class=\"western\" align=\"right\"><span style=\"font-family: Arial, sans-serif;\"><b>51.848.810<\/b><\/span><\/p>\n<\/td>\n<td bgcolor=\"#daeef3\" width=\"82\">\n<p class=\"western\" align=\"center\"><span style=\"font-family: Arial, sans-serif;\"><b>100,00<\/b><\/span><\/p>\n<\/td>\n<\/tr>\n<\/tbody>\n<\/table>\n<p class=\"western\" align=\"justify\"><span style=\"font-family: Arial, sans-serif;\"><span style=\"font-size: medium;\">U strukturi javnih prihoda u januaru 2025. godine:<\/span><\/span><\/p>\n<p class=\"western\" lang=\"en-GB\" align=\"justify\"><span style=\"font-family: Arial, sans-serif;\"><span style=\"font-size: medium;\"><span lang=\"en-US\">-porez na dohodak i zaostali prihodi od poreza fizi\u010dkih lica napla\u0107eni su u\u00a0iznosu 63.915.214 KM,<\/span><\/span><\/span><\/p>\n<p class=\"western\" align=\"justify\"><span style=\"font-family: Arial, sans-serif;\"><span style=\"font-size: medium;\">-porez na dobit i zaostali prihodi od poreza na dobit napla\u0107eni su\u00a0iznosu\u00a0<\/span><\/span><\/p>\n<p class=\"western\" lang=\"en-GB\" align=\"justify\"><span style=\"font-family: Arial, sans-serif;\"><span style=\"font-size: medium;\"><span lang=\"en-US\">36.821.317 KM,<\/span><\/span><\/span><\/p>\n<p class=\"western\" lang=\"en-GB\" align=\"justify\"><span style=\"font-family: Arial, sans-serif;\"><span style=\"font-size: medium;\"><span lang=\"en-US\">-porez na imovinu, naslje\u0111e i poklon napla\u0107en je u iznosu\u00a08.686.646 KM,<\/span><\/span><\/span><\/p>\n<p class=\"western\" align=\"justify\"><span style=\"font-family: Arial, sans-serif;\"><span style=\"font-size: medium;\">-porez na promet nepokretnosti i prava napla\u0107en je u iznosu 6.871.697 KM,<\/span><\/span><\/p>\n<p class=\"western\" lang=\"en-GB\" align=\"justify\"><span style=\"font-family: Arial, sans-serif;\"><span style=\"font-size: medium;\"><span lang=\"en-US\">-zaostali prihodi od ostalih poreza napla\u0107eni su u iznosu 36.529 KM,<\/span><\/span><\/span><\/p>\n<p class=\"western\" lang=\"en-GB\" align=\"justify\"><span style=\"font-family: Arial, sans-serif;\"><span style=\"font-size: medium;\"><span lang=\"en-US\">-takse i naknade su napla\u0107ene u iznosu <\/span><\/span><\/span><span style=\"font-family: Arial, sans-serif;\"><span style=\"font-size: medium;\"><span lang=\"en-US\">62.127.299 <\/span><\/span><\/span><span style=\"font-family: Arial, sans-serif;\"><span style=\"font-size: medium;\"><span lang=\"en-US\">KM,<\/span><\/span><\/span><\/p>\n<p class=\"western\" lang=\"en-GB\" align=\"justify\"><span style=\"font-family: Arial, sans-serif;\"><span style=\"font-size: medium;\"><span lang=\"en-US\">-nov\u010dane kazne su napla\u0107ene u iznosu <\/span><\/span><\/span><span style=\"font-family: Arial, sans-serif;\"><span style=\"font-size: medium;\"><span lang=\"en-US\">6.478.220 <\/span><\/span><\/span><span style=\"font-family: Arial, sans-serif;\"><span style=\"font-size: medium;\"><span lang=\"en-US\">KM,<\/span><\/span><\/span><\/p>\n<p class=\"western\" lang=\"en-GB\" align=\"justify\"><span style=\"font-family: Arial, sans-serif;\"><span style=\"font-size: medium;\"><span lang=\"en-US\">-\u010dlanarine su napla\u0107ene u iznosu\u00a0<\/span><\/span><\/span><span style=\"font-family: Arial, sans-serif;\"><span style=\"font-size: medium;\"><span lang=\"en-US\">1.116.033 <\/span><\/span><\/span><span style=\"font-family: Arial, sans-serif;\"><span style=\"font-size: medium;\"><span lang=\"en-US\">KM,<\/span><\/span><\/span><\/p>\n<p class=\"western\" lang=\"en-GB\" align=\"justify\"><span style=\"font-family: Arial, sans-serif;\"><span style=\"font-size: medium;\"><span lang=\"en-US\">-ostali javni prihodi napla\u0107eni su u iznosu <\/span><\/span><\/span><span style=\"font-family: Arial, sans-serif;\"><span style=\"font-size: medium;\"><span lang=\"en-US\">298.114 <\/span><\/span><\/span><span style=\"font-family: Arial, sans-serif;\"><span style=\"font-size: medium;\"><span lang=\"en-US\">KM.<\/span><\/span><\/span><\/p>\n<p class=\"western\" lang=\"en-GB\" align=\"justify\"><span style=\"font-family: Arial, sans-serif;\"><span style=\"font-size: medium;\"><span lang=\"en-US\">U januaru 2025. godine napla\u0107eni su doprinosi za penzijsko i invalidsko osiguranje, zdravstveno osiguranje i doprinosi za slu\u010daj nezaposlenosti u ukupnom iznosu<\/span><\/span><\/span><b> <\/b><span style=\"font-family: Arial, sans-serif;\"><span style=\"font-size: medium;\"><span lang=\"en-US\">449.315.945 <\/span><\/span><\/span><span style=\"font-family: Arial, sans-serif;\"><span style=\"font-size: medium;\"><span lang=\"en-US\">KM.<\/span><\/span><\/span><\/p>\n<p class=\"western\" align=\"justify\"><span style=\"font-family: Arial, sans-serif;\"><span style=\"font-size: medium;\">U strukturi doprinosa u januaru 2025. godine napla\u0107eni su:<\/span><\/span><\/p>\n<p class=\"western\" lang=\"en-GB\" align=\"justify\"><span style=\"font-family: Arial, sans-serif;\"><span style=\"font-size: medium;\"><span lang=\"en-US\">-doprinosi za PIO\/MIO u iznosu 253.697.810 KM,<\/span><\/span><\/span><\/p>\n<p class=\"western\" lang=\"en-GB\" align=\"justify\"><span style=\"font-family: Arial, sans-serif;\"><span style=\"font-size: medium;\"><span lang=\"en-US\">-doprinosi za zdravstveno osiguranje u iznosu 174.719.649 KM<\/span><\/span><\/span><\/p>\n<p class=\"western\" lang=\"en-GB\" align=\"justify\"><span style=\"font-family: Arial, sans-serif;\"><span style=\"font-size: medium;\"><span lang=\"en-US\">-doprinosi za osiguranje za slu\u010daj nezaposlenosti u iznosu 20.898.486 KM.\u00a0<\/span><\/span><\/span><\/p>\n<p class=\"western\" align=\"justify\"><span style=\"font-family: Arial, sans-serif;\"><span style=\"font-size: medium;\"><b>Broj zaposlenih u Federaciji BiH<\/b><\/span><\/span><\/p>\n<p class=\"western\" lang=\"en-GB\" align=\"justify\"><strong><span style=\"font-family: Arial, sans-serif;\"><span style=\"font-size: medium;\"><span lang=\"bs-BA\">Broj zaposlenih prema prebivali\u0161tu zaposlenika na dan 31.1.2025. godine je 546.863. U odnosu na objavljeni podatak o broju zaposlenih na dan 31.1.2024. godine, kada je broj zaposlenih iznosio 541.668, ovaj broj je ve\u0107i za 5.195, a u odnosu na prethodno objavljeni podatak o broju zaposlenih na dan 31.12.2024. godine, kada je iznosio 551.452, manji je za 4.589.<\/span><\/span><\/span><\/strong><\/p>\n<table width=\"711\" cellspacing=\"0\" cellpadding=\"9\">\n<tbody>\n<tr>\n<td colspan=\"4\" width=\"691\" height=\"44\">\n<p class=\"western\" lang=\"en-GB\" align=\"center\"><span style=\"font-family: Arial, sans-serif;\"><span style=\"font-size: medium;\"><span lang=\"en-US\"><b>Broj zaposlenih prema prebivali\u0161tu osiguranog lica<\/b><\/span><\/span><\/span><\/p>\n<\/td>\n<\/tr>\n<tr>\n<td width=\"295\" height=\"65\">\n<p class=\"western\" align=\"center\"><span style=\"font-family: Arial, sans-serif;\"><b>Kanton<\/b><\/span><\/p>\n<\/td>\n<td width=\"116\">\n<p class=\"western\" align=\"center\"><span style=\"font-family: Arial, sans-serif;\"><span style=\"font-size: medium;\"><b>Broj zaposlenih po prebivali\u0161tu zaposlenika na dan 31.01.2025.<\/b><\/span><\/span><\/p>\n<\/td>\n<td width=\"116\">\n<p class=\"western\" align=\"center\"><span style=\"font-family: Arial, sans-serif;\"><span style=\"font-size: medium;\"><b>Broj zaposlenih po prebivali\u0161tu zaposlenika na dan 31.01.2024.<\/b><\/span><\/span><\/p>\n<\/td>\n<td width=\"111\">\n<p class=\"western\" align=\"center\"><span style=\"font-family: Arial, sans-serif;\"><span style=\"font-size: medium;\"><b>Razlika 2025 &#8211; 2024<\/b><\/span><\/span><\/p>\n<\/td>\n<\/tr>\n<tr>\n<td width=\"295\" height=\"9\">\n<p class=\"western\" lang=\"en-GB\"><span style=\"color: #000000;\"><span style=\"font-family: Arial, sans-serif;\"><span lang=\"en-US\">Kanton Sarajevo<\/span><\/span><\/span><\/p>\n<\/td>\n<td valign=\"top\" width=\"116\">\n<p class=\"western\" align=\"right\"><span style=\"font-family: Arial, sans-serif;\"><span style=\"font-size: medium;\">150.352<\/span><\/span><\/p>\n<\/td>\n<td width=\"116\">\n<p class=\"western\" align=\"right\"><span style=\"font-family: Arial, sans-serif;\"><span style=\"font-size: medium;\">147.796<\/span><\/span><\/p>\n<\/td>\n<td width=\"111\">\n<p class=\"western\" align=\"center\"><span style=\"font-family: Arial, sans-serif;\"><span style=\"font-size: medium;\">2.556<\/span><\/span><\/p>\n<\/td>\n<\/tr>\n<tr>\n<td width=\"295\" height=\"9\">\n<p class=\"western\"><span style=\"font-family: Arial, sans-serif;\">Tuzlanski kanton<\/span><\/p>\n<\/td>\n<td valign=\"top\" width=\"116\">\n<p class=\"western\" align=\"right\"><span style=\"font-family: Arial, sans-serif;\"><span style=\"font-size: medium;\">104.406<\/span><\/span><\/p>\n<\/td>\n<td width=\"116\">\n<p class=\"western\" align=\"right\"><span style=\"font-family: Arial, sans-serif;\"><span style=\"font-size: medium;\">104.061<\/span><\/span><\/p>\n<\/td>\n<td width=\"111\">\n<p class=\"western\" align=\"center\"><span style=\"font-family: Arial, sans-serif;\"><span style=\"font-size: medium;\">345<\/span><\/span><\/p>\n<\/td>\n<\/tr>\n<tr>\n<td width=\"295\" height=\"9\">\n<p class=\"western\"><span style=\"font-family: Arial, sans-serif;\">Zeni\u010dko-dobojski kanton<\/span><\/p>\n<\/td>\n<td valign=\"top\" width=\"116\">\n<p class=\"western\" align=\"right\"><span style=\"font-family: Arial, sans-serif;\"><span style=\"font-size: medium;\">87.492<\/span><\/span><\/p>\n<\/td>\n<td width=\"116\">\n<p class=\"western\" align=\"right\"><span style=\"font-family: Arial, sans-serif;\"><span style=\"font-size: medium;\">87.231<\/span><\/span><\/p>\n<\/td>\n<td width=\"111\">\n<p class=\"western\" align=\"center\"><span style=\"font-family: Arial, sans-serif;\"><span style=\"font-size: medium;\">261<\/span><\/span><\/p>\n<\/td>\n<\/tr>\n<tr>\n<td width=\"295\" height=\"9\">\n<p class=\"western\"><span style=\"font-family: Arial, sans-serif;\">Hercegova\u010dko-neretvanski kanton<\/span><\/p>\n<\/td>\n<td valign=\"top\" width=\"116\">\n<p class=\"western\" align=\"right\"><span style=\"font-family: Arial, sans-serif;\"><span style=\"font-size: medium;\">56.525<\/span><\/span><\/p>\n<\/td>\n<td width=\"116\">\n<p class=\"western\" align=\"right\"><span style=\"font-family: Arial, sans-serif;\"><span style=\"font-size: medium;\">55.877<\/span><\/span><\/p>\n<\/td>\n<td width=\"111\">\n<p class=\"western\" align=\"center\"><span style=\"font-family: Arial, sans-serif;\"><span style=\"font-size: medium;\">648<\/span><\/span><\/p>\n<\/td>\n<\/tr>\n<tr>\n<td width=\"295\" height=\"9\">\n<p class=\"western\"><span style=\"font-family: Arial, sans-serif;\">Srednjobosanski kanton <\/span><\/p>\n<\/td>\n<td valign=\"top\" width=\"116\">\n<p class=\"western\" align=\"right\"><span style=\"font-family: Arial, sans-serif;\"><span style=\"font-size: medium;\">51.543<\/span><\/span><\/p>\n<\/td>\n<td width=\"116\">\n<p class=\"western\" align=\"right\"><span style=\"font-family: Arial, sans-serif;\"><span style=\"font-size: medium;\">51.685<\/span><\/span><\/p>\n<\/td>\n<td width=\"111\">\n<p class=\"western\" align=\"center\"><span style=\"font-family: Arial, sans-serif;\"><span style=\"font-size: medium;\">-142<\/span><\/span><\/p>\n<\/td>\n<\/tr>\n<tr>\n<td width=\"295\" height=\"9\">\n<p class=\"western\"><span style=\"font-family: Arial, sans-serif;\">Unsko-sanski kanton<\/span><\/p>\n<\/td>\n<td valign=\"top\" width=\"116\">\n<p class=\"western\" align=\"right\"><span style=\"font-family: Arial, sans-serif;\"><span style=\"font-size: medium;\">39.086<\/span><\/span><\/p>\n<\/td>\n<td width=\"116\">\n<p class=\"western\" align=\"right\"><span style=\"font-family: Arial, sans-serif;\"><span style=\"font-size: medium;\">38.572<\/span><\/span><\/p>\n<\/td>\n<td width=\"111\">\n<p class=\"western\" align=\"center\"><span style=\"font-family: Arial, sans-serif;\"><span style=\"font-size: medium;\">514<\/span><\/span><\/p>\n<\/td>\n<\/tr>\n<tr>\n<td width=\"295\" height=\"9\">\n<p class=\"western\"><span style=\"font-family: Arial, sans-serif;\">Zapadnohercegova\u010dki kanton<\/span><\/p>\n<\/td>\n<td valign=\"top\" width=\"116\">\n<p class=\"western\" align=\"right\"><span style=\"font-family: Arial, sans-serif;\"><span style=\"font-size: medium;\">22.856<\/span><\/span><\/p>\n<\/td>\n<td width=\"116\">\n<p class=\"western\" align=\"right\"><span style=\"font-family: Arial, sans-serif;\"><span style=\"font-size: medium;\">22.393<\/span><\/span><\/p>\n<\/td>\n<td width=\"111\">\n<p class=\"western\" align=\"center\"><span style=\"font-family: Arial, sans-serif;\"><span style=\"font-size: medium;\">463<\/span><\/span><\/p>\n<\/td>\n<\/tr>\n<tr>\n<td width=\"295\" height=\"9\">\n<p class=\"western\"><span style=\"font-family: Arial, sans-serif;\">Kanton 10 <\/span><\/p>\n<\/td>\n<td valign=\"top\" width=\"116\">\n<p class=\"western\" align=\"right\"><span style=\"font-family: Arial, sans-serif;\"><span style=\"font-size: medium;\">11.731<\/span><\/span><\/p>\n<\/td>\n<td width=\"116\">\n<p class=\"western\" align=\"right\"><span style=\"font-family: Arial, sans-serif;\"><span style=\"font-size: medium;\">11.552<\/span><\/span><\/p>\n<\/td>\n<td width=\"111\">\n<p class=\"western\" align=\"center\"><span style=\"font-family: Arial, sans-serif;\"><span style=\"font-size: medium;\">179<\/span><\/span><\/p>\n<\/td>\n<\/tr>\n<tr>\n<td width=\"295\" height=\"9\">\n<p class=\"western\" lang=\"en-GB\"><span style=\"color: #000000;\"><span style=\"font-family: Arial, sans-serif;\"><span lang=\"en-US\">Bosansko-podrinjski kanton<\/span><\/span><\/span><\/p>\n<\/td>\n<td valign=\"top\" width=\"116\">\n<p class=\"western\" align=\"right\"><span style=\"font-family: Arial, sans-serif;\"><span style=\"font-size: medium;\">7.521<\/span><\/span><\/p>\n<\/td>\n<td width=\"116\">\n<p class=\"western\" align=\"right\"><span style=\"font-family: Arial, sans-serif;\"><span style=\"font-size: medium;\">7.466<\/span><\/span><\/p>\n<\/td>\n<td width=\"111\">\n<p class=\"western\" align=\"center\"><span style=\"font-family: Arial, sans-serif;\"><span style=\"font-size: medium;\">55<\/span><\/span><\/p>\n<\/td>\n<\/tr>\n<tr>\n<td width=\"295\" height=\"9\">\n<p class=\"western\"><span style=\"font-family: Arial, sans-serif;\">Posavski kanton<\/span><\/p>\n<\/td>\n<td valign=\"top\" width=\"116\">\n<p class=\"western\" align=\"right\"><span style=\"font-family: Arial, sans-serif;\"><span style=\"font-size: medium;\">5.875<\/span><\/span><\/p>\n<\/td>\n<td width=\"116\">\n<p class=\"western\" align=\"right\"><span style=\"font-family: Arial, sans-serif;\"><span style=\"font-size: medium;\">5.795<\/span><\/span><\/p>\n<\/td>\n<td width=\"111\">\n<p class=\"western\" align=\"center\"><span style=\"font-family: Arial, sans-serif;\"><span style=\"font-size: medium;\">80<\/span><\/span><\/p>\n<\/td>\n<\/tr>\n<tr>\n<td width=\"295\" height=\"9\">\n<p class=\"western\" lang=\"en-GB\"><span style=\"color: #000000;\"><span style=\"font-family: Arial, sans-serif;\"><span lang=\"en-US\">Republika Srpska<\/span><\/span><\/span><\/p>\n<\/td>\n<td valign=\"top\" width=\"116\">\n<p class=\"western\" align=\"right\"><span style=\"font-family: Arial, sans-serif;\"><span style=\"font-size: medium;\">8.587<\/span><\/span><\/p>\n<\/td>\n<td width=\"116\">\n<p class=\"western\" align=\"right\"><span style=\"font-family: Arial, sans-serif;\"><span style=\"font-size: medium;\">8.386<\/span><\/span><\/p>\n<\/td>\n<td width=\"111\">\n<p class=\"western\" align=\"center\"><span style=\"font-family: Arial, sans-serif;\"><span style=\"font-size: medium;\">201<\/span><\/span><\/p>\n<\/td>\n<\/tr>\n<tr>\n<td width=\"295\" height=\"9\">\n<p class=\"western\"><span style=\"font-family: Arial, sans-serif;\">Br\u010dko distrikt<\/span><\/p>\n<\/td>\n<td valign=\"top\" width=\"116\">\n<p class=\"western\" align=\"right\"><span style=\"font-family: Arial, sans-serif;\"><span style=\"font-size: medium;\">889<\/span><\/span><\/p>\n<\/td>\n<td width=\"116\">\n<p class=\"western\" align=\"right\"><span style=\"font-family: Arial, sans-serif;\"><span style=\"font-size: medium;\">854<\/span><\/span><\/p>\n<\/td>\n<td width=\"111\">\n<p class=\"western\" align=\"center\"><span style=\"font-family: Arial, sans-serif;\"><span style=\"font-size: medium;\">35<\/span><\/span><\/p>\n<\/td>\n<\/tr>\n<tr>\n<td width=\"295\" height=\"8\">\n<p class=\"western\" align=\"center\"><span style=\"font-family: Arial, sans-serif;\"><span style=\"font-size: medium;\"><b>Ukupno:<\/b><\/span><\/span><\/p>\n<\/td>\n<td width=\"116\">\n<p class=\"western\" align=\"right\"><span style=\"font-family: Arial, sans-serif;\"><span style=\"font-size: medium;\"><b>546.863<\/b><\/span><\/span><\/p>\n<\/td>\n<td width=\"116\">\n<p class=\"western\" align=\"right\"><span style=\"font-family: Arial, sans-serif;\"><span style=\"font-size: medium;\"><b>541.668<\/b><\/span><\/span><\/p>\n<\/td>\n<td width=\"111\">\n<p class=\"western\" align=\"center\"><span style=\"font-family: Arial, sans-serif;\"><span style=\"font-size: medium;\"><b>5.195<\/b><\/span><\/span><\/p>\n<\/td>\n<\/tr>\n<\/tbody>\n<\/table>\n<p class=\"western\" lang=\"en-GB\" align=\"justify\"><span style=\"font-family: Arial, sans-serif;\"><span style=\"font-size: medium;\">Stanje broja zaposlenih na dan 31.1.2025. godine po prebivali\u0161tu zaposlenika i sjedi\u0161tu poslodavca razvrstanih po kantonima i op\u0107inama mo\u017ee se vidjeti na linku<\/span><\/span>: <span style=\"color: #0000ff;\"><u><a href=\"https:\/\/pufbih.ba\/v1\/public\/upload\/files\/31_01_2025.pdf\"><span style=\"font-family: Arial, sans-serif;\"><span style=\"font-size: medium;\">https:\/\/pufbih.ba\/v1\/public\/upload\/files\/31_01_2025.pdf<\/span><\/span><\/a><\/u><\/span><span style=\"font-family: Arial, sans-serif;\"><span style=\"font-size: medium;\"> .\u00a0<\/span><\/span><\/p>\n<p class=\"western\" lang=\"en-GB\" align=\"justify\"><span style=\"font-family: Arial, sans-serif;\"><span style=\"font-size: medium;\">Na <\/span><\/span><span style=\"font-family: Arial, sans-serif;\"><span style=\"font-size: medium;\"><span lang=\"en-US\">dan 31.1.2025. godine u Federaciji BiH zaposleno je <\/span><\/span><\/span><span style=\"color: #000000;\"><span style=\"font-family: Arial, sans-serif;\"><span lang=\"en-US\">303.735<\/span><\/span><\/span> <span style=\"font-family: Arial, sans-serif;\"><span style=\"font-size: medium;\">ili <\/span><\/span><span style=\"color: #000000;\"><span style=\"font-family: Arial, sans-serif;\"><span lang=\"en-US\">55,54<\/span><\/span><\/span><span style=\"font-family: Arial, sans-serif;\"><span style=\"font-size: medium;\">% mu\u0161karaca i <\/span><\/span><span style=\"color: #000000;\"><span style=\"font-family: Arial, sans-serif;\"><span lang=\"en-US\">243.128 <\/span><\/span><\/span><span style=\"font-family: Arial, sans-serif;\"><span style=\"font-size: medium;\">ili <\/span><\/span><span style=\"color: #000000;\"><span style=\"font-family: Arial, sans-serif;\"><span lang=\"en-US\">44,46 <\/span><\/span><\/span><span style=\"font-family: Arial, sans-serif;\"><span style=\"font-size: medium;\">% \u017eena. <\/span><\/span><\/p>\n","protected":false},"excerpt":{"rendered":"<p>Porezna uprava Federacije BiH obavje\u0161tava javnost da su porezni obveznici Federacije BiH\u00a0u januaru 2025. godine&hellip;<\/p>\n","protected":false},"author":4,"featured_media":160169,"comment_status":"closed","ping_status":"closed","sticky":false,"template":"","format":"standard","meta":{"_acf_changed":false,"footnotes":""},"categories":[304,12],"tags":[4019,360],"acf":[],"yoast_head":"<!-- This site is optimized with the Yoast SEO plugin v23.5 - https:\/\/yoast.com\/wordpress\/plugins\/seo\/ -->\n<title>Pove\u0107anje javnih prihoda u Tuzlanskom kantonu: U januaru upla\u0107eno 105 miliona KM - TuzlaInfo.ba<\/title>\n<meta name=\"robots\" content=\"index, follow, max-snippet:-1, max-image-preview:large, max-video-preview:-1\" \/>\n<link rel=\"canonical\" href=\"https:\/\/tuzlainfo.ba\/index.php\/istaknuto\/item\/262224-povecanje-javnih-prihoda-u-tuzlanskom-kantonu-u-januaru-uplaceno-105-miliona-km\/\" \/>\n<meta property=\"og:locale\" content=\"bs_BA\" \/>\n<meta property=\"og:type\" content=\"article\" \/>\n<meta property=\"og:title\" content=\"Pove\u0107anje javnih prihoda u Tuzlanskom kantonu: U januaru upla\u0107eno 105 miliona KM - TuzlaInfo.ba\" \/>\n<meta property=\"og:description\" content=\"Porezna uprava Federacije BiH obavje\u0161tava javnost da su porezni obveznici Federacije BiH\u00a0u januaru 2025. godine&hellip;\" \/>\n<meta property=\"og:url\" content=\"https:\/\/tuzlainfo.ba\/index.php\/istaknuto\/item\/262224-povecanje-javnih-prihoda-u-tuzlanskom-kantonu-u-januaru-uplaceno-105-miliona-km\/\" \/>\n<meta property=\"og:site_name\" content=\"TuzlaInfo.ba\" \/>\n<meta property=\"article:publisher\" content=\"https:\/\/www.facebook.com\/tuzlainfo.ba\/\" \/>\n<meta property=\"article:published_time\" content=\"2025-02-07T12:05:48+00:00\" \/>\n<meta property=\"article:modified_time\" content=\"2025-02-07T11:25:18+00:00\" \/>\n<meta property=\"og:image\" content=\"https:\/\/tuzlainfo.ba\/wp-content\/uploads\/2022\/01\/0301_novac_KM.jpg\" \/>\n\t<meta property=\"og:image:width\" content=\"1200\" \/>\n\t<meta property=\"og:image:height\" content=\"900\" \/>\n\t<meta property=\"og:image:type\" content=\"image\/jpeg\" \/>\n<meta name=\"author\" content=\"Tuzla Info\" \/>\n<meta name=\"twitter:card\" content=\"summary_large_image\" \/>\n<meta name=\"twitter:label1\" content=\"Written by\" \/>\n\t<meta name=\"twitter:data1\" content=\"Tuzla Info\" \/>\n\t<meta name=\"twitter:label2\" content=\"Est. reading time\" \/>\n\t<meta name=\"twitter:data2\" content=\"3 minute\" \/>\n<script type=\"application\/ld+json\" class=\"yoast-schema-graph\">{\"@context\":\"https:\/\/schema.org\",\"@graph\":[{\"@type\":\"Article\",\"@id\":\"https:\/\/tuzlainfo.ba\/index.php\/istaknuto\/item\/262224-povecanje-javnih-prihoda-u-tuzlanskom-kantonu-u-januaru-uplaceno-105-miliona-km\/#article\",\"isPartOf\":{\"@id\":\"https:\/\/tuzlainfo.ba\/index.php\/istaknuto\/item\/262224-povecanje-javnih-prihoda-u-tuzlanskom-kantonu-u-januaru-uplaceno-105-miliona-km\/\"},\"author\":{\"name\":\"Tuzla Info\",\"@id\":\"https:\/\/tuzlainfo.ba\/#\/schema\/person\/46cad4c57790cbc50781edd14870825a\"},\"headline\":\"Pove\u0107anje javnih prihoda u Tuzlanskom kantonu: U januaru upla\u0107eno 105 miliona KM\",\"datePublished\":\"2025-02-07T12:05:48+00:00\",\"dateModified\":\"2025-02-07T11:25:18+00:00\",\"mainEntityOfPage\":{\"@id\":\"https:\/\/tuzlainfo.ba\/index.php\/istaknuto\/item\/262224-povecanje-javnih-prihoda-u-tuzlanskom-kantonu-u-januaru-uplaceno-105-miliona-km\/\"},\"wordCount\":425,\"publisher\":{\"@id\":\"https:\/\/tuzlainfo.ba\/#organization\"},\"image\":{\"@id\":\"https:\/\/tuzlainfo.ba\/index.php\/istaknuto\/item\/262224-povecanje-javnih-prihoda-u-tuzlanskom-kantonu-u-januaru-uplaceno-105-miliona-km\/#primaryimage\"},\"thumbnailUrl\":\"https:\/\/tuzlainfo.ba\/wp-content\/uploads\/2022\/01\/0301_novac_KM.jpg\",\"keywords\":[\"javni prihodi\",\"tuzlanski kanton\"],\"articleSection\":[\"Istaknuto\",\"Novosti\"],\"inLanguage\":\"bs-BA\"},{\"@type\":\"WebPage\",\"@id\":\"https:\/\/tuzlainfo.ba\/index.php\/istaknuto\/item\/262224-povecanje-javnih-prihoda-u-tuzlanskom-kantonu-u-januaru-uplaceno-105-miliona-km\/\",\"url\":\"https:\/\/tuzlainfo.ba\/index.php\/istaknuto\/item\/262224-povecanje-javnih-prihoda-u-tuzlanskom-kantonu-u-januaru-uplaceno-105-miliona-km\/\",\"name\":\"Pove\u0107anje javnih prihoda u Tuzlanskom kantonu: U januaru upla\u0107eno 105 miliona KM - TuzlaInfo.ba\",\"isPartOf\":{\"@id\":\"https:\/\/tuzlainfo.ba\/#website\"},\"primaryImageOfPage\":{\"@id\":\"https:\/\/tuzlainfo.ba\/index.php\/istaknuto\/item\/262224-povecanje-javnih-prihoda-u-tuzlanskom-kantonu-u-januaru-uplaceno-105-miliona-km\/#primaryimage\"},\"image\":{\"@id\":\"https:\/\/tuzlainfo.ba\/index.php\/istaknuto\/item\/262224-povecanje-javnih-prihoda-u-tuzlanskom-kantonu-u-januaru-uplaceno-105-miliona-km\/#primaryimage\"},\"thumbnailUrl\":\"https:\/\/tuzlainfo.ba\/wp-content\/uploads\/2022\/01\/0301_novac_KM.jpg\",\"datePublished\":\"2025-02-07T12:05:48+00:00\",\"dateModified\":\"2025-02-07T11:25:18+00:00\",\"breadcrumb\":{\"@id\":\"https:\/\/tuzlainfo.ba\/index.php\/istaknuto\/item\/262224-povecanje-javnih-prihoda-u-tuzlanskom-kantonu-u-januaru-uplaceno-105-miliona-km\/#breadcrumb\"},\"inLanguage\":\"bs-BA\",\"potentialAction\":[{\"@type\":\"ReadAction\",\"target\":[\"https:\/\/tuzlainfo.ba\/index.php\/istaknuto\/item\/262224-povecanje-javnih-prihoda-u-tuzlanskom-kantonu-u-januaru-uplaceno-105-miliona-km\/\"]}]},{\"@type\":\"ImageObject\",\"inLanguage\":\"bs-BA\",\"@id\":\"https:\/\/tuzlainfo.ba\/index.php\/istaknuto\/item\/262224-povecanje-javnih-prihoda-u-tuzlanskom-kantonu-u-januaru-uplaceno-105-miliona-km\/#primaryimage\",\"url\":\"https:\/\/tuzlainfo.ba\/wp-content\/uploads\/2022\/01\/0301_novac_KM.jpg\",\"contentUrl\":\"https:\/\/tuzlainfo.ba\/wp-content\/uploads\/2022\/01\/0301_novac_KM.jpg\",\"width\":1200,\"height\":900},{\"@type\":\"BreadcrumbList\",\"@id\":\"https:\/\/tuzlainfo.ba\/index.php\/istaknuto\/item\/262224-povecanje-javnih-prihoda-u-tuzlanskom-kantonu-u-januaru-uplaceno-105-miliona-km\/#breadcrumb\",\"itemListElement\":[{\"@type\":\"ListItem\",\"position\":1,\"name\":\"Home\",\"item\":\"https:\/\/tuzlainfo.ba\/\"},{\"@type\":\"ListItem\",\"position\":2,\"name\":\"Pove\u0107anje javnih prihoda u Tuzlanskom kantonu: U januaru upla\u0107eno 105 miliona KM\"}]},{\"@type\":\"WebSite\",\"@id\":\"https:\/\/tuzlainfo.ba\/#website\",\"url\":\"https:\/\/tuzlainfo.ba\/\",\"name\":\"TuzlaInfo.ba\",\"description\":\"Tuzla info, gradski informator - Tuzla na dlanu\",\"publisher\":{\"@id\":\"https:\/\/tuzlainfo.ba\/#organization\"},\"potentialAction\":[{\"@type\":\"SearchAction\",\"target\":{\"@type\":\"EntryPoint\",\"urlTemplate\":\"https:\/\/tuzlainfo.ba\/?s={search_term_string}\"},\"query-input\":{\"@type\":\"PropertyValueSpecification\",\"valueRequired\":true,\"valueName\":\"search_term_string\"}}],\"inLanguage\":\"bs-BA\"},{\"@type\":\"Organization\",\"@id\":\"https:\/\/tuzlainfo.ba\/#organization\",\"name\":\"TuzlaInfo.ba\",\"url\":\"https:\/\/tuzlainfo.ba\/\",\"logo\":{\"@type\":\"ImageObject\",\"inLanguage\":\"bs-BA\",\"@id\":\"https:\/\/tuzlainfo.ba\/#\/schema\/logo\/image\/\",\"url\":\"https:\/\/tuzlainfo.ba\/wp-content\/uploads\/2021\/03\/logo-ver-3-1.png\",\"contentUrl\":\"https:\/\/tuzlainfo.ba\/wp-content\/uploads\/2021\/03\/logo-ver-3-1.png\",\"width\":350,\"height\":95,\"caption\":\"TuzlaInfo.ba\"},\"image\":{\"@id\":\"https:\/\/tuzlainfo.ba\/#\/schema\/logo\/image\/\"},\"sameAs\":[\"https:\/\/www.facebook.com\/tuzlainfo.ba\/\"]},{\"@type\":\"Person\",\"@id\":\"https:\/\/tuzlainfo.ba\/#\/schema\/person\/46cad4c57790cbc50781edd14870825a\",\"name\":\"Tuzla Info\",\"image\":{\"@type\":\"ImageObject\",\"inLanguage\":\"bs-BA\",\"@id\":\"https:\/\/tuzlainfo.ba\/#\/schema\/person\/image\/\",\"url\":\"https:\/\/tuzlainfo.ba\/wp-content\/litespeed\/avatar\/b6c453a6c38e3654f2e4416c643fc25c.jpg?ver=1777051911\",\"contentUrl\":\"https:\/\/tuzlainfo.ba\/wp-content\/litespeed\/avatar\/b6c453a6c38e3654f2e4416c643fc25c.jpg?ver=1777051911\",\"caption\":\"Tuzla Info\"}}]}<\/script>\n<!-- \/ Yoast SEO plugin. -->","yoast_head_json":{"title":"Pove\u0107anje javnih prihoda u Tuzlanskom kantonu: U januaru upla\u0107eno 105 miliona KM - TuzlaInfo.ba","robots":{"index":"index","follow":"follow","max-snippet":"max-snippet:-1","max-image-preview":"max-image-preview:large","max-video-preview":"max-video-preview:-1"},"canonical":"https:\/\/tuzlainfo.ba\/index.php\/istaknuto\/item\/262224-povecanje-javnih-prihoda-u-tuzlanskom-kantonu-u-januaru-uplaceno-105-miliona-km\/","og_locale":"bs_BA","og_type":"article","og_title":"Pove\u0107anje javnih prihoda u Tuzlanskom kantonu: U januaru upla\u0107eno 105 miliona KM - TuzlaInfo.ba","og_description":"Porezna uprava Federacije BiH obavje\u0161tava javnost da su porezni obveznici Federacije BiH\u00a0u januaru 2025. godine&hellip;","og_url":"https:\/\/tuzlainfo.ba\/index.php\/istaknuto\/item\/262224-povecanje-javnih-prihoda-u-tuzlanskom-kantonu-u-januaru-uplaceno-105-miliona-km\/","og_site_name":"TuzlaInfo.ba","article_publisher":"https:\/\/www.facebook.com\/tuzlainfo.ba\/","article_published_time":"2025-02-07T12:05:48+00:00","article_modified_time":"2025-02-07T11:25:18+00:00","og_image":[{"width":1200,"height":900,"url":"https:\/\/tuzlainfo.ba\/wp-content\/uploads\/2022\/01\/0301_novac_KM.jpg","type":"image\/jpeg"}],"author":"Tuzla Info","twitter_card":"summary_large_image","twitter_misc":{"Written by":"Tuzla Info","Est. reading time":"3 minute"},"schema":{"@context":"https:\/\/schema.org","@graph":[{"@type":"Article","@id":"https:\/\/tuzlainfo.ba\/index.php\/istaknuto\/item\/262224-povecanje-javnih-prihoda-u-tuzlanskom-kantonu-u-januaru-uplaceno-105-miliona-km\/#article","isPartOf":{"@id":"https:\/\/tuzlainfo.ba\/index.php\/istaknuto\/item\/262224-povecanje-javnih-prihoda-u-tuzlanskom-kantonu-u-januaru-uplaceno-105-miliona-km\/"},"author":{"name":"Tuzla Info","@id":"https:\/\/tuzlainfo.ba\/#\/schema\/person\/46cad4c57790cbc50781edd14870825a"},"headline":"Pove\u0107anje javnih prihoda u Tuzlanskom kantonu: U januaru upla\u0107eno 105 miliona KM","datePublished":"2025-02-07T12:05:48+00:00","dateModified":"2025-02-07T11:25:18+00:00","mainEntityOfPage":{"@id":"https:\/\/tuzlainfo.ba\/index.php\/istaknuto\/item\/262224-povecanje-javnih-prihoda-u-tuzlanskom-kantonu-u-januaru-uplaceno-105-miliona-km\/"},"wordCount":425,"publisher":{"@id":"https:\/\/tuzlainfo.ba\/#organization"},"image":{"@id":"https:\/\/tuzlainfo.ba\/index.php\/istaknuto\/item\/262224-povecanje-javnih-prihoda-u-tuzlanskom-kantonu-u-januaru-uplaceno-105-miliona-km\/#primaryimage"},"thumbnailUrl":"https:\/\/tuzlainfo.ba\/wp-content\/uploads\/2022\/01\/0301_novac_KM.jpg","keywords":["javni prihodi","tuzlanski kanton"],"articleSection":["Istaknuto","Novosti"],"inLanguage":"bs-BA"},{"@type":"WebPage","@id":"https:\/\/tuzlainfo.ba\/index.php\/istaknuto\/item\/262224-povecanje-javnih-prihoda-u-tuzlanskom-kantonu-u-januaru-uplaceno-105-miliona-km\/","url":"https:\/\/tuzlainfo.ba\/index.php\/istaknuto\/item\/262224-povecanje-javnih-prihoda-u-tuzlanskom-kantonu-u-januaru-uplaceno-105-miliona-km\/","name":"Pove\u0107anje javnih prihoda u Tuzlanskom kantonu: U januaru upla\u0107eno 105 miliona KM - TuzlaInfo.ba","isPartOf":{"@id":"https:\/\/tuzlainfo.ba\/#website"},"primaryImageOfPage":{"@id":"https:\/\/tuzlainfo.ba\/index.php\/istaknuto\/item\/262224-povecanje-javnih-prihoda-u-tuzlanskom-kantonu-u-januaru-uplaceno-105-miliona-km\/#primaryimage"},"image":{"@id":"https:\/\/tuzlainfo.ba\/index.php\/istaknuto\/item\/262224-povecanje-javnih-prihoda-u-tuzlanskom-kantonu-u-januaru-uplaceno-105-miliona-km\/#primaryimage"},"thumbnailUrl":"https:\/\/tuzlainfo.ba\/wp-content\/uploads\/2022\/01\/0301_novac_KM.jpg","datePublished":"2025-02-07T12:05:48+00:00","dateModified":"2025-02-07T11:25:18+00:00","breadcrumb":{"@id":"https:\/\/tuzlainfo.ba\/index.php\/istaknuto\/item\/262224-povecanje-javnih-prihoda-u-tuzlanskom-kantonu-u-januaru-uplaceno-105-miliona-km\/#breadcrumb"},"inLanguage":"bs-BA","potentialAction":[{"@type":"ReadAction","target":["https:\/\/tuzlainfo.ba\/index.php\/istaknuto\/item\/262224-povecanje-javnih-prihoda-u-tuzlanskom-kantonu-u-januaru-uplaceno-105-miliona-km\/"]}]},{"@type":"ImageObject","inLanguage":"bs-BA","@id":"https:\/\/tuzlainfo.ba\/index.php\/istaknuto\/item\/262224-povecanje-javnih-prihoda-u-tuzlanskom-kantonu-u-januaru-uplaceno-105-miliona-km\/#primaryimage","url":"https:\/\/tuzlainfo.ba\/wp-content\/uploads\/2022\/01\/0301_novac_KM.jpg","contentUrl":"https:\/\/tuzlainfo.ba\/wp-content\/uploads\/2022\/01\/0301_novac_KM.jpg","width":1200,"height":900},{"@type":"BreadcrumbList","@id":"https:\/\/tuzlainfo.ba\/index.php\/istaknuto\/item\/262224-povecanje-javnih-prihoda-u-tuzlanskom-kantonu-u-januaru-uplaceno-105-miliona-km\/#breadcrumb","itemListElement":[{"@type":"ListItem","position":1,"name":"Home","item":"https:\/\/tuzlainfo.ba\/"},{"@type":"ListItem","position":2,"name":"Pove\u0107anje javnih prihoda u Tuzlanskom kantonu: U januaru upla\u0107eno 105 miliona KM"}]},{"@type":"WebSite","@id":"https:\/\/tuzlainfo.ba\/#website","url":"https:\/\/tuzlainfo.ba\/","name":"TuzlaInfo.ba","description":"Tuzla info, gradski informator - Tuzla na dlanu","publisher":{"@id":"https:\/\/tuzlainfo.ba\/#organization"},"potentialAction":[{"@type":"SearchAction","target":{"@type":"EntryPoint","urlTemplate":"https:\/\/tuzlainfo.ba\/?s={search_term_string}"},"query-input":{"@type":"PropertyValueSpecification","valueRequired":true,"valueName":"search_term_string"}}],"inLanguage":"bs-BA"},{"@type":"Organization","@id":"https:\/\/tuzlainfo.ba\/#organization","name":"TuzlaInfo.ba","url":"https:\/\/tuzlainfo.ba\/","logo":{"@type":"ImageObject","inLanguage":"bs-BA","@id":"https:\/\/tuzlainfo.ba\/#\/schema\/logo\/image\/","url":"https:\/\/tuzlainfo.ba\/wp-content\/uploads\/2021\/03\/logo-ver-3-1.png","contentUrl":"https:\/\/tuzlainfo.ba\/wp-content\/uploads\/2021\/03\/logo-ver-3-1.png","width":350,"height":95,"caption":"TuzlaInfo.ba"},"image":{"@id":"https:\/\/tuzlainfo.ba\/#\/schema\/logo\/image\/"},"sameAs":["https:\/\/www.facebook.com\/tuzlainfo.ba\/"]},{"@type":"Person","@id":"https:\/\/tuzlainfo.ba\/#\/schema\/person\/46cad4c57790cbc50781edd14870825a","name":"Tuzla Info","image":{"@type":"ImageObject","inLanguage":"bs-BA","@id":"https:\/\/tuzlainfo.ba\/#\/schema\/person\/image\/","url":"https:\/\/tuzlainfo.ba\/wp-content\/litespeed\/avatar\/b6c453a6c38e3654f2e4416c643fc25c.jpg?ver=1777051911","contentUrl":"https:\/\/tuzlainfo.ba\/wp-content\/litespeed\/avatar\/b6c453a6c38e3654f2e4416c643fc25c.jpg?ver=1777051911","caption":"Tuzla Info"}}]}},"_links":{"self":[{"href":"https:\/\/tuzlainfo.ba\/index.php\/wp-json\/wp\/v2\/posts\/262224"}],"collection":[{"href":"https:\/\/tuzlainfo.ba\/index.php\/wp-json\/wp\/v2\/posts"}],"about":[{"href":"https:\/\/tuzlainfo.ba\/index.php\/wp-json\/wp\/v2\/types\/post"}],"author":[{"embeddable":true,"href":"https:\/\/tuzlainfo.ba\/index.php\/wp-json\/wp\/v2\/users\/4"}],"replies":[{"embeddable":true,"href":"https:\/\/tuzlainfo.ba\/index.php\/wp-json\/wp\/v2\/comments?post=262224"}],"version-history":[{"count":2,"href":"https:\/\/tuzlainfo.ba\/index.php\/wp-json\/wp\/v2\/posts\/262224\/revisions"}],"predecessor-version":[{"id":262228,"href":"https:\/\/tuzlainfo.ba\/index.php\/wp-json\/wp\/v2\/posts\/262224\/revisions\/262228"}],"wp:featuredmedia":[{"embeddable":true,"href":"https:\/\/tuzlainfo.ba\/index.php\/wp-json\/wp\/v2\/media\/160169"}],"wp:attachment":[{"href":"https:\/\/tuzlainfo.ba\/index.php\/wp-json\/wp\/v2\/media?parent=262224"}],"wp:term":[{"taxonomy":"category","embeddable":true,"href":"https:\/\/tuzlainfo.ba\/index.php\/wp-json\/wp\/v2\/categories?post=262224"},{"taxonomy":"post_tag","embeddable":true,"href":"https:\/\/tuzlainfo.ba\/index.php\/wp-json\/wp\/v2\/tags?post=262224"}],"curies":[{"name":"wp","href":"https:\/\/api.w.org\/{rel}","templated":true}]}}