{"id":261921,"date":"2025-02-03T21:36:32","date_gmt":"2025-02-03T20:36:32","guid":{"rendered":"https:\/\/tuzlainfo.ba\/?p=261921"},"modified":"2025-02-03T21:36:32","modified_gmt":"2025-02-03T20:36:32","slug":"investitor-iz-svicarske-gradi-naselje-u-bih-cijene-stanova-pristupacne-svima","status":"publish","type":"post","link":"https:\/\/tuzlainfo.ba\/index.php\/bosna-i-hercegovina\/item\/261921-investitor-iz-svicarske-gradi-naselje-u-bih-cijene-stanova-pristupacne-svima\/","title":{"rendered":"Investitor iz \u0160vicarske gradi naselje u BiH, cijene stanova pristupa\u010dne svima"},"content":{"rendered":"<p>Sredinom januara otvoreni su radovi na projektu Swiss park Od\u017eak. Investitor je firma Swiss Immobilie, a prva faza obuhvata pet stambenih blokova sa po 16 stanova.<\/p>\n<p>Vlasnik kompanije je\u00a0<strong>Hans Ulrich L\u00fcscher<\/strong> koji je ve\u0107 12 godina prisutan u BiH preko druge kompanije koja posluje tako\u0111er u Od\u017eaku, pi\u0161e <a href=\"https:\/\/www.biznisinfo.ba\/svicarski-investitor-gradi-cijelo-naselje-u-bih-a-novac-mu-nije-glavni-motiv\/\" target=\"_blank\" rel=\"noopener\">BiznisInfo.<\/a><\/p>\n<p>Zanimljivo je da se L\u00fcscher, koji se nedavno penzionisao, odlu\u010dio na ovu veliku investiciju u BiH kako bi stanovnicima Od\u017eaka \u201cjednim dijelom vratio\u201d ono \u0161to su oni njemu \u201cpru\u017eili tokom svih ovih godina\u201d.<\/p>\n<p>Stanovi \u0107e biti pristupa\u010dni svim ljudima, jer je njegov cilj napraviti najbolju mogu\u0107u kvalitetu po pristupa\u010dnim cijenama, a sve kako bi se pru\u017eila mogu\u0107nost \u2013 kako mla\u0111oj tako i starijoj generaciji \u2013 da osjete toplinu svoga doma.<\/p>\n<p>O ovom projketu za\u00a0<strong>BiznisInfo.ba<\/strong>\u00a0je govorio\u00a0<strong>Miralem Deved\u017ei\u0107<\/strong>, direktor firme Swiss Immobilie.<\/p>\n<p>\u2013 Investitor je nakon 12 godina poslovanja u prvobitnoj firmi koju je osnovao u Od\u017eaku penzionisan, te je prilikom svog inicijalnog poslovanja uo\u010dio potencijal koji ima na\u0161e dru\u0161tvo, odnosno na\u0161a dr\u017eava, i pokrenuo je novi projekt \u201cSwiss Park\u201d \u2013 kazao nam je Deved\u017ei\u0107.<\/p>\n<p>Prema njegovim rije\u010dima, radi se o Start Up kompaniji za izgradnju i promet nekretnina na jednom od najatraktivnijih dijelova Od\u017eaka.<\/p>\n","protected":false},"excerpt":{"rendered":"<p>Sredinom januara otvoreni su radovi na projektu Swiss park Od\u017eak. Investitor je firma Swiss Immobilie,&hellip;<\/p>\n","protected":false},"author":2,"featured_media":261922,"comment_status":"closed","ping_status":"closed","sticky":false,"template":"","format":"standard","meta":{"_acf_changed":false,"footnotes":""},"categories":[291],"tags":[8125,11834],"acf":[],"yoast_head":"<!-- This site is optimized with the Yoast SEO plugin v23.5 - https:\/\/yoast.com\/wordpress\/plugins\/seo\/ -->\n<title>Investitor iz \u0160vicarske gradi naselje u BiH, cijene stanova pristupa\u010dne svima - TuzlaInfo.ba<\/title>\n<meta name=\"robots\" content=\"index, follow, max-snippet:-1, max-image-preview:large, max-video-preview:-1\" \/>\n<link rel=\"canonical\" href=\"https:\/\/tuzlainfo.ba\/index.php\/bosna-i-hercegovina\/item\/261921-investitor-iz-svicarske-gradi-naselje-u-bih-cijene-stanova-pristupacne-svima\/\" \/>\n<meta property=\"og:locale\" content=\"bs_BA\" \/>\n<meta property=\"og:type\" content=\"article\" \/>\n<meta property=\"og:title\" content=\"Investitor iz \u0160vicarske gradi naselje u BiH, cijene stanova pristupa\u010dne svima - TuzlaInfo.ba\" \/>\n<meta property=\"og:description\" content=\"Sredinom januara otvoreni su radovi na projektu Swiss park Od\u017eak. Investitor je firma Swiss Immobilie,&hellip;\" \/>\n<meta property=\"og:url\" content=\"https:\/\/tuzlainfo.ba\/index.php\/bosna-i-hercegovina\/item\/261921-investitor-iz-svicarske-gradi-naselje-u-bih-cijene-stanova-pristupacne-svima\/\" \/>\n<meta property=\"og:site_name\" content=\"TuzlaInfo.ba\" \/>\n<meta property=\"article:publisher\" content=\"https:\/\/www.facebook.com\/tuzlainfo.ba\/\" \/>\n<meta property=\"article:published_time\" content=\"2025-02-03T20:36:32+00:00\" \/>\n<meta property=\"og:image\" content=\"https:\/\/tuzlainfo.ba\/wp-content\/uploads\/2025\/02\/0302_svis_odzak.jpg\" \/>\n\t<meta property=\"og:image:width\" content=\"800\" \/>\n\t<meta property=\"og:image:height\" content=\"447\" \/>\n\t<meta property=\"og:image:type\" content=\"image\/jpeg\" \/>\n<meta name=\"author\" content=\"nedim\" \/>\n<meta name=\"twitter:card\" content=\"summary_large_image\" \/>\n<meta name=\"twitter:label1\" content=\"Written by\" \/>\n\t<meta name=\"twitter:data1\" content=\"nedim\" \/>\n\t<meta name=\"twitter:label2\" content=\"Est. reading time\" \/>\n\t<meta name=\"twitter:data2\" content=\"2 minute\" \/>\n<script type=\"application\/ld+json\" class=\"yoast-schema-graph\">{\"@context\":\"https:\/\/schema.org\",\"@graph\":[{\"@type\":\"Article\",\"@id\":\"https:\/\/tuzlainfo.ba\/index.php\/bosna-i-hercegovina\/item\/261921-investitor-iz-svicarske-gradi-naselje-u-bih-cijene-stanova-pristupacne-svima\/#article\",\"isPartOf\":{\"@id\":\"https:\/\/tuzlainfo.ba\/index.php\/bosna-i-hercegovina\/item\/261921-investitor-iz-svicarske-gradi-naselje-u-bih-cijene-stanova-pristupacne-svima\/\"},\"author\":{\"name\":\"nedim\",\"@id\":\"https:\/\/tuzlainfo.ba\/#\/schema\/person\/f434e20dc27ea133923aab08451b7f7f\"},\"headline\":\"Investitor iz \u0160vicarske gradi naselje u BiH, cijene stanova pristupa\u010dne svima\",\"datePublished\":\"2025-02-03T20:36:32+00:00\",\"dateModified\":\"2025-02-03T20:36:32+00:00\",\"mainEntityOfPage\":{\"@id\":\"https:\/\/tuzlainfo.ba\/index.php\/bosna-i-hercegovina\/item\/261921-investitor-iz-svicarske-gradi-naselje-u-bih-cijene-stanova-pristupacne-svima\/\"},\"wordCount\":227,\"publisher\":{\"@id\":\"https:\/\/tuzlainfo.ba\/#organization\"},\"image\":{\"@id\":\"https:\/\/tuzlainfo.ba\/index.php\/bosna-i-hercegovina\/item\/261921-investitor-iz-svicarske-gradi-naselje-u-bih-cijene-stanova-pristupacne-svima\/#primaryimage\"},\"thumbnailUrl\":\"https:\/\/tuzlainfo.ba\/wp-content\/uploads\/2025\/02\/0302_svis_odzak.jpg\",\"keywords\":[\"novogradnja\",\"Swiss park Od\u017eak\"],\"articleSection\":[\"Bosna i Hercegovina\"],\"inLanguage\":\"bs-BA\"},{\"@type\":\"WebPage\",\"@id\":\"https:\/\/tuzlainfo.ba\/index.php\/bosna-i-hercegovina\/item\/261921-investitor-iz-svicarske-gradi-naselje-u-bih-cijene-stanova-pristupacne-svima\/\",\"url\":\"https:\/\/tuzlainfo.ba\/index.php\/bosna-i-hercegovina\/item\/261921-investitor-iz-svicarske-gradi-naselje-u-bih-cijene-stanova-pristupacne-svima\/\",\"name\":\"Investitor iz \u0160vicarske gradi naselje u BiH, cijene stanova pristupa\u010dne svima - TuzlaInfo.ba\",\"isPartOf\":{\"@id\":\"https:\/\/tuzlainfo.ba\/#website\"},\"primaryImageOfPage\":{\"@id\":\"https:\/\/tuzlainfo.ba\/index.php\/bosna-i-hercegovina\/item\/261921-investitor-iz-svicarske-gradi-naselje-u-bih-cijene-stanova-pristupacne-svima\/#primaryimage\"},\"image\":{\"@id\":\"https:\/\/tuzlainfo.ba\/index.php\/bosna-i-hercegovina\/item\/261921-investitor-iz-svicarske-gradi-naselje-u-bih-cijene-stanova-pristupacne-svima\/#primaryimage\"},\"thumbnailUrl\":\"https:\/\/tuzlainfo.ba\/wp-content\/uploads\/2025\/02\/0302_svis_odzak.jpg\",\"datePublished\":\"2025-02-03T20:36:32+00:00\",\"dateModified\":\"2025-02-03T20:36:32+00:00\",\"breadcrumb\":{\"@id\":\"https:\/\/tuzlainfo.ba\/index.php\/bosna-i-hercegovina\/item\/261921-investitor-iz-svicarske-gradi-naselje-u-bih-cijene-stanova-pristupacne-svima\/#breadcrumb\"},\"inLanguage\":\"bs-BA\",\"potentialAction\":[{\"@type\":\"ReadAction\",\"target\":[\"https:\/\/tuzlainfo.ba\/index.php\/bosna-i-hercegovina\/item\/261921-investitor-iz-svicarske-gradi-naselje-u-bih-cijene-stanova-pristupacne-svima\/\"]}]},{\"@type\":\"ImageObject\",\"inLanguage\":\"bs-BA\",\"@id\":\"https:\/\/tuzlainfo.ba\/index.php\/bosna-i-hercegovina\/item\/261921-investitor-iz-svicarske-gradi-naselje-u-bih-cijene-stanova-pristupacne-svima\/#primaryimage\",\"url\":\"https:\/\/tuzlainfo.ba\/wp-content\/uploads\/2025\/02\/0302_svis_odzak.jpg\",\"contentUrl\":\"https:\/\/tuzlainfo.ba\/wp-content\/uploads\/2025\/02\/0302_svis_odzak.jpg\",\"width\":800,\"height\":447},{\"@type\":\"BreadcrumbList\",\"@id\":\"https:\/\/tuzlainfo.ba\/index.php\/bosna-i-hercegovina\/item\/261921-investitor-iz-svicarske-gradi-naselje-u-bih-cijene-stanova-pristupacne-svima\/#breadcrumb\",\"itemListElement\":[{\"@type\":\"ListItem\",\"position\":1,\"name\":\"Home\",\"item\":\"https:\/\/tuzlainfo.ba\/\"},{\"@type\":\"ListItem\",\"position\":2,\"name\":\"Investitor iz \u0160vicarske gradi naselje u BiH, cijene stanova pristupa\u010dne svima\"}]},{\"@type\":\"WebSite\",\"@id\":\"https:\/\/tuzlainfo.ba\/#website\",\"url\":\"https:\/\/tuzlainfo.ba\/\",\"name\":\"TuzlaInfo.ba\",\"description\":\"Tuzla info, gradski informator - Tuzla na dlanu\",\"publisher\":{\"@id\":\"https:\/\/tuzlainfo.ba\/#organization\"},\"potentialAction\":[{\"@type\":\"SearchAction\",\"target\":{\"@type\":\"EntryPoint\",\"urlTemplate\":\"https:\/\/tuzlainfo.ba\/?s={search_term_string}\"},\"query-input\":{\"@type\":\"PropertyValueSpecification\",\"valueRequired\":true,\"valueName\":\"search_term_string\"}}],\"inLanguage\":\"bs-BA\"},{\"@type\":\"Organization\",\"@id\":\"https:\/\/tuzlainfo.ba\/#organization\",\"name\":\"TuzlaInfo.ba\",\"url\":\"https:\/\/tuzlainfo.ba\/\",\"logo\":{\"@type\":\"ImageObject\",\"inLanguage\":\"bs-BA\",\"@id\":\"https:\/\/tuzlainfo.ba\/#\/schema\/logo\/image\/\",\"url\":\"https:\/\/tuzlainfo.ba\/wp-content\/uploads\/2021\/03\/logo-ver-3-1.png\",\"contentUrl\":\"https:\/\/tuzlainfo.ba\/wp-content\/uploads\/2021\/03\/logo-ver-3-1.png\",\"width\":350,\"height\":95,\"caption\":\"TuzlaInfo.ba\"},\"image\":{\"@id\":\"https:\/\/tuzlainfo.ba\/#\/schema\/logo\/image\/\"},\"sameAs\":[\"https:\/\/www.facebook.com\/tuzlainfo.ba\/\"]},{\"@type\":\"Person\",\"@id\":\"https:\/\/tuzlainfo.ba\/#\/schema\/person\/f434e20dc27ea133923aab08451b7f7f\",\"name\":\"nedim\",\"image\":{\"@type\":\"ImageObject\",\"inLanguage\":\"bs-BA\",\"@id\":\"https:\/\/tuzlainfo.ba\/#\/schema\/person\/image\/\",\"url\":\"https:\/\/tuzlainfo.ba\/wp-content\/litespeed\/avatar\/aabad687af24844af817603ac1cbdc4f.jpg?ver=1777306975\",\"contentUrl\":\"https:\/\/tuzlainfo.ba\/wp-content\/litespeed\/avatar\/aabad687af24844af817603ac1cbdc4f.jpg?ver=1777306975\",\"caption\":\"nedim\"},\"description\":\"Tuzlainfo.ba pratite na dru\u0161tvenim mre\u017eama: Facebook, Instagram i Youtube. Svoje pri\u010de, upite i fotografije \u0161aljite na na\u0161u e-mail adresu.\"}]}<\/script>\n<!-- \/ Yoast SEO plugin. -->","yoast_head_json":{"title":"Investitor iz \u0160vicarske gradi naselje u BiH, cijene stanova pristupa\u010dne svima - TuzlaInfo.ba","robots":{"index":"index","follow":"follow","max-snippet":"max-snippet:-1","max-image-preview":"max-image-preview:large","max-video-preview":"max-video-preview:-1"},"canonical":"https:\/\/tuzlainfo.ba\/index.php\/bosna-i-hercegovina\/item\/261921-investitor-iz-svicarske-gradi-naselje-u-bih-cijene-stanova-pristupacne-svima\/","og_locale":"bs_BA","og_type":"article","og_title":"Investitor iz \u0160vicarske gradi naselje u BiH, cijene stanova pristupa\u010dne svima - TuzlaInfo.ba","og_description":"Sredinom januara otvoreni su radovi na projektu Swiss park Od\u017eak. Investitor je firma Swiss Immobilie,&hellip;","og_url":"https:\/\/tuzlainfo.ba\/index.php\/bosna-i-hercegovina\/item\/261921-investitor-iz-svicarske-gradi-naselje-u-bih-cijene-stanova-pristupacne-svima\/","og_site_name":"TuzlaInfo.ba","article_publisher":"https:\/\/www.facebook.com\/tuzlainfo.ba\/","article_published_time":"2025-02-03T20:36:32+00:00","og_image":[{"width":800,"height":447,"url":"https:\/\/tuzlainfo.ba\/wp-content\/uploads\/2025\/02\/0302_svis_odzak.jpg","type":"image\/jpeg"}],"author":"nedim","twitter_card":"summary_large_image","twitter_misc":{"Written by":"nedim","Est. reading time":"2 minute"},"schema":{"@context":"https:\/\/schema.org","@graph":[{"@type":"Article","@id":"https:\/\/tuzlainfo.ba\/index.php\/bosna-i-hercegovina\/item\/261921-investitor-iz-svicarske-gradi-naselje-u-bih-cijene-stanova-pristupacne-svima\/#article","isPartOf":{"@id":"https:\/\/tuzlainfo.ba\/index.php\/bosna-i-hercegovina\/item\/261921-investitor-iz-svicarske-gradi-naselje-u-bih-cijene-stanova-pristupacne-svima\/"},"author":{"name":"nedim","@id":"https:\/\/tuzlainfo.ba\/#\/schema\/person\/f434e20dc27ea133923aab08451b7f7f"},"headline":"Investitor iz \u0160vicarske gradi naselje u BiH, cijene stanova pristupa\u010dne svima","datePublished":"2025-02-03T20:36:32+00:00","dateModified":"2025-02-03T20:36:32+00:00","mainEntityOfPage":{"@id":"https:\/\/tuzlainfo.ba\/index.php\/bosna-i-hercegovina\/item\/261921-investitor-iz-svicarske-gradi-naselje-u-bih-cijene-stanova-pristupacne-svima\/"},"wordCount":227,"publisher":{"@id":"https:\/\/tuzlainfo.ba\/#organization"},"image":{"@id":"https:\/\/tuzlainfo.ba\/index.php\/bosna-i-hercegovina\/item\/261921-investitor-iz-svicarske-gradi-naselje-u-bih-cijene-stanova-pristupacne-svima\/#primaryimage"},"thumbnailUrl":"https:\/\/tuzlainfo.ba\/wp-content\/uploads\/2025\/02\/0302_svis_odzak.jpg","keywords":["novogradnja","Swiss park Od\u017eak"],"articleSection":["Bosna i Hercegovina"],"inLanguage":"bs-BA"},{"@type":"WebPage","@id":"https:\/\/tuzlainfo.ba\/index.php\/bosna-i-hercegovina\/item\/261921-investitor-iz-svicarske-gradi-naselje-u-bih-cijene-stanova-pristupacne-svima\/","url":"https:\/\/tuzlainfo.ba\/index.php\/bosna-i-hercegovina\/item\/261921-investitor-iz-svicarske-gradi-naselje-u-bih-cijene-stanova-pristupacne-svima\/","name":"Investitor iz \u0160vicarske gradi naselje u BiH, cijene stanova pristupa\u010dne svima - TuzlaInfo.ba","isPartOf":{"@id":"https:\/\/tuzlainfo.ba\/#website"},"primaryImageOfPage":{"@id":"https:\/\/tuzlainfo.ba\/index.php\/bosna-i-hercegovina\/item\/261921-investitor-iz-svicarske-gradi-naselje-u-bih-cijene-stanova-pristupacne-svima\/#primaryimage"},"image":{"@id":"https:\/\/tuzlainfo.ba\/index.php\/bosna-i-hercegovina\/item\/261921-investitor-iz-svicarske-gradi-naselje-u-bih-cijene-stanova-pristupacne-svima\/#primaryimage"},"thumbnailUrl":"https:\/\/tuzlainfo.ba\/wp-content\/uploads\/2025\/02\/0302_svis_odzak.jpg","datePublished":"2025-02-03T20:36:32+00:00","dateModified":"2025-02-03T20:36:32+00:00","breadcrumb":{"@id":"https:\/\/tuzlainfo.ba\/index.php\/bosna-i-hercegovina\/item\/261921-investitor-iz-svicarske-gradi-naselje-u-bih-cijene-stanova-pristupacne-svima\/#breadcrumb"},"inLanguage":"bs-BA","potentialAction":[{"@type":"ReadAction","target":["https:\/\/tuzlainfo.ba\/index.php\/bosna-i-hercegovina\/item\/261921-investitor-iz-svicarske-gradi-naselje-u-bih-cijene-stanova-pristupacne-svima\/"]}]},{"@type":"ImageObject","inLanguage":"bs-BA","@id":"https:\/\/tuzlainfo.ba\/index.php\/bosna-i-hercegovina\/item\/261921-investitor-iz-svicarske-gradi-naselje-u-bih-cijene-stanova-pristupacne-svima\/#primaryimage","url":"https:\/\/tuzlainfo.ba\/wp-content\/uploads\/2025\/02\/0302_svis_odzak.jpg","contentUrl":"https:\/\/tuzlainfo.ba\/wp-content\/uploads\/2025\/02\/0302_svis_odzak.jpg","width":800,"height":447},{"@type":"BreadcrumbList","@id":"https:\/\/tuzlainfo.ba\/index.php\/bosna-i-hercegovina\/item\/261921-investitor-iz-svicarske-gradi-naselje-u-bih-cijene-stanova-pristupacne-svima\/#breadcrumb","itemListElement":[{"@type":"ListItem","position":1,"name":"Home","item":"https:\/\/tuzlainfo.ba\/"},{"@type":"ListItem","position":2,"name":"Investitor iz \u0160vicarske gradi naselje u BiH, cijene stanova pristupa\u010dne svima"}]},{"@type":"WebSite","@id":"https:\/\/tuzlainfo.ba\/#website","url":"https:\/\/tuzlainfo.ba\/","name":"TuzlaInfo.ba","description":"Tuzla info, gradski informator - Tuzla na dlanu","publisher":{"@id":"https:\/\/tuzlainfo.ba\/#organization"},"potentialAction":[{"@type":"SearchAction","target":{"@type":"EntryPoint","urlTemplate":"https:\/\/tuzlainfo.ba\/?s={search_term_string}"},"query-input":{"@type":"PropertyValueSpecification","valueRequired":true,"valueName":"search_term_string"}}],"inLanguage":"bs-BA"},{"@type":"Organization","@id":"https:\/\/tuzlainfo.ba\/#organization","name":"TuzlaInfo.ba","url":"https:\/\/tuzlainfo.ba\/","logo":{"@type":"ImageObject","inLanguage":"bs-BA","@id":"https:\/\/tuzlainfo.ba\/#\/schema\/logo\/image\/","url":"https:\/\/tuzlainfo.ba\/wp-content\/uploads\/2021\/03\/logo-ver-3-1.png","contentUrl":"https:\/\/tuzlainfo.ba\/wp-content\/uploads\/2021\/03\/logo-ver-3-1.png","width":350,"height":95,"caption":"TuzlaInfo.ba"},"image":{"@id":"https:\/\/tuzlainfo.ba\/#\/schema\/logo\/image\/"},"sameAs":["https:\/\/www.facebook.com\/tuzlainfo.ba\/"]},{"@type":"Person","@id":"https:\/\/tuzlainfo.ba\/#\/schema\/person\/f434e20dc27ea133923aab08451b7f7f","name":"nedim","image":{"@type":"ImageObject","inLanguage":"bs-BA","@id":"https:\/\/tuzlainfo.ba\/#\/schema\/person\/image\/","url":"https:\/\/tuzlainfo.ba\/wp-content\/litespeed\/avatar\/aabad687af24844af817603ac1cbdc4f.jpg?ver=1777306975","contentUrl":"https:\/\/tuzlainfo.ba\/wp-content\/litespeed\/avatar\/aabad687af24844af817603ac1cbdc4f.jpg?ver=1777306975","caption":"nedim"},"description":"Tuzlainfo.ba pratite na dru\u0161tvenim mre\u017eama: Facebook, Instagram i Youtube. Svoje pri\u010de, upite i fotografije \u0161aljite na na\u0161u e-mail adresu."}]}},"_links":{"self":[{"href":"https:\/\/tuzlainfo.ba\/index.php\/wp-json\/wp\/v2\/posts\/261921"}],"collection":[{"href":"https:\/\/tuzlainfo.ba\/index.php\/wp-json\/wp\/v2\/posts"}],"about":[{"href":"https:\/\/tuzlainfo.ba\/index.php\/wp-json\/wp\/v2\/types\/post"}],"author":[{"embeddable":true,"href":"https:\/\/tuzlainfo.ba\/index.php\/wp-json\/wp\/v2\/users\/2"}],"replies":[{"embeddable":true,"href":"https:\/\/tuzlainfo.ba\/index.php\/wp-json\/wp\/v2\/comments?post=261921"}],"version-history":[{"count":1,"href":"https:\/\/tuzlainfo.ba\/index.php\/wp-json\/wp\/v2\/posts\/261921\/revisions"}],"predecessor-version":[{"id":261923,"href":"https:\/\/tuzlainfo.ba\/index.php\/wp-json\/wp\/v2\/posts\/261921\/revisions\/261923"}],"wp:featuredmedia":[{"embeddable":true,"href":"https:\/\/tuzlainfo.ba\/index.php\/wp-json\/wp\/v2\/media\/261922"}],"wp:attachment":[{"href":"https:\/\/tuzlainfo.ba\/index.php\/wp-json\/wp\/v2\/media?parent=261921"}],"wp:term":[{"taxonomy":"category","embeddable":true,"href":"https:\/\/tuzlainfo.ba\/index.php\/wp-json\/wp\/v2\/categories?post=261921"},{"taxonomy":"post_tag","embeddable":true,"href":"https:\/\/tuzlainfo.ba\/index.php\/wp-json\/wp\/v2\/tags?post=261921"}],"curies":[{"name":"wp","href":"https:\/\/api.w.org\/{rel}","templated":true}]}}