{"id":261812,"date":"2025-02-02T09:18:03","date_gmt":"2025-02-02T08:18:03","guid":{"rendered":"https:\/\/tuzlainfo.ba\/?p=261812"},"modified":"2025-02-02T09:18:03","modified_gmt":"2025-02-02T08:18:03","slug":"udruzenje-mladih-sijedi-krs-obiljezilo-15-godina-postojanja-i-rada","status":"publish","type":"post","link":"https:\/\/tuzlainfo.ba\/index.php\/novosti\/item\/261812-udruzenje-mladih-sijedi-krs-obiljezilo-15-godina-postojanja-i-rada\/","title":{"rendered":"Udru\u017eenje mladih Sijedi kr\u0161 obilje\u017eilo 15 godina postojanja i rada"},"content":{"rendered":"<p>Sijedi kr\u0161 iz Babi\u0107a kod Gra\u010danica sve\u010dano je obilje\u017eilo 15 godina postojanja i uspje\u0161nog rada.<\/p>\n<p>Tokom sino\u0107 odr\u017eanog programa, \u010dlanovi udru\u017eenja predstavili su dosada\u0161nje projekte i aktivnosti, kao i planove za budu\u0107nost.<\/p>\n<p>U znak zahvalnosti za podr\u0161ku i doprinos radu udru\u017eenja, dodijeljena su priznanja istaknutim \u010dlanovima i sponzorima. Sve\u010danost je upotpunjena bogatim zabavnim programom, a prisutni su u\u017eivali u nastupima u\u017eivo.<\/p>\n<p><strong>Najzna\u010dajniji projekti<\/strong><\/p>\n<p>Tokom proteklih 15 godina, UM Sijedi Kr\u0161 realizovao je niz zna\u010dajnih inicijativa, me\u0111u kojima se posebno izdvajaju:<\/p>\n<p>\u2022 Dani Babi\u0107a \u2013 kulturno-sportska i zabavna manifestacija \u2022 Fondacija Budi dobar kom\u0161ija \u2013 projekat podr\u0161ke lokalnoj zajednici \u2022 Razvoj izleti\u0161ta Vis \u2013 Sijedi Kr\u0161 \u2013 infrastrukturni i ekolo\u0161ki projekti \u2022 Klub mladih \u2013 prostor za edukaciju, kreativni rad i dru\u017eenje \u2022 Edukativni centar \u2013 programi usmjereni na obrazovanje i razvoj vje\u0161tina mladih Priznanje grada Gra\u010danica Poseban ponos \u010dlanova UM Sijedi Kr\u0161 predstavlja Zlatna plaketa, priznanje koje im je dodijelio grad Gra\u010danica za dugogodi\u0161nji doprinos razvoju zajednice.<\/p>\n<p><iframe title=\"Udru\u017eenje mladih &quot;Sijedi kr\u0161&quot; Babi\u0107i obilje\u017eilo 15. godi\u0161njicu\" width=\"1170\" height=\"658\" src=\"https:\/\/www.youtube.com\/embed\/83DtHoc3s9A?feature=oembed\" frameborder=\"0\" allow=\"accelerometer; autoplay; clipboard-write; encrypted-media; gyroscope; picture-in-picture; web-share\" referrerpolicy=\"strict-origin-when-cross-origin\" allowfullscreen><\/iframe><\/p>\n<p>Ova godi\u0161njica bila je prilika za prisje\u0107anje na postignu\u0107a, zahvalnost svima koji su podr\u017eali rad udru\u017eenja i motivaciju za nove projekte u budu\u0107nosti.<strong>\/S.P.\/<\/strong><\/p>\n","protected":false},"excerpt":{"rendered":"<p>Sijedi kr\u0161 iz Babi\u0107a kod Gra\u010danica sve\u010dano je obilje\u017eilo 15 godina postojanja i uspje\u0161nog rada.&hellip;<\/p>\n","protected":false},"author":2,"featured_media":261813,"comment_status":"closed","ping_status":"closed","sticky":false,"template":"","format":"standard","meta":{"_acf_changed":false,"footnotes":""},"categories":[12],"tags":[10080],"acf":[],"yoast_head":"<!-- This site is optimized with the Yoast SEO plugin v23.5 - https:\/\/yoast.com\/wordpress\/plugins\/seo\/ -->\n<title>Udru\u017eenje mladih Sijedi kr\u0161 obilje\u017eilo 15 godina postojanja i rada - TuzlaInfo.ba<\/title>\n<meta name=\"robots\" content=\"index, follow, max-snippet:-1, max-image-preview:large, max-video-preview:-1\" \/>\n<link rel=\"canonical\" href=\"https:\/\/tuzlainfo.ba\/index.php\/novosti\/item\/261812-udruzenje-mladih-sijedi-krs-obiljezilo-15-godina-postojanja-i-rada\/\" \/>\n<meta property=\"og:locale\" content=\"bs_BA\" \/>\n<meta property=\"og:type\" content=\"article\" \/>\n<meta property=\"og:title\" content=\"Udru\u017eenje mladih Sijedi kr\u0161 obilje\u017eilo 15 godina postojanja i rada - TuzlaInfo.ba\" \/>\n<meta property=\"og:description\" content=\"Sijedi kr\u0161 iz Babi\u0107a kod Gra\u010danica sve\u010dano je obilje\u017eilo 15 godina postojanja i uspje\u0161nog rada.&hellip;\" \/>\n<meta property=\"og:url\" content=\"https:\/\/tuzlainfo.ba\/index.php\/novosti\/item\/261812-udruzenje-mladih-sijedi-krs-obiljezilo-15-godina-postojanja-i-rada\/\" \/>\n<meta property=\"og:site_name\" content=\"TuzlaInfo.ba\" \/>\n<meta property=\"article:publisher\" content=\"https:\/\/www.facebook.com\/tuzlainfo.ba\/\" \/>\n<meta property=\"article:published_time\" content=\"2025-02-02T08:18:03+00:00\" \/>\n<meta property=\"og:image\" content=\"https:\/\/tuzlainfo.ba\/wp-content\/uploads\/2025\/02\/0202_kolaz_sijedikrs.jpg\" \/>\n\t<meta property=\"og:image:width\" content=\"1000\" \/>\n\t<meta property=\"og:image:height\" content=\"616\" \/>\n\t<meta property=\"og:image:type\" content=\"image\/jpeg\" \/>\n<meta name=\"author\" content=\"nedim\" \/>\n<meta name=\"twitter:card\" content=\"summary_large_image\" \/>\n<meta name=\"twitter:label1\" content=\"Written by\" \/>\n\t<meta name=\"twitter:data1\" content=\"nedim\" \/>\n\t<meta name=\"twitter:label2\" content=\"Est. reading time\" \/>\n\t<meta name=\"twitter:data2\" content=\"2 minute\" \/>\n<script type=\"application\/ld+json\" class=\"yoast-schema-graph\">{\"@context\":\"https:\/\/schema.org\",\"@graph\":[{\"@type\":\"Article\",\"@id\":\"https:\/\/tuzlainfo.ba\/index.php\/novosti\/item\/261812-udruzenje-mladih-sijedi-krs-obiljezilo-15-godina-postojanja-i-rada\/#article\",\"isPartOf\":{\"@id\":\"https:\/\/tuzlainfo.ba\/index.php\/novosti\/item\/261812-udruzenje-mladih-sijedi-krs-obiljezilo-15-godina-postojanja-i-rada\/\"},\"author\":{\"name\":\"nedim\",\"@id\":\"https:\/\/tuzlainfo.ba\/#\/schema\/person\/f434e20dc27ea133923aab08451b7f7f\"},\"headline\":\"Udru\u017eenje mladih Sijedi kr\u0161 obilje\u017eilo 15 godina postojanja i rada\",\"datePublished\":\"2025-02-02T08:18:03+00:00\",\"dateModified\":\"2025-02-02T08:18:03+00:00\",\"mainEntityOfPage\":{\"@id\":\"https:\/\/tuzlainfo.ba\/index.php\/novosti\/item\/261812-udruzenje-mladih-sijedi-krs-obiljezilo-15-godina-postojanja-i-rada\/\"},\"wordCount\":223,\"publisher\":{\"@id\":\"https:\/\/tuzlainfo.ba\/#organization\"},\"image\":{\"@id\":\"https:\/\/tuzlainfo.ba\/index.php\/novosti\/item\/261812-udruzenje-mladih-sijedi-krs-obiljezilo-15-godina-postojanja-i-rada\/#primaryimage\"},\"thumbnailUrl\":\"https:\/\/tuzlainfo.ba\/wp-content\/uploads\/2025\/02\/0202_kolaz_sijedikrs.jpg\",\"keywords\":[\"sijedi kr\u0161\"],\"articleSection\":[\"Novosti\"],\"inLanguage\":\"bs-BA\"},{\"@type\":\"WebPage\",\"@id\":\"https:\/\/tuzlainfo.ba\/index.php\/novosti\/item\/261812-udruzenje-mladih-sijedi-krs-obiljezilo-15-godina-postojanja-i-rada\/\",\"url\":\"https:\/\/tuzlainfo.ba\/index.php\/novosti\/item\/261812-udruzenje-mladih-sijedi-krs-obiljezilo-15-godina-postojanja-i-rada\/\",\"name\":\"Udru\u017eenje mladih Sijedi kr\u0161 obilje\u017eilo 15 godina postojanja i rada - TuzlaInfo.ba\",\"isPartOf\":{\"@id\":\"https:\/\/tuzlainfo.ba\/#website\"},\"primaryImageOfPage\":{\"@id\":\"https:\/\/tuzlainfo.ba\/index.php\/novosti\/item\/261812-udruzenje-mladih-sijedi-krs-obiljezilo-15-godina-postojanja-i-rada\/#primaryimage\"},\"image\":{\"@id\":\"https:\/\/tuzlainfo.ba\/index.php\/novosti\/item\/261812-udruzenje-mladih-sijedi-krs-obiljezilo-15-godina-postojanja-i-rada\/#primaryimage\"},\"thumbnailUrl\":\"https:\/\/tuzlainfo.ba\/wp-content\/uploads\/2025\/02\/0202_kolaz_sijedikrs.jpg\",\"datePublished\":\"2025-02-02T08:18:03+00:00\",\"dateModified\":\"2025-02-02T08:18:03+00:00\",\"breadcrumb\":{\"@id\":\"https:\/\/tuzlainfo.ba\/index.php\/novosti\/item\/261812-udruzenje-mladih-sijedi-krs-obiljezilo-15-godina-postojanja-i-rada\/#breadcrumb\"},\"inLanguage\":\"bs-BA\",\"potentialAction\":[{\"@type\":\"ReadAction\",\"target\":[\"https:\/\/tuzlainfo.ba\/index.php\/novosti\/item\/261812-udruzenje-mladih-sijedi-krs-obiljezilo-15-godina-postojanja-i-rada\/\"]}]},{\"@type\":\"ImageObject\",\"inLanguage\":\"bs-BA\",\"@id\":\"https:\/\/tuzlainfo.ba\/index.php\/novosti\/item\/261812-udruzenje-mladih-sijedi-krs-obiljezilo-15-godina-postojanja-i-rada\/#primaryimage\",\"url\":\"https:\/\/tuzlainfo.ba\/wp-content\/uploads\/2025\/02\/0202_kolaz_sijedikrs.jpg\",\"contentUrl\":\"https:\/\/tuzlainfo.ba\/wp-content\/uploads\/2025\/02\/0202_kolaz_sijedikrs.jpg\",\"width\":1000,\"height\":616},{\"@type\":\"BreadcrumbList\",\"@id\":\"https:\/\/tuzlainfo.ba\/index.php\/novosti\/item\/261812-udruzenje-mladih-sijedi-krs-obiljezilo-15-godina-postojanja-i-rada\/#breadcrumb\",\"itemListElement\":[{\"@type\":\"ListItem\",\"position\":1,\"name\":\"Home\",\"item\":\"https:\/\/tuzlainfo.ba\/\"},{\"@type\":\"ListItem\",\"position\":2,\"name\":\"Udru\u017eenje mladih Sijedi kr\u0161 obilje\u017eilo 15 godina postojanja i rada\"}]},{\"@type\":\"WebSite\",\"@id\":\"https:\/\/tuzlainfo.ba\/#website\",\"url\":\"https:\/\/tuzlainfo.ba\/\",\"name\":\"TuzlaInfo.ba\",\"description\":\"Tuzla info, gradski informator - Tuzla na dlanu\",\"publisher\":{\"@id\":\"https:\/\/tuzlainfo.ba\/#organization\"},\"potentialAction\":[{\"@type\":\"SearchAction\",\"target\":{\"@type\":\"EntryPoint\",\"urlTemplate\":\"https:\/\/tuzlainfo.ba\/?s={search_term_string}\"},\"query-input\":{\"@type\":\"PropertyValueSpecification\",\"valueRequired\":true,\"valueName\":\"search_term_string\"}}],\"inLanguage\":\"bs-BA\"},{\"@type\":\"Organization\",\"@id\":\"https:\/\/tuzlainfo.ba\/#organization\",\"name\":\"TuzlaInfo.ba\",\"url\":\"https:\/\/tuzlainfo.ba\/\",\"logo\":{\"@type\":\"ImageObject\",\"inLanguage\":\"bs-BA\",\"@id\":\"https:\/\/tuzlainfo.ba\/#\/schema\/logo\/image\/\",\"url\":\"https:\/\/tuzlainfo.ba\/wp-content\/uploads\/2021\/03\/logo-ver-3-1.png\",\"contentUrl\":\"https:\/\/tuzlainfo.ba\/wp-content\/uploads\/2021\/03\/logo-ver-3-1.png\",\"width\":350,\"height\":95,\"caption\":\"TuzlaInfo.ba\"},\"image\":{\"@id\":\"https:\/\/tuzlainfo.ba\/#\/schema\/logo\/image\/\"},\"sameAs\":[\"https:\/\/www.facebook.com\/tuzlainfo.ba\/\"]},{\"@type\":\"Person\",\"@id\":\"https:\/\/tuzlainfo.ba\/#\/schema\/person\/f434e20dc27ea133923aab08451b7f7f\",\"name\":\"nedim\",\"image\":{\"@type\":\"ImageObject\",\"inLanguage\":\"bs-BA\",\"@id\":\"https:\/\/tuzlainfo.ba\/#\/schema\/person\/image\/\",\"url\":\"https:\/\/tuzlainfo.ba\/wp-content\/litespeed\/avatar\/aabad687af24844af817603ac1cbdc4f.jpg?ver=1777306975\",\"contentUrl\":\"https:\/\/tuzlainfo.ba\/wp-content\/litespeed\/avatar\/aabad687af24844af817603ac1cbdc4f.jpg?ver=1777306975\",\"caption\":\"nedim\"},\"description\":\"Tuzlainfo.ba pratite na dru\u0161tvenim mre\u017eama: Facebook, Instagram i Youtube. Svoje pri\u010de, upite i fotografije \u0161aljite na na\u0161u e-mail adresu.\"}]}<\/script>\n<!-- \/ Yoast SEO plugin. -->","yoast_head_json":{"title":"Udru\u017eenje mladih Sijedi kr\u0161 obilje\u017eilo 15 godina postojanja i rada - TuzlaInfo.ba","robots":{"index":"index","follow":"follow","max-snippet":"max-snippet:-1","max-image-preview":"max-image-preview:large","max-video-preview":"max-video-preview:-1"},"canonical":"https:\/\/tuzlainfo.ba\/index.php\/novosti\/item\/261812-udruzenje-mladih-sijedi-krs-obiljezilo-15-godina-postojanja-i-rada\/","og_locale":"bs_BA","og_type":"article","og_title":"Udru\u017eenje mladih Sijedi kr\u0161 obilje\u017eilo 15 godina postojanja i rada - TuzlaInfo.ba","og_description":"Sijedi kr\u0161 iz Babi\u0107a kod Gra\u010danica sve\u010dano je obilje\u017eilo 15 godina postojanja i uspje\u0161nog rada.&hellip;","og_url":"https:\/\/tuzlainfo.ba\/index.php\/novosti\/item\/261812-udruzenje-mladih-sijedi-krs-obiljezilo-15-godina-postojanja-i-rada\/","og_site_name":"TuzlaInfo.ba","article_publisher":"https:\/\/www.facebook.com\/tuzlainfo.ba\/","article_published_time":"2025-02-02T08:18:03+00:00","og_image":[{"width":1000,"height":616,"url":"https:\/\/tuzlainfo.ba\/wp-content\/uploads\/2025\/02\/0202_kolaz_sijedikrs.jpg","type":"image\/jpeg"}],"author":"nedim","twitter_card":"summary_large_image","twitter_misc":{"Written by":"nedim","Est. reading time":"2 minute"},"schema":{"@context":"https:\/\/schema.org","@graph":[{"@type":"Article","@id":"https:\/\/tuzlainfo.ba\/index.php\/novosti\/item\/261812-udruzenje-mladih-sijedi-krs-obiljezilo-15-godina-postojanja-i-rada\/#article","isPartOf":{"@id":"https:\/\/tuzlainfo.ba\/index.php\/novosti\/item\/261812-udruzenje-mladih-sijedi-krs-obiljezilo-15-godina-postojanja-i-rada\/"},"author":{"name":"nedim","@id":"https:\/\/tuzlainfo.ba\/#\/schema\/person\/f434e20dc27ea133923aab08451b7f7f"},"headline":"Udru\u017eenje mladih Sijedi kr\u0161 obilje\u017eilo 15 godina postojanja i rada","datePublished":"2025-02-02T08:18:03+00:00","dateModified":"2025-02-02T08:18:03+00:00","mainEntityOfPage":{"@id":"https:\/\/tuzlainfo.ba\/index.php\/novosti\/item\/261812-udruzenje-mladih-sijedi-krs-obiljezilo-15-godina-postojanja-i-rada\/"},"wordCount":223,"publisher":{"@id":"https:\/\/tuzlainfo.ba\/#organization"},"image":{"@id":"https:\/\/tuzlainfo.ba\/index.php\/novosti\/item\/261812-udruzenje-mladih-sijedi-krs-obiljezilo-15-godina-postojanja-i-rada\/#primaryimage"},"thumbnailUrl":"https:\/\/tuzlainfo.ba\/wp-content\/uploads\/2025\/02\/0202_kolaz_sijedikrs.jpg","keywords":["sijedi kr\u0161"],"articleSection":["Novosti"],"inLanguage":"bs-BA"},{"@type":"WebPage","@id":"https:\/\/tuzlainfo.ba\/index.php\/novosti\/item\/261812-udruzenje-mladih-sijedi-krs-obiljezilo-15-godina-postojanja-i-rada\/","url":"https:\/\/tuzlainfo.ba\/index.php\/novosti\/item\/261812-udruzenje-mladih-sijedi-krs-obiljezilo-15-godina-postojanja-i-rada\/","name":"Udru\u017eenje mladih Sijedi kr\u0161 obilje\u017eilo 15 godina postojanja i rada - TuzlaInfo.ba","isPartOf":{"@id":"https:\/\/tuzlainfo.ba\/#website"},"primaryImageOfPage":{"@id":"https:\/\/tuzlainfo.ba\/index.php\/novosti\/item\/261812-udruzenje-mladih-sijedi-krs-obiljezilo-15-godina-postojanja-i-rada\/#primaryimage"},"image":{"@id":"https:\/\/tuzlainfo.ba\/index.php\/novosti\/item\/261812-udruzenje-mladih-sijedi-krs-obiljezilo-15-godina-postojanja-i-rada\/#primaryimage"},"thumbnailUrl":"https:\/\/tuzlainfo.ba\/wp-content\/uploads\/2025\/02\/0202_kolaz_sijedikrs.jpg","datePublished":"2025-02-02T08:18:03+00:00","dateModified":"2025-02-02T08:18:03+00:00","breadcrumb":{"@id":"https:\/\/tuzlainfo.ba\/index.php\/novosti\/item\/261812-udruzenje-mladih-sijedi-krs-obiljezilo-15-godina-postojanja-i-rada\/#breadcrumb"},"inLanguage":"bs-BA","potentialAction":[{"@type":"ReadAction","target":["https:\/\/tuzlainfo.ba\/index.php\/novosti\/item\/261812-udruzenje-mladih-sijedi-krs-obiljezilo-15-godina-postojanja-i-rada\/"]}]},{"@type":"ImageObject","inLanguage":"bs-BA","@id":"https:\/\/tuzlainfo.ba\/index.php\/novosti\/item\/261812-udruzenje-mladih-sijedi-krs-obiljezilo-15-godina-postojanja-i-rada\/#primaryimage","url":"https:\/\/tuzlainfo.ba\/wp-content\/uploads\/2025\/02\/0202_kolaz_sijedikrs.jpg","contentUrl":"https:\/\/tuzlainfo.ba\/wp-content\/uploads\/2025\/02\/0202_kolaz_sijedikrs.jpg","width":1000,"height":616},{"@type":"BreadcrumbList","@id":"https:\/\/tuzlainfo.ba\/index.php\/novosti\/item\/261812-udruzenje-mladih-sijedi-krs-obiljezilo-15-godina-postojanja-i-rada\/#breadcrumb","itemListElement":[{"@type":"ListItem","position":1,"name":"Home","item":"https:\/\/tuzlainfo.ba\/"},{"@type":"ListItem","position":2,"name":"Udru\u017eenje mladih Sijedi kr\u0161 obilje\u017eilo 15 godina postojanja i rada"}]},{"@type":"WebSite","@id":"https:\/\/tuzlainfo.ba\/#website","url":"https:\/\/tuzlainfo.ba\/","name":"TuzlaInfo.ba","description":"Tuzla info, gradski informator - Tuzla na dlanu","publisher":{"@id":"https:\/\/tuzlainfo.ba\/#organization"},"potentialAction":[{"@type":"SearchAction","target":{"@type":"EntryPoint","urlTemplate":"https:\/\/tuzlainfo.ba\/?s={search_term_string}"},"query-input":{"@type":"PropertyValueSpecification","valueRequired":true,"valueName":"search_term_string"}}],"inLanguage":"bs-BA"},{"@type":"Organization","@id":"https:\/\/tuzlainfo.ba\/#organization","name":"TuzlaInfo.ba","url":"https:\/\/tuzlainfo.ba\/","logo":{"@type":"ImageObject","inLanguage":"bs-BA","@id":"https:\/\/tuzlainfo.ba\/#\/schema\/logo\/image\/","url":"https:\/\/tuzlainfo.ba\/wp-content\/uploads\/2021\/03\/logo-ver-3-1.png","contentUrl":"https:\/\/tuzlainfo.ba\/wp-content\/uploads\/2021\/03\/logo-ver-3-1.png","width":350,"height":95,"caption":"TuzlaInfo.ba"},"image":{"@id":"https:\/\/tuzlainfo.ba\/#\/schema\/logo\/image\/"},"sameAs":["https:\/\/www.facebook.com\/tuzlainfo.ba\/"]},{"@type":"Person","@id":"https:\/\/tuzlainfo.ba\/#\/schema\/person\/f434e20dc27ea133923aab08451b7f7f","name":"nedim","image":{"@type":"ImageObject","inLanguage":"bs-BA","@id":"https:\/\/tuzlainfo.ba\/#\/schema\/person\/image\/","url":"https:\/\/tuzlainfo.ba\/wp-content\/litespeed\/avatar\/aabad687af24844af817603ac1cbdc4f.jpg?ver=1777306975","contentUrl":"https:\/\/tuzlainfo.ba\/wp-content\/litespeed\/avatar\/aabad687af24844af817603ac1cbdc4f.jpg?ver=1777306975","caption":"nedim"},"description":"Tuzlainfo.ba pratite na dru\u0161tvenim mre\u017eama: Facebook, Instagram i Youtube. Svoje pri\u010de, upite i fotografije \u0161aljite na na\u0161u e-mail adresu."}]}},"_links":{"self":[{"href":"https:\/\/tuzlainfo.ba\/index.php\/wp-json\/wp\/v2\/posts\/261812"}],"collection":[{"href":"https:\/\/tuzlainfo.ba\/index.php\/wp-json\/wp\/v2\/posts"}],"about":[{"href":"https:\/\/tuzlainfo.ba\/index.php\/wp-json\/wp\/v2\/types\/post"}],"author":[{"embeddable":true,"href":"https:\/\/tuzlainfo.ba\/index.php\/wp-json\/wp\/v2\/users\/2"}],"replies":[{"embeddable":true,"href":"https:\/\/tuzlainfo.ba\/index.php\/wp-json\/wp\/v2\/comments?post=261812"}],"version-history":[{"count":1,"href":"https:\/\/tuzlainfo.ba\/index.php\/wp-json\/wp\/v2\/posts\/261812\/revisions"}],"predecessor-version":[{"id":261814,"href":"https:\/\/tuzlainfo.ba\/index.php\/wp-json\/wp\/v2\/posts\/261812\/revisions\/261814"}],"wp:featuredmedia":[{"embeddable":true,"href":"https:\/\/tuzlainfo.ba\/index.php\/wp-json\/wp\/v2\/media\/261813"}],"wp:attachment":[{"href":"https:\/\/tuzlainfo.ba\/index.php\/wp-json\/wp\/v2\/media?parent=261812"}],"wp:term":[{"taxonomy":"category","embeddable":true,"href":"https:\/\/tuzlainfo.ba\/index.php\/wp-json\/wp\/v2\/categories?post=261812"},{"taxonomy":"post_tag","embeddable":true,"href":"https:\/\/tuzlainfo.ba\/index.php\/wp-json\/wp\/v2\/tags?post=261812"}],"curies":[{"name":"wp","href":"https:\/\/api.w.org\/{rel}","templated":true}]}}