{"id":261694,"date":"2025-02-01T12:00:21","date_gmt":"2025-02-01T11:00:21","guid":{"rendered":"https:\/\/tuzlainfo.ba\/?p=261694"},"modified":"2025-01-31T20:06:42","modified_gmt":"2025-01-31T19:06:42","slug":"zabrinjavajuci-podaci-ucenici-vec-od-6-razreda-konzumiraju-nargile-i-cigarete","status":"publish","type":"post","link":"https:\/\/tuzlainfo.ba\/index.php\/istaknuto\/item\/261694-zabrinjavajuci-podaci-ucenici-vec-od-6-razreda-konzumiraju-nargile-i-cigarete\/","title":{"rendered":"Zabrinjavaju\u0107i podaci: U\u010denici ve\u0107 od 6. razreda konzumiraju nargile i cigarete"},"content":{"rendered":"<p>Svjetski dan bez duhanskog dima, obilje\u017eava se posljednjeg dana januara, a ove godine stru\u010dnjaci posebno posve\u0107uju pa\u017enju konzumaciji duhanskih proizvoda i nargile kod osnovno\u0161kolskog uzrasta.<\/p>\n<p>Kako isti\u010du iz Instituta za zdravlje i sigurnost hrane Zenica (INZ), \u017eeli se skrenuti pa\u017enju javnosti na zabrinjavaju\u0107e trendove me\u0111u osnovno\u0161kolcima vezane za konzumaciju duhanskih proizvoda i nargile.<\/p>\n<p>Zabrinjavaju\u0107a statistika<\/p>\n<p>&#8211; Ovaj dan je prilika da se podigne svijest o \u0161tetnosti upotrebe duhanskih proizvoda, ali i o preventivnim mjerama koje su klju\u010dne za za\u0161titu najmla\u0111ih, isti\u010de Nino Hasanica, na\u010delnik Slu\u017ebe za \u0161kolsku higijenu INZ-a.<\/p>\n<p>Institut je proveo Istra\u017eivanje provedeno me\u0111u osnovno\u0161kolcima, u kojem je u\u010destvovalo 918 u\u010denika od 6. do 9. razreda iz 75 osnovnih \u0161kola.<\/p>\n<p>\u010cak 15 posto djece je izjavilo da ve\u0107 konzumira ili je probalo cigarete, a 16,7 posto da konzumira nargilu.<\/p>\n<p>U anketnom pitanju o vr\u0161njacima, \u010dak 80,6 posto osnovaca zna nekog ko koriste nargilu, a svaki \u010detvrti (25 posto) je svjesno da njihovi vr\u0161njaci konzumiraju cigarete.<\/p>\n<p>Ispitivani su i razlozi za ovu pojavu, tako da &#8220;dru\u0161tveni utjecaj&#8221; odnosno okru\u017eenje i pona\u0161anje vr\u0161njaka je razlog za njih 54, 2 posto, dok su &#8220;stres i potrebu za opu\u0161tanjem&#8221; kao razlog za konzumiranje naveli njih 37 posto. Zanimljivo je i da je kao povod za konzumiranje duhanskih proizvoda 10 posto osnovaca navelo &#8220;dosadu&#8221;, dok je &#8220;radoznalost&#8221; navelo samo 0,4 posto.<\/p>\n<p>&#8211; Posebno zabrinjava podatak da se konzumacija duhanskih proizvoda javlja ve\u0107 u 6. razredu osnovne \u0161kole. Dokazana je sna\u017ena povezanost izme\u0111u dru\u0161tvenih odnosa i navika konzumacije, \u0161to potencijalno ukazuje na rane znakove problema s mentalnim zdravljem kod djece, isti\u010de Hasanica.<\/p>\n<p>Va\u017enost primjene Zakona<\/p>\n<p>Svjetski dan bez duhanskog dima podsje\u0107a nas na globalnu borbu protiv \u0161tetnih posljedica upotrebe duhana i poziva na ja\u010danje preventivnih mjera, posebno me\u0111u djecom i mladima.<\/p>\n<p>Ovo istra\u017eivanje INZ-a potvr\u0111uje da je edukacija djece, roditelja i nastavnika, kao i stro\u017ee kontrole dostupnosti duhanskih proizvoda, od klju\u010dne va\u017enosti.<\/p>\n<p>&#8211; U tom kontekstu, va\u017eno je istaknuti novi Zakon o kontroli i ograni\u010denoj upotrebi duhana, duhanskih i ostalih proizvoda za pu\u0161enje u Federaciji Bosne i Hercegovine, \u010dija primjena je po\u010dela u decembru 2024. godine. Ovaj zakon zabranjuje pu\u0161enje u zatvorenim javnim prostorima, uklju\u010duju\u0107i ugostiteljske objekte, \u0161kole i radna mjesta, \u0161to predstavlja zna\u010dajan korak ka smanjenju izlo\u017eenosti djece \u0161tetnim uticajima duhanskog dima. Tako\u0111e, zakon name\u0107e stro\u017eije mjere kontrole i predvi\u0111a kazne za kr\u0161enje propisa, \u010dime se dodatno podsti\u010de svijest o va\u017enosti za\u0161tite zdravlja najmla\u0111ih, dodao je Hasanica.<\/p>\n<p>Svi akteri dru\u0161tva \u2013 roditelji, nastavnici, zdravstveni radnici i donositelji odluka \u2013 pozvani su da se uklju\u010de u borbu protiv rane konzumacije duhanskih proizvoda i nargile. Djeca su najranjivija skupina, a njihovo zdravlje i sigurnost zavise od zajedni\u010dkog djelovanja, navodi se iz Instituta.<\/p>\n","protected":false},"excerpt":{"rendered":"<p>Svjetski dan bez duhanskog dima, obilje\u017eava se posljednjeg dana januara, a ove godine stru\u010dnjaci posebno&hellip;<\/p>\n","protected":false},"author":4,"featured_media":142105,"comment_status":"closed","ping_status":"closed","sticky":false,"template":"","format":"standard","meta":{"_acf_changed":false,"footnotes":""},"categories":[291,304],"tags":[1927,4165],"acf":[],"yoast_head":"<!-- This site is optimized with the Yoast SEO plugin v23.5 - https:\/\/yoast.com\/wordpress\/plugins\/seo\/ -->\n<title>Zabrinjavaju\u0107i podaci: U\u010denici ve\u0107 od 6. razreda konzumiraju nargile i cigarete - TuzlaInfo.ba<\/title>\n<meta name=\"robots\" content=\"index, follow, max-snippet:-1, max-image-preview:large, max-video-preview:-1\" \/>\n<link rel=\"canonical\" href=\"https:\/\/tuzlainfo.ba\/index.php\/istaknuto\/item\/261694-zabrinjavajuci-podaci-ucenici-vec-od-6-razreda-konzumiraju-nargile-i-cigarete\/\" \/>\n<meta property=\"og:locale\" content=\"bs_BA\" \/>\n<meta property=\"og:type\" content=\"article\" \/>\n<meta property=\"og:title\" content=\"Zabrinjavaju\u0107i podaci: U\u010denici ve\u0107 od 6. razreda konzumiraju nargile i cigarete - TuzlaInfo.ba\" \/>\n<meta property=\"og:description\" content=\"Svjetski dan bez duhanskog dima, obilje\u017eava se posljednjeg dana januara, a ove godine stru\u010dnjaci posebno&hellip;\" \/>\n<meta property=\"og:url\" content=\"https:\/\/tuzlainfo.ba\/index.php\/istaknuto\/item\/261694-zabrinjavajuci-podaci-ucenici-vec-od-6-razreda-konzumiraju-nargile-i-cigarete\/\" \/>\n<meta property=\"og:site_name\" content=\"TuzlaInfo.ba\" \/>\n<meta property=\"article:publisher\" content=\"https:\/\/www.facebook.com\/tuzlainfo.ba\/\" \/>\n<meta property=\"article:published_time\" content=\"2025-02-01T11:00:21+00:00\" \/>\n<meta property=\"article:modified_time\" content=\"2025-01-31T19:06:42+00:00\" \/>\n<meta property=\"og:image\" content=\"https:\/\/tuzlainfo.ba\/wp-content\/uploads\/2021\/07\/1607_-nargila-pusenje-dim-1.jpg\" \/>\n\t<meta property=\"og:image:width\" content=\"800\" \/>\n\t<meta property=\"og:image:height\" content=\"473\" \/>\n\t<meta property=\"og:image:type\" content=\"image\/jpeg\" \/>\n<meta name=\"author\" content=\"Tuzla Info\" \/>\n<meta name=\"twitter:card\" content=\"summary_large_image\" \/>\n<meta name=\"twitter:label1\" content=\"Written by\" \/>\n\t<meta name=\"twitter:data1\" content=\"Tuzla Info\" \/>\n\t<meta name=\"twitter:label2\" content=\"Est. reading time\" \/>\n\t<meta name=\"twitter:data2\" content=\"3 minute\" \/>\n<script type=\"application\/ld+json\" class=\"yoast-schema-graph\">{\"@context\":\"https:\/\/schema.org\",\"@graph\":[{\"@type\":\"Article\",\"@id\":\"https:\/\/tuzlainfo.ba\/index.php\/istaknuto\/item\/261694-zabrinjavajuci-podaci-ucenici-vec-od-6-razreda-konzumiraju-nargile-i-cigarete\/#article\",\"isPartOf\":{\"@id\":\"https:\/\/tuzlainfo.ba\/index.php\/istaknuto\/item\/261694-zabrinjavajuci-podaci-ucenici-vec-od-6-razreda-konzumiraju-nargile-i-cigarete\/\"},\"author\":{\"name\":\"Tuzla Info\",\"@id\":\"https:\/\/tuzlainfo.ba\/#\/schema\/person\/46cad4c57790cbc50781edd14870825a\"},\"headline\":\"Zabrinjavaju\u0107i podaci: U\u010denici ve\u0107 od 6. razreda konzumiraju nargile i cigarete\",\"datePublished\":\"2025-02-01T11:00:21+00:00\",\"dateModified\":\"2025-01-31T19:06:42+00:00\",\"mainEntityOfPage\":{\"@id\":\"https:\/\/tuzlainfo.ba\/index.php\/istaknuto\/item\/261694-zabrinjavajuci-podaci-ucenici-vec-od-6-razreda-konzumiraju-nargile-i-cigarete\/\"},\"wordCount\":494,\"publisher\":{\"@id\":\"https:\/\/tuzlainfo.ba\/#organization\"},\"image\":{\"@id\":\"https:\/\/tuzlainfo.ba\/index.php\/istaknuto\/item\/261694-zabrinjavajuci-podaci-ucenici-vec-od-6-razreda-konzumiraju-nargile-i-cigarete\/#primaryimage\"},\"thumbnailUrl\":\"https:\/\/tuzlainfo.ba\/wp-content\/uploads\/2021\/07\/1607_-nargila-pusenje-dim-1.jpg\",\"keywords\":[\"cigarete\",\"nargile\"],\"articleSection\":[\"Bosna i Hercegovina\",\"Istaknuto\"],\"inLanguage\":\"bs-BA\"},{\"@type\":\"WebPage\",\"@id\":\"https:\/\/tuzlainfo.ba\/index.php\/istaknuto\/item\/261694-zabrinjavajuci-podaci-ucenici-vec-od-6-razreda-konzumiraju-nargile-i-cigarete\/\",\"url\":\"https:\/\/tuzlainfo.ba\/index.php\/istaknuto\/item\/261694-zabrinjavajuci-podaci-ucenici-vec-od-6-razreda-konzumiraju-nargile-i-cigarete\/\",\"name\":\"Zabrinjavaju\u0107i podaci: U\u010denici ve\u0107 od 6. razreda konzumiraju nargile i cigarete - TuzlaInfo.ba\",\"isPartOf\":{\"@id\":\"https:\/\/tuzlainfo.ba\/#website\"},\"primaryImageOfPage\":{\"@id\":\"https:\/\/tuzlainfo.ba\/index.php\/istaknuto\/item\/261694-zabrinjavajuci-podaci-ucenici-vec-od-6-razreda-konzumiraju-nargile-i-cigarete\/#primaryimage\"},\"image\":{\"@id\":\"https:\/\/tuzlainfo.ba\/index.php\/istaknuto\/item\/261694-zabrinjavajuci-podaci-ucenici-vec-od-6-razreda-konzumiraju-nargile-i-cigarete\/#primaryimage\"},\"thumbnailUrl\":\"https:\/\/tuzlainfo.ba\/wp-content\/uploads\/2021\/07\/1607_-nargila-pusenje-dim-1.jpg\",\"datePublished\":\"2025-02-01T11:00:21+00:00\",\"dateModified\":\"2025-01-31T19:06:42+00:00\",\"breadcrumb\":{\"@id\":\"https:\/\/tuzlainfo.ba\/index.php\/istaknuto\/item\/261694-zabrinjavajuci-podaci-ucenici-vec-od-6-razreda-konzumiraju-nargile-i-cigarete\/#breadcrumb\"},\"inLanguage\":\"bs-BA\",\"potentialAction\":[{\"@type\":\"ReadAction\",\"target\":[\"https:\/\/tuzlainfo.ba\/index.php\/istaknuto\/item\/261694-zabrinjavajuci-podaci-ucenici-vec-od-6-razreda-konzumiraju-nargile-i-cigarete\/\"]}]},{\"@type\":\"ImageObject\",\"inLanguage\":\"bs-BA\",\"@id\":\"https:\/\/tuzlainfo.ba\/index.php\/istaknuto\/item\/261694-zabrinjavajuci-podaci-ucenici-vec-od-6-razreda-konzumiraju-nargile-i-cigarete\/#primaryimage\",\"url\":\"https:\/\/tuzlainfo.ba\/wp-content\/uploads\/2021\/07\/1607_-nargila-pusenje-dim-1.jpg\",\"contentUrl\":\"https:\/\/tuzlainfo.ba\/wp-content\/uploads\/2021\/07\/1607_-nargila-pusenje-dim-1.jpg\",\"width\":800,\"height\":473,\"caption\":\".\"},{\"@type\":\"BreadcrumbList\",\"@id\":\"https:\/\/tuzlainfo.ba\/index.php\/istaknuto\/item\/261694-zabrinjavajuci-podaci-ucenici-vec-od-6-razreda-konzumiraju-nargile-i-cigarete\/#breadcrumb\",\"itemListElement\":[{\"@type\":\"ListItem\",\"position\":1,\"name\":\"Home\",\"item\":\"https:\/\/tuzlainfo.ba\/\"},{\"@type\":\"ListItem\",\"position\":2,\"name\":\"Zabrinjavaju\u0107i podaci: U\u010denici ve\u0107 od 6. razreda konzumiraju nargile i cigarete\"}]},{\"@type\":\"WebSite\",\"@id\":\"https:\/\/tuzlainfo.ba\/#website\",\"url\":\"https:\/\/tuzlainfo.ba\/\",\"name\":\"TuzlaInfo.ba\",\"description\":\"Tuzla info, gradski informator - Tuzla na dlanu\",\"publisher\":{\"@id\":\"https:\/\/tuzlainfo.ba\/#organization\"},\"potentialAction\":[{\"@type\":\"SearchAction\",\"target\":{\"@type\":\"EntryPoint\",\"urlTemplate\":\"https:\/\/tuzlainfo.ba\/?s={search_term_string}\"},\"query-input\":{\"@type\":\"PropertyValueSpecification\",\"valueRequired\":true,\"valueName\":\"search_term_string\"}}],\"inLanguage\":\"bs-BA\"},{\"@type\":\"Organization\",\"@id\":\"https:\/\/tuzlainfo.ba\/#organization\",\"name\":\"TuzlaInfo.ba\",\"url\":\"https:\/\/tuzlainfo.ba\/\",\"logo\":{\"@type\":\"ImageObject\",\"inLanguage\":\"bs-BA\",\"@id\":\"https:\/\/tuzlainfo.ba\/#\/schema\/logo\/image\/\",\"url\":\"https:\/\/tuzlainfo.ba\/wp-content\/uploads\/2021\/03\/logo-ver-3-1.png\",\"contentUrl\":\"https:\/\/tuzlainfo.ba\/wp-content\/uploads\/2021\/03\/logo-ver-3-1.png\",\"width\":350,\"height\":95,\"caption\":\"TuzlaInfo.ba\"},\"image\":{\"@id\":\"https:\/\/tuzlainfo.ba\/#\/schema\/logo\/image\/\"},\"sameAs\":[\"https:\/\/www.facebook.com\/tuzlainfo.ba\/\"]},{\"@type\":\"Person\",\"@id\":\"https:\/\/tuzlainfo.ba\/#\/schema\/person\/46cad4c57790cbc50781edd14870825a\",\"name\":\"Tuzla Info\",\"image\":{\"@type\":\"ImageObject\",\"inLanguage\":\"bs-BA\",\"@id\":\"https:\/\/tuzlainfo.ba\/#\/schema\/person\/image\/\",\"url\":\"https:\/\/tuzlainfo.ba\/wp-content\/litespeed\/avatar\/b6c453a6c38e3654f2e4416c643fc25c.jpg?ver=1777051911\",\"contentUrl\":\"https:\/\/tuzlainfo.ba\/wp-content\/litespeed\/avatar\/b6c453a6c38e3654f2e4416c643fc25c.jpg?ver=1777051911\",\"caption\":\"Tuzla Info\"}}]}<\/script>\n<!-- \/ Yoast SEO plugin. -->","yoast_head_json":{"title":"Zabrinjavaju\u0107i podaci: U\u010denici ve\u0107 od 6. razreda konzumiraju nargile i cigarete - TuzlaInfo.ba","robots":{"index":"index","follow":"follow","max-snippet":"max-snippet:-1","max-image-preview":"max-image-preview:large","max-video-preview":"max-video-preview:-1"},"canonical":"https:\/\/tuzlainfo.ba\/index.php\/istaknuto\/item\/261694-zabrinjavajuci-podaci-ucenici-vec-od-6-razreda-konzumiraju-nargile-i-cigarete\/","og_locale":"bs_BA","og_type":"article","og_title":"Zabrinjavaju\u0107i podaci: U\u010denici ve\u0107 od 6. razreda konzumiraju nargile i cigarete - TuzlaInfo.ba","og_description":"Svjetski dan bez duhanskog dima, obilje\u017eava se posljednjeg dana januara, a ove godine stru\u010dnjaci posebno&hellip;","og_url":"https:\/\/tuzlainfo.ba\/index.php\/istaknuto\/item\/261694-zabrinjavajuci-podaci-ucenici-vec-od-6-razreda-konzumiraju-nargile-i-cigarete\/","og_site_name":"TuzlaInfo.ba","article_publisher":"https:\/\/www.facebook.com\/tuzlainfo.ba\/","article_published_time":"2025-02-01T11:00:21+00:00","article_modified_time":"2025-01-31T19:06:42+00:00","og_image":[{"width":800,"height":473,"url":"https:\/\/tuzlainfo.ba\/wp-content\/uploads\/2021\/07\/1607_-nargila-pusenje-dim-1.jpg","type":"image\/jpeg"}],"author":"Tuzla Info","twitter_card":"summary_large_image","twitter_misc":{"Written by":"Tuzla Info","Est. reading time":"3 minute"},"schema":{"@context":"https:\/\/schema.org","@graph":[{"@type":"Article","@id":"https:\/\/tuzlainfo.ba\/index.php\/istaknuto\/item\/261694-zabrinjavajuci-podaci-ucenici-vec-od-6-razreda-konzumiraju-nargile-i-cigarete\/#article","isPartOf":{"@id":"https:\/\/tuzlainfo.ba\/index.php\/istaknuto\/item\/261694-zabrinjavajuci-podaci-ucenici-vec-od-6-razreda-konzumiraju-nargile-i-cigarete\/"},"author":{"name":"Tuzla Info","@id":"https:\/\/tuzlainfo.ba\/#\/schema\/person\/46cad4c57790cbc50781edd14870825a"},"headline":"Zabrinjavaju\u0107i podaci: U\u010denici ve\u0107 od 6. razreda konzumiraju nargile i cigarete","datePublished":"2025-02-01T11:00:21+00:00","dateModified":"2025-01-31T19:06:42+00:00","mainEntityOfPage":{"@id":"https:\/\/tuzlainfo.ba\/index.php\/istaknuto\/item\/261694-zabrinjavajuci-podaci-ucenici-vec-od-6-razreda-konzumiraju-nargile-i-cigarete\/"},"wordCount":494,"publisher":{"@id":"https:\/\/tuzlainfo.ba\/#organization"},"image":{"@id":"https:\/\/tuzlainfo.ba\/index.php\/istaknuto\/item\/261694-zabrinjavajuci-podaci-ucenici-vec-od-6-razreda-konzumiraju-nargile-i-cigarete\/#primaryimage"},"thumbnailUrl":"https:\/\/tuzlainfo.ba\/wp-content\/uploads\/2021\/07\/1607_-nargila-pusenje-dim-1.jpg","keywords":["cigarete","nargile"],"articleSection":["Bosna i Hercegovina","Istaknuto"],"inLanguage":"bs-BA"},{"@type":"WebPage","@id":"https:\/\/tuzlainfo.ba\/index.php\/istaknuto\/item\/261694-zabrinjavajuci-podaci-ucenici-vec-od-6-razreda-konzumiraju-nargile-i-cigarete\/","url":"https:\/\/tuzlainfo.ba\/index.php\/istaknuto\/item\/261694-zabrinjavajuci-podaci-ucenici-vec-od-6-razreda-konzumiraju-nargile-i-cigarete\/","name":"Zabrinjavaju\u0107i podaci: U\u010denici ve\u0107 od 6. razreda konzumiraju nargile i cigarete - TuzlaInfo.ba","isPartOf":{"@id":"https:\/\/tuzlainfo.ba\/#website"},"primaryImageOfPage":{"@id":"https:\/\/tuzlainfo.ba\/index.php\/istaknuto\/item\/261694-zabrinjavajuci-podaci-ucenici-vec-od-6-razreda-konzumiraju-nargile-i-cigarete\/#primaryimage"},"image":{"@id":"https:\/\/tuzlainfo.ba\/index.php\/istaknuto\/item\/261694-zabrinjavajuci-podaci-ucenici-vec-od-6-razreda-konzumiraju-nargile-i-cigarete\/#primaryimage"},"thumbnailUrl":"https:\/\/tuzlainfo.ba\/wp-content\/uploads\/2021\/07\/1607_-nargila-pusenje-dim-1.jpg","datePublished":"2025-02-01T11:00:21+00:00","dateModified":"2025-01-31T19:06:42+00:00","breadcrumb":{"@id":"https:\/\/tuzlainfo.ba\/index.php\/istaknuto\/item\/261694-zabrinjavajuci-podaci-ucenici-vec-od-6-razreda-konzumiraju-nargile-i-cigarete\/#breadcrumb"},"inLanguage":"bs-BA","potentialAction":[{"@type":"ReadAction","target":["https:\/\/tuzlainfo.ba\/index.php\/istaknuto\/item\/261694-zabrinjavajuci-podaci-ucenici-vec-od-6-razreda-konzumiraju-nargile-i-cigarete\/"]}]},{"@type":"ImageObject","inLanguage":"bs-BA","@id":"https:\/\/tuzlainfo.ba\/index.php\/istaknuto\/item\/261694-zabrinjavajuci-podaci-ucenici-vec-od-6-razreda-konzumiraju-nargile-i-cigarete\/#primaryimage","url":"https:\/\/tuzlainfo.ba\/wp-content\/uploads\/2021\/07\/1607_-nargila-pusenje-dim-1.jpg","contentUrl":"https:\/\/tuzlainfo.ba\/wp-content\/uploads\/2021\/07\/1607_-nargila-pusenje-dim-1.jpg","width":800,"height":473,"caption":"."},{"@type":"BreadcrumbList","@id":"https:\/\/tuzlainfo.ba\/index.php\/istaknuto\/item\/261694-zabrinjavajuci-podaci-ucenici-vec-od-6-razreda-konzumiraju-nargile-i-cigarete\/#breadcrumb","itemListElement":[{"@type":"ListItem","position":1,"name":"Home","item":"https:\/\/tuzlainfo.ba\/"},{"@type":"ListItem","position":2,"name":"Zabrinjavaju\u0107i podaci: U\u010denici ve\u0107 od 6. razreda konzumiraju nargile i cigarete"}]},{"@type":"WebSite","@id":"https:\/\/tuzlainfo.ba\/#website","url":"https:\/\/tuzlainfo.ba\/","name":"TuzlaInfo.ba","description":"Tuzla info, gradski informator - Tuzla na dlanu","publisher":{"@id":"https:\/\/tuzlainfo.ba\/#organization"},"potentialAction":[{"@type":"SearchAction","target":{"@type":"EntryPoint","urlTemplate":"https:\/\/tuzlainfo.ba\/?s={search_term_string}"},"query-input":{"@type":"PropertyValueSpecification","valueRequired":true,"valueName":"search_term_string"}}],"inLanguage":"bs-BA"},{"@type":"Organization","@id":"https:\/\/tuzlainfo.ba\/#organization","name":"TuzlaInfo.ba","url":"https:\/\/tuzlainfo.ba\/","logo":{"@type":"ImageObject","inLanguage":"bs-BA","@id":"https:\/\/tuzlainfo.ba\/#\/schema\/logo\/image\/","url":"https:\/\/tuzlainfo.ba\/wp-content\/uploads\/2021\/03\/logo-ver-3-1.png","contentUrl":"https:\/\/tuzlainfo.ba\/wp-content\/uploads\/2021\/03\/logo-ver-3-1.png","width":350,"height":95,"caption":"TuzlaInfo.ba"},"image":{"@id":"https:\/\/tuzlainfo.ba\/#\/schema\/logo\/image\/"},"sameAs":["https:\/\/www.facebook.com\/tuzlainfo.ba\/"]},{"@type":"Person","@id":"https:\/\/tuzlainfo.ba\/#\/schema\/person\/46cad4c57790cbc50781edd14870825a","name":"Tuzla Info","image":{"@type":"ImageObject","inLanguage":"bs-BA","@id":"https:\/\/tuzlainfo.ba\/#\/schema\/person\/image\/","url":"https:\/\/tuzlainfo.ba\/wp-content\/litespeed\/avatar\/b6c453a6c38e3654f2e4416c643fc25c.jpg?ver=1777051911","contentUrl":"https:\/\/tuzlainfo.ba\/wp-content\/litespeed\/avatar\/b6c453a6c38e3654f2e4416c643fc25c.jpg?ver=1777051911","caption":"Tuzla Info"}}]}},"_links":{"self":[{"href":"https:\/\/tuzlainfo.ba\/index.php\/wp-json\/wp\/v2\/posts\/261694"}],"collection":[{"href":"https:\/\/tuzlainfo.ba\/index.php\/wp-json\/wp\/v2\/posts"}],"about":[{"href":"https:\/\/tuzlainfo.ba\/index.php\/wp-json\/wp\/v2\/types\/post"}],"author":[{"embeddable":true,"href":"https:\/\/tuzlainfo.ba\/index.php\/wp-json\/wp\/v2\/users\/4"}],"replies":[{"embeddable":true,"href":"https:\/\/tuzlainfo.ba\/index.php\/wp-json\/wp\/v2\/comments?post=261694"}],"version-history":[{"count":1,"href":"https:\/\/tuzlainfo.ba\/index.php\/wp-json\/wp\/v2\/posts\/261694\/revisions"}],"predecessor-version":[{"id":261695,"href":"https:\/\/tuzlainfo.ba\/index.php\/wp-json\/wp\/v2\/posts\/261694\/revisions\/261695"}],"wp:featuredmedia":[{"embeddable":true,"href":"https:\/\/tuzlainfo.ba\/index.php\/wp-json\/wp\/v2\/media\/142105"}],"wp:attachment":[{"href":"https:\/\/tuzlainfo.ba\/index.php\/wp-json\/wp\/v2\/media?parent=261694"}],"wp:term":[{"taxonomy":"category","embeddable":true,"href":"https:\/\/tuzlainfo.ba\/index.php\/wp-json\/wp\/v2\/categories?post=261694"},{"taxonomy":"post_tag","embeddable":true,"href":"https:\/\/tuzlainfo.ba\/index.php\/wp-json\/wp\/v2\/tags?post=261694"}],"curies":[{"name":"wp","href":"https:\/\/api.w.org\/{rel}","templated":true}]}}