{"id":261445,"date":"2025-01-28T12:21:31","date_gmt":"2025-01-28T11:21:31","guid":{"rendered":"https:\/\/tuzlainfo.ba\/?p=261445"},"modified":"2025-01-28T11:44:58","modified_gmt":"2025-01-28T10:44:58","slug":"civilna-zastita-tuzla-izdala-upozorenje-za-gradjane-2","status":"publish","type":"post","link":"https:\/\/tuzlainfo.ba\/index.php\/istaknuto\/item\/261445-civilna-zastita-tuzla-izdala-upozorenje-za-gradjane-2\/","title":{"rendered":"Civilna za\u0161tita Tuzla izdala upozorenje za gra\u0111ane"},"content":{"rendered":"<p>Slu\u017eba civilne za\u0161tite grada Tuzla upozorava gra\u0111ane da je izdato narand\u017easto upozorenje od strane Federalnog hidrometeorolo\u0161kog zavoda BiH.<\/p>\n<p>Kako se isti\u010de, upozorenje je izdato za ve\u0107i dio Bosne i Hercegovine.<\/p>\n<p>Upozorenje se odnosi na 28.01.2025. godine (utorak), a izdato je zbog o\u010dekivanih poja\u010danih udara vjetra brzine izme\u0111u 40 i 70 km\/h, zbog \u010dega je potrebno provoditi mjere samoza\u0161tite i izbjegavati:<\/p>\n<p>sklanjanje ispod visokih izoliranih stabala na otvorenom i parkiranje automobila, zbog mogu\u0107eg loma grana i stabala\u2013 nikada nemojte stajati ispod visokog drve\u0107a na otvorenom prostoru;<\/p>\n<p>stajanje pokraj prozora, otvorenih vrata, metalnih stubova i predmeta kao \u0161to su slavine, uti\u010dnice i elektri\u010dni prekida\u010di;<\/p>\n<p>kori\u0161tenje telefona i mobitela tokom oluje;<\/p>\n<p>isklju\u010diti sve elektri\u010dne ure\u0111aje;<\/p>\n<p>izbjegavati osamljena stabla i rub \u0161ume;<\/p>\n<p>izbjegavati no\u0161enje metalnih predmeta;<\/p>\n<p>izbjegavati boravak u blizini strujnih vodova i dalekovoda.<\/p>\n<p>Tako\u0111er, u mjerama samoza\u0161tite, iz ove slu\u017ebe isti\u010du da je potrebno skloniti se od bilo kakvih visokih objekata (stubova) i imati u vidu da je sigurno rastojanje jednako visini objekta, te tako\u0111er isti\u010du da nije po\u017eeljno stajati uspravno, nego \u010du\u010dnuti ili se sagnuti, ne dodiruju\u0107i zemlju rukama, a ako ste u grupi dr\u017eati rastojanje od 5 metara izme\u0111u sebe.<\/p>\n<p>U slu\u010daju nastanka odre\u0111ene opasnosti i ugro\u017eavanja ljudskih \u017eivota \u0161to hitnije pozvati:<\/p>\n<p>&nbsp;<\/p>\n<p>Operativni centar civilne za\u0161tite \u2013 121.<\/p>\n<p>Operativni centar MUP Tuzlanskog kantona -122<\/p>\n<p>Vatrogasci \u2013 123<\/p>\n","protected":false},"excerpt":{"rendered":"<p>Slu\u017eba civilne za\u0161tite grada Tuzla upozorava gra\u0111ane da je izdato narand\u017easto upozorenje od strane Federalnog&hellip;<\/p>\n","protected":false},"author":4,"featured_media":226010,"comment_status":"closed","ping_status":"closed","sticky":false,"template":"","format":"standard","meta":{"_acf_changed":false,"footnotes":""},"categories":[304,12],"tags":[2954,3210],"acf":[],"yoast_head":"<!-- This site is optimized with the Yoast SEO plugin v23.5 - https:\/\/yoast.com\/wordpress\/plugins\/seo\/ -->\n<title>Civilna za\u0161tita Tuzla izdala upozorenje za gra\u0111ane - TuzlaInfo.ba<\/title>\n<meta name=\"robots\" content=\"index, follow, max-snippet:-1, max-image-preview:large, max-video-preview:-1\" \/>\n<link rel=\"canonical\" href=\"https:\/\/tuzlainfo.ba\/index.php\/istaknuto\/item\/261445-civilna-zastita-tuzla-izdala-upozorenje-za-gradjane-2\/\" \/>\n<meta property=\"og:locale\" content=\"bs_BA\" \/>\n<meta property=\"og:type\" content=\"article\" \/>\n<meta property=\"og:title\" content=\"Civilna za\u0161tita Tuzla izdala upozorenje za gra\u0111ane - TuzlaInfo.ba\" \/>\n<meta property=\"og:description\" content=\"Slu\u017eba civilne za\u0161tite grada Tuzla upozorava gra\u0111ane da je izdato narand\u017easto upozorenje od strane Federalnog&hellip;\" \/>\n<meta property=\"og:url\" content=\"https:\/\/tuzlainfo.ba\/index.php\/istaknuto\/item\/261445-civilna-zastita-tuzla-izdala-upozorenje-za-gradjane-2\/\" \/>\n<meta property=\"og:site_name\" content=\"TuzlaInfo.ba\" \/>\n<meta property=\"article:publisher\" content=\"https:\/\/www.facebook.com\/tuzlainfo.ba\/\" \/>\n<meta property=\"article:published_time\" content=\"2025-01-28T11:21:31+00:00\" \/>\n<meta property=\"article:modified_time\" content=\"2025-01-28T10:44:58+00:00\" \/>\n<meta property=\"og:image\" content=\"https:\/\/tuzlainfo.ba\/wp-content\/uploads\/2023\/12\/tuzla-vrijeme-decembar.jpg\" \/>\n\t<meta property=\"og:image:width\" content=\"960\" \/>\n\t<meta property=\"og:image:height\" content=\"721\" \/>\n\t<meta property=\"og:image:type\" content=\"image\/jpeg\" \/>\n<meta name=\"author\" content=\"Tuzla Info\" \/>\n<meta name=\"twitter:card\" content=\"summary_large_image\" \/>\n<meta name=\"twitter:label1\" content=\"Written by\" \/>\n\t<meta name=\"twitter:data1\" content=\"Tuzla Info\" \/>\n\t<meta name=\"twitter:label2\" content=\"Est. reading time\" \/>\n\t<meta name=\"twitter:data2\" content=\"2 minute\" \/>\n<script type=\"application\/ld+json\" class=\"yoast-schema-graph\">{\"@context\":\"https:\/\/schema.org\",\"@graph\":[{\"@type\":\"Article\",\"@id\":\"https:\/\/tuzlainfo.ba\/index.php\/istaknuto\/item\/261445-civilna-zastita-tuzla-izdala-upozorenje-za-gradjane-2\/#article\",\"isPartOf\":{\"@id\":\"https:\/\/tuzlainfo.ba\/index.php\/istaknuto\/item\/261445-civilna-zastita-tuzla-izdala-upozorenje-za-gradjane-2\/\"},\"author\":{\"name\":\"Tuzla Info\",\"@id\":\"https:\/\/tuzlainfo.ba\/#\/schema\/person\/46cad4c57790cbc50781edd14870825a\"},\"headline\":\"Civilna za\u0161tita Tuzla izdala upozorenje za gra\u0111ane\",\"datePublished\":\"2025-01-28T11:21:31+00:00\",\"dateModified\":\"2025-01-28T10:44:58+00:00\",\"mainEntityOfPage\":{\"@id\":\"https:\/\/tuzlainfo.ba\/index.php\/istaknuto\/item\/261445-civilna-zastita-tuzla-izdala-upozorenje-za-gradjane-2\/\"},\"wordCount\":255,\"publisher\":{\"@id\":\"https:\/\/tuzlainfo.ba\/#organization\"},\"image\":{\"@id\":\"https:\/\/tuzlainfo.ba\/index.php\/istaknuto\/item\/261445-civilna-zastita-tuzla-izdala-upozorenje-za-gradjane-2\/#primaryimage\"},\"thumbnailUrl\":\"https:\/\/tuzlainfo.ba\/wp-content\/uploads\/2023\/12\/tuzla-vrijeme-decembar.jpg\",\"keywords\":[\"civilna za\u0161tita tuzla\",\"Upozorenje\"],\"articleSection\":[\"Istaknuto\",\"Novosti\"],\"inLanguage\":\"bs-BA\"},{\"@type\":\"WebPage\",\"@id\":\"https:\/\/tuzlainfo.ba\/index.php\/istaknuto\/item\/261445-civilna-zastita-tuzla-izdala-upozorenje-za-gradjane-2\/\",\"url\":\"https:\/\/tuzlainfo.ba\/index.php\/istaknuto\/item\/261445-civilna-zastita-tuzla-izdala-upozorenje-za-gradjane-2\/\",\"name\":\"Civilna za\u0161tita Tuzla izdala upozorenje za gra\u0111ane - TuzlaInfo.ba\",\"isPartOf\":{\"@id\":\"https:\/\/tuzlainfo.ba\/#website\"},\"primaryImageOfPage\":{\"@id\":\"https:\/\/tuzlainfo.ba\/index.php\/istaknuto\/item\/261445-civilna-zastita-tuzla-izdala-upozorenje-za-gradjane-2\/#primaryimage\"},\"image\":{\"@id\":\"https:\/\/tuzlainfo.ba\/index.php\/istaknuto\/item\/261445-civilna-zastita-tuzla-izdala-upozorenje-za-gradjane-2\/#primaryimage\"},\"thumbnailUrl\":\"https:\/\/tuzlainfo.ba\/wp-content\/uploads\/2023\/12\/tuzla-vrijeme-decembar.jpg\",\"datePublished\":\"2025-01-28T11:21:31+00:00\",\"dateModified\":\"2025-01-28T10:44:58+00:00\",\"breadcrumb\":{\"@id\":\"https:\/\/tuzlainfo.ba\/index.php\/istaknuto\/item\/261445-civilna-zastita-tuzla-izdala-upozorenje-za-gradjane-2\/#breadcrumb\"},\"inLanguage\":\"bs-BA\",\"potentialAction\":[{\"@type\":\"ReadAction\",\"target\":[\"https:\/\/tuzlainfo.ba\/index.php\/istaknuto\/item\/261445-civilna-zastita-tuzla-izdala-upozorenje-za-gradjane-2\/\"]}]},{\"@type\":\"ImageObject\",\"inLanguage\":\"bs-BA\",\"@id\":\"https:\/\/tuzlainfo.ba\/index.php\/istaknuto\/item\/261445-civilna-zastita-tuzla-izdala-upozorenje-za-gradjane-2\/#primaryimage\",\"url\":\"https:\/\/tuzlainfo.ba\/wp-content\/uploads\/2023\/12\/tuzla-vrijeme-decembar.jpg\",\"contentUrl\":\"https:\/\/tuzlainfo.ba\/wp-content\/uploads\/2023\/12\/tuzla-vrijeme-decembar.jpg\",\"width\":960,\"height\":721,\"caption\":\"Foto: Tuzlainfo\"},{\"@type\":\"BreadcrumbList\",\"@id\":\"https:\/\/tuzlainfo.ba\/index.php\/istaknuto\/item\/261445-civilna-zastita-tuzla-izdala-upozorenje-za-gradjane-2\/#breadcrumb\",\"itemListElement\":[{\"@type\":\"ListItem\",\"position\":1,\"name\":\"Home\",\"item\":\"https:\/\/tuzlainfo.ba\/\"},{\"@type\":\"ListItem\",\"position\":2,\"name\":\"Civilna za\u0161tita Tuzla izdala upozorenje za gra\u0111ane\"}]},{\"@type\":\"WebSite\",\"@id\":\"https:\/\/tuzlainfo.ba\/#website\",\"url\":\"https:\/\/tuzlainfo.ba\/\",\"name\":\"TuzlaInfo.ba\",\"description\":\"Tuzla info, gradski informator - Tuzla na dlanu\",\"publisher\":{\"@id\":\"https:\/\/tuzlainfo.ba\/#organization\"},\"potentialAction\":[{\"@type\":\"SearchAction\",\"target\":{\"@type\":\"EntryPoint\",\"urlTemplate\":\"https:\/\/tuzlainfo.ba\/?s={search_term_string}\"},\"query-input\":{\"@type\":\"PropertyValueSpecification\",\"valueRequired\":true,\"valueName\":\"search_term_string\"}}],\"inLanguage\":\"bs-BA\"},{\"@type\":\"Organization\",\"@id\":\"https:\/\/tuzlainfo.ba\/#organization\",\"name\":\"TuzlaInfo.ba\",\"url\":\"https:\/\/tuzlainfo.ba\/\",\"logo\":{\"@type\":\"ImageObject\",\"inLanguage\":\"bs-BA\",\"@id\":\"https:\/\/tuzlainfo.ba\/#\/schema\/logo\/image\/\",\"url\":\"https:\/\/tuzlainfo.ba\/wp-content\/uploads\/2021\/03\/logo-ver-3-1.png\",\"contentUrl\":\"https:\/\/tuzlainfo.ba\/wp-content\/uploads\/2021\/03\/logo-ver-3-1.png\",\"width\":350,\"height\":95,\"caption\":\"TuzlaInfo.ba\"},\"image\":{\"@id\":\"https:\/\/tuzlainfo.ba\/#\/schema\/logo\/image\/\"},\"sameAs\":[\"https:\/\/www.facebook.com\/tuzlainfo.ba\/\"]},{\"@type\":\"Person\",\"@id\":\"https:\/\/tuzlainfo.ba\/#\/schema\/person\/46cad4c57790cbc50781edd14870825a\",\"name\":\"Tuzla Info\",\"image\":{\"@type\":\"ImageObject\",\"inLanguage\":\"bs-BA\",\"@id\":\"https:\/\/tuzlainfo.ba\/#\/schema\/person\/image\/\",\"url\":\"https:\/\/tuzlainfo.ba\/wp-content\/litespeed\/avatar\/b6c453a6c38e3654f2e4416c643fc25c.jpg?ver=1777051911\",\"contentUrl\":\"https:\/\/tuzlainfo.ba\/wp-content\/litespeed\/avatar\/b6c453a6c38e3654f2e4416c643fc25c.jpg?ver=1777051911\",\"caption\":\"Tuzla Info\"}}]}<\/script>\n<!-- \/ Yoast SEO plugin. -->","yoast_head_json":{"title":"Civilna za\u0161tita Tuzla izdala upozorenje za gra\u0111ane - TuzlaInfo.ba","robots":{"index":"index","follow":"follow","max-snippet":"max-snippet:-1","max-image-preview":"max-image-preview:large","max-video-preview":"max-video-preview:-1"},"canonical":"https:\/\/tuzlainfo.ba\/index.php\/istaknuto\/item\/261445-civilna-zastita-tuzla-izdala-upozorenje-za-gradjane-2\/","og_locale":"bs_BA","og_type":"article","og_title":"Civilna za\u0161tita Tuzla izdala upozorenje za gra\u0111ane - TuzlaInfo.ba","og_description":"Slu\u017eba civilne za\u0161tite grada Tuzla upozorava gra\u0111ane da je izdato narand\u017easto upozorenje od strane Federalnog&hellip;","og_url":"https:\/\/tuzlainfo.ba\/index.php\/istaknuto\/item\/261445-civilna-zastita-tuzla-izdala-upozorenje-za-gradjane-2\/","og_site_name":"TuzlaInfo.ba","article_publisher":"https:\/\/www.facebook.com\/tuzlainfo.ba\/","article_published_time":"2025-01-28T11:21:31+00:00","article_modified_time":"2025-01-28T10:44:58+00:00","og_image":[{"width":960,"height":721,"url":"https:\/\/tuzlainfo.ba\/wp-content\/uploads\/2023\/12\/tuzla-vrijeme-decembar.jpg","type":"image\/jpeg"}],"author":"Tuzla Info","twitter_card":"summary_large_image","twitter_misc":{"Written by":"Tuzla Info","Est. reading time":"2 minute"},"schema":{"@context":"https:\/\/schema.org","@graph":[{"@type":"Article","@id":"https:\/\/tuzlainfo.ba\/index.php\/istaknuto\/item\/261445-civilna-zastita-tuzla-izdala-upozorenje-za-gradjane-2\/#article","isPartOf":{"@id":"https:\/\/tuzlainfo.ba\/index.php\/istaknuto\/item\/261445-civilna-zastita-tuzla-izdala-upozorenje-za-gradjane-2\/"},"author":{"name":"Tuzla Info","@id":"https:\/\/tuzlainfo.ba\/#\/schema\/person\/46cad4c57790cbc50781edd14870825a"},"headline":"Civilna za\u0161tita Tuzla izdala upozorenje za gra\u0111ane","datePublished":"2025-01-28T11:21:31+00:00","dateModified":"2025-01-28T10:44:58+00:00","mainEntityOfPage":{"@id":"https:\/\/tuzlainfo.ba\/index.php\/istaknuto\/item\/261445-civilna-zastita-tuzla-izdala-upozorenje-za-gradjane-2\/"},"wordCount":255,"publisher":{"@id":"https:\/\/tuzlainfo.ba\/#organization"},"image":{"@id":"https:\/\/tuzlainfo.ba\/index.php\/istaknuto\/item\/261445-civilna-zastita-tuzla-izdala-upozorenje-za-gradjane-2\/#primaryimage"},"thumbnailUrl":"https:\/\/tuzlainfo.ba\/wp-content\/uploads\/2023\/12\/tuzla-vrijeme-decembar.jpg","keywords":["civilna za\u0161tita tuzla","Upozorenje"],"articleSection":["Istaknuto","Novosti"],"inLanguage":"bs-BA"},{"@type":"WebPage","@id":"https:\/\/tuzlainfo.ba\/index.php\/istaknuto\/item\/261445-civilna-zastita-tuzla-izdala-upozorenje-za-gradjane-2\/","url":"https:\/\/tuzlainfo.ba\/index.php\/istaknuto\/item\/261445-civilna-zastita-tuzla-izdala-upozorenje-za-gradjane-2\/","name":"Civilna za\u0161tita Tuzla izdala upozorenje za gra\u0111ane - TuzlaInfo.ba","isPartOf":{"@id":"https:\/\/tuzlainfo.ba\/#website"},"primaryImageOfPage":{"@id":"https:\/\/tuzlainfo.ba\/index.php\/istaknuto\/item\/261445-civilna-zastita-tuzla-izdala-upozorenje-za-gradjane-2\/#primaryimage"},"image":{"@id":"https:\/\/tuzlainfo.ba\/index.php\/istaknuto\/item\/261445-civilna-zastita-tuzla-izdala-upozorenje-za-gradjane-2\/#primaryimage"},"thumbnailUrl":"https:\/\/tuzlainfo.ba\/wp-content\/uploads\/2023\/12\/tuzla-vrijeme-decembar.jpg","datePublished":"2025-01-28T11:21:31+00:00","dateModified":"2025-01-28T10:44:58+00:00","breadcrumb":{"@id":"https:\/\/tuzlainfo.ba\/index.php\/istaknuto\/item\/261445-civilna-zastita-tuzla-izdala-upozorenje-za-gradjane-2\/#breadcrumb"},"inLanguage":"bs-BA","potentialAction":[{"@type":"ReadAction","target":["https:\/\/tuzlainfo.ba\/index.php\/istaknuto\/item\/261445-civilna-zastita-tuzla-izdala-upozorenje-za-gradjane-2\/"]}]},{"@type":"ImageObject","inLanguage":"bs-BA","@id":"https:\/\/tuzlainfo.ba\/index.php\/istaknuto\/item\/261445-civilna-zastita-tuzla-izdala-upozorenje-za-gradjane-2\/#primaryimage","url":"https:\/\/tuzlainfo.ba\/wp-content\/uploads\/2023\/12\/tuzla-vrijeme-decembar.jpg","contentUrl":"https:\/\/tuzlainfo.ba\/wp-content\/uploads\/2023\/12\/tuzla-vrijeme-decembar.jpg","width":960,"height":721,"caption":"Foto: Tuzlainfo"},{"@type":"BreadcrumbList","@id":"https:\/\/tuzlainfo.ba\/index.php\/istaknuto\/item\/261445-civilna-zastita-tuzla-izdala-upozorenje-za-gradjane-2\/#breadcrumb","itemListElement":[{"@type":"ListItem","position":1,"name":"Home","item":"https:\/\/tuzlainfo.ba\/"},{"@type":"ListItem","position":2,"name":"Civilna za\u0161tita Tuzla izdala upozorenje za gra\u0111ane"}]},{"@type":"WebSite","@id":"https:\/\/tuzlainfo.ba\/#website","url":"https:\/\/tuzlainfo.ba\/","name":"TuzlaInfo.ba","description":"Tuzla info, gradski informator - Tuzla na dlanu","publisher":{"@id":"https:\/\/tuzlainfo.ba\/#organization"},"potentialAction":[{"@type":"SearchAction","target":{"@type":"EntryPoint","urlTemplate":"https:\/\/tuzlainfo.ba\/?s={search_term_string}"},"query-input":{"@type":"PropertyValueSpecification","valueRequired":true,"valueName":"search_term_string"}}],"inLanguage":"bs-BA"},{"@type":"Organization","@id":"https:\/\/tuzlainfo.ba\/#organization","name":"TuzlaInfo.ba","url":"https:\/\/tuzlainfo.ba\/","logo":{"@type":"ImageObject","inLanguage":"bs-BA","@id":"https:\/\/tuzlainfo.ba\/#\/schema\/logo\/image\/","url":"https:\/\/tuzlainfo.ba\/wp-content\/uploads\/2021\/03\/logo-ver-3-1.png","contentUrl":"https:\/\/tuzlainfo.ba\/wp-content\/uploads\/2021\/03\/logo-ver-3-1.png","width":350,"height":95,"caption":"TuzlaInfo.ba"},"image":{"@id":"https:\/\/tuzlainfo.ba\/#\/schema\/logo\/image\/"},"sameAs":["https:\/\/www.facebook.com\/tuzlainfo.ba\/"]},{"@type":"Person","@id":"https:\/\/tuzlainfo.ba\/#\/schema\/person\/46cad4c57790cbc50781edd14870825a","name":"Tuzla Info","image":{"@type":"ImageObject","inLanguage":"bs-BA","@id":"https:\/\/tuzlainfo.ba\/#\/schema\/person\/image\/","url":"https:\/\/tuzlainfo.ba\/wp-content\/litespeed\/avatar\/b6c453a6c38e3654f2e4416c643fc25c.jpg?ver=1777051911","contentUrl":"https:\/\/tuzlainfo.ba\/wp-content\/litespeed\/avatar\/b6c453a6c38e3654f2e4416c643fc25c.jpg?ver=1777051911","caption":"Tuzla Info"}}]}},"_links":{"self":[{"href":"https:\/\/tuzlainfo.ba\/index.php\/wp-json\/wp\/v2\/posts\/261445"}],"collection":[{"href":"https:\/\/tuzlainfo.ba\/index.php\/wp-json\/wp\/v2\/posts"}],"about":[{"href":"https:\/\/tuzlainfo.ba\/index.php\/wp-json\/wp\/v2\/types\/post"}],"author":[{"embeddable":true,"href":"https:\/\/tuzlainfo.ba\/index.php\/wp-json\/wp\/v2\/users\/4"}],"replies":[{"embeddable":true,"href":"https:\/\/tuzlainfo.ba\/index.php\/wp-json\/wp\/v2\/comments?post=261445"}],"version-history":[{"count":1,"href":"https:\/\/tuzlainfo.ba\/index.php\/wp-json\/wp\/v2\/posts\/261445\/revisions"}],"predecessor-version":[{"id":261446,"href":"https:\/\/tuzlainfo.ba\/index.php\/wp-json\/wp\/v2\/posts\/261445\/revisions\/261446"}],"wp:featuredmedia":[{"embeddable":true,"href":"https:\/\/tuzlainfo.ba\/index.php\/wp-json\/wp\/v2\/media\/226010"}],"wp:attachment":[{"href":"https:\/\/tuzlainfo.ba\/index.php\/wp-json\/wp\/v2\/media?parent=261445"}],"wp:term":[{"taxonomy":"category","embeddable":true,"href":"https:\/\/tuzlainfo.ba\/index.php\/wp-json\/wp\/v2\/categories?post=261445"},{"taxonomy":"post_tag","embeddable":true,"href":"https:\/\/tuzlainfo.ba\/index.php\/wp-json\/wp\/v2\/tags?post=261445"}],"curies":[{"name":"wp","href":"https:\/\/api.w.org\/{rel}","templated":true}]}}