{"id":261245,"date":"2025-01-25T20:00:11","date_gmt":"2025-01-25T19:00:11","guid":{"rendered":"https:\/\/tuzlainfo.ba\/?p=261245"},"modified":"2025-01-25T10:45:07","modified_gmt":"2025-01-25T09:45:07","slug":"federacija-bih-ce-uskoro-dobiti-zakon-o-e-trgovini-sta-ce-to-znaciti","status":"publish","type":"post","link":"https:\/\/tuzlainfo.ba\/index.php\/bosna-i-hercegovina\/item\/261245-federacija-bih-ce-uskoro-dobiti-zakon-o-e-trgovini-sta-ce-to-znaciti\/","title":{"rendered":"Federacija BiH \u0107e uskoro dobiti zakon o e-trgovini, \u0161ta \u0107e to zna\u010diti?"},"content":{"rendered":"<div class=\"itemIntroText\">\n<p>Federalno ministarstvo trgovine uz podr\u0161ku Projekta EU za civilno dru\u0161tvo organizovalo je dvodnevni sastanak radne grupe za izradu Zakona o e-trgovini.<\/p>\n<p>&#8221;U vrijeme ekspanzije e-trgovine i pojave me\u0111unarodnih platformi na bh. tr\u017ei\u0161tu, ukazala se potreba da utvrdimo pravila za odvijanje e-trgovine, kontrolu, ali i da propi\u0161emo sankcije za prekr\u0161ioce. Cilj nam je da smanjimo sivo tr\u017ei\u0161te, da za\u0161titimo potro\u0161a\u010de, ali i po\u0161tene trgovce. Prema do sada ura\u0111enim analizama Federacija godi\u0161nje gubi 200-300 miliona KM koji ostaju u sivom tr\u017ei\u0161tu&#8221;, kazao je federalni ministar trgovine Amir Hasi\u010devi\u0107.<\/p>\n<\/div>\n<div class=\"itemFullText\">\n<p>Radna grupa formirana od predstavnika Ministarstva trgovine, Asocijacije e-Commerc, Porezne uprave FBiH, Federalne uprave za inspekcijske poslove, Privredne komore FBiH, Ministarstva razvoja, poduzetni\u0161tva i obrta, Ministarstvo prmeta i komunikacija, a dvodnevnoj sesiji iznijela je konstruktivne prijedloge navode\u0107i primjere iz prakse, ali i podsje\u0107aju\u0107i na pravila koja va\u017ee u zemljama okru\u017eenja i u zemljama EU.<\/p>\n<p>Radna verzija Zakona o e-trgovini usagla\u0161ava se sa direktivama EU.<\/p>\n<p>Ministar Hasi\u010devi\u0107 podsjetio je da je u Zakonu o unutra\u0161njoj trgovini ve\u0107 propisano da su oni koji se opredijele obavljati trgovinu elektronskim putem du\u017eni da se registruju i da na platformama i stranicama za ogla\u0161avanje istaknu svoj registarski broj uz osnovne podatke o trgovcu\/prodavcu.<\/p>\n<p>&#8221;Ovim zakonom nastojali smo detaljnije precizirati ko, kako, na koji na\u010din mo\u017ee legalno obavljati e-trgovinu, kako prepoznati i sankcionisati one koji se nelegalno bave e-trgovinom. Zakonom su tretirane i e-platforme i dru\u0161tvene mre\u017ee putem kojih se odvija e-trgovina. Tako\u0111e, predvi\u0111ena su i obaveze za platforme putem kojih se ogla\u0161avaju fizi\u010dka i pravna lica koja se bave e-trgovinom&#8221;, kazao je predsjednik Radne grupe Jasmin Kadi\u0107.<\/p>\n<p>&#8221;Mislim da smo na tragu dobrog zakonskog rje\u0161enja i mislim da je realno o\u010dekivati da se zakon na\u0111e u parlamentarnoj proceduri krajem marta, odnosno po\u010detkom aprila ove godine&#8221;, poru\u010dio je ministar Hasi\u010devi\u0107.<\/p>\n<\/div>\n","protected":false},"excerpt":{"rendered":"<p>Federalno ministarstvo trgovine uz podr\u0161ku Projekta EU za civilno dru\u0161tvo organizovalo je dvodnevni sastanak radne&hellip;<\/p>\n","protected":false},"author":8,"featured_media":261246,"comment_status":"closed","ping_status":"closed","sticky":false,"template":"","format":"standard","meta":{"_acf_changed":false,"footnotes":""},"categories":[291],"tags":[11787,11788],"acf":[],"yoast_head":"<!-- This site is optimized with the Yoast SEO plugin v23.5 - https:\/\/yoast.com\/wordpress\/plugins\/seo\/ -->\n<title>Federacija BiH \u0107e uskoro dobiti zakon o e-trgovini, \u0161ta \u0107e to zna\u010diti? - TuzlaInfo.ba<\/title>\n<meta name=\"robots\" content=\"index, follow, max-snippet:-1, max-image-preview:large, max-video-preview:-1\" \/>\n<link rel=\"canonical\" href=\"https:\/\/tuzlainfo.ba\/index.php\/bosna-i-hercegovina\/item\/261245-federacija-bih-ce-uskoro-dobiti-zakon-o-e-trgovini-sta-ce-to-znaciti\/\" \/>\n<meta property=\"og:locale\" content=\"bs_BA\" \/>\n<meta property=\"og:type\" content=\"article\" \/>\n<meta property=\"og:title\" content=\"Federacija BiH \u0107e uskoro dobiti zakon o e-trgovini, \u0161ta \u0107e to zna\u010diti? - TuzlaInfo.ba\" \/>\n<meta property=\"og:description\" content=\"Federalno ministarstvo trgovine uz podr\u0161ku Projekta EU za civilno dru\u0161tvo organizovalo je dvodnevni sastanak radne&hellip;\" \/>\n<meta property=\"og:url\" content=\"https:\/\/tuzlainfo.ba\/index.php\/bosna-i-hercegovina\/item\/261245-federacija-bih-ce-uskoro-dobiti-zakon-o-e-trgovini-sta-ce-to-znaciti\/\" \/>\n<meta property=\"og:site_name\" content=\"TuzlaInfo.ba\" \/>\n<meta property=\"article:publisher\" content=\"https:\/\/www.facebook.com\/tuzlainfo.ba\/\" \/>\n<meta property=\"article:published_time\" content=\"2025-01-25T19:00:11+00:00\" \/>\n<meta property=\"article:modified_time\" content=\"2025-01-25T09:45:07+00:00\" \/>\n<meta property=\"og:image\" content=\"https:\/\/tuzlainfo.ba\/wp-content\/uploads\/2025\/01\/rasprava-o-zakonu-o-e-trgovini.jpg\" \/>\n\t<meta property=\"og:image:width\" content=\"800\" \/>\n\t<meta property=\"og:image:height\" content=\"600\" \/>\n\t<meta property=\"og:image:type\" content=\"image\/jpeg\" \/>\n<meta name=\"author\" content=\"Admin Tri\" \/>\n<meta name=\"twitter:card\" content=\"summary_large_image\" \/>\n<meta name=\"twitter:label1\" content=\"Written by\" \/>\n\t<meta name=\"twitter:data1\" content=\"Admin Tri\" \/>\n\t<meta name=\"twitter:label2\" content=\"Est. reading time\" \/>\n\t<meta name=\"twitter:data2\" content=\"2 minute\" \/>\n<script type=\"application\/ld+json\" class=\"yoast-schema-graph\">{\"@context\":\"https:\/\/schema.org\",\"@graph\":[{\"@type\":\"Article\",\"@id\":\"https:\/\/tuzlainfo.ba\/index.php\/bosna-i-hercegovina\/item\/261245-federacija-bih-ce-uskoro-dobiti-zakon-o-e-trgovini-sta-ce-to-znaciti\/#article\",\"isPartOf\":{\"@id\":\"https:\/\/tuzlainfo.ba\/index.php\/bosna-i-hercegovina\/item\/261245-federacija-bih-ce-uskoro-dobiti-zakon-o-e-trgovini-sta-ce-to-znaciti\/\"},\"author\":{\"name\":\"Admin Tri\",\"@id\":\"https:\/\/tuzlainfo.ba\/#\/schema\/person\/593e78a2f6378c5ba3e7600ecfa4e63a\"},\"headline\":\"Federacija BiH \u0107e uskoro dobiti zakon o e-trgovini, \u0161ta \u0107e to zna\u010diti?\",\"datePublished\":\"2025-01-25T19:00:11+00:00\",\"dateModified\":\"2025-01-25T09:45:07+00:00\",\"mainEntityOfPage\":{\"@id\":\"https:\/\/tuzlainfo.ba\/index.php\/bosna-i-hercegovina\/item\/261245-federacija-bih-ce-uskoro-dobiti-zakon-o-e-trgovini-sta-ce-to-znaciti\/\"},\"wordCount\":347,\"publisher\":{\"@id\":\"https:\/\/tuzlainfo.ba\/#organization\"},\"image\":{\"@id\":\"https:\/\/tuzlainfo.ba\/index.php\/bosna-i-hercegovina\/item\/261245-federacija-bih-ce-uskoro-dobiti-zakon-o-e-trgovini-sta-ce-to-znaciti\/#primaryimage\"},\"thumbnailUrl\":\"https:\/\/tuzlainfo.ba\/wp-content\/uploads\/2025\/01\/rasprava-o-zakonu-o-e-trgovini.jpg\",\"keywords\":[\"e-trgovina\",\"online kupovina\"],\"articleSection\":[\"Bosna i Hercegovina\"],\"inLanguage\":\"bs-BA\"},{\"@type\":\"WebPage\",\"@id\":\"https:\/\/tuzlainfo.ba\/index.php\/bosna-i-hercegovina\/item\/261245-federacija-bih-ce-uskoro-dobiti-zakon-o-e-trgovini-sta-ce-to-znaciti\/\",\"url\":\"https:\/\/tuzlainfo.ba\/index.php\/bosna-i-hercegovina\/item\/261245-federacija-bih-ce-uskoro-dobiti-zakon-o-e-trgovini-sta-ce-to-znaciti\/\",\"name\":\"Federacija BiH \u0107e uskoro dobiti zakon o e-trgovini, \u0161ta \u0107e to zna\u010diti? - TuzlaInfo.ba\",\"isPartOf\":{\"@id\":\"https:\/\/tuzlainfo.ba\/#website\"},\"primaryImageOfPage\":{\"@id\":\"https:\/\/tuzlainfo.ba\/index.php\/bosna-i-hercegovina\/item\/261245-federacija-bih-ce-uskoro-dobiti-zakon-o-e-trgovini-sta-ce-to-znaciti\/#primaryimage\"},\"image\":{\"@id\":\"https:\/\/tuzlainfo.ba\/index.php\/bosna-i-hercegovina\/item\/261245-federacija-bih-ce-uskoro-dobiti-zakon-o-e-trgovini-sta-ce-to-znaciti\/#primaryimage\"},\"thumbnailUrl\":\"https:\/\/tuzlainfo.ba\/wp-content\/uploads\/2025\/01\/rasprava-o-zakonu-o-e-trgovini.jpg\",\"datePublished\":\"2025-01-25T19:00:11+00:00\",\"dateModified\":\"2025-01-25T09:45:07+00:00\",\"breadcrumb\":{\"@id\":\"https:\/\/tuzlainfo.ba\/index.php\/bosna-i-hercegovina\/item\/261245-federacija-bih-ce-uskoro-dobiti-zakon-o-e-trgovini-sta-ce-to-znaciti\/#breadcrumb\"},\"inLanguage\":\"bs-BA\",\"potentialAction\":[{\"@type\":\"ReadAction\",\"target\":[\"https:\/\/tuzlainfo.ba\/index.php\/bosna-i-hercegovina\/item\/261245-federacija-bih-ce-uskoro-dobiti-zakon-o-e-trgovini-sta-ce-to-znaciti\/\"]}]},{\"@type\":\"ImageObject\",\"inLanguage\":\"bs-BA\",\"@id\":\"https:\/\/tuzlainfo.ba\/index.php\/bosna-i-hercegovina\/item\/261245-federacija-bih-ce-uskoro-dobiti-zakon-o-e-trgovini-sta-ce-to-znaciti\/#primaryimage\",\"url\":\"https:\/\/tuzlainfo.ba\/wp-content\/uploads\/2025\/01\/rasprava-o-zakonu-o-e-trgovini.jpg\",\"contentUrl\":\"https:\/\/tuzlainfo.ba\/wp-content\/uploads\/2025\/01\/rasprava-o-zakonu-o-e-trgovini.jpg\",\"width\":800,\"height\":600},{\"@type\":\"BreadcrumbList\",\"@id\":\"https:\/\/tuzlainfo.ba\/index.php\/bosna-i-hercegovina\/item\/261245-federacija-bih-ce-uskoro-dobiti-zakon-o-e-trgovini-sta-ce-to-znaciti\/#breadcrumb\",\"itemListElement\":[{\"@type\":\"ListItem\",\"position\":1,\"name\":\"Home\",\"item\":\"https:\/\/tuzlainfo.ba\/\"},{\"@type\":\"ListItem\",\"position\":2,\"name\":\"Federacija BiH \u0107e uskoro dobiti zakon o e-trgovini, \u0161ta \u0107e to zna\u010diti?\"}]},{\"@type\":\"WebSite\",\"@id\":\"https:\/\/tuzlainfo.ba\/#website\",\"url\":\"https:\/\/tuzlainfo.ba\/\",\"name\":\"TuzlaInfo.ba\",\"description\":\"Tuzla info, gradski informator - Tuzla na dlanu\",\"publisher\":{\"@id\":\"https:\/\/tuzlainfo.ba\/#organization\"},\"potentialAction\":[{\"@type\":\"SearchAction\",\"target\":{\"@type\":\"EntryPoint\",\"urlTemplate\":\"https:\/\/tuzlainfo.ba\/?s={search_term_string}\"},\"query-input\":{\"@type\":\"PropertyValueSpecification\",\"valueRequired\":true,\"valueName\":\"search_term_string\"}}],\"inLanguage\":\"bs-BA\"},{\"@type\":\"Organization\",\"@id\":\"https:\/\/tuzlainfo.ba\/#organization\",\"name\":\"TuzlaInfo.ba\",\"url\":\"https:\/\/tuzlainfo.ba\/\",\"logo\":{\"@type\":\"ImageObject\",\"inLanguage\":\"bs-BA\",\"@id\":\"https:\/\/tuzlainfo.ba\/#\/schema\/logo\/image\/\",\"url\":\"https:\/\/tuzlainfo.ba\/wp-content\/uploads\/2021\/03\/logo-ver-3-1.png\",\"contentUrl\":\"https:\/\/tuzlainfo.ba\/wp-content\/uploads\/2021\/03\/logo-ver-3-1.png\",\"width\":350,\"height\":95,\"caption\":\"TuzlaInfo.ba\"},\"image\":{\"@id\":\"https:\/\/tuzlainfo.ba\/#\/schema\/logo\/image\/\"},\"sameAs\":[\"https:\/\/www.facebook.com\/tuzlainfo.ba\/\"]},{\"@type\":\"Person\",\"@id\":\"https:\/\/tuzlainfo.ba\/#\/schema\/person\/593e78a2f6378c5ba3e7600ecfa4e63a\",\"name\":\"Admin Tri\",\"image\":{\"@type\":\"ImageObject\",\"inLanguage\":\"bs-BA\",\"@id\":\"https:\/\/tuzlainfo.ba\/#\/schema\/person\/image\/\",\"url\":\"https:\/\/tuzlainfo.ba\/wp-content\/litespeed\/avatar\/b7920db4cc34a71ad12497283ad2fe3f.jpg?ver=1777100914\",\"contentUrl\":\"https:\/\/tuzlainfo.ba\/wp-content\/litespeed\/avatar\/b7920db4cc34a71ad12497283ad2fe3f.jpg?ver=1777100914\",\"caption\":\"Admin Tri\"},\"sameAs\":[\"https:\/\/tuzlainfo.ba\"]}]}<\/script>\n<!-- \/ Yoast SEO plugin. -->","yoast_head_json":{"title":"Federacija BiH \u0107e uskoro dobiti zakon o e-trgovini, \u0161ta \u0107e to zna\u010diti? - TuzlaInfo.ba","robots":{"index":"index","follow":"follow","max-snippet":"max-snippet:-1","max-image-preview":"max-image-preview:large","max-video-preview":"max-video-preview:-1"},"canonical":"https:\/\/tuzlainfo.ba\/index.php\/bosna-i-hercegovina\/item\/261245-federacija-bih-ce-uskoro-dobiti-zakon-o-e-trgovini-sta-ce-to-znaciti\/","og_locale":"bs_BA","og_type":"article","og_title":"Federacija BiH \u0107e uskoro dobiti zakon o e-trgovini, \u0161ta \u0107e to zna\u010diti? - TuzlaInfo.ba","og_description":"Federalno ministarstvo trgovine uz podr\u0161ku Projekta EU za civilno dru\u0161tvo organizovalo je dvodnevni sastanak radne&hellip;","og_url":"https:\/\/tuzlainfo.ba\/index.php\/bosna-i-hercegovina\/item\/261245-federacija-bih-ce-uskoro-dobiti-zakon-o-e-trgovini-sta-ce-to-znaciti\/","og_site_name":"TuzlaInfo.ba","article_publisher":"https:\/\/www.facebook.com\/tuzlainfo.ba\/","article_published_time":"2025-01-25T19:00:11+00:00","article_modified_time":"2025-01-25T09:45:07+00:00","og_image":[{"width":800,"height":600,"url":"https:\/\/tuzlainfo.ba\/wp-content\/uploads\/2025\/01\/rasprava-o-zakonu-o-e-trgovini.jpg","type":"image\/jpeg"}],"author":"Admin Tri","twitter_card":"summary_large_image","twitter_misc":{"Written by":"Admin Tri","Est. reading time":"2 minute"},"schema":{"@context":"https:\/\/schema.org","@graph":[{"@type":"Article","@id":"https:\/\/tuzlainfo.ba\/index.php\/bosna-i-hercegovina\/item\/261245-federacija-bih-ce-uskoro-dobiti-zakon-o-e-trgovini-sta-ce-to-znaciti\/#article","isPartOf":{"@id":"https:\/\/tuzlainfo.ba\/index.php\/bosna-i-hercegovina\/item\/261245-federacija-bih-ce-uskoro-dobiti-zakon-o-e-trgovini-sta-ce-to-znaciti\/"},"author":{"name":"Admin Tri","@id":"https:\/\/tuzlainfo.ba\/#\/schema\/person\/593e78a2f6378c5ba3e7600ecfa4e63a"},"headline":"Federacija BiH \u0107e uskoro dobiti zakon o e-trgovini, \u0161ta \u0107e to zna\u010diti?","datePublished":"2025-01-25T19:00:11+00:00","dateModified":"2025-01-25T09:45:07+00:00","mainEntityOfPage":{"@id":"https:\/\/tuzlainfo.ba\/index.php\/bosna-i-hercegovina\/item\/261245-federacija-bih-ce-uskoro-dobiti-zakon-o-e-trgovini-sta-ce-to-znaciti\/"},"wordCount":347,"publisher":{"@id":"https:\/\/tuzlainfo.ba\/#organization"},"image":{"@id":"https:\/\/tuzlainfo.ba\/index.php\/bosna-i-hercegovina\/item\/261245-federacija-bih-ce-uskoro-dobiti-zakon-o-e-trgovini-sta-ce-to-znaciti\/#primaryimage"},"thumbnailUrl":"https:\/\/tuzlainfo.ba\/wp-content\/uploads\/2025\/01\/rasprava-o-zakonu-o-e-trgovini.jpg","keywords":["e-trgovina","online kupovina"],"articleSection":["Bosna i Hercegovina"],"inLanguage":"bs-BA"},{"@type":"WebPage","@id":"https:\/\/tuzlainfo.ba\/index.php\/bosna-i-hercegovina\/item\/261245-federacija-bih-ce-uskoro-dobiti-zakon-o-e-trgovini-sta-ce-to-znaciti\/","url":"https:\/\/tuzlainfo.ba\/index.php\/bosna-i-hercegovina\/item\/261245-federacija-bih-ce-uskoro-dobiti-zakon-o-e-trgovini-sta-ce-to-znaciti\/","name":"Federacija BiH \u0107e uskoro dobiti zakon o e-trgovini, \u0161ta \u0107e to zna\u010diti? - TuzlaInfo.ba","isPartOf":{"@id":"https:\/\/tuzlainfo.ba\/#website"},"primaryImageOfPage":{"@id":"https:\/\/tuzlainfo.ba\/index.php\/bosna-i-hercegovina\/item\/261245-federacija-bih-ce-uskoro-dobiti-zakon-o-e-trgovini-sta-ce-to-znaciti\/#primaryimage"},"image":{"@id":"https:\/\/tuzlainfo.ba\/index.php\/bosna-i-hercegovina\/item\/261245-federacija-bih-ce-uskoro-dobiti-zakon-o-e-trgovini-sta-ce-to-znaciti\/#primaryimage"},"thumbnailUrl":"https:\/\/tuzlainfo.ba\/wp-content\/uploads\/2025\/01\/rasprava-o-zakonu-o-e-trgovini.jpg","datePublished":"2025-01-25T19:00:11+00:00","dateModified":"2025-01-25T09:45:07+00:00","breadcrumb":{"@id":"https:\/\/tuzlainfo.ba\/index.php\/bosna-i-hercegovina\/item\/261245-federacija-bih-ce-uskoro-dobiti-zakon-o-e-trgovini-sta-ce-to-znaciti\/#breadcrumb"},"inLanguage":"bs-BA","potentialAction":[{"@type":"ReadAction","target":["https:\/\/tuzlainfo.ba\/index.php\/bosna-i-hercegovina\/item\/261245-federacija-bih-ce-uskoro-dobiti-zakon-o-e-trgovini-sta-ce-to-znaciti\/"]}]},{"@type":"ImageObject","inLanguage":"bs-BA","@id":"https:\/\/tuzlainfo.ba\/index.php\/bosna-i-hercegovina\/item\/261245-federacija-bih-ce-uskoro-dobiti-zakon-o-e-trgovini-sta-ce-to-znaciti\/#primaryimage","url":"https:\/\/tuzlainfo.ba\/wp-content\/uploads\/2025\/01\/rasprava-o-zakonu-o-e-trgovini.jpg","contentUrl":"https:\/\/tuzlainfo.ba\/wp-content\/uploads\/2025\/01\/rasprava-o-zakonu-o-e-trgovini.jpg","width":800,"height":600},{"@type":"BreadcrumbList","@id":"https:\/\/tuzlainfo.ba\/index.php\/bosna-i-hercegovina\/item\/261245-federacija-bih-ce-uskoro-dobiti-zakon-o-e-trgovini-sta-ce-to-znaciti\/#breadcrumb","itemListElement":[{"@type":"ListItem","position":1,"name":"Home","item":"https:\/\/tuzlainfo.ba\/"},{"@type":"ListItem","position":2,"name":"Federacija BiH \u0107e uskoro dobiti zakon o e-trgovini, \u0161ta \u0107e to zna\u010diti?"}]},{"@type":"WebSite","@id":"https:\/\/tuzlainfo.ba\/#website","url":"https:\/\/tuzlainfo.ba\/","name":"TuzlaInfo.ba","description":"Tuzla info, gradski informator - Tuzla na dlanu","publisher":{"@id":"https:\/\/tuzlainfo.ba\/#organization"},"potentialAction":[{"@type":"SearchAction","target":{"@type":"EntryPoint","urlTemplate":"https:\/\/tuzlainfo.ba\/?s={search_term_string}"},"query-input":{"@type":"PropertyValueSpecification","valueRequired":true,"valueName":"search_term_string"}}],"inLanguage":"bs-BA"},{"@type":"Organization","@id":"https:\/\/tuzlainfo.ba\/#organization","name":"TuzlaInfo.ba","url":"https:\/\/tuzlainfo.ba\/","logo":{"@type":"ImageObject","inLanguage":"bs-BA","@id":"https:\/\/tuzlainfo.ba\/#\/schema\/logo\/image\/","url":"https:\/\/tuzlainfo.ba\/wp-content\/uploads\/2021\/03\/logo-ver-3-1.png","contentUrl":"https:\/\/tuzlainfo.ba\/wp-content\/uploads\/2021\/03\/logo-ver-3-1.png","width":350,"height":95,"caption":"TuzlaInfo.ba"},"image":{"@id":"https:\/\/tuzlainfo.ba\/#\/schema\/logo\/image\/"},"sameAs":["https:\/\/www.facebook.com\/tuzlainfo.ba\/"]},{"@type":"Person","@id":"https:\/\/tuzlainfo.ba\/#\/schema\/person\/593e78a2f6378c5ba3e7600ecfa4e63a","name":"Admin Tri","image":{"@type":"ImageObject","inLanguage":"bs-BA","@id":"https:\/\/tuzlainfo.ba\/#\/schema\/person\/image\/","url":"https:\/\/tuzlainfo.ba\/wp-content\/litespeed\/avatar\/b7920db4cc34a71ad12497283ad2fe3f.jpg?ver=1777100914","contentUrl":"https:\/\/tuzlainfo.ba\/wp-content\/litespeed\/avatar\/b7920db4cc34a71ad12497283ad2fe3f.jpg?ver=1777100914","caption":"Admin Tri"},"sameAs":["https:\/\/tuzlainfo.ba"]}]}},"_links":{"self":[{"href":"https:\/\/tuzlainfo.ba\/index.php\/wp-json\/wp\/v2\/posts\/261245"}],"collection":[{"href":"https:\/\/tuzlainfo.ba\/index.php\/wp-json\/wp\/v2\/posts"}],"about":[{"href":"https:\/\/tuzlainfo.ba\/index.php\/wp-json\/wp\/v2\/types\/post"}],"author":[{"embeddable":true,"href":"https:\/\/tuzlainfo.ba\/index.php\/wp-json\/wp\/v2\/users\/8"}],"replies":[{"embeddable":true,"href":"https:\/\/tuzlainfo.ba\/index.php\/wp-json\/wp\/v2\/comments?post=261245"}],"version-history":[{"count":1,"href":"https:\/\/tuzlainfo.ba\/index.php\/wp-json\/wp\/v2\/posts\/261245\/revisions"}],"predecessor-version":[{"id":261247,"href":"https:\/\/tuzlainfo.ba\/index.php\/wp-json\/wp\/v2\/posts\/261245\/revisions\/261247"}],"wp:featuredmedia":[{"embeddable":true,"href":"https:\/\/tuzlainfo.ba\/index.php\/wp-json\/wp\/v2\/media\/261246"}],"wp:attachment":[{"href":"https:\/\/tuzlainfo.ba\/index.php\/wp-json\/wp\/v2\/media?parent=261245"}],"wp:term":[{"taxonomy":"category","embeddable":true,"href":"https:\/\/tuzlainfo.ba\/index.php\/wp-json\/wp\/v2\/categories?post=261245"},{"taxonomy":"post_tag","embeddable":true,"href":"https:\/\/tuzlainfo.ba\/index.php\/wp-json\/wp\/v2\/tags?post=261245"}],"curies":[{"name":"wp","href":"https:\/\/api.w.org\/{rel}","templated":true}]}}