{"id":261243,"date":"2025-01-25T14:00:59","date_gmt":"2025-01-25T13:00:59","guid":{"rendered":"https:\/\/tuzlainfo.ba\/?p=261243"},"modified":"2025-01-25T10:45:21","modified_gmt":"2025-01-25T09:45:21","slug":"forto-upozorio-aerodrome-u-bih-da-preuzmu-nove-obaveze","status":"publish","type":"post","link":"https:\/\/tuzlainfo.ba\/index.php\/bosna-i-hercegovina\/item\/261243-forto-upozorio-aerodrome-u-bih-da-preuzmu-nove-obaveze\/","title":{"rendered":"Forto upozorio aerodrome u BiH da preuzmu nove obaveze"},"content":{"rendered":"<div class=\"bold\">\n<p>Dr\u017eavni komitet za sigurnost civilnog zrakoplovstva je, na inicijativu predsjedavaju\u0107eg Komiteta ministra komunikacija i prometa BiH Edina Forte, zatra\u017eio odr\u017eavanje tematske sjednice s predstavnicima aerodroma u BiH u cilju ispunjavanja obaveza iz Programa civilnog zrakoplovstva BiH.<\/p>\n<\/div>\n<p>Programom je, izme\u0111u ostalog, propisana i obaveza aerodroma da najkasnije do 18. maja 2025. godine od Grani\u010dne policije Bosne i Hercegovine preuzmu poslove protivdiverzione kontrole putnika i prtljaga.<\/p>\n<p>Dr\u017eavni komitet je na sjednici informiran da je u izvr\u0161avanju te obaveze najvi\u0161e postigao Aerodrom Sarajevo, da su aerodromi u Tuzli i Banjoj Luci zapo\u010deli aktivnosti, dok Aerodrom Mostar jo\u0161 nije u\u0161ao u realizaciju ove obaveze, saop\u0107eno je iz Ministarstva komunikacija i prometa BiH.<\/p>\n<p>Programom sigurnosti je ova obaveza, u skladu sa evropskom praksom i nakon vi\u0161egodi\u0161njeg odlaganja, predata aerodromima.<\/p>\n<p>&#8221;Svjesni smo i goru\u0107eg problema nedovoljnog broja pripadnika Grani\u010dne policije BiH u kojoj trenutno nedostaje gotovo 750 policijskih slu\u017ebenika, zbog \u010dega svako daljnje odlaganje obaveze preuzimanja KDZ pregleda putnika i prtljaga sa Grani\u010dne policije BiH dovodi u pitanje obavezu ispunjavanja sigurnosnih procedura na na\u0161im aerodromima, zbog \u010dega postoji ozbiljan rizik da na\u0161i aerodromi izgube licence za rad&#8221;, naveo je ministar Forto.<\/p>\n","protected":false},"excerpt":{"rendered":"<p>Dr\u017eavni komitet za sigurnost civilnog zrakoplovstva je, na inicijativu predsjedavaju\u0107eg Komiteta ministra komunikacija i prometa&hellip;<\/p>\n","protected":false},"author":8,"featured_media":225449,"comment_status":"closed","ping_status":"closed","sticky":false,"template":"","format":"standard","meta":{"_acf_changed":false,"footnotes":""},"categories":[291,304],"tags":[11785,11786],"acf":[],"yoast_head":"<!-- This site is optimized with the Yoast SEO plugin v23.5 - https:\/\/yoast.com\/wordpress\/plugins\/seo\/ -->\n<title>Forto upozorio aerodrome u BiH da preuzmu nove obaveze - TuzlaInfo.ba<\/title>\n<meta name=\"robots\" content=\"index, follow, max-snippet:-1, max-image-preview:large, max-video-preview:-1\" \/>\n<link rel=\"canonical\" href=\"https:\/\/tuzlainfo.ba\/index.php\/bosna-i-hercegovina\/item\/261243-forto-upozorio-aerodrome-u-bih-da-preuzmu-nove-obaveze\/\" \/>\n<meta property=\"og:locale\" content=\"bs_BA\" \/>\n<meta property=\"og:type\" content=\"article\" \/>\n<meta property=\"og:title\" content=\"Forto upozorio aerodrome u BiH da preuzmu nove obaveze - TuzlaInfo.ba\" \/>\n<meta property=\"og:description\" content=\"Dr\u017eavni komitet za sigurnost civilnog zrakoplovstva je, na inicijativu predsjedavaju\u0107eg Komiteta ministra komunikacija i prometa&hellip;\" \/>\n<meta property=\"og:url\" content=\"https:\/\/tuzlainfo.ba\/index.php\/bosna-i-hercegovina\/item\/261243-forto-upozorio-aerodrome-u-bih-da-preuzmu-nove-obaveze\/\" \/>\n<meta property=\"og:site_name\" content=\"TuzlaInfo.ba\" \/>\n<meta property=\"article:publisher\" content=\"https:\/\/www.facebook.com\/tuzlainfo.ba\/\" \/>\n<meta property=\"article:published_time\" content=\"2025-01-25T13:00:59+00:00\" \/>\n<meta property=\"article:modified_time\" content=\"2025-01-25T09:45:21+00:00\" \/>\n<meta property=\"og:image\" content=\"https:\/\/tuzlainfo.ba\/wp-content\/uploads\/2023\/12\/1812_avion_aerodrom_luminwings-2.jpg\" \/>\n\t<meta property=\"og:image:width\" content=\"1000\" \/>\n\t<meta property=\"og:image:height\" content=\"608\" \/>\n\t<meta property=\"og:image:type\" content=\"image\/jpeg\" \/>\n<meta name=\"author\" content=\"Admin Tri\" \/>\n<meta name=\"twitter:card\" content=\"summary_large_image\" \/>\n<meta name=\"twitter:label1\" content=\"Written by\" \/>\n\t<meta name=\"twitter:data1\" content=\"Admin Tri\" \/>\n\t<meta name=\"twitter:label2\" content=\"Est. reading time\" \/>\n\t<meta name=\"twitter:data2\" content=\"2 minute\" \/>\n<script type=\"application\/ld+json\" class=\"yoast-schema-graph\">{\"@context\":\"https:\/\/schema.org\",\"@graph\":[{\"@type\":\"Article\",\"@id\":\"https:\/\/tuzlainfo.ba\/index.php\/bosna-i-hercegovina\/item\/261243-forto-upozorio-aerodrome-u-bih-da-preuzmu-nove-obaveze\/#article\",\"isPartOf\":{\"@id\":\"https:\/\/tuzlainfo.ba\/index.php\/bosna-i-hercegovina\/item\/261243-forto-upozorio-aerodrome-u-bih-da-preuzmu-nove-obaveze\/\"},\"author\":{\"name\":\"Admin Tri\",\"@id\":\"https:\/\/tuzlainfo.ba\/#\/schema\/person\/593e78a2f6378c5ba3e7600ecfa4e63a\"},\"headline\":\"Forto upozorio aerodrome u BiH da preuzmu nove obaveze\",\"datePublished\":\"2025-01-25T13:00:59+00:00\",\"dateModified\":\"2025-01-25T09:45:21+00:00\",\"mainEntityOfPage\":{\"@id\":\"https:\/\/tuzlainfo.ba\/index.php\/bosna-i-hercegovina\/item\/261243-forto-upozorio-aerodrome-u-bih-da-preuzmu-nove-obaveze\/\"},\"wordCount\":211,\"publisher\":{\"@id\":\"https:\/\/tuzlainfo.ba\/#organization\"},\"image\":{\"@id\":\"https:\/\/tuzlainfo.ba\/index.php\/bosna-i-hercegovina\/item\/261243-forto-upozorio-aerodrome-u-bih-da-preuzmu-nove-obaveze\/#primaryimage\"},\"thumbnailUrl\":\"https:\/\/tuzlainfo.ba\/wp-content\/uploads\/2023\/12\/1812_avion_aerodrom_luminwings-2.jpg\",\"keywords\":[\"aerodromi\",\"Ministarstvo komunikacija i prometa BiH\"],\"articleSection\":[\"Bosna i Hercegovina\",\"Istaknuto\"],\"inLanguage\":\"bs-BA\"},{\"@type\":\"WebPage\",\"@id\":\"https:\/\/tuzlainfo.ba\/index.php\/bosna-i-hercegovina\/item\/261243-forto-upozorio-aerodrome-u-bih-da-preuzmu-nove-obaveze\/\",\"url\":\"https:\/\/tuzlainfo.ba\/index.php\/bosna-i-hercegovina\/item\/261243-forto-upozorio-aerodrome-u-bih-da-preuzmu-nove-obaveze\/\",\"name\":\"Forto upozorio aerodrome u BiH da preuzmu nove obaveze - TuzlaInfo.ba\",\"isPartOf\":{\"@id\":\"https:\/\/tuzlainfo.ba\/#website\"},\"primaryImageOfPage\":{\"@id\":\"https:\/\/tuzlainfo.ba\/index.php\/bosna-i-hercegovina\/item\/261243-forto-upozorio-aerodrome-u-bih-da-preuzmu-nove-obaveze\/#primaryimage\"},\"image\":{\"@id\":\"https:\/\/tuzlainfo.ba\/index.php\/bosna-i-hercegovina\/item\/261243-forto-upozorio-aerodrome-u-bih-da-preuzmu-nove-obaveze\/#primaryimage\"},\"thumbnailUrl\":\"https:\/\/tuzlainfo.ba\/wp-content\/uploads\/2023\/12\/1812_avion_aerodrom_luminwings-2.jpg\",\"datePublished\":\"2025-01-25T13:00:59+00:00\",\"dateModified\":\"2025-01-25T09:45:21+00:00\",\"breadcrumb\":{\"@id\":\"https:\/\/tuzlainfo.ba\/index.php\/bosna-i-hercegovina\/item\/261243-forto-upozorio-aerodrome-u-bih-da-preuzmu-nove-obaveze\/#breadcrumb\"},\"inLanguage\":\"bs-BA\",\"potentialAction\":[{\"@type\":\"ReadAction\",\"target\":[\"https:\/\/tuzlainfo.ba\/index.php\/bosna-i-hercegovina\/item\/261243-forto-upozorio-aerodrome-u-bih-da-preuzmu-nove-obaveze\/\"]}]},{\"@type\":\"ImageObject\",\"inLanguage\":\"bs-BA\",\"@id\":\"https:\/\/tuzlainfo.ba\/index.php\/bosna-i-hercegovina\/item\/261243-forto-upozorio-aerodrome-u-bih-da-preuzmu-nove-obaveze\/#primaryimage\",\"url\":\"https:\/\/tuzlainfo.ba\/wp-content\/uploads\/2023\/12\/1812_avion_aerodrom_luminwings-2.jpg\",\"contentUrl\":\"https:\/\/tuzlainfo.ba\/wp-content\/uploads\/2023\/12\/1812_avion_aerodrom_luminwings-2.jpg\",\"width\":1000,\"height\":608},{\"@type\":\"BreadcrumbList\",\"@id\":\"https:\/\/tuzlainfo.ba\/index.php\/bosna-i-hercegovina\/item\/261243-forto-upozorio-aerodrome-u-bih-da-preuzmu-nove-obaveze\/#breadcrumb\",\"itemListElement\":[{\"@type\":\"ListItem\",\"position\":1,\"name\":\"Home\",\"item\":\"https:\/\/tuzlainfo.ba\/\"},{\"@type\":\"ListItem\",\"position\":2,\"name\":\"Forto upozorio aerodrome u BiH da preuzmu nove obaveze\"}]},{\"@type\":\"WebSite\",\"@id\":\"https:\/\/tuzlainfo.ba\/#website\",\"url\":\"https:\/\/tuzlainfo.ba\/\",\"name\":\"TuzlaInfo.ba\",\"description\":\"Tuzla info, gradski informator - Tuzla na dlanu\",\"publisher\":{\"@id\":\"https:\/\/tuzlainfo.ba\/#organization\"},\"potentialAction\":[{\"@type\":\"SearchAction\",\"target\":{\"@type\":\"EntryPoint\",\"urlTemplate\":\"https:\/\/tuzlainfo.ba\/?s={search_term_string}\"},\"query-input\":{\"@type\":\"PropertyValueSpecification\",\"valueRequired\":true,\"valueName\":\"search_term_string\"}}],\"inLanguage\":\"bs-BA\"},{\"@type\":\"Organization\",\"@id\":\"https:\/\/tuzlainfo.ba\/#organization\",\"name\":\"TuzlaInfo.ba\",\"url\":\"https:\/\/tuzlainfo.ba\/\",\"logo\":{\"@type\":\"ImageObject\",\"inLanguage\":\"bs-BA\",\"@id\":\"https:\/\/tuzlainfo.ba\/#\/schema\/logo\/image\/\",\"url\":\"https:\/\/tuzlainfo.ba\/wp-content\/uploads\/2021\/03\/logo-ver-3-1.png\",\"contentUrl\":\"https:\/\/tuzlainfo.ba\/wp-content\/uploads\/2021\/03\/logo-ver-3-1.png\",\"width\":350,\"height\":95,\"caption\":\"TuzlaInfo.ba\"},\"image\":{\"@id\":\"https:\/\/tuzlainfo.ba\/#\/schema\/logo\/image\/\"},\"sameAs\":[\"https:\/\/www.facebook.com\/tuzlainfo.ba\/\"]},{\"@type\":\"Person\",\"@id\":\"https:\/\/tuzlainfo.ba\/#\/schema\/person\/593e78a2f6378c5ba3e7600ecfa4e63a\",\"name\":\"Admin Tri\",\"image\":{\"@type\":\"ImageObject\",\"inLanguage\":\"bs-BA\",\"@id\":\"https:\/\/tuzlainfo.ba\/#\/schema\/person\/image\/\",\"url\":\"https:\/\/tuzlainfo.ba\/wp-content\/litespeed\/avatar\/b7920db4cc34a71ad12497283ad2fe3f.jpg?ver=1777100914\",\"contentUrl\":\"https:\/\/tuzlainfo.ba\/wp-content\/litespeed\/avatar\/b7920db4cc34a71ad12497283ad2fe3f.jpg?ver=1777100914\",\"caption\":\"Admin Tri\"},\"sameAs\":[\"https:\/\/tuzlainfo.ba\"]}]}<\/script>\n<!-- \/ Yoast SEO plugin. -->","yoast_head_json":{"title":"Forto upozorio aerodrome u BiH da preuzmu nove obaveze - TuzlaInfo.ba","robots":{"index":"index","follow":"follow","max-snippet":"max-snippet:-1","max-image-preview":"max-image-preview:large","max-video-preview":"max-video-preview:-1"},"canonical":"https:\/\/tuzlainfo.ba\/index.php\/bosna-i-hercegovina\/item\/261243-forto-upozorio-aerodrome-u-bih-da-preuzmu-nove-obaveze\/","og_locale":"bs_BA","og_type":"article","og_title":"Forto upozorio aerodrome u BiH da preuzmu nove obaveze - TuzlaInfo.ba","og_description":"Dr\u017eavni komitet za sigurnost civilnog zrakoplovstva je, na inicijativu predsjedavaju\u0107eg Komiteta ministra komunikacija i prometa&hellip;","og_url":"https:\/\/tuzlainfo.ba\/index.php\/bosna-i-hercegovina\/item\/261243-forto-upozorio-aerodrome-u-bih-da-preuzmu-nove-obaveze\/","og_site_name":"TuzlaInfo.ba","article_publisher":"https:\/\/www.facebook.com\/tuzlainfo.ba\/","article_published_time":"2025-01-25T13:00:59+00:00","article_modified_time":"2025-01-25T09:45:21+00:00","og_image":[{"width":1000,"height":608,"url":"https:\/\/tuzlainfo.ba\/wp-content\/uploads\/2023\/12\/1812_avion_aerodrom_luminwings-2.jpg","type":"image\/jpeg"}],"author":"Admin Tri","twitter_card":"summary_large_image","twitter_misc":{"Written by":"Admin Tri","Est. reading time":"2 minute"},"schema":{"@context":"https:\/\/schema.org","@graph":[{"@type":"Article","@id":"https:\/\/tuzlainfo.ba\/index.php\/bosna-i-hercegovina\/item\/261243-forto-upozorio-aerodrome-u-bih-da-preuzmu-nove-obaveze\/#article","isPartOf":{"@id":"https:\/\/tuzlainfo.ba\/index.php\/bosna-i-hercegovina\/item\/261243-forto-upozorio-aerodrome-u-bih-da-preuzmu-nove-obaveze\/"},"author":{"name":"Admin Tri","@id":"https:\/\/tuzlainfo.ba\/#\/schema\/person\/593e78a2f6378c5ba3e7600ecfa4e63a"},"headline":"Forto upozorio aerodrome u BiH da preuzmu nove obaveze","datePublished":"2025-01-25T13:00:59+00:00","dateModified":"2025-01-25T09:45:21+00:00","mainEntityOfPage":{"@id":"https:\/\/tuzlainfo.ba\/index.php\/bosna-i-hercegovina\/item\/261243-forto-upozorio-aerodrome-u-bih-da-preuzmu-nove-obaveze\/"},"wordCount":211,"publisher":{"@id":"https:\/\/tuzlainfo.ba\/#organization"},"image":{"@id":"https:\/\/tuzlainfo.ba\/index.php\/bosna-i-hercegovina\/item\/261243-forto-upozorio-aerodrome-u-bih-da-preuzmu-nove-obaveze\/#primaryimage"},"thumbnailUrl":"https:\/\/tuzlainfo.ba\/wp-content\/uploads\/2023\/12\/1812_avion_aerodrom_luminwings-2.jpg","keywords":["aerodromi","Ministarstvo komunikacija i prometa BiH"],"articleSection":["Bosna i Hercegovina","Istaknuto"],"inLanguage":"bs-BA"},{"@type":"WebPage","@id":"https:\/\/tuzlainfo.ba\/index.php\/bosna-i-hercegovina\/item\/261243-forto-upozorio-aerodrome-u-bih-da-preuzmu-nove-obaveze\/","url":"https:\/\/tuzlainfo.ba\/index.php\/bosna-i-hercegovina\/item\/261243-forto-upozorio-aerodrome-u-bih-da-preuzmu-nove-obaveze\/","name":"Forto upozorio aerodrome u BiH da preuzmu nove obaveze - TuzlaInfo.ba","isPartOf":{"@id":"https:\/\/tuzlainfo.ba\/#website"},"primaryImageOfPage":{"@id":"https:\/\/tuzlainfo.ba\/index.php\/bosna-i-hercegovina\/item\/261243-forto-upozorio-aerodrome-u-bih-da-preuzmu-nove-obaveze\/#primaryimage"},"image":{"@id":"https:\/\/tuzlainfo.ba\/index.php\/bosna-i-hercegovina\/item\/261243-forto-upozorio-aerodrome-u-bih-da-preuzmu-nove-obaveze\/#primaryimage"},"thumbnailUrl":"https:\/\/tuzlainfo.ba\/wp-content\/uploads\/2023\/12\/1812_avion_aerodrom_luminwings-2.jpg","datePublished":"2025-01-25T13:00:59+00:00","dateModified":"2025-01-25T09:45:21+00:00","breadcrumb":{"@id":"https:\/\/tuzlainfo.ba\/index.php\/bosna-i-hercegovina\/item\/261243-forto-upozorio-aerodrome-u-bih-da-preuzmu-nove-obaveze\/#breadcrumb"},"inLanguage":"bs-BA","potentialAction":[{"@type":"ReadAction","target":["https:\/\/tuzlainfo.ba\/index.php\/bosna-i-hercegovina\/item\/261243-forto-upozorio-aerodrome-u-bih-da-preuzmu-nove-obaveze\/"]}]},{"@type":"ImageObject","inLanguage":"bs-BA","@id":"https:\/\/tuzlainfo.ba\/index.php\/bosna-i-hercegovina\/item\/261243-forto-upozorio-aerodrome-u-bih-da-preuzmu-nove-obaveze\/#primaryimage","url":"https:\/\/tuzlainfo.ba\/wp-content\/uploads\/2023\/12\/1812_avion_aerodrom_luminwings-2.jpg","contentUrl":"https:\/\/tuzlainfo.ba\/wp-content\/uploads\/2023\/12\/1812_avion_aerodrom_luminwings-2.jpg","width":1000,"height":608},{"@type":"BreadcrumbList","@id":"https:\/\/tuzlainfo.ba\/index.php\/bosna-i-hercegovina\/item\/261243-forto-upozorio-aerodrome-u-bih-da-preuzmu-nove-obaveze\/#breadcrumb","itemListElement":[{"@type":"ListItem","position":1,"name":"Home","item":"https:\/\/tuzlainfo.ba\/"},{"@type":"ListItem","position":2,"name":"Forto upozorio aerodrome u BiH da preuzmu nove obaveze"}]},{"@type":"WebSite","@id":"https:\/\/tuzlainfo.ba\/#website","url":"https:\/\/tuzlainfo.ba\/","name":"TuzlaInfo.ba","description":"Tuzla info, gradski informator - Tuzla na dlanu","publisher":{"@id":"https:\/\/tuzlainfo.ba\/#organization"},"potentialAction":[{"@type":"SearchAction","target":{"@type":"EntryPoint","urlTemplate":"https:\/\/tuzlainfo.ba\/?s={search_term_string}"},"query-input":{"@type":"PropertyValueSpecification","valueRequired":true,"valueName":"search_term_string"}}],"inLanguage":"bs-BA"},{"@type":"Organization","@id":"https:\/\/tuzlainfo.ba\/#organization","name":"TuzlaInfo.ba","url":"https:\/\/tuzlainfo.ba\/","logo":{"@type":"ImageObject","inLanguage":"bs-BA","@id":"https:\/\/tuzlainfo.ba\/#\/schema\/logo\/image\/","url":"https:\/\/tuzlainfo.ba\/wp-content\/uploads\/2021\/03\/logo-ver-3-1.png","contentUrl":"https:\/\/tuzlainfo.ba\/wp-content\/uploads\/2021\/03\/logo-ver-3-1.png","width":350,"height":95,"caption":"TuzlaInfo.ba"},"image":{"@id":"https:\/\/tuzlainfo.ba\/#\/schema\/logo\/image\/"},"sameAs":["https:\/\/www.facebook.com\/tuzlainfo.ba\/"]},{"@type":"Person","@id":"https:\/\/tuzlainfo.ba\/#\/schema\/person\/593e78a2f6378c5ba3e7600ecfa4e63a","name":"Admin Tri","image":{"@type":"ImageObject","inLanguage":"bs-BA","@id":"https:\/\/tuzlainfo.ba\/#\/schema\/person\/image\/","url":"https:\/\/tuzlainfo.ba\/wp-content\/litespeed\/avatar\/b7920db4cc34a71ad12497283ad2fe3f.jpg?ver=1777100914","contentUrl":"https:\/\/tuzlainfo.ba\/wp-content\/litespeed\/avatar\/b7920db4cc34a71ad12497283ad2fe3f.jpg?ver=1777100914","caption":"Admin Tri"},"sameAs":["https:\/\/tuzlainfo.ba"]}]}},"_links":{"self":[{"href":"https:\/\/tuzlainfo.ba\/index.php\/wp-json\/wp\/v2\/posts\/261243"}],"collection":[{"href":"https:\/\/tuzlainfo.ba\/index.php\/wp-json\/wp\/v2\/posts"}],"about":[{"href":"https:\/\/tuzlainfo.ba\/index.php\/wp-json\/wp\/v2\/types\/post"}],"author":[{"embeddable":true,"href":"https:\/\/tuzlainfo.ba\/index.php\/wp-json\/wp\/v2\/users\/8"}],"replies":[{"embeddable":true,"href":"https:\/\/tuzlainfo.ba\/index.php\/wp-json\/wp\/v2\/comments?post=261243"}],"version-history":[{"count":1,"href":"https:\/\/tuzlainfo.ba\/index.php\/wp-json\/wp\/v2\/posts\/261243\/revisions"}],"predecessor-version":[{"id":261244,"href":"https:\/\/tuzlainfo.ba\/index.php\/wp-json\/wp\/v2\/posts\/261243\/revisions\/261244"}],"wp:featuredmedia":[{"embeddable":true,"href":"https:\/\/tuzlainfo.ba\/index.php\/wp-json\/wp\/v2\/media\/225449"}],"wp:attachment":[{"href":"https:\/\/tuzlainfo.ba\/index.php\/wp-json\/wp\/v2\/media?parent=261243"}],"wp:term":[{"taxonomy":"category","embeddable":true,"href":"https:\/\/tuzlainfo.ba\/index.php\/wp-json\/wp\/v2\/categories?post=261243"},{"taxonomy":"post_tag","embeddable":true,"href":"https:\/\/tuzlainfo.ba\/index.php\/wp-json\/wp\/v2\/tags?post=261243"}],"curies":[{"name":"wp","href":"https:\/\/api.w.org\/{rel}","templated":true}]}}