{"id":261235,"date":"2025-01-25T16:00:43","date_gmt":"2025-01-25T15:00:43","guid":{"rendered":"https:\/\/tuzlainfo.ba\/?p=261235"},"modified":"2025-01-25T10:45:17","modified_gmt":"2025-01-25T09:45:17","slug":"futsal-reprezentacija-bih-pocetkom-februara-docekuje-svicarsku","status":"publish","type":"post","link":"https:\/\/tuzlainfo.ba\/index.php\/bosna-i-hercegovina\/item\/261235-futsal-reprezentacija-bih-pocetkom-februara-docekuje-svicarsku\/","title":{"rendered":"Futsal reprezentacija BiH po\u010detkom februara do\u010dekuje \u0160vicarsku"},"content":{"rendered":"<p>Futsal reprezentacija Bosne i Hercegovine \u0107e 4. februara u 20:15 sati u Gradskoj areni \u201eHusejin Smajlovi\u0107\u201c u Zenici do\u010dekati selekciju \u0160vicarske u susretu drugog kola grupe 8 glavne runde kvalifikacija za Evropsko prvenstvo.<\/p>\n<p>Selektor A futsal reprezentacije BiH Goran Melher pozvao je 18 igra\u010da za susret protiv \u0160vicarske.<\/p>\n<p>Na spisku se nalaze:<\/p>\n<p>Darko Milanovi\u0107 (MNK Bubamara), Emir Mustafi\u0107 (FC \u017deljezni\u010dar), Milo\u0161 Todori\u0107 (KMF Loznica), Davor Arnautovi\u0107 (FC Diamant), Adnan Kalajd\u017ei\u0107 (FC Mostar SG), Milo\u0161 Radujkovi\u0107 (KMF Loznica), Sr\u0111an Ivankovi\u0107 (PKMF Torpedo), Josip Sesar (HMNK Vrgorac), Ajdin Drina (KMF \u017deljeznica), Ante Grbe\u0161i\u0107 (FC Mostar SG), Josip Bo\u0161kovi\u0107 (HMNK Vrgorac), Amer Deli\u0107 (MNK Sloga), Amir Baru\u010dija (FC Mostar SG), Samir Gosto (MNK Bubamara), Stefan Raki\u0107 (KMF Radnik), Faruk Brkani\u0107 (MNK Bubamara), Muanis Duvnjak (GFC Sarajevo), Senad Pora\u010danin (HMNK Vrgorac).<\/p>\n","protected":false},"excerpt":{"rendered":"<p>Futsal reprezentacija Bosne i Hercegovine \u0107e 4. februara u 20:15 sati u Gradskoj areni \u201eHusejin&hellip;<\/p>\n","protected":false},"author":8,"featured_media":261236,"comment_status":"closed","ping_status":"closed","sticky":false,"template":"","format":"standard","meta":{"_acf_changed":false,"footnotes":""},"categories":[291],"tags":[11587,1882],"acf":[],"yoast_head":"<!-- This site is optimized with the Yoast SEO plugin v23.5 - https:\/\/yoast.com\/wordpress\/plugins\/seo\/ -->\n<title>Futsal reprezentacija BiH po\u010detkom februara do\u010dekuje \u0160vicarsku - TuzlaInfo.ba<\/title>\n<meta name=\"robots\" content=\"index, follow, max-snippet:-1, max-image-preview:large, max-video-preview:-1\" \/>\n<link rel=\"canonical\" href=\"https:\/\/tuzlainfo.ba\/index.php\/bosna-i-hercegovina\/item\/261235-futsal-reprezentacija-bih-pocetkom-februara-docekuje-svicarsku\/\" \/>\n<meta property=\"og:locale\" content=\"bs_BA\" \/>\n<meta property=\"og:type\" content=\"article\" \/>\n<meta property=\"og:title\" content=\"Futsal reprezentacija BiH po\u010detkom februara do\u010dekuje \u0160vicarsku - TuzlaInfo.ba\" \/>\n<meta property=\"og:description\" content=\"Futsal reprezentacija Bosne i Hercegovine \u0107e 4. februara u 20:15 sati u Gradskoj areni \u201eHusejin&hellip;\" \/>\n<meta property=\"og:url\" content=\"https:\/\/tuzlainfo.ba\/index.php\/bosna-i-hercegovina\/item\/261235-futsal-reprezentacija-bih-pocetkom-februara-docekuje-svicarsku\/\" \/>\n<meta property=\"og:site_name\" content=\"TuzlaInfo.ba\" \/>\n<meta property=\"article:publisher\" content=\"https:\/\/www.facebook.com\/tuzlainfo.ba\/\" \/>\n<meta property=\"article:published_time\" content=\"2025-01-25T15:00:43+00:00\" \/>\n<meta property=\"article:modified_time\" content=\"2025-01-25T09:45:17+00:00\" \/>\n<meta property=\"og:image\" content=\"https:\/\/tuzlainfo.ba\/wp-content\/uploads\/2025\/01\/futsal-reprezentacija-bih-januar-2025.jpg\" \/>\n\t<meta property=\"og:image:width\" content=\"800\" \/>\n\t<meta property=\"og:image:height\" content=\"532\" \/>\n\t<meta property=\"og:image:type\" content=\"image\/jpeg\" \/>\n<meta name=\"author\" content=\"Admin Tri\" \/>\n<meta name=\"twitter:card\" content=\"summary_large_image\" \/>\n<meta name=\"twitter:label1\" content=\"Written by\" \/>\n\t<meta name=\"twitter:data1\" content=\"Admin Tri\" \/>\n\t<meta name=\"twitter:label2\" content=\"Est. reading time\" \/>\n\t<meta name=\"twitter:data2\" content=\"1 minuta\" \/>\n<script type=\"application\/ld+json\" class=\"yoast-schema-graph\">{\"@context\":\"https:\/\/schema.org\",\"@graph\":[{\"@type\":\"Article\",\"@id\":\"https:\/\/tuzlainfo.ba\/index.php\/bosna-i-hercegovina\/item\/261235-futsal-reprezentacija-bih-pocetkom-februara-docekuje-svicarsku\/#article\",\"isPartOf\":{\"@id\":\"https:\/\/tuzlainfo.ba\/index.php\/bosna-i-hercegovina\/item\/261235-futsal-reprezentacija-bih-pocetkom-februara-docekuje-svicarsku\/\"},\"author\":{\"name\":\"Admin Tri\",\"@id\":\"https:\/\/tuzlainfo.ba\/#\/schema\/person\/593e78a2f6378c5ba3e7600ecfa4e63a\"},\"headline\":\"Futsal reprezentacija BiH po\u010detkom februara do\u010dekuje \u0160vicarsku\",\"datePublished\":\"2025-01-25T15:00:43+00:00\",\"dateModified\":\"2025-01-25T09:45:17+00:00\",\"mainEntityOfPage\":{\"@id\":\"https:\/\/tuzlainfo.ba\/index.php\/bosna-i-hercegovina\/item\/261235-futsal-reprezentacija-bih-pocetkom-februara-docekuje-svicarsku\/\"},\"wordCount\":141,\"publisher\":{\"@id\":\"https:\/\/tuzlainfo.ba\/#organization\"},\"image\":{\"@id\":\"https:\/\/tuzlainfo.ba\/index.php\/bosna-i-hercegovina\/item\/261235-futsal-reprezentacija-bih-pocetkom-februara-docekuje-svicarsku\/#primaryimage\"},\"thumbnailUrl\":\"https:\/\/tuzlainfo.ba\/wp-content\/uploads\/2025\/01\/futsal-reprezentacija-bih-januar-2025.jpg\",\"keywords\":[\"Futsal reprezentacija BiH\",\"utakmica\"],\"articleSection\":[\"Bosna i Hercegovina\"],\"inLanguage\":\"bs-BA\"},{\"@type\":\"WebPage\",\"@id\":\"https:\/\/tuzlainfo.ba\/index.php\/bosna-i-hercegovina\/item\/261235-futsal-reprezentacija-bih-pocetkom-februara-docekuje-svicarsku\/\",\"url\":\"https:\/\/tuzlainfo.ba\/index.php\/bosna-i-hercegovina\/item\/261235-futsal-reprezentacija-bih-pocetkom-februara-docekuje-svicarsku\/\",\"name\":\"Futsal reprezentacija BiH po\u010detkom februara do\u010dekuje \u0160vicarsku - TuzlaInfo.ba\",\"isPartOf\":{\"@id\":\"https:\/\/tuzlainfo.ba\/#website\"},\"primaryImageOfPage\":{\"@id\":\"https:\/\/tuzlainfo.ba\/index.php\/bosna-i-hercegovina\/item\/261235-futsal-reprezentacija-bih-pocetkom-februara-docekuje-svicarsku\/#primaryimage\"},\"image\":{\"@id\":\"https:\/\/tuzlainfo.ba\/index.php\/bosna-i-hercegovina\/item\/261235-futsal-reprezentacija-bih-pocetkom-februara-docekuje-svicarsku\/#primaryimage\"},\"thumbnailUrl\":\"https:\/\/tuzlainfo.ba\/wp-content\/uploads\/2025\/01\/futsal-reprezentacija-bih-januar-2025.jpg\",\"datePublished\":\"2025-01-25T15:00:43+00:00\",\"dateModified\":\"2025-01-25T09:45:17+00:00\",\"breadcrumb\":{\"@id\":\"https:\/\/tuzlainfo.ba\/index.php\/bosna-i-hercegovina\/item\/261235-futsal-reprezentacija-bih-pocetkom-februara-docekuje-svicarsku\/#breadcrumb\"},\"inLanguage\":\"bs-BA\",\"potentialAction\":[{\"@type\":\"ReadAction\",\"target\":[\"https:\/\/tuzlainfo.ba\/index.php\/bosna-i-hercegovina\/item\/261235-futsal-reprezentacija-bih-pocetkom-februara-docekuje-svicarsku\/\"]}]},{\"@type\":\"ImageObject\",\"inLanguage\":\"bs-BA\",\"@id\":\"https:\/\/tuzlainfo.ba\/index.php\/bosna-i-hercegovina\/item\/261235-futsal-reprezentacija-bih-pocetkom-februara-docekuje-svicarsku\/#primaryimage\",\"url\":\"https:\/\/tuzlainfo.ba\/wp-content\/uploads\/2025\/01\/futsal-reprezentacija-bih-januar-2025.jpg\",\"contentUrl\":\"https:\/\/tuzlainfo.ba\/wp-content\/uploads\/2025\/01\/futsal-reprezentacija-bih-januar-2025.jpg\",\"width\":800,\"height\":532},{\"@type\":\"BreadcrumbList\",\"@id\":\"https:\/\/tuzlainfo.ba\/index.php\/bosna-i-hercegovina\/item\/261235-futsal-reprezentacija-bih-pocetkom-februara-docekuje-svicarsku\/#breadcrumb\",\"itemListElement\":[{\"@type\":\"ListItem\",\"position\":1,\"name\":\"Home\",\"item\":\"https:\/\/tuzlainfo.ba\/\"},{\"@type\":\"ListItem\",\"position\":2,\"name\":\"Futsal reprezentacija BiH po\u010detkom februara do\u010dekuje \u0160vicarsku\"}]},{\"@type\":\"WebSite\",\"@id\":\"https:\/\/tuzlainfo.ba\/#website\",\"url\":\"https:\/\/tuzlainfo.ba\/\",\"name\":\"TuzlaInfo.ba\",\"description\":\"Tuzla info, gradski informator - Tuzla na dlanu\",\"publisher\":{\"@id\":\"https:\/\/tuzlainfo.ba\/#organization\"},\"potentialAction\":[{\"@type\":\"SearchAction\",\"target\":{\"@type\":\"EntryPoint\",\"urlTemplate\":\"https:\/\/tuzlainfo.ba\/?s={search_term_string}\"},\"query-input\":{\"@type\":\"PropertyValueSpecification\",\"valueRequired\":true,\"valueName\":\"search_term_string\"}}],\"inLanguage\":\"bs-BA\"},{\"@type\":\"Organization\",\"@id\":\"https:\/\/tuzlainfo.ba\/#organization\",\"name\":\"TuzlaInfo.ba\",\"url\":\"https:\/\/tuzlainfo.ba\/\",\"logo\":{\"@type\":\"ImageObject\",\"inLanguage\":\"bs-BA\",\"@id\":\"https:\/\/tuzlainfo.ba\/#\/schema\/logo\/image\/\",\"url\":\"https:\/\/tuzlainfo.ba\/wp-content\/uploads\/2021\/03\/logo-ver-3-1.png\",\"contentUrl\":\"https:\/\/tuzlainfo.ba\/wp-content\/uploads\/2021\/03\/logo-ver-3-1.png\",\"width\":350,\"height\":95,\"caption\":\"TuzlaInfo.ba\"},\"image\":{\"@id\":\"https:\/\/tuzlainfo.ba\/#\/schema\/logo\/image\/\"},\"sameAs\":[\"https:\/\/www.facebook.com\/tuzlainfo.ba\/\"]},{\"@type\":\"Person\",\"@id\":\"https:\/\/tuzlainfo.ba\/#\/schema\/person\/593e78a2f6378c5ba3e7600ecfa4e63a\",\"name\":\"Admin Tri\",\"image\":{\"@type\":\"ImageObject\",\"inLanguage\":\"bs-BA\",\"@id\":\"https:\/\/tuzlainfo.ba\/#\/schema\/person\/image\/\",\"url\":\"https:\/\/tuzlainfo.ba\/wp-content\/litespeed\/avatar\/b7920db4cc34a71ad12497283ad2fe3f.jpg?ver=1777100914\",\"contentUrl\":\"https:\/\/tuzlainfo.ba\/wp-content\/litespeed\/avatar\/b7920db4cc34a71ad12497283ad2fe3f.jpg?ver=1777100914\",\"caption\":\"Admin Tri\"},\"sameAs\":[\"https:\/\/tuzlainfo.ba\"]}]}<\/script>\n<!-- \/ Yoast SEO plugin. -->","yoast_head_json":{"title":"Futsal reprezentacija BiH po\u010detkom februara do\u010dekuje \u0160vicarsku - TuzlaInfo.ba","robots":{"index":"index","follow":"follow","max-snippet":"max-snippet:-1","max-image-preview":"max-image-preview:large","max-video-preview":"max-video-preview:-1"},"canonical":"https:\/\/tuzlainfo.ba\/index.php\/bosna-i-hercegovina\/item\/261235-futsal-reprezentacija-bih-pocetkom-februara-docekuje-svicarsku\/","og_locale":"bs_BA","og_type":"article","og_title":"Futsal reprezentacija BiH po\u010detkom februara do\u010dekuje \u0160vicarsku - TuzlaInfo.ba","og_description":"Futsal reprezentacija Bosne i Hercegovine \u0107e 4. februara u 20:15 sati u Gradskoj areni \u201eHusejin&hellip;","og_url":"https:\/\/tuzlainfo.ba\/index.php\/bosna-i-hercegovina\/item\/261235-futsal-reprezentacija-bih-pocetkom-februara-docekuje-svicarsku\/","og_site_name":"TuzlaInfo.ba","article_publisher":"https:\/\/www.facebook.com\/tuzlainfo.ba\/","article_published_time":"2025-01-25T15:00:43+00:00","article_modified_time":"2025-01-25T09:45:17+00:00","og_image":[{"width":800,"height":532,"url":"https:\/\/tuzlainfo.ba\/wp-content\/uploads\/2025\/01\/futsal-reprezentacija-bih-januar-2025.jpg","type":"image\/jpeg"}],"author":"Admin Tri","twitter_card":"summary_large_image","twitter_misc":{"Written by":"Admin Tri","Est. reading time":"1 minuta"},"schema":{"@context":"https:\/\/schema.org","@graph":[{"@type":"Article","@id":"https:\/\/tuzlainfo.ba\/index.php\/bosna-i-hercegovina\/item\/261235-futsal-reprezentacija-bih-pocetkom-februara-docekuje-svicarsku\/#article","isPartOf":{"@id":"https:\/\/tuzlainfo.ba\/index.php\/bosna-i-hercegovina\/item\/261235-futsal-reprezentacija-bih-pocetkom-februara-docekuje-svicarsku\/"},"author":{"name":"Admin Tri","@id":"https:\/\/tuzlainfo.ba\/#\/schema\/person\/593e78a2f6378c5ba3e7600ecfa4e63a"},"headline":"Futsal reprezentacija BiH po\u010detkom februara do\u010dekuje \u0160vicarsku","datePublished":"2025-01-25T15:00:43+00:00","dateModified":"2025-01-25T09:45:17+00:00","mainEntityOfPage":{"@id":"https:\/\/tuzlainfo.ba\/index.php\/bosna-i-hercegovina\/item\/261235-futsal-reprezentacija-bih-pocetkom-februara-docekuje-svicarsku\/"},"wordCount":141,"publisher":{"@id":"https:\/\/tuzlainfo.ba\/#organization"},"image":{"@id":"https:\/\/tuzlainfo.ba\/index.php\/bosna-i-hercegovina\/item\/261235-futsal-reprezentacija-bih-pocetkom-februara-docekuje-svicarsku\/#primaryimage"},"thumbnailUrl":"https:\/\/tuzlainfo.ba\/wp-content\/uploads\/2025\/01\/futsal-reprezentacija-bih-januar-2025.jpg","keywords":["Futsal reprezentacija BiH","utakmica"],"articleSection":["Bosna i Hercegovina"],"inLanguage":"bs-BA"},{"@type":"WebPage","@id":"https:\/\/tuzlainfo.ba\/index.php\/bosna-i-hercegovina\/item\/261235-futsal-reprezentacija-bih-pocetkom-februara-docekuje-svicarsku\/","url":"https:\/\/tuzlainfo.ba\/index.php\/bosna-i-hercegovina\/item\/261235-futsal-reprezentacija-bih-pocetkom-februara-docekuje-svicarsku\/","name":"Futsal reprezentacija BiH po\u010detkom februara do\u010dekuje \u0160vicarsku - TuzlaInfo.ba","isPartOf":{"@id":"https:\/\/tuzlainfo.ba\/#website"},"primaryImageOfPage":{"@id":"https:\/\/tuzlainfo.ba\/index.php\/bosna-i-hercegovina\/item\/261235-futsal-reprezentacija-bih-pocetkom-februara-docekuje-svicarsku\/#primaryimage"},"image":{"@id":"https:\/\/tuzlainfo.ba\/index.php\/bosna-i-hercegovina\/item\/261235-futsal-reprezentacija-bih-pocetkom-februara-docekuje-svicarsku\/#primaryimage"},"thumbnailUrl":"https:\/\/tuzlainfo.ba\/wp-content\/uploads\/2025\/01\/futsal-reprezentacija-bih-januar-2025.jpg","datePublished":"2025-01-25T15:00:43+00:00","dateModified":"2025-01-25T09:45:17+00:00","breadcrumb":{"@id":"https:\/\/tuzlainfo.ba\/index.php\/bosna-i-hercegovina\/item\/261235-futsal-reprezentacija-bih-pocetkom-februara-docekuje-svicarsku\/#breadcrumb"},"inLanguage":"bs-BA","potentialAction":[{"@type":"ReadAction","target":["https:\/\/tuzlainfo.ba\/index.php\/bosna-i-hercegovina\/item\/261235-futsal-reprezentacija-bih-pocetkom-februara-docekuje-svicarsku\/"]}]},{"@type":"ImageObject","inLanguage":"bs-BA","@id":"https:\/\/tuzlainfo.ba\/index.php\/bosna-i-hercegovina\/item\/261235-futsal-reprezentacija-bih-pocetkom-februara-docekuje-svicarsku\/#primaryimage","url":"https:\/\/tuzlainfo.ba\/wp-content\/uploads\/2025\/01\/futsal-reprezentacija-bih-januar-2025.jpg","contentUrl":"https:\/\/tuzlainfo.ba\/wp-content\/uploads\/2025\/01\/futsal-reprezentacija-bih-januar-2025.jpg","width":800,"height":532},{"@type":"BreadcrumbList","@id":"https:\/\/tuzlainfo.ba\/index.php\/bosna-i-hercegovina\/item\/261235-futsal-reprezentacija-bih-pocetkom-februara-docekuje-svicarsku\/#breadcrumb","itemListElement":[{"@type":"ListItem","position":1,"name":"Home","item":"https:\/\/tuzlainfo.ba\/"},{"@type":"ListItem","position":2,"name":"Futsal reprezentacija BiH po\u010detkom februara do\u010dekuje \u0160vicarsku"}]},{"@type":"WebSite","@id":"https:\/\/tuzlainfo.ba\/#website","url":"https:\/\/tuzlainfo.ba\/","name":"TuzlaInfo.ba","description":"Tuzla info, gradski informator - Tuzla na dlanu","publisher":{"@id":"https:\/\/tuzlainfo.ba\/#organization"},"potentialAction":[{"@type":"SearchAction","target":{"@type":"EntryPoint","urlTemplate":"https:\/\/tuzlainfo.ba\/?s={search_term_string}"},"query-input":{"@type":"PropertyValueSpecification","valueRequired":true,"valueName":"search_term_string"}}],"inLanguage":"bs-BA"},{"@type":"Organization","@id":"https:\/\/tuzlainfo.ba\/#organization","name":"TuzlaInfo.ba","url":"https:\/\/tuzlainfo.ba\/","logo":{"@type":"ImageObject","inLanguage":"bs-BA","@id":"https:\/\/tuzlainfo.ba\/#\/schema\/logo\/image\/","url":"https:\/\/tuzlainfo.ba\/wp-content\/uploads\/2021\/03\/logo-ver-3-1.png","contentUrl":"https:\/\/tuzlainfo.ba\/wp-content\/uploads\/2021\/03\/logo-ver-3-1.png","width":350,"height":95,"caption":"TuzlaInfo.ba"},"image":{"@id":"https:\/\/tuzlainfo.ba\/#\/schema\/logo\/image\/"},"sameAs":["https:\/\/www.facebook.com\/tuzlainfo.ba\/"]},{"@type":"Person","@id":"https:\/\/tuzlainfo.ba\/#\/schema\/person\/593e78a2f6378c5ba3e7600ecfa4e63a","name":"Admin Tri","image":{"@type":"ImageObject","inLanguage":"bs-BA","@id":"https:\/\/tuzlainfo.ba\/#\/schema\/person\/image\/","url":"https:\/\/tuzlainfo.ba\/wp-content\/litespeed\/avatar\/b7920db4cc34a71ad12497283ad2fe3f.jpg?ver=1777100914","contentUrl":"https:\/\/tuzlainfo.ba\/wp-content\/litespeed\/avatar\/b7920db4cc34a71ad12497283ad2fe3f.jpg?ver=1777100914","caption":"Admin Tri"},"sameAs":["https:\/\/tuzlainfo.ba"]}]}},"_links":{"self":[{"href":"https:\/\/tuzlainfo.ba\/index.php\/wp-json\/wp\/v2\/posts\/261235"}],"collection":[{"href":"https:\/\/tuzlainfo.ba\/index.php\/wp-json\/wp\/v2\/posts"}],"about":[{"href":"https:\/\/tuzlainfo.ba\/index.php\/wp-json\/wp\/v2\/types\/post"}],"author":[{"embeddable":true,"href":"https:\/\/tuzlainfo.ba\/index.php\/wp-json\/wp\/v2\/users\/8"}],"replies":[{"embeddable":true,"href":"https:\/\/tuzlainfo.ba\/index.php\/wp-json\/wp\/v2\/comments?post=261235"}],"version-history":[{"count":1,"href":"https:\/\/tuzlainfo.ba\/index.php\/wp-json\/wp\/v2\/posts\/261235\/revisions"}],"predecessor-version":[{"id":261237,"href":"https:\/\/tuzlainfo.ba\/index.php\/wp-json\/wp\/v2\/posts\/261235\/revisions\/261237"}],"wp:featuredmedia":[{"embeddable":true,"href":"https:\/\/tuzlainfo.ba\/index.php\/wp-json\/wp\/v2\/media\/261236"}],"wp:attachment":[{"href":"https:\/\/tuzlainfo.ba\/index.php\/wp-json\/wp\/v2\/media?parent=261235"}],"wp:term":[{"taxonomy":"category","embeddable":true,"href":"https:\/\/tuzlainfo.ba\/index.php\/wp-json\/wp\/v2\/categories?post=261235"},{"taxonomy":"post_tag","embeddable":true,"href":"https:\/\/tuzlainfo.ba\/index.php\/wp-json\/wp\/v2\/tags?post=261235"}],"curies":[{"name":"wp","href":"https:\/\/api.w.org\/{rel}","templated":true}]}}