{"id":261059,"date":"2025-01-23T14:19:58","date_gmt":"2025-01-23T13:19:58","guid":{"rendered":"https:\/\/tuzlainfo.ba\/?p=261059"},"modified":"2025-01-23T14:27:30","modified_gmt":"2025-01-23T13:27:30","slug":"tuzla-iznenada-preminuo-univerzitetski-profesor-alen-kapidzic","status":"publish","type":"post","link":"https:\/\/tuzlainfo.ba\/index.php\/novosti\/item\/261059-tuzla-iznenada-preminuo-univerzitetski-profesor-alen-kapidzic\/","title":{"rendered":"Tuzla: Iznenada preminuo univerzitetski profesor Alen Kapid\u017ei\u0107"},"content":{"rendered":"<p class=\"xdj266r x11i5rnm xat24cr x1mh8g0r x1vvkbs x126k92a\">Iznenada u 47. godini \u017eivota danas je preminuo dr.sci. Alen Kapid\u017ei\u0107, redovni profesor na u\u017eoj nau\u010dnoj oblasti \u00abSportske igre\u00bb Fakulteta za tjelesni odgoj i sport Univerziteta u Tuzli.<\/p>\n<p>Profesor Kapid\u017ei\u0107 dao je izuzetan i neizbrisiv doprinos razvoju svoje u\u017ee nau\u010dne oblasti, Fakulteta za tjelesni odgoj i sport i Univerziteta u Tuzli u cjelini kao i kod brojnih generacija studenta koje je pudu\u010davao.<\/p>\n<div class=\"x11i5rnm xat24cr x1mh8g0r x1vvkbs xtlvy1s x126k92a\">\n<p dir=\"auto\">Komemoracija uva\u017eenom profesoru Kapid\u017ei\u0107u \u0107e biti odr\u017eana na Fakultetu za tjelesni odgoj i sport, a o terminu komemoracije i posljednjeg ispra\u0107aja obavijestit \u0107emo vas naknadno , saop\u0161teno je danas sa Fakultetu za tjelesni odgoj i sport.<\/p>\n<p dir=\"auto\">Kapid\u017ei\u0107 je u dva mandata bio i vije\u0107nik SDP-a u Gradskom vije\u0107u Tuzla, a obavljao je i du\u017enost i dekana Fakulteta za tjelesni odgoj i sport i Univerziteta u Tuzli .<\/p>\n<\/div>\n","protected":false},"excerpt":{"rendered":"<p>Iznenada u 47. godini \u017eivota danas je preminuo dr.sci. Alen Kapid\u017ei\u0107, redovni profesor na u\u017eoj&hellip;<\/p>\n","protected":false},"author":2,"featured_media":261060,"comment_status":"closed","ping_status":"closed","sticky":false,"template":"","format":"standard","meta":{"_acf_changed":false,"footnotes":""},"categories":[304,12],"tags":[11782,465],"acf":[],"yoast_head":"<!-- This site is optimized with the Yoast SEO plugin v23.5 - https:\/\/yoast.com\/wordpress\/plugins\/seo\/ -->\n<title>Tuzla: Iznenada preminuo univerzitetski profesor Alen Kapid\u017ei\u0107 - TuzlaInfo.ba<\/title>\n<meta name=\"robots\" content=\"index, follow, max-snippet:-1, max-image-preview:large, max-video-preview:-1\" \/>\n<link rel=\"canonical\" href=\"https:\/\/tuzlainfo.ba\/index.php\/novosti\/item\/261059-tuzla-iznenada-preminuo-univerzitetski-profesor-alen-kapidzic\/\" \/>\n<meta property=\"og:locale\" content=\"bs_BA\" \/>\n<meta property=\"og:type\" content=\"article\" \/>\n<meta property=\"og:title\" content=\"Tuzla: Iznenada preminuo univerzitetski profesor Alen Kapid\u017ei\u0107 - TuzlaInfo.ba\" \/>\n<meta property=\"og:description\" content=\"Iznenada u 47. godini \u017eivota danas je preminuo dr.sci. Alen Kapid\u017ei\u0107, redovni profesor na u\u017eoj&hellip;\" \/>\n<meta property=\"og:url\" content=\"https:\/\/tuzlainfo.ba\/index.php\/novosti\/item\/261059-tuzla-iznenada-preminuo-univerzitetski-profesor-alen-kapidzic\/\" \/>\n<meta property=\"og:site_name\" content=\"TuzlaInfo.ba\" \/>\n<meta property=\"article:publisher\" content=\"https:\/\/www.facebook.com\/tuzlainfo.ba\/\" \/>\n<meta property=\"article:published_time\" content=\"2025-01-23T13:19:58+00:00\" \/>\n<meta property=\"article:modified_time\" content=\"2025-01-23T13:27:30+00:00\" \/>\n<meta property=\"og:image\" content=\"https:\/\/tuzlainfo.ba\/wp-content\/uploads\/2025\/01\/alen_kapidzic.jpg\" \/>\n\t<meta property=\"og:image:width\" content=\"799\" \/>\n\t<meta property=\"og:image:height\" content=\"439\" \/>\n\t<meta property=\"og:image:type\" content=\"image\/jpeg\" \/>\n<meta name=\"author\" content=\"nedim\" \/>\n<meta name=\"twitter:card\" content=\"summary_large_image\" \/>\n<meta name=\"twitter:label1\" content=\"Written by\" \/>\n\t<meta name=\"twitter:data1\" content=\"nedim\" \/>\n\t<meta name=\"twitter:label2\" content=\"Est. reading time\" \/>\n\t<meta name=\"twitter:data2\" content=\"1 minuta\" \/>\n<script type=\"application\/ld+json\" class=\"yoast-schema-graph\">{\"@context\":\"https:\/\/schema.org\",\"@graph\":[{\"@type\":\"Article\",\"@id\":\"https:\/\/tuzlainfo.ba\/index.php\/novosti\/item\/261059-tuzla-iznenada-preminuo-univerzitetski-profesor-alen-kapidzic\/#article\",\"isPartOf\":{\"@id\":\"https:\/\/tuzlainfo.ba\/index.php\/novosti\/item\/261059-tuzla-iznenada-preminuo-univerzitetski-profesor-alen-kapidzic\/\"},\"author\":{\"name\":\"nedim\",\"@id\":\"https:\/\/tuzlainfo.ba\/#\/schema\/person\/f434e20dc27ea133923aab08451b7f7f\"},\"headline\":\"Tuzla: Iznenada preminuo univerzitetski profesor Alen Kapid\u017ei\u0107\",\"datePublished\":\"2025-01-23T13:19:58+00:00\",\"dateModified\":\"2025-01-23T13:27:30+00:00\",\"mainEntityOfPage\":{\"@id\":\"https:\/\/tuzlainfo.ba\/index.php\/novosti\/item\/261059-tuzla-iznenada-preminuo-univerzitetski-profesor-alen-kapidzic\/\"},\"wordCount\":152,\"publisher\":{\"@id\":\"https:\/\/tuzlainfo.ba\/#organization\"},\"image\":{\"@id\":\"https:\/\/tuzlainfo.ba\/index.php\/novosti\/item\/261059-tuzla-iznenada-preminuo-univerzitetski-profesor-alen-kapidzic\/#primaryimage\"},\"thumbnailUrl\":\"https:\/\/tuzlainfo.ba\/wp-content\/uploads\/2025\/01\/alen_kapidzic.jpg\",\"keywords\":[\"alen kapid\u017ei\u0107\",\"in memoriam\"],\"articleSection\":[\"Istaknuto\",\"Novosti\"],\"inLanguage\":\"bs-BA\"},{\"@type\":\"WebPage\",\"@id\":\"https:\/\/tuzlainfo.ba\/index.php\/novosti\/item\/261059-tuzla-iznenada-preminuo-univerzitetski-profesor-alen-kapidzic\/\",\"url\":\"https:\/\/tuzlainfo.ba\/index.php\/novosti\/item\/261059-tuzla-iznenada-preminuo-univerzitetski-profesor-alen-kapidzic\/\",\"name\":\"Tuzla: Iznenada preminuo univerzitetski profesor Alen Kapid\u017ei\u0107 - TuzlaInfo.ba\",\"isPartOf\":{\"@id\":\"https:\/\/tuzlainfo.ba\/#website\"},\"primaryImageOfPage\":{\"@id\":\"https:\/\/tuzlainfo.ba\/index.php\/novosti\/item\/261059-tuzla-iznenada-preminuo-univerzitetski-profesor-alen-kapidzic\/#primaryimage\"},\"image\":{\"@id\":\"https:\/\/tuzlainfo.ba\/index.php\/novosti\/item\/261059-tuzla-iznenada-preminuo-univerzitetski-profesor-alen-kapidzic\/#primaryimage\"},\"thumbnailUrl\":\"https:\/\/tuzlainfo.ba\/wp-content\/uploads\/2025\/01\/alen_kapidzic.jpg\",\"datePublished\":\"2025-01-23T13:19:58+00:00\",\"dateModified\":\"2025-01-23T13:27:30+00:00\",\"breadcrumb\":{\"@id\":\"https:\/\/tuzlainfo.ba\/index.php\/novosti\/item\/261059-tuzla-iznenada-preminuo-univerzitetski-profesor-alen-kapidzic\/#breadcrumb\"},\"inLanguage\":\"bs-BA\",\"potentialAction\":[{\"@type\":\"ReadAction\",\"target\":[\"https:\/\/tuzlainfo.ba\/index.php\/novosti\/item\/261059-tuzla-iznenada-preminuo-univerzitetski-profesor-alen-kapidzic\/\"]}]},{\"@type\":\"ImageObject\",\"inLanguage\":\"bs-BA\",\"@id\":\"https:\/\/tuzlainfo.ba\/index.php\/novosti\/item\/261059-tuzla-iznenada-preminuo-univerzitetski-profesor-alen-kapidzic\/#primaryimage\",\"url\":\"https:\/\/tuzlainfo.ba\/wp-content\/uploads\/2025\/01\/alen_kapidzic.jpg\",\"contentUrl\":\"https:\/\/tuzlainfo.ba\/wp-content\/uploads\/2025\/01\/alen_kapidzic.jpg\",\"width\":799,\"height\":439},{\"@type\":\"BreadcrumbList\",\"@id\":\"https:\/\/tuzlainfo.ba\/index.php\/novosti\/item\/261059-tuzla-iznenada-preminuo-univerzitetski-profesor-alen-kapidzic\/#breadcrumb\",\"itemListElement\":[{\"@type\":\"ListItem\",\"position\":1,\"name\":\"Home\",\"item\":\"https:\/\/tuzlainfo.ba\/\"},{\"@type\":\"ListItem\",\"position\":2,\"name\":\"Tuzla: Iznenada preminuo univerzitetski profesor Alen Kapid\u017ei\u0107\"}]},{\"@type\":\"WebSite\",\"@id\":\"https:\/\/tuzlainfo.ba\/#website\",\"url\":\"https:\/\/tuzlainfo.ba\/\",\"name\":\"TuzlaInfo.ba\",\"description\":\"Tuzla info, gradski informator - Tuzla na dlanu\",\"publisher\":{\"@id\":\"https:\/\/tuzlainfo.ba\/#organization\"},\"potentialAction\":[{\"@type\":\"SearchAction\",\"target\":{\"@type\":\"EntryPoint\",\"urlTemplate\":\"https:\/\/tuzlainfo.ba\/?s={search_term_string}\"},\"query-input\":{\"@type\":\"PropertyValueSpecification\",\"valueRequired\":true,\"valueName\":\"search_term_string\"}}],\"inLanguage\":\"bs-BA\"},{\"@type\":\"Organization\",\"@id\":\"https:\/\/tuzlainfo.ba\/#organization\",\"name\":\"TuzlaInfo.ba\",\"url\":\"https:\/\/tuzlainfo.ba\/\",\"logo\":{\"@type\":\"ImageObject\",\"inLanguage\":\"bs-BA\",\"@id\":\"https:\/\/tuzlainfo.ba\/#\/schema\/logo\/image\/\",\"url\":\"https:\/\/tuzlainfo.ba\/wp-content\/uploads\/2021\/03\/logo-ver-3-1.png\",\"contentUrl\":\"https:\/\/tuzlainfo.ba\/wp-content\/uploads\/2021\/03\/logo-ver-3-1.png\",\"width\":350,\"height\":95,\"caption\":\"TuzlaInfo.ba\"},\"image\":{\"@id\":\"https:\/\/tuzlainfo.ba\/#\/schema\/logo\/image\/\"},\"sameAs\":[\"https:\/\/www.facebook.com\/tuzlainfo.ba\/\"]},{\"@type\":\"Person\",\"@id\":\"https:\/\/tuzlainfo.ba\/#\/schema\/person\/f434e20dc27ea133923aab08451b7f7f\",\"name\":\"nedim\",\"image\":{\"@type\":\"ImageObject\",\"inLanguage\":\"bs-BA\",\"@id\":\"https:\/\/tuzlainfo.ba\/#\/schema\/person\/image\/\",\"url\":\"https:\/\/tuzlainfo.ba\/wp-content\/litespeed\/avatar\/aabad687af24844af817603ac1cbdc4f.jpg?ver=1777306975\",\"contentUrl\":\"https:\/\/tuzlainfo.ba\/wp-content\/litespeed\/avatar\/aabad687af24844af817603ac1cbdc4f.jpg?ver=1777306975\",\"caption\":\"nedim\"},\"description\":\"Tuzlainfo.ba pratite na dru\u0161tvenim mre\u017eama: Facebook, Instagram i Youtube. Svoje pri\u010de, upite i fotografije \u0161aljite na na\u0161u e-mail adresu.\"}]}<\/script>\n<!-- \/ Yoast SEO plugin. -->","yoast_head_json":{"title":"Tuzla: Iznenada preminuo univerzitetski profesor Alen Kapid\u017ei\u0107 - TuzlaInfo.ba","robots":{"index":"index","follow":"follow","max-snippet":"max-snippet:-1","max-image-preview":"max-image-preview:large","max-video-preview":"max-video-preview:-1"},"canonical":"https:\/\/tuzlainfo.ba\/index.php\/novosti\/item\/261059-tuzla-iznenada-preminuo-univerzitetski-profesor-alen-kapidzic\/","og_locale":"bs_BA","og_type":"article","og_title":"Tuzla: Iznenada preminuo univerzitetski profesor Alen Kapid\u017ei\u0107 - TuzlaInfo.ba","og_description":"Iznenada u 47. godini \u017eivota danas je preminuo dr.sci. Alen Kapid\u017ei\u0107, redovni profesor na u\u017eoj&hellip;","og_url":"https:\/\/tuzlainfo.ba\/index.php\/novosti\/item\/261059-tuzla-iznenada-preminuo-univerzitetski-profesor-alen-kapidzic\/","og_site_name":"TuzlaInfo.ba","article_publisher":"https:\/\/www.facebook.com\/tuzlainfo.ba\/","article_published_time":"2025-01-23T13:19:58+00:00","article_modified_time":"2025-01-23T13:27:30+00:00","og_image":[{"width":799,"height":439,"url":"https:\/\/tuzlainfo.ba\/wp-content\/uploads\/2025\/01\/alen_kapidzic.jpg","type":"image\/jpeg"}],"author":"nedim","twitter_card":"summary_large_image","twitter_misc":{"Written by":"nedim","Est. reading time":"1 minuta"},"schema":{"@context":"https:\/\/schema.org","@graph":[{"@type":"Article","@id":"https:\/\/tuzlainfo.ba\/index.php\/novosti\/item\/261059-tuzla-iznenada-preminuo-univerzitetski-profesor-alen-kapidzic\/#article","isPartOf":{"@id":"https:\/\/tuzlainfo.ba\/index.php\/novosti\/item\/261059-tuzla-iznenada-preminuo-univerzitetski-profesor-alen-kapidzic\/"},"author":{"name":"nedim","@id":"https:\/\/tuzlainfo.ba\/#\/schema\/person\/f434e20dc27ea133923aab08451b7f7f"},"headline":"Tuzla: Iznenada preminuo univerzitetski profesor Alen Kapid\u017ei\u0107","datePublished":"2025-01-23T13:19:58+00:00","dateModified":"2025-01-23T13:27:30+00:00","mainEntityOfPage":{"@id":"https:\/\/tuzlainfo.ba\/index.php\/novosti\/item\/261059-tuzla-iznenada-preminuo-univerzitetski-profesor-alen-kapidzic\/"},"wordCount":152,"publisher":{"@id":"https:\/\/tuzlainfo.ba\/#organization"},"image":{"@id":"https:\/\/tuzlainfo.ba\/index.php\/novosti\/item\/261059-tuzla-iznenada-preminuo-univerzitetski-profesor-alen-kapidzic\/#primaryimage"},"thumbnailUrl":"https:\/\/tuzlainfo.ba\/wp-content\/uploads\/2025\/01\/alen_kapidzic.jpg","keywords":["alen kapid\u017ei\u0107","in memoriam"],"articleSection":["Istaknuto","Novosti"],"inLanguage":"bs-BA"},{"@type":"WebPage","@id":"https:\/\/tuzlainfo.ba\/index.php\/novosti\/item\/261059-tuzla-iznenada-preminuo-univerzitetski-profesor-alen-kapidzic\/","url":"https:\/\/tuzlainfo.ba\/index.php\/novosti\/item\/261059-tuzla-iznenada-preminuo-univerzitetski-profesor-alen-kapidzic\/","name":"Tuzla: Iznenada preminuo univerzitetski profesor Alen Kapid\u017ei\u0107 - TuzlaInfo.ba","isPartOf":{"@id":"https:\/\/tuzlainfo.ba\/#website"},"primaryImageOfPage":{"@id":"https:\/\/tuzlainfo.ba\/index.php\/novosti\/item\/261059-tuzla-iznenada-preminuo-univerzitetski-profesor-alen-kapidzic\/#primaryimage"},"image":{"@id":"https:\/\/tuzlainfo.ba\/index.php\/novosti\/item\/261059-tuzla-iznenada-preminuo-univerzitetski-profesor-alen-kapidzic\/#primaryimage"},"thumbnailUrl":"https:\/\/tuzlainfo.ba\/wp-content\/uploads\/2025\/01\/alen_kapidzic.jpg","datePublished":"2025-01-23T13:19:58+00:00","dateModified":"2025-01-23T13:27:30+00:00","breadcrumb":{"@id":"https:\/\/tuzlainfo.ba\/index.php\/novosti\/item\/261059-tuzla-iznenada-preminuo-univerzitetski-profesor-alen-kapidzic\/#breadcrumb"},"inLanguage":"bs-BA","potentialAction":[{"@type":"ReadAction","target":["https:\/\/tuzlainfo.ba\/index.php\/novosti\/item\/261059-tuzla-iznenada-preminuo-univerzitetski-profesor-alen-kapidzic\/"]}]},{"@type":"ImageObject","inLanguage":"bs-BA","@id":"https:\/\/tuzlainfo.ba\/index.php\/novosti\/item\/261059-tuzla-iznenada-preminuo-univerzitetski-profesor-alen-kapidzic\/#primaryimage","url":"https:\/\/tuzlainfo.ba\/wp-content\/uploads\/2025\/01\/alen_kapidzic.jpg","contentUrl":"https:\/\/tuzlainfo.ba\/wp-content\/uploads\/2025\/01\/alen_kapidzic.jpg","width":799,"height":439},{"@type":"BreadcrumbList","@id":"https:\/\/tuzlainfo.ba\/index.php\/novosti\/item\/261059-tuzla-iznenada-preminuo-univerzitetski-profesor-alen-kapidzic\/#breadcrumb","itemListElement":[{"@type":"ListItem","position":1,"name":"Home","item":"https:\/\/tuzlainfo.ba\/"},{"@type":"ListItem","position":2,"name":"Tuzla: Iznenada preminuo univerzitetski profesor Alen Kapid\u017ei\u0107"}]},{"@type":"WebSite","@id":"https:\/\/tuzlainfo.ba\/#website","url":"https:\/\/tuzlainfo.ba\/","name":"TuzlaInfo.ba","description":"Tuzla info, gradski informator - Tuzla na dlanu","publisher":{"@id":"https:\/\/tuzlainfo.ba\/#organization"},"potentialAction":[{"@type":"SearchAction","target":{"@type":"EntryPoint","urlTemplate":"https:\/\/tuzlainfo.ba\/?s={search_term_string}"},"query-input":{"@type":"PropertyValueSpecification","valueRequired":true,"valueName":"search_term_string"}}],"inLanguage":"bs-BA"},{"@type":"Organization","@id":"https:\/\/tuzlainfo.ba\/#organization","name":"TuzlaInfo.ba","url":"https:\/\/tuzlainfo.ba\/","logo":{"@type":"ImageObject","inLanguage":"bs-BA","@id":"https:\/\/tuzlainfo.ba\/#\/schema\/logo\/image\/","url":"https:\/\/tuzlainfo.ba\/wp-content\/uploads\/2021\/03\/logo-ver-3-1.png","contentUrl":"https:\/\/tuzlainfo.ba\/wp-content\/uploads\/2021\/03\/logo-ver-3-1.png","width":350,"height":95,"caption":"TuzlaInfo.ba"},"image":{"@id":"https:\/\/tuzlainfo.ba\/#\/schema\/logo\/image\/"},"sameAs":["https:\/\/www.facebook.com\/tuzlainfo.ba\/"]},{"@type":"Person","@id":"https:\/\/tuzlainfo.ba\/#\/schema\/person\/f434e20dc27ea133923aab08451b7f7f","name":"nedim","image":{"@type":"ImageObject","inLanguage":"bs-BA","@id":"https:\/\/tuzlainfo.ba\/#\/schema\/person\/image\/","url":"https:\/\/tuzlainfo.ba\/wp-content\/litespeed\/avatar\/aabad687af24844af817603ac1cbdc4f.jpg?ver=1777306975","contentUrl":"https:\/\/tuzlainfo.ba\/wp-content\/litespeed\/avatar\/aabad687af24844af817603ac1cbdc4f.jpg?ver=1777306975","caption":"nedim"},"description":"Tuzlainfo.ba pratite na dru\u0161tvenim mre\u017eama: Facebook, Instagram i Youtube. Svoje pri\u010de, upite i fotografije \u0161aljite na na\u0161u e-mail adresu."}]}},"_links":{"self":[{"href":"https:\/\/tuzlainfo.ba\/index.php\/wp-json\/wp\/v2\/posts\/261059"}],"collection":[{"href":"https:\/\/tuzlainfo.ba\/index.php\/wp-json\/wp\/v2\/posts"}],"about":[{"href":"https:\/\/tuzlainfo.ba\/index.php\/wp-json\/wp\/v2\/types\/post"}],"author":[{"embeddable":true,"href":"https:\/\/tuzlainfo.ba\/index.php\/wp-json\/wp\/v2\/users\/2"}],"replies":[{"embeddable":true,"href":"https:\/\/tuzlainfo.ba\/index.php\/wp-json\/wp\/v2\/comments?post=261059"}],"version-history":[{"count":4,"href":"https:\/\/tuzlainfo.ba\/index.php\/wp-json\/wp\/v2\/posts\/261059\/revisions"}],"predecessor-version":[{"id":261064,"href":"https:\/\/tuzlainfo.ba\/index.php\/wp-json\/wp\/v2\/posts\/261059\/revisions\/261064"}],"wp:featuredmedia":[{"embeddable":true,"href":"https:\/\/tuzlainfo.ba\/index.php\/wp-json\/wp\/v2\/media\/261060"}],"wp:attachment":[{"href":"https:\/\/tuzlainfo.ba\/index.php\/wp-json\/wp\/v2\/media?parent=261059"}],"wp:term":[{"taxonomy":"category","embeddable":true,"href":"https:\/\/tuzlainfo.ba\/index.php\/wp-json\/wp\/v2\/categories?post=261059"},{"taxonomy":"post_tag","embeddable":true,"href":"https:\/\/tuzlainfo.ba\/index.php\/wp-json\/wp\/v2\/tags?post=261059"}],"curies":[{"name":"wp","href":"https:\/\/api.w.org\/{rel}","templated":true}]}}