{"id":260934,"date":"2025-01-21T21:31:03","date_gmt":"2025-01-21T20:31:03","guid":{"rendered":"https:\/\/tuzlainfo.ba\/?p=260934"},"modified":"2025-01-21T21:31:03","modified_gmt":"2025-01-21T20:31:03","slug":"scholz-o-migrantima-u-njemackoj-drzava-bi-se-bez-njih-srozala","status":"publish","type":"post","link":"https:\/\/tuzlainfo.ba\/index.php\/clanci\/sa-svih-strana\/item\/260934-scholz-o-migrantima-u-njemackoj-drzava-bi-se-bez-njih-srozala\/","title":{"rendered":"Scholz o migrantima u Njema\u010dkoj: &#8220;Dr\u017eava bi se bez njih srozala&#8221;"},"content":{"rendered":"<p>Njema\u010dka privreda bi se potpuno srozala da nema migrante koji rade u toj zemlji, rekao je Olaf \u0160olc, njema\u010dki kancelar.<\/p>\n<p>On je na izbornoj tribini u organizaciji njema\u010dkog lista FAZ, odgovaraju\u0107i na pitanja iz publike, rekao da je u Njema\u010dkoj u zadnjih 20 godina zaposleno \u0161est miliona migranata.<\/p>\n<p>&#8220;Ona \u0107e se sigurno srozati ako nam ne uspije u budu\u0107nosti da zadr\u017eimo tu radnu snagu. Bez njih bismo bili u velikim ekonomskim problemima. Kada stvarno dobro pogledate privredne prognoze za Njema\u010dku, onda je glavna tvrdnja \u2013 pored toga \u0161to nemamo razvijeno tr\u017ei\u0161te kapitala kao Amerika iako imamo isto toliko novca kao oni, i birokratije o kojoj smo malo\u010das govorili &#8211; da nemamo dovoljno ljudi koje bismo zaposlili&#8221;, rekao je \u0160olc.<\/p>\n<p>On je upozorio da ako Njema\u010dka \u017eeli da zadr\u017ei \u017eivotni standard koji sada u\u017eiva, mora zadr\u017eati stav otvorenosti prema doseljenicima.<\/p>\n<p>&#8220;To je istina koju \u010dujemo u svakoj bolnici, domu za starije osobe, u svakoj fabrici. Svaki put kada odete do bo\u017ei\u0107nog bazara radujte se da smo uspjeli prona\u0107i ljude iz Kine, jer nemamo dovoljno ljudi ovdje koji bi to radili&#8221;, rekao je \u0160olc.<\/p>\n<p>Dodao je da &#8220;demografija radi protiv nas&#8221;, i naglasio da Njema\u010dka zato mora zadr\u017eati svoju otvorenost prema doseljavanju.<\/p>\n<p>\u0160olc je rekao da mu je\u00a0te\u0161ko objasniti kako u najbogatijim zemljama Evrope uspjevaju stranke ekstremne desnice koje svoju politiku grade na mr\u017enji prema ljudima bez kojih bi njihove privrede te\u0161ko iza\u0161le na kraj s problemima.<\/p>\n","protected":false},"excerpt":{"rendered":"<p>Njema\u010dka privreda bi se potpuno srozala da nema migrante koji rade u toj zemlji, rekao&hellip;<\/p>\n","protected":false},"author":2,"featured_media":185050,"comment_status":"closed","ping_status":"closed","sticky":false,"template":"","format":"standard","meta":{"_acf_changed":false,"footnotes":""},"categories":[16],"tags":[2754],"acf":[],"yoast_head":"<!-- This site is optimized with the Yoast SEO plugin v23.5 - https:\/\/yoast.com\/wordpress\/plugins\/seo\/ -->\n<title>Scholz o migrantima u Njema\u010dkoj: &quot;Dr\u017eava bi se bez njih srozala&quot; - TuzlaInfo.ba<\/title>\n<meta name=\"robots\" content=\"index, follow, max-snippet:-1, max-image-preview:large, max-video-preview:-1\" \/>\n<link rel=\"canonical\" href=\"https:\/\/tuzlainfo.ba\/index.php\/clanci\/sa-svih-strana\/item\/260934-scholz-o-migrantima-u-njemackoj-drzava-bi-se-bez-njih-srozala\/\" \/>\n<meta property=\"og:locale\" content=\"bs_BA\" \/>\n<meta property=\"og:type\" content=\"article\" \/>\n<meta property=\"og:title\" content=\"Scholz o migrantima u Njema\u010dkoj: &quot;Dr\u017eava bi se bez njih srozala&quot; - TuzlaInfo.ba\" \/>\n<meta property=\"og:description\" content=\"Njema\u010dka privreda bi se potpuno srozala da nema migrante koji rade u toj zemlji, rekao&hellip;\" \/>\n<meta property=\"og:url\" content=\"https:\/\/tuzlainfo.ba\/index.php\/clanci\/sa-svih-strana\/item\/260934-scholz-o-migrantima-u-njemackoj-drzava-bi-se-bez-njih-srozala\/\" \/>\n<meta property=\"og:site_name\" content=\"TuzlaInfo.ba\" \/>\n<meta property=\"article:publisher\" content=\"https:\/\/www.facebook.com\/tuzlainfo.ba\/\" \/>\n<meta property=\"article:published_time\" content=\"2025-01-21T20:31:03+00:00\" \/>\n<meta property=\"og:image\" content=\"https:\/\/tuzlainfo.ba\/wp-content\/uploads\/2022\/09\/2509_olaf_scholz.jpg\" \/>\n\t<meta property=\"og:image:width\" content=\"1077\" \/>\n\t<meta property=\"og:image:height\" content=\"813\" \/>\n\t<meta property=\"og:image:type\" content=\"image\/jpeg\" \/>\n<meta name=\"author\" content=\"nedim\" \/>\n<meta name=\"twitter:card\" content=\"summary_large_image\" \/>\n<meta name=\"twitter:label1\" content=\"Written by\" \/>\n\t<meta name=\"twitter:data1\" content=\"nedim\" \/>\n\t<meta name=\"twitter:label2\" content=\"Est. reading time\" \/>\n\t<meta name=\"twitter:data2\" content=\"2 minute\" \/>\n<script type=\"application\/ld+json\" class=\"yoast-schema-graph\">{\"@context\":\"https:\/\/schema.org\",\"@graph\":[{\"@type\":\"Article\",\"@id\":\"https:\/\/tuzlainfo.ba\/index.php\/clanci\/sa-svih-strana\/item\/260934-scholz-o-migrantima-u-njemackoj-drzava-bi-se-bez-njih-srozala\/#article\",\"isPartOf\":{\"@id\":\"https:\/\/tuzlainfo.ba\/index.php\/clanci\/sa-svih-strana\/item\/260934-scholz-o-migrantima-u-njemackoj-drzava-bi-se-bez-njih-srozala\/\"},\"author\":{\"name\":\"nedim\",\"@id\":\"https:\/\/tuzlainfo.ba\/#\/schema\/person\/f434e20dc27ea133923aab08451b7f7f\"},\"headline\":\"Scholz o migrantima u Njema\u010dkoj: &#8220;Dr\u017eava bi se bez njih srozala&#8221;\",\"datePublished\":\"2025-01-21T20:31:03+00:00\",\"dateModified\":\"2025-01-21T20:31:03+00:00\",\"mainEntityOfPage\":{\"@id\":\"https:\/\/tuzlainfo.ba\/index.php\/clanci\/sa-svih-strana\/item\/260934-scholz-o-migrantima-u-njemackoj-drzava-bi-se-bez-njih-srozala\/\"},\"wordCount\":271,\"publisher\":{\"@id\":\"https:\/\/tuzlainfo.ba\/#organization\"},\"image\":{\"@id\":\"https:\/\/tuzlainfo.ba\/index.php\/clanci\/sa-svih-strana\/item\/260934-scholz-o-migrantima-u-njemackoj-drzava-bi-se-bez-njih-srozala\/#primaryimage\"},\"thumbnailUrl\":\"https:\/\/tuzlainfo.ba\/wp-content\/uploads\/2022\/09\/2509_olaf_scholz.jpg\",\"keywords\":[\"Olaf Scholz\"],\"articleSection\":[\"Sa svih strana\"],\"inLanguage\":\"bs-BA\"},{\"@type\":\"WebPage\",\"@id\":\"https:\/\/tuzlainfo.ba\/index.php\/clanci\/sa-svih-strana\/item\/260934-scholz-o-migrantima-u-njemackoj-drzava-bi-se-bez-njih-srozala\/\",\"url\":\"https:\/\/tuzlainfo.ba\/index.php\/clanci\/sa-svih-strana\/item\/260934-scholz-o-migrantima-u-njemackoj-drzava-bi-se-bez-njih-srozala\/\",\"name\":\"Scholz o migrantima u Njema\u010dkoj: \\\"Dr\u017eava bi se bez njih srozala\\\" - TuzlaInfo.ba\",\"isPartOf\":{\"@id\":\"https:\/\/tuzlainfo.ba\/#website\"},\"primaryImageOfPage\":{\"@id\":\"https:\/\/tuzlainfo.ba\/index.php\/clanci\/sa-svih-strana\/item\/260934-scholz-o-migrantima-u-njemackoj-drzava-bi-se-bez-njih-srozala\/#primaryimage\"},\"image\":{\"@id\":\"https:\/\/tuzlainfo.ba\/index.php\/clanci\/sa-svih-strana\/item\/260934-scholz-o-migrantima-u-njemackoj-drzava-bi-se-bez-njih-srozala\/#primaryimage\"},\"thumbnailUrl\":\"https:\/\/tuzlainfo.ba\/wp-content\/uploads\/2022\/09\/2509_olaf_scholz.jpg\",\"datePublished\":\"2025-01-21T20:31:03+00:00\",\"dateModified\":\"2025-01-21T20:31:03+00:00\",\"breadcrumb\":{\"@id\":\"https:\/\/tuzlainfo.ba\/index.php\/clanci\/sa-svih-strana\/item\/260934-scholz-o-migrantima-u-njemackoj-drzava-bi-se-bez-njih-srozala\/#breadcrumb\"},\"inLanguage\":\"bs-BA\",\"potentialAction\":[{\"@type\":\"ReadAction\",\"target\":[\"https:\/\/tuzlainfo.ba\/index.php\/clanci\/sa-svih-strana\/item\/260934-scholz-o-migrantima-u-njemackoj-drzava-bi-se-bez-njih-srozala\/\"]}]},{\"@type\":\"ImageObject\",\"inLanguage\":\"bs-BA\",\"@id\":\"https:\/\/tuzlainfo.ba\/index.php\/clanci\/sa-svih-strana\/item\/260934-scholz-o-migrantima-u-njemackoj-drzava-bi-se-bez-njih-srozala\/#primaryimage\",\"url\":\"https:\/\/tuzlainfo.ba\/wp-content\/uploads\/2022\/09\/2509_olaf_scholz.jpg\",\"contentUrl\":\"https:\/\/tuzlainfo.ba\/wp-content\/uploads\/2022\/09\/2509_olaf_scholz.jpg\",\"width\":1077,\"height\":813,\"caption\":\"Foto: Facebook \/ olafscholz\"},{\"@type\":\"BreadcrumbList\",\"@id\":\"https:\/\/tuzlainfo.ba\/index.php\/clanci\/sa-svih-strana\/item\/260934-scholz-o-migrantima-u-njemackoj-drzava-bi-se-bez-njih-srozala\/#breadcrumb\",\"itemListElement\":[{\"@type\":\"ListItem\",\"position\":1,\"name\":\"Home\",\"item\":\"https:\/\/tuzlainfo.ba\/\"},{\"@type\":\"ListItem\",\"position\":2,\"name\":\"Scholz o migrantima u Njema\u010dkoj: &#8220;Dr\u017eava bi se bez njih srozala&#8221;\"}]},{\"@type\":\"WebSite\",\"@id\":\"https:\/\/tuzlainfo.ba\/#website\",\"url\":\"https:\/\/tuzlainfo.ba\/\",\"name\":\"TuzlaInfo.ba\",\"description\":\"Tuzla info, gradski informator - Tuzla na dlanu\",\"publisher\":{\"@id\":\"https:\/\/tuzlainfo.ba\/#organization\"},\"potentialAction\":[{\"@type\":\"SearchAction\",\"target\":{\"@type\":\"EntryPoint\",\"urlTemplate\":\"https:\/\/tuzlainfo.ba\/?s={search_term_string}\"},\"query-input\":{\"@type\":\"PropertyValueSpecification\",\"valueRequired\":true,\"valueName\":\"search_term_string\"}}],\"inLanguage\":\"bs-BA\"},{\"@type\":\"Organization\",\"@id\":\"https:\/\/tuzlainfo.ba\/#organization\",\"name\":\"TuzlaInfo.ba\",\"url\":\"https:\/\/tuzlainfo.ba\/\",\"logo\":{\"@type\":\"ImageObject\",\"inLanguage\":\"bs-BA\",\"@id\":\"https:\/\/tuzlainfo.ba\/#\/schema\/logo\/image\/\",\"url\":\"https:\/\/tuzlainfo.ba\/wp-content\/uploads\/2021\/03\/logo-ver-3-1.png\",\"contentUrl\":\"https:\/\/tuzlainfo.ba\/wp-content\/uploads\/2021\/03\/logo-ver-3-1.png\",\"width\":350,\"height\":95,\"caption\":\"TuzlaInfo.ba\"},\"image\":{\"@id\":\"https:\/\/tuzlainfo.ba\/#\/schema\/logo\/image\/\"},\"sameAs\":[\"https:\/\/www.facebook.com\/tuzlainfo.ba\/\"]},{\"@type\":\"Person\",\"@id\":\"https:\/\/tuzlainfo.ba\/#\/schema\/person\/f434e20dc27ea133923aab08451b7f7f\",\"name\":\"nedim\",\"image\":{\"@type\":\"ImageObject\",\"inLanguage\":\"bs-BA\",\"@id\":\"https:\/\/tuzlainfo.ba\/#\/schema\/person\/image\/\",\"url\":\"https:\/\/tuzlainfo.ba\/wp-content\/litespeed\/avatar\/aabad687af24844af817603ac1cbdc4f.jpg?ver=1777306975\",\"contentUrl\":\"https:\/\/tuzlainfo.ba\/wp-content\/litespeed\/avatar\/aabad687af24844af817603ac1cbdc4f.jpg?ver=1777306975\",\"caption\":\"nedim\"},\"description\":\"Tuzlainfo.ba pratite na dru\u0161tvenim mre\u017eama: Facebook, Instagram i Youtube. Svoje pri\u010de, upite i fotografije \u0161aljite na na\u0161u e-mail adresu.\"}]}<\/script>\n<!-- \/ Yoast SEO plugin. -->","yoast_head_json":{"title":"Scholz o migrantima u Njema\u010dkoj: \"Dr\u017eava bi se bez njih srozala\" - TuzlaInfo.ba","robots":{"index":"index","follow":"follow","max-snippet":"max-snippet:-1","max-image-preview":"max-image-preview:large","max-video-preview":"max-video-preview:-1"},"canonical":"https:\/\/tuzlainfo.ba\/index.php\/clanci\/sa-svih-strana\/item\/260934-scholz-o-migrantima-u-njemackoj-drzava-bi-se-bez-njih-srozala\/","og_locale":"bs_BA","og_type":"article","og_title":"Scholz o migrantima u Njema\u010dkoj: \"Dr\u017eava bi se bez njih srozala\" - TuzlaInfo.ba","og_description":"Njema\u010dka privreda bi se potpuno srozala da nema migrante koji rade u toj zemlji, rekao&hellip;","og_url":"https:\/\/tuzlainfo.ba\/index.php\/clanci\/sa-svih-strana\/item\/260934-scholz-o-migrantima-u-njemackoj-drzava-bi-se-bez-njih-srozala\/","og_site_name":"TuzlaInfo.ba","article_publisher":"https:\/\/www.facebook.com\/tuzlainfo.ba\/","article_published_time":"2025-01-21T20:31:03+00:00","og_image":[{"width":1077,"height":813,"url":"https:\/\/tuzlainfo.ba\/wp-content\/uploads\/2022\/09\/2509_olaf_scholz.jpg","type":"image\/jpeg"}],"author":"nedim","twitter_card":"summary_large_image","twitter_misc":{"Written by":"nedim","Est. reading time":"2 minute"},"schema":{"@context":"https:\/\/schema.org","@graph":[{"@type":"Article","@id":"https:\/\/tuzlainfo.ba\/index.php\/clanci\/sa-svih-strana\/item\/260934-scholz-o-migrantima-u-njemackoj-drzava-bi-se-bez-njih-srozala\/#article","isPartOf":{"@id":"https:\/\/tuzlainfo.ba\/index.php\/clanci\/sa-svih-strana\/item\/260934-scholz-o-migrantima-u-njemackoj-drzava-bi-se-bez-njih-srozala\/"},"author":{"name":"nedim","@id":"https:\/\/tuzlainfo.ba\/#\/schema\/person\/f434e20dc27ea133923aab08451b7f7f"},"headline":"Scholz o migrantima u Njema\u010dkoj: &#8220;Dr\u017eava bi se bez njih srozala&#8221;","datePublished":"2025-01-21T20:31:03+00:00","dateModified":"2025-01-21T20:31:03+00:00","mainEntityOfPage":{"@id":"https:\/\/tuzlainfo.ba\/index.php\/clanci\/sa-svih-strana\/item\/260934-scholz-o-migrantima-u-njemackoj-drzava-bi-se-bez-njih-srozala\/"},"wordCount":271,"publisher":{"@id":"https:\/\/tuzlainfo.ba\/#organization"},"image":{"@id":"https:\/\/tuzlainfo.ba\/index.php\/clanci\/sa-svih-strana\/item\/260934-scholz-o-migrantima-u-njemackoj-drzava-bi-se-bez-njih-srozala\/#primaryimage"},"thumbnailUrl":"https:\/\/tuzlainfo.ba\/wp-content\/uploads\/2022\/09\/2509_olaf_scholz.jpg","keywords":["Olaf Scholz"],"articleSection":["Sa svih strana"],"inLanguage":"bs-BA"},{"@type":"WebPage","@id":"https:\/\/tuzlainfo.ba\/index.php\/clanci\/sa-svih-strana\/item\/260934-scholz-o-migrantima-u-njemackoj-drzava-bi-se-bez-njih-srozala\/","url":"https:\/\/tuzlainfo.ba\/index.php\/clanci\/sa-svih-strana\/item\/260934-scholz-o-migrantima-u-njemackoj-drzava-bi-se-bez-njih-srozala\/","name":"Scholz o migrantima u Njema\u010dkoj: \"Dr\u017eava bi se bez njih srozala\" - TuzlaInfo.ba","isPartOf":{"@id":"https:\/\/tuzlainfo.ba\/#website"},"primaryImageOfPage":{"@id":"https:\/\/tuzlainfo.ba\/index.php\/clanci\/sa-svih-strana\/item\/260934-scholz-o-migrantima-u-njemackoj-drzava-bi-se-bez-njih-srozala\/#primaryimage"},"image":{"@id":"https:\/\/tuzlainfo.ba\/index.php\/clanci\/sa-svih-strana\/item\/260934-scholz-o-migrantima-u-njemackoj-drzava-bi-se-bez-njih-srozala\/#primaryimage"},"thumbnailUrl":"https:\/\/tuzlainfo.ba\/wp-content\/uploads\/2022\/09\/2509_olaf_scholz.jpg","datePublished":"2025-01-21T20:31:03+00:00","dateModified":"2025-01-21T20:31:03+00:00","breadcrumb":{"@id":"https:\/\/tuzlainfo.ba\/index.php\/clanci\/sa-svih-strana\/item\/260934-scholz-o-migrantima-u-njemackoj-drzava-bi-se-bez-njih-srozala\/#breadcrumb"},"inLanguage":"bs-BA","potentialAction":[{"@type":"ReadAction","target":["https:\/\/tuzlainfo.ba\/index.php\/clanci\/sa-svih-strana\/item\/260934-scholz-o-migrantima-u-njemackoj-drzava-bi-se-bez-njih-srozala\/"]}]},{"@type":"ImageObject","inLanguage":"bs-BA","@id":"https:\/\/tuzlainfo.ba\/index.php\/clanci\/sa-svih-strana\/item\/260934-scholz-o-migrantima-u-njemackoj-drzava-bi-se-bez-njih-srozala\/#primaryimage","url":"https:\/\/tuzlainfo.ba\/wp-content\/uploads\/2022\/09\/2509_olaf_scholz.jpg","contentUrl":"https:\/\/tuzlainfo.ba\/wp-content\/uploads\/2022\/09\/2509_olaf_scholz.jpg","width":1077,"height":813,"caption":"Foto: Facebook \/ olafscholz"},{"@type":"BreadcrumbList","@id":"https:\/\/tuzlainfo.ba\/index.php\/clanci\/sa-svih-strana\/item\/260934-scholz-o-migrantima-u-njemackoj-drzava-bi-se-bez-njih-srozala\/#breadcrumb","itemListElement":[{"@type":"ListItem","position":1,"name":"Home","item":"https:\/\/tuzlainfo.ba\/"},{"@type":"ListItem","position":2,"name":"Scholz o migrantima u Njema\u010dkoj: &#8220;Dr\u017eava bi se bez njih srozala&#8221;"}]},{"@type":"WebSite","@id":"https:\/\/tuzlainfo.ba\/#website","url":"https:\/\/tuzlainfo.ba\/","name":"TuzlaInfo.ba","description":"Tuzla info, gradski informator - Tuzla na dlanu","publisher":{"@id":"https:\/\/tuzlainfo.ba\/#organization"},"potentialAction":[{"@type":"SearchAction","target":{"@type":"EntryPoint","urlTemplate":"https:\/\/tuzlainfo.ba\/?s={search_term_string}"},"query-input":{"@type":"PropertyValueSpecification","valueRequired":true,"valueName":"search_term_string"}}],"inLanguage":"bs-BA"},{"@type":"Organization","@id":"https:\/\/tuzlainfo.ba\/#organization","name":"TuzlaInfo.ba","url":"https:\/\/tuzlainfo.ba\/","logo":{"@type":"ImageObject","inLanguage":"bs-BA","@id":"https:\/\/tuzlainfo.ba\/#\/schema\/logo\/image\/","url":"https:\/\/tuzlainfo.ba\/wp-content\/uploads\/2021\/03\/logo-ver-3-1.png","contentUrl":"https:\/\/tuzlainfo.ba\/wp-content\/uploads\/2021\/03\/logo-ver-3-1.png","width":350,"height":95,"caption":"TuzlaInfo.ba"},"image":{"@id":"https:\/\/tuzlainfo.ba\/#\/schema\/logo\/image\/"},"sameAs":["https:\/\/www.facebook.com\/tuzlainfo.ba\/"]},{"@type":"Person","@id":"https:\/\/tuzlainfo.ba\/#\/schema\/person\/f434e20dc27ea133923aab08451b7f7f","name":"nedim","image":{"@type":"ImageObject","inLanguage":"bs-BA","@id":"https:\/\/tuzlainfo.ba\/#\/schema\/person\/image\/","url":"https:\/\/tuzlainfo.ba\/wp-content\/litespeed\/avatar\/aabad687af24844af817603ac1cbdc4f.jpg?ver=1777306975","contentUrl":"https:\/\/tuzlainfo.ba\/wp-content\/litespeed\/avatar\/aabad687af24844af817603ac1cbdc4f.jpg?ver=1777306975","caption":"nedim"},"description":"Tuzlainfo.ba pratite na dru\u0161tvenim mre\u017eama: Facebook, Instagram i Youtube. Svoje pri\u010de, upite i fotografije \u0161aljite na na\u0161u e-mail adresu."}]}},"_links":{"self":[{"href":"https:\/\/tuzlainfo.ba\/index.php\/wp-json\/wp\/v2\/posts\/260934"}],"collection":[{"href":"https:\/\/tuzlainfo.ba\/index.php\/wp-json\/wp\/v2\/posts"}],"about":[{"href":"https:\/\/tuzlainfo.ba\/index.php\/wp-json\/wp\/v2\/types\/post"}],"author":[{"embeddable":true,"href":"https:\/\/tuzlainfo.ba\/index.php\/wp-json\/wp\/v2\/users\/2"}],"replies":[{"embeddable":true,"href":"https:\/\/tuzlainfo.ba\/index.php\/wp-json\/wp\/v2\/comments?post=260934"}],"version-history":[{"count":1,"href":"https:\/\/tuzlainfo.ba\/index.php\/wp-json\/wp\/v2\/posts\/260934\/revisions"}],"predecessor-version":[{"id":260935,"href":"https:\/\/tuzlainfo.ba\/index.php\/wp-json\/wp\/v2\/posts\/260934\/revisions\/260935"}],"wp:featuredmedia":[{"embeddable":true,"href":"https:\/\/tuzlainfo.ba\/index.php\/wp-json\/wp\/v2\/media\/185050"}],"wp:attachment":[{"href":"https:\/\/tuzlainfo.ba\/index.php\/wp-json\/wp\/v2\/media?parent=260934"}],"wp:term":[{"taxonomy":"category","embeddable":true,"href":"https:\/\/tuzlainfo.ba\/index.php\/wp-json\/wp\/v2\/categories?post=260934"},{"taxonomy":"post_tag","embeddable":true,"href":"https:\/\/tuzlainfo.ba\/index.php\/wp-json\/wp\/v2\/tags?post=260934"}],"curies":[{"name":"wp","href":"https:\/\/api.w.org\/{rel}","templated":true}]}}