{"id":260832,"date":"2025-01-21T09:06:37","date_gmt":"2025-01-21T08:06:37","guid":{"rendered":"https:\/\/tuzlainfo.ba\/?p=260832"},"modified":"2025-01-21T07:38:16","modified_gmt":"2025-01-21T06:38:16","slug":"utvrdjen-prijedlog-budzeta-fbih-za-vazan-projekat-u-tuzli-5-miliona-km","status":"publish","type":"post","link":"https:\/\/tuzlainfo.ba\/index.php\/bosna-i-hercegovina\/item\/260832-utvrdjen-prijedlog-budzeta-fbih-za-vazan-projekat-u-tuzli-5-miliona-km\/","title":{"rendered":"Utvr\u0111en Prijedlog Bud\u017eeta FBiH, za va\u017ean projekat u Tuzli 5 miliona KM"},"content":{"rendered":"<p>Vlada Federacije Bosne i Hercegovine je, na sjednici u Sarajevu, na prijedlog Federalnog ministarstva finansija utvrdila Prijedlog bud\u017eeta Federacije BiH za 2025. godinu u iznosu od 8.248.547.700 KM, koji se po hitnom postupku upu\u0107uje Parlametu FBiH.<\/p>\n<p>Sveukupni prihodi, primici i razgrani\u010denja u ovogodi\u0161njem prijedlogu bud\u017eeta predstavljaju pove\u0107anje od 773,7 miliona KM ili ne\u0161to vi\u0161e od 10 posto u odnosu na Bud\u017eet Federacije BiH za 2024. godinu.<\/p>\n<p>Kako je navedeno u obrazlo\u017eenju za hitni postupak, djelovanje Vlade Federacije BiH, prilikom planiranja i izrade ovogodi\u0161njeg bud\u017eeta, usmjereno je ka finansiranju rashoda i izdataka koji su utemeljeni na zakonskoj osnovi (servisiranje duga, plate, naknade i doprinosi, penzije, transferi za bora\u010dku populaciju, socijalne kategorije i zdravstveni sektor), kao i odr\u017eavanju dugoro\u010dne stabilnosti i likvidnosti Bud\u017eeta Federacije BiH.<\/p>\n<p>Slijedom navedenog, a s ciljem odr\u017eavanja kontinuiteta bud\u017eetskog procesa u Federaciji BiH, pristupilo se hitnoj izradi Bud\u017eeta Federacije BiH za 2025. godinu, a sve u svrhu provedbe definisanih programa i mjera koji su namijenjeni kao podr\u0161ka doma\u0107oj privredi i poljoprivredi, zatim zdravstvenom sektoru, socijalno najugro\u017eenijim kategorijama stanovni\u0161tva i ja\u010danju standarda gra\u0111ana.<\/p>\n<p>Najzna\u010dajnija izdvajanja odnose se na privredu, socijalnu za\u0161titu, sigurnost, infrastrukturu i dru\u0161tveni razvoj.<\/p>\n<p>Kako je obrazlo\u017eeno iz Federalnog ministarstva finansija, ovim prijedlogom bud\u017eeta, izme\u0111u ostalog, nastavljena je praksa podr\u0161ke kantonima kroz finansijsku pomo\u0107 kantonalnim bud\u017eetima za provo\u0111enje strukturalnih reformi od 200 miliona KM namijenjenih ja\u010danju kapaciteta kantona. Ovo ulaganje omogu\u0107ava efikasniju implementaciju reformi, unapre\u0111enje javnih usluga i pove\u0107anje fiskalne stabilnosti kantonalnih bud\u017eeta. Dana\u0161njim zaklju\u010dkom precizirano je da \u0107e Vlada Federacije BiH od ovog iznosa\u00a0 obavezati kantone da 10 posto dodijeljenih sredstava iskoristi za unapre\u0111enje zdravstvenih usluga po kantonima.<\/p>\n<p>Tako\u0111er, Prijedlogom bud\u017eeta predvi\u0111ena je finansijska pomo\u0107 od 50 miliona KM gradovima i op\u0107inama za sanaciju \u0161teta od poplava. Ovo izdvajanje pokazuje odgovoran pristup Vlade Federacije BiH prema op\u0107inama i gradovima pogo\u0111enim prirodnim nepogodama. Planirana sredstva \u0107e omogu\u0107iti br\u017eu obnovu infrastrukture i povratak normalnog \u017eivota gra\u0111anima.<\/p>\n<p>Subvencioniranje subjekata male privrede u iznosu od 100 miliona KM namijenjeno je da pomogne privredi nakon dono\u0161enja Odluke Vlade Federacije BiH prema kojoj \u0107e najni\u017ea plata iznositi 1.000 KM. Vlada Federacije BiH je predvidjela program subvencioniranja iz Bud\u017eeta Federacije BiH, gdje je predvi\u0111eno da \u0107e se subjektima male privrede upla\u0107ivati subvencije za doprinose, a kako bi sa\u010duvali radna mjesta koja su eventualno ugro\u017eena usljed pove\u0107anja minimalne plate u Federaciji BiH.<\/p>\n<p>Teku\u0107i transfer Zavodu zdravstvenog osiguranja i reosiguranja FBiH pove\u0107an je za 20 miliona KM u odnosu na prethodnu godinu i jasno pokazuje predanost ja\u010danju zdravstvenog sistema. Ovaj rast omogu\u0107ava bolje osiguranje zdravstvenih usluga za gra\u0111ane, posebno u oblasti reosiguranja i pokrivanja skupih medicinskih tretmana. Planiran je transfer iz Bud\u017eeta Federacije BiH u iznosu od 77 miliona KM Federalnom zavodu osigurana i reosiguranja, od \u010dega 70 miliona KM za programe Federalnog fonda solidarnosti, \u0161to je najve\u0107e izdvajanje do sada.<\/p>\n<p>Pored navedenog, planiran je novi transfer za klini\u010dke centre u Federaciji BiH u iznosu od 45 miliona KM. Ova sredstva potvr\u0111uju opredijeljenost za unapre\u0111enje zdravstva kroz doprinos modernizaciji opreme i pobolj\u0161anje kvalitete zdravstvenih usluga na sekundarnom i tercijarnom nivou.<\/p>\n<p>Nadalje, kao rezultat pove\u0107anja minimalne plate na 1.000 KM u Prijedlogu bud\u017eeta za ovu godinu u odnosu na pro\u0161lu, predvi\u0111eno je i pove\u0107anje transfera na ime provo\u0111enja Zakona o roditeljima njegovateljima za 10 miliona KM, dok se za 33 miliona KM pove\u0107avaju izdvajanja za dje\u010diji dodatak.<\/p>\n<p>Radi se o ja\u010danju podr\u0161ke ranjivim kategorijama dru\u0161tva, te osiguravanju jednakosti i dostupnosti prava na cijelom podru\u010dju Federacije BiH.<\/p>\n<p>Teku\u0107i transferi pojedincima planirani su u iznosu od 4.741,3 miliona KM, \u0161to je za 429,3 miliona KM vi\u0161e u odnosu na 2024. godinu. Najzna\u010dajnije pove\u0107anje se odnosi na transfere u okviru Federalnog zavoda za penzijsko i invalidsko osiguranje, obzirom na o\u010dekivanu stopu redovnog uskla\u0111ivanja penzija. Pove\u0107anje za vi\u0161e od 332 miliona KM za isplatu penzija po raznim zakonskim osnovama ukazuje na kontinuiranu podr\u0161ku penzionerima i osiguranje stabilnosti njihovih prihoda.<\/p>\n<p>Namijenjena sredstva omogu\u0107avaju redovno uskla\u0111ivanje penzija, \u0161to dodatno doprinosi pobolj\u0161anju \u017eivotnog standarda starijih osoba. Izdvaja se i pomo\u0107 penzionerima za lije\u010denje preko udru\u017eenja u iznosu od 2,6 miliona KM. Pove\u0107anje od 1,6 miliona KM za ovu stavku potvr\u0111uje brigu o zdravlju penzionera i osigurava lak\u0161i pristup potrebnim medicinskim uslugama.<\/p>\n<p>Tako\u0111er, pove\u0107anje od 9,8 miliona KM za invalidnine potvr\u0111uje predanost podr\u0161ci bora\u010dkoj i invalidskoj populaciji. Dodatno osigurava stabilne prihode za osobe s ratnim i vojnim invaliditetom, unapre\u0111uju\u0107i njihov \u017eivotni standard. Kapitalni transferi pojedincima u iznosu od 2,5 miliona KM, predvi\u0111eni za nabavku automobila za invalide kroz Bud\u017eet Federacije BiH za 2025. godinu, predstavljaju nastavak u pru\u017eanju podr\u0161ke jednoj od najosjetljivijih kategorija dru\u0161tva.<\/p>\n<p>Planirani transfer od 26 miliona KM za civilne \u017ertve rata osigurava nastavak podr\u0161ke onima koji su pretrpjeli strahote rata. Pove\u0107anje transfera za lica s invaliditetom od 40 miliona KM predstavlja zna\u010dajan<\/p>\n<p>korak ka podr\u0161ci osobama sa invaliditetom. Namijenjena sredstva omogu\u0107avaju bolji pristup neophodnim uslugama i dodatnu pomo\u0107 za pobolj\u0161anje kvaliteta \u017eivota.<\/p>\n<p>Zadr\u017eavanje stabilnog iznosa od 45 miliona KM za raseljena lica i povratnike osigurava nastavak pomo\u0107i ovoj osjetljivoj grupi. Planirana sredstva omogu\u0107avaju integraciju povratnika i podr\u0161ku za odr\u017eiv povratak na njihove prijeratne lokacije.<\/p>\n<p>Subvencije privatnim preduze\u0107ima i poduzetnicima odvijaju se najve\u0107im dijelom kroz podsticaj za poljoprivredu u iznosu od 183 miliona KM, \u0161to predstavlja pove\u0107anje od osam miliona KM u odnosu na pro\u0161lu godinu. Imaju\u0107i u vidu da poljoprivreda u Federaciji BiH bilje\u017ei zna\u010dajan napredak zahvaljuju\u0107i strate\u0161kim mjerama i programima resornog ministarstva kroz podr\u0161ku poljoprivrednicima, pove\u0107anje investicija i unapre\u0111enje infrastrukture, sektor poljoprivrede ja\u010da svoju ulogu kao jedan od temelja ekonomskog razvoja i prehrambene sigurnosti u Federaciji BiH.<\/p>\n<p>Sredstva u iznosu od 36 miliona KM planirana za izgradnju, adaptaciju i rekonstrukciju sportske infrastrukture sigurno su zna\u010dajna podr\u0161ka daljoj izgradnji i adaptaciji sportske infrastrukture, \u0161to je od klju\u010dne va\u017enosti za razvoj sporta u BiH. Pored navedenog, izgradnja, adaptacija i rekonstrukcija institucija kulture u iznosu od 15 miliona KM su klju\u010dna za unapre\u0111enje kulturne infrastrukture u BiH, \u010dime se direktno doprinosi o\u010duvanju i unapre\u0111enju kulturne ba\u0161tine, kao i podsticanju kreativnosti i kulturnog razvoja.<\/p>\n<p>Ulaganje u Projekat zapo\u0161ljavanja u iznosu od 28 miliona KM, kroz Sporazum sa Me\u0111unarodnom bankom za obnovu i razvoj (IBRD), pru\u017ea zna\u010dajan poticaj tr\u017ei\u0161tu rada. Sredstva podr\u017eavaju otvaranje novih radnih mjesta, smanjenje nezaposlenosti i unapre\u0111enje vje\u0161tina radne snage.<\/p>\n<p>Kapitalni transferi javnim preduze\u0107ima u Prijedlogu ovogodi\u0161njeg bud\u017eeta Federacije BiH planirani su u iznosu od 265,2 miliona KM. Najzna\u010dajniji planirani transferi u okviru ovog ekonomskog koda su za izgradnju autocesta, brzih cesta, magistralnih i drugih cesta u iznosu od 150 miliona KM, zatim za unapre\u0111enje avioprometa FBiH 12 miliona KM za nastavak izgradnje Aerodroma Biha\u0107,<strong> te Projekt rekonstrukcije magistralnog vrelovoda grad Tuzla u iznosu od pet miliona KM<\/strong>, dok je kapitalni transfer javnim preduze\u0107ima za putnu infrastrukturu 89 miliona KM, namijenjenih za JP Autoceste FBiH i JP Ceste FBiH za nastavak realizacije prioritetnih projekata.<\/p>\n<p>Vlada Federacije BiH danas je utvrdila i Prijedlog zakona o izvr\u0161avanju Bud\u017eeta FBiH za 2025. godinu, koji se po hitnom postupku upu\u0107uje u parlamentarnu proceduru.<\/p>\n<p>Na dana\u0161njoj sjednici Vlada Federacije BiH je zaklju\u010dkom prihvatila Finansijski plan Zavoda zdravstvenog osiguranja i reosiguranja FBiH za 2025. godinu i Odluku o na\u010dinu izvr\u0161avanja Finansijskog plana ovog zavoda za 2025. godinu. Utvrdila je i Prijedlog odluke o davanju saglasnosti na Finansijski plan i Odluku o na\u010dinu izvr\u0161avanja Finansijskog plana ovog zavoda koji je uputila Parlamentu FBiH.<\/p>\n<p>Tako\u0111er, zaklju\u010dkom je prihva\u0107en i Finansijski plan Federalnog zavoda za zapo\u0161ljavanje za 2025. godinu i procjena plana za 2026. i 2027. godinu i Odluka o izvr\u0161avanju Finansijskog plana ovog zavoda za 2025. godinu. Utvr\u0111en je i Prijedlog odluke o davanju saglasnosti na Finansijski plan Federalnog zavoda za zapo\u0161ljavanje za 2025. godinu i procjenu plana za 2026. i 2027. godinu i Odluku o izvr\u0161avanju Finansijskog plana ovog zavoda za 2025. godinu, koji je uputila Parlamentu FBiH.<\/p>\n","protected":false},"excerpt":{"rendered":"<p>Vlada Federacije Bosne i Hercegovine je, na sjednici u Sarajevu, na prijedlog Federalnog ministarstva finansija&hellip;<\/p>\n","protected":false},"author":4,"featured_media":203626,"comment_status":"closed","ping_status":"closed","sticky":false,"template":"","format":"standard","meta":{"_acf_changed":false,"footnotes":""},"categories":[291,304],"tags":[5130,42,6059],"acf":[],"yoast_head":"<!-- This site is optimized with the Yoast SEO plugin v23.5 - https:\/\/yoast.com\/wordpress\/plugins\/seo\/ -->\n<title>Utvr\u0111en Prijedlog Bud\u017eeta FBiH, za va\u017ean projekat u Tuzli 5 miliona KM - TuzlaInfo.ba<\/title>\n<meta name=\"robots\" content=\"index, follow, max-snippet:-1, max-image-preview:large, max-video-preview:-1\" \/>\n<link rel=\"canonical\" href=\"https:\/\/tuzlainfo.ba\/index.php\/bosna-i-hercegovina\/item\/260832-utvrdjen-prijedlog-budzeta-fbih-za-vazan-projekat-u-tuzli-5-miliona-km\/\" \/>\n<meta property=\"og:locale\" content=\"bs_BA\" \/>\n<meta property=\"og:type\" content=\"article\" \/>\n<meta property=\"og:title\" content=\"Utvr\u0111en Prijedlog Bud\u017eeta FBiH, za va\u017ean projekat u Tuzli 5 miliona KM - TuzlaInfo.ba\" \/>\n<meta property=\"og:description\" content=\"Vlada Federacije Bosne i Hercegovine je, na sjednici u Sarajevu, na prijedlog Federalnog ministarstva finansija&hellip;\" \/>\n<meta property=\"og:url\" content=\"https:\/\/tuzlainfo.ba\/index.php\/bosna-i-hercegovina\/item\/260832-utvrdjen-prijedlog-budzeta-fbih-za-vazan-projekat-u-tuzli-5-miliona-km\/\" \/>\n<meta property=\"og:site_name\" content=\"TuzlaInfo.ba\" \/>\n<meta property=\"article:publisher\" content=\"https:\/\/www.facebook.com\/tuzlainfo.ba\/\" \/>\n<meta property=\"article:published_time\" content=\"2025-01-21T08:06:37+00:00\" \/>\n<meta property=\"article:modified_time\" content=\"2025-01-21T06:38:16+00:00\" \/>\n<meta property=\"og:image\" content=\"https:\/\/tuzlainfo.ba\/wp-content\/uploads\/2023\/05\/0305_vlada-federacije.jpg\" \/>\n\t<meta property=\"og:image:width\" content=\"1024\" \/>\n\t<meta property=\"og:image:height\" content=\"683\" \/>\n\t<meta property=\"og:image:type\" content=\"image\/jpeg\" \/>\n<meta name=\"author\" content=\"Tuzla Info\" \/>\n<meta name=\"twitter:card\" content=\"summary_large_image\" \/>\n<meta name=\"twitter:label1\" content=\"Written by\" \/>\n\t<meta name=\"twitter:data1\" content=\"Tuzla Info\" \/>\n\t<meta name=\"twitter:label2\" content=\"Est. reading time\" \/>\n\t<meta name=\"twitter:data2\" content=\"8 minuta\" \/>\n<script type=\"application\/ld+json\" class=\"yoast-schema-graph\">{\"@context\":\"https:\/\/schema.org\",\"@graph\":[{\"@type\":\"Article\",\"@id\":\"https:\/\/tuzlainfo.ba\/index.php\/bosna-i-hercegovina\/item\/260832-utvrdjen-prijedlog-budzeta-fbih-za-vazan-projekat-u-tuzli-5-miliona-km\/#article\",\"isPartOf\":{\"@id\":\"https:\/\/tuzlainfo.ba\/index.php\/bosna-i-hercegovina\/item\/260832-utvrdjen-prijedlog-budzeta-fbih-za-vazan-projekat-u-tuzli-5-miliona-km\/\"},\"author\":{\"name\":\"Tuzla Info\",\"@id\":\"https:\/\/tuzlainfo.ba\/#\/schema\/person\/46cad4c57790cbc50781edd14870825a\"},\"headline\":\"Utvr\u0111en Prijedlog Bud\u017eeta FBiH, za va\u017ean projekat u Tuzli 5 miliona KM\",\"datePublished\":\"2025-01-21T08:06:37+00:00\",\"dateModified\":\"2025-01-21T06:38:16+00:00\",\"mainEntityOfPage\":{\"@id\":\"https:\/\/tuzlainfo.ba\/index.php\/bosna-i-hercegovina\/item\/260832-utvrdjen-prijedlog-budzeta-fbih-za-vazan-projekat-u-tuzli-5-miliona-km\/\"},\"wordCount\":1400,\"publisher\":{\"@id\":\"https:\/\/tuzlainfo.ba\/#organization\"},\"image\":{\"@id\":\"https:\/\/tuzlainfo.ba\/index.php\/bosna-i-hercegovina\/item\/260832-utvrdjen-prijedlog-budzeta-fbih-za-vazan-projekat-u-tuzli-5-miliona-km\/#primaryimage\"},\"thumbnailUrl\":\"https:\/\/tuzlainfo.ba\/wp-content\/uploads\/2023\/05\/0305_vlada-federacije.jpg\",\"keywords\":[\"bud\u017eet fbih\",\"tuzla\",\"Vlada federacije BiH\"],\"articleSection\":[\"Bosna i Hercegovina\",\"Istaknuto\"],\"inLanguage\":\"bs-BA\"},{\"@type\":\"WebPage\",\"@id\":\"https:\/\/tuzlainfo.ba\/index.php\/bosna-i-hercegovina\/item\/260832-utvrdjen-prijedlog-budzeta-fbih-za-vazan-projekat-u-tuzli-5-miliona-km\/\",\"url\":\"https:\/\/tuzlainfo.ba\/index.php\/bosna-i-hercegovina\/item\/260832-utvrdjen-prijedlog-budzeta-fbih-za-vazan-projekat-u-tuzli-5-miliona-km\/\",\"name\":\"Utvr\u0111en Prijedlog Bud\u017eeta FBiH, za va\u017ean projekat u Tuzli 5 miliona KM - TuzlaInfo.ba\",\"isPartOf\":{\"@id\":\"https:\/\/tuzlainfo.ba\/#website\"},\"primaryImageOfPage\":{\"@id\":\"https:\/\/tuzlainfo.ba\/index.php\/bosna-i-hercegovina\/item\/260832-utvrdjen-prijedlog-budzeta-fbih-za-vazan-projekat-u-tuzli-5-miliona-km\/#primaryimage\"},\"image\":{\"@id\":\"https:\/\/tuzlainfo.ba\/index.php\/bosna-i-hercegovina\/item\/260832-utvrdjen-prijedlog-budzeta-fbih-za-vazan-projekat-u-tuzli-5-miliona-km\/#primaryimage\"},\"thumbnailUrl\":\"https:\/\/tuzlainfo.ba\/wp-content\/uploads\/2023\/05\/0305_vlada-federacije.jpg\",\"datePublished\":\"2025-01-21T08:06:37+00:00\",\"dateModified\":\"2025-01-21T06:38:16+00:00\",\"breadcrumb\":{\"@id\":\"https:\/\/tuzlainfo.ba\/index.php\/bosna-i-hercegovina\/item\/260832-utvrdjen-prijedlog-budzeta-fbih-za-vazan-projekat-u-tuzli-5-miliona-km\/#breadcrumb\"},\"inLanguage\":\"bs-BA\",\"potentialAction\":[{\"@type\":\"ReadAction\",\"target\":[\"https:\/\/tuzlainfo.ba\/index.php\/bosna-i-hercegovina\/item\/260832-utvrdjen-prijedlog-budzeta-fbih-za-vazan-projekat-u-tuzli-5-miliona-km\/\"]}]},{\"@type\":\"ImageObject\",\"inLanguage\":\"bs-BA\",\"@id\":\"https:\/\/tuzlainfo.ba\/index.php\/bosna-i-hercegovina\/item\/260832-utvrdjen-prijedlog-budzeta-fbih-za-vazan-projekat-u-tuzli-5-miliona-km\/#primaryimage\",\"url\":\"https:\/\/tuzlainfo.ba\/wp-content\/uploads\/2023\/05\/0305_vlada-federacije.jpg\",\"contentUrl\":\"https:\/\/tuzlainfo.ba\/wp-content\/uploads\/2023\/05\/0305_vlada-federacije.jpg\",\"width\":1024,\"height\":683},{\"@type\":\"BreadcrumbList\",\"@id\":\"https:\/\/tuzlainfo.ba\/index.php\/bosna-i-hercegovina\/item\/260832-utvrdjen-prijedlog-budzeta-fbih-za-vazan-projekat-u-tuzli-5-miliona-km\/#breadcrumb\",\"itemListElement\":[{\"@type\":\"ListItem\",\"position\":1,\"name\":\"Home\",\"item\":\"https:\/\/tuzlainfo.ba\/\"},{\"@type\":\"ListItem\",\"position\":2,\"name\":\"Utvr\u0111en Prijedlog Bud\u017eeta FBiH, za va\u017ean projekat u Tuzli 5 miliona KM\"}]},{\"@type\":\"WebSite\",\"@id\":\"https:\/\/tuzlainfo.ba\/#website\",\"url\":\"https:\/\/tuzlainfo.ba\/\",\"name\":\"TuzlaInfo.ba\",\"description\":\"Tuzla info, gradski informator - Tuzla na dlanu\",\"publisher\":{\"@id\":\"https:\/\/tuzlainfo.ba\/#organization\"},\"potentialAction\":[{\"@type\":\"SearchAction\",\"target\":{\"@type\":\"EntryPoint\",\"urlTemplate\":\"https:\/\/tuzlainfo.ba\/?s={search_term_string}\"},\"query-input\":{\"@type\":\"PropertyValueSpecification\",\"valueRequired\":true,\"valueName\":\"search_term_string\"}}],\"inLanguage\":\"bs-BA\"},{\"@type\":\"Organization\",\"@id\":\"https:\/\/tuzlainfo.ba\/#organization\",\"name\":\"TuzlaInfo.ba\",\"url\":\"https:\/\/tuzlainfo.ba\/\",\"logo\":{\"@type\":\"ImageObject\",\"inLanguage\":\"bs-BA\",\"@id\":\"https:\/\/tuzlainfo.ba\/#\/schema\/logo\/image\/\",\"url\":\"https:\/\/tuzlainfo.ba\/wp-content\/uploads\/2021\/03\/logo-ver-3-1.png\",\"contentUrl\":\"https:\/\/tuzlainfo.ba\/wp-content\/uploads\/2021\/03\/logo-ver-3-1.png\",\"width\":350,\"height\":95,\"caption\":\"TuzlaInfo.ba\"},\"image\":{\"@id\":\"https:\/\/tuzlainfo.ba\/#\/schema\/logo\/image\/\"},\"sameAs\":[\"https:\/\/www.facebook.com\/tuzlainfo.ba\/\"]},{\"@type\":\"Person\",\"@id\":\"https:\/\/tuzlainfo.ba\/#\/schema\/person\/46cad4c57790cbc50781edd14870825a\",\"name\":\"Tuzla Info\",\"image\":{\"@type\":\"ImageObject\",\"inLanguage\":\"bs-BA\",\"@id\":\"https:\/\/tuzlainfo.ba\/#\/schema\/person\/image\/\",\"url\":\"https:\/\/tuzlainfo.ba\/wp-content\/litespeed\/avatar\/b6c453a6c38e3654f2e4416c643fc25c.jpg?ver=1777051911\",\"contentUrl\":\"https:\/\/tuzlainfo.ba\/wp-content\/litespeed\/avatar\/b6c453a6c38e3654f2e4416c643fc25c.jpg?ver=1777051911\",\"caption\":\"Tuzla Info\"}}]}<\/script>\n<!-- \/ Yoast SEO plugin. -->","yoast_head_json":{"title":"Utvr\u0111en Prijedlog Bud\u017eeta FBiH, za va\u017ean projekat u Tuzli 5 miliona KM - TuzlaInfo.ba","robots":{"index":"index","follow":"follow","max-snippet":"max-snippet:-1","max-image-preview":"max-image-preview:large","max-video-preview":"max-video-preview:-1"},"canonical":"https:\/\/tuzlainfo.ba\/index.php\/bosna-i-hercegovina\/item\/260832-utvrdjen-prijedlog-budzeta-fbih-za-vazan-projekat-u-tuzli-5-miliona-km\/","og_locale":"bs_BA","og_type":"article","og_title":"Utvr\u0111en Prijedlog Bud\u017eeta FBiH, za va\u017ean projekat u Tuzli 5 miliona KM - TuzlaInfo.ba","og_description":"Vlada Federacije Bosne i Hercegovine je, na sjednici u Sarajevu, na prijedlog Federalnog ministarstva finansija&hellip;","og_url":"https:\/\/tuzlainfo.ba\/index.php\/bosna-i-hercegovina\/item\/260832-utvrdjen-prijedlog-budzeta-fbih-za-vazan-projekat-u-tuzli-5-miliona-km\/","og_site_name":"TuzlaInfo.ba","article_publisher":"https:\/\/www.facebook.com\/tuzlainfo.ba\/","article_published_time":"2025-01-21T08:06:37+00:00","article_modified_time":"2025-01-21T06:38:16+00:00","og_image":[{"width":1024,"height":683,"url":"https:\/\/tuzlainfo.ba\/wp-content\/uploads\/2023\/05\/0305_vlada-federacije.jpg","type":"image\/jpeg"}],"author":"Tuzla Info","twitter_card":"summary_large_image","twitter_misc":{"Written by":"Tuzla Info","Est. reading time":"8 minuta"},"schema":{"@context":"https:\/\/schema.org","@graph":[{"@type":"Article","@id":"https:\/\/tuzlainfo.ba\/index.php\/bosna-i-hercegovina\/item\/260832-utvrdjen-prijedlog-budzeta-fbih-za-vazan-projekat-u-tuzli-5-miliona-km\/#article","isPartOf":{"@id":"https:\/\/tuzlainfo.ba\/index.php\/bosna-i-hercegovina\/item\/260832-utvrdjen-prijedlog-budzeta-fbih-za-vazan-projekat-u-tuzli-5-miliona-km\/"},"author":{"name":"Tuzla Info","@id":"https:\/\/tuzlainfo.ba\/#\/schema\/person\/46cad4c57790cbc50781edd14870825a"},"headline":"Utvr\u0111en Prijedlog Bud\u017eeta FBiH, za va\u017ean projekat u Tuzli 5 miliona KM","datePublished":"2025-01-21T08:06:37+00:00","dateModified":"2025-01-21T06:38:16+00:00","mainEntityOfPage":{"@id":"https:\/\/tuzlainfo.ba\/index.php\/bosna-i-hercegovina\/item\/260832-utvrdjen-prijedlog-budzeta-fbih-za-vazan-projekat-u-tuzli-5-miliona-km\/"},"wordCount":1400,"publisher":{"@id":"https:\/\/tuzlainfo.ba\/#organization"},"image":{"@id":"https:\/\/tuzlainfo.ba\/index.php\/bosna-i-hercegovina\/item\/260832-utvrdjen-prijedlog-budzeta-fbih-za-vazan-projekat-u-tuzli-5-miliona-km\/#primaryimage"},"thumbnailUrl":"https:\/\/tuzlainfo.ba\/wp-content\/uploads\/2023\/05\/0305_vlada-federacije.jpg","keywords":["bud\u017eet fbih","tuzla","Vlada federacije BiH"],"articleSection":["Bosna i Hercegovina","Istaknuto"],"inLanguage":"bs-BA"},{"@type":"WebPage","@id":"https:\/\/tuzlainfo.ba\/index.php\/bosna-i-hercegovina\/item\/260832-utvrdjen-prijedlog-budzeta-fbih-za-vazan-projekat-u-tuzli-5-miliona-km\/","url":"https:\/\/tuzlainfo.ba\/index.php\/bosna-i-hercegovina\/item\/260832-utvrdjen-prijedlog-budzeta-fbih-za-vazan-projekat-u-tuzli-5-miliona-km\/","name":"Utvr\u0111en Prijedlog Bud\u017eeta FBiH, za va\u017ean projekat u Tuzli 5 miliona KM - TuzlaInfo.ba","isPartOf":{"@id":"https:\/\/tuzlainfo.ba\/#website"},"primaryImageOfPage":{"@id":"https:\/\/tuzlainfo.ba\/index.php\/bosna-i-hercegovina\/item\/260832-utvrdjen-prijedlog-budzeta-fbih-za-vazan-projekat-u-tuzli-5-miliona-km\/#primaryimage"},"image":{"@id":"https:\/\/tuzlainfo.ba\/index.php\/bosna-i-hercegovina\/item\/260832-utvrdjen-prijedlog-budzeta-fbih-za-vazan-projekat-u-tuzli-5-miliona-km\/#primaryimage"},"thumbnailUrl":"https:\/\/tuzlainfo.ba\/wp-content\/uploads\/2023\/05\/0305_vlada-federacije.jpg","datePublished":"2025-01-21T08:06:37+00:00","dateModified":"2025-01-21T06:38:16+00:00","breadcrumb":{"@id":"https:\/\/tuzlainfo.ba\/index.php\/bosna-i-hercegovina\/item\/260832-utvrdjen-prijedlog-budzeta-fbih-za-vazan-projekat-u-tuzli-5-miliona-km\/#breadcrumb"},"inLanguage":"bs-BA","potentialAction":[{"@type":"ReadAction","target":["https:\/\/tuzlainfo.ba\/index.php\/bosna-i-hercegovina\/item\/260832-utvrdjen-prijedlog-budzeta-fbih-za-vazan-projekat-u-tuzli-5-miliona-km\/"]}]},{"@type":"ImageObject","inLanguage":"bs-BA","@id":"https:\/\/tuzlainfo.ba\/index.php\/bosna-i-hercegovina\/item\/260832-utvrdjen-prijedlog-budzeta-fbih-za-vazan-projekat-u-tuzli-5-miliona-km\/#primaryimage","url":"https:\/\/tuzlainfo.ba\/wp-content\/uploads\/2023\/05\/0305_vlada-federacije.jpg","contentUrl":"https:\/\/tuzlainfo.ba\/wp-content\/uploads\/2023\/05\/0305_vlada-federacije.jpg","width":1024,"height":683},{"@type":"BreadcrumbList","@id":"https:\/\/tuzlainfo.ba\/index.php\/bosna-i-hercegovina\/item\/260832-utvrdjen-prijedlog-budzeta-fbih-za-vazan-projekat-u-tuzli-5-miliona-km\/#breadcrumb","itemListElement":[{"@type":"ListItem","position":1,"name":"Home","item":"https:\/\/tuzlainfo.ba\/"},{"@type":"ListItem","position":2,"name":"Utvr\u0111en Prijedlog Bud\u017eeta FBiH, za va\u017ean projekat u Tuzli 5 miliona KM"}]},{"@type":"WebSite","@id":"https:\/\/tuzlainfo.ba\/#website","url":"https:\/\/tuzlainfo.ba\/","name":"TuzlaInfo.ba","description":"Tuzla info, gradski informator - Tuzla na dlanu","publisher":{"@id":"https:\/\/tuzlainfo.ba\/#organization"},"potentialAction":[{"@type":"SearchAction","target":{"@type":"EntryPoint","urlTemplate":"https:\/\/tuzlainfo.ba\/?s={search_term_string}"},"query-input":{"@type":"PropertyValueSpecification","valueRequired":true,"valueName":"search_term_string"}}],"inLanguage":"bs-BA"},{"@type":"Organization","@id":"https:\/\/tuzlainfo.ba\/#organization","name":"TuzlaInfo.ba","url":"https:\/\/tuzlainfo.ba\/","logo":{"@type":"ImageObject","inLanguage":"bs-BA","@id":"https:\/\/tuzlainfo.ba\/#\/schema\/logo\/image\/","url":"https:\/\/tuzlainfo.ba\/wp-content\/uploads\/2021\/03\/logo-ver-3-1.png","contentUrl":"https:\/\/tuzlainfo.ba\/wp-content\/uploads\/2021\/03\/logo-ver-3-1.png","width":350,"height":95,"caption":"TuzlaInfo.ba"},"image":{"@id":"https:\/\/tuzlainfo.ba\/#\/schema\/logo\/image\/"},"sameAs":["https:\/\/www.facebook.com\/tuzlainfo.ba\/"]},{"@type":"Person","@id":"https:\/\/tuzlainfo.ba\/#\/schema\/person\/46cad4c57790cbc50781edd14870825a","name":"Tuzla Info","image":{"@type":"ImageObject","inLanguage":"bs-BA","@id":"https:\/\/tuzlainfo.ba\/#\/schema\/person\/image\/","url":"https:\/\/tuzlainfo.ba\/wp-content\/litespeed\/avatar\/b6c453a6c38e3654f2e4416c643fc25c.jpg?ver=1777051911","contentUrl":"https:\/\/tuzlainfo.ba\/wp-content\/litespeed\/avatar\/b6c453a6c38e3654f2e4416c643fc25c.jpg?ver=1777051911","caption":"Tuzla Info"}}]}},"_links":{"self":[{"href":"https:\/\/tuzlainfo.ba\/index.php\/wp-json\/wp\/v2\/posts\/260832"}],"collection":[{"href":"https:\/\/tuzlainfo.ba\/index.php\/wp-json\/wp\/v2\/posts"}],"about":[{"href":"https:\/\/tuzlainfo.ba\/index.php\/wp-json\/wp\/v2\/types\/post"}],"author":[{"embeddable":true,"href":"https:\/\/tuzlainfo.ba\/index.php\/wp-json\/wp\/v2\/users\/4"}],"replies":[{"embeddable":true,"href":"https:\/\/tuzlainfo.ba\/index.php\/wp-json\/wp\/v2\/comments?post=260832"}],"version-history":[{"count":1,"href":"https:\/\/tuzlainfo.ba\/index.php\/wp-json\/wp\/v2\/posts\/260832\/revisions"}],"predecessor-version":[{"id":260833,"href":"https:\/\/tuzlainfo.ba\/index.php\/wp-json\/wp\/v2\/posts\/260832\/revisions\/260833"}],"wp:featuredmedia":[{"embeddable":true,"href":"https:\/\/tuzlainfo.ba\/index.php\/wp-json\/wp\/v2\/media\/203626"}],"wp:attachment":[{"href":"https:\/\/tuzlainfo.ba\/index.php\/wp-json\/wp\/v2\/media?parent=260832"}],"wp:term":[{"taxonomy":"category","embeddable":true,"href":"https:\/\/tuzlainfo.ba\/index.php\/wp-json\/wp\/v2\/categories?post=260832"},{"taxonomy":"post_tag","embeddable":true,"href":"https:\/\/tuzlainfo.ba\/index.php\/wp-json\/wp\/v2\/tags?post=260832"}],"curies":[{"name":"wp","href":"https:\/\/api.w.org\/{rel}","templated":true}]}}