{"id":260684,"date":"2025-01-18T21:27:25","date_gmt":"2025-01-18T20:27:25","guid":{"rendered":"https:\/\/tuzlainfo.ba\/?p=260684"},"modified":"2025-01-19T08:13:45","modified_gmt":"2025-01-19T07:13:45","slug":"tuzla-teska-nesreca-na-krojcici-saobracaj-obustavljen","status":"publish","type":"post","link":"https:\/\/tuzlainfo.ba\/index.php\/novosti\/item\/260684-tuzla-teska-nesreca-na-krojcici-saobracaj-obustavljen\/","title":{"rendered":"Tuzla: Te\u0161ka nesre\u0107a na Kroj\u010dici, saobra\u0107aj obustavljen"},"content":{"rendered":"<p>Na regionalnoj saobra\u0107ajnici u tuzlanskom naselju Kroj\u010dica ve\u010deras oko 21 sat se dogodila saobra\u0107ajna nesre\u0107a u kojoj je povrije\u0111eno vi\u0161e osoba.<\/p>\n<p>U saobra\u0107ajnoj nesre\u0107i do\u0161lo je do direktnog sudara dva putni\u010dka vozila,<\/p>\n<p>Na mjestu nesre\u0107e trenutno su policija, vatrogasci i vozilo Slu\u017ebe hitne medicinske pomo\u0107i, te veliki broj gra\u0111ana iz ovog naselja koji su \u010duli silinu sudara dva vozila.<\/p>\n<p>Saobra\u0107aj je u potpunosti obustavljen, te se voza\u010dima savjetuje da koriste druge putne pravce kada je u pitanju ovaj ulaz\/izlaz iz Tuzle u pravcu Aerodroma.<\/p>\n<p>Vi\u0161e informacija \u0107emo objaviti naknadno.\/Tuzlainfo.ba\/<\/p>\n<p><strong>VEZANA INFORMACIJA: &gt;&gt;&gt;&gt;&gt;&gt;<\/strong><\/p>\n<p><a href=\"https:\/\/tuzlainfo.ba\/index.php\/novosti\/item\/260692-tuzla-stravicne-slike-sa-krojcice-u-sudaru-ucestvovao-i-sanitet-povrijedjeno-i-dijete\/\">Tuzla \/ Stravi\u010dne slike sa Kroj\u010dice: U sudaru u\u010destvovao i sanitet, povrije\u0111eno dijete &#8211; TuzlaInfo.ba<\/a><\/p>\n","protected":false},"excerpt":{"rendered":"<p>Na regionalnoj saobra\u0107ajnici u tuzlanskom naselju Kroj\u010dica ve\u010deras oko 21 sat se dogodila saobra\u0107ajna nesre\u0107a&hellip;<\/p>\n","protected":false},"author":2,"featured_media":260685,"comment_status":"closed","ping_status":"closed","sticky":false,"template":"","format":"standard","meta":{"_acf_changed":false,"footnotes":""},"categories":[12],"tags":[7947,11757],"acf":[],"yoast_head":"<!-- This site is optimized with the Yoast SEO plugin v23.5 - https:\/\/yoast.com\/wordpress\/plugins\/seo\/ -->\n<title>Tuzla: Te\u0161ka nesre\u0107a na Kroj\u010dici, saobra\u0107aj obustavljen - TuzlaInfo.ba<\/title>\n<meta name=\"robots\" content=\"index, follow, max-snippet:-1, max-image-preview:large, max-video-preview:-1\" \/>\n<link rel=\"canonical\" href=\"https:\/\/tuzlainfo.ba\/index.php\/novosti\/item\/260684-tuzla-teska-nesreca-na-krojcici-saobracaj-obustavljen\/\" \/>\n<meta property=\"og:locale\" content=\"bs_BA\" \/>\n<meta property=\"og:type\" content=\"article\" \/>\n<meta property=\"og:title\" content=\"Tuzla: Te\u0161ka nesre\u0107a na Kroj\u010dici, saobra\u0107aj obustavljen - TuzlaInfo.ba\" \/>\n<meta property=\"og:description\" content=\"Na regionalnoj saobra\u0107ajnici u tuzlanskom naselju Kroj\u010dica ve\u010deras oko 21 sat se dogodila saobra\u0107ajna nesre\u0107a&hellip;\" \/>\n<meta property=\"og:url\" content=\"https:\/\/tuzlainfo.ba\/index.php\/novosti\/item\/260684-tuzla-teska-nesreca-na-krojcici-saobracaj-obustavljen\/\" \/>\n<meta property=\"og:site_name\" content=\"TuzlaInfo.ba\" \/>\n<meta property=\"article:publisher\" content=\"https:\/\/www.facebook.com\/tuzlainfo.ba\/\" \/>\n<meta property=\"article:published_time\" content=\"2025-01-18T20:27:25+00:00\" \/>\n<meta property=\"article:modified_time\" content=\"2025-01-19T07:13:45+00:00\" \/>\n<meta property=\"og:image\" content=\"https:\/\/tuzlainfo.ba\/wp-content\/uploads\/2025\/01\/1801_krojcica_saobracajna.jpg\" \/>\n\t<meta property=\"og:image:width\" content=\"1045\" \/>\n\t<meta property=\"og:image:height\" content=\"623\" \/>\n\t<meta property=\"og:image:type\" content=\"image\/jpeg\" \/>\n<meta name=\"author\" content=\"nedim\" \/>\n<meta name=\"twitter:card\" content=\"summary_large_image\" \/>\n<meta name=\"twitter:label1\" content=\"Written by\" \/>\n\t<meta name=\"twitter:data1\" content=\"nedim\" \/>\n\t<meta name=\"twitter:label2\" content=\"Est. reading time\" \/>\n\t<meta name=\"twitter:data2\" content=\"1 minuta\" \/>\n<script type=\"application\/ld+json\" class=\"yoast-schema-graph\">{\"@context\":\"https:\/\/schema.org\",\"@graph\":[{\"@type\":\"Article\",\"@id\":\"https:\/\/tuzlainfo.ba\/index.php\/novosti\/item\/260684-tuzla-teska-nesreca-na-krojcici-saobracaj-obustavljen\/#article\",\"isPartOf\":{\"@id\":\"https:\/\/tuzlainfo.ba\/index.php\/novosti\/item\/260684-tuzla-teska-nesreca-na-krojcici-saobracaj-obustavljen\/\"},\"author\":{\"name\":\"nedim\",\"@id\":\"https:\/\/tuzlainfo.ba\/#\/schema\/person\/f434e20dc27ea133923aab08451b7f7f\"},\"headline\":\"Tuzla: Te\u0161ka nesre\u0107a na Kroj\u010dici, saobra\u0107aj obustavljen\",\"datePublished\":\"2025-01-18T20:27:25+00:00\",\"dateModified\":\"2025-01-19T07:13:45+00:00\",\"mainEntityOfPage\":{\"@id\":\"https:\/\/tuzlainfo.ba\/index.php\/novosti\/item\/260684-tuzla-teska-nesreca-na-krojcici-saobracaj-obustavljen\/\"},\"wordCount\":147,\"publisher\":{\"@id\":\"https:\/\/tuzlainfo.ba\/#organization\"},\"image\":{\"@id\":\"https:\/\/tuzlainfo.ba\/index.php\/novosti\/item\/260684-tuzla-teska-nesreca-na-krojcici-saobracaj-obustavljen\/#primaryimage\"},\"thumbnailUrl\":\"https:\/\/tuzlainfo.ba\/wp-content\/uploads\/2025\/01\/1801_krojcica_saobracajna.jpg\",\"keywords\":[\"kroj\u010dica\",\"saobra\u010d\u0107ajna nesre\u0107a\"],\"articleSection\":[\"Novosti\"],\"inLanguage\":\"bs-BA\"},{\"@type\":\"WebPage\",\"@id\":\"https:\/\/tuzlainfo.ba\/index.php\/novosti\/item\/260684-tuzla-teska-nesreca-na-krojcici-saobracaj-obustavljen\/\",\"url\":\"https:\/\/tuzlainfo.ba\/index.php\/novosti\/item\/260684-tuzla-teska-nesreca-na-krojcici-saobracaj-obustavljen\/\",\"name\":\"Tuzla: Te\u0161ka nesre\u0107a na Kroj\u010dici, saobra\u0107aj obustavljen - TuzlaInfo.ba\",\"isPartOf\":{\"@id\":\"https:\/\/tuzlainfo.ba\/#website\"},\"primaryImageOfPage\":{\"@id\":\"https:\/\/tuzlainfo.ba\/index.php\/novosti\/item\/260684-tuzla-teska-nesreca-na-krojcici-saobracaj-obustavljen\/#primaryimage\"},\"image\":{\"@id\":\"https:\/\/tuzlainfo.ba\/index.php\/novosti\/item\/260684-tuzla-teska-nesreca-na-krojcici-saobracaj-obustavljen\/#primaryimage\"},\"thumbnailUrl\":\"https:\/\/tuzlainfo.ba\/wp-content\/uploads\/2025\/01\/1801_krojcica_saobracajna.jpg\",\"datePublished\":\"2025-01-18T20:27:25+00:00\",\"dateModified\":\"2025-01-19T07:13:45+00:00\",\"breadcrumb\":{\"@id\":\"https:\/\/tuzlainfo.ba\/index.php\/novosti\/item\/260684-tuzla-teska-nesreca-na-krojcici-saobracaj-obustavljen\/#breadcrumb\"},\"inLanguage\":\"bs-BA\",\"potentialAction\":[{\"@type\":\"ReadAction\",\"target\":[\"https:\/\/tuzlainfo.ba\/index.php\/novosti\/item\/260684-tuzla-teska-nesreca-na-krojcici-saobracaj-obustavljen\/\"]}]},{\"@type\":\"ImageObject\",\"inLanguage\":\"bs-BA\",\"@id\":\"https:\/\/tuzlainfo.ba\/index.php\/novosti\/item\/260684-tuzla-teska-nesreca-na-krojcici-saobracaj-obustavljen\/#primaryimage\",\"url\":\"https:\/\/tuzlainfo.ba\/wp-content\/uploads\/2025\/01\/1801_krojcica_saobracajna.jpg\",\"contentUrl\":\"https:\/\/tuzlainfo.ba\/wp-content\/uploads\/2025\/01\/1801_krojcica_saobracajna.jpg\",\"width\":1045,\"height\":623,\"caption\":\"Foto: Sa mjesta nesre\u0107e \/ Tuzlainfo.ba\"},{\"@type\":\"BreadcrumbList\",\"@id\":\"https:\/\/tuzlainfo.ba\/index.php\/novosti\/item\/260684-tuzla-teska-nesreca-na-krojcici-saobracaj-obustavljen\/#breadcrumb\",\"itemListElement\":[{\"@type\":\"ListItem\",\"position\":1,\"name\":\"Home\",\"item\":\"https:\/\/tuzlainfo.ba\/\"},{\"@type\":\"ListItem\",\"position\":2,\"name\":\"Tuzla: Te\u0161ka nesre\u0107a na Kroj\u010dici, saobra\u0107aj obustavljen\"}]},{\"@type\":\"WebSite\",\"@id\":\"https:\/\/tuzlainfo.ba\/#website\",\"url\":\"https:\/\/tuzlainfo.ba\/\",\"name\":\"TuzlaInfo.ba\",\"description\":\"Tuzla info, gradski informator - Tuzla na dlanu\",\"publisher\":{\"@id\":\"https:\/\/tuzlainfo.ba\/#organization\"},\"potentialAction\":[{\"@type\":\"SearchAction\",\"target\":{\"@type\":\"EntryPoint\",\"urlTemplate\":\"https:\/\/tuzlainfo.ba\/?s={search_term_string}\"},\"query-input\":{\"@type\":\"PropertyValueSpecification\",\"valueRequired\":true,\"valueName\":\"search_term_string\"}}],\"inLanguage\":\"bs-BA\"},{\"@type\":\"Organization\",\"@id\":\"https:\/\/tuzlainfo.ba\/#organization\",\"name\":\"TuzlaInfo.ba\",\"url\":\"https:\/\/tuzlainfo.ba\/\",\"logo\":{\"@type\":\"ImageObject\",\"inLanguage\":\"bs-BA\",\"@id\":\"https:\/\/tuzlainfo.ba\/#\/schema\/logo\/image\/\",\"url\":\"https:\/\/tuzlainfo.ba\/wp-content\/uploads\/2021\/03\/logo-ver-3-1.png\",\"contentUrl\":\"https:\/\/tuzlainfo.ba\/wp-content\/uploads\/2021\/03\/logo-ver-3-1.png\",\"width\":350,\"height\":95,\"caption\":\"TuzlaInfo.ba\"},\"image\":{\"@id\":\"https:\/\/tuzlainfo.ba\/#\/schema\/logo\/image\/\"},\"sameAs\":[\"https:\/\/www.facebook.com\/tuzlainfo.ba\/\"]},{\"@type\":\"Person\",\"@id\":\"https:\/\/tuzlainfo.ba\/#\/schema\/person\/f434e20dc27ea133923aab08451b7f7f\",\"name\":\"nedim\",\"image\":{\"@type\":\"ImageObject\",\"inLanguage\":\"bs-BA\",\"@id\":\"https:\/\/tuzlainfo.ba\/#\/schema\/person\/image\/\",\"url\":\"https:\/\/tuzlainfo.ba\/wp-content\/litespeed\/avatar\/aabad687af24844af817603ac1cbdc4f.jpg?ver=1777306975\",\"contentUrl\":\"https:\/\/tuzlainfo.ba\/wp-content\/litespeed\/avatar\/aabad687af24844af817603ac1cbdc4f.jpg?ver=1777306975\",\"caption\":\"nedim\"},\"description\":\"Tuzlainfo.ba pratite na dru\u0161tvenim mre\u017eama: Facebook, Instagram i Youtube. Svoje pri\u010de, upite i fotografije \u0161aljite na na\u0161u e-mail adresu.\"}]}<\/script>\n<!-- \/ Yoast SEO plugin. -->","yoast_head_json":{"title":"Tuzla: Te\u0161ka nesre\u0107a na Kroj\u010dici, saobra\u0107aj obustavljen - TuzlaInfo.ba","robots":{"index":"index","follow":"follow","max-snippet":"max-snippet:-1","max-image-preview":"max-image-preview:large","max-video-preview":"max-video-preview:-1"},"canonical":"https:\/\/tuzlainfo.ba\/index.php\/novosti\/item\/260684-tuzla-teska-nesreca-na-krojcici-saobracaj-obustavljen\/","og_locale":"bs_BA","og_type":"article","og_title":"Tuzla: Te\u0161ka nesre\u0107a na Kroj\u010dici, saobra\u0107aj obustavljen - TuzlaInfo.ba","og_description":"Na regionalnoj saobra\u0107ajnici u tuzlanskom naselju Kroj\u010dica ve\u010deras oko 21 sat se dogodila saobra\u0107ajna nesre\u0107a&hellip;","og_url":"https:\/\/tuzlainfo.ba\/index.php\/novosti\/item\/260684-tuzla-teska-nesreca-na-krojcici-saobracaj-obustavljen\/","og_site_name":"TuzlaInfo.ba","article_publisher":"https:\/\/www.facebook.com\/tuzlainfo.ba\/","article_published_time":"2025-01-18T20:27:25+00:00","article_modified_time":"2025-01-19T07:13:45+00:00","og_image":[{"width":1045,"height":623,"url":"https:\/\/tuzlainfo.ba\/wp-content\/uploads\/2025\/01\/1801_krojcica_saobracajna.jpg","type":"image\/jpeg"}],"author":"nedim","twitter_card":"summary_large_image","twitter_misc":{"Written by":"nedim","Est. reading time":"1 minuta"},"schema":{"@context":"https:\/\/schema.org","@graph":[{"@type":"Article","@id":"https:\/\/tuzlainfo.ba\/index.php\/novosti\/item\/260684-tuzla-teska-nesreca-na-krojcici-saobracaj-obustavljen\/#article","isPartOf":{"@id":"https:\/\/tuzlainfo.ba\/index.php\/novosti\/item\/260684-tuzla-teska-nesreca-na-krojcici-saobracaj-obustavljen\/"},"author":{"name":"nedim","@id":"https:\/\/tuzlainfo.ba\/#\/schema\/person\/f434e20dc27ea133923aab08451b7f7f"},"headline":"Tuzla: Te\u0161ka nesre\u0107a na Kroj\u010dici, saobra\u0107aj obustavljen","datePublished":"2025-01-18T20:27:25+00:00","dateModified":"2025-01-19T07:13:45+00:00","mainEntityOfPage":{"@id":"https:\/\/tuzlainfo.ba\/index.php\/novosti\/item\/260684-tuzla-teska-nesreca-na-krojcici-saobracaj-obustavljen\/"},"wordCount":147,"publisher":{"@id":"https:\/\/tuzlainfo.ba\/#organization"},"image":{"@id":"https:\/\/tuzlainfo.ba\/index.php\/novosti\/item\/260684-tuzla-teska-nesreca-na-krojcici-saobracaj-obustavljen\/#primaryimage"},"thumbnailUrl":"https:\/\/tuzlainfo.ba\/wp-content\/uploads\/2025\/01\/1801_krojcica_saobracajna.jpg","keywords":["kroj\u010dica","saobra\u010d\u0107ajna nesre\u0107a"],"articleSection":["Novosti"],"inLanguage":"bs-BA"},{"@type":"WebPage","@id":"https:\/\/tuzlainfo.ba\/index.php\/novosti\/item\/260684-tuzla-teska-nesreca-na-krojcici-saobracaj-obustavljen\/","url":"https:\/\/tuzlainfo.ba\/index.php\/novosti\/item\/260684-tuzla-teska-nesreca-na-krojcici-saobracaj-obustavljen\/","name":"Tuzla: Te\u0161ka nesre\u0107a na Kroj\u010dici, saobra\u0107aj obustavljen - TuzlaInfo.ba","isPartOf":{"@id":"https:\/\/tuzlainfo.ba\/#website"},"primaryImageOfPage":{"@id":"https:\/\/tuzlainfo.ba\/index.php\/novosti\/item\/260684-tuzla-teska-nesreca-na-krojcici-saobracaj-obustavljen\/#primaryimage"},"image":{"@id":"https:\/\/tuzlainfo.ba\/index.php\/novosti\/item\/260684-tuzla-teska-nesreca-na-krojcici-saobracaj-obustavljen\/#primaryimage"},"thumbnailUrl":"https:\/\/tuzlainfo.ba\/wp-content\/uploads\/2025\/01\/1801_krojcica_saobracajna.jpg","datePublished":"2025-01-18T20:27:25+00:00","dateModified":"2025-01-19T07:13:45+00:00","breadcrumb":{"@id":"https:\/\/tuzlainfo.ba\/index.php\/novosti\/item\/260684-tuzla-teska-nesreca-na-krojcici-saobracaj-obustavljen\/#breadcrumb"},"inLanguage":"bs-BA","potentialAction":[{"@type":"ReadAction","target":["https:\/\/tuzlainfo.ba\/index.php\/novosti\/item\/260684-tuzla-teska-nesreca-na-krojcici-saobracaj-obustavljen\/"]}]},{"@type":"ImageObject","inLanguage":"bs-BA","@id":"https:\/\/tuzlainfo.ba\/index.php\/novosti\/item\/260684-tuzla-teska-nesreca-na-krojcici-saobracaj-obustavljen\/#primaryimage","url":"https:\/\/tuzlainfo.ba\/wp-content\/uploads\/2025\/01\/1801_krojcica_saobracajna.jpg","contentUrl":"https:\/\/tuzlainfo.ba\/wp-content\/uploads\/2025\/01\/1801_krojcica_saobracajna.jpg","width":1045,"height":623,"caption":"Foto: Sa mjesta nesre\u0107e \/ Tuzlainfo.ba"},{"@type":"BreadcrumbList","@id":"https:\/\/tuzlainfo.ba\/index.php\/novosti\/item\/260684-tuzla-teska-nesreca-na-krojcici-saobracaj-obustavljen\/#breadcrumb","itemListElement":[{"@type":"ListItem","position":1,"name":"Home","item":"https:\/\/tuzlainfo.ba\/"},{"@type":"ListItem","position":2,"name":"Tuzla: Te\u0161ka nesre\u0107a na Kroj\u010dici, saobra\u0107aj obustavljen"}]},{"@type":"WebSite","@id":"https:\/\/tuzlainfo.ba\/#website","url":"https:\/\/tuzlainfo.ba\/","name":"TuzlaInfo.ba","description":"Tuzla info, gradski informator - Tuzla na dlanu","publisher":{"@id":"https:\/\/tuzlainfo.ba\/#organization"},"potentialAction":[{"@type":"SearchAction","target":{"@type":"EntryPoint","urlTemplate":"https:\/\/tuzlainfo.ba\/?s={search_term_string}"},"query-input":{"@type":"PropertyValueSpecification","valueRequired":true,"valueName":"search_term_string"}}],"inLanguage":"bs-BA"},{"@type":"Organization","@id":"https:\/\/tuzlainfo.ba\/#organization","name":"TuzlaInfo.ba","url":"https:\/\/tuzlainfo.ba\/","logo":{"@type":"ImageObject","inLanguage":"bs-BA","@id":"https:\/\/tuzlainfo.ba\/#\/schema\/logo\/image\/","url":"https:\/\/tuzlainfo.ba\/wp-content\/uploads\/2021\/03\/logo-ver-3-1.png","contentUrl":"https:\/\/tuzlainfo.ba\/wp-content\/uploads\/2021\/03\/logo-ver-3-1.png","width":350,"height":95,"caption":"TuzlaInfo.ba"},"image":{"@id":"https:\/\/tuzlainfo.ba\/#\/schema\/logo\/image\/"},"sameAs":["https:\/\/www.facebook.com\/tuzlainfo.ba\/"]},{"@type":"Person","@id":"https:\/\/tuzlainfo.ba\/#\/schema\/person\/f434e20dc27ea133923aab08451b7f7f","name":"nedim","image":{"@type":"ImageObject","inLanguage":"bs-BA","@id":"https:\/\/tuzlainfo.ba\/#\/schema\/person\/image\/","url":"https:\/\/tuzlainfo.ba\/wp-content\/litespeed\/avatar\/aabad687af24844af817603ac1cbdc4f.jpg?ver=1777306975","contentUrl":"https:\/\/tuzlainfo.ba\/wp-content\/litespeed\/avatar\/aabad687af24844af817603ac1cbdc4f.jpg?ver=1777306975","caption":"nedim"},"description":"Tuzlainfo.ba pratite na dru\u0161tvenim mre\u017eama: Facebook, Instagram i Youtube. Svoje pri\u010de, upite i fotografije \u0161aljite na na\u0161u e-mail adresu."}]}},"_links":{"self":[{"href":"https:\/\/tuzlainfo.ba\/index.php\/wp-json\/wp\/v2\/posts\/260684"}],"collection":[{"href":"https:\/\/tuzlainfo.ba\/index.php\/wp-json\/wp\/v2\/posts"}],"about":[{"href":"https:\/\/tuzlainfo.ba\/index.php\/wp-json\/wp\/v2\/types\/post"}],"author":[{"embeddable":true,"href":"https:\/\/tuzlainfo.ba\/index.php\/wp-json\/wp\/v2\/users\/2"}],"replies":[{"embeddable":true,"href":"https:\/\/tuzlainfo.ba\/index.php\/wp-json\/wp\/v2\/comments?post=260684"}],"version-history":[{"count":5,"href":"https:\/\/tuzlainfo.ba\/index.php\/wp-json\/wp\/v2\/posts\/260684\/revisions"}],"predecessor-version":[{"id":260695,"href":"https:\/\/tuzlainfo.ba\/index.php\/wp-json\/wp\/v2\/posts\/260684\/revisions\/260695"}],"wp:featuredmedia":[{"embeddable":true,"href":"https:\/\/tuzlainfo.ba\/index.php\/wp-json\/wp\/v2\/media\/260685"}],"wp:attachment":[{"href":"https:\/\/tuzlainfo.ba\/index.php\/wp-json\/wp\/v2\/media?parent=260684"}],"wp:term":[{"taxonomy":"category","embeddable":true,"href":"https:\/\/tuzlainfo.ba\/index.php\/wp-json\/wp\/v2\/categories?post=260684"},{"taxonomy":"post_tag","embeddable":true,"href":"https:\/\/tuzlainfo.ba\/index.php\/wp-json\/wp\/v2\/tags?post=260684"}],"curies":[{"name":"wp","href":"https:\/\/api.w.org\/{rel}","templated":true}]}}