{"id":260666,"date":"2025-01-18T18:57:38","date_gmt":"2025-01-18T17:57:38","guid":{"rendered":"https:\/\/tuzlainfo.ba\/?p=260666"},"modified":"2025-01-18T18:57:38","modified_gmt":"2025-01-18T17:57:38","slug":"objavljeni-podaci-za-polovinu-januara-je-li-najavljena-plata-u-fbih-dovela-do-otpustanja","status":"publish","type":"post","link":"https:\/\/tuzlainfo.ba\/index.php\/bosna-i-hercegovina\/item\/260666-objavljeni-podaci-za-polovinu-januara-je-li-najavljena-plata-u-fbih-dovela-do-otpustanja\/","title":{"rendered":"Objavljeni podaci za polovinu januara: Je li najavljena plata u FBiH dovela do otpu\u0161tanja?"},"content":{"rendered":"<p>Prema evidenciji Porezne uprave Federacije BiH, u prvoj polovini januara 2025. godine, zabilje\u017eeno je 2.065 prijava u radni odnos, dok je broj odjava iznosio 6.769. Za isti period pro\u0161le godine evidentirano je 2.736 prijava i 6.105 odjava radnika. Kada je rije\u010d o Kantonu Sarajevo, zabilje\u017eene su 903 prijave, te 1.834 odjave, dok je za isti period pro\u0161le godine evidentirano\u00a0829 prijava i 1.801 odjava. Ovi podaci ukazuju na stabilan trend kretanja broja prijava i odjava zaposlenika, koji je prisutan ve\u0107 niz godina.<\/p>\n<p>\u201cSli\u010dan trend bilje\u017eimo jo\u0161 od 2017. godine. Trenutne brojke ne pokazuju zna\u010dajna odstupanja, \u0161to nam dopu\u0161ta da zaklju\u010dimo kako nema promjena u uobi\u010dajenom obrascu prijava i odjava radnika\u201d, izjavio je dr. sci. Admir Omerba\u0161i\u0107, direktor Porezne uprave Federacije BiH.<\/p>\n<p>Direktor je posebno istaknuo da prema slu\u017ebenim evidencijama dominiraju odjave radnika iz sektora obrazovanja i javne administracije.<\/p>\n<p>\u201cIz ovih sektora u prvoj polovini januara 2025. godine odjavljeno je 1.659 radnika, dok je pro\u0161le godine taj broj bio 2.313\u201d, dodao je Omerba\u0161i\u0107.<\/p>\n<p>Tako\u0111er, je poja\u0161njeno da su odjave radnika u januaru \u010desto povezane s istekom i obnovom ugovora, \u0161to je uobi\u010dajena praksa u ovom dijelu godine. Porezna uprava Federacije BiH nastavlja kontinuirano pratiti i analizirati trendove na tr\u017ei\u0161tu radu kako bi osigurala ta\u010dne i pravovremene podatke, te pridonijela boljem razumijevanju ekonomskih kretanja u Federaciji.<\/p>\n","protected":false},"excerpt":{"rendered":"<p>Prema evidenciji Porezne uprave Federacije BiH, u prvoj polovini januara 2025. godine, zabilje\u017eeno je 2.065&hellip;<\/p>\n","protected":false},"author":8,"featured_media":206089,"comment_status":"closed","ping_status":"closed","sticky":false,"template":"","format":"standard","meta":{"_acf_changed":false,"footnotes":""},"categories":[291,304],"tags":[8900,5241,3260],"acf":[],"yoast_head":"<!-- This site is optimized with the Yoast SEO plugin v23.5 - https:\/\/yoast.com\/wordpress\/plugins\/seo\/ -->\n<title>Objavljeni podaci za polovinu januara: Je li najavljena plata u FBiH dovela do otpu\u0161tanja? - TuzlaInfo.ba<\/title>\n<meta name=\"robots\" content=\"index, follow, max-snippet:-1, max-image-preview:large, max-video-preview:-1\" \/>\n<link rel=\"canonical\" href=\"https:\/\/tuzlainfo.ba\/index.php\/bosna-i-hercegovina\/item\/260666-objavljeni-podaci-za-polovinu-januara-je-li-najavljena-plata-u-fbih-dovela-do-otpustanja\/\" \/>\n<meta property=\"og:locale\" content=\"bs_BA\" \/>\n<meta property=\"og:type\" content=\"article\" \/>\n<meta property=\"og:title\" content=\"Objavljeni podaci za polovinu januara: Je li najavljena plata u FBiH dovela do otpu\u0161tanja? - TuzlaInfo.ba\" \/>\n<meta property=\"og:description\" content=\"Prema evidenciji Porezne uprave Federacije BiH, u prvoj polovini januara 2025. godine, zabilje\u017eeno je 2.065&hellip;\" \/>\n<meta property=\"og:url\" content=\"https:\/\/tuzlainfo.ba\/index.php\/bosna-i-hercegovina\/item\/260666-objavljeni-podaci-za-polovinu-januara-je-li-najavljena-plata-u-fbih-dovela-do-otpustanja\/\" \/>\n<meta property=\"og:site_name\" content=\"TuzlaInfo.ba\" \/>\n<meta property=\"article:publisher\" content=\"https:\/\/www.facebook.com\/tuzlainfo.ba\/\" \/>\n<meta property=\"article:published_time\" content=\"2025-01-18T17:57:38+00:00\" \/>\n<meta property=\"og:image\" content=\"https:\/\/tuzlainfo.ba\/wp-content\/uploads\/2023\/05\/ugostiteljstvo.jpg\" \/>\n\t<meta property=\"og:image:width\" content=\"1024\" \/>\n\t<meta property=\"og:image:height\" content=\"683\" \/>\n\t<meta property=\"og:image:type\" content=\"image\/jpeg\" \/>\n<meta name=\"author\" content=\"Admin Tri\" \/>\n<meta name=\"twitter:card\" content=\"summary_large_image\" \/>\n<meta name=\"twitter:label1\" content=\"Written by\" \/>\n\t<meta name=\"twitter:data1\" content=\"Admin Tri\" \/>\n\t<meta name=\"twitter:label2\" content=\"Est. reading time\" \/>\n\t<meta name=\"twitter:data2\" content=\"2 minute\" \/>\n<script type=\"application\/ld+json\" class=\"yoast-schema-graph\">{\"@context\":\"https:\/\/schema.org\",\"@graph\":[{\"@type\":\"Article\",\"@id\":\"https:\/\/tuzlainfo.ba\/index.php\/bosna-i-hercegovina\/item\/260666-objavljeni-podaci-za-polovinu-januara-je-li-najavljena-plata-u-fbih-dovela-do-otpustanja\/#article\",\"isPartOf\":{\"@id\":\"https:\/\/tuzlainfo.ba\/index.php\/bosna-i-hercegovina\/item\/260666-objavljeni-podaci-za-polovinu-januara-je-li-najavljena-plata-u-fbih-dovela-do-otpustanja\/\"},\"author\":{\"name\":\"Admin Tri\",\"@id\":\"https:\/\/tuzlainfo.ba\/#\/schema\/person\/593e78a2f6378c5ba3e7600ecfa4e63a\"},\"headline\":\"Objavljeni podaci za polovinu januara: Je li najavljena plata u FBiH dovela do otpu\u0161tanja?\",\"datePublished\":\"2025-01-18T17:57:38+00:00\",\"dateModified\":\"2025-01-18T17:57:38+00:00\",\"mainEntityOfPage\":{\"@id\":\"https:\/\/tuzlainfo.ba\/index.php\/bosna-i-hercegovina\/item\/260666-objavljeni-podaci-za-polovinu-januara-je-li-najavljena-plata-u-fbih-dovela-do-otpustanja\/\"},\"wordCount\":236,\"publisher\":{\"@id\":\"https:\/\/tuzlainfo.ba\/#organization\"},\"image\":{\"@id\":\"https:\/\/tuzlainfo.ba\/index.php\/bosna-i-hercegovina\/item\/260666-objavljeni-podaci-za-polovinu-januara-je-li-najavljena-plata-u-fbih-dovela-do-otpustanja\/#primaryimage\"},\"thumbnailUrl\":\"https:\/\/tuzlainfo.ba\/wp-content\/uploads\/2023\/05\/ugostiteljstvo.jpg\",\"keywords\":[\"otpu\u0161teni radnici\",\"Porezna uprava Federacije BiH\",\"radnici\"],\"articleSection\":[\"Bosna i Hercegovina\",\"Istaknuto\"],\"inLanguage\":\"bs-BA\"},{\"@type\":\"WebPage\",\"@id\":\"https:\/\/tuzlainfo.ba\/index.php\/bosna-i-hercegovina\/item\/260666-objavljeni-podaci-za-polovinu-januara-je-li-najavljena-plata-u-fbih-dovela-do-otpustanja\/\",\"url\":\"https:\/\/tuzlainfo.ba\/index.php\/bosna-i-hercegovina\/item\/260666-objavljeni-podaci-za-polovinu-januara-je-li-najavljena-plata-u-fbih-dovela-do-otpustanja\/\",\"name\":\"Objavljeni podaci za polovinu januara: Je li najavljena plata u FBiH dovela do otpu\u0161tanja? - TuzlaInfo.ba\",\"isPartOf\":{\"@id\":\"https:\/\/tuzlainfo.ba\/#website\"},\"primaryImageOfPage\":{\"@id\":\"https:\/\/tuzlainfo.ba\/index.php\/bosna-i-hercegovina\/item\/260666-objavljeni-podaci-za-polovinu-januara-je-li-najavljena-plata-u-fbih-dovela-do-otpustanja\/#primaryimage\"},\"image\":{\"@id\":\"https:\/\/tuzlainfo.ba\/index.php\/bosna-i-hercegovina\/item\/260666-objavljeni-podaci-za-polovinu-januara-je-li-najavljena-plata-u-fbih-dovela-do-otpustanja\/#primaryimage\"},\"thumbnailUrl\":\"https:\/\/tuzlainfo.ba\/wp-content\/uploads\/2023\/05\/ugostiteljstvo.jpg\",\"datePublished\":\"2025-01-18T17:57:38+00:00\",\"dateModified\":\"2025-01-18T17:57:38+00:00\",\"breadcrumb\":{\"@id\":\"https:\/\/tuzlainfo.ba\/index.php\/bosna-i-hercegovina\/item\/260666-objavljeni-podaci-za-polovinu-januara-je-li-najavljena-plata-u-fbih-dovela-do-otpustanja\/#breadcrumb\"},\"inLanguage\":\"bs-BA\",\"potentialAction\":[{\"@type\":\"ReadAction\",\"target\":[\"https:\/\/tuzlainfo.ba\/index.php\/bosna-i-hercegovina\/item\/260666-objavljeni-podaci-za-polovinu-januara-je-li-najavljena-plata-u-fbih-dovela-do-otpustanja\/\"]}]},{\"@type\":\"ImageObject\",\"inLanguage\":\"bs-BA\",\"@id\":\"https:\/\/tuzlainfo.ba\/index.php\/bosna-i-hercegovina\/item\/260666-objavljeni-podaci-za-polovinu-januara-je-li-najavljena-plata-u-fbih-dovela-do-otpustanja\/#primaryimage\",\"url\":\"https:\/\/tuzlainfo.ba\/wp-content\/uploads\/2023\/05\/ugostiteljstvo.jpg\",\"contentUrl\":\"https:\/\/tuzlainfo.ba\/wp-content\/uploads\/2023\/05\/ugostiteljstvo.jpg\",\"width\":1024,\"height\":683,\"caption\":\"Foto: Fena\/ILUSTRACIJA\"},{\"@type\":\"BreadcrumbList\",\"@id\":\"https:\/\/tuzlainfo.ba\/index.php\/bosna-i-hercegovina\/item\/260666-objavljeni-podaci-za-polovinu-januara-je-li-najavljena-plata-u-fbih-dovela-do-otpustanja\/#breadcrumb\",\"itemListElement\":[{\"@type\":\"ListItem\",\"position\":1,\"name\":\"Home\",\"item\":\"https:\/\/tuzlainfo.ba\/\"},{\"@type\":\"ListItem\",\"position\":2,\"name\":\"Objavljeni podaci za polovinu januara: Je li najavljena plata u FBiH dovela do otpu\u0161tanja?\"}]},{\"@type\":\"WebSite\",\"@id\":\"https:\/\/tuzlainfo.ba\/#website\",\"url\":\"https:\/\/tuzlainfo.ba\/\",\"name\":\"TuzlaInfo.ba\",\"description\":\"Tuzla info, gradski informator - Tuzla na dlanu\",\"publisher\":{\"@id\":\"https:\/\/tuzlainfo.ba\/#organization\"},\"potentialAction\":[{\"@type\":\"SearchAction\",\"target\":{\"@type\":\"EntryPoint\",\"urlTemplate\":\"https:\/\/tuzlainfo.ba\/?s={search_term_string}\"},\"query-input\":{\"@type\":\"PropertyValueSpecification\",\"valueRequired\":true,\"valueName\":\"search_term_string\"}}],\"inLanguage\":\"bs-BA\"},{\"@type\":\"Organization\",\"@id\":\"https:\/\/tuzlainfo.ba\/#organization\",\"name\":\"TuzlaInfo.ba\",\"url\":\"https:\/\/tuzlainfo.ba\/\",\"logo\":{\"@type\":\"ImageObject\",\"inLanguage\":\"bs-BA\",\"@id\":\"https:\/\/tuzlainfo.ba\/#\/schema\/logo\/image\/\",\"url\":\"https:\/\/tuzlainfo.ba\/wp-content\/uploads\/2021\/03\/logo-ver-3-1.png\",\"contentUrl\":\"https:\/\/tuzlainfo.ba\/wp-content\/uploads\/2021\/03\/logo-ver-3-1.png\",\"width\":350,\"height\":95,\"caption\":\"TuzlaInfo.ba\"},\"image\":{\"@id\":\"https:\/\/tuzlainfo.ba\/#\/schema\/logo\/image\/\"},\"sameAs\":[\"https:\/\/www.facebook.com\/tuzlainfo.ba\/\"]},{\"@type\":\"Person\",\"@id\":\"https:\/\/tuzlainfo.ba\/#\/schema\/person\/593e78a2f6378c5ba3e7600ecfa4e63a\",\"name\":\"Admin Tri\",\"image\":{\"@type\":\"ImageObject\",\"inLanguage\":\"bs-BA\",\"@id\":\"https:\/\/tuzlainfo.ba\/#\/schema\/person\/image\/\",\"url\":\"https:\/\/tuzlainfo.ba\/wp-content\/litespeed\/avatar\/b7920db4cc34a71ad12497283ad2fe3f.jpg?ver=1777100914\",\"contentUrl\":\"https:\/\/tuzlainfo.ba\/wp-content\/litespeed\/avatar\/b7920db4cc34a71ad12497283ad2fe3f.jpg?ver=1777100914\",\"caption\":\"Admin Tri\"},\"sameAs\":[\"https:\/\/tuzlainfo.ba\"]}]}<\/script>\n<!-- \/ Yoast SEO plugin. -->","yoast_head_json":{"title":"Objavljeni podaci za polovinu januara: Je li najavljena plata u FBiH dovela do otpu\u0161tanja? - TuzlaInfo.ba","robots":{"index":"index","follow":"follow","max-snippet":"max-snippet:-1","max-image-preview":"max-image-preview:large","max-video-preview":"max-video-preview:-1"},"canonical":"https:\/\/tuzlainfo.ba\/index.php\/bosna-i-hercegovina\/item\/260666-objavljeni-podaci-za-polovinu-januara-je-li-najavljena-plata-u-fbih-dovela-do-otpustanja\/","og_locale":"bs_BA","og_type":"article","og_title":"Objavljeni podaci za polovinu januara: Je li najavljena plata u FBiH dovela do otpu\u0161tanja? - TuzlaInfo.ba","og_description":"Prema evidenciji Porezne uprave Federacije BiH, u prvoj polovini januara 2025. godine, zabilje\u017eeno je 2.065&hellip;","og_url":"https:\/\/tuzlainfo.ba\/index.php\/bosna-i-hercegovina\/item\/260666-objavljeni-podaci-za-polovinu-januara-je-li-najavljena-plata-u-fbih-dovela-do-otpustanja\/","og_site_name":"TuzlaInfo.ba","article_publisher":"https:\/\/www.facebook.com\/tuzlainfo.ba\/","article_published_time":"2025-01-18T17:57:38+00:00","og_image":[{"width":1024,"height":683,"url":"https:\/\/tuzlainfo.ba\/wp-content\/uploads\/2023\/05\/ugostiteljstvo.jpg","type":"image\/jpeg"}],"author":"Admin Tri","twitter_card":"summary_large_image","twitter_misc":{"Written by":"Admin Tri","Est. reading time":"2 minute"},"schema":{"@context":"https:\/\/schema.org","@graph":[{"@type":"Article","@id":"https:\/\/tuzlainfo.ba\/index.php\/bosna-i-hercegovina\/item\/260666-objavljeni-podaci-za-polovinu-januara-je-li-najavljena-plata-u-fbih-dovela-do-otpustanja\/#article","isPartOf":{"@id":"https:\/\/tuzlainfo.ba\/index.php\/bosna-i-hercegovina\/item\/260666-objavljeni-podaci-za-polovinu-januara-je-li-najavljena-plata-u-fbih-dovela-do-otpustanja\/"},"author":{"name":"Admin Tri","@id":"https:\/\/tuzlainfo.ba\/#\/schema\/person\/593e78a2f6378c5ba3e7600ecfa4e63a"},"headline":"Objavljeni podaci za polovinu januara: Je li najavljena plata u FBiH dovela do otpu\u0161tanja?","datePublished":"2025-01-18T17:57:38+00:00","dateModified":"2025-01-18T17:57:38+00:00","mainEntityOfPage":{"@id":"https:\/\/tuzlainfo.ba\/index.php\/bosna-i-hercegovina\/item\/260666-objavljeni-podaci-za-polovinu-januara-je-li-najavljena-plata-u-fbih-dovela-do-otpustanja\/"},"wordCount":236,"publisher":{"@id":"https:\/\/tuzlainfo.ba\/#organization"},"image":{"@id":"https:\/\/tuzlainfo.ba\/index.php\/bosna-i-hercegovina\/item\/260666-objavljeni-podaci-za-polovinu-januara-je-li-najavljena-plata-u-fbih-dovela-do-otpustanja\/#primaryimage"},"thumbnailUrl":"https:\/\/tuzlainfo.ba\/wp-content\/uploads\/2023\/05\/ugostiteljstvo.jpg","keywords":["otpu\u0161teni radnici","Porezna uprava Federacije BiH","radnici"],"articleSection":["Bosna i Hercegovina","Istaknuto"],"inLanguage":"bs-BA"},{"@type":"WebPage","@id":"https:\/\/tuzlainfo.ba\/index.php\/bosna-i-hercegovina\/item\/260666-objavljeni-podaci-za-polovinu-januara-je-li-najavljena-plata-u-fbih-dovela-do-otpustanja\/","url":"https:\/\/tuzlainfo.ba\/index.php\/bosna-i-hercegovina\/item\/260666-objavljeni-podaci-za-polovinu-januara-je-li-najavljena-plata-u-fbih-dovela-do-otpustanja\/","name":"Objavljeni podaci za polovinu januara: Je li najavljena plata u FBiH dovela do otpu\u0161tanja? - TuzlaInfo.ba","isPartOf":{"@id":"https:\/\/tuzlainfo.ba\/#website"},"primaryImageOfPage":{"@id":"https:\/\/tuzlainfo.ba\/index.php\/bosna-i-hercegovina\/item\/260666-objavljeni-podaci-za-polovinu-januara-je-li-najavljena-plata-u-fbih-dovela-do-otpustanja\/#primaryimage"},"image":{"@id":"https:\/\/tuzlainfo.ba\/index.php\/bosna-i-hercegovina\/item\/260666-objavljeni-podaci-za-polovinu-januara-je-li-najavljena-plata-u-fbih-dovela-do-otpustanja\/#primaryimage"},"thumbnailUrl":"https:\/\/tuzlainfo.ba\/wp-content\/uploads\/2023\/05\/ugostiteljstvo.jpg","datePublished":"2025-01-18T17:57:38+00:00","dateModified":"2025-01-18T17:57:38+00:00","breadcrumb":{"@id":"https:\/\/tuzlainfo.ba\/index.php\/bosna-i-hercegovina\/item\/260666-objavljeni-podaci-za-polovinu-januara-je-li-najavljena-plata-u-fbih-dovela-do-otpustanja\/#breadcrumb"},"inLanguage":"bs-BA","potentialAction":[{"@type":"ReadAction","target":["https:\/\/tuzlainfo.ba\/index.php\/bosna-i-hercegovina\/item\/260666-objavljeni-podaci-za-polovinu-januara-je-li-najavljena-plata-u-fbih-dovela-do-otpustanja\/"]}]},{"@type":"ImageObject","inLanguage":"bs-BA","@id":"https:\/\/tuzlainfo.ba\/index.php\/bosna-i-hercegovina\/item\/260666-objavljeni-podaci-za-polovinu-januara-je-li-najavljena-plata-u-fbih-dovela-do-otpustanja\/#primaryimage","url":"https:\/\/tuzlainfo.ba\/wp-content\/uploads\/2023\/05\/ugostiteljstvo.jpg","contentUrl":"https:\/\/tuzlainfo.ba\/wp-content\/uploads\/2023\/05\/ugostiteljstvo.jpg","width":1024,"height":683,"caption":"Foto: Fena\/ILUSTRACIJA"},{"@type":"BreadcrumbList","@id":"https:\/\/tuzlainfo.ba\/index.php\/bosna-i-hercegovina\/item\/260666-objavljeni-podaci-za-polovinu-januara-je-li-najavljena-plata-u-fbih-dovela-do-otpustanja\/#breadcrumb","itemListElement":[{"@type":"ListItem","position":1,"name":"Home","item":"https:\/\/tuzlainfo.ba\/"},{"@type":"ListItem","position":2,"name":"Objavljeni podaci za polovinu januara: Je li najavljena plata u FBiH dovela do otpu\u0161tanja?"}]},{"@type":"WebSite","@id":"https:\/\/tuzlainfo.ba\/#website","url":"https:\/\/tuzlainfo.ba\/","name":"TuzlaInfo.ba","description":"Tuzla info, gradski informator - Tuzla na dlanu","publisher":{"@id":"https:\/\/tuzlainfo.ba\/#organization"},"potentialAction":[{"@type":"SearchAction","target":{"@type":"EntryPoint","urlTemplate":"https:\/\/tuzlainfo.ba\/?s={search_term_string}"},"query-input":{"@type":"PropertyValueSpecification","valueRequired":true,"valueName":"search_term_string"}}],"inLanguage":"bs-BA"},{"@type":"Organization","@id":"https:\/\/tuzlainfo.ba\/#organization","name":"TuzlaInfo.ba","url":"https:\/\/tuzlainfo.ba\/","logo":{"@type":"ImageObject","inLanguage":"bs-BA","@id":"https:\/\/tuzlainfo.ba\/#\/schema\/logo\/image\/","url":"https:\/\/tuzlainfo.ba\/wp-content\/uploads\/2021\/03\/logo-ver-3-1.png","contentUrl":"https:\/\/tuzlainfo.ba\/wp-content\/uploads\/2021\/03\/logo-ver-3-1.png","width":350,"height":95,"caption":"TuzlaInfo.ba"},"image":{"@id":"https:\/\/tuzlainfo.ba\/#\/schema\/logo\/image\/"},"sameAs":["https:\/\/www.facebook.com\/tuzlainfo.ba\/"]},{"@type":"Person","@id":"https:\/\/tuzlainfo.ba\/#\/schema\/person\/593e78a2f6378c5ba3e7600ecfa4e63a","name":"Admin Tri","image":{"@type":"ImageObject","inLanguage":"bs-BA","@id":"https:\/\/tuzlainfo.ba\/#\/schema\/person\/image\/","url":"https:\/\/tuzlainfo.ba\/wp-content\/litespeed\/avatar\/b7920db4cc34a71ad12497283ad2fe3f.jpg?ver=1777100914","contentUrl":"https:\/\/tuzlainfo.ba\/wp-content\/litespeed\/avatar\/b7920db4cc34a71ad12497283ad2fe3f.jpg?ver=1777100914","caption":"Admin Tri"},"sameAs":["https:\/\/tuzlainfo.ba"]}]}},"_links":{"self":[{"href":"https:\/\/tuzlainfo.ba\/index.php\/wp-json\/wp\/v2\/posts\/260666"}],"collection":[{"href":"https:\/\/tuzlainfo.ba\/index.php\/wp-json\/wp\/v2\/posts"}],"about":[{"href":"https:\/\/tuzlainfo.ba\/index.php\/wp-json\/wp\/v2\/types\/post"}],"author":[{"embeddable":true,"href":"https:\/\/tuzlainfo.ba\/index.php\/wp-json\/wp\/v2\/users\/8"}],"replies":[{"embeddable":true,"href":"https:\/\/tuzlainfo.ba\/index.php\/wp-json\/wp\/v2\/comments?post=260666"}],"version-history":[{"count":2,"href":"https:\/\/tuzlainfo.ba\/index.php\/wp-json\/wp\/v2\/posts\/260666\/revisions"}],"predecessor-version":[{"id":260668,"href":"https:\/\/tuzlainfo.ba\/index.php\/wp-json\/wp\/v2\/posts\/260666\/revisions\/260668"}],"wp:featuredmedia":[{"embeddable":true,"href":"https:\/\/tuzlainfo.ba\/index.php\/wp-json\/wp\/v2\/media\/206089"}],"wp:attachment":[{"href":"https:\/\/tuzlainfo.ba\/index.php\/wp-json\/wp\/v2\/media?parent=260666"}],"wp:term":[{"taxonomy":"category","embeddable":true,"href":"https:\/\/tuzlainfo.ba\/index.php\/wp-json\/wp\/v2\/categories?post=260666"},{"taxonomy":"post_tag","embeddable":true,"href":"https:\/\/tuzlainfo.ba\/index.php\/wp-json\/wp\/v2\/tags?post=260666"}],"curies":[{"name":"wp","href":"https:\/\/api.w.org\/{rel}","templated":true}]}}