{"id":260658,"date":"2025-01-18T12:57:18","date_gmt":"2025-01-18T11:57:18","guid":{"rendered":"https:\/\/tuzlainfo.ba\/?p=260658"},"modified":"2025-01-18T12:57:18","modified_gmt":"2025-01-18T11:57:18","slug":"mr-admir-muratovic-imenovan-za-direktora-behram-begove-medrese","status":"publish","type":"post","link":"https:\/\/tuzlainfo.ba\/index.php\/novosti\/item\/260658-mr-admir-muratovic-imenovan-za-direktora-behram-begove-medrese\/","title":{"rendered":"Mr. Admir Muratovi\u0107 imenovan za direktora Behram-begove medrese"},"content":{"rendered":"<p>Nakon konkursne procedure i dobivene saglasnosti, donesena je kona\u010dna odluka o imenovanju mr. Admira Muratovi\u0107a za novog direktora Behram-begove medrese u mandatnom periodu 2025-2029.<\/p>\n<p>On na du\u017enost stupa 18. januara 2025. godine, po isteku mandata sada\u0161njem direktoru dr. Ahmedu Hatuni\u0107u, koji je imenovan za direktora JU Specijalna biblioteka \u201eBehram-beg\u201c u Tuzli, a <a href=\"https:\/\/tuzlainfo.ba\/index.php\/novosti\/item\/260368-medresa-i-biblioteka-promjene-na-direktorskim-pozicijama-hatunic-umjesto-muratovica\/\"><strong>o \u010demu smo ve\u0107 ranije pisali<\/strong><\/a>.<\/p>\n<p>Tim povodom odr\u017eana je Sve\u010dana sjednica \u0160kolskog odbora Behram-begove medrese, kojom je predsjedavao muftija tuzlanski dr. Vahid-ef. Fazlovi\u0107, predsjednik \u0160kolskog odbora Behram-begove medrese.<\/p>\n<p>On se zahvalio reisul-ulemi Husein-ef. Kavazovi\u0107u, i svim organima u Islamskoj zajednici, na svesrdnoj podr\u0161ci kada je rije\u010d o ovim imenovanjima, te Vladi Tuzlanskog kantona koja je dala saglasnost za imenovanje direktora Biblioteke. Izrazio je zadovoljstvo \u0161to su sve procedure blagovremeno provedene, te \u0161to \u0107e rukovo\u0111enje ovim ustanovama preuzeti vrijedni alimi.<\/p>\n<p>\u2013 Direktor dr. Ahmed-ef. Hatuni\u0107 je du\u017ee vrijeme, u jednom va\u017enom periodu, vodio Behram-begovu medresu u Tuzli. \u010cinio je to izuzetno predano i odgovorno, postigav\u0161i veliki uspjeh. Zahvaljujem se dr. Hatuni\u0107u, dosada\u0161njem direktoru Medrese, a istovremeno mi je drago da on preuzima novu va\u017enu du\u017enost. Rije\u010d je o Biblioteci \u201eBehram-beg\u201c, ustanovi koja ve\u0107 dugo ima svoju zna\u010dajnu misiju u okvirima kulturnog i nau\u010dnog \u017eivota u Tuzli. O\u010dekujemo da \u0107e dr. Hatuni\u0107 odgovorno nastaviti sa razvijanjem i ove na\u0161e ustanove, kazao je muftija Fazlovi\u0107.<\/p>\n<p>Muftija je istakao da mr. Admir-ef. Muratovi\u0107, koji danas zvani\u010dno preuzima du\u017enost direktora u Behram-begovoj medresi, dobro poznaje poslove u ovoj \u0161koli jer je ranije ovdje obavljao nastavni\u010dke zada\u0107e.<\/p>\n<p>\u2013 Direktor Muratovi\u0107 je mnogo u\u010dinio na razvijanju Biblioteke \u201eBehram-beg\u201c i zahvalni smo mu na njegovom pregala\u0161tvu. Imamo osnova da od njega o\u010dekujemo plodonosan rad u Berham-begovoj medresi i \u017eelimo mu uspjeh u tome. Dove upu\u0107ujemo Allahu, d\u017eelle \u0161anuhu, da pomogne na\u0161im direktorima, muderrisima i svim uposlenicima ovih ustanova, kazao je muftija Fazlovi\u0107.<\/p>\n<p>Behram-begova medresa uspje\u0161no nastavlja sa svojim djelovanjem i svojom misijom, kazao je dosada\u0161nji dugogodi\u0161nji direktor ove \u0161kole dr. Ahmed-ef. Hatuni\u0107.<\/p>\n<p>\u2013 Danas predajem du\u017enost novom direktoru Medrese. Mislim da to radimo na najbolji i najljep\u0161i na\u010din, nastoje\u0107i da sva na\u0161a znanja, iskustva i domete prenesemo nadolaze\u0107im generacijama. To je jedan nauk Bo\u0161njacima ove zemlje, naro\u010dito mladim generacija, i na\u0161a obaveza da sve ono \u0161to radimo na najbolji i najljep\u0161i na\u010din ostavimo budu\u0107im generacijama. One zrele plodove djelovanja i rada Behram-begove medrese tek o\u010dekujemo i duboko sam uvjeren da su, uz Bo\u017eiju pomo\u0107, ta vremena i ti dani ispred nas, kazao je direktor Hatuni\u0107.<\/p>\n<p>Mr. Admir-ef. Muratovi\u0107 je vi\u0161e od dvanaest godina bio profesor arapskog jezika u Behram-begovoj medresi a za direktora Biblioteke \u201dBehram-beg\u201d imenovan je 2017. godine.<\/p>\n<p>\u2013 Izuzetno mi je drago da sam ponovo u Behram-begovoj medresi, sada u ulozi direktora \u0161to mi predstavlja iznimnu \u010dast, zadovoljstvo i odgovornost. Odgovornost zbog \u010dinjenice da se u ovoj instituciji radi s djecom. A nije lahko odgajati i obrazovati na\u0161u djecu, posebno na ovaj na\u010din kako to radi Behram-begova medresa. S druge strane odgovornost proistje\u010de i iz renomea Medrese i njenog uspje\u0161nog rada u proteklom periodu. Za to je posebno zaslu\u017ean muftija tuzlanski dr. Vahid-ef. Fazlovi\u0107, prvi direktor Medrese, a nakon njega i dr. Ahmed-ef. Hatuni\u0107. Valja nastaviti voditi Medresu onim putem kojim se kretala do sada, doprinose\u0107i ispravnom razvoju, odgoju i obrazovanju na\u0161e djece, doprinose\u0107i na\u0161oj Islamskoj zajednici, dru\u0161tvu i domovini Bosni i Hercegovini, kazao je direktor Muratovi\u0107.<\/p>\n<p>Isti dan, u Behram-begovoj medresi je odr\u017eana i sve\u010dana sjednica Nastavni\u010dkog vje\u0107e na kojoj je predstavljen novi direktor ove ustanove.<\/p>\n","protected":false},"excerpt":{"rendered":"<p>Nakon konkursne procedure i dobivene saglasnosti, donesena je kona\u010dna odluka o imenovanju mr. Admira Muratovi\u0107a&hellip;<\/p>\n","protected":false},"author":2,"featured_media":260659,"comment_status":"closed","ping_status":"closed","sticky":false,"template":"","format":"standard","meta":{"_acf_changed":false,"footnotes":""},"categories":[304,12],"tags":[3965,1354],"acf":[],"yoast_head":"<!-- This site is optimized with the Yoast SEO plugin v23.5 - https:\/\/yoast.com\/wordpress\/plugins\/seo\/ -->\n<title>Mr. Admir Muratovi\u0107 imenovan za direktora Behram-begove medrese - TuzlaInfo.ba<\/title>\n<meta name=\"robots\" content=\"index, follow, max-snippet:-1, max-image-preview:large, max-video-preview:-1\" \/>\n<link rel=\"canonical\" href=\"https:\/\/tuzlainfo.ba\/index.php\/novosti\/item\/260658-mr-admir-muratovic-imenovan-za-direktora-behram-begove-medrese\/\" \/>\n<meta property=\"og:locale\" content=\"bs_BA\" \/>\n<meta property=\"og:type\" content=\"article\" \/>\n<meta property=\"og:title\" content=\"Mr. Admir Muratovi\u0107 imenovan za direktora Behram-begove medrese - TuzlaInfo.ba\" \/>\n<meta property=\"og:description\" content=\"Nakon konkursne procedure i dobivene saglasnosti, donesena je kona\u010dna odluka o imenovanju mr. Admira Muratovi\u0107a&hellip;\" \/>\n<meta property=\"og:url\" content=\"https:\/\/tuzlainfo.ba\/index.php\/novosti\/item\/260658-mr-admir-muratovic-imenovan-za-direktora-behram-begove-medrese\/\" \/>\n<meta property=\"og:site_name\" content=\"TuzlaInfo.ba\" \/>\n<meta property=\"article:publisher\" content=\"https:\/\/www.facebook.com\/tuzlainfo.ba\/\" \/>\n<meta property=\"article:published_time\" content=\"2025-01-18T11:57:18+00:00\" \/>\n<meta property=\"og:image\" content=\"https:\/\/tuzlainfo.ba\/wp-content\/uploads\/2025\/01\/1801_muftija-i-direktori.jpg\" \/>\n\t<meta property=\"og:image:width\" content=\"800\" \/>\n\t<meta property=\"og:image:height\" content=\"497\" \/>\n\t<meta property=\"og:image:type\" content=\"image\/jpeg\" \/>\n<meta name=\"author\" content=\"nedim\" \/>\n<meta name=\"twitter:card\" content=\"summary_large_image\" \/>\n<meta name=\"twitter:label1\" content=\"Written by\" \/>\n\t<meta name=\"twitter:data1\" content=\"nedim\" \/>\n\t<meta name=\"twitter:label2\" content=\"Est. reading time\" \/>\n\t<meta name=\"twitter:data2\" content=\"4 minute\" \/>\n<script type=\"application\/ld+json\" class=\"yoast-schema-graph\">{\"@context\":\"https:\/\/schema.org\",\"@graph\":[{\"@type\":\"Article\",\"@id\":\"https:\/\/tuzlainfo.ba\/index.php\/novosti\/item\/260658-mr-admir-muratovic-imenovan-za-direktora-behram-begove-medrese\/#article\",\"isPartOf\":{\"@id\":\"https:\/\/tuzlainfo.ba\/index.php\/novosti\/item\/260658-mr-admir-muratovic-imenovan-za-direktora-behram-begove-medrese\/\"},\"author\":{\"name\":\"nedim\",\"@id\":\"https:\/\/tuzlainfo.ba\/#\/schema\/person\/f434e20dc27ea133923aab08451b7f7f\"},\"headline\":\"Mr. Admir Muratovi\u0107 imenovan za direktora Behram-begove medrese\",\"datePublished\":\"2025-01-18T11:57:18+00:00\",\"dateModified\":\"2025-01-18T11:57:18+00:00\",\"mainEntityOfPage\":{\"@id\":\"https:\/\/tuzlainfo.ba\/index.php\/novosti\/item\/260658-mr-admir-muratovic-imenovan-za-direktora-behram-begove-medrese\/\"},\"wordCount\":628,\"publisher\":{\"@id\":\"https:\/\/tuzlainfo.ba\/#organization\"},\"image\":{\"@id\":\"https:\/\/tuzlainfo.ba\/index.php\/novosti\/item\/260658-mr-admir-muratovic-imenovan-za-direktora-behram-begove-medrese\/#primaryimage\"},\"thumbnailUrl\":\"https:\/\/tuzlainfo.ba\/wp-content\/uploads\/2025\/01\/1801_muftija-i-direktori.jpg\",\"keywords\":[\"Behram-begova biblioteka\",\"Behram-begova medresa\"],\"articleSection\":[\"Istaknuto\",\"Novosti\"],\"inLanguage\":\"bs-BA\"},{\"@type\":\"WebPage\",\"@id\":\"https:\/\/tuzlainfo.ba\/index.php\/novosti\/item\/260658-mr-admir-muratovic-imenovan-za-direktora-behram-begove-medrese\/\",\"url\":\"https:\/\/tuzlainfo.ba\/index.php\/novosti\/item\/260658-mr-admir-muratovic-imenovan-za-direktora-behram-begove-medrese\/\",\"name\":\"Mr. Admir Muratovi\u0107 imenovan za direktora Behram-begove medrese - TuzlaInfo.ba\",\"isPartOf\":{\"@id\":\"https:\/\/tuzlainfo.ba\/#website\"},\"primaryImageOfPage\":{\"@id\":\"https:\/\/tuzlainfo.ba\/index.php\/novosti\/item\/260658-mr-admir-muratovic-imenovan-za-direktora-behram-begove-medrese\/#primaryimage\"},\"image\":{\"@id\":\"https:\/\/tuzlainfo.ba\/index.php\/novosti\/item\/260658-mr-admir-muratovic-imenovan-za-direktora-behram-begove-medrese\/#primaryimage\"},\"thumbnailUrl\":\"https:\/\/tuzlainfo.ba\/wp-content\/uploads\/2025\/01\/1801_muftija-i-direktori.jpg\",\"datePublished\":\"2025-01-18T11:57:18+00:00\",\"dateModified\":\"2025-01-18T11:57:18+00:00\",\"breadcrumb\":{\"@id\":\"https:\/\/tuzlainfo.ba\/index.php\/novosti\/item\/260658-mr-admir-muratovic-imenovan-za-direktora-behram-begove-medrese\/#breadcrumb\"},\"inLanguage\":\"bs-BA\",\"potentialAction\":[{\"@type\":\"ReadAction\",\"target\":[\"https:\/\/tuzlainfo.ba\/index.php\/novosti\/item\/260658-mr-admir-muratovic-imenovan-za-direktora-behram-begove-medrese\/\"]}]},{\"@type\":\"ImageObject\",\"inLanguage\":\"bs-BA\",\"@id\":\"https:\/\/tuzlainfo.ba\/index.php\/novosti\/item\/260658-mr-admir-muratovic-imenovan-za-direktora-behram-begove-medrese\/#primaryimage\",\"url\":\"https:\/\/tuzlainfo.ba\/wp-content\/uploads\/2025\/01\/1801_muftija-i-direktori.jpg\",\"contentUrl\":\"https:\/\/tuzlainfo.ba\/wp-content\/uploads\/2025\/01\/1801_muftija-i-direktori.jpg\",\"width\":800,\"height\":497},{\"@type\":\"BreadcrumbList\",\"@id\":\"https:\/\/tuzlainfo.ba\/index.php\/novosti\/item\/260658-mr-admir-muratovic-imenovan-za-direktora-behram-begove-medrese\/#breadcrumb\",\"itemListElement\":[{\"@type\":\"ListItem\",\"position\":1,\"name\":\"Home\",\"item\":\"https:\/\/tuzlainfo.ba\/\"},{\"@type\":\"ListItem\",\"position\":2,\"name\":\"Mr. Admir Muratovi\u0107 imenovan za direktora Behram-begove medrese\"}]},{\"@type\":\"WebSite\",\"@id\":\"https:\/\/tuzlainfo.ba\/#website\",\"url\":\"https:\/\/tuzlainfo.ba\/\",\"name\":\"TuzlaInfo.ba\",\"description\":\"Tuzla info, gradski informator - Tuzla na dlanu\",\"publisher\":{\"@id\":\"https:\/\/tuzlainfo.ba\/#organization\"},\"potentialAction\":[{\"@type\":\"SearchAction\",\"target\":{\"@type\":\"EntryPoint\",\"urlTemplate\":\"https:\/\/tuzlainfo.ba\/?s={search_term_string}\"},\"query-input\":{\"@type\":\"PropertyValueSpecification\",\"valueRequired\":true,\"valueName\":\"search_term_string\"}}],\"inLanguage\":\"bs-BA\"},{\"@type\":\"Organization\",\"@id\":\"https:\/\/tuzlainfo.ba\/#organization\",\"name\":\"TuzlaInfo.ba\",\"url\":\"https:\/\/tuzlainfo.ba\/\",\"logo\":{\"@type\":\"ImageObject\",\"inLanguage\":\"bs-BA\",\"@id\":\"https:\/\/tuzlainfo.ba\/#\/schema\/logo\/image\/\",\"url\":\"https:\/\/tuzlainfo.ba\/wp-content\/uploads\/2021\/03\/logo-ver-3-1.png\",\"contentUrl\":\"https:\/\/tuzlainfo.ba\/wp-content\/uploads\/2021\/03\/logo-ver-3-1.png\",\"width\":350,\"height\":95,\"caption\":\"TuzlaInfo.ba\"},\"image\":{\"@id\":\"https:\/\/tuzlainfo.ba\/#\/schema\/logo\/image\/\"},\"sameAs\":[\"https:\/\/www.facebook.com\/tuzlainfo.ba\/\"]},{\"@type\":\"Person\",\"@id\":\"https:\/\/tuzlainfo.ba\/#\/schema\/person\/f434e20dc27ea133923aab08451b7f7f\",\"name\":\"nedim\",\"image\":{\"@type\":\"ImageObject\",\"inLanguage\":\"bs-BA\",\"@id\":\"https:\/\/tuzlainfo.ba\/#\/schema\/person\/image\/\",\"url\":\"https:\/\/tuzlainfo.ba\/wp-content\/litespeed\/avatar\/aabad687af24844af817603ac1cbdc4f.jpg?ver=1776702173\",\"contentUrl\":\"https:\/\/tuzlainfo.ba\/wp-content\/litespeed\/avatar\/aabad687af24844af817603ac1cbdc4f.jpg?ver=1776702173\",\"caption\":\"nedim\"},\"description\":\"Tuzlainfo.ba pratite na dru\u0161tvenim mre\u017eama: Facebook, Instagram i Youtube. Svoje pri\u010de, upite i fotografije \u0161aljite na na\u0161u e-mail adresu.\"}]}<\/script>\n<!-- \/ Yoast SEO plugin. -->","yoast_head_json":{"title":"Mr. Admir Muratovi\u0107 imenovan za direktora Behram-begove medrese - TuzlaInfo.ba","robots":{"index":"index","follow":"follow","max-snippet":"max-snippet:-1","max-image-preview":"max-image-preview:large","max-video-preview":"max-video-preview:-1"},"canonical":"https:\/\/tuzlainfo.ba\/index.php\/novosti\/item\/260658-mr-admir-muratovic-imenovan-za-direktora-behram-begove-medrese\/","og_locale":"bs_BA","og_type":"article","og_title":"Mr. Admir Muratovi\u0107 imenovan za direktora Behram-begove medrese - TuzlaInfo.ba","og_description":"Nakon konkursne procedure i dobivene saglasnosti, donesena je kona\u010dna odluka o imenovanju mr. Admira Muratovi\u0107a&hellip;","og_url":"https:\/\/tuzlainfo.ba\/index.php\/novosti\/item\/260658-mr-admir-muratovic-imenovan-za-direktora-behram-begove-medrese\/","og_site_name":"TuzlaInfo.ba","article_publisher":"https:\/\/www.facebook.com\/tuzlainfo.ba\/","article_published_time":"2025-01-18T11:57:18+00:00","og_image":[{"width":800,"height":497,"url":"https:\/\/tuzlainfo.ba\/wp-content\/uploads\/2025\/01\/1801_muftija-i-direktori.jpg","type":"image\/jpeg"}],"author":"nedim","twitter_card":"summary_large_image","twitter_misc":{"Written by":"nedim","Est. reading time":"4 minute"},"schema":{"@context":"https:\/\/schema.org","@graph":[{"@type":"Article","@id":"https:\/\/tuzlainfo.ba\/index.php\/novosti\/item\/260658-mr-admir-muratovic-imenovan-za-direktora-behram-begove-medrese\/#article","isPartOf":{"@id":"https:\/\/tuzlainfo.ba\/index.php\/novosti\/item\/260658-mr-admir-muratovic-imenovan-za-direktora-behram-begove-medrese\/"},"author":{"name":"nedim","@id":"https:\/\/tuzlainfo.ba\/#\/schema\/person\/f434e20dc27ea133923aab08451b7f7f"},"headline":"Mr. Admir Muratovi\u0107 imenovan za direktora Behram-begove medrese","datePublished":"2025-01-18T11:57:18+00:00","dateModified":"2025-01-18T11:57:18+00:00","mainEntityOfPage":{"@id":"https:\/\/tuzlainfo.ba\/index.php\/novosti\/item\/260658-mr-admir-muratovic-imenovan-za-direktora-behram-begove-medrese\/"},"wordCount":628,"publisher":{"@id":"https:\/\/tuzlainfo.ba\/#organization"},"image":{"@id":"https:\/\/tuzlainfo.ba\/index.php\/novosti\/item\/260658-mr-admir-muratovic-imenovan-za-direktora-behram-begove-medrese\/#primaryimage"},"thumbnailUrl":"https:\/\/tuzlainfo.ba\/wp-content\/uploads\/2025\/01\/1801_muftija-i-direktori.jpg","keywords":["Behram-begova biblioteka","Behram-begova medresa"],"articleSection":["Istaknuto","Novosti"],"inLanguage":"bs-BA"},{"@type":"WebPage","@id":"https:\/\/tuzlainfo.ba\/index.php\/novosti\/item\/260658-mr-admir-muratovic-imenovan-za-direktora-behram-begove-medrese\/","url":"https:\/\/tuzlainfo.ba\/index.php\/novosti\/item\/260658-mr-admir-muratovic-imenovan-za-direktora-behram-begove-medrese\/","name":"Mr. Admir Muratovi\u0107 imenovan za direktora Behram-begove medrese - TuzlaInfo.ba","isPartOf":{"@id":"https:\/\/tuzlainfo.ba\/#website"},"primaryImageOfPage":{"@id":"https:\/\/tuzlainfo.ba\/index.php\/novosti\/item\/260658-mr-admir-muratovic-imenovan-za-direktora-behram-begove-medrese\/#primaryimage"},"image":{"@id":"https:\/\/tuzlainfo.ba\/index.php\/novosti\/item\/260658-mr-admir-muratovic-imenovan-za-direktora-behram-begove-medrese\/#primaryimage"},"thumbnailUrl":"https:\/\/tuzlainfo.ba\/wp-content\/uploads\/2025\/01\/1801_muftija-i-direktori.jpg","datePublished":"2025-01-18T11:57:18+00:00","dateModified":"2025-01-18T11:57:18+00:00","breadcrumb":{"@id":"https:\/\/tuzlainfo.ba\/index.php\/novosti\/item\/260658-mr-admir-muratovic-imenovan-za-direktora-behram-begove-medrese\/#breadcrumb"},"inLanguage":"bs-BA","potentialAction":[{"@type":"ReadAction","target":["https:\/\/tuzlainfo.ba\/index.php\/novosti\/item\/260658-mr-admir-muratovic-imenovan-za-direktora-behram-begove-medrese\/"]}]},{"@type":"ImageObject","inLanguage":"bs-BA","@id":"https:\/\/tuzlainfo.ba\/index.php\/novosti\/item\/260658-mr-admir-muratovic-imenovan-za-direktora-behram-begove-medrese\/#primaryimage","url":"https:\/\/tuzlainfo.ba\/wp-content\/uploads\/2025\/01\/1801_muftija-i-direktori.jpg","contentUrl":"https:\/\/tuzlainfo.ba\/wp-content\/uploads\/2025\/01\/1801_muftija-i-direktori.jpg","width":800,"height":497},{"@type":"BreadcrumbList","@id":"https:\/\/tuzlainfo.ba\/index.php\/novosti\/item\/260658-mr-admir-muratovic-imenovan-za-direktora-behram-begove-medrese\/#breadcrumb","itemListElement":[{"@type":"ListItem","position":1,"name":"Home","item":"https:\/\/tuzlainfo.ba\/"},{"@type":"ListItem","position":2,"name":"Mr. Admir Muratovi\u0107 imenovan za direktora Behram-begove medrese"}]},{"@type":"WebSite","@id":"https:\/\/tuzlainfo.ba\/#website","url":"https:\/\/tuzlainfo.ba\/","name":"TuzlaInfo.ba","description":"Tuzla info, gradski informator - Tuzla na dlanu","publisher":{"@id":"https:\/\/tuzlainfo.ba\/#organization"},"potentialAction":[{"@type":"SearchAction","target":{"@type":"EntryPoint","urlTemplate":"https:\/\/tuzlainfo.ba\/?s={search_term_string}"},"query-input":{"@type":"PropertyValueSpecification","valueRequired":true,"valueName":"search_term_string"}}],"inLanguage":"bs-BA"},{"@type":"Organization","@id":"https:\/\/tuzlainfo.ba\/#organization","name":"TuzlaInfo.ba","url":"https:\/\/tuzlainfo.ba\/","logo":{"@type":"ImageObject","inLanguage":"bs-BA","@id":"https:\/\/tuzlainfo.ba\/#\/schema\/logo\/image\/","url":"https:\/\/tuzlainfo.ba\/wp-content\/uploads\/2021\/03\/logo-ver-3-1.png","contentUrl":"https:\/\/tuzlainfo.ba\/wp-content\/uploads\/2021\/03\/logo-ver-3-1.png","width":350,"height":95,"caption":"TuzlaInfo.ba"},"image":{"@id":"https:\/\/tuzlainfo.ba\/#\/schema\/logo\/image\/"},"sameAs":["https:\/\/www.facebook.com\/tuzlainfo.ba\/"]},{"@type":"Person","@id":"https:\/\/tuzlainfo.ba\/#\/schema\/person\/f434e20dc27ea133923aab08451b7f7f","name":"nedim","image":{"@type":"ImageObject","inLanguage":"bs-BA","@id":"https:\/\/tuzlainfo.ba\/#\/schema\/person\/image\/","url":"https:\/\/tuzlainfo.ba\/wp-content\/litespeed\/avatar\/aabad687af24844af817603ac1cbdc4f.jpg?ver=1776702173","contentUrl":"https:\/\/tuzlainfo.ba\/wp-content\/litespeed\/avatar\/aabad687af24844af817603ac1cbdc4f.jpg?ver=1776702173","caption":"nedim"},"description":"Tuzlainfo.ba pratite na dru\u0161tvenim mre\u017eama: Facebook, Instagram i Youtube. Svoje pri\u010de, upite i fotografije \u0161aljite na na\u0161u e-mail adresu."}]}},"_links":{"self":[{"href":"https:\/\/tuzlainfo.ba\/index.php\/wp-json\/wp\/v2\/posts\/260658"}],"collection":[{"href":"https:\/\/tuzlainfo.ba\/index.php\/wp-json\/wp\/v2\/posts"}],"about":[{"href":"https:\/\/tuzlainfo.ba\/index.php\/wp-json\/wp\/v2\/types\/post"}],"author":[{"embeddable":true,"href":"https:\/\/tuzlainfo.ba\/index.php\/wp-json\/wp\/v2\/users\/2"}],"replies":[{"embeddable":true,"href":"https:\/\/tuzlainfo.ba\/index.php\/wp-json\/wp\/v2\/comments?post=260658"}],"version-history":[{"count":1,"href":"https:\/\/tuzlainfo.ba\/index.php\/wp-json\/wp\/v2\/posts\/260658\/revisions"}],"predecessor-version":[{"id":260660,"href":"https:\/\/tuzlainfo.ba\/index.php\/wp-json\/wp\/v2\/posts\/260658\/revisions\/260660"}],"wp:featuredmedia":[{"embeddable":true,"href":"https:\/\/tuzlainfo.ba\/index.php\/wp-json\/wp\/v2\/media\/260659"}],"wp:attachment":[{"href":"https:\/\/tuzlainfo.ba\/index.php\/wp-json\/wp\/v2\/media?parent=260658"}],"wp:term":[{"taxonomy":"category","embeddable":true,"href":"https:\/\/tuzlainfo.ba\/index.php\/wp-json\/wp\/v2\/categories?post=260658"},{"taxonomy":"post_tag","embeddable":true,"href":"https:\/\/tuzlainfo.ba\/index.php\/wp-json\/wp\/v2\/tags?post=260658"}],"curies":[{"name":"wp","href":"https:\/\/api.w.org\/{rel}","templated":true}]}}