{"id":260599,"date":"2025-01-17T18:07:48","date_gmt":"2025-01-17T17:07:48","guid":{"rendered":"https:\/\/tuzlainfo.ba\/?p=260599"},"modified":"2025-01-17T14:46:26","modified_gmt":"2025-01-17T13:46:26","slug":"sta-je-razlog-smanjen-broj-zaposlenih-u-tk","status":"publish","type":"post","link":"https:\/\/tuzlainfo.ba\/index.php\/istaknuto\/item\/260599-sta-je-razlog-smanjen-broj-zaposlenih-u-tk\/","title":{"rendered":"\u0160ta je razlog: Smanjen broj zaposlenih u TK"},"content":{"rendered":"<p>Broj zaposlenih u Federaciji BiH, prema prebivali\u0161tu zaposlenika, na dan 31. decembar 2024. godine bio je je 551.452.<\/p>\n<p>U odnosu na objavljeni podatak na dan 31. decembar 2023. godine, kada je bilo 544.345 zaposlenih, ovaj broj je ve\u0107i za 7.107. Dakle, za godinu dana, zbirno gledaju\u0107i, broj zaposlenih pove\u0107an je za vi\u0161e od sedam hiljada, prema podacima Poreske uprave FBiH.<\/p>\n<p>&nbsp;<\/p>\n<p>No, ako se pogledaju decembarski podaci na mjese\u010dnom nivou, statistika je manje ohrabruju\u0107a. Naime, na kraju novembra 2024. godine broj zaposlenih u Federaciji je bio 552.148.<\/p>\n<p>Dakle, broj zaposlenih u decembru 2024. je smanjen u odnosu na novembar za skoro 700, preciznije za 696, pi\u0161e BiznisInfo.ba.<\/p>\n<p>&nbsp;<\/p>\n<p>Broj zaposlenih u decembru, u odnosu na novembar, najvi\u0161e je smanjen u Tuzlanskom kontonu \u2013 za 405. Broj je smanjen i u Hercegova\u010dko-neretvanskom, Zeni\u010dko-dobojskom, Srednjobosanskom, Unsko-sanskom, Livanjskom i Posavskom kantonu.<\/p>\n<p>Najvi\u0161e je pove\u0107an u Sarajevskom katonu za 295, a blago je pove\u0107an i u Zapadnohercegova\u010dkom i Bosansko-podrinjskom.<\/p>\n<p>&nbsp;<\/p>\n<p>Treba re\u0107i da ovo nije posljedica odluke o minimalnoj plati jer je ona donesena tek posljednjih dana decembra, s primjernom od 1. januara ove godine.<\/p>\n<p>&nbsp;<\/p>\n<p>Efekti primjene ove odluke znat \u0107e se tek u narednim mjesecima i u mnogome \u0107e zavisiti od toga da li \u0107e biti usvojene izmjene zakona koje \u0107e rasteretiti privredu, odnosno smanjiti stope doprinosa na plate.<\/p>\n","protected":false},"excerpt":{"rendered":"<p>Broj zaposlenih u Federaciji BiH, prema prebivali\u0161tu zaposlenika, na dan 31. decembar 2024. godine bio&hellip;<\/p>\n","protected":false},"author":4,"featured_media":80216,"comment_status":"closed","ping_status":"closed","sticky":false,"template":"","format":"standard","meta":{"_acf_changed":false,"footnotes":""},"categories":[304,12],"tags":[10389,9766],"acf":[],"yoast_head":"<!-- This site is optimized with the Yoast SEO plugin v23.5 - https:\/\/yoast.com\/wordpress\/plugins\/seo\/ -->\n<title>\u0160ta je razlog: Smanjen broj zaposlenih u TK - TuzlaInfo.ba<\/title>\n<meta name=\"robots\" content=\"index, follow, max-snippet:-1, max-image-preview:large, max-video-preview:-1\" \/>\n<link rel=\"canonical\" href=\"https:\/\/tuzlainfo.ba\/index.php\/istaknuto\/item\/260599-sta-je-razlog-smanjen-broj-zaposlenih-u-tk\/\" \/>\n<meta property=\"og:locale\" content=\"bs_BA\" \/>\n<meta property=\"og:type\" content=\"article\" \/>\n<meta property=\"og:title\" content=\"\u0160ta je razlog: Smanjen broj zaposlenih u TK - TuzlaInfo.ba\" \/>\n<meta property=\"og:description\" content=\"Broj zaposlenih u Federaciji BiH, prema prebivali\u0161tu zaposlenika, na dan 31. decembar 2024. godine bio&hellip;\" \/>\n<meta property=\"og:url\" content=\"https:\/\/tuzlainfo.ba\/index.php\/istaknuto\/item\/260599-sta-je-razlog-smanjen-broj-zaposlenih-u-tk\/\" \/>\n<meta property=\"og:site_name\" content=\"TuzlaInfo.ba\" \/>\n<meta property=\"article:publisher\" content=\"https:\/\/www.facebook.com\/tuzlainfo.ba\/\" \/>\n<meta property=\"article:published_time\" content=\"2025-01-17T17:07:48+00:00\" \/>\n<meta property=\"article:modified_time\" content=\"2025-01-17T13:46:26+00:00\" \/>\n<meta property=\"og:image\" content=\"https:\/\/tuzlainfo.ba\/wp-content\/uploads\/2020\/06\/sadrzaj_2020_20200601_1506_biro.JPG\" \/>\n\t<meta property=\"og:image:width\" content=\"770\" \/>\n\t<meta property=\"og:image:height\" content=\"416\" \/>\n\t<meta property=\"og:image:type\" content=\"image\/jpeg\" \/>\n<meta name=\"author\" content=\"Tuzla Info\" \/>\n<meta name=\"twitter:card\" content=\"summary_large_image\" \/>\n<meta name=\"twitter:label1\" content=\"Written by\" \/>\n\t<meta name=\"twitter:data1\" content=\"Tuzla Info\" \/>\n\t<meta name=\"twitter:label2\" content=\"Est. reading time\" \/>\n\t<meta name=\"twitter:data2\" content=\"2 minute\" \/>\n<script type=\"application\/ld+json\" class=\"yoast-schema-graph\">{\"@context\":\"https:\/\/schema.org\",\"@graph\":[{\"@type\":\"Article\",\"@id\":\"https:\/\/tuzlainfo.ba\/index.php\/istaknuto\/item\/260599-sta-je-razlog-smanjen-broj-zaposlenih-u-tk\/#article\",\"isPartOf\":{\"@id\":\"https:\/\/tuzlainfo.ba\/index.php\/istaknuto\/item\/260599-sta-je-razlog-smanjen-broj-zaposlenih-u-tk\/\"},\"author\":{\"name\":\"Tuzla Info\",\"@id\":\"https:\/\/tuzlainfo.ba\/#\/schema\/person\/46cad4c57790cbc50781edd14870825a\"},\"headline\":\"\u0160ta je razlog: Smanjen broj zaposlenih u TK\",\"datePublished\":\"2025-01-17T17:07:48+00:00\",\"dateModified\":\"2025-01-17T13:46:26+00:00\",\"mainEntityOfPage\":{\"@id\":\"https:\/\/tuzlainfo.ba\/index.php\/istaknuto\/item\/260599-sta-je-razlog-smanjen-broj-zaposlenih-u-tk\/\"},\"wordCount\":226,\"publisher\":{\"@id\":\"https:\/\/tuzlainfo.ba\/#organization\"},\"image\":{\"@id\":\"https:\/\/tuzlainfo.ba\/index.php\/istaknuto\/item\/260599-sta-je-razlog-smanjen-broj-zaposlenih-u-tk\/#primaryimage\"},\"thumbnailUrl\":\"https:\/\/tuzlainfo.ba\/wp-content\/uploads\/2020\/06\/sadrzaj_2020_20200601_1506_biro.JPG\",\"keywords\":[\"nezaposlenost\",\"zaposleni\"],\"articleSection\":[\"Istaknuto\",\"Novosti\"],\"inLanguage\":\"bs-BA\"},{\"@type\":\"WebPage\",\"@id\":\"https:\/\/tuzlainfo.ba\/index.php\/istaknuto\/item\/260599-sta-je-razlog-smanjen-broj-zaposlenih-u-tk\/\",\"url\":\"https:\/\/tuzlainfo.ba\/index.php\/istaknuto\/item\/260599-sta-je-razlog-smanjen-broj-zaposlenih-u-tk\/\",\"name\":\"\u0160ta je razlog: Smanjen broj zaposlenih u TK - TuzlaInfo.ba\",\"isPartOf\":{\"@id\":\"https:\/\/tuzlainfo.ba\/#website\"},\"primaryImageOfPage\":{\"@id\":\"https:\/\/tuzlainfo.ba\/index.php\/istaknuto\/item\/260599-sta-je-razlog-smanjen-broj-zaposlenih-u-tk\/#primaryimage\"},\"image\":{\"@id\":\"https:\/\/tuzlainfo.ba\/index.php\/istaknuto\/item\/260599-sta-je-razlog-smanjen-broj-zaposlenih-u-tk\/#primaryimage\"},\"thumbnailUrl\":\"https:\/\/tuzlainfo.ba\/wp-content\/uploads\/2020\/06\/sadrzaj_2020_20200601_1506_biro.JPG\",\"datePublished\":\"2025-01-17T17:07:48+00:00\",\"dateModified\":\"2025-01-17T13:46:26+00:00\",\"breadcrumb\":{\"@id\":\"https:\/\/tuzlainfo.ba\/index.php\/istaknuto\/item\/260599-sta-je-razlog-smanjen-broj-zaposlenih-u-tk\/#breadcrumb\"},\"inLanguage\":\"bs-BA\",\"potentialAction\":[{\"@type\":\"ReadAction\",\"target\":[\"https:\/\/tuzlainfo.ba\/index.php\/istaknuto\/item\/260599-sta-je-razlog-smanjen-broj-zaposlenih-u-tk\/\"]}]},{\"@type\":\"ImageObject\",\"inLanguage\":\"bs-BA\",\"@id\":\"https:\/\/tuzlainfo.ba\/index.php\/istaknuto\/item\/260599-sta-je-razlog-smanjen-broj-zaposlenih-u-tk\/#primaryimage\",\"url\":\"https:\/\/tuzlainfo.ba\/wp-content\/uploads\/2020\/06\/sadrzaj_2020_20200601_1506_biro.JPG\",\"contentUrl\":\"https:\/\/tuzlainfo.ba\/wp-content\/uploads\/2020\/06\/sadrzaj_2020_20200601_1506_biro.JPG\",\"width\":770,\"height\":416,\"caption\":\"1506 biro\"},{\"@type\":\"BreadcrumbList\",\"@id\":\"https:\/\/tuzlainfo.ba\/index.php\/istaknuto\/item\/260599-sta-je-razlog-smanjen-broj-zaposlenih-u-tk\/#breadcrumb\",\"itemListElement\":[{\"@type\":\"ListItem\",\"position\":1,\"name\":\"Home\",\"item\":\"https:\/\/tuzlainfo.ba\/\"},{\"@type\":\"ListItem\",\"position\":2,\"name\":\"\u0160ta je razlog: Smanjen broj zaposlenih u TK\"}]},{\"@type\":\"WebSite\",\"@id\":\"https:\/\/tuzlainfo.ba\/#website\",\"url\":\"https:\/\/tuzlainfo.ba\/\",\"name\":\"TuzlaInfo.ba\",\"description\":\"Tuzla info, gradski informator - Tuzla na dlanu\",\"publisher\":{\"@id\":\"https:\/\/tuzlainfo.ba\/#organization\"},\"potentialAction\":[{\"@type\":\"SearchAction\",\"target\":{\"@type\":\"EntryPoint\",\"urlTemplate\":\"https:\/\/tuzlainfo.ba\/?s={search_term_string}\"},\"query-input\":{\"@type\":\"PropertyValueSpecification\",\"valueRequired\":true,\"valueName\":\"search_term_string\"}}],\"inLanguage\":\"bs-BA\"},{\"@type\":\"Organization\",\"@id\":\"https:\/\/tuzlainfo.ba\/#organization\",\"name\":\"TuzlaInfo.ba\",\"url\":\"https:\/\/tuzlainfo.ba\/\",\"logo\":{\"@type\":\"ImageObject\",\"inLanguage\":\"bs-BA\",\"@id\":\"https:\/\/tuzlainfo.ba\/#\/schema\/logo\/image\/\",\"url\":\"https:\/\/tuzlainfo.ba\/wp-content\/uploads\/2021\/03\/logo-ver-3-1.png\",\"contentUrl\":\"https:\/\/tuzlainfo.ba\/wp-content\/uploads\/2021\/03\/logo-ver-3-1.png\",\"width\":350,\"height\":95,\"caption\":\"TuzlaInfo.ba\"},\"image\":{\"@id\":\"https:\/\/tuzlainfo.ba\/#\/schema\/logo\/image\/\"},\"sameAs\":[\"https:\/\/www.facebook.com\/tuzlainfo.ba\/\"]},{\"@type\":\"Person\",\"@id\":\"https:\/\/tuzlainfo.ba\/#\/schema\/person\/46cad4c57790cbc50781edd14870825a\",\"name\":\"Tuzla Info\",\"image\":{\"@type\":\"ImageObject\",\"inLanguage\":\"bs-BA\",\"@id\":\"https:\/\/tuzlainfo.ba\/#\/schema\/person\/image\/\",\"url\":\"https:\/\/tuzlainfo.ba\/wp-content\/litespeed\/avatar\/b6c453a6c38e3654f2e4416c643fc25c.jpg?ver=1777051911\",\"contentUrl\":\"https:\/\/tuzlainfo.ba\/wp-content\/litespeed\/avatar\/b6c453a6c38e3654f2e4416c643fc25c.jpg?ver=1777051911\",\"caption\":\"Tuzla Info\"}}]}<\/script>\n<!-- \/ Yoast SEO plugin. -->","yoast_head_json":{"title":"\u0160ta je razlog: Smanjen broj zaposlenih u TK - TuzlaInfo.ba","robots":{"index":"index","follow":"follow","max-snippet":"max-snippet:-1","max-image-preview":"max-image-preview:large","max-video-preview":"max-video-preview:-1"},"canonical":"https:\/\/tuzlainfo.ba\/index.php\/istaknuto\/item\/260599-sta-je-razlog-smanjen-broj-zaposlenih-u-tk\/","og_locale":"bs_BA","og_type":"article","og_title":"\u0160ta je razlog: Smanjen broj zaposlenih u TK - TuzlaInfo.ba","og_description":"Broj zaposlenih u Federaciji BiH, prema prebivali\u0161tu zaposlenika, na dan 31. decembar 2024. godine bio&hellip;","og_url":"https:\/\/tuzlainfo.ba\/index.php\/istaknuto\/item\/260599-sta-je-razlog-smanjen-broj-zaposlenih-u-tk\/","og_site_name":"TuzlaInfo.ba","article_publisher":"https:\/\/www.facebook.com\/tuzlainfo.ba\/","article_published_time":"2025-01-17T17:07:48+00:00","article_modified_time":"2025-01-17T13:46:26+00:00","og_image":[{"width":770,"height":416,"url":"https:\/\/tuzlainfo.ba\/wp-content\/uploads\/2020\/06\/sadrzaj_2020_20200601_1506_biro.JPG","type":"image\/jpeg"}],"author":"Tuzla Info","twitter_card":"summary_large_image","twitter_misc":{"Written by":"Tuzla Info","Est. reading time":"2 minute"},"schema":{"@context":"https:\/\/schema.org","@graph":[{"@type":"Article","@id":"https:\/\/tuzlainfo.ba\/index.php\/istaknuto\/item\/260599-sta-je-razlog-smanjen-broj-zaposlenih-u-tk\/#article","isPartOf":{"@id":"https:\/\/tuzlainfo.ba\/index.php\/istaknuto\/item\/260599-sta-je-razlog-smanjen-broj-zaposlenih-u-tk\/"},"author":{"name":"Tuzla Info","@id":"https:\/\/tuzlainfo.ba\/#\/schema\/person\/46cad4c57790cbc50781edd14870825a"},"headline":"\u0160ta je razlog: Smanjen broj zaposlenih u TK","datePublished":"2025-01-17T17:07:48+00:00","dateModified":"2025-01-17T13:46:26+00:00","mainEntityOfPage":{"@id":"https:\/\/tuzlainfo.ba\/index.php\/istaknuto\/item\/260599-sta-je-razlog-smanjen-broj-zaposlenih-u-tk\/"},"wordCount":226,"publisher":{"@id":"https:\/\/tuzlainfo.ba\/#organization"},"image":{"@id":"https:\/\/tuzlainfo.ba\/index.php\/istaknuto\/item\/260599-sta-je-razlog-smanjen-broj-zaposlenih-u-tk\/#primaryimage"},"thumbnailUrl":"https:\/\/tuzlainfo.ba\/wp-content\/uploads\/2020\/06\/sadrzaj_2020_20200601_1506_biro.JPG","keywords":["nezaposlenost","zaposleni"],"articleSection":["Istaknuto","Novosti"],"inLanguage":"bs-BA"},{"@type":"WebPage","@id":"https:\/\/tuzlainfo.ba\/index.php\/istaknuto\/item\/260599-sta-je-razlog-smanjen-broj-zaposlenih-u-tk\/","url":"https:\/\/tuzlainfo.ba\/index.php\/istaknuto\/item\/260599-sta-je-razlog-smanjen-broj-zaposlenih-u-tk\/","name":"\u0160ta je razlog: Smanjen broj zaposlenih u TK - TuzlaInfo.ba","isPartOf":{"@id":"https:\/\/tuzlainfo.ba\/#website"},"primaryImageOfPage":{"@id":"https:\/\/tuzlainfo.ba\/index.php\/istaknuto\/item\/260599-sta-je-razlog-smanjen-broj-zaposlenih-u-tk\/#primaryimage"},"image":{"@id":"https:\/\/tuzlainfo.ba\/index.php\/istaknuto\/item\/260599-sta-je-razlog-smanjen-broj-zaposlenih-u-tk\/#primaryimage"},"thumbnailUrl":"https:\/\/tuzlainfo.ba\/wp-content\/uploads\/2020\/06\/sadrzaj_2020_20200601_1506_biro.JPG","datePublished":"2025-01-17T17:07:48+00:00","dateModified":"2025-01-17T13:46:26+00:00","breadcrumb":{"@id":"https:\/\/tuzlainfo.ba\/index.php\/istaknuto\/item\/260599-sta-je-razlog-smanjen-broj-zaposlenih-u-tk\/#breadcrumb"},"inLanguage":"bs-BA","potentialAction":[{"@type":"ReadAction","target":["https:\/\/tuzlainfo.ba\/index.php\/istaknuto\/item\/260599-sta-je-razlog-smanjen-broj-zaposlenih-u-tk\/"]}]},{"@type":"ImageObject","inLanguage":"bs-BA","@id":"https:\/\/tuzlainfo.ba\/index.php\/istaknuto\/item\/260599-sta-je-razlog-smanjen-broj-zaposlenih-u-tk\/#primaryimage","url":"https:\/\/tuzlainfo.ba\/wp-content\/uploads\/2020\/06\/sadrzaj_2020_20200601_1506_biro.JPG","contentUrl":"https:\/\/tuzlainfo.ba\/wp-content\/uploads\/2020\/06\/sadrzaj_2020_20200601_1506_biro.JPG","width":770,"height":416,"caption":"1506 biro"},{"@type":"BreadcrumbList","@id":"https:\/\/tuzlainfo.ba\/index.php\/istaknuto\/item\/260599-sta-je-razlog-smanjen-broj-zaposlenih-u-tk\/#breadcrumb","itemListElement":[{"@type":"ListItem","position":1,"name":"Home","item":"https:\/\/tuzlainfo.ba\/"},{"@type":"ListItem","position":2,"name":"\u0160ta je razlog: Smanjen broj zaposlenih u TK"}]},{"@type":"WebSite","@id":"https:\/\/tuzlainfo.ba\/#website","url":"https:\/\/tuzlainfo.ba\/","name":"TuzlaInfo.ba","description":"Tuzla info, gradski informator - Tuzla na dlanu","publisher":{"@id":"https:\/\/tuzlainfo.ba\/#organization"},"potentialAction":[{"@type":"SearchAction","target":{"@type":"EntryPoint","urlTemplate":"https:\/\/tuzlainfo.ba\/?s={search_term_string}"},"query-input":{"@type":"PropertyValueSpecification","valueRequired":true,"valueName":"search_term_string"}}],"inLanguage":"bs-BA"},{"@type":"Organization","@id":"https:\/\/tuzlainfo.ba\/#organization","name":"TuzlaInfo.ba","url":"https:\/\/tuzlainfo.ba\/","logo":{"@type":"ImageObject","inLanguage":"bs-BA","@id":"https:\/\/tuzlainfo.ba\/#\/schema\/logo\/image\/","url":"https:\/\/tuzlainfo.ba\/wp-content\/uploads\/2021\/03\/logo-ver-3-1.png","contentUrl":"https:\/\/tuzlainfo.ba\/wp-content\/uploads\/2021\/03\/logo-ver-3-1.png","width":350,"height":95,"caption":"TuzlaInfo.ba"},"image":{"@id":"https:\/\/tuzlainfo.ba\/#\/schema\/logo\/image\/"},"sameAs":["https:\/\/www.facebook.com\/tuzlainfo.ba\/"]},{"@type":"Person","@id":"https:\/\/tuzlainfo.ba\/#\/schema\/person\/46cad4c57790cbc50781edd14870825a","name":"Tuzla Info","image":{"@type":"ImageObject","inLanguage":"bs-BA","@id":"https:\/\/tuzlainfo.ba\/#\/schema\/person\/image\/","url":"https:\/\/tuzlainfo.ba\/wp-content\/litespeed\/avatar\/b6c453a6c38e3654f2e4416c643fc25c.jpg?ver=1777051911","contentUrl":"https:\/\/tuzlainfo.ba\/wp-content\/litespeed\/avatar\/b6c453a6c38e3654f2e4416c643fc25c.jpg?ver=1777051911","caption":"Tuzla Info"}}]}},"_links":{"self":[{"href":"https:\/\/tuzlainfo.ba\/index.php\/wp-json\/wp\/v2\/posts\/260599"}],"collection":[{"href":"https:\/\/tuzlainfo.ba\/index.php\/wp-json\/wp\/v2\/posts"}],"about":[{"href":"https:\/\/tuzlainfo.ba\/index.php\/wp-json\/wp\/v2\/types\/post"}],"author":[{"embeddable":true,"href":"https:\/\/tuzlainfo.ba\/index.php\/wp-json\/wp\/v2\/users\/4"}],"replies":[{"embeddable":true,"href":"https:\/\/tuzlainfo.ba\/index.php\/wp-json\/wp\/v2\/comments?post=260599"}],"version-history":[{"count":1,"href":"https:\/\/tuzlainfo.ba\/index.php\/wp-json\/wp\/v2\/posts\/260599\/revisions"}],"predecessor-version":[{"id":260600,"href":"https:\/\/tuzlainfo.ba\/index.php\/wp-json\/wp\/v2\/posts\/260599\/revisions\/260600"}],"wp:featuredmedia":[{"embeddable":true,"href":"https:\/\/tuzlainfo.ba\/index.php\/wp-json\/wp\/v2\/media\/80216"}],"wp:attachment":[{"href":"https:\/\/tuzlainfo.ba\/index.php\/wp-json\/wp\/v2\/media?parent=260599"}],"wp:term":[{"taxonomy":"category","embeddable":true,"href":"https:\/\/tuzlainfo.ba\/index.php\/wp-json\/wp\/v2\/categories?post=260599"},{"taxonomy":"post_tag","embeddable":true,"href":"https:\/\/tuzlainfo.ba\/index.php\/wp-json\/wp\/v2\/tags?post=260599"}],"curies":[{"name":"wp","href":"https:\/\/api.w.org\/{rel}","templated":true}]}}