{"id":259852,"date":"2025-01-07T20:55:52","date_gmt":"2025-01-07T19:55:52","guid":{"rendered":"https:\/\/tuzlainfo.ba\/?p=259852"},"modified":"2025-01-07T20:58:05","modified_gmt":"2025-01-07T19:58:05","slug":"bolest-slicna-gripi-hara-u-bih-pocinje-naglo-a-ovo-su-najcesci-simptomi","status":"publish","type":"post","link":"https:\/\/tuzlainfo.ba\/index.php\/bosna-i-hercegovina\/item\/259852-bolest-slicna-gripi-hara-u-bih-pocinje-naglo-a-ovo-su-najcesci-simptomi\/","title":{"rendered":"Bolest sli\u010dna gripi hara u BiH: Po\u010dinje naglo, a ovo su naj\u010de\u0161\u0107i simptomi"},"content":{"rendered":"<p>U Federaciji BiH potvr\u0111ena je gripa tipa A, podtip H1N1 pdm09, a aktivnost bolesti sli\u010dne gripi (ILI) je srednjeg intenziteta, potvrdili su iz Zavoda za javno zdravstvo FBiH. Prema podacima epidemiolo\u0161kog biltena, tokom novembra 2024. (posljednji objavljeni podaci) ILI \u2013 bolest sli\u010dna gripi bila je vode\u0107a zarazna bolest u FBiH (73,4%), pi\u0161e <a href=\"https:\/\/www.vecernji.ba\/\"><strong>Ve\u010dernji list BiH<\/strong><\/a>.<\/p>\n<p>Ina\u010de, nadzor nad gripom u FBiH je po\u010deo u oktobru i trajat \u0107e do maja 2025., a vrhunac aktivnosti gripe o\u010dekuje se tokom ovog i idu\u0107eg mjeseca.<\/p>\n<h3><b class=\"html-b xdj266r x11i5rnm xat24cr x1mh8g0r xexx8yu x4uap5 x18d9i69 xkhd6sd x1hl2dhg x16tdsg8 x1vvkbs\">Vakcinacija i prevencija<\/b><\/h3>\n<p>Tokom pro\u0161le sezone gripe 2023.\/24. prijavljeno je ukupno 28.677 oboljelih koji su imali simptome sli\u010dne gripi. <a href=\"https:\/\/tuzlainfo.ba\/index.php\/tag\/vakcinacija\/\"><span style=\"text-decoration: underline;\"><strong>Vakcinacija<\/strong><\/span><\/a> protiv gripe smanjuje rizik od ozbiljne bolesti, sigurna je i besplatna za rizi\u010dne skupine. A to su osobe starije od 65 godina, \u0161ti\u0107enici i zaposlenici domova za starije, kroni\u010dni bolesnici bez obzira na \u017eivotnu dob te trudnice.<\/p>\n<p>Kako su naveli iz Zavoda za javno zdravstvo FBiH, trenutno je zanimanje za vakcinaciju veliko, i to ne samo me\u0111u rizi\u010dnim skupinama. Zavod je osigurao 7000 doza \u010detverovalentne inaktivirane vakcine protiv sezonske gripe i distribuirao je po kantonima. Kantonalni zavodi tako\u0111er osiguravaju odre\u0111enu koli\u010dinu vakcine za stanovni\u0161tvo. Do sredine decembra je, prema podacima federalnog Zavoda, vakcinisano oko 25.500 osoba u FBiH.<\/p>\n<p>Kako je objasnio prof. dr. sc. Jurica Arapovi\u0107, pomo\u0107nik ministrice za zdravstvo u Ministarstvu civilnih poslova BiH, osim \u0161to \u0161titi onoga ko je primi od potencijalno te\u0161ke bolesti, vakcinacija poma\u017ee i u za\u0161titi onih koji su najranjiviji. Gripa se \u0161iri kaplji\u010dnim putem, a vakcinacija drasti\u010dno smanjuje rizik od prijenosa virusa. U slu\u010daju da do\u0111e do zaraze, vakcina mo\u017ee ubla\u017eiti simptome i smanjiti rizik od ozbiljnih komplikacija poput pneumonije ili hospitalizacije.<\/p>\n<h3><strong>Respiratorni simptomi<\/strong><\/h3>\n<p>Ina\u010de, bolest po\u010dinje naglo, a naj\u010de\u0161\u0107i simptomi su: visoka temperatura (nerijetko vi\u0161a od 40 stepeni), bolovi u mi\u0161i\u0107ima (mialgije) i bolovi u zglobovima (artralgije), gubitak apetita te op\u0107a slabost. Za gripu je karakteristi\u010dna pojava respiratornih simptoma u drugom dijelu bolesti. Tako se uz prve simptome mogu razviti neugodniji i respiratorni simptomi poput: fotofobije, glavobolje i retrobulbarnog bola (bola iza o\u010dne jabu\u010dice), suhog ka\u0161lja i osje\u0107aja \u017earenja u \u017edrijelu te \u017eare\u0107i bol iza prsne kosti.<\/p>\n<p>Kod djece gripa zapo\u010dinje pojavom vru\u0107ice i mialgije (bolova u mi\u0161i\u0107ima). Drugi simptomi gripe kod djece mogu biti: suhi ka\u0161alj, rinitis, za\u010depljen nos, grlobolja te povra\u0107anje i proljev.<\/p>\n<p>Osim vakcinacije, mogu\u0107e je poduzeti jo\u0161 neke jednostavne mjere kako bi se sprije\u010dila zaraza gripom: redovno pranje ruku mlakom vodom i sapunom ili kori\u0161tenje dezinfekcijskog sredstva za ruke; izbjegavati dodirivanje usta, o\u010di i lice; redovno \u010distiti povr\u0161ine s kojima \u010desto dolazite u kontakt; prekriti usta i nos laktom ili maramicom prilikom kihanja, izbjegavati zatvorene prostore s puno ljudi; izbjegavati kontakte s osobama koje su bolesne; redovno provjetravati prostorije u kojima se boravi.<\/p>\n","protected":false},"excerpt":{"rendered":"<p>U Federaciji BiH potvr\u0111ena je gripa tipa A, podtip H1N1 pdm09, a aktivnost bolesti sli\u010dne&hellip;<\/p>\n","protected":false},"author":2,"featured_media":67736,"comment_status":"closed","ping_status":"closed","sticky":false,"template":"","format":"standard","meta":{"_acf_changed":false,"footnotes":""},"categories":[291,304],"tags":[8717],"acf":[],"yoast_head":"<!-- This site is optimized with the Yoast SEO plugin v23.5 - https:\/\/yoast.com\/wordpress\/plugins\/seo\/ -->\n<title>Bolest sli\u010dna gripi hara u BiH: Po\u010dinje naglo, a ovo su naj\u010de\u0161\u0107i simptomi - TuzlaInfo.ba<\/title>\n<meta name=\"robots\" content=\"index, follow, max-snippet:-1, max-image-preview:large, max-video-preview:-1\" \/>\n<link rel=\"canonical\" href=\"https:\/\/tuzlainfo.ba\/index.php\/bosna-i-hercegovina\/item\/259852-bolest-slicna-gripi-hara-u-bih-pocinje-naglo-a-ovo-su-najcesci-simptomi\/\" \/>\n<meta property=\"og:locale\" content=\"bs_BA\" \/>\n<meta property=\"og:type\" content=\"article\" \/>\n<meta property=\"og:title\" content=\"Bolest sli\u010dna gripi hara u BiH: Po\u010dinje naglo, a ovo su naj\u010de\u0161\u0107i simptomi - TuzlaInfo.ba\" \/>\n<meta property=\"og:description\" content=\"U Federaciji BiH potvr\u0111ena je gripa tipa A, podtip H1N1 pdm09, a aktivnost bolesti sli\u010dne&hellip;\" \/>\n<meta property=\"og:url\" content=\"https:\/\/tuzlainfo.ba\/index.php\/bosna-i-hercegovina\/item\/259852-bolest-slicna-gripi-hara-u-bih-pocinje-naglo-a-ovo-su-najcesci-simptomi\/\" \/>\n<meta property=\"og:site_name\" content=\"TuzlaInfo.ba\" \/>\n<meta property=\"article:publisher\" content=\"https:\/\/www.facebook.com\/tuzlainfo.ba\/\" \/>\n<meta property=\"article:published_time\" content=\"2025-01-07T19:55:52+00:00\" \/>\n<meta property=\"article:modified_time\" content=\"2025-01-07T19:58:05+00:00\" \/>\n<meta property=\"og:image\" content=\"https:\/\/tuzlainfo.ba\/wp-content\/uploads\/2019\/02\/sadrzaj_2019_20190201_1302_gripa.jpg\" \/>\n\t<meta property=\"og:image:width\" content=\"770\" \/>\n\t<meta property=\"og:image:height\" content=\"433\" \/>\n\t<meta property=\"og:image:type\" content=\"image\/jpeg\" \/>\n<meta name=\"author\" content=\"nedim\" \/>\n<meta name=\"twitter:card\" content=\"summary_large_image\" \/>\n<meta name=\"twitter:label1\" content=\"Written by\" \/>\n\t<meta name=\"twitter:data1\" content=\"nedim\" \/>\n\t<meta name=\"twitter:label2\" content=\"Est. reading time\" \/>\n\t<meta name=\"twitter:data2\" content=\"3 minute\" \/>\n<script type=\"application\/ld+json\" class=\"yoast-schema-graph\">{\"@context\":\"https:\/\/schema.org\",\"@graph\":[{\"@type\":\"Article\",\"@id\":\"https:\/\/tuzlainfo.ba\/index.php\/bosna-i-hercegovina\/item\/259852-bolest-slicna-gripi-hara-u-bih-pocinje-naglo-a-ovo-su-najcesci-simptomi\/#article\",\"isPartOf\":{\"@id\":\"https:\/\/tuzlainfo.ba\/index.php\/bosna-i-hercegovina\/item\/259852-bolest-slicna-gripi-hara-u-bih-pocinje-naglo-a-ovo-su-najcesci-simptomi\/\"},\"author\":{\"name\":\"nedim\",\"@id\":\"https:\/\/tuzlainfo.ba\/#\/schema\/person\/f434e20dc27ea133923aab08451b7f7f\"},\"headline\":\"Bolest sli\u010dna gripi hara u BiH: Po\u010dinje naglo, a ovo su naj\u010de\u0161\u0107i simptomi\",\"datePublished\":\"2025-01-07T19:55:52+00:00\",\"dateModified\":\"2025-01-07T19:58:05+00:00\",\"mainEntityOfPage\":{\"@id\":\"https:\/\/tuzlainfo.ba\/index.php\/bosna-i-hercegovina\/item\/259852-bolest-slicna-gripi-hara-u-bih-pocinje-naglo-a-ovo-su-najcesci-simptomi\/\"},\"wordCount\":512,\"publisher\":{\"@id\":\"https:\/\/tuzlainfo.ba\/#organization\"},\"image\":{\"@id\":\"https:\/\/tuzlainfo.ba\/index.php\/bosna-i-hercegovina\/item\/259852-bolest-slicna-gripi-hara-u-bih-pocinje-naglo-a-ovo-su-najcesci-simptomi\/#primaryimage\"},\"thumbnailUrl\":\"https:\/\/tuzlainfo.ba\/wp-content\/uploads\/2019\/02\/sadrzaj_2019_20190201_1302_gripa.jpg\",\"keywords\":[\"gripa\"],\"articleSection\":[\"Bosna i Hercegovina\",\"Istaknuto\"],\"inLanguage\":\"bs-BA\"},{\"@type\":\"WebPage\",\"@id\":\"https:\/\/tuzlainfo.ba\/index.php\/bosna-i-hercegovina\/item\/259852-bolest-slicna-gripi-hara-u-bih-pocinje-naglo-a-ovo-su-najcesci-simptomi\/\",\"url\":\"https:\/\/tuzlainfo.ba\/index.php\/bosna-i-hercegovina\/item\/259852-bolest-slicna-gripi-hara-u-bih-pocinje-naglo-a-ovo-su-najcesci-simptomi\/\",\"name\":\"Bolest sli\u010dna gripi hara u BiH: Po\u010dinje naglo, a ovo su naj\u010de\u0161\u0107i simptomi - TuzlaInfo.ba\",\"isPartOf\":{\"@id\":\"https:\/\/tuzlainfo.ba\/#website\"},\"primaryImageOfPage\":{\"@id\":\"https:\/\/tuzlainfo.ba\/index.php\/bosna-i-hercegovina\/item\/259852-bolest-slicna-gripi-hara-u-bih-pocinje-naglo-a-ovo-su-najcesci-simptomi\/#primaryimage\"},\"image\":{\"@id\":\"https:\/\/tuzlainfo.ba\/index.php\/bosna-i-hercegovina\/item\/259852-bolest-slicna-gripi-hara-u-bih-pocinje-naglo-a-ovo-su-najcesci-simptomi\/#primaryimage\"},\"thumbnailUrl\":\"https:\/\/tuzlainfo.ba\/wp-content\/uploads\/2019\/02\/sadrzaj_2019_20190201_1302_gripa.jpg\",\"datePublished\":\"2025-01-07T19:55:52+00:00\",\"dateModified\":\"2025-01-07T19:58:05+00:00\",\"breadcrumb\":{\"@id\":\"https:\/\/tuzlainfo.ba\/index.php\/bosna-i-hercegovina\/item\/259852-bolest-slicna-gripi-hara-u-bih-pocinje-naglo-a-ovo-su-najcesci-simptomi\/#breadcrumb\"},\"inLanguage\":\"bs-BA\",\"potentialAction\":[{\"@type\":\"ReadAction\",\"target\":[\"https:\/\/tuzlainfo.ba\/index.php\/bosna-i-hercegovina\/item\/259852-bolest-slicna-gripi-hara-u-bih-pocinje-naglo-a-ovo-su-najcesci-simptomi\/\"]}]},{\"@type\":\"ImageObject\",\"inLanguage\":\"bs-BA\",\"@id\":\"https:\/\/tuzlainfo.ba\/index.php\/bosna-i-hercegovina\/item\/259852-bolest-slicna-gripi-hara-u-bih-pocinje-naglo-a-ovo-su-najcesci-simptomi\/#primaryimage\",\"url\":\"https:\/\/tuzlainfo.ba\/wp-content\/uploads\/2019\/02\/sadrzaj_2019_20190201_1302_gripa.jpg\",\"contentUrl\":\"https:\/\/tuzlainfo.ba\/wp-content\/uploads\/2019\/02\/sadrzaj_2019_20190201_1302_gripa.jpg\",\"width\":770,\"height\":433,\"caption\":\"1302 gripa\"},{\"@type\":\"BreadcrumbList\",\"@id\":\"https:\/\/tuzlainfo.ba\/index.php\/bosna-i-hercegovina\/item\/259852-bolest-slicna-gripi-hara-u-bih-pocinje-naglo-a-ovo-su-najcesci-simptomi\/#breadcrumb\",\"itemListElement\":[{\"@type\":\"ListItem\",\"position\":1,\"name\":\"Home\",\"item\":\"https:\/\/tuzlainfo.ba\/\"},{\"@type\":\"ListItem\",\"position\":2,\"name\":\"Bolest sli\u010dna gripi hara u BiH: Po\u010dinje naglo, a ovo su naj\u010de\u0161\u0107i simptomi\"}]},{\"@type\":\"WebSite\",\"@id\":\"https:\/\/tuzlainfo.ba\/#website\",\"url\":\"https:\/\/tuzlainfo.ba\/\",\"name\":\"TuzlaInfo.ba\",\"description\":\"Tuzla info, gradski informator - Tuzla na dlanu\",\"publisher\":{\"@id\":\"https:\/\/tuzlainfo.ba\/#organization\"},\"potentialAction\":[{\"@type\":\"SearchAction\",\"target\":{\"@type\":\"EntryPoint\",\"urlTemplate\":\"https:\/\/tuzlainfo.ba\/?s={search_term_string}\"},\"query-input\":{\"@type\":\"PropertyValueSpecification\",\"valueRequired\":true,\"valueName\":\"search_term_string\"}}],\"inLanguage\":\"bs-BA\"},{\"@type\":\"Organization\",\"@id\":\"https:\/\/tuzlainfo.ba\/#organization\",\"name\":\"TuzlaInfo.ba\",\"url\":\"https:\/\/tuzlainfo.ba\/\",\"logo\":{\"@type\":\"ImageObject\",\"inLanguage\":\"bs-BA\",\"@id\":\"https:\/\/tuzlainfo.ba\/#\/schema\/logo\/image\/\",\"url\":\"https:\/\/tuzlainfo.ba\/wp-content\/uploads\/2021\/03\/logo-ver-3-1.png\",\"contentUrl\":\"https:\/\/tuzlainfo.ba\/wp-content\/uploads\/2021\/03\/logo-ver-3-1.png\",\"width\":350,\"height\":95,\"caption\":\"TuzlaInfo.ba\"},\"image\":{\"@id\":\"https:\/\/tuzlainfo.ba\/#\/schema\/logo\/image\/\"},\"sameAs\":[\"https:\/\/www.facebook.com\/tuzlainfo.ba\/\"]},{\"@type\":\"Person\",\"@id\":\"https:\/\/tuzlainfo.ba\/#\/schema\/person\/f434e20dc27ea133923aab08451b7f7f\",\"name\":\"nedim\",\"image\":{\"@type\":\"ImageObject\",\"inLanguage\":\"bs-BA\",\"@id\":\"https:\/\/tuzlainfo.ba\/#\/schema\/person\/image\/\",\"url\":\"https:\/\/tuzlainfo.ba\/wp-content\/litespeed\/avatar\/aabad687af24844af817603ac1cbdc4f.jpg?ver=1776702173\",\"contentUrl\":\"https:\/\/tuzlainfo.ba\/wp-content\/litespeed\/avatar\/aabad687af24844af817603ac1cbdc4f.jpg?ver=1776702173\",\"caption\":\"nedim\"},\"description\":\"Tuzlainfo.ba pratite na dru\u0161tvenim mre\u017eama: Facebook, Instagram i Youtube. Svoje pri\u010de, upite i fotografije \u0161aljite na na\u0161u e-mail adresu.\"}]}<\/script>\n<!-- \/ Yoast SEO plugin. -->","yoast_head_json":{"title":"Bolest sli\u010dna gripi hara u BiH: Po\u010dinje naglo, a ovo su naj\u010de\u0161\u0107i simptomi - TuzlaInfo.ba","robots":{"index":"index","follow":"follow","max-snippet":"max-snippet:-1","max-image-preview":"max-image-preview:large","max-video-preview":"max-video-preview:-1"},"canonical":"https:\/\/tuzlainfo.ba\/index.php\/bosna-i-hercegovina\/item\/259852-bolest-slicna-gripi-hara-u-bih-pocinje-naglo-a-ovo-su-najcesci-simptomi\/","og_locale":"bs_BA","og_type":"article","og_title":"Bolest sli\u010dna gripi hara u BiH: Po\u010dinje naglo, a ovo su naj\u010de\u0161\u0107i simptomi - TuzlaInfo.ba","og_description":"U Federaciji BiH potvr\u0111ena je gripa tipa A, podtip H1N1 pdm09, a aktivnost bolesti sli\u010dne&hellip;","og_url":"https:\/\/tuzlainfo.ba\/index.php\/bosna-i-hercegovina\/item\/259852-bolest-slicna-gripi-hara-u-bih-pocinje-naglo-a-ovo-su-najcesci-simptomi\/","og_site_name":"TuzlaInfo.ba","article_publisher":"https:\/\/www.facebook.com\/tuzlainfo.ba\/","article_published_time":"2025-01-07T19:55:52+00:00","article_modified_time":"2025-01-07T19:58:05+00:00","og_image":[{"width":770,"height":433,"url":"https:\/\/tuzlainfo.ba\/wp-content\/uploads\/2019\/02\/sadrzaj_2019_20190201_1302_gripa.jpg","type":"image\/jpeg"}],"author":"nedim","twitter_card":"summary_large_image","twitter_misc":{"Written by":"nedim","Est. reading time":"3 minute"},"schema":{"@context":"https:\/\/schema.org","@graph":[{"@type":"Article","@id":"https:\/\/tuzlainfo.ba\/index.php\/bosna-i-hercegovina\/item\/259852-bolest-slicna-gripi-hara-u-bih-pocinje-naglo-a-ovo-su-najcesci-simptomi\/#article","isPartOf":{"@id":"https:\/\/tuzlainfo.ba\/index.php\/bosna-i-hercegovina\/item\/259852-bolest-slicna-gripi-hara-u-bih-pocinje-naglo-a-ovo-su-najcesci-simptomi\/"},"author":{"name":"nedim","@id":"https:\/\/tuzlainfo.ba\/#\/schema\/person\/f434e20dc27ea133923aab08451b7f7f"},"headline":"Bolest sli\u010dna gripi hara u BiH: Po\u010dinje naglo, a ovo su naj\u010de\u0161\u0107i simptomi","datePublished":"2025-01-07T19:55:52+00:00","dateModified":"2025-01-07T19:58:05+00:00","mainEntityOfPage":{"@id":"https:\/\/tuzlainfo.ba\/index.php\/bosna-i-hercegovina\/item\/259852-bolest-slicna-gripi-hara-u-bih-pocinje-naglo-a-ovo-su-najcesci-simptomi\/"},"wordCount":512,"publisher":{"@id":"https:\/\/tuzlainfo.ba\/#organization"},"image":{"@id":"https:\/\/tuzlainfo.ba\/index.php\/bosna-i-hercegovina\/item\/259852-bolest-slicna-gripi-hara-u-bih-pocinje-naglo-a-ovo-su-najcesci-simptomi\/#primaryimage"},"thumbnailUrl":"https:\/\/tuzlainfo.ba\/wp-content\/uploads\/2019\/02\/sadrzaj_2019_20190201_1302_gripa.jpg","keywords":["gripa"],"articleSection":["Bosna i Hercegovina","Istaknuto"],"inLanguage":"bs-BA"},{"@type":"WebPage","@id":"https:\/\/tuzlainfo.ba\/index.php\/bosna-i-hercegovina\/item\/259852-bolest-slicna-gripi-hara-u-bih-pocinje-naglo-a-ovo-su-najcesci-simptomi\/","url":"https:\/\/tuzlainfo.ba\/index.php\/bosna-i-hercegovina\/item\/259852-bolest-slicna-gripi-hara-u-bih-pocinje-naglo-a-ovo-su-najcesci-simptomi\/","name":"Bolest sli\u010dna gripi hara u BiH: Po\u010dinje naglo, a ovo su naj\u010de\u0161\u0107i simptomi - TuzlaInfo.ba","isPartOf":{"@id":"https:\/\/tuzlainfo.ba\/#website"},"primaryImageOfPage":{"@id":"https:\/\/tuzlainfo.ba\/index.php\/bosna-i-hercegovina\/item\/259852-bolest-slicna-gripi-hara-u-bih-pocinje-naglo-a-ovo-su-najcesci-simptomi\/#primaryimage"},"image":{"@id":"https:\/\/tuzlainfo.ba\/index.php\/bosna-i-hercegovina\/item\/259852-bolest-slicna-gripi-hara-u-bih-pocinje-naglo-a-ovo-su-najcesci-simptomi\/#primaryimage"},"thumbnailUrl":"https:\/\/tuzlainfo.ba\/wp-content\/uploads\/2019\/02\/sadrzaj_2019_20190201_1302_gripa.jpg","datePublished":"2025-01-07T19:55:52+00:00","dateModified":"2025-01-07T19:58:05+00:00","breadcrumb":{"@id":"https:\/\/tuzlainfo.ba\/index.php\/bosna-i-hercegovina\/item\/259852-bolest-slicna-gripi-hara-u-bih-pocinje-naglo-a-ovo-su-najcesci-simptomi\/#breadcrumb"},"inLanguage":"bs-BA","potentialAction":[{"@type":"ReadAction","target":["https:\/\/tuzlainfo.ba\/index.php\/bosna-i-hercegovina\/item\/259852-bolest-slicna-gripi-hara-u-bih-pocinje-naglo-a-ovo-su-najcesci-simptomi\/"]}]},{"@type":"ImageObject","inLanguage":"bs-BA","@id":"https:\/\/tuzlainfo.ba\/index.php\/bosna-i-hercegovina\/item\/259852-bolest-slicna-gripi-hara-u-bih-pocinje-naglo-a-ovo-su-najcesci-simptomi\/#primaryimage","url":"https:\/\/tuzlainfo.ba\/wp-content\/uploads\/2019\/02\/sadrzaj_2019_20190201_1302_gripa.jpg","contentUrl":"https:\/\/tuzlainfo.ba\/wp-content\/uploads\/2019\/02\/sadrzaj_2019_20190201_1302_gripa.jpg","width":770,"height":433,"caption":"1302 gripa"},{"@type":"BreadcrumbList","@id":"https:\/\/tuzlainfo.ba\/index.php\/bosna-i-hercegovina\/item\/259852-bolest-slicna-gripi-hara-u-bih-pocinje-naglo-a-ovo-su-najcesci-simptomi\/#breadcrumb","itemListElement":[{"@type":"ListItem","position":1,"name":"Home","item":"https:\/\/tuzlainfo.ba\/"},{"@type":"ListItem","position":2,"name":"Bolest sli\u010dna gripi hara u BiH: Po\u010dinje naglo, a ovo su naj\u010de\u0161\u0107i simptomi"}]},{"@type":"WebSite","@id":"https:\/\/tuzlainfo.ba\/#website","url":"https:\/\/tuzlainfo.ba\/","name":"TuzlaInfo.ba","description":"Tuzla info, gradski informator - Tuzla na dlanu","publisher":{"@id":"https:\/\/tuzlainfo.ba\/#organization"},"potentialAction":[{"@type":"SearchAction","target":{"@type":"EntryPoint","urlTemplate":"https:\/\/tuzlainfo.ba\/?s={search_term_string}"},"query-input":{"@type":"PropertyValueSpecification","valueRequired":true,"valueName":"search_term_string"}}],"inLanguage":"bs-BA"},{"@type":"Organization","@id":"https:\/\/tuzlainfo.ba\/#organization","name":"TuzlaInfo.ba","url":"https:\/\/tuzlainfo.ba\/","logo":{"@type":"ImageObject","inLanguage":"bs-BA","@id":"https:\/\/tuzlainfo.ba\/#\/schema\/logo\/image\/","url":"https:\/\/tuzlainfo.ba\/wp-content\/uploads\/2021\/03\/logo-ver-3-1.png","contentUrl":"https:\/\/tuzlainfo.ba\/wp-content\/uploads\/2021\/03\/logo-ver-3-1.png","width":350,"height":95,"caption":"TuzlaInfo.ba"},"image":{"@id":"https:\/\/tuzlainfo.ba\/#\/schema\/logo\/image\/"},"sameAs":["https:\/\/www.facebook.com\/tuzlainfo.ba\/"]},{"@type":"Person","@id":"https:\/\/tuzlainfo.ba\/#\/schema\/person\/f434e20dc27ea133923aab08451b7f7f","name":"nedim","image":{"@type":"ImageObject","inLanguage":"bs-BA","@id":"https:\/\/tuzlainfo.ba\/#\/schema\/person\/image\/","url":"https:\/\/tuzlainfo.ba\/wp-content\/litespeed\/avatar\/aabad687af24844af817603ac1cbdc4f.jpg?ver=1776702173","contentUrl":"https:\/\/tuzlainfo.ba\/wp-content\/litespeed\/avatar\/aabad687af24844af817603ac1cbdc4f.jpg?ver=1776702173","caption":"nedim"},"description":"Tuzlainfo.ba pratite na dru\u0161tvenim mre\u017eama: Facebook, Instagram i Youtube. Svoje pri\u010de, upite i fotografije \u0161aljite na na\u0161u e-mail adresu."}]}},"_links":{"self":[{"href":"https:\/\/tuzlainfo.ba\/index.php\/wp-json\/wp\/v2\/posts\/259852"}],"collection":[{"href":"https:\/\/tuzlainfo.ba\/index.php\/wp-json\/wp\/v2\/posts"}],"about":[{"href":"https:\/\/tuzlainfo.ba\/index.php\/wp-json\/wp\/v2\/types\/post"}],"author":[{"embeddable":true,"href":"https:\/\/tuzlainfo.ba\/index.php\/wp-json\/wp\/v2\/users\/2"}],"replies":[{"embeddable":true,"href":"https:\/\/tuzlainfo.ba\/index.php\/wp-json\/wp\/v2\/comments?post=259852"}],"version-history":[{"count":2,"href":"https:\/\/tuzlainfo.ba\/index.php\/wp-json\/wp\/v2\/posts\/259852\/revisions"}],"predecessor-version":[{"id":259854,"href":"https:\/\/tuzlainfo.ba\/index.php\/wp-json\/wp\/v2\/posts\/259852\/revisions\/259854"}],"wp:featuredmedia":[{"embeddable":true,"href":"https:\/\/tuzlainfo.ba\/index.php\/wp-json\/wp\/v2\/media\/67736"}],"wp:attachment":[{"href":"https:\/\/tuzlainfo.ba\/index.php\/wp-json\/wp\/v2\/media?parent=259852"}],"wp:term":[{"taxonomy":"category","embeddable":true,"href":"https:\/\/tuzlainfo.ba\/index.php\/wp-json\/wp\/v2\/categories?post=259852"},{"taxonomy":"post_tag","embeddable":true,"href":"https:\/\/tuzlainfo.ba\/index.php\/wp-json\/wp\/v2\/tags?post=259852"}],"curies":[{"name":"wp","href":"https:\/\/api.w.org\/{rel}","templated":true}]}}