{"id":259571,"date":"2025-01-04T18:00:57","date_gmt":"2025-01-04T17:00:57","guid":{"rendered":"https:\/\/tuzlainfo.ba\/?p=259571"},"modified":"2025-01-04T18:50:33","modified_gmt":"2025-01-04T17:50:33","slug":"sindikati-u-rs-u-traze-minimalac-od-1-050-km-poslodavci-protiv","status":"publish","type":"post","link":"https:\/\/tuzlainfo.ba\/index.php\/bosna-i-hercegovina\/item\/259571-sindikati-u-rs-u-traze-minimalac-od-1-050-km-poslodavci-protiv\/","title":{"rendered":"Sindikati u RS-u tra\u017ee minimalac od 1.050 KM, poslodavci protiv"},"content":{"rendered":"<div class=\"flex items-start \">\n<div id=\"excerpt\" class=\"md:mt-0 xl:mt-0 mb-5 font-sans font-semibold text-lg lg:text-xl leading-6 md:leading-7\"><span class=\"lead pt-0\">Predstavnici i sindikata i poslodavaca u bh. entitetu Republika Srpska (RS) nisu uspjeli usaglasiti visinu iznosa najni\u017ee plate u RS-u za 2025. godinu.<\/span><\/div>\n<\/div>\n<div id=\"text\" class=\"break-words mt-3 text-lg lg:text-xl space-y-4 mb-3 leading-6 md:leading-8 dark:text-gray-200\">\n<p>Sindikat tra\u017ei pove\u0107anje minimalca na 1.050 KM, dok poslodavci insistiraju da ostane na sada\u0161njih 900 KM, ili da se \u010dak smanji.<\/p>\n<p>&#8220;Imamo pad produktivnosti i rast plata kontinuirano u zadnja \u010detiri kvartala. To je neodr\u017eivo u budu\u0107nosti. U svakom slu\u010daju smatramo da je potrebno donijeti najni\u017eu platu na bazi makroekonomskih indikatora koji nisu pozitivni u zadnjih nekoliko kvartala&#8221;, naveo je Sa\u0161a A\u0107i\u0107, direktor Unije udru\u017eenja poslodavaca RS-a.<\/p>\n<p>Predsjednica Saveza sindikata RS-a Ranka Mi\u0161i\u0107 je kazala da o\u010dekuju da iznos najni\u017ee plate pokrije bar rast tro\u0161kova \u017eivota u ovoj godini, prenosi Klix.ba.<\/p>\n<p>&#8220;Tih 1.050 maraka bilo bi sasvim u redu iako je to naravno daleko od onog \u0161to bi zadovoljilo potrebe ljudi koji rade za najni\u017eu platu&#8221;, kazala je Mi\u0161i\u0107.<\/p>\n<p>Kona\u010dnu rije\u010d o iznosu najni\u017ee plate za ovu godinu dat \u0107e Vlada RS-a u prvoj polovini januara.<\/p>\n<\/div>\n","protected":false},"excerpt":{"rendered":"<p>Predstavnici i sindikata i poslodavaca u bh. entitetu Republika Srpska (RS) nisu uspjeli usaglasiti visinu&hellip;<\/p>\n","protected":false},"author":8,"featured_media":84312,"comment_status":"closed","ping_status":"closed","sticky":false,"template":"","format":"standard","meta":{"_acf_changed":false,"footnotes":""},"categories":[291],"tags":[4741,694,5955],"acf":[],"yoast_head":"<!-- This site is optimized with the Yoast SEO plugin v23.5 - https:\/\/yoast.com\/wordpress\/plugins\/seo\/ -->\n<title>Sindikati u RS-u tra\u017ee minimalac od 1.050 KM, poslodavci protiv - TuzlaInfo.ba<\/title>\n<meta name=\"robots\" content=\"index, follow, max-snippet:-1, max-image-preview:large, max-video-preview:-1\" \/>\n<link rel=\"canonical\" href=\"https:\/\/tuzlainfo.ba\/index.php\/bosna-i-hercegovina\/item\/259571-sindikati-u-rs-u-traze-minimalac-od-1-050-km-poslodavci-protiv\/\" \/>\n<meta property=\"og:locale\" content=\"bs_BA\" \/>\n<meta property=\"og:type\" content=\"article\" \/>\n<meta property=\"og:title\" content=\"Sindikati u RS-u tra\u017ee minimalac od 1.050 KM, poslodavci protiv - TuzlaInfo.ba\" \/>\n<meta property=\"og:description\" content=\"Predstavnici i sindikata i poslodavaca u bh. entitetu Republika Srpska (RS) nisu uspjeli usaglasiti visinu&hellip;\" \/>\n<meta property=\"og:url\" content=\"https:\/\/tuzlainfo.ba\/index.php\/bosna-i-hercegovina\/item\/259571-sindikati-u-rs-u-traze-minimalac-od-1-050-km-poslodavci-protiv\/\" \/>\n<meta property=\"og:site_name\" content=\"TuzlaInfo.ba\" \/>\n<meta property=\"article:publisher\" content=\"https:\/\/www.facebook.com\/tuzlainfo.ba\/\" \/>\n<meta property=\"article:published_time\" content=\"2025-01-04T17:00:57+00:00\" \/>\n<meta property=\"article:modified_time\" content=\"2025-01-04T17:50:33+00:00\" \/>\n<meta property=\"og:image\" content=\"https:\/\/tuzlainfo.ba\/wp-content\/uploads\/2020\/11\/sadrzaj_2020_20201101_2011_drvna_industrija.jpg\" \/>\n\t<meta property=\"og:image:width\" content=\"770\" \/>\n\t<meta property=\"og:image:height\" content=\"478\" \/>\n\t<meta property=\"og:image:type\" content=\"image\/jpeg\" \/>\n<meta name=\"author\" content=\"Admin Tri\" \/>\n<meta name=\"twitter:card\" content=\"summary_large_image\" \/>\n<meta name=\"twitter:label1\" content=\"Written by\" \/>\n\t<meta name=\"twitter:data1\" content=\"Admin Tri\" \/>\n\t<meta name=\"twitter:label2\" content=\"Est. reading time\" \/>\n\t<meta name=\"twitter:data2\" content=\"1 minuta\" \/>\n<script type=\"application\/ld+json\" class=\"yoast-schema-graph\">{\"@context\":\"https:\/\/schema.org\",\"@graph\":[{\"@type\":\"Article\",\"@id\":\"https:\/\/tuzlainfo.ba\/index.php\/bosna-i-hercegovina\/item\/259571-sindikati-u-rs-u-traze-minimalac-od-1-050-km-poslodavci-protiv\/#article\",\"isPartOf\":{\"@id\":\"https:\/\/tuzlainfo.ba\/index.php\/bosna-i-hercegovina\/item\/259571-sindikati-u-rs-u-traze-minimalac-od-1-050-km-poslodavci-protiv\/\"},\"author\":{\"name\":\"Admin Tri\",\"@id\":\"https:\/\/tuzlainfo.ba\/#\/schema\/person\/593e78a2f6378c5ba3e7600ecfa4e63a\"},\"headline\":\"Sindikati u RS-u tra\u017ee minimalac od 1.050 KM, poslodavci protiv\",\"datePublished\":\"2025-01-04T17:00:57+00:00\",\"dateModified\":\"2025-01-04T17:50:33+00:00\",\"mainEntityOfPage\":{\"@id\":\"https:\/\/tuzlainfo.ba\/index.php\/bosna-i-hercegovina\/item\/259571-sindikati-u-rs-u-traze-minimalac-od-1-050-km-poslodavci-protiv\/\"},\"wordCount\":185,\"publisher\":{\"@id\":\"https:\/\/tuzlainfo.ba\/#organization\"},\"image\":{\"@id\":\"https:\/\/tuzlainfo.ba\/index.php\/bosna-i-hercegovina\/item\/259571-sindikati-u-rs-u-traze-minimalac-od-1-050-km-poslodavci-protiv\/#primaryimage\"},\"thumbnailUrl\":\"https:\/\/tuzlainfo.ba\/wp-content\/uploads\/2020\/11\/sadrzaj_2020_20201101_2011_drvna_industrija.jpg\",\"keywords\":[\"minimalna plata\",\"republika srpska\",\"sindikati\"],\"articleSection\":[\"Bosna i Hercegovina\"],\"inLanguage\":\"bs-BA\"},{\"@type\":\"WebPage\",\"@id\":\"https:\/\/tuzlainfo.ba\/index.php\/bosna-i-hercegovina\/item\/259571-sindikati-u-rs-u-traze-minimalac-od-1-050-km-poslodavci-protiv\/\",\"url\":\"https:\/\/tuzlainfo.ba\/index.php\/bosna-i-hercegovina\/item\/259571-sindikati-u-rs-u-traze-minimalac-od-1-050-km-poslodavci-protiv\/\",\"name\":\"Sindikati u RS-u tra\u017ee minimalac od 1.050 KM, poslodavci protiv - TuzlaInfo.ba\",\"isPartOf\":{\"@id\":\"https:\/\/tuzlainfo.ba\/#website\"},\"primaryImageOfPage\":{\"@id\":\"https:\/\/tuzlainfo.ba\/index.php\/bosna-i-hercegovina\/item\/259571-sindikati-u-rs-u-traze-minimalac-od-1-050-km-poslodavci-protiv\/#primaryimage\"},\"image\":{\"@id\":\"https:\/\/tuzlainfo.ba\/index.php\/bosna-i-hercegovina\/item\/259571-sindikati-u-rs-u-traze-minimalac-od-1-050-km-poslodavci-protiv\/#primaryimage\"},\"thumbnailUrl\":\"https:\/\/tuzlainfo.ba\/wp-content\/uploads\/2020\/11\/sadrzaj_2020_20201101_2011_drvna_industrija.jpg\",\"datePublished\":\"2025-01-04T17:00:57+00:00\",\"dateModified\":\"2025-01-04T17:50:33+00:00\",\"breadcrumb\":{\"@id\":\"https:\/\/tuzlainfo.ba\/index.php\/bosna-i-hercegovina\/item\/259571-sindikati-u-rs-u-traze-minimalac-od-1-050-km-poslodavci-protiv\/#breadcrumb\"},\"inLanguage\":\"bs-BA\",\"potentialAction\":[{\"@type\":\"ReadAction\",\"target\":[\"https:\/\/tuzlainfo.ba\/index.php\/bosna-i-hercegovina\/item\/259571-sindikati-u-rs-u-traze-minimalac-od-1-050-km-poslodavci-protiv\/\"]}]},{\"@type\":\"ImageObject\",\"inLanguage\":\"bs-BA\",\"@id\":\"https:\/\/tuzlainfo.ba\/index.php\/bosna-i-hercegovina\/item\/259571-sindikati-u-rs-u-traze-minimalac-od-1-050-km-poslodavci-protiv\/#primaryimage\",\"url\":\"https:\/\/tuzlainfo.ba\/wp-content\/uploads\/2020\/11\/sadrzaj_2020_20201101_2011_drvna_industrija.jpg\",\"contentUrl\":\"https:\/\/tuzlainfo.ba\/wp-content\/uploads\/2020\/11\/sadrzaj_2020_20201101_2011_drvna_industrija.jpg\",\"width\":770,\"height\":478,\"caption\":\"2011 drvna industrija\"},{\"@type\":\"BreadcrumbList\",\"@id\":\"https:\/\/tuzlainfo.ba\/index.php\/bosna-i-hercegovina\/item\/259571-sindikati-u-rs-u-traze-minimalac-od-1-050-km-poslodavci-protiv\/#breadcrumb\",\"itemListElement\":[{\"@type\":\"ListItem\",\"position\":1,\"name\":\"Home\",\"item\":\"https:\/\/tuzlainfo.ba\/\"},{\"@type\":\"ListItem\",\"position\":2,\"name\":\"Sindikati u RS-u tra\u017ee minimalac od 1.050 KM, poslodavci protiv\"}]},{\"@type\":\"WebSite\",\"@id\":\"https:\/\/tuzlainfo.ba\/#website\",\"url\":\"https:\/\/tuzlainfo.ba\/\",\"name\":\"TuzlaInfo.ba\",\"description\":\"Tuzla info, gradski informator - Tuzla na dlanu\",\"publisher\":{\"@id\":\"https:\/\/tuzlainfo.ba\/#organization\"},\"potentialAction\":[{\"@type\":\"SearchAction\",\"target\":{\"@type\":\"EntryPoint\",\"urlTemplate\":\"https:\/\/tuzlainfo.ba\/?s={search_term_string}\"},\"query-input\":{\"@type\":\"PropertyValueSpecification\",\"valueRequired\":true,\"valueName\":\"search_term_string\"}}],\"inLanguage\":\"bs-BA\"},{\"@type\":\"Organization\",\"@id\":\"https:\/\/tuzlainfo.ba\/#organization\",\"name\":\"TuzlaInfo.ba\",\"url\":\"https:\/\/tuzlainfo.ba\/\",\"logo\":{\"@type\":\"ImageObject\",\"inLanguage\":\"bs-BA\",\"@id\":\"https:\/\/tuzlainfo.ba\/#\/schema\/logo\/image\/\",\"url\":\"https:\/\/tuzlainfo.ba\/wp-content\/uploads\/2021\/03\/logo-ver-3-1.png\",\"contentUrl\":\"https:\/\/tuzlainfo.ba\/wp-content\/uploads\/2021\/03\/logo-ver-3-1.png\",\"width\":350,\"height\":95,\"caption\":\"TuzlaInfo.ba\"},\"image\":{\"@id\":\"https:\/\/tuzlainfo.ba\/#\/schema\/logo\/image\/\"},\"sameAs\":[\"https:\/\/www.facebook.com\/tuzlainfo.ba\/\"]},{\"@type\":\"Person\",\"@id\":\"https:\/\/tuzlainfo.ba\/#\/schema\/person\/593e78a2f6378c5ba3e7600ecfa4e63a\",\"name\":\"Admin Tri\",\"image\":{\"@type\":\"ImageObject\",\"inLanguage\":\"bs-BA\",\"@id\":\"https:\/\/tuzlainfo.ba\/#\/schema\/person\/image\/\",\"url\":\"https:\/\/tuzlainfo.ba\/wp-content\/litespeed\/avatar\/b7920db4cc34a71ad12497283ad2fe3f.jpg?ver=1777100914\",\"contentUrl\":\"https:\/\/tuzlainfo.ba\/wp-content\/litespeed\/avatar\/b7920db4cc34a71ad12497283ad2fe3f.jpg?ver=1777100914\",\"caption\":\"Admin Tri\"},\"sameAs\":[\"https:\/\/tuzlainfo.ba\"]}]}<\/script>\n<!-- \/ Yoast SEO plugin. -->","yoast_head_json":{"title":"Sindikati u RS-u tra\u017ee minimalac od 1.050 KM, poslodavci protiv - TuzlaInfo.ba","robots":{"index":"index","follow":"follow","max-snippet":"max-snippet:-1","max-image-preview":"max-image-preview:large","max-video-preview":"max-video-preview:-1"},"canonical":"https:\/\/tuzlainfo.ba\/index.php\/bosna-i-hercegovina\/item\/259571-sindikati-u-rs-u-traze-minimalac-od-1-050-km-poslodavci-protiv\/","og_locale":"bs_BA","og_type":"article","og_title":"Sindikati u RS-u tra\u017ee minimalac od 1.050 KM, poslodavci protiv - TuzlaInfo.ba","og_description":"Predstavnici i sindikata i poslodavaca u bh. entitetu Republika Srpska (RS) nisu uspjeli usaglasiti visinu&hellip;","og_url":"https:\/\/tuzlainfo.ba\/index.php\/bosna-i-hercegovina\/item\/259571-sindikati-u-rs-u-traze-minimalac-od-1-050-km-poslodavci-protiv\/","og_site_name":"TuzlaInfo.ba","article_publisher":"https:\/\/www.facebook.com\/tuzlainfo.ba\/","article_published_time":"2025-01-04T17:00:57+00:00","article_modified_time":"2025-01-04T17:50:33+00:00","og_image":[{"width":770,"height":478,"url":"https:\/\/tuzlainfo.ba\/wp-content\/uploads\/2020\/11\/sadrzaj_2020_20201101_2011_drvna_industrija.jpg","type":"image\/jpeg"}],"author":"Admin Tri","twitter_card":"summary_large_image","twitter_misc":{"Written by":"Admin Tri","Est. reading time":"1 minuta"},"schema":{"@context":"https:\/\/schema.org","@graph":[{"@type":"Article","@id":"https:\/\/tuzlainfo.ba\/index.php\/bosna-i-hercegovina\/item\/259571-sindikati-u-rs-u-traze-minimalac-od-1-050-km-poslodavci-protiv\/#article","isPartOf":{"@id":"https:\/\/tuzlainfo.ba\/index.php\/bosna-i-hercegovina\/item\/259571-sindikati-u-rs-u-traze-minimalac-od-1-050-km-poslodavci-protiv\/"},"author":{"name":"Admin Tri","@id":"https:\/\/tuzlainfo.ba\/#\/schema\/person\/593e78a2f6378c5ba3e7600ecfa4e63a"},"headline":"Sindikati u RS-u tra\u017ee minimalac od 1.050 KM, poslodavci protiv","datePublished":"2025-01-04T17:00:57+00:00","dateModified":"2025-01-04T17:50:33+00:00","mainEntityOfPage":{"@id":"https:\/\/tuzlainfo.ba\/index.php\/bosna-i-hercegovina\/item\/259571-sindikati-u-rs-u-traze-minimalac-od-1-050-km-poslodavci-protiv\/"},"wordCount":185,"publisher":{"@id":"https:\/\/tuzlainfo.ba\/#organization"},"image":{"@id":"https:\/\/tuzlainfo.ba\/index.php\/bosna-i-hercegovina\/item\/259571-sindikati-u-rs-u-traze-minimalac-od-1-050-km-poslodavci-protiv\/#primaryimage"},"thumbnailUrl":"https:\/\/tuzlainfo.ba\/wp-content\/uploads\/2020\/11\/sadrzaj_2020_20201101_2011_drvna_industrija.jpg","keywords":["minimalna plata","republika srpska","sindikati"],"articleSection":["Bosna i Hercegovina"],"inLanguage":"bs-BA"},{"@type":"WebPage","@id":"https:\/\/tuzlainfo.ba\/index.php\/bosna-i-hercegovina\/item\/259571-sindikati-u-rs-u-traze-minimalac-od-1-050-km-poslodavci-protiv\/","url":"https:\/\/tuzlainfo.ba\/index.php\/bosna-i-hercegovina\/item\/259571-sindikati-u-rs-u-traze-minimalac-od-1-050-km-poslodavci-protiv\/","name":"Sindikati u RS-u tra\u017ee minimalac od 1.050 KM, poslodavci protiv - TuzlaInfo.ba","isPartOf":{"@id":"https:\/\/tuzlainfo.ba\/#website"},"primaryImageOfPage":{"@id":"https:\/\/tuzlainfo.ba\/index.php\/bosna-i-hercegovina\/item\/259571-sindikati-u-rs-u-traze-minimalac-od-1-050-km-poslodavci-protiv\/#primaryimage"},"image":{"@id":"https:\/\/tuzlainfo.ba\/index.php\/bosna-i-hercegovina\/item\/259571-sindikati-u-rs-u-traze-minimalac-od-1-050-km-poslodavci-protiv\/#primaryimage"},"thumbnailUrl":"https:\/\/tuzlainfo.ba\/wp-content\/uploads\/2020\/11\/sadrzaj_2020_20201101_2011_drvna_industrija.jpg","datePublished":"2025-01-04T17:00:57+00:00","dateModified":"2025-01-04T17:50:33+00:00","breadcrumb":{"@id":"https:\/\/tuzlainfo.ba\/index.php\/bosna-i-hercegovina\/item\/259571-sindikati-u-rs-u-traze-minimalac-od-1-050-km-poslodavci-protiv\/#breadcrumb"},"inLanguage":"bs-BA","potentialAction":[{"@type":"ReadAction","target":["https:\/\/tuzlainfo.ba\/index.php\/bosna-i-hercegovina\/item\/259571-sindikati-u-rs-u-traze-minimalac-od-1-050-km-poslodavci-protiv\/"]}]},{"@type":"ImageObject","inLanguage":"bs-BA","@id":"https:\/\/tuzlainfo.ba\/index.php\/bosna-i-hercegovina\/item\/259571-sindikati-u-rs-u-traze-minimalac-od-1-050-km-poslodavci-protiv\/#primaryimage","url":"https:\/\/tuzlainfo.ba\/wp-content\/uploads\/2020\/11\/sadrzaj_2020_20201101_2011_drvna_industrija.jpg","contentUrl":"https:\/\/tuzlainfo.ba\/wp-content\/uploads\/2020\/11\/sadrzaj_2020_20201101_2011_drvna_industrija.jpg","width":770,"height":478,"caption":"2011 drvna industrija"},{"@type":"BreadcrumbList","@id":"https:\/\/tuzlainfo.ba\/index.php\/bosna-i-hercegovina\/item\/259571-sindikati-u-rs-u-traze-minimalac-od-1-050-km-poslodavci-protiv\/#breadcrumb","itemListElement":[{"@type":"ListItem","position":1,"name":"Home","item":"https:\/\/tuzlainfo.ba\/"},{"@type":"ListItem","position":2,"name":"Sindikati u RS-u tra\u017ee minimalac od 1.050 KM, poslodavci protiv"}]},{"@type":"WebSite","@id":"https:\/\/tuzlainfo.ba\/#website","url":"https:\/\/tuzlainfo.ba\/","name":"TuzlaInfo.ba","description":"Tuzla info, gradski informator - Tuzla na dlanu","publisher":{"@id":"https:\/\/tuzlainfo.ba\/#organization"},"potentialAction":[{"@type":"SearchAction","target":{"@type":"EntryPoint","urlTemplate":"https:\/\/tuzlainfo.ba\/?s={search_term_string}"},"query-input":{"@type":"PropertyValueSpecification","valueRequired":true,"valueName":"search_term_string"}}],"inLanguage":"bs-BA"},{"@type":"Organization","@id":"https:\/\/tuzlainfo.ba\/#organization","name":"TuzlaInfo.ba","url":"https:\/\/tuzlainfo.ba\/","logo":{"@type":"ImageObject","inLanguage":"bs-BA","@id":"https:\/\/tuzlainfo.ba\/#\/schema\/logo\/image\/","url":"https:\/\/tuzlainfo.ba\/wp-content\/uploads\/2021\/03\/logo-ver-3-1.png","contentUrl":"https:\/\/tuzlainfo.ba\/wp-content\/uploads\/2021\/03\/logo-ver-3-1.png","width":350,"height":95,"caption":"TuzlaInfo.ba"},"image":{"@id":"https:\/\/tuzlainfo.ba\/#\/schema\/logo\/image\/"},"sameAs":["https:\/\/www.facebook.com\/tuzlainfo.ba\/"]},{"@type":"Person","@id":"https:\/\/tuzlainfo.ba\/#\/schema\/person\/593e78a2f6378c5ba3e7600ecfa4e63a","name":"Admin Tri","image":{"@type":"ImageObject","inLanguage":"bs-BA","@id":"https:\/\/tuzlainfo.ba\/#\/schema\/person\/image\/","url":"https:\/\/tuzlainfo.ba\/wp-content\/litespeed\/avatar\/b7920db4cc34a71ad12497283ad2fe3f.jpg?ver=1777100914","contentUrl":"https:\/\/tuzlainfo.ba\/wp-content\/litespeed\/avatar\/b7920db4cc34a71ad12497283ad2fe3f.jpg?ver=1777100914","caption":"Admin Tri"},"sameAs":["https:\/\/tuzlainfo.ba"]}]}},"_links":{"self":[{"href":"https:\/\/tuzlainfo.ba\/index.php\/wp-json\/wp\/v2\/posts\/259571"}],"collection":[{"href":"https:\/\/tuzlainfo.ba\/index.php\/wp-json\/wp\/v2\/posts"}],"about":[{"href":"https:\/\/tuzlainfo.ba\/index.php\/wp-json\/wp\/v2\/types\/post"}],"author":[{"embeddable":true,"href":"https:\/\/tuzlainfo.ba\/index.php\/wp-json\/wp\/v2\/users\/8"}],"replies":[{"embeddable":true,"href":"https:\/\/tuzlainfo.ba\/index.php\/wp-json\/wp\/v2\/comments?post=259571"}],"version-history":[{"count":1,"href":"https:\/\/tuzlainfo.ba\/index.php\/wp-json\/wp\/v2\/posts\/259571\/revisions"}],"predecessor-version":[{"id":259572,"href":"https:\/\/tuzlainfo.ba\/index.php\/wp-json\/wp\/v2\/posts\/259571\/revisions\/259572"}],"wp:featuredmedia":[{"embeddable":true,"href":"https:\/\/tuzlainfo.ba\/index.php\/wp-json\/wp\/v2\/media\/84312"}],"wp:attachment":[{"href":"https:\/\/tuzlainfo.ba\/index.php\/wp-json\/wp\/v2\/media?parent=259571"}],"wp:term":[{"taxonomy":"category","embeddable":true,"href":"https:\/\/tuzlainfo.ba\/index.php\/wp-json\/wp\/v2\/categories?post=259571"},{"taxonomy":"post_tag","embeddable":true,"href":"https:\/\/tuzlainfo.ba\/index.php\/wp-json\/wp\/v2\/tags?post=259571"}],"curies":[{"name":"wp","href":"https:\/\/api.w.org\/{rel}","templated":true}]}}