{"id":259563,"date":"2025-01-04T11:00:03","date_gmt":"2025-01-04T10:00:03","guid":{"rendered":"https:\/\/tuzlainfo.ba\/?p=259563"},"modified":"2025-01-03T23:47:20","modified_gmt":"2025-01-03T22:47:20","slug":"nakon-tragedije-najavljen-novi-zakon-o-oruzju-rigoroznije-kontrole","status":"publish","type":"post","link":"https:\/\/tuzlainfo.ba\/index.php\/clanci\/sa-svih-strana\/item\/259563-nakon-tragedije-najavljen-novi-zakon-o-oruzju-rigoroznije-kontrole\/","title":{"rendered":"Nakon tragedije, najavljen novi zakon o oru\u017eju, rigoroznije kontrole"},"content":{"rendered":"<p><span class=\"lead pt-0\">Premijer Crne Gore Milojko Spaji\u0107 nakon sjednice Vije\u0107a za nacionalnu sigurnost najavio je usvajanje novog zakona o oru\u017eju. Nagla\u0161ava da \u0107e svako ko posjeduje oru\u017eje pro\u0107i rigorozne kontrole.<\/span><\/p>\n<p>&#8220;Govorim o legalnom oru\u017eju, ljudi koji imaju sada dozvole imat \u0107e rok do 1. januara 2026. godine da pro\u0111u nove psiholo\u0161ke i sigurnosne provjere. Onaj ko ne ispuni ovaj uslov, njemu se povla\u010di ta dozvola&#8221;, rekao je Spaji\u0107.<\/p>\n<p>\u0160to se ti\u010de nelegalnog oru\u017eja, ka\u017ee da ve\u0107 imaju kampanju &#8220;Po\u0161tuj \u017eivot vrati oru\u017eje&#8221;.<\/p>\n<p>&#8220;Ta kampanja \u0107e biti oro\u010dena na dva mjeseca. Ukoliko ne predaju nelegalno oru\u017eje u roku od dva mjeseca, bit \u0107e drakonski ka\u017enjeni&#8221;, poru\u010duje premijer Crne Gore.<\/p>\n<p>Pojasnio je da poslije tog roka novi zakon stupa na snagu i svako no\u0161enje ili posjedovanje oru\u017eja bit \u0107e ka\u017enjeno najve\u0107im kaznama.<\/p>\n","protected":false},"excerpt":{"rendered":"<p>Premijer Crne Gore Milojko Spaji\u0107 nakon sjednice Vije\u0107a za nacionalnu sigurnost najavio je usvajanje novog&hellip;<\/p>\n","protected":false},"author":8,"featured_media":65835,"comment_status":"closed","ping_status":"closed","sticky":false,"template":"","format":"standard","meta":{"_acf_changed":false,"footnotes":""},"categories":[16],"tags":[456,780],"acf":[],"yoast_head":"<!-- This site is optimized with the Yoast SEO plugin v23.5 - https:\/\/yoast.com\/wordpress\/plugins\/seo\/ -->\n<title>Nakon tragedije, najavljen novi zakon o oru\u017eju, rigoroznije kontrole - TuzlaInfo.ba<\/title>\n<meta name=\"robots\" content=\"index, follow, max-snippet:-1, max-image-preview:large, max-video-preview:-1\" \/>\n<link rel=\"canonical\" href=\"https:\/\/tuzlainfo.ba\/index.php\/clanci\/sa-svih-strana\/item\/259563-nakon-tragedije-najavljen-novi-zakon-o-oruzju-rigoroznije-kontrole\/\" \/>\n<meta property=\"og:locale\" content=\"bs_BA\" \/>\n<meta property=\"og:type\" content=\"article\" \/>\n<meta property=\"og:title\" content=\"Nakon tragedije, najavljen novi zakon o oru\u017eju, rigoroznije kontrole - TuzlaInfo.ba\" \/>\n<meta property=\"og:description\" content=\"Premijer Crne Gore Milojko Spaji\u0107 nakon sjednice Vije\u0107a za nacionalnu sigurnost najavio je usvajanje novog&hellip;\" \/>\n<meta property=\"og:url\" content=\"https:\/\/tuzlainfo.ba\/index.php\/clanci\/sa-svih-strana\/item\/259563-nakon-tragedije-najavljen-novi-zakon-o-oruzju-rigoroznije-kontrole\/\" \/>\n<meta property=\"og:site_name\" content=\"TuzlaInfo.ba\" \/>\n<meta property=\"article:publisher\" content=\"https:\/\/www.facebook.com\/tuzlainfo.ba\/\" \/>\n<meta property=\"article:published_time\" content=\"2025-01-04T10:00:03+00:00\" \/>\n<meta property=\"article:modified_time\" content=\"2025-01-03T22:47:20+00:00\" \/>\n<meta property=\"og:image\" content=\"https:\/\/tuzlainfo.ba\/wp-content\/uploads\/2018\/11\/sadrzaj_2018_20181101_2811_pistolj.jpg\" \/>\n\t<meta property=\"og:image:width\" content=\"770\" \/>\n\t<meta property=\"og:image:height\" content=\"579\" \/>\n\t<meta property=\"og:image:type\" content=\"image\/jpeg\" \/>\n<meta name=\"author\" content=\"Admin Tri\" \/>\n<meta name=\"twitter:card\" content=\"summary_large_image\" \/>\n<meta name=\"twitter:label1\" content=\"Written by\" \/>\n\t<meta name=\"twitter:data1\" content=\"Admin Tri\" \/>\n\t<meta name=\"twitter:label2\" content=\"Est. reading time\" \/>\n\t<meta name=\"twitter:data2\" content=\"1 minuta\" \/>\n<script type=\"application\/ld+json\" class=\"yoast-schema-graph\">{\"@context\":\"https:\/\/schema.org\",\"@graph\":[{\"@type\":\"Article\",\"@id\":\"https:\/\/tuzlainfo.ba\/index.php\/clanci\/sa-svih-strana\/item\/259563-nakon-tragedije-najavljen-novi-zakon-o-oruzju-rigoroznije-kontrole\/#article\",\"isPartOf\":{\"@id\":\"https:\/\/tuzlainfo.ba\/index.php\/clanci\/sa-svih-strana\/item\/259563-nakon-tragedije-najavljen-novi-zakon-o-oruzju-rigoroznije-kontrole\/\"},\"author\":{\"name\":\"Admin Tri\",\"@id\":\"https:\/\/tuzlainfo.ba\/#\/schema\/person\/593e78a2f6378c5ba3e7600ecfa4e63a\"},\"headline\":\"Nakon tragedije, najavljen novi zakon o oru\u017eju, rigoroznije kontrole\",\"datePublished\":\"2025-01-04T10:00:03+00:00\",\"dateModified\":\"2025-01-03T22:47:20+00:00\",\"mainEntityOfPage\":{\"@id\":\"https:\/\/tuzlainfo.ba\/index.php\/clanci\/sa-svih-strana\/item\/259563-nakon-tragedije-najavljen-novi-zakon-o-oruzju-rigoroznije-kontrole\/\"},\"wordCount\":158,\"publisher\":{\"@id\":\"https:\/\/tuzlainfo.ba\/#organization\"},\"image\":{\"@id\":\"https:\/\/tuzlainfo.ba\/index.php\/clanci\/sa-svih-strana\/item\/259563-nakon-tragedije-najavljen-novi-zakon-o-oruzju-rigoroznije-kontrole\/#primaryimage\"},\"thumbnailUrl\":\"https:\/\/tuzlainfo.ba\/wp-content\/uploads\/2018\/11\/sadrzaj_2018_20181101_2811_pistolj.jpg\",\"keywords\":[\"crna gora\",\"oru\u017eje\"],\"articleSection\":[\"Sa svih strana\"],\"inLanguage\":\"bs-BA\"},{\"@type\":\"WebPage\",\"@id\":\"https:\/\/tuzlainfo.ba\/index.php\/clanci\/sa-svih-strana\/item\/259563-nakon-tragedije-najavljen-novi-zakon-o-oruzju-rigoroznije-kontrole\/\",\"url\":\"https:\/\/tuzlainfo.ba\/index.php\/clanci\/sa-svih-strana\/item\/259563-nakon-tragedije-najavljen-novi-zakon-o-oruzju-rigoroznije-kontrole\/\",\"name\":\"Nakon tragedije, najavljen novi zakon o oru\u017eju, rigoroznije kontrole - TuzlaInfo.ba\",\"isPartOf\":{\"@id\":\"https:\/\/tuzlainfo.ba\/#website\"},\"primaryImageOfPage\":{\"@id\":\"https:\/\/tuzlainfo.ba\/index.php\/clanci\/sa-svih-strana\/item\/259563-nakon-tragedije-najavljen-novi-zakon-o-oruzju-rigoroznije-kontrole\/#primaryimage\"},\"image\":{\"@id\":\"https:\/\/tuzlainfo.ba\/index.php\/clanci\/sa-svih-strana\/item\/259563-nakon-tragedije-najavljen-novi-zakon-o-oruzju-rigoroznije-kontrole\/#primaryimage\"},\"thumbnailUrl\":\"https:\/\/tuzlainfo.ba\/wp-content\/uploads\/2018\/11\/sadrzaj_2018_20181101_2811_pistolj.jpg\",\"datePublished\":\"2025-01-04T10:00:03+00:00\",\"dateModified\":\"2025-01-03T22:47:20+00:00\",\"breadcrumb\":{\"@id\":\"https:\/\/tuzlainfo.ba\/index.php\/clanci\/sa-svih-strana\/item\/259563-nakon-tragedije-najavljen-novi-zakon-o-oruzju-rigoroznije-kontrole\/#breadcrumb\"},\"inLanguage\":\"bs-BA\",\"potentialAction\":[{\"@type\":\"ReadAction\",\"target\":[\"https:\/\/tuzlainfo.ba\/index.php\/clanci\/sa-svih-strana\/item\/259563-nakon-tragedije-najavljen-novi-zakon-o-oruzju-rigoroznije-kontrole\/\"]}]},{\"@type\":\"ImageObject\",\"inLanguage\":\"bs-BA\",\"@id\":\"https:\/\/tuzlainfo.ba\/index.php\/clanci\/sa-svih-strana\/item\/259563-nakon-tragedije-najavljen-novi-zakon-o-oruzju-rigoroznije-kontrole\/#primaryimage\",\"url\":\"https:\/\/tuzlainfo.ba\/wp-content\/uploads\/2018\/11\/sadrzaj_2018_20181101_2811_pistolj.jpg\",\"contentUrl\":\"https:\/\/tuzlainfo.ba\/wp-content\/uploads\/2018\/11\/sadrzaj_2018_20181101_2811_pistolj.jpg\",\"width\":770,\"height\":579,\"caption\":\"Foto: Ilustracija\"},{\"@type\":\"BreadcrumbList\",\"@id\":\"https:\/\/tuzlainfo.ba\/index.php\/clanci\/sa-svih-strana\/item\/259563-nakon-tragedije-najavljen-novi-zakon-o-oruzju-rigoroznije-kontrole\/#breadcrumb\",\"itemListElement\":[{\"@type\":\"ListItem\",\"position\":1,\"name\":\"Home\",\"item\":\"https:\/\/tuzlainfo.ba\/\"},{\"@type\":\"ListItem\",\"position\":2,\"name\":\"Nakon tragedije, najavljen novi zakon o oru\u017eju, rigoroznije kontrole\"}]},{\"@type\":\"WebSite\",\"@id\":\"https:\/\/tuzlainfo.ba\/#website\",\"url\":\"https:\/\/tuzlainfo.ba\/\",\"name\":\"TuzlaInfo.ba\",\"description\":\"Tuzla info, gradski informator - Tuzla na dlanu\",\"publisher\":{\"@id\":\"https:\/\/tuzlainfo.ba\/#organization\"},\"potentialAction\":[{\"@type\":\"SearchAction\",\"target\":{\"@type\":\"EntryPoint\",\"urlTemplate\":\"https:\/\/tuzlainfo.ba\/?s={search_term_string}\"},\"query-input\":{\"@type\":\"PropertyValueSpecification\",\"valueRequired\":true,\"valueName\":\"search_term_string\"}}],\"inLanguage\":\"bs-BA\"},{\"@type\":\"Organization\",\"@id\":\"https:\/\/tuzlainfo.ba\/#organization\",\"name\":\"TuzlaInfo.ba\",\"url\":\"https:\/\/tuzlainfo.ba\/\",\"logo\":{\"@type\":\"ImageObject\",\"inLanguage\":\"bs-BA\",\"@id\":\"https:\/\/tuzlainfo.ba\/#\/schema\/logo\/image\/\",\"url\":\"https:\/\/tuzlainfo.ba\/wp-content\/uploads\/2021\/03\/logo-ver-3-1.png\",\"contentUrl\":\"https:\/\/tuzlainfo.ba\/wp-content\/uploads\/2021\/03\/logo-ver-3-1.png\",\"width\":350,\"height\":95,\"caption\":\"TuzlaInfo.ba\"},\"image\":{\"@id\":\"https:\/\/tuzlainfo.ba\/#\/schema\/logo\/image\/\"},\"sameAs\":[\"https:\/\/www.facebook.com\/tuzlainfo.ba\/\"]},{\"@type\":\"Person\",\"@id\":\"https:\/\/tuzlainfo.ba\/#\/schema\/person\/593e78a2f6378c5ba3e7600ecfa4e63a\",\"name\":\"Admin Tri\",\"image\":{\"@type\":\"ImageObject\",\"inLanguage\":\"bs-BA\",\"@id\":\"https:\/\/tuzlainfo.ba\/#\/schema\/person\/image\/\",\"url\":\"https:\/\/tuzlainfo.ba\/wp-content\/litespeed\/avatar\/b7920db4cc34a71ad12497283ad2fe3f.jpg?ver=1777705770\",\"contentUrl\":\"https:\/\/tuzlainfo.ba\/wp-content\/litespeed\/avatar\/b7920db4cc34a71ad12497283ad2fe3f.jpg?ver=1777705770\",\"caption\":\"Admin Tri\"},\"sameAs\":[\"https:\/\/tuzlainfo.ba\"]}]}<\/script>\n<!-- \/ Yoast SEO plugin. -->","yoast_head_json":{"title":"Nakon tragedije, najavljen novi zakon o oru\u017eju, rigoroznije kontrole - TuzlaInfo.ba","robots":{"index":"index","follow":"follow","max-snippet":"max-snippet:-1","max-image-preview":"max-image-preview:large","max-video-preview":"max-video-preview:-1"},"canonical":"https:\/\/tuzlainfo.ba\/index.php\/clanci\/sa-svih-strana\/item\/259563-nakon-tragedije-najavljen-novi-zakon-o-oruzju-rigoroznije-kontrole\/","og_locale":"bs_BA","og_type":"article","og_title":"Nakon tragedije, najavljen novi zakon o oru\u017eju, rigoroznije kontrole - TuzlaInfo.ba","og_description":"Premijer Crne Gore Milojko Spaji\u0107 nakon sjednice Vije\u0107a za nacionalnu sigurnost najavio je usvajanje novog&hellip;","og_url":"https:\/\/tuzlainfo.ba\/index.php\/clanci\/sa-svih-strana\/item\/259563-nakon-tragedije-najavljen-novi-zakon-o-oruzju-rigoroznije-kontrole\/","og_site_name":"TuzlaInfo.ba","article_publisher":"https:\/\/www.facebook.com\/tuzlainfo.ba\/","article_published_time":"2025-01-04T10:00:03+00:00","article_modified_time":"2025-01-03T22:47:20+00:00","og_image":[{"width":770,"height":579,"url":"https:\/\/tuzlainfo.ba\/wp-content\/uploads\/2018\/11\/sadrzaj_2018_20181101_2811_pistolj.jpg","type":"image\/jpeg"}],"author":"Admin Tri","twitter_card":"summary_large_image","twitter_misc":{"Written by":"Admin Tri","Est. reading time":"1 minuta"},"schema":{"@context":"https:\/\/schema.org","@graph":[{"@type":"Article","@id":"https:\/\/tuzlainfo.ba\/index.php\/clanci\/sa-svih-strana\/item\/259563-nakon-tragedije-najavljen-novi-zakon-o-oruzju-rigoroznije-kontrole\/#article","isPartOf":{"@id":"https:\/\/tuzlainfo.ba\/index.php\/clanci\/sa-svih-strana\/item\/259563-nakon-tragedije-najavljen-novi-zakon-o-oruzju-rigoroznije-kontrole\/"},"author":{"name":"Admin Tri","@id":"https:\/\/tuzlainfo.ba\/#\/schema\/person\/593e78a2f6378c5ba3e7600ecfa4e63a"},"headline":"Nakon tragedije, najavljen novi zakon o oru\u017eju, rigoroznije kontrole","datePublished":"2025-01-04T10:00:03+00:00","dateModified":"2025-01-03T22:47:20+00:00","mainEntityOfPage":{"@id":"https:\/\/tuzlainfo.ba\/index.php\/clanci\/sa-svih-strana\/item\/259563-nakon-tragedije-najavljen-novi-zakon-o-oruzju-rigoroznije-kontrole\/"},"wordCount":158,"publisher":{"@id":"https:\/\/tuzlainfo.ba\/#organization"},"image":{"@id":"https:\/\/tuzlainfo.ba\/index.php\/clanci\/sa-svih-strana\/item\/259563-nakon-tragedije-najavljen-novi-zakon-o-oruzju-rigoroznije-kontrole\/#primaryimage"},"thumbnailUrl":"https:\/\/tuzlainfo.ba\/wp-content\/uploads\/2018\/11\/sadrzaj_2018_20181101_2811_pistolj.jpg","keywords":["crna gora","oru\u017eje"],"articleSection":["Sa svih strana"],"inLanguage":"bs-BA"},{"@type":"WebPage","@id":"https:\/\/tuzlainfo.ba\/index.php\/clanci\/sa-svih-strana\/item\/259563-nakon-tragedije-najavljen-novi-zakon-o-oruzju-rigoroznije-kontrole\/","url":"https:\/\/tuzlainfo.ba\/index.php\/clanci\/sa-svih-strana\/item\/259563-nakon-tragedije-najavljen-novi-zakon-o-oruzju-rigoroznije-kontrole\/","name":"Nakon tragedije, najavljen novi zakon o oru\u017eju, rigoroznije kontrole - TuzlaInfo.ba","isPartOf":{"@id":"https:\/\/tuzlainfo.ba\/#website"},"primaryImageOfPage":{"@id":"https:\/\/tuzlainfo.ba\/index.php\/clanci\/sa-svih-strana\/item\/259563-nakon-tragedije-najavljen-novi-zakon-o-oruzju-rigoroznije-kontrole\/#primaryimage"},"image":{"@id":"https:\/\/tuzlainfo.ba\/index.php\/clanci\/sa-svih-strana\/item\/259563-nakon-tragedije-najavljen-novi-zakon-o-oruzju-rigoroznije-kontrole\/#primaryimage"},"thumbnailUrl":"https:\/\/tuzlainfo.ba\/wp-content\/uploads\/2018\/11\/sadrzaj_2018_20181101_2811_pistolj.jpg","datePublished":"2025-01-04T10:00:03+00:00","dateModified":"2025-01-03T22:47:20+00:00","breadcrumb":{"@id":"https:\/\/tuzlainfo.ba\/index.php\/clanci\/sa-svih-strana\/item\/259563-nakon-tragedije-najavljen-novi-zakon-o-oruzju-rigoroznije-kontrole\/#breadcrumb"},"inLanguage":"bs-BA","potentialAction":[{"@type":"ReadAction","target":["https:\/\/tuzlainfo.ba\/index.php\/clanci\/sa-svih-strana\/item\/259563-nakon-tragedije-najavljen-novi-zakon-o-oruzju-rigoroznije-kontrole\/"]}]},{"@type":"ImageObject","inLanguage":"bs-BA","@id":"https:\/\/tuzlainfo.ba\/index.php\/clanci\/sa-svih-strana\/item\/259563-nakon-tragedije-najavljen-novi-zakon-o-oruzju-rigoroznije-kontrole\/#primaryimage","url":"https:\/\/tuzlainfo.ba\/wp-content\/uploads\/2018\/11\/sadrzaj_2018_20181101_2811_pistolj.jpg","contentUrl":"https:\/\/tuzlainfo.ba\/wp-content\/uploads\/2018\/11\/sadrzaj_2018_20181101_2811_pistolj.jpg","width":770,"height":579,"caption":"Foto: Ilustracija"},{"@type":"BreadcrumbList","@id":"https:\/\/tuzlainfo.ba\/index.php\/clanci\/sa-svih-strana\/item\/259563-nakon-tragedije-najavljen-novi-zakon-o-oruzju-rigoroznije-kontrole\/#breadcrumb","itemListElement":[{"@type":"ListItem","position":1,"name":"Home","item":"https:\/\/tuzlainfo.ba\/"},{"@type":"ListItem","position":2,"name":"Nakon tragedije, najavljen novi zakon o oru\u017eju, rigoroznije kontrole"}]},{"@type":"WebSite","@id":"https:\/\/tuzlainfo.ba\/#website","url":"https:\/\/tuzlainfo.ba\/","name":"TuzlaInfo.ba","description":"Tuzla info, gradski informator - Tuzla na dlanu","publisher":{"@id":"https:\/\/tuzlainfo.ba\/#organization"},"potentialAction":[{"@type":"SearchAction","target":{"@type":"EntryPoint","urlTemplate":"https:\/\/tuzlainfo.ba\/?s={search_term_string}"},"query-input":{"@type":"PropertyValueSpecification","valueRequired":true,"valueName":"search_term_string"}}],"inLanguage":"bs-BA"},{"@type":"Organization","@id":"https:\/\/tuzlainfo.ba\/#organization","name":"TuzlaInfo.ba","url":"https:\/\/tuzlainfo.ba\/","logo":{"@type":"ImageObject","inLanguage":"bs-BA","@id":"https:\/\/tuzlainfo.ba\/#\/schema\/logo\/image\/","url":"https:\/\/tuzlainfo.ba\/wp-content\/uploads\/2021\/03\/logo-ver-3-1.png","contentUrl":"https:\/\/tuzlainfo.ba\/wp-content\/uploads\/2021\/03\/logo-ver-3-1.png","width":350,"height":95,"caption":"TuzlaInfo.ba"},"image":{"@id":"https:\/\/tuzlainfo.ba\/#\/schema\/logo\/image\/"},"sameAs":["https:\/\/www.facebook.com\/tuzlainfo.ba\/"]},{"@type":"Person","@id":"https:\/\/tuzlainfo.ba\/#\/schema\/person\/593e78a2f6378c5ba3e7600ecfa4e63a","name":"Admin Tri","image":{"@type":"ImageObject","inLanguage":"bs-BA","@id":"https:\/\/tuzlainfo.ba\/#\/schema\/person\/image\/","url":"https:\/\/tuzlainfo.ba\/wp-content\/litespeed\/avatar\/b7920db4cc34a71ad12497283ad2fe3f.jpg?ver=1777705770","contentUrl":"https:\/\/tuzlainfo.ba\/wp-content\/litespeed\/avatar\/b7920db4cc34a71ad12497283ad2fe3f.jpg?ver=1777705770","caption":"Admin Tri"},"sameAs":["https:\/\/tuzlainfo.ba"]}]}},"_links":{"self":[{"href":"https:\/\/tuzlainfo.ba\/index.php\/wp-json\/wp\/v2\/posts\/259563"}],"collection":[{"href":"https:\/\/tuzlainfo.ba\/index.php\/wp-json\/wp\/v2\/posts"}],"about":[{"href":"https:\/\/tuzlainfo.ba\/index.php\/wp-json\/wp\/v2\/types\/post"}],"author":[{"embeddable":true,"href":"https:\/\/tuzlainfo.ba\/index.php\/wp-json\/wp\/v2\/users\/8"}],"replies":[{"embeddable":true,"href":"https:\/\/tuzlainfo.ba\/index.php\/wp-json\/wp\/v2\/comments?post=259563"}],"version-history":[{"count":1,"href":"https:\/\/tuzlainfo.ba\/index.php\/wp-json\/wp\/v2\/posts\/259563\/revisions"}],"predecessor-version":[{"id":259564,"href":"https:\/\/tuzlainfo.ba\/index.php\/wp-json\/wp\/v2\/posts\/259563\/revisions\/259564"}],"wp:featuredmedia":[{"embeddable":true,"href":"https:\/\/tuzlainfo.ba\/index.php\/wp-json\/wp\/v2\/media\/65835"}],"wp:attachment":[{"href":"https:\/\/tuzlainfo.ba\/index.php\/wp-json\/wp\/v2\/media?parent=259563"}],"wp:term":[{"taxonomy":"category","embeddable":true,"href":"https:\/\/tuzlainfo.ba\/index.php\/wp-json\/wp\/v2\/categories?post=259563"},{"taxonomy":"post_tag","embeddable":true,"href":"https:\/\/tuzlainfo.ba\/index.php\/wp-json\/wp\/v2\/tags?post=259563"}],"curies":[{"name":"wp","href":"https:\/\/api.w.org\/{rel}","templated":true}]}}