{"id":259494,"date":"2025-01-03T08:25:19","date_gmt":"2025-01-03T07:25:19","guid":{"rendered":"https:\/\/tuzlainfo.ba\/?p=259494"},"modified":"2025-01-03T08:25:19","modified_gmt":"2025-01-03T07:25:19","slug":"reakcije-iz-rs-na-odluku-ohr-a-stevandic-i-kovacevic-se-zale-da-im-schmidt-zeli-pokvariti-bozic","status":"publish","type":"post","link":"https:\/\/tuzlainfo.ba\/index.php\/bosna-i-hercegovina\/item\/259494-reakcije-iz-rs-na-odluku-ohr-a-stevandic-i-kovacevic-se-zale-da-im-schmidt-zeli-pokvariti-bozic\/","title":{"rendered":"Reakcije iz RS na odluku OHR-a: &#8220;Stevandi\u0107 i Kova\u010devi\u0107 se \u017eale da im Schmidt \u017eeli pokvariti Bo\u017ei\u0107&#8221;"},"content":{"rendered":"<p class=\"single-intro\">Predsjednik Narodne skup\u0161tine RS Nenad Stevandi\u0107 rekao je da trenutno ne zna motiv za odluku Christiana Schmidta o zaklju\u010dcima Narodne skup\u0161tine, kao \u0161to ne zna razlog za\u0161to ambasada SAD prije OHR-a objavljuje njegove odluke.<\/p>\n<div class=\"single-text\">\n<p>&#8220;Ali, znam da su zaklju\u010dci Narodne skup\u0161tine podr\u017eani od Suda BiH, koji je u slu\u010daju su\u0111enja predsjedniku RS Miloradu Dodiku postupio po njima i \u0161titio prava pacijenta, imenuju\u0107i tim vje\u0161taka i uva\u017eavaju\u0107i njegovo mi\u0161ljenje. Tako\u0111e znam da su zaklju\u010dci u skladu sa evropskim standardima gdje niko van zakodonodavnih tijela ne donosi zakone, pa molim da pro\u010ditaju mi\u0161ljenje Venecijanske komisije&#8221;, naveo je Stevandi\u0107.<\/p>\n<p>On je istakao da zna i to da zaklju\u010dci Narodne skup\u0161tine RS tra\u017ee po\u0161tovanje, a ne ru\u0161enje Dejtonskog mirovnog sporazuma i da su prodejtonski jer po njemu odluke donose narodi i entiteti u skup\u0161tinama, a ne Vije\u0107e za sprovo\u0111enje mira ili ambasade.<\/p>\n<p>&#8220;Nije valjda cilj da nam pokvare Bo\u017ei\u0107 i nastupaju\u0107e praznike? Za sad toliko&#8221;, naveo je Stevandi\u0107 na dru\u0161tvenoj mre\u017ei &#8220;X&#8221;.<\/p>\n<p>Na odluku Schmidta reagovao je portparol SNSD-a Radovan Kova\u010devi\u0107.<\/p>\n<p>&#8220;Vidim da je Murphy pozdravio odluku Schmidta i prije nego \u0161to mu je istu uop\u0161te i dostavio. Te\u0161ke su to muke. Ako ni\u0161ta, \u010dovjek ne odustaje od svog manira. Samo da ne\u0161to pokvari, pa makar i Bo\u017ei\u0107. Kakav Grin\u010d. Neka mu je sretna Nova godina. I najbitnije, neka mu je sretan put&#8221;, napisao je Kova\u010devi\u0107.<\/p>\n<p>Podsje\u0107amo, Schmidt je stavio je van snage zaklju\u010dke koji su usvojeni na 16. posebnoj sjednici Narodne skup\u0161tine Republike Srpske (NSRS) 24. i 25. decembra.<\/p>\n<\/div>\n","protected":false},"excerpt":{"rendered":"<p>Predsjednik Narodne skup\u0161tine RS Nenad Stevandi\u0107 rekao je da trenutno ne zna motiv za odluku&hellip;<\/p>\n","protected":false},"author":2,"featured_media":216844,"comment_status":"closed","ping_status":"closed","sticky":false,"template":"","format":"standard","meta":{"_acf_changed":false,"footnotes":""},"categories":[291],"tags":[1374,770],"acf":[],"yoast_head":"<!-- This site is optimized with the Yoast SEO plugin v23.5 - https:\/\/yoast.com\/wordpress\/plugins\/seo\/ -->\n<title>Reakcije iz RS na odluku OHR-a: &quot;Stevandi\u0107 i Kova\u010devi\u0107 se \u017eale da im Schmidt \u017eeli pokvariti Bo\u017ei\u0107&quot; - TuzlaInfo.ba<\/title>\n<meta name=\"robots\" content=\"index, follow, max-snippet:-1, max-image-preview:large, max-video-preview:-1\" \/>\n<link rel=\"canonical\" href=\"https:\/\/tuzlainfo.ba\/index.php\/bosna-i-hercegovina\/item\/259494-reakcije-iz-rs-na-odluku-ohr-a-stevandic-i-kovacevic-se-zale-da-im-schmidt-zeli-pokvariti-bozic\/\" \/>\n<meta property=\"og:locale\" content=\"bs_BA\" \/>\n<meta property=\"og:type\" content=\"article\" \/>\n<meta property=\"og:title\" content=\"Reakcije iz RS na odluku OHR-a: &quot;Stevandi\u0107 i Kova\u010devi\u0107 se \u017eale da im Schmidt \u017eeli pokvariti Bo\u017ei\u0107&quot; - TuzlaInfo.ba\" \/>\n<meta property=\"og:description\" content=\"Predsjednik Narodne skup\u0161tine RS Nenad Stevandi\u0107 rekao je da trenutno ne zna motiv za odluku&hellip;\" \/>\n<meta property=\"og:url\" content=\"https:\/\/tuzlainfo.ba\/index.php\/bosna-i-hercegovina\/item\/259494-reakcije-iz-rs-na-odluku-ohr-a-stevandic-i-kovacevic-se-zale-da-im-schmidt-zeli-pokvariti-bozic\/\" \/>\n<meta property=\"og:site_name\" content=\"TuzlaInfo.ba\" \/>\n<meta property=\"article:publisher\" content=\"https:\/\/www.facebook.com\/tuzlainfo.ba\/\" \/>\n<meta property=\"article:published_time\" content=\"2025-01-03T07:25:19+00:00\" \/>\n<meta property=\"og:image\" content=\"https:\/\/tuzlainfo.ba\/wp-content\/uploads\/2023\/09\/1409_nenad_stevandic.jpg\" \/>\n\t<meta property=\"og:image:width\" content=\"871\" \/>\n\t<meta property=\"og:image:height\" content=\"540\" \/>\n\t<meta property=\"og:image:type\" content=\"image\/jpeg\" \/>\n<meta name=\"author\" content=\"nedim\" \/>\n<meta name=\"twitter:card\" content=\"summary_large_image\" \/>\n<meta name=\"twitter:label1\" content=\"Written by\" \/>\n\t<meta name=\"twitter:data1\" content=\"nedim\" \/>\n\t<meta name=\"twitter:label2\" content=\"Est. reading time\" \/>\n\t<meta name=\"twitter:data2\" content=\"2 minute\" \/>\n<script type=\"application\/ld+json\" class=\"yoast-schema-graph\">{\"@context\":\"https:\/\/schema.org\",\"@graph\":[{\"@type\":\"Article\",\"@id\":\"https:\/\/tuzlainfo.ba\/index.php\/bosna-i-hercegovina\/item\/259494-reakcije-iz-rs-na-odluku-ohr-a-stevandic-i-kovacevic-se-zale-da-im-schmidt-zeli-pokvariti-bozic\/#article\",\"isPartOf\":{\"@id\":\"https:\/\/tuzlainfo.ba\/index.php\/bosna-i-hercegovina\/item\/259494-reakcije-iz-rs-na-odluku-ohr-a-stevandic-i-kovacevic-se-zale-da-im-schmidt-zeli-pokvariti-bozic\/\"},\"author\":{\"name\":\"nedim\",\"@id\":\"https:\/\/tuzlainfo.ba\/#\/schema\/person\/f434e20dc27ea133923aab08451b7f7f\"},\"headline\":\"Reakcije iz RS na odluku OHR-a: &#8220;Stevandi\u0107 i Kova\u010devi\u0107 se \u017eale da im Schmidt \u017eeli pokvariti Bo\u017ei\u0107&#8221;\",\"datePublished\":\"2025-01-03T07:25:19+00:00\",\"dateModified\":\"2025-01-03T07:25:19+00:00\",\"mainEntityOfPage\":{\"@id\":\"https:\/\/tuzlainfo.ba\/index.php\/bosna-i-hercegovina\/item\/259494-reakcije-iz-rs-na-odluku-ohr-a-stevandic-i-kovacevic-se-zale-da-im-schmidt-zeli-pokvariti-bozic\/\"},\"wordCount\":302,\"publisher\":{\"@id\":\"https:\/\/tuzlainfo.ba\/#organization\"},\"image\":{\"@id\":\"https:\/\/tuzlainfo.ba\/index.php\/bosna-i-hercegovina\/item\/259494-reakcije-iz-rs-na-odluku-ohr-a-stevandic-i-kovacevic-se-zale-da-im-schmidt-zeli-pokvariti-bozic\/#primaryimage\"},\"thumbnailUrl\":\"https:\/\/tuzlainfo.ba\/wp-content\/uploads\/2023\/09\/1409_nenad_stevandic.jpg\",\"keywords\":[\"Christian Schmidt\",\"OHR\"],\"articleSection\":[\"Bosna i Hercegovina\"],\"inLanguage\":\"bs-BA\"},{\"@type\":\"WebPage\",\"@id\":\"https:\/\/tuzlainfo.ba\/index.php\/bosna-i-hercegovina\/item\/259494-reakcije-iz-rs-na-odluku-ohr-a-stevandic-i-kovacevic-se-zale-da-im-schmidt-zeli-pokvariti-bozic\/\",\"url\":\"https:\/\/tuzlainfo.ba\/index.php\/bosna-i-hercegovina\/item\/259494-reakcije-iz-rs-na-odluku-ohr-a-stevandic-i-kovacevic-se-zale-da-im-schmidt-zeli-pokvariti-bozic\/\",\"name\":\"Reakcije iz RS na odluku OHR-a: \\\"Stevandi\u0107 i Kova\u010devi\u0107 se \u017eale da im Schmidt \u017eeli pokvariti Bo\u017ei\u0107\\\" - TuzlaInfo.ba\",\"isPartOf\":{\"@id\":\"https:\/\/tuzlainfo.ba\/#website\"},\"primaryImageOfPage\":{\"@id\":\"https:\/\/tuzlainfo.ba\/index.php\/bosna-i-hercegovina\/item\/259494-reakcije-iz-rs-na-odluku-ohr-a-stevandic-i-kovacevic-se-zale-da-im-schmidt-zeli-pokvariti-bozic\/#primaryimage\"},\"image\":{\"@id\":\"https:\/\/tuzlainfo.ba\/index.php\/bosna-i-hercegovina\/item\/259494-reakcije-iz-rs-na-odluku-ohr-a-stevandic-i-kovacevic-se-zale-da-im-schmidt-zeli-pokvariti-bozic\/#primaryimage\"},\"thumbnailUrl\":\"https:\/\/tuzlainfo.ba\/wp-content\/uploads\/2023\/09\/1409_nenad_stevandic.jpg\",\"datePublished\":\"2025-01-03T07:25:19+00:00\",\"dateModified\":\"2025-01-03T07:25:19+00:00\",\"breadcrumb\":{\"@id\":\"https:\/\/tuzlainfo.ba\/index.php\/bosna-i-hercegovina\/item\/259494-reakcije-iz-rs-na-odluku-ohr-a-stevandic-i-kovacevic-se-zale-da-im-schmidt-zeli-pokvariti-bozic\/#breadcrumb\"},\"inLanguage\":\"bs-BA\",\"potentialAction\":[{\"@type\":\"ReadAction\",\"target\":[\"https:\/\/tuzlainfo.ba\/index.php\/bosna-i-hercegovina\/item\/259494-reakcije-iz-rs-na-odluku-ohr-a-stevandic-i-kovacevic-se-zale-da-im-schmidt-zeli-pokvariti-bozic\/\"]}]},{\"@type\":\"ImageObject\",\"inLanguage\":\"bs-BA\",\"@id\":\"https:\/\/tuzlainfo.ba\/index.php\/bosna-i-hercegovina\/item\/259494-reakcije-iz-rs-na-odluku-ohr-a-stevandic-i-kovacevic-se-zale-da-im-schmidt-zeli-pokvariti-bozic\/#primaryimage\",\"url\":\"https:\/\/tuzlainfo.ba\/wp-content\/uploads\/2023\/09\/1409_nenad_stevandic.jpg\",\"contentUrl\":\"https:\/\/tuzlainfo.ba\/wp-content\/uploads\/2023\/09\/1409_nenad_stevandic.jpg\",\"width\":871,\"height\":540},{\"@type\":\"BreadcrumbList\",\"@id\":\"https:\/\/tuzlainfo.ba\/index.php\/bosna-i-hercegovina\/item\/259494-reakcije-iz-rs-na-odluku-ohr-a-stevandic-i-kovacevic-se-zale-da-im-schmidt-zeli-pokvariti-bozic\/#breadcrumb\",\"itemListElement\":[{\"@type\":\"ListItem\",\"position\":1,\"name\":\"Home\",\"item\":\"https:\/\/tuzlainfo.ba\/\"},{\"@type\":\"ListItem\",\"position\":2,\"name\":\"Reakcije iz RS na odluku OHR-a: &#8220;Stevandi\u0107 i Kova\u010devi\u0107 se \u017eale da im Schmidt \u017eeli pokvariti Bo\u017ei\u0107&#8221;\"}]},{\"@type\":\"WebSite\",\"@id\":\"https:\/\/tuzlainfo.ba\/#website\",\"url\":\"https:\/\/tuzlainfo.ba\/\",\"name\":\"TuzlaInfo.ba\",\"description\":\"Tuzla info, gradski informator - Tuzla na dlanu\",\"publisher\":{\"@id\":\"https:\/\/tuzlainfo.ba\/#organization\"},\"potentialAction\":[{\"@type\":\"SearchAction\",\"target\":{\"@type\":\"EntryPoint\",\"urlTemplate\":\"https:\/\/tuzlainfo.ba\/?s={search_term_string}\"},\"query-input\":{\"@type\":\"PropertyValueSpecification\",\"valueRequired\":true,\"valueName\":\"search_term_string\"}}],\"inLanguage\":\"bs-BA\"},{\"@type\":\"Organization\",\"@id\":\"https:\/\/tuzlainfo.ba\/#organization\",\"name\":\"TuzlaInfo.ba\",\"url\":\"https:\/\/tuzlainfo.ba\/\",\"logo\":{\"@type\":\"ImageObject\",\"inLanguage\":\"bs-BA\",\"@id\":\"https:\/\/tuzlainfo.ba\/#\/schema\/logo\/image\/\",\"url\":\"https:\/\/tuzlainfo.ba\/wp-content\/uploads\/2021\/03\/logo-ver-3-1.png\",\"contentUrl\":\"https:\/\/tuzlainfo.ba\/wp-content\/uploads\/2021\/03\/logo-ver-3-1.png\",\"width\":350,\"height\":95,\"caption\":\"TuzlaInfo.ba\"},\"image\":{\"@id\":\"https:\/\/tuzlainfo.ba\/#\/schema\/logo\/image\/\"},\"sameAs\":[\"https:\/\/www.facebook.com\/tuzlainfo.ba\/\"]},{\"@type\":\"Person\",\"@id\":\"https:\/\/tuzlainfo.ba\/#\/schema\/person\/f434e20dc27ea133923aab08451b7f7f\",\"name\":\"nedim\",\"image\":{\"@type\":\"ImageObject\",\"inLanguage\":\"bs-BA\",\"@id\":\"https:\/\/tuzlainfo.ba\/#\/schema\/person\/image\/\",\"url\":\"https:\/\/tuzlainfo.ba\/wp-content\/litespeed\/avatar\/aabad687af24844af817603ac1cbdc4f.jpg?ver=1777306975\",\"contentUrl\":\"https:\/\/tuzlainfo.ba\/wp-content\/litespeed\/avatar\/aabad687af24844af817603ac1cbdc4f.jpg?ver=1777306975\",\"caption\":\"nedim\"},\"description\":\"Tuzlainfo.ba pratite na dru\u0161tvenim mre\u017eama: Facebook, Instagram i Youtube. Svoje pri\u010de, upite i fotografije \u0161aljite na na\u0161u e-mail adresu.\"}]}<\/script>\n<!-- \/ Yoast SEO plugin. -->","yoast_head_json":{"title":"Reakcije iz RS na odluku OHR-a: \"Stevandi\u0107 i Kova\u010devi\u0107 se \u017eale da im Schmidt \u017eeli pokvariti Bo\u017ei\u0107\" - TuzlaInfo.ba","robots":{"index":"index","follow":"follow","max-snippet":"max-snippet:-1","max-image-preview":"max-image-preview:large","max-video-preview":"max-video-preview:-1"},"canonical":"https:\/\/tuzlainfo.ba\/index.php\/bosna-i-hercegovina\/item\/259494-reakcije-iz-rs-na-odluku-ohr-a-stevandic-i-kovacevic-se-zale-da-im-schmidt-zeli-pokvariti-bozic\/","og_locale":"bs_BA","og_type":"article","og_title":"Reakcije iz RS na odluku OHR-a: \"Stevandi\u0107 i Kova\u010devi\u0107 se \u017eale da im Schmidt \u017eeli pokvariti Bo\u017ei\u0107\" - TuzlaInfo.ba","og_description":"Predsjednik Narodne skup\u0161tine RS Nenad Stevandi\u0107 rekao je da trenutno ne zna motiv za odluku&hellip;","og_url":"https:\/\/tuzlainfo.ba\/index.php\/bosna-i-hercegovina\/item\/259494-reakcije-iz-rs-na-odluku-ohr-a-stevandic-i-kovacevic-se-zale-da-im-schmidt-zeli-pokvariti-bozic\/","og_site_name":"TuzlaInfo.ba","article_publisher":"https:\/\/www.facebook.com\/tuzlainfo.ba\/","article_published_time":"2025-01-03T07:25:19+00:00","og_image":[{"width":871,"height":540,"url":"https:\/\/tuzlainfo.ba\/wp-content\/uploads\/2023\/09\/1409_nenad_stevandic.jpg","type":"image\/jpeg"}],"author":"nedim","twitter_card":"summary_large_image","twitter_misc":{"Written by":"nedim","Est. reading time":"2 minute"},"schema":{"@context":"https:\/\/schema.org","@graph":[{"@type":"Article","@id":"https:\/\/tuzlainfo.ba\/index.php\/bosna-i-hercegovina\/item\/259494-reakcije-iz-rs-na-odluku-ohr-a-stevandic-i-kovacevic-se-zale-da-im-schmidt-zeli-pokvariti-bozic\/#article","isPartOf":{"@id":"https:\/\/tuzlainfo.ba\/index.php\/bosna-i-hercegovina\/item\/259494-reakcije-iz-rs-na-odluku-ohr-a-stevandic-i-kovacevic-se-zale-da-im-schmidt-zeli-pokvariti-bozic\/"},"author":{"name":"nedim","@id":"https:\/\/tuzlainfo.ba\/#\/schema\/person\/f434e20dc27ea133923aab08451b7f7f"},"headline":"Reakcije iz RS na odluku OHR-a: &#8220;Stevandi\u0107 i Kova\u010devi\u0107 se \u017eale da im Schmidt \u017eeli pokvariti Bo\u017ei\u0107&#8221;","datePublished":"2025-01-03T07:25:19+00:00","dateModified":"2025-01-03T07:25:19+00:00","mainEntityOfPage":{"@id":"https:\/\/tuzlainfo.ba\/index.php\/bosna-i-hercegovina\/item\/259494-reakcije-iz-rs-na-odluku-ohr-a-stevandic-i-kovacevic-se-zale-da-im-schmidt-zeli-pokvariti-bozic\/"},"wordCount":302,"publisher":{"@id":"https:\/\/tuzlainfo.ba\/#organization"},"image":{"@id":"https:\/\/tuzlainfo.ba\/index.php\/bosna-i-hercegovina\/item\/259494-reakcije-iz-rs-na-odluku-ohr-a-stevandic-i-kovacevic-se-zale-da-im-schmidt-zeli-pokvariti-bozic\/#primaryimage"},"thumbnailUrl":"https:\/\/tuzlainfo.ba\/wp-content\/uploads\/2023\/09\/1409_nenad_stevandic.jpg","keywords":["Christian Schmidt","OHR"],"articleSection":["Bosna i Hercegovina"],"inLanguage":"bs-BA"},{"@type":"WebPage","@id":"https:\/\/tuzlainfo.ba\/index.php\/bosna-i-hercegovina\/item\/259494-reakcije-iz-rs-na-odluku-ohr-a-stevandic-i-kovacevic-se-zale-da-im-schmidt-zeli-pokvariti-bozic\/","url":"https:\/\/tuzlainfo.ba\/index.php\/bosna-i-hercegovina\/item\/259494-reakcije-iz-rs-na-odluku-ohr-a-stevandic-i-kovacevic-se-zale-da-im-schmidt-zeli-pokvariti-bozic\/","name":"Reakcije iz RS na odluku OHR-a: \"Stevandi\u0107 i Kova\u010devi\u0107 se \u017eale da im Schmidt \u017eeli pokvariti Bo\u017ei\u0107\" - TuzlaInfo.ba","isPartOf":{"@id":"https:\/\/tuzlainfo.ba\/#website"},"primaryImageOfPage":{"@id":"https:\/\/tuzlainfo.ba\/index.php\/bosna-i-hercegovina\/item\/259494-reakcije-iz-rs-na-odluku-ohr-a-stevandic-i-kovacevic-se-zale-da-im-schmidt-zeli-pokvariti-bozic\/#primaryimage"},"image":{"@id":"https:\/\/tuzlainfo.ba\/index.php\/bosna-i-hercegovina\/item\/259494-reakcije-iz-rs-na-odluku-ohr-a-stevandic-i-kovacevic-se-zale-da-im-schmidt-zeli-pokvariti-bozic\/#primaryimage"},"thumbnailUrl":"https:\/\/tuzlainfo.ba\/wp-content\/uploads\/2023\/09\/1409_nenad_stevandic.jpg","datePublished":"2025-01-03T07:25:19+00:00","dateModified":"2025-01-03T07:25:19+00:00","breadcrumb":{"@id":"https:\/\/tuzlainfo.ba\/index.php\/bosna-i-hercegovina\/item\/259494-reakcije-iz-rs-na-odluku-ohr-a-stevandic-i-kovacevic-se-zale-da-im-schmidt-zeli-pokvariti-bozic\/#breadcrumb"},"inLanguage":"bs-BA","potentialAction":[{"@type":"ReadAction","target":["https:\/\/tuzlainfo.ba\/index.php\/bosna-i-hercegovina\/item\/259494-reakcije-iz-rs-na-odluku-ohr-a-stevandic-i-kovacevic-se-zale-da-im-schmidt-zeli-pokvariti-bozic\/"]}]},{"@type":"ImageObject","inLanguage":"bs-BA","@id":"https:\/\/tuzlainfo.ba\/index.php\/bosna-i-hercegovina\/item\/259494-reakcije-iz-rs-na-odluku-ohr-a-stevandic-i-kovacevic-se-zale-da-im-schmidt-zeli-pokvariti-bozic\/#primaryimage","url":"https:\/\/tuzlainfo.ba\/wp-content\/uploads\/2023\/09\/1409_nenad_stevandic.jpg","contentUrl":"https:\/\/tuzlainfo.ba\/wp-content\/uploads\/2023\/09\/1409_nenad_stevandic.jpg","width":871,"height":540},{"@type":"BreadcrumbList","@id":"https:\/\/tuzlainfo.ba\/index.php\/bosna-i-hercegovina\/item\/259494-reakcije-iz-rs-na-odluku-ohr-a-stevandic-i-kovacevic-se-zale-da-im-schmidt-zeli-pokvariti-bozic\/#breadcrumb","itemListElement":[{"@type":"ListItem","position":1,"name":"Home","item":"https:\/\/tuzlainfo.ba\/"},{"@type":"ListItem","position":2,"name":"Reakcije iz RS na odluku OHR-a: &#8220;Stevandi\u0107 i Kova\u010devi\u0107 se \u017eale da im Schmidt \u017eeli pokvariti Bo\u017ei\u0107&#8221;"}]},{"@type":"WebSite","@id":"https:\/\/tuzlainfo.ba\/#website","url":"https:\/\/tuzlainfo.ba\/","name":"TuzlaInfo.ba","description":"Tuzla info, gradski informator - Tuzla na dlanu","publisher":{"@id":"https:\/\/tuzlainfo.ba\/#organization"},"potentialAction":[{"@type":"SearchAction","target":{"@type":"EntryPoint","urlTemplate":"https:\/\/tuzlainfo.ba\/?s={search_term_string}"},"query-input":{"@type":"PropertyValueSpecification","valueRequired":true,"valueName":"search_term_string"}}],"inLanguage":"bs-BA"},{"@type":"Organization","@id":"https:\/\/tuzlainfo.ba\/#organization","name":"TuzlaInfo.ba","url":"https:\/\/tuzlainfo.ba\/","logo":{"@type":"ImageObject","inLanguage":"bs-BA","@id":"https:\/\/tuzlainfo.ba\/#\/schema\/logo\/image\/","url":"https:\/\/tuzlainfo.ba\/wp-content\/uploads\/2021\/03\/logo-ver-3-1.png","contentUrl":"https:\/\/tuzlainfo.ba\/wp-content\/uploads\/2021\/03\/logo-ver-3-1.png","width":350,"height":95,"caption":"TuzlaInfo.ba"},"image":{"@id":"https:\/\/tuzlainfo.ba\/#\/schema\/logo\/image\/"},"sameAs":["https:\/\/www.facebook.com\/tuzlainfo.ba\/"]},{"@type":"Person","@id":"https:\/\/tuzlainfo.ba\/#\/schema\/person\/f434e20dc27ea133923aab08451b7f7f","name":"nedim","image":{"@type":"ImageObject","inLanguage":"bs-BA","@id":"https:\/\/tuzlainfo.ba\/#\/schema\/person\/image\/","url":"https:\/\/tuzlainfo.ba\/wp-content\/litespeed\/avatar\/aabad687af24844af817603ac1cbdc4f.jpg?ver=1777306975","contentUrl":"https:\/\/tuzlainfo.ba\/wp-content\/litespeed\/avatar\/aabad687af24844af817603ac1cbdc4f.jpg?ver=1777306975","caption":"nedim"},"description":"Tuzlainfo.ba pratite na dru\u0161tvenim mre\u017eama: Facebook, Instagram i Youtube. Svoje pri\u010de, upite i fotografije \u0161aljite na na\u0161u e-mail adresu."}]}},"_links":{"self":[{"href":"https:\/\/tuzlainfo.ba\/index.php\/wp-json\/wp\/v2\/posts\/259494"}],"collection":[{"href":"https:\/\/tuzlainfo.ba\/index.php\/wp-json\/wp\/v2\/posts"}],"about":[{"href":"https:\/\/tuzlainfo.ba\/index.php\/wp-json\/wp\/v2\/types\/post"}],"author":[{"embeddable":true,"href":"https:\/\/tuzlainfo.ba\/index.php\/wp-json\/wp\/v2\/users\/2"}],"replies":[{"embeddable":true,"href":"https:\/\/tuzlainfo.ba\/index.php\/wp-json\/wp\/v2\/comments?post=259494"}],"version-history":[{"count":1,"href":"https:\/\/tuzlainfo.ba\/index.php\/wp-json\/wp\/v2\/posts\/259494\/revisions"}],"predecessor-version":[{"id":259495,"href":"https:\/\/tuzlainfo.ba\/index.php\/wp-json\/wp\/v2\/posts\/259494\/revisions\/259495"}],"wp:featuredmedia":[{"embeddable":true,"href":"https:\/\/tuzlainfo.ba\/index.php\/wp-json\/wp\/v2\/media\/216844"}],"wp:attachment":[{"href":"https:\/\/tuzlainfo.ba\/index.php\/wp-json\/wp\/v2\/media?parent=259494"}],"wp:term":[{"taxonomy":"category","embeddable":true,"href":"https:\/\/tuzlainfo.ba\/index.php\/wp-json\/wp\/v2\/categories?post=259494"},{"taxonomy":"post_tag","embeddable":true,"href":"https:\/\/tuzlainfo.ba\/index.php\/wp-json\/wp\/v2\/tags?post=259494"}],"curies":[{"name":"wp","href":"https:\/\/api.w.org\/{rel}","templated":true}]}}