{"id":259477,"date":"2025-01-02T18:52:02","date_gmt":"2025-01-02T17:52:02","guid":{"rendered":"https:\/\/tuzlainfo.ba\/?p=259477"},"modified":"2025-01-02T18:52:27","modified_gmt":"2025-01-02T17:52:27","slug":"na-snagu-stupa-odmah-ohr-zabranio-provedbu-zakljucaka-nsrs","status":"publish","type":"post","link":"https:\/\/tuzlainfo.ba\/index.php\/bosna-i-hercegovina\/item\/259477-na-snagu-stupa-odmah-ohr-zabranio-provedbu-zakljucaka-nsrs\/","title":{"rendered":"Na snagu stupa odmah: OHR zabranio provedbu zaklju\u010daka NSRS"},"content":{"rendered":"<p class=\"single-intro\">Zaklju\u010dci koje je usvojila Narodna skup\u0161tina RS na 16. posebnoj sjednici 24. i 25. decembra 2024. predstavljaju nepromi\u0161ljen poku\u0161aj Narodne skup\u0161tine RS da stvori posebna pravila za konceptualno i pravno negiranje na\u010dela Daytonskog mirovnog sporazuma, koji je temelj za pravni okvir Bosne i Hercegovine, stoji u objavi OHR-a.<\/p>\n<div class=\"single-text\">\n<p>&#8220;Svako nepo\u0161tivanje ovog sporazuma dovest \u0107e u pitanje stabilnost i pravni integritet zemlje i mogu\u0107nost uravnote\u017eenja politi\u010dkih pozicija na po\u0161ten i demokratski na\u010din. Sve dok se demokratska integracija u transatlantsku i evropsku zajednicu u potpunosti ne ostvari, me\u0111unarodna zajednica ne mo\u017ee ostati nijema i mora doprinijeti o\u010duvanju me\u0111unarodno dogovorenih na\u010dela Daytonskog mirovnog sporazuma (GFAP) kao temelja multietni\u010dke dr\u017eave bez diskriminacije. Budu\u0107i da je visoki predstavnik u skladu sa svojim mandatom kona\u010dni autoritet u pogledu tuma\u010denja provedbe civilnog dijela Daytonskog mirovnog sporazuma, on ima du\u017enost da djeluje ukoliko do\u0111e do zna\u010dajnog kr\u0161enja ili najava kr\u0161enja Daytonskog mirovnog sporazuma&#8221;, navodi se u objavi OHR-a.<\/p>\n<p>Dodaje se da u svjetlu ovih \u010dinjenica, visoki predstavnik donosi Nalog kojim se svaki poku\u0161aj provedbe opasnih elemenata gorespomenutih zaklju\u010daka, koji pozivaju na djelovanje, progla\u0161ava zabranjenim i ka\u017enjivim po zakonu.<\/p>\n<p>&#8220;Prema tome, od vladaju\u0107e koalicije u Republici Srpskoj prvenstveno zavisi ho\u0107e li biti zakonskih posljedica ili ne. Visoki predstavnik poziva \u010dlanove NSRS da razmisle o posljedicama takvih postupaka i na brzinu sastavljene pravno neutemeljene mje\u0161avine skup\u0161tinskih odluka koje se odnose na konkretno pitanje. Pravo na po\u0161teno su\u0111enje mora biti za\u0161ti\u0107eno zagarantiranim procedurama i po\u0161tivanjem vladavine prava, a ne stvaranjem unilateralnih pravila. Osnovna poruka ovog Naloga je: niko nije iznad zakona i niko ne smije zloupotrebljavati zakon. Ovaj Nalog ne isklju\u010duje postupanje nadle\u017enih institucija Bosne i Hercegovine, koje mogu preduzeti odgovaraju\u0107e radnje na osnovu vlastite procjene&#8221;, isti\u010de se i dodaje:<\/p>\n<p>&#8220;Me\u0111u brojnim problemati\u010dnim tvrdnjama sadr\u017eanim u zaklju\u010dcima NSRS je i ideja da bi se skup\u0161tinske odluke unutar multietni\u010dkog entiteta Republika Srpska mogle odnositi samo na jednu etni\u010dku grupu. Takve mjere nisu samo diskriminatorne, ve\u0107 su u direktnoj suprotnosti sa duhom Daytonskog mirovnog sporazuma, posebno Aneksom 4, odnosno Ustavom Bosne i Hercegovine, ali i evropskim normama. Ovi zaklju\u010dci potencijalno mogu biti zna\u010dajna smetnja na putu Bosne i Hercegovine ka \u010dlanstvu u EU&#8221;.<\/p>\n<p>Ovaj Nalog stupa na snagu odmah po objavljivanju na slu\u017ebenoj internet stranici Ureda visokog predstavnika.<\/p>\n<\/div>\n","protected":false},"excerpt":{"rendered":"<p>Zaklju\u010dci koje je usvojila Narodna skup\u0161tina RS na 16. posebnoj sjednici 24. i 25. decembra&hellip;<\/p>\n","protected":false},"author":2,"featured_media":179559,"comment_status":"closed","ping_status":"closed","sticky":false,"template":"","format":"standard","meta":{"_acf_changed":false,"footnotes":""},"categories":[291],"tags":[1003,770],"acf":[],"yoast_head":"<!-- This site is optimized with the Yoast SEO plugin v23.5 - https:\/\/yoast.com\/wordpress\/plugins\/seo\/ -->\n<title>Na snagu stupa odmah: OHR zabranio provedbu zaklju\u010daka NSRS - TuzlaInfo.ba<\/title>\n<meta name=\"robots\" content=\"index, follow, max-snippet:-1, max-image-preview:large, max-video-preview:-1\" \/>\n<link rel=\"canonical\" href=\"https:\/\/tuzlainfo.ba\/index.php\/bosna-i-hercegovina\/item\/259477-na-snagu-stupa-odmah-ohr-zabranio-provedbu-zakljucaka-nsrs\/\" \/>\n<meta property=\"og:locale\" content=\"bs_BA\" \/>\n<meta property=\"og:type\" content=\"article\" \/>\n<meta property=\"og:title\" content=\"Na snagu stupa odmah: OHR zabranio provedbu zaklju\u010daka NSRS - TuzlaInfo.ba\" \/>\n<meta property=\"og:description\" content=\"Zaklju\u010dci koje je usvojila Narodna skup\u0161tina RS na 16. posebnoj sjednici 24. i 25. decembra&hellip;\" \/>\n<meta property=\"og:url\" content=\"https:\/\/tuzlainfo.ba\/index.php\/bosna-i-hercegovina\/item\/259477-na-snagu-stupa-odmah-ohr-zabranio-provedbu-zakljucaka-nsrs\/\" \/>\n<meta property=\"og:site_name\" content=\"TuzlaInfo.ba\" \/>\n<meta property=\"article:publisher\" content=\"https:\/\/www.facebook.com\/tuzlainfo.ba\/\" \/>\n<meta property=\"article:published_time\" content=\"2025-01-02T17:52:02+00:00\" \/>\n<meta property=\"article:modified_time\" content=\"2025-01-02T17:52:27+00:00\" \/>\n<meta property=\"og:image\" content=\"https:\/\/tuzlainfo.ba\/wp-content\/uploads\/2022\/07\/2707_schmidt_ohr.jpg\" \/>\n\t<meta property=\"og:image:width\" content=\"800\" \/>\n\t<meta property=\"og:image:height\" content=\"508\" \/>\n\t<meta property=\"og:image:type\" content=\"image\/jpeg\" \/>\n<meta name=\"author\" content=\"nedim\" \/>\n<meta name=\"twitter:card\" content=\"summary_large_image\" \/>\n<meta name=\"twitter:label1\" content=\"Written by\" \/>\n\t<meta name=\"twitter:data1\" content=\"nedim\" \/>\n\t<meta name=\"twitter:label2\" content=\"Est. reading time\" \/>\n\t<meta name=\"twitter:data2\" content=\"3 minute\" \/>\n<script type=\"application\/ld+json\" class=\"yoast-schema-graph\">{\"@context\":\"https:\/\/schema.org\",\"@graph\":[{\"@type\":\"Article\",\"@id\":\"https:\/\/tuzlainfo.ba\/index.php\/bosna-i-hercegovina\/item\/259477-na-snagu-stupa-odmah-ohr-zabranio-provedbu-zakljucaka-nsrs\/#article\",\"isPartOf\":{\"@id\":\"https:\/\/tuzlainfo.ba\/index.php\/bosna-i-hercegovina\/item\/259477-na-snagu-stupa-odmah-ohr-zabranio-provedbu-zakljucaka-nsrs\/\"},\"author\":{\"name\":\"nedim\",\"@id\":\"https:\/\/tuzlainfo.ba\/#\/schema\/person\/f434e20dc27ea133923aab08451b7f7f\"},\"headline\":\"Na snagu stupa odmah: OHR zabranio provedbu zaklju\u010daka NSRS\",\"datePublished\":\"2025-01-02T17:52:02+00:00\",\"dateModified\":\"2025-01-02T17:52:27+00:00\",\"mainEntityOfPage\":{\"@id\":\"https:\/\/tuzlainfo.ba\/index.php\/bosna-i-hercegovina\/item\/259477-na-snagu-stupa-odmah-ohr-zabranio-provedbu-zakljucaka-nsrs\/\"},\"wordCount\":424,\"publisher\":{\"@id\":\"https:\/\/tuzlainfo.ba\/#organization\"},\"image\":{\"@id\":\"https:\/\/tuzlainfo.ba\/index.php\/bosna-i-hercegovina\/item\/259477-na-snagu-stupa-odmah-ohr-zabranio-provedbu-zakljucaka-nsrs\/#primaryimage\"},\"thumbnailUrl\":\"https:\/\/tuzlainfo.ba\/wp-content\/uploads\/2022\/07\/2707_schmidt_ohr.jpg\",\"keywords\":[\"NSRS\",\"OHR\"],\"articleSection\":[\"Bosna i Hercegovina\"],\"inLanguage\":\"bs-BA\"},{\"@type\":\"WebPage\",\"@id\":\"https:\/\/tuzlainfo.ba\/index.php\/bosna-i-hercegovina\/item\/259477-na-snagu-stupa-odmah-ohr-zabranio-provedbu-zakljucaka-nsrs\/\",\"url\":\"https:\/\/tuzlainfo.ba\/index.php\/bosna-i-hercegovina\/item\/259477-na-snagu-stupa-odmah-ohr-zabranio-provedbu-zakljucaka-nsrs\/\",\"name\":\"Na snagu stupa odmah: OHR zabranio provedbu zaklju\u010daka NSRS - TuzlaInfo.ba\",\"isPartOf\":{\"@id\":\"https:\/\/tuzlainfo.ba\/#website\"},\"primaryImageOfPage\":{\"@id\":\"https:\/\/tuzlainfo.ba\/index.php\/bosna-i-hercegovina\/item\/259477-na-snagu-stupa-odmah-ohr-zabranio-provedbu-zakljucaka-nsrs\/#primaryimage\"},\"image\":{\"@id\":\"https:\/\/tuzlainfo.ba\/index.php\/bosna-i-hercegovina\/item\/259477-na-snagu-stupa-odmah-ohr-zabranio-provedbu-zakljucaka-nsrs\/#primaryimage\"},\"thumbnailUrl\":\"https:\/\/tuzlainfo.ba\/wp-content\/uploads\/2022\/07\/2707_schmidt_ohr.jpg\",\"datePublished\":\"2025-01-02T17:52:02+00:00\",\"dateModified\":\"2025-01-02T17:52:27+00:00\",\"breadcrumb\":{\"@id\":\"https:\/\/tuzlainfo.ba\/index.php\/bosna-i-hercegovina\/item\/259477-na-snagu-stupa-odmah-ohr-zabranio-provedbu-zakljucaka-nsrs\/#breadcrumb\"},\"inLanguage\":\"bs-BA\",\"potentialAction\":[{\"@type\":\"ReadAction\",\"target\":[\"https:\/\/tuzlainfo.ba\/index.php\/bosna-i-hercegovina\/item\/259477-na-snagu-stupa-odmah-ohr-zabranio-provedbu-zakljucaka-nsrs\/\"]}]},{\"@type\":\"ImageObject\",\"inLanguage\":\"bs-BA\",\"@id\":\"https:\/\/tuzlainfo.ba\/index.php\/bosna-i-hercegovina\/item\/259477-na-snagu-stupa-odmah-ohr-zabranio-provedbu-zakljucaka-nsrs\/#primaryimage\",\"url\":\"https:\/\/tuzlainfo.ba\/wp-content\/uploads\/2022\/07\/2707_schmidt_ohr.jpg\",\"contentUrl\":\"https:\/\/tuzlainfo.ba\/wp-content\/uploads\/2022\/07\/2707_schmidt_ohr.jpg\",\"width\":800,\"height\":508},{\"@type\":\"BreadcrumbList\",\"@id\":\"https:\/\/tuzlainfo.ba\/index.php\/bosna-i-hercegovina\/item\/259477-na-snagu-stupa-odmah-ohr-zabranio-provedbu-zakljucaka-nsrs\/#breadcrumb\",\"itemListElement\":[{\"@type\":\"ListItem\",\"position\":1,\"name\":\"Home\",\"item\":\"https:\/\/tuzlainfo.ba\/\"},{\"@type\":\"ListItem\",\"position\":2,\"name\":\"Na snagu stupa odmah: OHR zabranio provedbu zaklju\u010daka NSRS\"}]},{\"@type\":\"WebSite\",\"@id\":\"https:\/\/tuzlainfo.ba\/#website\",\"url\":\"https:\/\/tuzlainfo.ba\/\",\"name\":\"TuzlaInfo.ba\",\"description\":\"Tuzla info, gradski informator - Tuzla na dlanu\",\"publisher\":{\"@id\":\"https:\/\/tuzlainfo.ba\/#organization\"},\"potentialAction\":[{\"@type\":\"SearchAction\",\"target\":{\"@type\":\"EntryPoint\",\"urlTemplate\":\"https:\/\/tuzlainfo.ba\/?s={search_term_string}\"},\"query-input\":{\"@type\":\"PropertyValueSpecification\",\"valueRequired\":true,\"valueName\":\"search_term_string\"}}],\"inLanguage\":\"bs-BA\"},{\"@type\":\"Organization\",\"@id\":\"https:\/\/tuzlainfo.ba\/#organization\",\"name\":\"TuzlaInfo.ba\",\"url\":\"https:\/\/tuzlainfo.ba\/\",\"logo\":{\"@type\":\"ImageObject\",\"inLanguage\":\"bs-BA\",\"@id\":\"https:\/\/tuzlainfo.ba\/#\/schema\/logo\/image\/\",\"url\":\"https:\/\/tuzlainfo.ba\/wp-content\/uploads\/2021\/03\/logo-ver-3-1.png\",\"contentUrl\":\"https:\/\/tuzlainfo.ba\/wp-content\/uploads\/2021\/03\/logo-ver-3-1.png\",\"width\":350,\"height\":95,\"caption\":\"TuzlaInfo.ba\"},\"image\":{\"@id\":\"https:\/\/tuzlainfo.ba\/#\/schema\/logo\/image\/\"},\"sameAs\":[\"https:\/\/www.facebook.com\/tuzlainfo.ba\/\"]},{\"@type\":\"Person\",\"@id\":\"https:\/\/tuzlainfo.ba\/#\/schema\/person\/f434e20dc27ea133923aab08451b7f7f\",\"name\":\"nedim\",\"image\":{\"@type\":\"ImageObject\",\"inLanguage\":\"bs-BA\",\"@id\":\"https:\/\/tuzlainfo.ba\/#\/schema\/person\/image\/\",\"url\":\"https:\/\/tuzlainfo.ba\/wp-content\/litespeed\/avatar\/aabad687af24844af817603ac1cbdc4f.jpg?ver=1777306975\",\"contentUrl\":\"https:\/\/tuzlainfo.ba\/wp-content\/litespeed\/avatar\/aabad687af24844af817603ac1cbdc4f.jpg?ver=1777306975\",\"caption\":\"nedim\"},\"description\":\"Tuzlainfo.ba pratite na dru\u0161tvenim mre\u017eama: Facebook, Instagram i Youtube. Svoje pri\u010de, upite i fotografije \u0161aljite na na\u0161u e-mail adresu.\"}]}<\/script>\n<!-- \/ Yoast SEO plugin. -->","yoast_head_json":{"title":"Na snagu stupa odmah: OHR zabranio provedbu zaklju\u010daka NSRS - TuzlaInfo.ba","robots":{"index":"index","follow":"follow","max-snippet":"max-snippet:-1","max-image-preview":"max-image-preview:large","max-video-preview":"max-video-preview:-1"},"canonical":"https:\/\/tuzlainfo.ba\/index.php\/bosna-i-hercegovina\/item\/259477-na-snagu-stupa-odmah-ohr-zabranio-provedbu-zakljucaka-nsrs\/","og_locale":"bs_BA","og_type":"article","og_title":"Na snagu stupa odmah: OHR zabranio provedbu zaklju\u010daka NSRS - TuzlaInfo.ba","og_description":"Zaklju\u010dci koje je usvojila Narodna skup\u0161tina RS na 16. posebnoj sjednici 24. i 25. decembra&hellip;","og_url":"https:\/\/tuzlainfo.ba\/index.php\/bosna-i-hercegovina\/item\/259477-na-snagu-stupa-odmah-ohr-zabranio-provedbu-zakljucaka-nsrs\/","og_site_name":"TuzlaInfo.ba","article_publisher":"https:\/\/www.facebook.com\/tuzlainfo.ba\/","article_published_time":"2025-01-02T17:52:02+00:00","article_modified_time":"2025-01-02T17:52:27+00:00","og_image":[{"width":800,"height":508,"url":"https:\/\/tuzlainfo.ba\/wp-content\/uploads\/2022\/07\/2707_schmidt_ohr.jpg","type":"image\/jpeg"}],"author":"nedim","twitter_card":"summary_large_image","twitter_misc":{"Written by":"nedim","Est. reading time":"3 minute"},"schema":{"@context":"https:\/\/schema.org","@graph":[{"@type":"Article","@id":"https:\/\/tuzlainfo.ba\/index.php\/bosna-i-hercegovina\/item\/259477-na-snagu-stupa-odmah-ohr-zabranio-provedbu-zakljucaka-nsrs\/#article","isPartOf":{"@id":"https:\/\/tuzlainfo.ba\/index.php\/bosna-i-hercegovina\/item\/259477-na-snagu-stupa-odmah-ohr-zabranio-provedbu-zakljucaka-nsrs\/"},"author":{"name":"nedim","@id":"https:\/\/tuzlainfo.ba\/#\/schema\/person\/f434e20dc27ea133923aab08451b7f7f"},"headline":"Na snagu stupa odmah: OHR zabranio provedbu zaklju\u010daka NSRS","datePublished":"2025-01-02T17:52:02+00:00","dateModified":"2025-01-02T17:52:27+00:00","mainEntityOfPage":{"@id":"https:\/\/tuzlainfo.ba\/index.php\/bosna-i-hercegovina\/item\/259477-na-snagu-stupa-odmah-ohr-zabranio-provedbu-zakljucaka-nsrs\/"},"wordCount":424,"publisher":{"@id":"https:\/\/tuzlainfo.ba\/#organization"},"image":{"@id":"https:\/\/tuzlainfo.ba\/index.php\/bosna-i-hercegovina\/item\/259477-na-snagu-stupa-odmah-ohr-zabranio-provedbu-zakljucaka-nsrs\/#primaryimage"},"thumbnailUrl":"https:\/\/tuzlainfo.ba\/wp-content\/uploads\/2022\/07\/2707_schmidt_ohr.jpg","keywords":["NSRS","OHR"],"articleSection":["Bosna i Hercegovina"],"inLanguage":"bs-BA"},{"@type":"WebPage","@id":"https:\/\/tuzlainfo.ba\/index.php\/bosna-i-hercegovina\/item\/259477-na-snagu-stupa-odmah-ohr-zabranio-provedbu-zakljucaka-nsrs\/","url":"https:\/\/tuzlainfo.ba\/index.php\/bosna-i-hercegovina\/item\/259477-na-snagu-stupa-odmah-ohr-zabranio-provedbu-zakljucaka-nsrs\/","name":"Na snagu stupa odmah: OHR zabranio provedbu zaklju\u010daka NSRS - TuzlaInfo.ba","isPartOf":{"@id":"https:\/\/tuzlainfo.ba\/#website"},"primaryImageOfPage":{"@id":"https:\/\/tuzlainfo.ba\/index.php\/bosna-i-hercegovina\/item\/259477-na-snagu-stupa-odmah-ohr-zabranio-provedbu-zakljucaka-nsrs\/#primaryimage"},"image":{"@id":"https:\/\/tuzlainfo.ba\/index.php\/bosna-i-hercegovina\/item\/259477-na-snagu-stupa-odmah-ohr-zabranio-provedbu-zakljucaka-nsrs\/#primaryimage"},"thumbnailUrl":"https:\/\/tuzlainfo.ba\/wp-content\/uploads\/2022\/07\/2707_schmidt_ohr.jpg","datePublished":"2025-01-02T17:52:02+00:00","dateModified":"2025-01-02T17:52:27+00:00","breadcrumb":{"@id":"https:\/\/tuzlainfo.ba\/index.php\/bosna-i-hercegovina\/item\/259477-na-snagu-stupa-odmah-ohr-zabranio-provedbu-zakljucaka-nsrs\/#breadcrumb"},"inLanguage":"bs-BA","potentialAction":[{"@type":"ReadAction","target":["https:\/\/tuzlainfo.ba\/index.php\/bosna-i-hercegovina\/item\/259477-na-snagu-stupa-odmah-ohr-zabranio-provedbu-zakljucaka-nsrs\/"]}]},{"@type":"ImageObject","inLanguage":"bs-BA","@id":"https:\/\/tuzlainfo.ba\/index.php\/bosna-i-hercegovina\/item\/259477-na-snagu-stupa-odmah-ohr-zabranio-provedbu-zakljucaka-nsrs\/#primaryimage","url":"https:\/\/tuzlainfo.ba\/wp-content\/uploads\/2022\/07\/2707_schmidt_ohr.jpg","contentUrl":"https:\/\/tuzlainfo.ba\/wp-content\/uploads\/2022\/07\/2707_schmidt_ohr.jpg","width":800,"height":508},{"@type":"BreadcrumbList","@id":"https:\/\/tuzlainfo.ba\/index.php\/bosna-i-hercegovina\/item\/259477-na-snagu-stupa-odmah-ohr-zabranio-provedbu-zakljucaka-nsrs\/#breadcrumb","itemListElement":[{"@type":"ListItem","position":1,"name":"Home","item":"https:\/\/tuzlainfo.ba\/"},{"@type":"ListItem","position":2,"name":"Na snagu stupa odmah: OHR zabranio provedbu zaklju\u010daka NSRS"}]},{"@type":"WebSite","@id":"https:\/\/tuzlainfo.ba\/#website","url":"https:\/\/tuzlainfo.ba\/","name":"TuzlaInfo.ba","description":"Tuzla info, gradski informator - Tuzla na dlanu","publisher":{"@id":"https:\/\/tuzlainfo.ba\/#organization"},"potentialAction":[{"@type":"SearchAction","target":{"@type":"EntryPoint","urlTemplate":"https:\/\/tuzlainfo.ba\/?s={search_term_string}"},"query-input":{"@type":"PropertyValueSpecification","valueRequired":true,"valueName":"search_term_string"}}],"inLanguage":"bs-BA"},{"@type":"Organization","@id":"https:\/\/tuzlainfo.ba\/#organization","name":"TuzlaInfo.ba","url":"https:\/\/tuzlainfo.ba\/","logo":{"@type":"ImageObject","inLanguage":"bs-BA","@id":"https:\/\/tuzlainfo.ba\/#\/schema\/logo\/image\/","url":"https:\/\/tuzlainfo.ba\/wp-content\/uploads\/2021\/03\/logo-ver-3-1.png","contentUrl":"https:\/\/tuzlainfo.ba\/wp-content\/uploads\/2021\/03\/logo-ver-3-1.png","width":350,"height":95,"caption":"TuzlaInfo.ba"},"image":{"@id":"https:\/\/tuzlainfo.ba\/#\/schema\/logo\/image\/"},"sameAs":["https:\/\/www.facebook.com\/tuzlainfo.ba\/"]},{"@type":"Person","@id":"https:\/\/tuzlainfo.ba\/#\/schema\/person\/f434e20dc27ea133923aab08451b7f7f","name":"nedim","image":{"@type":"ImageObject","inLanguage":"bs-BA","@id":"https:\/\/tuzlainfo.ba\/#\/schema\/person\/image\/","url":"https:\/\/tuzlainfo.ba\/wp-content\/litespeed\/avatar\/aabad687af24844af817603ac1cbdc4f.jpg?ver=1777306975","contentUrl":"https:\/\/tuzlainfo.ba\/wp-content\/litespeed\/avatar\/aabad687af24844af817603ac1cbdc4f.jpg?ver=1777306975","caption":"nedim"},"description":"Tuzlainfo.ba pratite na dru\u0161tvenim mre\u017eama: Facebook, Instagram i Youtube. Svoje pri\u010de, upite i fotografije \u0161aljite na na\u0161u e-mail adresu."}]}},"_links":{"self":[{"href":"https:\/\/tuzlainfo.ba\/index.php\/wp-json\/wp\/v2\/posts\/259477"}],"collection":[{"href":"https:\/\/tuzlainfo.ba\/index.php\/wp-json\/wp\/v2\/posts"}],"about":[{"href":"https:\/\/tuzlainfo.ba\/index.php\/wp-json\/wp\/v2\/types\/post"}],"author":[{"embeddable":true,"href":"https:\/\/tuzlainfo.ba\/index.php\/wp-json\/wp\/v2\/users\/2"}],"replies":[{"embeddable":true,"href":"https:\/\/tuzlainfo.ba\/index.php\/wp-json\/wp\/v2\/comments?post=259477"}],"version-history":[{"count":2,"href":"https:\/\/tuzlainfo.ba\/index.php\/wp-json\/wp\/v2\/posts\/259477\/revisions"}],"predecessor-version":[{"id":259479,"href":"https:\/\/tuzlainfo.ba\/index.php\/wp-json\/wp\/v2\/posts\/259477\/revisions\/259479"}],"wp:featuredmedia":[{"embeddable":true,"href":"https:\/\/tuzlainfo.ba\/index.php\/wp-json\/wp\/v2\/media\/179559"}],"wp:attachment":[{"href":"https:\/\/tuzlainfo.ba\/index.php\/wp-json\/wp\/v2\/media?parent=259477"}],"wp:term":[{"taxonomy":"category","embeddable":true,"href":"https:\/\/tuzlainfo.ba\/index.php\/wp-json\/wp\/v2\/categories?post=259477"},{"taxonomy":"post_tag","embeddable":true,"href":"https:\/\/tuzlainfo.ba\/index.php\/wp-json\/wp\/v2\/tags?post=259477"}],"curies":[{"name":"wp","href":"https:\/\/api.w.org\/{rel}","templated":true}]}}