{"id":259273,"date":"2024-12-31T09:25:26","date_gmt":"2024-12-31T08:25:26","guid":{"rendered":"https:\/\/tuzlainfo.ba\/?p=259273"},"modified":"2024-12-31T09:25:26","modified_gmt":"2024-12-31T08:25:26","slug":"udruzenje-poslodavaca-u-fbih-odluka-o-minimalnoj-placi-bez-reformskih-zakona-dodatno-ugrozava-radna-mjesta-i-poslovanje","status":"publish","type":"post","link":"https:\/\/tuzlainfo.ba\/index.php\/bosna-i-hercegovina\/item\/259273-udruzenje-poslodavaca-u-fbih-odluka-o-minimalnoj-placi-bez-reformskih-zakona-dodatno-ugrozava-radna-mjesta-i-poslovanje\/","title":{"rendered":"Udru\u017eenje poslodavaca u FBiH: Odluka o minimalnoj pla\u0107i bez reformskih zakona dodatno ugro\u017eava radna mjesta i poslovanje"},"content":{"rendered":"<p class=\"s6\"><span class=\"s7\"><span class=\"bumpedFont15\">Udru\u017eenje poslodavaca u FBiH <\/span><\/span><span class=\"s7\"><span class=\"bumpedFont15\">odr\u017ealo<\/span><\/span><span class=\"s7\"><span class=\"bumpedFont15\"> je ve\u010deras hitnu vanrednu sjednicu<\/span><\/span><span class=\"s7\"><span class=\"bumpedFont15\"> Upravnog odbora<\/span><\/span><span class=\"s7\"><span class=\"bumpedFont15\"> u pro\u0161irenom sastavu, a nakon danas odr\u017eane sjednice Ekonomsko<\/span><\/span><span class=\"s7\"><span class=\"bumpedFont15\">&#8211;<\/span><\/span><span class=\"s7\"><span class=\"bumpedFont15\">socijalnog vije\u0107a <\/span><\/span><span class=\"s7\"><span class=\"bumpedFont15\">FBiH <\/span><\/span><span class=\"s7\"><span class=\"bumpedFont15\">i sjednice Vlade FB<\/span><\/span><span class=\"s7\"><span class=\"bumpedFont15\">i<\/span><\/span><span class=\"s7\"><span class=\"bumpedFont15\">H na kojoj je Vlada FBiH donijela <\/span><\/span><span class=\"s7\"><span class=\"bumpedFont15\">O<\/span><\/span><span class=\"s7\"><span class=\"bumpedFont15\">dluku o minimalnoj mjese\u010dnoj pla<\/span><\/span><span class=\"s7\"><span class=\"bumpedFont15\">\u0107<\/span><\/span><span class=\"s7\"><span class=\"bumpedFont15\">i radnika u iznosu od 1000 KM neto<\/span><\/span><span class=\"s7\"><span class=\"bumpedFont15\">.<\/span><\/span><\/p>\n<p class=\"s6\"><span class=\"s7\"><span class=\"bumpedFont15\">Nakon konstituiraju\u0107e sjednice ESV<\/span><\/span><span class=\"s7\"><span class=\"bumpedFont15\">-a<\/span><\/span><span class=\"s7\"><span class=\"bumpedFont15\"> odr\u017eane u utorak 24.12.2024. godine Udru\u017eenje poslodavaca je pripremilo nacrt Uredbe o minimalnim primanjima radnika i isti je dostavljen predsjedniku ESV-a koji je prijedlog proslijedio delegacijama Vlade FBIH i sindikata u okviru ESV<\/span><\/span><span class=\"s7\"><span class=\"bumpedFont15\">-a<\/span><\/span><span class=\"s7\"><span class=\"bumpedFont15\">.<\/span><\/span><\/p>\n<p class=\"s6\"><span class=\"s7\"><span class=\"bumpedFont15\">Nakon \u0161to je od strane delegacija Vlade FBIH i sindikata, prijedlog Uredbe odbijen na sjednici ESV<\/span><\/span><span class=\"s7\"><span class=\"bumpedFont15\">-a<\/span><\/span><span class=\"s7\"><span class=\"bumpedFont15\">, predstavnici Vlade FBiH <\/span><\/span><span class=\"s7\"><span class=\"bumpedFont15\">usmeno su <\/span><\/span><span class=\"s7\"><span class=\"bumpedFont15\">najavili da \u0107e na dana\u0161njoj sjednici Vlade FBiH biti predlo\u017eena i vjerovatno i usvojena Odluka o minimalnoj pla<\/span><\/span><span class=\"s7\"><span class=\"bumpedFont15\">\u0107<\/span><\/span><span class=\"s7\"><span class=\"bumpedFont15\">i za 2025. godinu u minimalnom NETO iznosu od 1.000 KM. Za takvu odluku izjasnili su se predstavnici Vlade i sindikata, dok je delegacija poslodavaca nakon zatra\u017eene pauze i obavljenih internih konsultacija, obavijestila prisutne da je ovaj prijedlog poslodavcima neprihvatljiv, uz <\/span><\/span><span class=\"s7\"><span class=\"bumpedFont15\">poja\u0161njenje<\/span><\/span><span class=\"s7\"><span class=\"bumpedFont15\"> odre\u0111enih rizika ukoliko se takva odluka usvoji<\/span><\/span><span class=\"s7\"><span class=\"bumpedFont15\">.<\/span><\/span><\/p>\n<p class=\"s6\"><span class=\"s7\"><span class=\"bumpedFont15\">U me\u0111uvremenu je, nakon sjednice ESV<\/span><\/span><span class=\"s7\"><span class=\"bumpedFont15\">-a<\/span><\/span><span class=\"s7\"><span class=\"bumpedFont15\">, odr\u017eana sjednica Vlade FBiH na kojoj je Vlada FBiH donijela Odluku o minimalnoj pla<\/span><\/span><span class=\"s7\"><span class=\"bumpedFont15\">\u0107<\/span><\/span><span class=\"s7\"><span class=\"bumpedFont15\">i za 2025. godinu u iznosu od NETO 1.000 KM mjese\u010dno \u010dime su izdvajanja za isplatu bruto pla<\/span><\/span><span class=\"s7\"><span class=\"bumpedFont15\">\u0107<\/span><\/span><span class=\"s7\"><span class=\"bumpedFont15\">a radnika sa obavezuju\u0107im porezima i doprinosima pove\u0107ana za oko 61,5 % isklju\u010divo na teret poslodavaca i bez odobravanja bilo kakvih ranije najavljenih neoporezivih davanja<\/span><\/span><span class=\"s7\"><span class=\"bumpedFont15\">!<\/span><\/span><\/p>\n<p class=\"s6\"><span class=\"s7\"><span class=\"bumpedFont15\">Upravni odbor Udru\u017eenja poslodavaca FBiH ukazuje na ozbiljne posljedice i rizike dono\u0161enja ovako ishitrene odluke. Poslodavci jesu za pove\u0107anje pla<\/span><\/span><span class=\"s7\"><span class=\"bumpedFont15\">\u0107<\/span><\/span><span class=\"s7\"><span class=\"bumpedFont15\">a radnika, ali na na\u010din kako je to mogu\u0107e i odr\u017eivo, kako je i najavljivano, a to je da poslodavci pove\u0107aju neto pla<\/span><\/span><span class=\"s7\"><span class=\"bumpedFont15\">\u0107<\/span><\/span><span class=\"s7\"><span class=\"bumpedFont15\">e radnika, a da \u0107e vlasti kroz fiskalne i druge neophodne reforme, smanjiti obaveze poslodavaca prema dr\u017eavi i da \u0107e se na taj na\u010din popraviti polo\u017eaj radnika<\/span><\/span><span class=\"s7\"><span class=\"bumpedFont15\">.<\/span><\/span><span class=\"s7\"><span class=\"bumpedFont15\"> Utoliko je dana\u0161nja sjednica Ekonomsko-socijalnog vije\u0107a jo\u0161 jedna propu\u0161tena prilika da se ekonomsko-socijalni partneri poka\u017eu odgovornim i da uz dijalog razmotre i usaglase o\u010dekivana i prihvatljiva rje\u0161enja<\/span><\/span><span class=\"s7\"><span class=\"bumpedFont15\">.<\/span><\/span><span class=\"s7\"><span class=\"bumpedFont15\"> Naprotiv, stvari su vra\u0107ene nekoliko koraka unazad! <\/span><\/span><\/p>\n<p class=\"s6\"><span class=\"s7\"><span class=\"bumpedFont15\">Dana\u0161nja, neusagla\u0161ena odluka o ovako va\u017enim pitanjima poslovnog <\/span><\/span><span class=\"s7\"><span class=\"bumpedFont15\">okru\u017eenja<\/span><\/span><span class=\"s7\"><span class=\"bumpedFont15\">, a posebno prije dono\u0161enja najavljenog <\/span><\/span><span class=\"s7\"><span class=\"bumpedFont15\">seta<\/span><\/span><span class=\"s7\"><span class=\"bumpedFont15\"> fiskalnih zakona, <\/span><\/span><span class=\"s7\"><span class=\"bumpedFont15\">redefinisanja<\/span><\/span><span class=\"s7\"><span class=\"bumpedFont15\"> pitanja zdravstvenog osiguranja na <\/span><\/span><span class=\"s7\"><span class=\"bumpedFont15\">teret poslodavaca, smanjenja parafiskalnih <\/span><\/span><span class=\"s7\"><span class=\"bumpedFont15\">optere\u0107enja<\/span><\/span><span class=\"s7\"><span class=\"bumpedFont15\">, uskla\u0111ivanja socijalnih davanja i dr., ozbiljan je dodatni namet poslodavcima i proizvest \u0107e vrlo izvjesne \u0161tete u poslovanju, smanjenju broja radnih mjesta, ugroziti konkurentnost na\u0161ih kompanija, posebno na inozemnom tr\u017ei\u0161tu, \u0161to \u0107e dodatno obeshrabriti investitore u FBiH.<\/span><\/span><\/p>\n<p class=\"s6\"><span class=\"s7\"><span class=\"bumpedFont15\">Pove\u0107anje minimalnih pla<\/span><\/span><span class=\"s7\"><span class=\"bumpedFont15\">\u0107<\/span><\/span><span class=\"s7\"><span class=\"bumpedFont15\">a obavezno vu\u010de i uskla\u0111ivanje, <\/span><\/span><span class=\"s7\"><span class=\"bumpedFont15\">odnosno<\/span><\/span><span class=\"s7\"><span class=\"bumpedFont15\"> pove\u0107anje svih drugih pla<\/span><\/span><span class=\"s7\"><span class=\"bumpedFont15\">\u0107<\/span><\/span><span class=\"s7\"><span class=\"bumpedFont15\">a, a tako\u0111er je dobro poznato da pove\u0107anje minimalne i prosje\u010dne pla<\/span><\/span><span class=\"s7\"><span class=\"bumpedFont15\">\u0107<\/span><\/span><span class=\"s7\"><span class=\"bumpedFont15\">e, za posljedicu ima i dodatna socijalna davanja na svim nivoima vlasti u BiH<\/span><\/span><span class=\"s7\"><span class=\"bumpedFont15\">.<\/span><\/span><\/p>\n<p class=\"s6\"><span class=\"s7\"><span class=\"bumpedFont15\">\u0160okantno za poslovnu zajednicu je da se vlast opredijelila za ovako veliko pove\u0107anje pla<\/span><\/span><span class=\"s7\"><span class=\"bumpedFont15\">\u0107<\/span><\/span><span class=\"s7\"><span class=\"bumpedFont15\">a radnika bez poduzimanja bilo kakvih fiskalnih reformi, bez najavljenih reformi zdravstvenog osiguranja, parafiskalnih rastere\u0107enja i drugih <\/span><\/span><span class=\"s7\"><span class=\"bumpedFont15\">olak\u0161ica<\/span><\/span><span class=\"s7\"><span class=\"bumpedFont15\"> koje su dugo najavljivane! <\/span><\/span><\/p>\n<p class=\"s6\"><span class=\"s7\"><span class=\"bumpedFont15\">Odluka o ovako ekstremnom pove\u0107anju minimalnih pla<\/span><\/span><span class=\"s7\"><span class=\"bumpedFont15\">\u0107<\/span><\/span><span class=\"s7\"><span class=\"bumpedFont15\">a dolazi pred sami kraj godine, kada su poslovni planovi u ve\u0107ini kompanija ve\u0107 zavr\u0161eni i kada je nemogu\u0107e u ve\u0107ini slu\u010dajeva, ovako drasti\u010dno pove\u0107anje pla<\/span><\/span><span class=\"s7\"><span class=\"bumpedFont15\">\u0107<\/span><\/span><span class=\"s7\"><span class=\"bumpedFont15\">e <\/span><\/span><span class=\"s7\"><span class=\"bumpedFont15\">ukalkulisati<\/span><\/span><span class=\"s7\"><span class=\"bumpedFont15\"> u poslovne planove za narednu godinu<\/span><\/span><span class=\"s7\"><span class=\"bumpedFont15\">.<\/span><\/span><\/p>\n<p class=\"s6\"><span class=\"s7\"><span class=\"bumpedFont15\">U narednim danima, poslodavci \u0107e skupa sa ekonomskim stru\u010dnjacima i akademskom zajednicom analizirati stanje u koje su dovedeni i poduzeti mjere s ciljem <\/span><\/span><span class=\"s7\"><span class=\"bumpedFont15\">o\u010duvanja<\/span><\/span><span class=\"s7\"><span class=\"bumpedFont15\"> svojih kompanija i <\/span><\/span><span class=\"s7\"><span class=\"bumpedFont15\">zadr\u017eavanja<\/span><\/span><span class=\"s7\"><span class=\"bumpedFont15\"> \u0161to ve\u0107eg broja radnika na njihovim radnim mjestima<\/span><\/span><span class=\"s7\"><span class=\"bumpedFont15\">.<\/span><\/span><\/p>\n<p class=\"s6\"><span class=\"s7\"><span class=\"bumpedFont15\">Udru\u017eenje poslodavaca nakon dono\u0161enja ovakve odluke Vlade FBiH danas, naprosto je zatrpano reakcijama sa terena u kojima predstavnici privrednika, komora, udru\u017eenja i poslodavaca, ali i akademske zajednice, pa i vlasti i sindikata, iskazuju zabrinutost zbog ovako neodmjerene i neusagla\u0161ene odluke vlasti!<\/span><\/span><\/p>\n<p class=\"s6\"><span class=\"s7\"><span class=\"bumpedFont15\">Ve\u0107 sutra, Udru\u017eenje poslodavaca u FBIH pokrenut \u0107e niz aktivnosti na za\u0161titi svojih kompanija i obrta od \u0161teta koje \u0107e dana\u0161nj<\/span><\/span><span class=\"s7\"><span class=\"bumpedFont15\">e<\/span><\/span> <span class=\"s7\"><span class=\"bumpedFont15\">O<\/span><\/span><span class=\"s7\"><span class=\"bumpedFont15\">dluk<\/span><\/span><span class=\"s7\"><span class=\"bumpedFont15\">e<\/span><\/span><span class=\"s7\"><span class=\"bumpedFont15\"> o\u010dekivano izazvati, ako se hitno ne napravi paket mjera kojima \u0107e se kako je bilo i dogovoreno ranije, napraviti neophodan balans izme\u0111u potrebe rastere\u0107enja poslovanja u FBiH, pove\u0107anja neto pla<\/span><\/span><span class=\"s7\"><span class=\"bumpedFont15\">\u0107<\/span><\/span><span class=\"s7\"><span class=\"bumpedFont15\">a radnika i <\/span><\/span><span class=\"s7\"><span class=\"bumpedFont15\">o\u010duvanja<\/span><\/span><span class=\"s7\"><span class=\"bumpedFont15\">interesa<\/span><\/span><span class=\"s7\"><span class=\"bumpedFont15\"> javnih fondova u FB<\/span><\/span><span class=\"s7\"><span class=\"bumpedFont15\">i<\/span><\/span><span class=\"s7\"><span class=\"bumpedFont15\">H, a koje su se mjere o\u010dekivale i najavljivale od strane vlasti u prethodnom periodu, saop\u0161teno je.<\/span><\/span><\/p>\n","protected":false},"excerpt":{"rendered":"<p>Udru\u017eenje poslodavaca u FBiH odr\u017ealo je ve\u010deras hitnu vanrednu sjednicu Upravnog odbora u pro\u0161irenom sastavu, a nakon danas odr\u017eane sjednice Ekonomsko&#8211;socijalnog vije\u0107a FBiH i sjednice Vlade FBiH na kojoj je Vlada FBiH donijela Odluku o minimalnoj mjese\u010dnoj pla\u0107i radnika u iznosu od 1000 KM neto. Nakon konstituiraju\u0107e sjednice ESV-a odr\u017eane u utorak 24.12.2024. godine Udru\u017eenje [&hellip;]<\/p>\n","protected":false},"author":2,"featured_media":147251,"comment_status":"closed","ping_status":"closed","sticky":false,"template":"","format":"standard","meta":{"footnotes":""},"categories":[291,304],"tags":[1713],"class_list":["post-259273","post","type-post","status-publish","format-standard","has-post-thumbnail","hentry","category-bosna-i-hercegovina","category-istaknuto","tag-udruzenje-poslodavaca-fbih"],"yoast_head":"<!-- This site is optimized with the Yoast SEO plugin v28.4 - https:\/\/yoast.com\/product\/yoast-seo-wordpress\/ -->\n<title>Udru\u017eenje poslodavaca u FBiH: Odluka o minimalnoj pla\u0107i bez reformskih zakona dodatno ugro\u017eava radna mjesta i poslovanje<\/title>\n<meta name=\"robots\" content=\"index, follow, max-snippet:-1, max-image-preview:large, max-video-preview:-1\" \/>\n<link rel=\"canonical\" href=\"https:\/\/tuzlainfo.ba\/index.php\/bosna-i-hercegovina\/item\/259273-udruzenje-poslodavaca-u-fbih-odluka-o-minimalnoj-placi-bez-reformskih-zakona-dodatno-ugrozava-radna-mjesta-i-poslovanje\/\" \/>\n<meta property=\"og:locale\" content=\"bs_BA\" \/>\n<meta property=\"og:type\" content=\"article\" \/>\n<meta property=\"og:title\" content=\"Udru\u017eenje poslodavaca u FBiH: Odluka o minimalnoj pla\u0107i bez reformskih zakona dodatno ugro\u017eava radna mjesta i poslovanje\" \/>\n<meta property=\"og:description\" content=\"Udru\u017eenje poslodavaca u FBiH odr\u017ealo je ve\u010deras hitnu vanrednu sjednicu Upravnog odbora u pro\u0161irenom sastavu, a nakon danas odr\u017eane sjednice Ekonomsko&#8211;socijalnog vije\u0107a FBiH i sjednice Vlade FBiH na kojoj je Vlada FBiH donijela Odluku o minimalnoj mjese\u010dnoj pla\u0107i radnika u iznosu od 1000 KM neto. Nakon konstituiraju\u0107e sjednice ESV-a odr\u017eane u utorak 24.12.2024. godine Udru\u017eenje [&hellip;]\" \/>\n<meta property=\"og:url\" content=\"https:\/\/tuzlainfo.ba\/index.php\/bosna-i-hercegovina\/item\/259273-udruzenje-poslodavaca-u-fbih-odluka-o-minimalnoj-placi-bez-reformskih-zakona-dodatno-ugrozava-radna-mjesta-i-poslovanje\/\" \/>\n<meta property=\"og:site_name\" content=\"TuzlaInfo.ba\" \/>\n<meta property=\"article:publisher\" content=\"https:\/\/www.facebook.com\/tuzlainfo.ba\/\" \/>\n<meta property=\"article:published_time\" content=\"2024-12-31T08:25:26+00:00\" \/>\n<meta property=\"og:image\" content=\"https:\/\/tuzlainfo.ba\/wp-content\/uploads\/2021\/09\/0809_udruzenje-poslodavaca.jpg\" \/>\n\t<meta property=\"og:image:width\" content=\"864\" \/>\n\t<meta property=\"og:image:height\" content=\"486\" \/>\n\t<meta property=\"og:image:type\" content=\"image\/jpeg\" \/>\n<meta name=\"author\" content=\"nedim\" \/>\n<meta name=\"twitter:card\" content=\"summary_large_image\" \/>\n<meta name=\"twitter:label1\" content=\"Written by\" \/>\n\t<meta name=\"twitter:data1\" content=\"nedim\" \/>\n\t<meta name=\"twitter:label2\" content=\"Est. reading time\" \/>\n\t<meta name=\"twitter:data2\" content=\"5 minuta\" \/>\n<script type=\"application\/ld+json\" class=\"yoast-schema-graph\">{\"@context\":\"https:\\\/\\\/schema.org\",\"@graph\":[{\"@type\":\"Article\",\"@id\":\"https:\\\/\\\/tuzlainfo.ba\\\/index.php\\\/bosna-i-hercegovina\\\/item\\\/259273-udruzenje-poslodavaca-u-fbih-odluka-o-minimalnoj-placi-bez-reformskih-zakona-dodatno-ugrozava-radna-mjesta-i-poslovanje\\\/#article\",\"isPartOf\":{\"@id\":\"https:\\\/\\\/tuzlainfo.ba\\\/index.php\\\/bosna-i-hercegovina\\\/item\\\/259273-udruzenje-poslodavaca-u-fbih-odluka-o-minimalnoj-placi-bez-reformskih-zakona-dodatno-ugrozava-radna-mjesta-i-poslovanje\\\/\"},\"author\":{\"name\":\"nedim\",\"@id\":\"https:\\\/\\\/tuzlainfo.ba\\\/#\\\/schema\\\/person\\\/f434e20dc27ea133923aab08451b7f7f\"},\"headline\":\"Udru\u017eenje poslodavaca u FBiH: Odluka o minimalnoj pla\u0107i bez reformskih zakona dodatno ugro\u017eava radna mjesta i poslovanje\",\"datePublished\":\"2024-12-31T08:25:26+00:00\",\"mainEntityOfPage\":{\"@id\":\"https:\\\/\\\/tuzlainfo.ba\\\/index.php\\\/bosna-i-hercegovina\\\/item\\\/259273-udruzenje-poslodavaca-u-fbih-odluka-o-minimalnoj-placi-bez-reformskih-zakona-dodatno-ugrozava-radna-mjesta-i-poslovanje\\\/\"},\"wordCount\":782,\"publisher\":{\"@id\":\"https:\\\/\\\/tuzlainfo.ba\\\/#organization\"},\"image\":{\"@id\":\"https:\\\/\\\/tuzlainfo.ba\\\/index.php\\\/bosna-i-hercegovina\\\/item\\\/259273-udruzenje-poslodavaca-u-fbih-odluka-o-minimalnoj-placi-bez-reformskih-zakona-dodatno-ugrozava-radna-mjesta-i-poslovanje\\\/#primaryimage\"},\"thumbnailUrl\":\"https:\\\/\\\/tuzlainfo.ba\\\/wp-content\\\/uploads\\\/2021\\\/09\\\/0809_udruzenje-poslodavaca.jpg\",\"keywords\":[\"Udru\u017eenje poslodavaca FBiH\"],\"articleSection\":[\"Bosna i Hercegovina\",\"Istaknuto\"],\"inLanguage\":\"bs-BA\",\"copyrightYear\":\"2024\",\"copyrightHolder\":{\"@id\":\"https:\\\/\\\/tuzlainfo.ba\\\/#organization\"}},{\"@type\":\"WebPage\",\"@id\":\"https:\\\/\\\/tuzlainfo.ba\\\/index.php\\\/bosna-i-hercegovina\\\/item\\\/259273-udruzenje-poslodavaca-u-fbih-odluka-o-minimalnoj-placi-bez-reformskih-zakona-dodatno-ugrozava-radna-mjesta-i-poslovanje\\\/\",\"url\":\"https:\\\/\\\/tuzlainfo.ba\\\/index.php\\\/bosna-i-hercegovina\\\/item\\\/259273-udruzenje-poslodavaca-u-fbih-odluka-o-minimalnoj-placi-bez-reformskih-zakona-dodatno-ugrozava-radna-mjesta-i-poslovanje\\\/\",\"name\":\"Udru\u017eenje poslodavaca u FBiH: Odluka o minimalnoj pla\u0107i bez reformskih zakona dodatno ugro\u017eava radna mjesta i poslovanje\",\"isPartOf\":{\"@id\":\"https:\\\/\\\/tuzlainfo.ba\\\/#website\"},\"primaryImageOfPage\":{\"@id\":\"https:\\\/\\\/tuzlainfo.ba\\\/index.php\\\/bosna-i-hercegovina\\\/item\\\/259273-udruzenje-poslodavaca-u-fbih-odluka-o-minimalnoj-placi-bez-reformskih-zakona-dodatno-ugrozava-radna-mjesta-i-poslovanje\\\/#primaryimage\"},\"image\":{\"@id\":\"https:\\\/\\\/tuzlainfo.ba\\\/index.php\\\/bosna-i-hercegovina\\\/item\\\/259273-udruzenje-poslodavaca-u-fbih-odluka-o-minimalnoj-placi-bez-reformskih-zakona-dodatno-ugrozava-radna-mjesta-i-poslovanje\\\/#primaryimage\"},\"thumbnailUrl\":\"https:\\\/\\\/tuzlainfo.ba\\\/wp-content\\\/uploads\\\/2021\\\/09\\\/0809_udruzenje-poslodavaca.jpg\",\"datePublished\":\"2024-12-31T08:25:26+00:00\",\"breadcrumb\":{\"@id\":\"https:\\\/\\\/tuzlainfo.ba\\\/index.php\\\/bosna-i-hercegovina\\\/item\\\/259273-udruzenje-poslodavaca-u-fbih-odluka-o-minimalnoj-placi-bez-reformskih-zakona-dodatno-ugrozava-radna-mjesta-i-poslovanje\\\/#breadcrumb\"},\"inLanguage\":\"bs-BA\",\"potentialAction\":[{\"@type\":\"ReadAction\",\"target\":[\"https:\\\/\\\/tuzlainfo.ba\\\/index.php\\\/bosna-i-hercegovina\\\/item\\\/259273-udruzenje-poslodavaca-u-fbih-odluka-o-minimalnoj-placi-bez-reformskih-zakona-dodatno-ugrozava-radna-mjesta-i-poslovanje\\\/\"]}]},{\"@type\":\"ImageObject\",\"inLanguage\":\"bs-BA\",\"@id\":\"https:\\\/\\\/tuzlainfo.ba\\\/index.php\\\/bosna-i-hercegovina\\\/item\\\/259273-udruzenje-poslodavaca-u-fbih-odluka-o-minimalnoj-placi-bez-reformskih-zakona-dodatno-ugrozava-radna-mjesta-i-poslovanje\\\/#primaryimage\",\"url\":\"https:\\\/\\\/tuzlainfo.ba\\\/wp-content\\\/uploads\\\/2021\\\/09\\\/0809_udruzenje-poslodavaca.jpg\",\"contentUrl\":\"https:\\\/\\\/tuzlainfo.ba\\\/wp-content\\\/uploads\\\/2021\\\/09\\\/0809_udruzenje-poslodavaca.jpg\",\"width\":864,\"height\":486},{\"@type\":\"BreadcrumbList\",\"@id\":\"https:\\\/\\\/tuzlainfo.ba\\\/index.php\\\/bosna-i-hercegovina\\\/item\\\/259273-udruzenje-poslodavaca-u-fbih-odluka-o-minimalnoj-placi-bez-reformskih-zakona-dodatno-ugrozava-radna-mjesta-i-poslovanje\\\/#breadcrumb\",\"itemListElement\":[{\"@type\":\"ListItem\",\"position\":1,\"name\":\"Home\",\"item\":\"https:\\\/\\\/tuzlainfo.ba\\\/\"},{\"@type\":\"ListItem\",\"position\":2,\"name\":\"Udru\u017eenje poslodavaca u FBiH: Odluka o minimalnoj pla\u0107i bez reformskih zakona dodatno ugro\u017eava radna mjesta i poslovanje\"}]},{\"@type\":\"WebSite\",\"@id\":\"https:\\\/\\\/tuzlainfo.ba\\\/#website\",\"url\":\"https:\\\/\\\/tuzlainfo.ba\\\/\",\"name\":\"TuzlaInfo.ba\",\"description\":\"Tuzla info, gradski informator - Tuzla na dlanu\",\"publisher\":{\"@id\":\"https:\\\/\\\/tuzlainfo.ba\\\/#organization\"},\"potentialAction\":[{\"@type\":\"SearchAction\",\"target\":{\"@type\":\"EntryPoint\",\"urlTemplate\":\"https:\\\/\\\/tuzlainfo.ba\\\/?s={search_term_string}\"},\"query-input\":{\"@type\":\"PropertyValueSpecification\",\"valueRequired\":true,\"valueName\":\"search_term_string\"}}],\"inLanguage\":\"bs-BA\"},{\"@type\":\"Organization\",\"@id\":\"https:\\\/\\\/tuzlainfo.ba\\\/#organization\",\"name\":\"TuzlaInfo.ba\",\"url\":\"https:\\\/\\\/tuzlainfo.ba\\\/\",\"logo\":{\"@type\":\"ImageObject\",\"inLanguage\":\"bs-BA\",\"@id\":\"https:\\\/\\\/tuzlainfo.ba\\\/#\\\/schema\\\/logo\\\/image\\\/\",\"url\":\"https:\\\/\\\/tuzlainfo.ba\\\/wp-content\\\/uploads\\\/2021\\\/03\\\/logo-ver-3-1.png\",\"contentUrl\":\"https:\\\/\\\/tuzlainfo.ba\\\/wp-content\\\/uploads\\\/2021\\\/03\\\/logo-ver-3-1.png\",\"width\":350,\"height\":95,\"caption\":\"TuzlaInfo.ba\"},\"image\":{\"@id\":\"https:\\\/\\\/tuzlainfo.ba\\\/#\\\/schema\\\/logo\\\/image\\\/\"},\"sameAs\":[\"https:\\\/\\\/www.facebook.com\\\/tuzlainfo.ba\\\/\"]},{\"@type\":\"Person\",\"@id\":\"https:\\\/\\\/tuzlainfo.ba\\\/#\\\/schema\\\/person\\\/f434e20dc27ea133923aab08451b7f7f\",\"name\":\"nedim\",\"image\":{\"@type\":\"ImageObject\",\"inLanguage\":\"bs-BA\",\"@id\":\"https:\\\/\\\/secure.gravatar.com\\\/avatar\\\/5b928a2e7e70a54208d2eb6c1edcb75a5350d6ae97d5f0a701203d456823f6f3?s=96&d=mm&r=g\",\"url\":\"https:\\\/\\\/secure.gravatar.com\\\/avatar\\\/5b928a2e7e70a54208d2eb6c1edcb75a5350d6ae97d5f0a701203d456823f6f3?s=96&d=mm&r=g\",\"contentUrl\":\"https:\\\/\\\/secure.gravatar.com\\\/avatar\\\/5b928a2e7e70a54208d2eb6c1edcb75a5350d6ae97d5f0a701203d456823f6f3?s=96&d=mm&r=g\",\"caption\":\"nedim\"},\"description\":\"Tuzlainfo.ba pratite na dru\u0161tvenim mre\u017eama: Facebook, Instagram i Youtube. Svoje pri\u010de, upite i fotografije \u0161aljite na na\u0161u e-mail adresu.\"}]}<\/script>\n<!-- \/ Yoast SEO plugin. -->","yoast_head_json":{"title":"Udru\u017eenje poslodavaca u FBiH: Odluka o minimalnoj pla\u0107i bez reformskih zakona dodatno ugro\u017eava radna mjesta i poslovanje","robots":{"index":"index","follow":"follow","max-snippet":"max-snippet:-1","max-image-preview":"max-image-preview:large","max-video-preview":"max-video-preview:-1"},"canonical":"https:\/\/tuzlainfo.ba\/index.php\/bosna-i-hercegovina\/item\/259273-udruzenje-poslodavaca-u-fbih-odluka-o-minimalnoj-placi-bez-reformskih-zakona-dodatno-ugrozava-radna-mjesta-i-poslovanje\/","og_locale":"bs_BA","og_type":"article","og_title":"Udru\u017eenje poslodavaca u FBiH: Odluka o minimalnoj pla\u0107i bez reformskih zakona dodatno ugro\u017eava radna mjesta i poslovanje","og_description":"Udru\u017eenje poslodavaca u FBiH odr\u017ealo je ve\u010deras hitnu vanrednu sjednicu Upravnog odbora u pro\u0161irenom sastavu, a nakon danas odr\u017eane sjednice Ekonomsko&#8211;socijalnog vije\u0107a FBiH i sjednice Vlade FBiH na kojoj je Vlada FBiH donijela Odluku o minimalnoj mjese\u010dnoj pla\u0107i radnika u iznosu od 1000 KM neto. Nakon konstituiraju\u0107e sjednice ESV-a odr\u017eane u utorak 24.12.2024. godine Udru\u017eenje [&hellip;]","og_url":"https:\/\/tuzlainfo.ba\/index.php\/bosna-i-hercegovina\/item\/259273-udruzenje-poslodavaca-u-fbih-odluka-o-minimalnoj-placi-bez-reformskih-zakona-dodatno-ugrozava-radna-mjesta-i-poslovanje\/","og_site_name":"TuzlaInfo.ba","article_publisher":"https:\/\/www.facebook.com\/tuzlainfo.ba\/","article_published_time":"2024-12-31T08:25:26+00:00","og_image":[{"width":864,"height":486,"url":"https:\/\/tuzlainfo.ba\/wp-content\/uploads\/2021\/09\/0809_udruzenje-poslodavaca.jpg","type":"image\/jpeg"}],"author":"nedim","twitter_card":"summary_large_image","twitter_misc":{"Written by":"nedim","Est. reading time":"5 minuta"},"schema":{"@context":"https:\/\/schema.org","@graph":[{"@type":"Article","@id":"https:\/\/tuzlainfo.ba\/index.php\/bosna-i-hercegovina\/item\/259273-udruzenje-poslodavaca-u-fbih-odluka-o-minimalnoj-placi-bez-reformskih-zakona-dodatno-ugrozava-radna-mjesta-i-poslovanje\/#article","isPartOf":{"@id":"https:\/\/tuzlainfo.ba\/index.php\/bosna-i-hercegovina\/item\/259273-udruzenje-poslodavaca-u-fbih-odluka-o-minimalnoj-placi-bez-reformskih-zakona-dodatno-ugrozava-radna-mjesta-i-poslovanje\/"},"author":{"name":"nedim","@id":"https:\/\/tuzlainfo.ba\/#\/schema\/person\/f434e20dc27ea133923aab08451b7f7f"},"headline":"Udru\u017eenje poslodavaca u FBiH: Odluka o minimalnoj pla\u0107i bez reformskih zakona dodatno ugro\u017eava radna mjesta i poslovanje","datePublished":"2024-12-31T08:25:26+00:00","mainEntityOfPage":{"@id":"https:\/\/tuzlainfo.ba\/index.php\/bosna-i-hercegovina\/item\/259273-udruzenje-poslodavaca-u-fbih-odluka-o-minimalnoj-placi-bez-reformskih-zakona-dodatno-ugrozava-radna-mjesta-i-poslovanje\/"},"wordCount":782,"publisher":{"@id":"https:\/\/tuzlainfo.ba\/#organization"},"image":{"@id":"https:\/\/tuzlainfo.ba\/index.php\/bosna-i-hercegovina\/item\/259273-udruzenje-poslodavaca-u-fbih-odluka-o-minimalnoj-placi-bez-reformskih-zakona-dodatno-ugrozava-radna-mjesta-i-poslovanje\/#primaryimage"},"thumbnailUrl":"https:\/\/tuzlainfo.ba\/wp-content\/uploads\/2021\/09\/0809_udruzenje-poslodavaca.jpg","keywords":["Udru\u017eenje poslodavaca FBiH"],"articleSection":["Bosna i Hercegovina","Istaknuto"],"inLanguage":"bs-BA","copyrightYear":"2024","copyrightHolder":{"@id":"https:\/\/tuzlainfo.ba\/#organization"}},{"@type":"WebPage","@id":"https:\/\/tuzlainfo.ba\/index.php\/bosna-i-hercegovina\/item\/259273-udruzenje-poslodavaca-u-fbih-odluka-o-minimalnoj-placi-bez-reformskih-zakona-dodatno-ugrozava-radna-mjesta-i-poslovanje\/","url":"https:\/\/tuzlainfo.ba\/index.php\/bosna-i-hercegovina\/item\/259273-udruzenje-poslodavaca-u-fbih-odluka-o-minimalnoj-placi-bez-reformskih-zakona-dodatno-ugrozava-radna-mjesta-i-poslovanje\/","name":"Udru\u017eenje poslodavaca u FBiH: Odluka o minimalnoj pla\u0107i bez reformskih zakona dodatno ugro\u017eava radna mjesta i poslovanje","isPartOf":{"@id":"https:\/\/tuzlainfo.ba\/#website"},"primaryImageOfPage":{"@id":"https:\/\/tuzlainfo.ba\/index.php\/bosna-i-hercegovina\/item\/259273-udruzenje-poslodavaca-u-fbih-odluka-o-minimalnoj-placi-bez-reformskih-zakona-dodatno-ugrozava-radna-mjesta-i-poslovanje\/#primaryimage"},"image":{"@id":"https:\/\/tuzlainfo.ba\/index.php\/bosna-i-hercegovina\/item\/259273-udruzenje-poslodavaca-u-fbih-odluka-o-minimalnoj-placi-bez-reformskih-zakona-dodatno-ugrozava-radna-mjesta-i-poslovanje\/#primaryimage"},"thumbnailUrl":"https:\/\/tuzlainfo.ba\/wp-content\/uploads\/2021\/09\/0809_udruzenje-poslodavaca.jpg","datePublished":"2024-12-31T08:25:26+00:00","breadcrumb":{"@id":"https:\/\/tuzlainfo.ba\/index.php\/bosna-i-hercegovina\/item\/259273-udruzenje-poslodavaca-u-fbih-odluka-o-minimalnoj-placi-bez-reformskih-zakona-dodatno-ugrozava-radna-mjesta-i-poslovanje\/#breadcrumb"},"inLanguage":"bs-BA","potentialAction":[{"@type":"ReadAction","target":["https:\/\/tuzlainfo.ba\/index.php\/bosna-i-hercegovina\/item\/259273-udruzenje-poslodavaca-u-fbih-odluka-o-minimalnoj-placi-bez-reformskih-zakona-dodatno-ugrozava-radna-mjesta-i-poslovanje\/"]}]},{"@type":"ImageObject","inLanguage":"bs-BA","@id":"https:\/\/tuzlainfo.ba\/index.php\/bosna-i-hercegovina\/item\/259273-udruzenje-poslodavaca-u-fbih-odluka-o-minimalnoj-placi-bez-reformskih-zakona-dodatno-ugrozava-radna-mjesta-i-poslovanje\/#primaryimage","url":"https:\/\/tuzlainfo.ba\/wp-content\/uploads\/2021\/09\/0809_udruzenje-poslodavaca.jpg","contentUrl":"https:\/\/tuzlainfo.ba\/wp-content\/uploads\/2021\/09\/0809_udruzenje-poslodavaca.jpg","width":864,"height":486},{"@type":"BreadcrumbList","@id":"https:\/\/tuzlainfo.ba\/index.php\/bosna-i-hercegovina\/item\/259273-udruzenje-poslodavaca-u-fbih-odluka-o-minimalnoj-placi-bez-reformskih-zakona-dodatno-ugrozava-radna-mjesta-i-poslovanje\/#breadcrumb","itemListElement":[{"@type":"ListItem","position":1,"name":"Home","item":"https:\/\/tuzlainfo.ba\/"},{"@type":"ListItem","position":2,"name":"Udru\u017eenje poslodavaca u FBiH: Odluka o minimalnoj pla\u0107i bez reformskih zakona dodatno ugro\u017eava radna mjesta i poslovanje"}]},{"@type":"WebSite","@id":"https:\/\/tuzlainfo.ba\/#website","url":"https:\/\/tuzlainfo.ba\/","name":"TuzlaInfo.ba","description":"Tuzla info, gradski informator - Tuzla na dlanu","publisher":{"@id":"https:\/\/tuzlainfo.ba\/#organization"},"potentialAction":[{"@type":"SearchAction","target":{"@type":"EntryPoint","urlTemplate":"https:\/\/tuzlainfo.ba\/?s={search_term_string}"},"query-input":{"@type":"PropertyValueSpecification","valueRequired":true,"valueName":"search_term_string"}}],"inLanguage":"bs-BA"},{"@type":"Organization","@id":"https:\/\/tuzlainfo.ba\/#organization","name":"TuzlaInfo.ba","url":"https:\/\/tuzlainfo.ba\/","logo":{"@type":"ImageObject","inLanguage":"bs-BA","@id":"https:\/\/tuzlainfo.ba\/#\/schema\/logo\/image\/","url":"https:\/\/tuzlainfo.ba\/wp-content\/uploads\/2021\/03\/logo-ver-3-1.png","contentUrl":"https:\/\/tuzlainfo.ba\/wp-content\/uploads\/2021\/03\/logo-ver-3-1.png","width":350,"height":95,"caption":"TuzlaInfo.ba"},"image":{"@id":"https:\/\/tuzlainfo.ba\/#\/schema\/logo\/image\/"},"sameAs":["https:\/\/www.facebook.com\/tuzlainfo.ba\/"]},{"@type":"Person","@id":"https:\/\/tuzlainfo.ba\/#\/schema\/person\/f434e20dc27ea133923aab08451b7f7f","name":"nedim","image":{"@type":"ImageObject","inLanguage":"bs-BA","@id":"https:\/\/secure.gravatar.com\/avatar\/5b928a2e7e70a54208d2eb6c1edcb75a5350d6ae97d5f0a701203d456823f6f3?s=96&d=mm&r=g","url":"https:\/\/secure.gravatar.com\/avatar\/5b928a2e7e70a54208d2eb6c1edcb75a5350d6ae97d5f0a701203d456823f6f3?s=96&d=mm&r=g","contentUrl":"https:\/\/secure.gravatar.com\/avatar\/5b928a2e7e70a54208d2eb6c1edcb75a5350d6ae97d5f0a701203d456823f6f3?s=96&d=mm&r=g","caption":"nedim"},"description":"Tuzlainfo.ba pratite na dru\u0161tvenim mre\u017eama: Facebook, Instagram i Youtube. Svoje pri\u010de, upite i fotografije \u0161aljite na na\u0161u e-mail adresu."}]}},"_links":{"self":[{"href":"https:\/\/tuzlainfo.ba\/index.php\/wp-json\/wp\/v2\/posts\/259273","targetHints":{"allow":["GET"]}}],"collection":[{"href":"https:\/\/tuzlainfo.ba\/index.php\/wp-json\/wp\/v2\/posts"}],"about":[{"href":"https:\/\/tuzlainfo.ba\/index.php\/wp-json\/wp\/v2\/types\/post"}],"author":[{"embeddable":true,"href":"https:\/\/tuzlainfo.ba\/index.php\/wp-json\/wp\/v2\/users\/2"}],"replies":[{"embeddable":true,"href":"https:\/\/tuzlainfo.ba\/index.php\/wp-json\/wp\/v2\/comments?post=259273"}],"version-history":[{"count":1,"href":"https:\/\/tuzlainfo.ba\/index.php\/wp-json\/wp\/v2\/posts\/259273\/revisions"}],"predecessor-version":[{"id":259274,"href":"https:\/\/tuzlainfo.ba\/index.php\/wp-json\/wp\/v2\/posts\/259273\/revisions\/259274"}],"wp:featuredmedia":[{"embeddable":true,"href":"https:\/\/tuzlainfo.ba\/index.php\/wp-json\/wp\/v2\/media\/147251"}],"wp:attachment":[{"href":"https:\/\/tuzlainfo.ba\/index.php\/wp-json\/wp\/v2\/media?parent=259273"}],"wp:term":[{"taxonomy":"category","embeddable":true,"href":"https:\/\/tuzlainfo.ba\/index.php\/wp-json\/wp\/v2\/categories?post=259273"},{"taxonomy":"post_tag","embeddable":true,"href":"https:\/\/tuzlainfo.ba\/index.php\/wp-json\/wp\/v2\/tags?post=259273"}],"curies":[{"name":"wp","href":"https:\/\/api.w.org\/{rel}","templated":true}]}}