{"id":259105,"date":"2024-12-29T08:55:50","date_gmt":"2024-12-29T07:55:50","guid":{"rendered":"https:\/\/tuzlainfo.ba\/?p=259105"},"modified":"2024-12-29T08:55:50","modified_gmt":"2024-12-29T07:55:50","slug":"sud-bih-odredio-pritvor-nesicu-i-drugima-ministar-bezbjednosti-jos-uvijek-u-bolnici","status":"publish","type":"post","link":"https:\/\/tuzlainfo.ba\/index.php\/bosna-i-hercegovina\/item\/259105-sud-bih-odredio-pritvor-nesicu-i-drugima-ministar-bezbjednosti-jos-uvijek-u-bolnici\/","title":{"rendered":"Sud BiH odredio pritvor Ne\u0161i\u0107u i drugima, ministar bezbjednosti jo\u0161 uvijek u bolnici"},"content":{"rendered":"<p>Sud Bosne i Hercegovine odredio je jednomjese\u010dni pritvor ministru bezbjednosti Bosne i Hercegovine Nenadu Ne\u0161i\u0107u<\/p>\n<p>Ne\u0161i\u0107\u00a0 je nakon dana\u0161njeg ro\u010di\u0161ta hospitalizovan na Klini\u010dkom centru Univerziteta u Sarajevu, te se jo\u0161 ne zna kada bi mogao u pritvor.<\/p>\n<p>Pritvor je odre\u0111en i Mladenu Lu\u010di\u0107u i direktoru &#8220;Puteva Republike Srpske&#8221; Milanu Daki\u0107u.<\/p>\n<p>Pritvor im je odre\u0111en zbog bojazni da \u0107e uni\u0161titi, sakriti, izmijeniti ili krivotvoriti dokaze i tragove va\u017ene za krivi\u010dni postupak, saop\u0161teno je iz Suda BiH.<\/p>\n<p>Ne\u0161i\u0107u, Lu\u010di\u0107u i Daki\u0107u pritvor je odre\u0111en i zbog bojazni da bi mogli uticati na svedoke, sau\u010desnike ili prikrivanje.<\/p>\n<p>Tu\u017eila\u0161tvo BiH na teret im stavlja udru\u017eivanje radi \u010dinjenja krivi\u010dnih djela, zloupotrebu slu\u017ebenog polo\u017eaja ili ovla\u0161tenja i primanja mita.<\/p>\n","protected":false},"excerpt":{"rendered":"<p>Sud Bosne i Hercegovine odredio je jednomjese\u010dni pritvor ministru bezbjednosti Bosne i Hercegovine Nenadu Ne\u0161i\u0107u&hellip;<\/p>\n","protected":false},"author":2,"featured_media":204151,"comment_status":"closed","ping_status":"closed","sticky":false,"template":"","format":"standard","meta":{"_acf_changed":false,"footnotes":""},"categories":[291],"tags":[1504,726],"acf":[],"yoast_head":"<!-- This site is optimized with the Yoast SEO plugin v23.5 - https:\/\/yoast.com\/wordpress\/plugins\/seo\/ -->\n<title>Sud BiH odredio pritvor Ne\u0161i\u0107u i drugima, ministar bezbjednosti jo\u0161 uvijek u bolnici - TuzlaInfo.ba<\/title>\n<meta name=\"robots\" content=\"index, follow, max-snippet:-1, max-image-preview:large, max-video-preview:-1\" \/>\n<link rel=\"canonical\" href=\"https:\/\/tuzlainfo.ba\/index.php\/bosna-i-hercegovina\/item\/259105-sud-bih-odredio-pritvor-nesicu-i-drugima-ministar-bezbjednosti-jos-uvijek-u-bolnici\/\" \/>\n<meta property=\"og:locale\" content=\"bs_BA\" \/>\n<meta property=\"og:type\" content=\"article\" \/>\n<meta property=\"og:title\" content=\"Sud BiH odredio pritvor Ne\u0161i\u0107u i drugima, ministar bezbjednosti jo\u0161 uvijek u bolnici - TuzlaInfo.ba\" \/>\n<meta property=\"og:description\" content=\"Sud Bosne i Hercegovine odredio je jednomjese\u010dni pritvor ministru bezbjednosti Bosne i Hercegovine Nenadu Ne\u0161i\u0107u&hellip;\" \/>\n<meta property=\"og:url\" content=\"https:\/\/tuzlainfo.ba\/index.php\/bosna-i-hercegovina\/item\/259105-sud-bih-odredio-pritvor-nesicu-i-drugima-ministar-bezbjednosti-jos-uvijek-u-bolnici\/\" \/>\n<meta property=\"og:site_name\" content=\"TuzlaInfo.ba\" \/>\n<meta property=\"article:publisher\" content=\"https:\/\/www.facebook.com\/tuzlainfo.ba\/\" \/>\n<meta property=\"article:published_time\" content=\"2024-12-29T07:55:50+00:00\" \/>\n<meta property=\"og:image\" content=\"https:\/\/tuzlainfo.ba\/wp-content\/uploads\/2023\/05\/0905_nenad_nesic.jpg\" \/>\n\t<meta property=\"og:image:width\" content=\"800\" \/>\n\t<meta property=\"og:image:height\" content=\"565\" \/>\n\t<meta property=\"og:image:type\" content=\"image\/jpeg\" \/>\n<meta name=\"author\" content=\"nedim\" \/>\n<meta name=\"twitter:card\" content=\"summary_large_image\" \/>\n<meta name=\"twitter:label1\" content=\"Written by\" \/>\n\t<meta name=\"twitter:data1\" content=\"nedim\" \/>\n\t<meta name=\"twitter:label2\" content=\"Est. reading time\" \/>\n\t<meta name=\"twitter:data2\" content=\"1 minuta\" \/>\n<script type=\"application\/ld+json\" class=\"yoast-schema-graph\">{\"@context\":\"https:\/\/schema.org\",\"@graph\":[{\"@type\":\"Article\",\"@id\":\"https:\/\/tuzlainfo.ba\/index.php\/bosna-i-hercegovina\/item\/259105-sud-bih-odredio-pritvor-nesicu-i-drugima-ministar-bezbjednosti-jos-uvijek-u-bolnici\/#article\",\"isPartOf\":{\"@id\":\"https:\/\/tuzlainfo.ba\/index.php\/bosna-i-hercegovina\/item\/259105-sud-bih-odredio-pritvor-nesicu-i-drugima-ministar-bezbjednosti-jos-uvijek-u-bolnici\/\"},\"author\":{\"name\":\"nedim\",\"@id\":\"https:\/\/tuzlainfo.ba\/#\/schema\/person\/f434e20dc27ea133923aab08451b7f7f\"},\"headline\":\"Sud BiH odredio pritvor Ne\u0161i\u0107u i drugima, ministar bezbjednosti jo\u0161 uvijek u bolnici\",\"datePublished\":\"2024-12-29T07:55:50+00:00\",\"dateModified\":\"2024-12-29T07:55:50+00:00\",\"mainEntityOfPage\":{\"@id\":\"https:\/\/tuzlainfo.ba\/index.php\/bosna-i-hercegovina\/item\/259105-sud-bih-odredio-pritvor-nesicu-i-drugima-ministar-bezbjednosti-jos-uvijek-u-bolnici\/\"},\"wordCount\":159,\"publisher\":{\"@id\":\"https:\/\/tuzlainfo.ba\/#organization\"},\"image\":{\"@id\":\"https:\/\/tuzlainfo.ba\/index.php\/bosna-i-hercegovina\/item\/259105-sud-bih-odredio-pritvor-nesicu-i-drugima-ministar-bezbjednosti-jos-uvijek-u-bolnici\/#primaryimage\"},\"thumbnailUrl\":\"https:\/\/tuzlainfo.ba\/wp-content\/uploads\/2023\/05\/0905_nenad_nesic.jpg\",\"keywords\":[\"nenad ne\u0161i\u0107\",\"sud bih\"],\"articleSection\":[\"Bosna i Hercegovina\"],\"inLanguage\":\"bs-BA\"},{\"@type\":\"WebPage\",\"@id\":\"https:\/\/tuzlainfo.ba\/index.php\/bosna-i-hercegovina\/item\/259105-sud-bih-odredio-pritvor-nesicu-i-drugima-ministar-bezbjednosti-jos-uvijek-u-bolnici\/\",\"url\":\"https:\/\/tuzlainfo.ba\/index.php\/bosna-i-hercegovina\/item\/259105-sud-bih-odredio-pritvor-nesicu-i-drugima-ministar-bezbjednosti-jos-uvijek-u-bolnici\/\",\"name\":\"Sud BiH odredio pritvor Ne\u0161i\u0107u i drugima, ministar bezbjednosti jo\u0161 uvijek u bolnici - TuzlaInfo.ba\",\"isPartOf\":{\"@id\":\"https:\/\/tuzlainfo.ba\/#website\"},\"primaryImageOfPage\":{\"@id\":\"https:\/\/tuzlainfo.ba\/index.php\/bosna-i-hercegovina\/item\/259105-sud-bih-odredio-pritvor-nesicu-i-drugima-ministar-bezbjednosti-jos-uvijek-u-bolnici\/#primaryimage\"},\"image\":{\"@id\":\"https:\/\/tuzlainfo.ba\/index.php\/bosna-i-hercegovina\/item\/259105-sud-bih-odredio-pritvor-nesicu-i-drugima-ministar-bezbjednosti-jos-uvijek-u-bolnici\/#primaryimage\"},\"thumbnailUrl\":\"https:\/\/tuzlainfo.ba\/wp-content\/uploads\/2023\/05\/0905_nenad_nesic.jpg\",\"datePublished\":\"2024-12-29T07:55:50+00:00\",\"dateModified\":\"2024-12-29T07:55:50+00:00\",\"breadcrumb\":{\"@id\":\"https:\/\/tuzlainfo.ba\/index.php\/bosna-i-hercegovina\/item\/259105-sud-bih-odredio-pritvor-nesicu-i-drugima-ministar-bezbjednosti-jos-uvijek-u-bolnici\/#breadcrumb\"},\"inLanguage\":\"bs-BA\",\"potentialAction\":[{\"@type\":\"ReadAction\",\"target\":[\"https:\/\/tuzlainfo.ba\/index.php\/bosna-i-hercegovina\/item\/259105-sud-bih-odredio-pritvor-nesicu-i-drugima-ministar-bezbjednosti-jos-uvijek-u-bolnici\/\"]}]},{\"@type\":\"ImageObject\",\"inLanguage\":\"bs-BA\",\"@id\":\"https:\/\/tuzlainfo.ba\/index.php\/bosna-i-hercegovina\/item\/259105-sud-bih-odredio-pritvor-nesicu-i-drugima-ministar-bezbjednosti-jos-uvijek-u-bolnici\/#primaryimage\",\"url\":\"https:\/\/tuzlainfo.ba\/wp-content\/uploads\/2023\/05\/0905_nenad_nesic.jpg\",\"contentUrl\":\"https:\/\/tuzlainfo.ba\/wp-content\/uploads\/2023\/05\/0905_nenad_nesic.jpg\",\"width\":800,\"height\":565},{\"@type\":\"BreadcrumbList\",\"@id\":\"https:\/\/tuzlainfo.ba\/index.php\/bosna-i-hercegovina\/item\/259105-sud-bih-odredio-pritvor-nesicu-i-drugima-ministar-bezbjednosti-jos-uvijek-u-bolnici\/#breadcrumb\",\"itemListElement\":[{\"@type\":\"ListItem\",\"position\":1,\"name\":\"Home\",\"item\":\"https:\/\/tuzlainfo.ba\/\"},{\"@type\":\"ListItem\",\"position\":2,\"name\":\"Sud BiH odredio pritvor Ne\u0161i\u0107u i drugima, ministar bezbjednosti jo\u0161 uvijek u bolnici\"}]},{\"@type\":\"WebSite\",\"@id\":\"https:\/\/tuzlainfo.ba\/#website\",\"url\":\"https:\/\/tuzlainfo.ba\/\",\"name\":\"TuzlaInfo.ba\",\"description\":\"Tuzla info, gradski informator - Tuzla na dlanu\",\"publisher\":{\"@id\":\"https:\/\/tuzlainfo.ba\/#organization\"},\"potentialAction\":[{\"@type\":\"SearchAction\",\"target\":{\"@type\":\"EntryPoint\",\"urlTemplate\":\"https:\/\/tuzlainfo.ba\/?s={search_term_string}\"},\"query-input\":{\"@type\":\"PropertyValueSpecification\",\"valueRequired\":true,\"valueName\":\"search_term_string\"}}],\"inLanguage\":\"bs-BA\"},{\"@type\":\"Organization\",\"@id\":\"https:\/\/tuzlainfo.ba\/#organization\",\"name\":\"TuzlaInfo.ba\",\"url\":\"https:\/\/tuzlainfo.ba\/\",\"logo\":{\"@type\":\"ImageObject\",\"inLanguage\":\"bs-BA\",\"@id\":\"https:\/\/tuzlainfo.ba\/#\/schema\/logo\/image\/\",\"url\":\"https:\/\/tuzlainfo.ba\/wp-content\/uploads\/2021\/03\/logo-ver-3-1.png\",\"contentUrl\":\"https:\/\/tuzlainfo.ba\/wp-content\/uploads\/2021\/03\/logo-ver-3-1.png\",\"width\":350,\"height\":95,\"caption\":\"TuzlaInfo.ba\"},\"image\":{\"@id\":\"https:\/\/tuzlainfo.ba\/#\/schema\/logo\/image\/\"},\"sameAs\":[\"https:\/\/www.facebook.com\/tuzlainfo.ba\/\"]},{\"@type\":\"Person\",\"@id\":\"https:\/\/tuzlainfo.ba\/#\/schema\/person\/f434e20dc27ea133923aab08451b7f7f\",\"name\":\"nedim\",\"image\":{\"@type\":\"ImageObject\",\"inLanguage\":\"bs-BA\",\"@id\":\"https:\/\/tuzlainfo.ba\/#\/schema\/person\/image\/\",\"url\":\"https:\/\/tuzlainfo.ba\/wp-content\/litespeed\/avatar\/aabad687af24844af817603ac1cbdc4f.jpg?ver=1777306975\",\"contentUrl\":\"https:\/\/tuzlainfo.ba\/wp-content\/litespeed\/avatar\/aabad687af24844af817603ac1cbdc4f.jpg?ver=1777306975\",\"caption\":\"nedim\"},\"description\":\"Tuzlainfo.ba pratite na dru\u0161tvenim mre\u017eama: Facebook, Instagram i Youtube. Svoje pri\u010de, upite i fotografije \u0161aljite na na\u0161u e-mail adresu.\"}]}<\/script>\n<!-- \/ Yoast SEO plugin. -->","yoast_head_json":{"title":"Sud BiH odredio pritvor Ne\u0161i\u0107u i drugima, ministar bezbjednosti jo\u0161 uvijek u bolnici - TuzlaInfo.ba","robots":{"index":"index","follow":"follow","max-snippet":"max-snippet:-1","max-image-preview":"max-image-preview:large","max-video-preview":"max-video-preview:-1"},"canonical":"https:\/\/tuzlainfo.ba\/index.php\/bosna-i-hercegovina\/item\/259105-sud-bih-odredio-pritvor-nesicu-i-drugima-ministar-bezbjednosti-jos-uvijek-u-bolnici\/","og_locale":"bs_BA","og_type":"article","og_title":"Sud BiH odredio pritvor Ne\u0161i\u0107u i drugima, ministar bezbjednosti jo\u0161 uvijek u bolnici - TuzlaInfo.ba","og_description":"Sud Bosne i Hercegovine odredio je jednomjese\u010dni pritvor ministru bezbjednosti Bosne i Hercegovine Nenadu Ne\u0161i\u0107u&hellip;","og_url":"https:\/\/tuzlainfo.ba\/index.php\/bosna-i-hercegovina\/item\/259105-sud-bih-odredio-pritvor-nesicu-i-drugima-ministar-bezbjednosti-jos-uvijek-u-bolnici\/","og_site_name":"TuzlaInfo.ba","article_publisher":"https:\/\/www.facebook.com\/tuzlainfo.ba\/","article_published_time":"2024-12-29T07:55:50+00:00","og_image":[{"width":800,"height":565,"url":"https:\/\/tuzlainfo.ba\/wp-content\/uploads\/2023\/05\/0905_nenad_nesic.jpg","type":"image\/jpeg"}],"author":"nedim","twitter_card":"summary_large_image","twitter_misc":{"Written by":"nedim","Est. reading time":"1 minuta"},"schema":{"@context":"https:\/\/schema.org","@graph":[{"@type":"Article","@id":"https:\/\/tuzlainfo.ba\/index.php\/bosna-i-hercegovina\/item\/259105-sud-bih-odredio-pritvor-nesicu-i-drugima-ministar-bezbjednosti-jos-uvijek-u-bolnici\/#article","isPartOf":{"@id":"https:\/\/tuzlainfo.ba\/index.php\/bosna-i-hercegovina\/item\/259105-sud-bih-odredio-pritvor-nesicu-i-drugima-ministar-bezbjednosti-jos-uvijek-u-bolnici\/"},"author":{"name":"nedim","@id":"https:\/\/tuzlainfo.ba\/#\/schema\/person\/f434e20dc27ea133923aab08451b7f7f"},"headline":"Sud BiH odredio pritvor Ne\u0161i\u0107u i drugima, ministar bezbjednosti jo\u0161 uvijek u bolnici","datePublished":"2024-12-29T07:55:50+00:00","dateModified":"2024-12-29T07:55:50+00:00","mainEntityOfPage":{"@id":"https:\/\/tuzlainfo.ba\/index.php\/bosna-i-hercegovina\/item\/259105-sud-bih-odredio-pritvor-nesicu-i-drugima-ministar-bezbjednosti-jos-uvijek-u-bolnici\/"},"wordCount":159,"publisher":{"@id":"https:\/\/tuzlainfo.ba\/#organization"},"image":{"@id":"https:\/\/tuzlainfo.ba\/index.php\/bosna-i-hercegovina\/item\/259105-sud-bih-odredio-pritvor-nesicu-i-drugima-ministar-bezbjednosti-jos-uvijek-u-bolnici\/#primaryimage"},"thumbnailUrl":"https:\/\/tuzlainfo.ba\/wp-content\/uploads\/2023\/05\/0905_nenad_nesic.jpg","keywords":["nenad ne\u0161i\u0107","sud bih"],"articleSection":["Bosna i Hercegovina"],"inLanguage":"bs-BA"},{"@type":"WebPage","@id":"https:\/\/tuzlainfo.ba\/index.php\/bosna-i-hercegovina\/item\/259105-sud-bih-odredio-pritvor-nesicu-i-drugima-ministar-bezbjednosti-jos-uvijek-u-bolnici\/","url":"https:\/\/tuzlainfo.ba\/index.php\/bosna-i-hercegovina\/item\/259105-sud-bih-odredio-pritvor-nesicu-i-drugima-ministar-bezbjednosti-jos-uvijek-u-bolnici\/","name":"Sud BiH odredio pritvor Ne\u0161i\u0107u i drugima, ministar bezbjednosti jo\u0161 uvijek u bolnici - TuzlaInfo.ba","isPartOf":{"@id":"https:\/\/tuzlainfo.ba\/#website"},"primaryImageOfPage":{"@id":"https:\/\/tuzlainfo.ba\/index.php\/bosna-i-hercegovina\/item\/259105-sud-bih-odredio-pritvor-nesicu-i-drugima-ministar-bezbjednosti-jos-uvijek-u-bolnici\/#primaryimage"},"image":{"@id":"https:\/\/tuzlainfo.ba\/index.php\/bosna-i-hercegovina\/item\/259105-sud-bih-odredio-pritvor-nesicu-i-drugima-ministar-bezbjednosti-jos-uvijek-u-bolnici\/#primaryimage"},"thumbnailUrl":"https:\/\/tuzlainfo.ba\/wp-content\/uploads\/2023\/05\/0905_nenad_nesic.jpg","datePublished":"2024-12-29T07:55:50+00:00","dateModified":"2024-12-29T07:55:50+00:00","breadcrumb":{"@id":"https:\/\/tuzlainfo.ba\/index.php\/bosna-i-hercegovina\/item\/259105-sud-bih-odredio-pritvor-nesicu-i-drugima-ministar-bezbjednosti-jos-uvijek-u-bolnici\/#breadcrumb"},"inLanguage":"bs-BA","potentialAction":[{"@type":"ReadAction","target":["https:\/\/tuzlainfo.ba\/index.php\/bosna-i-hercegovina\/item\/259105-sud-bih-odredio-pritvor-nesicu-i-drugima-ministar-bezbjednosti-jos-uvijek-u-bolnici\/"]}]},{"@type":"ImageObject","inLanguage":"bs-BA","@id":"https:\/\/tuzlainfo.ba\/index.php\/bosna-i-hercegovina\/item\/259105-sud-bih-odredio-pritvor-nesicu-i-drugima-ministar-bezbjednosti-jos-uvijek-u-bolnici\/#primaryimage","url":"https:\/\/tuzlainfo.ba\/wp-content\/uploads\/2023\/05\/0905_nenad_nesic.jpg","contentUrl":"https:\/\/tuzlainfo.ba\/wp-content\/uploads\/2023\/05\/0905_nenad_nesic.jpg","width":800,"height":565},{"@type":"BreadcrumbList","@id":"https:\/\/tuzlainfo.ba\/index.php\/bosna-i-hercegovina\/item\/259105-sud-bih-odredio-pritvor-nesicu-i-drugima-ministar-bezbjednosti-jos-uvijek-u-bolnici\/#breadcrumb","itemListElement":[{"@type":"ListItem","position":1,"name":"Home","item":"https:\/\/tuzlainfo.ba\/"},{"@type":"ListItem","position":2,"name":"Sud BiH odredio pritvor Ne\u0161i\u0107u i drugima, ministar bezbjednosti jo\u0161 uvijek u bolnici"}]},{"@type":"WebSite","@id":"https:\/\/tuzlainfo.ba\/#website","url":"https:\/\/tuzlainfo.ba\/","name":"TuzlaInfo.ba","description":"Tuzla info, gradski informator - Tuzla na dlanu","publisher":{"@id":"https:\/\/tuzlainfo.ba\/#organization"},"potentialAction":[{"@type":"SearchAction","target":{"@type":"EntryPoint","urlTemplate":"https:\/\/tuzlainfo.ba\/?s={search_term_string}"},"query-input":{"@type":"PropertyValueSpecification","valueRequired":true,"valueName":"search_term_string"}}],"inLanguage":"bs-BA"},{"@type":"Organization","@id":"https:\/\/tuzlainfo.ba\/#organization","name":"TuzlaInfo.ba","url":"https:\/\/tuzlainfo.ba\/","logo":{"@type":"ImageObject","inLanguage":"bs-BA","@id":"https:\/\/tuzlainfo.ba\/#\/schema\/logo\/image\/","url":"https:\/\/tuzlainfo.ba\/wp-content\/uploads\/2021\/03\/logo-ver-3-1.png","contentUrl":"https:\/\/tuzlainfo.ba\/wp-content\/uploads\/2021\/03\/logo-ver-3-1.png","width":350,"height":95,"caption":"TuzlaInfo.ba"},"image":{"@id":"https:\/\/tuzlainfo.ba\/#\/schema\/logo\/image\/"},"sameAs":["https:\/\/www.facebook.com\/tuzlainfo.ba\/"]},{"@type":"Person","@id":"https:\/\/tuzlainfo.ba\/#\/schema\/person\/f434e20dc27ea133923aab08451b7f7f","name":"nedim","image":{"@type":"ImageObject","inLanguage":"bs-BA","@id":"https:\/\/tuzlainfo.ba\/#\/schema\/person\/image\/","url":"https:\/\/tuzlainfo.ba\/wp-content\/litespeed\/avatar\/aabad687af24844af817603ac1cbdc4f.jpg?ver=1777306975","contentUrl":"https:\/\/tuzlainfo.ba\/wp-content\/litespeed\/avatar\/aabad687af24844af817603ac1cbdc4f.jpg?ver=1777306975","caption":"nedim"},"description":"Tuzlainfo.ba pratite na dru\u0161tvenim mre\u017eama: Facebook, Instagram i Youtube. Svoje pri\u010de, upite i fotografije \u0161aljite na na\u0161u e-mail adresu."}]}},"_links":{"self":[{"href":"https:\/\/tuzlainfo.ba\/index.php\/wp-json\/wp\/v2\/posts\/259105"}],"collection":[{"href":"https:\/\/tuzlainfo.ba\/index.php\/wp-json\/wp\/v2\/posts"}],"about":[{"href":"https:\/\/tuzlainfo.ba\/index.php\/wp-json\/wp\/v2\/types\/post"}],"author":[{"embeddable":true,"href":"https:\/\/tuzlainfo.ba\/index.php\/wp-json\/wp\/v2\/users\/2"}],"replies":[{"embeddable":true,"href":"https:\/\/tuzlainfo.ba\/index.php\/wp-json\/wp\/v2\/comments?post=259105"}],"version-history":[{"count":1,"href":"https:\/\/tuzlainfo.ba\/index.php\/wp-json\/wp\/v2\/posts\/259105\/revisions"}],"predecessor-version":[{"id":259106,"href":"https:\/\/tuzlainfo.ba\/index.php\/wp-json\/wp\/v2\/posts\/259105\/revisions\/259106"}],"wp:featuredmedia":[{"embeddable":true,"href":"https:\/\/tuzlainfo.ba\/index.php\/wp-json\/wp\/v2\/media\/204151"}],"wp:attachment":[{"href":"https:\/\/tuzlainfo.ba\/index.php\/wp-json\/wp\/v2\/media?parent=259105"}],"wp:term":[{"taxonomy":"category","embeddable":true,"href":"https:\/\/tuzlainfo.ba\/index.php\/wp-json\/wp\/v2\/categories?post=259105"},{"taxonomy":"post_tag","embeddable":true,"href":"https:\/\/tuzlainfo.ba\/index.php\/wp-json\/wp\/v2\/tags?post=259105"}],"curies":[{"name":"wp","href":"https:\/\/api.w.org\/{rel}","templated":true}]}}