{"id":258893,"date":"2024-12-26T13:02:25","date_gmt":"2024-12-26T12:02:25","guid":{"rendered":"https:\/\/tuzlainfo.ba\/?p=258893"},"modified":"2024-12-28T09:07:34","modified_gmt":"2024-12-28T08:07:34","slug":"nisu-dobre-vijesti-za-kupce-kolike-ce-biti-cijene-nekretnina-u-bih-u-2025-godini","status":"publish","type":"post","link":"https:\/\/tuzlainfo.ba\/index.php\/bosna-i-hercegovina\/item\/258893-nisu-dobre-vijesti-za-kupce-kolike-ce-biti-cijene-nekretnina-u-bih-u-2025-godini\/","title":{"rendered":"Nisu dobre vijesti za kupce: Kolike \u0107e biti cijene nekretnina u BiH u 2025. godini?"},"content":{"rendered":"<p>Cijene su i dalje &#8220;papreno&#8221; visoke u BiH, a \u010dini se da \u0107e tako jo\u0161 ostati. Sugovornik Ve\u010dernjeg lista iz gra\u0111evinske oblasti pri\u010da nam da u Sarajevu, na Stupu, cijena kvadrata dose\u017ee pet tisu\u0107a maraka, a u strogom sredi\u0161tu, kod zgrade Parlamenta, \u010dak deset tisu\u0107a maraka. &#8211; Sve \u0161to se prodaje pronalazi svoje kupce kad su nekretnine u pitanju. \u010cak je i stanarina dvostruko skuplja u odnosu na razdoblje\u00a0<strong>prije pandemije<\/strong>, pi\u0161e\u00a0<a href=\"https:\/\/www.vecernji.ba\/vijesti\/stanovi-diljem-bih-idu-iznad-3000-km-po-kvadratu-najam-se-udvostrucio-od-2020-1824519\">Ve\u010dernji list.<\/a><\/p>\n<p>Pravi hit u BiH postaju i\u00a0<strong>pograni\u010dna podru\u010dja.<\/strong>\u00a0Sugovornik isti\u010de da u Grudama uskoro ne\u0107e biti kvadrata ispod 3.000 maraka.<\/p>\n<p>&#8211; Malo, a gospodarski iznimno razvijeno mjesto. S pobolj\u0161anjem cestovne infrastrukture, na \u010demu se trenuta\u010dno radi, Grude postaju sve privla\u010dnije, a ako se odatle \u017eeli i\u0107i na more ili u planinu, u 45 minuta svugdje se mo\u017ee sti\u0107i, a razvoj cestovne infrastrukture zna\u010dajno \u0107e ubrzati te stvari. Tako\u0111er, Grude grani\u010de sa \u0160irokim Brijegom, gdje ve\u0107 sada imamo cijenu kvadrata od 3400 maraka, ka\u017ee on.<\/p>\n<h3><strong>Visoke cijene i u manjim gradovima<\/strong><\/h3>\n<p>Razni su razlozi za ovakvo ne\u0161to.<\/p>\n<p>&#8211; <strong>Skuplji je materijal,<\/strong>\u00a0skuplja je gradnja, kvalitetnih radnika nije puno ostalo pa su i na cijeni. Mnogi su oti\u0161li raditi u Hrvatsku, Sloveniju, Austriju, Njema\u010dku&#8230; Neki se i vra\u0107aju pa bi mogli poja\u010dati konkurenciju ovdje. Me\u0111utim, cijena rada ne\u0107e padati. Ne bi me iznenadilo ako u nekom budu\u0107em vremenu ne bude lokacije u BiH, pri\u010damo i o nekim slabije razvijenim gradovima, s cijenama ispod 3.000 maraka po kvadratu.<\/p>\n<p>Naravno, uvijek \u0107e se na\u0107i neko ko \u0107e prodati za 1.500, dvije, ali to su pojedinci, visoke cijene su realnost &#8211; istaknuo je.<\/p>\n<p>Ali opreza nikad dosta. Sjetit \u0107emo se onih tmurnih dana kad je po\u010dela recesija 2008. godine, odnosno tada smo postali svjesni njezinih razmjera, kad je krahirao Lehman Brothers. U stvarnosti recesija je po\u010dela u decembru 2007. godine u Sjedinjenim Ameri\u010dkim Dr\u017eavama nakon pucanja balona na tr\u017ei\u0161tu nekretnina i financijske krize.<\/p>\n<p>Poslije se \u0161irila, da bi 2009. dosegnula vrhunac. &#8211; Imali smo 2009. godine veliki\u00a0<strong>krah tr\u017ei\u0161ta<\/strong>\u00a0i nakon toga najdulju\u00a0<strong>ekonomsku krizu<\/strong>\u00a0koja se odrazila na tr\u017ei\u0161te nekretnina.<\/p>\n<p>U tom razdoblju nismo gradili gotovo ni\u0161ta i gra\u0111evinski sektor je izgubio jako puno radne snage. Kad je napokon po\u010deo oporavak, mi smo ga do\u010dekali bez ikakvih novih projekata i proizvoda na tr\u017ei\u0161tu, a potra\u017enje je bilo puno. U tom trenutku bile su povijesno niske kamatne stope na kredite, imali smo zamah u turisti\u010dkom segmentu i rast BDP-a, rast plate\u017ene mo\u0107i gra\u0111ana op\u0107enito, zna\u010di velika potra\u017enja, a nismo gradili dovoljno i u gra\u0111evinskom sektoru i dalje su bili veliki izazovi &#8211; podsjetila je nedavno\u00a0<strong>Lana Mihaljinac Kne\u017eevi\u0107<\/strong>, predsjednica Strukovne grupe posrednika u prometu nekretnina Komore Zagreb pri HGK.<\/p>\n<h3>Kako je kod susjeda?<\/h3>\n<p>A i Hrvatsku mu\u010de sli\u010dni problemi, s tim da je zemlja u\u0161la u EU pa je sve vi\u0161e biraju stranci koji su vani zaradili mirovine, financijski izda\u0161ne, pa sad tu dolaze \u017eivjeti i potra\u017enja raste. Tako\u0111er, tu je i jadranska obala, u kojoj svi u\u017eivaju. Potra\u017enja i u BiH je ogromna jer su \u010dinjenice da se stanovi\u00a0<strong>rasprodaju<\/strong>\u00a0\u010dim se najavi gradnja neke zgrade, \u0161to nam je potvrdio i raniji sugovornik.<\/p>\n<p>&#8211; Tr\u017ei\u0161te nekretnina u BiH trenutno je<strong>\u00a0iznimno dinami\u010dno,<\/strong>\u00a0obilje\u017eeno velikom potra\u017enjom koja nadma\u0161uje ponudu. Nekretnine se \u010desto prodaju i prije nego \u0161to budu javno ogla\u0161ene, \u0161to ukazuje na intenzivan interes kupaca.\u00a0Glavni akteri na tr\u017ei\u0161tu su doma\u0107i stanovnici, dijaspora i investitori. Gra\u0111ani BiH, osobito mladi bra\u010dni parovi i pojedinci, \u010dine zna\u010dajan dio kupaca. \u010cesto koriste stambene kredite kako bi osigurali svoj dom, dok povoljne kamatne stope dodatno olak\u0161avaju kupnju. Dijaspora tako\u0111er igra klju\u010dnu ulogu jer osobe podrijetlom iz BiH koje \u017eive u inozemstvu ula\u017eu u nekretnine, naj\u010de\u0161\u0107e u urbanim podru\u010djima ili turisti\u010dki atraktivnim regijama. Njihova ve\u0107a\u00a0<strong>kupovna<\/strong>\u00a0<strong>mo\u0107<\/strong>\u00a0omogu\u0107uje brze i gotovinske transakcije, \u0161to doprinosi konkurenciji na tr\u017ei\u0161tu. Investitori, lokalni i strani, vide BiH kao perspektivnu destinaciju za ulaganje. Nekretnine im nude<strong>\u00a0stabilan povrat kroz najam ili preprodaju,<\/strong>\u00a0dok se o\u010dekuje da \u0107e ulazak zemlje u Europsku uniju dodatno pove\u0107ati vrijednost imovine. Potra\u017enja za stanovima daleko nadma\u0161uje interes za ku\u0107ama unato\u010d povoljnijim cijenama ku\u0107a jer stanovi nude prakti\u010dnost i bolju povezanost s urbanim sadr\u017eajima. Ovaj trend rastu\u0107e potra\u017enje i ubrzane prodaje dodatno je poja\u010dan o\u010dekivanjima o daljnjem rastu vrijednosti nekretnina u idu\u0107im godinama. Tr\u017ei\u0161te nekretnina u BiH jasno odra\u017eava sve ve\u0107u privla\u010dnost zemlje kako za doma\u0107e kupce tako i za dijasporu i investitore, naveo je sugovornik.<\/p>\n","protected":false},"excerpt":{"rendered":"<p>Cijene su i dalje &#8220;papreno&#8221; visoke u BiH, a \u010dini se da \u0107e tako jo\u0161 ostati. Sugovornik Ve\u010dernjeg lista iz gra\u0111evinske oblasti pri\u010da nam da u Sarajevu, na Stupu, cijena kvadrata dose\u017ee pet tisu\u0107a maraka, a u strogom sredi\u0161tu, kod zgrade Parlamenta, \u010dak deset tisu\u0107a maraka. &#8211; Sve \u0161to se prodaje pronalazi svoje kupce kad [&hellip;]<\/p>\n","protected":false},"author":2,"featured_media":174314,"comment_status":"closed","ping_status":"closed","sticky":false,"template":"","format":"standard","meta":{"footnotes":""},"categories":[291,304,306],"tags":[10613],"class_list":["post-258893","post","type-post","status-publish","format-standard","has-post-thumbnail","hentry","category-bosna-i-hercegovina","category-istaknuto","category-preporucujemo","tag-cijene-nekretnina"],"yoast_head":"<!-- This site is optimized with the Yoast SEO plugin v28.4 - https:\/\/yoast.com\/product\/yoast-seo-wordpress\/ -->\n<title>Nisu dobre vijesti za kupce: Kolike \u0107e biti cijene nekretnina u BiH u 2025. godini?<\/title>\n<meta name=\"robots\" content=\"index, follow, max-snippet:-1, max-image-preview:large, max-video-preview:-1\" \/>\n<link rel=\"canonical\" href=\"https:\/\/tuzlainfo.ba\/index.php\/bosna-i-hercegovina\/item\/258893-nisu-dobre-vijesti-za-kupce-kolike-ce-biti-cijene-nekretnina-u-bih-u-2025-godini\/\" \/>\n<meta property=\"og:locale\" content=\"bs_BA\" \/>\n<meta property=\"og:type\" content=\"article\" \/>\n<meta property=\"og:title\" content=\"Nisu dobre vijesti za kupce: Kolike \u0107e biti cijene nekretnina u BiH u 2025. godini?\" \/>\n<meta property=\"og:description\" content=\"Cijene su i dalje &#8220;papreno&#8221; visoke u BiH, a \u010dini se da \u0107e tako jo\u0161 ostati. Sugovornik Ve\u010dernjeg lista iz gra\u0111evinske oblasti pri\u010da nam da u Sarajevu, na Stupu, cijena kvadrata dose\u017ee pet tisu\u0107a maraka, a u strogom sredi\u0161tu, kod zgrade Parlamenta, \u010dak deset tisu\u0107a maraka. &#8211; Sve \u0161to se prodaje pronalazi svoje kupce kad [&hellip;]\" \/>\n<meta property=\"og:url\" content=\"https:\/\/tuzlainfo.ba\/index.php\/bosna-i-hercegovina\/item\/258893-nisu-dobre-vijesti-za-kupce-kolike-ce-biti-cijene-nekretnina-u-bih-u-2025-godini\/\" \/>\n<meta property=\"og:site_name\" content=\"TuzlaInfo.ba\" \/>\n<meta property=\"article:publisher\" content=\"https:\/\/www.facebook.com\/tuzlainfo.ba\/\" \/>\n<meta property=\"article:published_time\" content=\"2024-12-26T12:02:25+00:00\" \/>\n<meta property=\"article:modified_time\" content=\"2024-12-28T08:07:34+00:00\" \/>\n<meta property=\"og:image\" content=\"https:\/\/tuzlainfo.ba\/wp-content\/uploads\/2022\/06\/0406_stan_nekretnine.jpg\" \/>\n\t<meta property=\"og:image:width\" content=\"1000\" \/>\n\t<meta property=\"og:image:height\" content=\"665\" \/>\n\t<meta property=\"og:image:type\" content=\"image\/jpeg\" \/>\n<meta name=\"author\" content=\"nedim\" \/>\n<meta name=\"twitter:card\" content=\"summary_large_image\" \/>\n<meta name=\"twitter:label1\" content=\"Written by\" \/>\n\t<meta name=\"twitter:data1\" content=\"nedim\" \/>\n\t<meta name=\"twitter:label2\" content=\"Est. reading time\" \/>\n\t<meta name=\"twitter:data2\" content=\"5 minuta\" \/>\n<script type=\"application\/ld+json\" class=\"yoast-schema-graph\">{\"@context\":\"https:\\\/\\\/schema.org\",\"@graph\":[{\"@type\":\"Article\",\"@id\":\"https:\\\/\\\/tuzlainfo.ba\\\/index.php\\\/bosna-i-hercegovina\\\/item\\\/258893-nisu-dobre-vijesti-za-kupce-kolike-ce-biti-cijene-nekretnina-u-bih-u-2025-godini\\\/#article\",\"isPartOf\":{\"@id\":\"https:\\\/\\\/tuzlainfo.ba\\\/index.php\\\/bosna-i-hercegovina\\\/item\\\/258893-nisu-dobre-vijesti-za-kupce-kolike-ce-biti-cijene-nekretnina-u-bih-u-2025-godini\\\/\"},\"author\":{\"name\":\"nedim\",\"@id\":\"https:\\\/\\\/tuzlainfo.ba\\\/#\\\/schema\\\/person\\\/f434e20dc27ea133923aab08451b7f7f\"},\"headline\":\"Nisu dobre vijesti za kupce: Kolike \u0107e biti cijene nekretnina u BiH u 2025. godini?\",\"datePublished\":\"2024-12-26T12:02:25+00:00\",\"dateModified\":\"2024-12-28T08:07:34+00:00\",\"mainEntityOfPage\":{\"@id\":\"https:\\\/\\\/tuzlainfo.ba\\\/index.php\\\/bosna-i-hercegovina\\\/item\\\/258893-nisu-dobre-vijesti-za-kupce-kolike-ce-biti-cijene-nekretnina-u-bih-u-2025-godini\\\/\"},\"wordCount\":837,\"publisher\":{\"@id\":\"https:\\\/\\\/tuzlainfo.ba\\\/#organization\"},\"image\":{\"@id\":\"https:\\\/\\\/tuzlainfo.ba\\\/index.php\\\/bosna-i-hercegovina\\\/item\\\/258893-nisu-dobre-vijesti-za-kupce-kolike-ce-biti-cijene-nekretnina-u-bih-u-2025-godini\\\/#primaryimage\"},\"thumbnailUrl\":\"https:\\\/\\\/tuzlainfo.ba\\\/wp-content\\\/uploads\\\/2022\\\/06\\\/0406_stan_nekretnine.jpg\",\"keywords\":[\"cijene nekretnina\"],\"articleSection\":[\"Bosna i Hercegovina\",\"Istaknuto\",\"Preporu\u010dujemo\"],\"inLanguage\":\"bs-BA\",\"copyrightYear\":\"2024\",\"copyrightHolder\":{\"@id\":\"https:\\\/\\\/tuzlainfo.ba\\\/#organization\"}},{\"@type\":\"WebPage\",\"@id\":\"https:\\\/\\\/tuzlainfo.ba\\\/index.php\\\/bosna-i-hercegovina\\\/item\\\/258893-nisu-dobre-vijesti-za-kupce-kolike-ce-biti-cijene-nekretnina-u-bih-u-2025-godini\\\/\",\"url\":\"https:\\\/\\\/tuzlainfo.ba\\\/index.php\\\/bosna-i-hercegovina\\\/item\\\/258893-nisu-dobre-vijesti-za-kupce-kolike-ce-biti-cijene-nekretnina-u-bih-u-2025-godini\\\/\",\"name\":\"Nisu dobre vijesti za kupce: Kolike \u0107e biti cijene nekretnina u BiH u 2025. godini?\",\"isPartOf\":{\"@id\":\"https:\\\/\\\/tuzlainfo.ba\\\/#website\"},\"primaryImageOfPage\":{\"@id\":\"https:\\\/\\\/tuzlainfo.ba\\\/index.php\\\/bosna-i-hercegovina\\\/item\\\/258893-nisu-dobre-vijesti-za-kupce-kolike-ce-biti-cijene-nekretnina-u-bih-u-2025-godini\\\/#primaryimage\"},\"image\":{\"@id\":\"https:\\\/\\\/tuzlainfo.ba\\\/index.php\\\/bosna-i-hercegovina\\\/item\\\/258893-nisu-dobre-vijesti-za-kupce-kolike-ce-biti-cijene-nekretnina-u-bih-u-2025-godini\\\/#primaryimage\"},\"thumbnailUrl\":\"https:\\\/\\\/tuzlainfo.ba\\\/wp-content\\\/uploads\\\/2022\\\/06\\\/0406_stan_nekretnine.jpg\",\"datePublished\":\"2024-12-26T12:02:25+00:00\",\"dateModified\":\"2024-12-28T08:07:34+00:00\",\"breadcrumb\":{\"@id\":\"https:\\\/\\\/tuzlainfo.ba\\\/index.php\\\/bosna-i-hercegovina\\\/item\\\/258893-nisu-dobre-vijesti-za-kupce-kolike-ce-biti-cijene-nekretnina-u-bih-u-2025-godini\\\/#breadcrumb\"},\"inLanguage\":\"bs-BA\",\"potentialAction\":[{\"@type\":\"ReadAction\",\"target\":[\"https:\\\/\\\/tuzlainfo.ba\\\/index.php\\\/bosna-i-hercegovina\\\/item\\\/258893-nisu-dobre-vijesti-za-kupce-kolike-ce-biti-cijene-nekretnina-u-bih-u-2025-godini\\\/\"]}]},{\"@type\":\"ImageObject\",\"inLanguage\":\"bs-BA\",\"@id\":\"https:\\\/\\\/tuzlainfo.ba\\\/index.php\\\/bosna-i-hercegovina\\\/item\\\/258893-nisu-dobre-vijesti-za-kupce-kolike-ce-biti-cijene-nekretnina-u-bih-u-2025-godini\\\/#primaryimage\",\"url\":\"https:\\\/\\\/tuzlainfo.ba\\\/wp-content\\\/uploads\\\/2022\\\/06\\\/0406_stan_nekretnine.jpg\",\"contentUrl\":\"https:\\\/\\\/tuzlainfo.ba\\\/wp-content\\\/uploads\\\/2022\\\/06\\\/0406_stan_nekretnine.jpg\",\"width\":1000,\"height\":665,\"caption\":\"Foto: Ilustracija\"},{\"@type\":\"BreadcrumbList\",\"@id\":\"https:\\\/\\\/tuzlainfo.ba\\\/index.php\\\/bosna-i-hercegovina\\\/item\\\/258893-nisu-dobre-vijesti-za-kupce-kolike-ce-biti-cijene-nekretnina-u-bih-u-2025-godini\\\/#breadcrumb\",\"itemListElement\":[{\"@type\":\"ListItem\",\"position\":1,\"name\":\"Home\",\"item\":\"https:\\\/\\\/tuzlainfo.ba\\\/\"},{\"@type\":\"ListItem\",\"position\":2,\"name\":\"Nisu dobre vijesti za kupce: Kolike \u0107e biti cijene nekretnina u BiH u 2025. godini?\"}]},{\"@type\":\"WebSite\",\"@id\":\"https:\\\/\\\/tuzlainfo.ba\\\/#website\",\"url\":\"https:\\\/\\\/tuzlainfo.ba\\\/\",\"name\":\"TuzlaInfo.ba\",\"description\":\"Tuzla info, gradski informator - Tuzla na dlanu\",\"publisher\":{\"@id\":\"https:\\\/\\\/tuzlainfo.ba\\\/#organization\"},\"potentialAction\":[{\"@type\":\"SearchAction\",\"target\":{\"@type\":\"EntryPoint\",\"urlTemplate\":\"https:\\\/\\\/tuzlainfo.ba\\\/?s={search_term_string}\"},\"query-input\":{\"@type\":\"PropertyValueSpecification\",\"valueRequired\":true,\"valueName\":\"search_term_string\"}}],\"inLanguage\":\"bs-BA\"},{\"@type\":\"Organization\",\"@id\":\"https:\\\/\\\/tuzlainfo.ba\\\/#organization\",\"name\":\"TuzlaInfo.ba\",\"url\":\"https:\\\/\\\/tuzlainfo.ba\\\/\",\"logo\":{\"@type\":\"ImageObject\",\"inLanguage\":\"bs-BA\",\"@id\":\"https:\\\/\\\/tuzlainfo.ba\\\/#\\\/schema\\\/logo\\\/image\\\/\",\"url\":\"https:\\\/\\\/tuzlainfo.ba\\\/wp-content\\\/uploads\\\/2021\\\/03\\\/logo-ver-3-1.png\",\"contentUrl\":\"https:\\\/\\\/tuzlainfo.ba\\\/wp-content\\\/uploads\\\/2021\\\/03\\\/logo-ver-3-1.png\",\"width\":350,\"height\":95,\"caption\":\"TuzlaInfo.ba\"},\"image\":{\"@id\":\"https:\\\/\\\/tuzlainfo.ba\\\/#\\\/schema\\\/logo\\\/image\\\/\"},\"sameAs\":[\"https:\\\/\\\/www.facebook.com\\\/tuzlainfo.ba\\\/\"]},{\"@type\":\"Person\",\"@id\":\"https:\\\/\\\/tuzlainfo.ba\\\/#\\\/schema\\\/person\\\/f434e20dc27ea133923aab08451b7f7f\",\"name\":\"nedim\",\"image\":{\"@type\":\"ImageObject\",\"inLanguage\":\"bs-BA\",\"@id\":\"https:\\\/\\\/secure.gravatar.com\\\/avatar\\\/5b928a2e7e70a54208d2eb6c1edcb75a5350d6ae97d5f0a701203d456823f6f3?s=96&d=mm&r=g\",\"url\":\"https:\\\/\\\/secure.gravatar.com\\\/avatar\\\/5b928a2e7e70a54208d2eb6c1edcb75a5350d6ae97d5f0a701203d456823f6f3?s=96&d=mm&r=g\",\"contentUrl\":\"https:\\\/\\\/secure.gravatar.com\\\/avatar\\\/5b928a2e7e70a54208d2eb6c1edcb75a5350d6ae97d5f0a701203d456823f6f3?s=96&d=mm&r=g\",\"caption\":\"nedim\"},\"description\":\"Tuzlainfo.ba pratite na dru\u0161tvenim mre\u017eama: Facebook, Instagram i Youtube. Svoje pri\u010de, upite i fotografije \u0161aljite na na\u0161u e-mail adresu.\"}]}<\/script>\n<!-- \/ Yoast SEO plugin. -->","yoast_head_json":{"title":"Nisu dobre vijesti za kupce: Kolike \u0107e biti cijene nekretnina u BiH u 2025. godini?","robots":{"index":"index","follow":"follow","max-snippet":"max-snippet:-1","max-image-preview":"max-image-preview:large","max-video-preview":"max-video-preview:-1"},"canonical":"https:\/\/tuzlainfo.ba\/index.php\/bosna-i-hercegovina\/item\/258893-nisu-dobre-vijesti-za-kupce-kolike-ce-biti-cijene-nekretnina-u-bih-u-2025-godini\/","og_locale":"bs_BA","og_type":"article","og_title":"Nisu dobre vijesti za kupce: Kolike \u0107e biti cijene nekretnina u BiH u 2025. godini?","og_description":"Cijene su i dalje &#8220;papreno&#8221; visoke u BiH, a \u010dini se da \u0107e tako jo\u0161 ostati. Sugovornik Ve\u010dernjeg lista iz gra\u0111evinske oblasti pri\u010da nam da u Sarajevu, na Stupu, cijena kvadrata dose\u017ee pet tisu\u0107a maraka, a u strogom sredi\u0161tu, kod zgrade Parlamenta, \u010dak deset tisu\u0107a maraka. &#8211; Sve \u0161to se prodaje pronalazi svoje kupce kad [&hellip;]","og_url":"https:\/\/tuzlainfo.ba\/index.php\/bosna-i-hercegovina\/item\/258893-nisu-dobre-vijesti-za-kupce-kolike-ce-biti-cijene-nekretnina-u-bih-u-2025-godini\/","og_site_name":"TuzlaInfo.ba","article_publisher":"https:\/\/www.facebook.com\/tuzlainfo.ba\/","article_published_time":"2024-12-26T12:02:25+00:00","article_modified_time":"2024-12-28T08:07:34+00:00","og_image":[{"width":1000,"height":665,"url":"https:\/\/tuzlainfo.ba\/wp-content\/uploads\/2022\/06\/0406_stan_nekretnine.jpg","type":"image\/jpeg"}],"author":"nedim","twitter_card":"summary_large_image","twitter_misc":{"Written by":"nedim","Est. reading time":"5 minuta"},"schema":{"@context":"https:\/\/schema.org","@graph":[{"@type":"Article","@id":"https:\/\/tuzlainfo.ba\/index.php\/bosna-i-hercegovina\/item\/258893-nisu-dobre-vijesti-za-kupce-kolike-ce-biti-cijene-nekretnina-u-bih-u-2025-godini\/#article","isPartOf":{"@id":"https:\/\/tuzlainfo.ba\/index.php\/bosna-i-hercegovina\/item\/258893-nisu-dobre-vijesti-za-kupce-kolike-ce-biti-cijene-nekretnina-u-bih-u-2025-godini\/"},"author":{"name":"nedim","@id":"https:\/\/tuzlainfo.ba\/#\/schema\/person\/f434e20dc27ea133923aab08451b7f7f"},"headline":"Nisu dobre vijesti za kupce: Kolike \u0107e biti cijene nekretnina u BiH u 2025. godini?","datePublished":"2024-12-26T12:02:25+00:00","dateModified":"2024-12-28T08:07:34+00:00","mainEntityOfPage":{"@id":"https:\/\/tuzlainfo.ba\/index.php\/bosna-i-hercegovina\/item\/258893-nisu-dobre-vijesti-za-kupce-kolike-ce-biti-cijene-nekretnina-u-bih-u-2025-godini\/"},"wordCount":837,"publisher":{"@id":"https:\/\/tuzlainfo.ba\/#organization"},"image":{"@id":"https:\/\/tuzlainfo.ba\/index.php\/bosna-i-hercegovina\/item\/258893-nisu-dobre-vijesti-za-kupce-kolike-ce-biti-cijene-nekretnina-u-bih-u-2025-godini\/#primaryimage"},"thumbnailUrl":"https:\/\/tuzlainfo.ba\/wp-content\/uploads\/2022\/06\/0406_stan_nekretnine.jpg","keywords":["cijene nekretnina"],"articleSection":["Bosna i Hercegovina","Istaknuto","Preporu\u010dujemo"],"inLanguage":"bs-BA","copyrightYear":"2024","copyrightHolder":{"@id":"https:\/\/tuzlainfo.ba\/#organization"}},{"@type":"WebPage","@id":"https:\/\/tuzlainfo.ba\/index.php\/bosna-i-hercegovina\/item\/258893-nisu-dobre-vijesti-za-kupce-kolike-ce-biti-cijene-nekretnina-u-bih-u-2025-godini\/","url":"https:\/\/tuzlainfo.ba\/index.php\/bosna-i-hercegovina\/item\/258893-nisu-dobre-vijesti-za-kupce-kolike-ce-biti-cijene-nekretnina-u-bih-u-2025-godini\/","name":"Nisu dobre vijesti za kupce: Kolike \u0107e biti cijene nekretnina u BiH u 2025. godini?","isPartOf":{"@id":"https:\/\/tuzlainfo.ba\/#website"},"primaryImageOfPage":{"@id":"https:\/\/tuzlainfo.ba\/index.php\/bosna-i-hercegovina\/item\/258893-nisu-dobre-vijesti-za-kupce-kolike-ce-biti-cijene-nekretnina-u-bih-u-2025-godini\/#primaryimage"},"image":{"@id":"https:\/\/tuzlainfo.ba\/index.php\/bosna-i-hercegovina\/item\/258893-nisu-dobre-vijesti-za-kupce-kolike-ce-biti-cijene-nekretnina-u-bih-u-2025-godini\/#primaryimage"},"thumbnailUrl":"https:\/\/tuzlainfo.ba\/wp-content\/uploads\/2022\/06\/0406_stan_nekretnine.jpg","datePublished":"2024-12-26T12:02:25+00:00","dateModified":"2024-12-28T08:07:34+00:00","breadcrumb":{"@id":"https:\/\/tuzlainfo.ba\/index.php\/bosna-i-hercegovina\/item\/258893-nisu-dobre-vijesti-za-kupce-kolike-ce-biti-cijene-nekretnina-u-bih-u-2025-godini\/#breadcrumb"},"inLanguage":"bs-BA","potentialAction":[{"@type":"ReadAction","target":["https:\/\/tuzlainfo.ba\/index.php\/bosna-i-hercegovina\/item\/258893-nisu-dobre-vijesti-za-kupce-kolike-ce-biti-cijene-nekretnina-u-bih-u-2025-godini\/"]}]},{"@type":"ImageObject","inLanguage":"bs-BA","@id":"https:\/\/tuzlainfo.ba\/index.php\/bosna-i-hercegovina\/item\/258893-nisu-dobre-vijesti-za-kupce-kolike-ce-biti-cijene-nekretnina-u-bih-u-2025-godini\/#primaryimage","url":"https:\/\/tuzlainfo.ba\/wp-content\/uploads\/2022\/06\/0406_stan_nekretnine.jpg","contentUrl":"https:\/\/tuzlainfo.ba\/wp-content\/uploads\/2022\/06\/0406_stan_nekretnine.jpg","width":1000,"height":665,"caption":"Foto: Ilustracija"},{"@type":"BreadcrumbList","@id":"https:\/\/tuzlainfo.ba\/index.php\/bosna-i-hercegovina\/item\/258893-nisu-dobre-vijesti-za-kupce-kolike-ce-biti-cijene-nekretnina-u-bih-u-2025-godini\/#breadcrumb","itemListElement":[{"@type":"ListItem","position":1,"name":"Home","item":"https:\/\/tuzlainfo.ba\/"},{"@type":"ListItem","position":2,"name":"Nisu dobre vijesti za kupce: Kolike \u0107e biti cijene nekretnina u BiH u 2025. godini?"}]},{"@type":"WebSite","@id":"https:\/\/tuzlainfo.ba\/#website","url":"https:\/\/tuzlainfo.ba\/","name":"TuzlaInfo.ba","description":"Tuzla info, gradski informator - Tuzla na dlanu","publisher":{"@id":"https:\/\/tuzlainfo.ba\/#organization"},"potentialAction":[{"@type":"SearchAction","target":{"@type":"EntryPoint","urlTemplate":"https:\/\/tuzlainfo.ba\/?s={search_term_string}"},"query-input":{"@type":"PropertyValueSpecification","valueRequired":true,"valueName":"search_term_string"}}],"inLanguage":"bs-BA"},{"@type":"Organization","@id":"https:\/\/tuzlainfo.ba\/#organization","name":"TuzlaInfo.ba","url":"https:\/\/tuzlainfo.ba\/","logo":{"@type":"ImageObject","inLanguage":"bs-BA","@id":"https:\/\/tuzlainfo.ba\/#\/schema\/logo\/image\/","url":"https:\/\/tuzlainfo.ba\/wp-content\/uploads\/2021\/03\/logo-ver-3-1.png","contentUrl":"https:\/\/tuzlainfo.ba\/wp-content\/uploads\/2021\/03\/logo-ver-3-1.png","width":350,"height":95,"caption":"TuzlaInfo.ba"},"image":{"@id":"https:\/\/tuzlainfo.ba\/#\/schema\/logo\/image\/"},"sameAs":["https:\/\/www.facebook.com\/tuzlainfo.ba\/"]},{"@type":"Person","@id":"https:\/\/tuzlainfo.ba\/#\/schema\/person\/f434e20dc27ea133923aab08451b7f7f","name":"nedim","image":{"@type":"ImageObject","inLanguage":"bs-BA","@id":"https:\/\/secure.gravatar.com\/avatar\/5b928a2e7e70a54208d2eb6c1edcb75a5350d6ae97d5f0a701203d456823f6f3?s=96&d=mm&r=g","url":"https:\/\/secure.gravatar.com\/avatar\/5b928a2e7e70a54208d2eb6c1edcb75a5350d6ae97d5f0a701203d456823f6f3?s=96&d=mm&r=g","contentUrl":"https:\/\/secure.gravatar.com\/avatar\/5b928a2e7e70a54208d2eb6c1edcb75a5350d6ae97d5f0a701203d456823f6f3?s=96&d=mm&r=g","caption":"nedim"},"description":"Tuzlainfo.ba pratite na dru\u0161tvenim mre\u017eama: Facebook, Instagram i Youtube. Svoje pri\u010de, upite i fotografije \u0161aljite na na\u0161u e-mail adresu."}]}},"_links":{"self":[{"href":"https:\/\/tuzlainfo.ba\/index.php\/wp-json\/wp\/v2\/posts\/258893","targetHints":{"allow":["GET"]}}],"collection":[{"href":"https:\/\/tuzlainfo.ba\/index.php\/wp-json\/wp\/v2\/posts"}],"about":[{"href":"https:\/\/tuzlainfo.ba\/index.php\/wp-json\/wp\/v2\/types\/post"}],"author":[{"embeddable":true,"href":"https:\/\/tuzlainfo.ba\/index.php\/wp-json\/wp\/v2\/users\/2"}],"replies":[{"embeddable":true,"href":"https:\/\/tuzlainfo.ba\/index.php\/wp-json\/wp\/v2\/comments?post=258893"}],"version-history":[{"count":1,"href":"https:\/\/tuzlainfo.ba\/index.php\/wp-json\/wp\/v2\/posts\/258893\/revisions"}],"predecessor-version":[{"id":258894,"href":"https:\/\/tuzlainfo.ba\/index.php\/wp-json\/wp\/v2\/posts\/258893\/revisions\/258894"}],"wp:featuredmedia":[{"embeddable":true,"href":"https:\/\/tuzlainfo.ba\/index.php\/wp-json\/wp\/v2\/media\/174314"}],"wp:attachment":[{"href":"https:\/\/tuzlainfo.ba\/index.php\/wp-json\/wp\/v2\/media?parent=258893"}],"wp:term":[{"taxonomy":"category","embeddable":true,"href":"https:\/\/tuzlainfo.ba\/index.php\/wp-json\/wp\/v2\/categories?post=258893"},{"taxonomy":"post_tag","embeddable":true,"href":"https:\/\/tuzlainfo.ba\/index.php\/wp-json\/wp\/v2\/tags?post=258893"}],"curies":[{"name":"wp","href":"https:\/\/api.w.org\/{rel}","templated":true}]}}