{"id":258759,"date":"2024-12-24T10:12:47","date_gmt":"2024-12-24T09:12:47","guid":{"rendered":"https:\/\/tuzlainfo.ba\/?p=258759"},"modified":"2024-12-24T17:36:23","modified_gmt":"2024-12-24T16:36:23","slug":"tk-odgodjena-nastava-u-nekoliko-skola-odluku-donose-direktori","status":"publish","type":"post","link":"https:\/\/tuzlainfo.ba\/index.php\/novosti\/item\/258759-tk-odgodjena-nastava-u-nekoliko-skola-odluku-donose-direktori\/","title":{"rendered":"TK: Odgo\u0111ena nastava u nekoliko \u0161kola, odluku donose direktori"},"content":{"rendered":"<div class=\"x11i5rnm xat24cr x1mh8g0r x1vvkbs xtlvy1s x126k92a\">\n<p dir=\"auto\">Ministarstvo obrazovanja i nauke Tuzlanskog kantona od jutros je zaprimilo brojne upite vezane za odvijanje nastave u osnovnim i srednjim \u0161kolama na podru\u010dju Tuzlanskog kantona, nakon \u0161to su obilne snije\u017ene padavine zahvatile ovaj dio Bosne i Hercegovine.<\/p>\n<p>&#8211; \u017delimo vas obavijestiti da smo u stalnom kontaktu s Aktivom direktora osnovnih i srednjih \u0161kola, kako bismo pravovremeno reagovali na sve eventualne pote\u0161ko\u0107e. Nastava je prekinuta u \u0161kolama u kojima su direktori procijenili da ne postoje uslovi za njeno nesmetano odvijanje, a razlozi su uglavnom prekidi u snabdijevanju elektri\u010dnom energijom, problem s grijanjem ili pote\u0161ko\u0107e u organizaciji prevoza u\u010denika &#8211; istakao je ministar obrazovanja i nauke TK Ahmed Omerovi\u0107.<\/p>\n<\/div>\n<p dir=\"auto\">Ministar je naglasio \u0107e se i dalje donositi odluke u skladu s procjenama direktora \u0161kola.<\/p>\n<p>&#8211; Tamo gdje se utvrdi da nisu ispunjeni osnovni uslovi za sigurnu i kvalitetnu nastavu, ista \u0107e biti prekinuta jer je dobrobit i sigurnost na\u0161ih u\u010denika uvijek na prvom mjestu &#8211; istakao je ministar Omerovi\u0107.<\/p>\n<p dir=\"auto\">Nastava je odgo\u0111ena u nekoliko \u0161kola u Banovi\u0107ima, \u010celi\u0107u, Doboj Istoku, Tuzli&#8230; \/Tuzlainfo.ba\/<\/p>\n<div class=\"x11i5rnm xat24cr x1mh8g0r x1vvkbs xtlvy1s x126k92a\">\n<p dir=\"auto\">\n<\/div>\n","protected":false},"excerpt":{"rendered":"<p>Ministarstvo obrazovanja i nauke Tuzlanskog kantona od jutros je zaprimilo brojne upite vezane za odvijanje&hellip;<\/p>\n","protected":false},"author":2,"featured_media":61553,"comment_status":"closed","ping_status":"closed","sticky":false,"template":"","format":"standard","meta":{"_acf_changed":false,"footnotes":""},"categories":[304,12,306],"tags":[5289,360,336],"acf":[],"yoast_head":"<!-- This site is optimized with the Yoast SEO plugin v23.5 - https:\/\/yoast.com\/wordpress\/plugins\/seo\/ -->\n<title>TK: Odgo\u0111ena nastava u nekoliko \u0161kola, odluku donose direktori - TuzlaInfo.ba<\/title>\n<meta name=\"robots\" content=\"index, follow, max-snippet:-1, max-image-preview:large, max-video-preview:-1\" \/>\n<link rel=\"canonical\" href=\"https:\/\/tuzlainfo.ba\/index.php\/novosti\/item\/258759-tk-odgodjena-nastava-u-nekoliko-skola-odluku-donose-direktori\/\" \/>\n<meta property=\"og:locale\" content=\"bs_BA\" \/>\n<meta property=\"og:type\" content=\"article\" \/>\n<meta property=\"og:title\" content=\"TK: Odgo\u0111ena nastava u nekoliko \u0161kola, odluku donose direktori - TuzlaInfo.ba\" \/>\n<meta property=\"og:description\" content=\"Ministarstvo obrazovanja i nauke Tuzlanskog kantona od jutros je zaprimilo brojne upite vezane za odvijanje&hellip;\" \/>\n<meta property=\"og:url\" content=\"https:\/\/tuzlainfo.ba\/index.php\/novosti\/item\/258759-tk-odgodjena-nastava-u-nekoliko-skola-odluku-donose-direktori\/\" \/>\n<meta property=\"og:site_name\" content=\"TuzlaInfo.ba\" \/>\n<meta property=\"article:publisher\" content=\"https:\/\/www.facebook.com\/tuzlainfo.ba\/\" \/>\n<meta property=\"article:published_time\" content=\"2024-12-24T09:12:47+00:00\" \/>\n<meta property=\"article:modified_time\" content=\"2024-12-24T16:36:23+00:00\" \/>\n<meta property=\"og:image\" content=\"https:\/\/tuzlainfo.ba\/wp-content\/uploads\/2018\/04\/sadrzaj_2018_20180101_01012018_skola_prazna.jpg\" \/>\n\t<meta property=\"og:image:width\" content=\"740\" \/>\n\t<meta property=\"og:image:height\" content=\"349\" \/>\n\t<meta property=\"og:image:type\" content=\"image\/jpeg\" \/>\n<meta name=\"author\" content=\"nedim\" \/>\n<meta name=\"twitter:card\" content=\"summary_large_image\" \/>\n<meta name=\"twitter:label1\" content=\"Written by\" \/>\n\t<meta name=\"twitter:data1\" content=\"nedim\" \/>\n\t<meta name=\"twitter:label2\" content=\"Est. reading time\" \/>\n\t<meta name=\"twitter:data2\" content=\"2 minute\" \/>\n<script type=\"application\/ld+json\" class=\"yoast-schema-graph\">{\"@context\":\"https:\/\/schema.org\",\"@graph\":[{\"@type\":\"Article\",\"@id\":\"https:\/\/tuzlainfo.ba\/index.php\/novosti\/item\/258759-tk-odgodjena-nastava-u-nekoliko-skola-odluku-donose-direktori\/#article\",\"isPartOf\":{\"@id\":\"https:\/\/tuzlainfo.ba\/index.php\/novosti\/item\/258759-tk-odgodjena-nastava-u-nekoliko-skola-odluku-donose-direktori\/\"},\"author\":{\"name\":\"nedim\",\"@id\":\"https:\/\/tuzlainfo.ba\/#\/schema\/person\/f434e20dc27ea133923aab08451b7f7f\"},\"headline\":\"TK: Odgo\u0111ena nastava u nekoliko \u0161kola, odluku donose direktori\",\"datePublished\":\"2024-12-24T09:12:47+00:00\",\"dateModified\":\"2024-12-24T16:36:23+00:00\",\"mainEntityOfPage\":{\"@id\":\"https:\/\/tuzlainfo.ba\/index.php\/novosti\/item\/258759-tk-odgodjena-nastava-u-nekoliko-skola-odluku-donose-direktori\/\"},\"wordCount\":194,\"publisher\":{\"@id\":\"https:\/\/tuzlainfo.ba\/#organization\"},\"image\":{\"@id\":\"https:\/\/tuzlainfo.ba\/index.php\/novosti\/item\/258759-tk-odgodjena-nastava-u-nekoliko-skola-odluku-donose-direktori\/#primaryimage\"},\"thumbnailUrl\":\"https:\/\/tuzlainfo.ba\/wp-content\/uploads\/2018\/04\/sadrzaj_2018_20180101_01012018_skola_prazna.jpg\",\"keywords\":[\"ahmed omerovi\u0107\",\"tuzlanski kanton\",\"vlada tk\"],\"articleSection\":[\"Istaknuto\",\"Novosti\",\"Preporu\u010dujemo\"],\"inLanguage\":\"bs-BA\"},{\"@type\":\"WebPage\",\"@id\":\"https:\/\/tuzlainfo.ba\/index.php\/novosti\/item\/258759-tk-odgodjena-nastava-u-nekoliko-skola-odluku-donose-direktori\/\",\"url\":\"https:\/\/tuzlainfo.ba\/index.php\/novosti\/item\/258759-tk-odgodjena-nastava-u-nekoliko-skola-odluku-donose-direktori\/\",\"name\":\"TK: Odgo\u0111ena nastava u nekoliko \u0161kola, odluku donose direktori - TuzlaInfo.ba\",\"isPartOf\":{\"@id\":\"https:\/\/tuzlainfo.ba\/#website\"},\"primaryImageOfPage\":{\"@id\":\"https:\/\/tuzlainfo.ba\/index.php\/novosti\/item\/258759-tk-odgodjena-nastava-u-nekoliko-skola-odluku-donose-direktori\/#primaryimage\"},\"image\":{\"@id\":\"https:\/\/tuzlainfo.ba\/index.php\/novosti\/item\/258759-tk-odgodjena-nastava-u-nekoliko-skola-odluku-donose-direktori\/#primaryimage\"},\"thumbnailUrl\":\"https:\/\/tuzlainfo.ba\/wp-content\/uploads\/2018\/04\/sadrzaj_2018_20180101_01012018_skola_prazna.jpg\",\"datePublished\":\"2024-12-24T09:12:47+00:00\",\"dateModified\":\"2024-12-24T16:36:23+00:00\",\"breadcrumb\":{\"@id\":\"https:\/\/tuzlainfo.ba\/index.php\/novosti\/item\/258759-tk-odgodjena-nastava-u-nekoliko-skola-odluku-donose-direktori\/#breadcrumb\"},\"inLanguage\":\"bs-BA\",\"potentialAction\":[{\"@type\":\"ReadAction\",\"target\":[\"https:\/\/tuzlainfo.ba\/index.php\/novosti\/item\/258759-tk-odgodjena-nastava-u-nekoliko-skola-odluku-donose-direktori\/\"]}]},{\"@type\":\"ImageObject\",\"inLanguage\":\"bs-BA\",\"@id\":\"https:\/\/tuzlainfo.ba\/index.php\/novosti\/item\/258759-tk-odgodjena-nastava-u-nekoliko-skola-odluku-donose-direktori\/#primaryimage\",\"url\":\"https:\/\/tuzlainfo.ba\/wp-content\/uploads\/2018\/04\/sadrzaj_2018_20180101_01012018_skola_prazna.jpg\",\"contentUrl\":\"https:\/\/tuzlainfo.ba\/wp-content\/uploads\/2018\/04\/sadrzaj_2018_20180101_01012018_skola_prazna.jpg\",\"width\":740,\"height\":349,\"caption\":\"01012018 skola prazna\"},{\"@type\":\"BreadcrumbList\",\"@id\":\"https:\/\/tuzlainfo.ba\/index.php\/novosti\/item\/258759-tk-odgodjena-nastava-u-nekoliko-skola-odluku-donose-direktori\/#breadcrumb\",\"itemListElement\":[{\"@type\":\"ListItem\",\"position\":1,\"name\":\"Home\",\"item\":\"https:\/\/tuzlainfo.ba\/\"},{\"@type\":\"ListItem\",\"position\":2,\"name\":\"TK: Odgo\u0111ena nastava u nekoliko \u0161kola, odluku donose direktori\"}]},{\"@type\":\"WebSite\",\"@id\":\"https:\/\/tuzlainfo.ba\/#website\",\"url\":\"https:\/\/tuzlainfo.ba\/\",\"name\":\"TuzlaInfo.ba\",\"description\":\"Tuzla info, gradski informator - Tuzla na dlanu\",\"publisher\":{\"@id\":\"https:\/\/tuzlainfo.ba\/#organization\"},\"potentialAction\":[{\"@type\":\"SearchAction\",\"target\":{\"@type\":\"EntryPoint\",\"urlTemplate\":\"https:\/\/tuzlainfo.ba\/?s={search_term_string}\"},\"query-input\":{\"@type\":\"PropertyValueSpecification\",\"valueRequired\":true,\"valueName\":\"search_term_string\"}}],\"inLanguage\":\"bs-BA\"},{\"@type\":\"Organization\",\"@id\":\"https:\/\/tuzlainfo.ba\/#organization\",\"name\":\"TuzlaInfo.ba\",\"url\":\"https:\/\/tuzlainfo.ba\/\",\"logo\":{\"@type\":\"ImageObject\",\"inLanguage\":\"bs-BA\",\"@id\":\"https:\/\/tuzlainfo.ba\/#\/schema\/logo\/image\/\",\"url\":\"https:\/\/tuzlainfo.ba\/wp-content\/uploads\/2021\/03\/logo-ver-3-1.png\",\"contentUrl\":\"https:\/\/tuzlainfo.ba\/wp-content\/uploads\/2021\/03\/logo-ver-3-1.png\",\"width\":350,\"height\":95,\"caption\":\"TuzlaInfo.ba\"},\"image\":{\"@id\":\"https:\/\/tuzlainfo.ba\/#\/schema\/logo\/image\/\"},\"sameAs\":[\"https:\/\/www.facebook.com\/tuzlainfo.ba\/\"]},{\"@type\":\"Person\",\"@id\":\"https:\/\/tuzlainfo.ba\/#\/schema\/person\/f434e20dc27ea133923aab08451b7f7f\",\"name\":\"nedim\",\"image\":{\"@type\":\"ImageObject\",\"inLanguage\":\"bs-BA\",\"@id\":\"https:\/\/tuzlainfo.ba\/#\/schema\/person\/image\/\",\"url\":\"https:\/\/tuzlainfo.ba\/wp-content\/litespeed\/avatar\/aabad687af24844af817603ac1cbdc4f.jpg?ver=1776702173\",\"contentUrl\":\"https:\/\/tuzlainfo.ba\/wp-content\/litespeed\/avatar\/aabad687af24844af817603ac1cbdc4f.jpg?ver=1776702173\",\"caption\":\"nedim\"},\"description\":\"Tuzlainfo.ba pratite na dru\u0161tvenim mre\u017eama: Facebook, Instagram i Youtube. Svoje pri\u010de, upite i fotografije \u0161aljite na na\u0161u e-mail adresu.\"}]}<\/script>\n<!-- \/ Yoast SEO plugin. -->","yoast_head_json":{"title":"TK: Odgo\u0111ena nastava u nekoliko \u0161kola, odluku donose direktori - TuzlaInfo.ba","robots":{"index":"index","follow":"follow","max-snippet":"max-snippet:-1","max-image-preview":"max-image-preview:large","max-video-preview":"max-video-preview:-1"},"canonical":"https:\/\/tuzlainfo.ba\/index.php\/novosti\/item\/258759-tk-odgodjena-nastava-u-nekoliko-skola-odluku-donose-direktori\/","og_locale":"bs_BA","og_type":"article","og_title":"TK: Odgo\u0111ena nastava u nekoliko \u0161kola, odluku donose direktori - TuzlaInfo.ba","og_description":"Ministarstvo obrazovanja i nauke Tuzlanskog kantona od jutros je zaprimilo brojne upite vezane za odvijanje&hellip;","og_url":"https:\/\/tuzlainfo.ba\/index.php\/novosti\/item\/258759-tk-odgodjena-nastava-u-nekoliko-skola-odluku-donose-direktori\/","og_site_name":"TuzlaInfo.ba","article_publisher":"https:\/\/www.facebook.com\/tuzlainfo.ba\/","article_published_time":"2024-12-24T09:12:47+00:00","article_modified_time":"2024-12-24T16:36:23+00:00","og_image":[{"width":740,"height":349,"url":"https:\/\/tuzlainfo.ba\/wp-content\/uploads\/2018\/04\/sadrzaj_2018_20180101_01012018_skola_prazna.jpg","type":"image\/jpeg"}],"author":"nedim","twitter_card":"summary_large_image","twitter_misc":{"Written by":"nedim","Est. reading time":"2 minute"},"schema":{"@context":"https:\/\/schema.org","@graph":[{"@type":"Article","@id":"https:\/\/tuzlainfo.ba\/index.php\/novosti\/item\/258759-tk-odgodjena-nastava-u-nekoliko-skola-odluku-donose-direktori\/#article","isPartOf":{"@id":"https:\/\/tuzlainfo.ba\/index.php\/novosti\/item\/258759-tk-odgodjena-nastava-u-nekoliko-skola-odluku-donose-direktori\/"},"author":{"name":"nedim","@id":"https:\/\/tuzlainfo.ba\/#\/schema\/person\/f434e20dc27ea133923aab08451b7f7f"},"headline":"TK: Odgo\u0111ena nastava u nekoliko \u0161kola, odluku donose direktori","datePublished":"2024-12-24T09:12:47+00:00","dateModified":"2024-12-24T16:36:23+00:00","mainEntityOfPage":{"@id":"https:\/\/tuzlainfo.ba\/index.php\/novosti\/item\/258759-tk-odgodjena-nastava-u-nekoliko-skola-odluku-donose-direktori\/"},"wordCount":194,"publisher":{"@id":"https:\/\/tuzlainfo.ba\/#organization"},"image":{"@id":"https:\/\/tuzlainfo.ba\/index.php\/novosti\/item\/258759-tk-odgodjena-nastava-u-nekoliko-skola-odluku-donose-direktori\/#primaryimage"},"thumbnailUrl":"https:\/\/tuzlainfo.ba\/wp-content\/uploads\/2018\/04\/sadrzaj_2018_20180101_01012018_skola_prazna.jpg","keywords":["ahmed omerovi\u0107","tuzlanski kanton","vlada tk"],"articleSection":["Istaknuto","Novosti","Preporu\u010dujemo"],"inLanguage":"bs-BA"},{"@type":"WebPage","@id":"https:\/\/tuzlainfo.ba\/index.php\/novosti\/item\/258759-tk-odgodjena-nastava-u-nekoliko-skola-odluku-donose-direktori\/","url":"https:\/\/tuzlainfo.ba\/index.php\/novosti\/item\/258759-tk-odgodjena-nastava-u-nekoliko-skola-odluku-donose-direktori\/","name":"TK: Odgo\u0111ena nastava u nekoliko \u0161kola, odluku donose direktori - TuzlaInfo.ba","isPartOf":{"@id":"https:\/\/tuzlainfo.ba\/#website"},"primaryImageOfPage":{"@id":"https:\/\/tuzlainfo.ba\/index.php\/novosti\/item\/258759-tk-odgodjena-nastava-u-nekoliko-skola-odluku-donose-direktori\/#primaryimage"},"image":{"@id":"https:\/\/tuzlainfo.ba\/index.php\/novosti\/item\/258759-tk-odgodjena-nastava-u-nekoliko-skola-odluku-donose-direktori\/#primaryimage"},"thumbnailUrl":"https:\/\/tuzlainfo.ba\/wp-content\/uploads\/2018\/04\/sadrzaj_2018_20180101_01012018_skola_prazna.jpg","datePublished":"2024-12-24T09:12:47+00:00","dateModified":"2024-12-24T16:36:23+00:00","breadcrumb":{"@id":"https:\/\/tuzlainfo.ba\/index.php\/novosti\/item\/258759-tk-odgodjena-nastava-u-nekoliko-skola-odluku-donose-direktori\/#breadcrumb"},"inLanguage":"bs-BA","potentialAction":[{"@type":"ReadAction","target":["https:\/\/tuzlainfo.ba\/index.php\/novosti\/item\/258759-tk-odgodjena-nastava-u-nekoliko-skola-odluku-donose-direktori\/"]}]},{"@type":"ImageObject","inLanguage":"bs-BA","@id":"https:\/\/tuzlainfo.ba\/index.php\/novosti\/item\/258759-tk-odgodjena-nastava-u-nekoliko-skola-odluku-donose-direktori\/#primaryimage","url":"https:\/\/tuzlainfo.ba\/wp-content\/uploads\/2018\/04\/sadrzaj_2018_20180101_01012018_skola_prazna.jpg","contentUrl":"https:\/\/tuzlainfo.ba\/wp-content\/uploads\/2018\/04\/sadrzaj_2018_20180101_01012018_skola_prazna.jpg","width":740,"height":349,"caption":"01012018 skola prazna"},{"@type":"BreadcrumbList","@id":"https:\/\/tuzlainfo.ba\/index.php\/novosti\/item\/258759-tk-odgodjena-nastava-u-nekoliko-skola-odluku-donose-direktori\/#breadcrumb","itemListElement":[{"@type":"ListItem","position":1,"name":"Home","item":"https:\/\/tuzlainfo.ba\/"},{"@type":"ListItem","position":2,"name":"TK: Odgo\u0111ena nastava u nekoliko \u0161kola, odluku donose direktori"}]},{"@type":"WebSite","@id":"https:\/\/tuzlainfo.ba\/#website","url":"https:\/\/tuzlainfo.ba\/","name":"TuzlaInfo.ba","description":"Tuzla info, gradski informator - Tuzla na dlanu","publisher":{"@id":"https:\/\/tuzlainfo.ba\/#organization"},"potentialAction":[{"@type":"SearchAction","target":{"@type":"EntryPoint","urlTemplate":"https:\/\/tuzlainfo.ba\/?s={search_term_string}"},"query-input":{"@type":"PropertyValueSpecification","valueRequired":true,"valueName":"search_term_string"}}],"inLanguage":"bs-BA"},{"@type":"Organization","@id":"https:\/\/tuzlainfo.ba\/#organization","name":"TuzlaInfo.ba","url":"https:\/\/tuzlainfo.ba\/","logo":{"@type":"ImageObject","inLanguage":"bs-BA","@id":"https:\/\/tuzlainfo.ba\/#\/schema\/logo\/image\/","url":"https:\/\/tuzlainfo.ba\/wp-content\/uploads\/2021\/03\/logo-ver-3-1.png","contentUrl":"https:\/\/tuzlainfo.ba\/wp-content\/uploads\/2021\/03\/logo-ver-3-1.png","width":350,"height":95,"caption":"TuzlaInfo.ba"},"image":{"@id":"https:\/\/tuzlainfo.ba\/#\/schema\/logo\/image\/"},"sameAs":["https:\/\/www.facebook.com\/tuzlainfo.ba\/"]},{"@type":"Person","@id":"https:\/\/tuzlainfo.ba\/#\/schema\/person\/f434e20dc27ea133923aab08451b7f7f","name":"nedim","image":{"@type":"ImageObject","inLanguage":"bs-BA","@id":"https:\/\/tuzlainfo.ba\/#\/schema\/person\/image\/","url":"https:\/\/tuzlainfo.ba\/wp-content\/litespeed\/avatar\/aabad687af24844af817603ac1cbdc4f.jpg?ver=1776702173","contentUrl":"https:\/\/tuzlainfo.ba\/wp-content\/litespeed\/avatar\/aabad687af24844af817603ac1cbdc4f.jpg?ver=1776702173","caption":"nedim"},"description":"Tuzlainfo.ba pratite na dru\u0161tvenim mre\u017eama: Facebook, Instagram i Youtube. Svoje pri\u010de, upite i fotografije \u0161aljite na na\u0161u e-mail adresu."}]}},"_links":{"self":[{"href":"https:\/\/tuzlainfo.ba\/index.php\/wp-json\/wp\/v2\/posts\/258759"}],"collection":[{"href":"https:\/\/tuzlainfo.ba\/index.php\/wp-json\/wp\/v2\/posts"}],"about":[{"href":"https:\/\/tuzlainfo.ba\/index.php\/wp-json\/wp\/v2\/types\/post"}],"author":[{"embeddable":true,"href":"https:\/\/tuzlainfo.ba\/index.php\/wp-json\/wp\/v2\/users\/2"}],"replies":[{"embeddable":true,"href":"https:\/\/tuzlainfo.ba\/index.php\/wp-json\/wp\/v2\/comments?post=258759"}],"version-history":[{"count":2,"href":"https:\/\/tuzlainfo.ba\/index.php\/wp-json\/wp\/v2\/posts\/258759\/revisions"}],"predecessor-version":[{"id":258761,"href":"https:\/\/tuzlainfo.ba\/index.php\/wp-json\/wp\/v2\/posts\/258759\/revisions\/258761"}],"wp:featuredmedia":[{"embeddable":true,"href":"https:\/\/tuzlainfo.ba\/index.php\/wp-json\/wp\/v2\/media\/61553"}],"wp:attachment":[{"href":"https:\/\/tuzlainfo.ba\/index.php\/wp-json\/wp\/v2\/media?parent=258759"}],"wp:term":[{"taxonomy":"category","embeddable":true,"href":"https:\/\/tuzlainfo.ba\/index.php\/wp-json\/wp\/v2\/categories?post=258759"},{"taxonomy":"post_tag","embeddable":true,"href":"https:\/\/tuzlainfo.ba\/index.php\/wp-json\/wp\/v2\/tags?post=258759"}],"curies":[{"name":"wp","href":"https:\/\/api.w.org\/{rel}","templated":true}]}}