{"id":258682,"date":"2024-12-23T10:11:26","date_gmt":"2024-12-23T09:11:26","guid":{"rendered":"https:\/\/tuzlainfo.ba\/?p=258682"},"modified":"2024-12-23T10:11:26","modified_gmt":"2024-12-23T09:11:26","slug":"snijeg-otezava-saobracaj-zabrana-voznje-za-teretna-vozila-na-putu-srebrenik-gracanica","status":"publish","type":"post","link":"https:\/\/tuzlainfo.ba\/index.php\/novosti\/item\/258682-snijeg-otezava-saobracaj-zabrana-voznje-za-teretna-vozila-na-putu-srebrenik-gracanica\/","title":{"rendered":"Snijeg ote\u017eava saobra\u0107aj: Zabrana vo\u017enje za teretna vozila na putu Srebrenik-Gra\u010danica"},"content":{"rendered":"<p>Kako smo jutros pisali obustavljen je saobra\u0107aj na magistralnom putu Ormanica-Grada\u010dac, zbog intenzivnih snije\u017enih padavina, iz BIHAMK-a su saop\u0161tili da je na putnim pravcima Srebrenik-Gra\u010danica i Posu\u0161je-Blidinje zabranjen saobra\u0107aj za teretna motorna vozila.<\/p>\n<p>Na putnom pravcu\u00a0 \u017dep\u010de-Maglaj (kod tunela Karaula) zbog poprije\u010denog teretnog vozila, saobra\u0107a se izrazito ote\u017eano, uz \u010deste zastoje.<\/p>\n<p>U ve\u0107em dijelu Bosne pada snijeg te se saobra\u0107a usporeno, dok je u Hercegovini prete\u017eno mokro. Ote\u017eani su uslovi za saobra\u0107aj preko prevoja: Makljen (Prozor-Gornji Vakuf), Komar (Travnik-Donji Vakuf), Borova Glava (Livno-\u0160uica), O\u0161trelj (Bosanski Petrovac-Drvar),\u00a0 Lani\u0161te (Bosanski Petrovac-Klju\u010d) i Banj brdo (Tuzla-Bijeljina),\u00a0 ali i na putnim pravcima: Bosansko Grahovo-Resanovci-Drvar, Bugojno-Kupres, Kolo-Tomislavgrad-\u0160uica, Glamo\u010d-Mlini\u0161te, La\u0161va-Kaonik i Jajce-Crna Rijeka. Na ovim dionicama obavezna je upotreba lanaca za kamione sa prikolicom i \u0161lepere.<\/p>\n<p>Zbog ni\u017eih temperatura i poledice na kolovozu u zasjenjenim dijelovima, na mostovima i nadvo\u017enjacima, ali i prilazima tunelima upozoravamo na visok stepen opreza pri upravljanju motornim vozilom. Apelujemo na voza\u010de da voze oprezno te da obavezno prilagode brzinu trenutnim uslovima na putu. Napominjemo, na put ne kre\u0107ite bez zimske opreme.<\/p>\n","protected":false},"excerpt":{"rendered":"<p>Kako smo jutros pisali obustavljen je saobra\u0107aj na magistralnom putu Ormanica-Grada\u010dac, zbog intenzivnih snije\u017enih padavina,&hellip;<\/p>\n","protected":false},"author":2,"featured_media":258683,"comment_status":"closed","ping_status":"closed","sticky":false,"template":"","format":"standard","meta":{"_acf_changed":false,"footnotes":""},"categories":[304,12],"tags":[325,3489],"acf":[],"yoast_head":"<!-- This site is optimized with the Yoast SEO plugin v23.5 - https:\/\/yoast.com\/wordpress\/plugins\/seo\/ -->\n<title>Snijeg ote\u017eava saobra\u0107aj: Zabrana vo\u017enje za teretna vozila na putu Srebrenik-Gra\u010danica - TuzlaInfo.ba<\/title>\n<meta name=\"robots\" content=\"index, follow, max-snippet:-1, max-image-preview:large, max-video-preview:-1\" \/>\n<link rel=\"canonical\" href=\"https:\/\/tuzlainfo.ba\/index.php\/novosti\/item\/258682-snijeg-otezava-saobracaj-zabrana-voznje-za-teretna-vozila-na-putu-srebrenik-gracanica\/\" \/>\n<meta property=\"og:locale\" content=\"bs_BA\" \/>\n<meta property=\"og:type\" content=\"article\" \/>\n<meta property=\"og:title\" content=\"Snijeg ote\u017eava saobra\u0107aj: Zabrana vo\u017enje za teretna vozila na putu Srebrenik-Gra\u010danica - TuzlaInfo.ba\" \/>\n<meta property=\"og:description\" content=\"Kako smo jutros pisali obustavljen je saobra\u0107aj na magistralnom putu Ormanica-Grada\u010dac, zbog intenzivnih snije\u017enih padavina,&hellip;\" \/>\n<meta property=\"og:url\" content=\"https:\/\/tuzlainfo.ba\/index.php\/novosti\/item\/258682-snijeg-otezava-saobracaj-zabrana-voznje-za-teretna-vozila-na-putu-srebrenik-gracanica\/\" \/>\n<meta property=\"og:site_name\" content=\"TuzlaInfo.ba\" \/>\n<meta property=\"article:publisher\" content=\"https:\/\/www.facebook.com\/tuzlainfo.ba\/\" \/>\n<meta property=\"article:published_time\" content=\"2024-12-23T09:11:26+00:00\" \/>\n<meta property=\"og:image\" content=\"https:\/\/tuzlainfo.ba\/wp-content\/uploads\/2024\/12\/2312_snijeg_sladna.jpg\" \/>\n\t<meta property=\"og:image:width\" content=\"800\" \/>\n\t<meta property=\"og:image:height\" content=\"540\" \/>\n\t<meta property=\"og:image:type\" content=\"image\/jpeg\" \/>\n<meta name=\"author\" content=\"nedim\" \/>\n<meta name=\"twitter:card\" content=\"summary_large_image\" \/>\n<meta name=\"twitter:label1\" content=\"Written by\" \/>\n\t<meta name=\"twitter:data1\" content=\"nedim\" \/>\n\t<meta name=\"twitter:label2\" content=\"Est. reading time\" \/>\n\t<meta name=\"twitter:data2\" content=\"2 minute\" \/>\n<script type=\"application\/ld+json\" class=\"yoast-schema-graph\">{\"@context\":\"https:\/\/schema.org\",\"@graph\":[{\"@type\":\"Article\",\"@id\":\"https:\/\/tuzlainfo.ba\/index.php\/novosti\/item\/258682-snijeg-otezava-saobracaj-zabrana-voznje-za-teretna-vozila-na-putu-srebrenik-gracanica\/#article\",\"isPartOf\":{\"@id\":\"https:\/\/tuzlainfo.ba\/index.php\/novosti\/item\/258682-snijeg-otezava-saobracaj-zabrana-voznje-za-teretna-vozila-na-putu-srebrenik-gracanica\/\"},\"author\":{\"name\":\"nedim\",\"@id\":\"https:\/\/tuzlainfo.ba\/#\/schema\/person\/f434e20dc27ea133923aab08451b7f7f\"},\"headline\":\"Snijeg ote\u017eava saobra\u0107aj: Zabrana vo\u017enje za teretna vozila na putu Srebrenik-Gra\u010danica\",\"datePublished\":\"2024-12-23T09:11:26+00:00\",\"dateModified\":\"2024-12-23T09:11:26+00:00\",\"mainEntityOfPage\":{\"@id\":\"https:\/\/tuzlainfo.ba\/index.php\/novosti\/item\/258682-snijeg-otezava-saobracaj-zabrana-voznje-za-teretna-vozila-na-putu-srebrenik-gracanica\/\"},\"wordCount\":212,\"publisher\":{\"@id\":\"https:\/\/tuzlainfo.ba\/#organization\"},\"image\":{\"@id\":\"https:\/\/tuzlainfo.ba\/index.php\/novosti\/item\/258682-snijeg-otezava-saobracaj-zabrana-voznje-za-teretna-vozila-na-putu-srebrenik-gracanica\/#primaryimage\"},\"thumbnailUrl\":\"https:\/\/tuzlainfo.ba\/wp-content\/uploads\/2024\/12\/2312_snijeg_sladna.jpg\",\"keywords\":[\"bihamk\",\"Stanje na putevima\"],\"articleSection\":[\"Istaknuto\",\"Novosti\"],\"inLanguage\":\"bs-BA\"},{\"@type\":\"WebPage\",\"@id\":\"https:\/\/tuzlainfo.ba\/index.php\/novosti\/item\/258682-snijeg-otezava-saobracaj-zabrana-voznje-za-teretna-vozila-na-putu-srebrenik-gracanica\/\",\"url\":\"https:\/\/tuzlainfo.ba\/index.php\/novosti\/item\/258682-snijeg-otezava-saobracaj-zabrana-voznje-za-teretna-vozila-na-putu-srebrenik-gracanica\/\",\"name\":\"Snijeg ote\u017eava saobra\u0107aj: Zabrana vo\u017enje za teretna vozila na putu Srebrenik-Gra\u010danica - TuzlaInfo.ba\",\"isPartOf\":{\"@id\":\"https:\/\/tuzlainfo.ba\/#website\"},\"primaryImageOfPage\":{\"@id\":\"https:\/\/tuzlainfo.ba\/index.php\/novosti\/item\/258682-snijeg-otezava-saobracaj-zabrana-voznje-za-teretna-vozila-na-putu-srebrenik-gracanica\/#primaryimage\"},\"image\":{\"@id\":\"https:\/\/tuzlainfo.ba\/index.php\/novosti\/item\/258682-snijeg-otezava-saobracaj-zabrana-voznje-za-teretna-vozila-na-putu-srebrenik-gracanica\/#primaryimage\"},\"thumbnailUrl\":\"https:\/\/tuzlainfo.ba\/wp-content\/uploads\/2024\/12\/2312_snijeg_sladna.jpg\",\"datePublished\":\"2024-12-23T09:11:26+00:00\",\"dateModified\":\"2024-12-23T09:11:26+00:00\",\"breadcrumb\":{\"@id\":\"https:\/\/tuzlainfo.ba\/index.php\/novosti\/item\/258682-snijeg-otezava-saobracaj-zabrana-voznje-za-teretna-vozila-na-putu-srebrenik-gracanica\/#breadcrumb\"},\"inLanguage\":\"bs-BA\",\"potentialAction\":[{\"@type\":\"ReadAction\",\"target\":[\"https:\/\/tuzlainfo.ba\/index.php\/novosti\/item\/258682-snijeg-otezava-saobracaj-zabrana-voznje-za-teretna-vozila-na-putu-srebrenik-gracanica\/\"]}]},{\"@type\":\"ImageObject\",\"inLanguage\":\"bs-BA\",\"@id\":\"https:\/\/tuzlainfo.ba\/index.php\/novosti\/item\/258682-snijeg-otezava-saobracaj-zabrana-voznje-za-teretna-vozila-na-putu-srebrenik-gracanica\/#primaryimage\",\"url\":\"https:\/\/tuzlainfo.ba\/wp-content\/uploads\/2024\/12\/2312_snijeg_sladna.jpg\",\"contentUrl\":\"https:\/\/tuzlainfo.ba\/wp-content\/uploads\/2024\/12\/2312_snijeg_sladna.jpg\",\"width\":800,\"height\":540,\"caption\":\"Foto: Regionalnj put Srebrenik - Gra\u010danica (Foto: Mustafa Mutap\u010di\u0107)\"},{\"@type\":\"BreadcrumbList\",\"@id\":\"https:\/\/tuzlainfo.ba\/index.php\/novosti\/item\/258682-snijeg-otezava-saobracaj-zabrana-voznje-za-teretna-vozila-na-putu-srebrenik-gracanica\/#breadcrumb\",\"itemListElement\":[{\"@type\":\"ListItem\",\"position\":1,\"name\":\"Home\",\"item\":\"https:\/\/tuzlainfo.ba\/\"},{\"@type\":\"ListItem\",\"position\":2,\"name\":\"Snijeg ote\u017eava saobra\u0107aj: Zabrana vo\u017enje za teretna vozila na putu Srebrenik-Gra\u010danica\"}]},{\"@type\":\"WebSite\",\"@id\":\"https:\/\/tuzlainfo.ba\/#website\",\"url\":\"https:\/\/tuzlainfo.ba\/\",\"name\":\"TuzlaInfo.ba\",\"description\":\"Tuzla info, gradski informator - Tuzla na dlanu\",\"publisher\":{\"@id\":\"https:\/\/tuzlainfo.ba\/#organization\"},\"potentialAction\":[{\"@type\":\"SearchAction\",\"target\":{\"@type\":\"EntryPoint\",\"urlTemplate\":\"https:\/\/tuzlainfo.ba\/?s={search_term_string}\"},\"query-input\":{\"@type\":\"PropertyValueSpecification\",\"valueRequired\":true,\"valueName\":\"search_term_string\"}}],\"inLanguage\":\"bs-BA\"},{\"@type\":\"Organization\",\"@id\":\"https:\/\/tuzlainfo.ba\/#organization\",\"name\":\"TuzlaInfo.ba\",\"url\":\"https:\/\/tuzlainfo.ba\/\",\"logo\":{\"@type\":\"ImageObject\",\"inLanguage\":\"bs-BA\",\"@id\":\"https:\/\/tuzlainfo.ba\/#\/schema\/logo\/image\/\",\"url\":\"https:\/\/tuzlainfo.ba\/wp-content\/uploads\/2021\/03\/logo-ver-3-1.png\",\"contentUrl\":\"https:\/\/tuzlainfo.ba\/wp-content\/uploads\/2021\/03\/logo-ver-3-1.png\",\"width\":350,\"height\":95,\"caption\":\"TuzlaInfo.ba\"},\"image\":{\"@id\":\"https:\/\/tuzlainfo.ba\/#\/schema\/logo\/image\/\"},\"sameAs\":[\"https:\/\/www.facebook.com\/tuzlainfo.ba\/\"]},{\"@type\":\"Person\",\"@id\":\"https:\/\/tuzlainfo.ba\/#\/schema\/person\/f434e20dc27ea133923aab08451b7f7f\",\"name\":\"nedim\",\"image\":{\"@type\":\"ImageObject\",\"inLanguage\":\"bs-BA\",\"@id\":\"https:\/\/tuzlainfo.ba\/#\/schema\/person\/image\/\",\"url\":\"https:\/\/tuzlainfo.ba\/wp-content\/litespeed\/avatar\/aabad687af24844af817603ac1cbdc4f.jpg?ver=1776702173\",\"contentUrl\":\"https:\/\/tuzlainfo.ba\/wp-content\/litespeed\/avatar\/aabad687af24844af817603ac1cbdc4f.jpg?ver=1776702173\",\"caption\":\"nedim\"},\"description\":\"Tuzlainfo.ba pratite na dru\u0161tvenim mre\u017eama: Facebook, Instagram i Youtube. Svoje pri\u010de, upite i fotografije \u0161aljite na na\u0161u e-mail adresu.\"}]}<\/script>\n<!-- \/ Yoast SEO plugin. -->","yoast_head_json":{"title":"Snijeg ote\u017eava saobra\u0107aj: Zabrana vo\u017enje za teretna vozila na putu Srebrenik-Gra\u010danica - TuzlaInfo.ba","robots":{"index":"index","follow":"follow","max-snippet":"max-snippet:-1","max-image-preview":"max-image-preview:large","max-video-preview":"max-video-preview:-1"},"canonical":"https:\/\/tuzlainfo.ba\/index.php\/novosti\/item\/258682-snijeg-otezava-saobracaj-zabrana-voznje-za-teretna-vozila-na-putu-srebrenik-gracanica\/","og_locale":"bs_BA","og_type":"article","og_title":"Snijeg ote\u017eava saobra\u0107aj: Zabrana vo\u017enje za teretna vozila na putu Srebrenik-Gra\u010danica - TuzlaInfo.ba","og_description":"Kako smo jutros pisali obustavljen je saobra\u0107aj na magistralnom putu Ormanica-Grada\u010dac, zbog intenzivnih snije\u017enih padavina,&hellip;","og_url":"https:\/\/tuzlainfo.ba\/index.php\/novosti\/item\/258682-snijeg-otezava-saobracaj-zabrana-voznje-za-teretna-vozila-na-putu-srebrenik-gracanica\/","og_site_name":"TuzlaInfo.ba","article_publisher":"https:\/\/www.facebook.com\/tuzlainfo.ba\/","article_published_time":"2024-12-23T09:11:26+00:00","og_image":[{"width":800,"height":540,"url":"https:\/\/tuzlainfo.ba\/wp-content\/uploads\/2024\/12\/2312_snijeg_sladna.jpg","type":"image\/jpeg"}],"author":"nedim","twitter_card":"summary_large_image","twitter_misc":{"Written by":"nedim","Est. reading time":"2 minute"},"schema":{"@context":"https:\/\/schema.org","@graph":[{"@type":"Article","@id":"https:\/\/tuzlainfo.ba\/index.php\/novosti\/item\/258682-snijeg-otezava-saobracaj-zabrana-voznje-za-teretna-vozila-na-putu-srebrenik-gracanica\/#article","isPartOf":{"@id":"https:\/\/tuzlainfo.ba\/index.php\/novosti\/item\/258682-snijeg-otezava-saobracaj-zabrana-voznje-za-teretna-vozila-na-putu-srebrenik-gracanica\/"},"author":{"name":"nedim","@id":"https:\/\/tuzlainfo.ba\/#\/schema\/person\/f434e20dc27ea133923aab08451b7f7f"},"headline":"Snijeg ote\u017eava saobra\u0107aj: Zabrana vo\u017enje za teretna vozila na putu Srebrenik-Gra\u010danica","datePublished":"2024-12-23T09:11:26+00:00","dateModified":"2024-12-23T09:11:26+00:00","mainEntityOfPage":{"@id":"https:\/\/tuzlainfo.ba\/index.php\/novosti\/item\/258682-snijeg-otezava-saobracaj-zabrana-voznje-za-teretna-vozila-na-putu-srebrenik-gracanica\/"},"wordCount":212,"publisher":{"@id":"https:\/\/tuzlainfo.ba\/#organization"},"image":{"@id":"https:\/\/tuzlainfo.ba\/index.php\/novosti\/item\/258682-snijeg-otezava-saobracaj-zabrana-voznje-za-teretna-vozila-na-putu-srebrenik-gracanica\/#primaryimage"},"thumbnailUrl":"https:\/\/tuzlainfo.ba\/wp-content\/uploads\/2024\/12\/2312_snijeg_sladna.jpg","keywords":["bihamk","Stanje na putevima"],"articleSection":["Istaknuto","Novosti"],"inLanguage":"bs-BA"},{"@type":"WebPage","@id":"https:\/\/tuzlainfo.ba\/index.php\/novosti\/item\/258682-snijeg-otezava-saobracaj-zabrana-voznje-za-teretna-vozila-na-putu-srebrenik-gracanica\/","url":"https:\/\/tuzlainfo.ba\/index.php\/novosti\/item\/258682-snijeg-otezava-saobracaj-zabrana-voznje-za-teretna-vozila-na-putu-srebrenik-gracanica\/","name":"Snijeg ote\u017eava saobra\u0107aj: Zabrana vo\u017enje za teretna vozila na putu Srebrenik-Gra\u010danica - TuzlaInfo.ba","isPartOf":{"@id":"https:\/\/tuzlainfo.ba\/#website"},"primaryImageOfPage":{"@id":"https:\/\/tuzlainfo.ba\/index.php\/novosti\/item\/258682-snijeg-otezava-saobracaj-zabrana-voznje-za-teretna-vozila-na-putu-srebrenik-gracanica\/#primaryimage"},"image":{"@id":"https:\/\/tuzlainfo.ba\/index.php\/novosti\/item\/258682-snijeg-otezava-saobracaj-zabrana-voznje-za-teretna-vozila-na-putu-srebrenik-gracanica\/#primaryimage"},"thumbnailUrl":"https:\/\/tuzlainfo.ba\/wp-content\/uploads\/2024\/12\/2312_snijeg_sladna.jpg","datePublished":"2024-12-23T09:11:26+00:00","dateModified":"2024-12-23T09:11:26+00:00","breadcrumb":{"@id":"https:\/\/tuzlainfo.ba\/index.php\/novosti\/item\/258682-snijeg-otezava-saobracaj-zabrana-voznje-za-teretna-vozila-na-putu-srebrenik-gracanica\/#breadcrumb"},"inLanguage":"bs-BA","potentialAction":[{"@type":"ReadAction","target":["https:\/\/tuzlainfo.ba\/index.php\/novosti\/item\/258682-snijeg-otezava-saobracaj-zabrana-voznje-za-teretna-vozila-na-putu-srebrenik-gracanica\/"]}]},{"@type":"ImageObject","inLanguage":"bs-BA","@id":"https:\/\/tuzlainfo.ba\/index.php\/novosti\/item\/258682-snijeg-otezava-saobracaj-zabrana-voznje-za-teretna-vozila-na-putu-srebrenik-gracanica\/#primaryimage","url":"https:\/\/tuzlainfo.ba\/wp-content\/uploads\/2024\/12\/2312_snijeg_sladna.jpg","contentUrl":"https:\/\/tuzlainfo.ba\/wp-content\/uploads\/2024\/12\/2312_snijeg_sladna.jpg","width":800,"height":540,"caption":"Foto: Regionalnj put Srebrenik - Gra\u010danica (Foto: Mustafa Mutap\u010di\u0107)"},{"@type":"BreadcrumbList","@id":"https:\/\/tuzlainfo.ba\/index.php\/novosti\/item\/258682-snijeg-otezava-saobracaj-zabrana-voznje-za-teretna-vozila-na-putu-srebrenik-gracanica\/#breadcrumb","itemListElement":[{"@type":"ListItem","position":1,"name":"Home","item":"https:\/\/tuzlainfo.ba\/"},{"@type":"ListItem","position":2,"name":"Snijeg ote\u017eava saobra\u0107aj: Zabrana vo\u017enje za teretna vozila na putu Srebrenik-Gra\u010danica"}]},{"@type":"WebSite","@id":"https:\/\/tuzlainfo.ba\/#website","url":"https:\/\/tuzlainfo.ba\/","name":"TuzlaInfo.ba","description":"Tuzla info, gradski informator - Tuzla na dlanu","publisher":{"@id":"https:\/\/tuzlainfo.ba\/#organization"},"potentialAction":[{"@type":"SearchAction","target":{"@type":"EntryPoint","urlTemplate":"https:\/\/tuzlainfo.ba\/?s={search_term_string}"},"query-input":{"@type":"PropertyValueSpecification","valueRequired":true,"valueName":"search_term_string"}}],"inLanguage":"bs-BA"},{"@type":"Organization","@id":"https:\/\/tuzlainfo.ba\/#organization","name":"TuzlaInfo.ba","url":"https:\/\/tuzlainfo.ba\/","logo":{"@type":"ImageObject","inLanguage":"bs-BA","@id":"https:\/\/tuzlainfo.ba\/#\/schema\/logo\/image\/","url":"https:\/\/tuzlainfo.ba\/wp-content\/uploads\/2021\/03\/logo-ver-3-1.png","contentUrl":"https:\/\/tuzlainfo.ba\/wp-content\/uploads\/2021\/03\/logo-ver-3-1.png","width":350,"height":95,"caption":"TuzlaInfo.ba"},"image":{"@id":"https:\/\/tuzlainfo.ba\/#\/schema\/logo\/image\/"},"sameAs":["https:\/\/www.facebook.com\/tuzlainfo.ba\/"]},{"@type":"Person","@id":"https:\/\/tuzlainfo.ba\/#\/schema\/person\/f434e20dc27ea133923aab08451b7f7f","name":"nedim","image":{"@type":"ImageObject","inLanguage":"bs-BA","@id":"https:\/\/tuzlainfo.ba\/#\/schema\/person\/image\/","url":"https:\/\/tuzlainfo.ba\/wp-content\/litespeed\/avatar\/aabad687af24844af817603ac1cbdc4f.jpg?ver=1776702173","contentUrl":"https:\/\/tuzlainfo.ba\/wp-content\/litespeed\/avatar\/aabad687af24844af817603ac1cbdc4f.jpg?ver=1776702173","caption":"nedim"},"description":"Tuzlainfo.ba pratite na dru\u0161tvenim mre\u017eama: Facebook, Instagram i Youtube. Svoje pri\u010de, upite i fotografije \u0161aljite na na\u0161u e-mail adresu."}]}},"_links":{"self":[{"href":"https:\/\/tuzlainfo.ba\/index.php\/wp-json\/wp\/v2\/posts\/258682"}],"collection":[{"href":"https:\/\/tuzlainfo.ba\/index.php\/wp-json\/wp\/v2\/posts"}],"about":[{"href":"https:\/\/tuzlainfo.ba\/index.php\/wp-json\/wp\/v2\/types\/post"}],"author":[{"embeddable":true,"href":"https:\/\/tuzlainfo.ba\/index.php\/wp-json\/wp\/v2\/users\/2"}],"replies":[{"embeddable":true,"href":"https:\/\/tuzlainfo.ba\/index.php\/wp-json\/wp\/v2\/comments?post=258682"}],"version-history":[{"count":1,"href":"https:\/\/tuzlainfo.ba\/index.php\/wp-json\/wp\/v2\/posts\/258682\/revisions"}],"predecessor-version":[{"id":258684,"href":"https:\/\/tuzlainfo.ba\/index.php\/wp-json\/wp\/v2\/posts\/258682\/revisions\/258684"}],"wp:featuredmedia":[{"embeddable":true,"href":"https:\/\/tuzlainfo.ba\/index.php\/wp-json\/wp\/v2\/media\/258683"}],"wp:attachment":[{"href":"https:\/\/tuzlainfo.ba\/index.php\/wp-json\/wp\/v2\/media?parent=258682"}],"wp:term":[{"taxonomy":"category","embeddable":true,"href":"https:\/\/tuzlainfo.ba\/index.php\/wp-json\/wp\/v2\/categories?post=258682"},{"taxonomy":"post_tag","embeddable":true,"href":"https:\/\/tuzlainfo.ba\/index.php\/wp-json\/wp\/v2\/tags?post=258682"}],"curies":[{"name":"wp","href":"https:\/\/api.w.org\/{rel}","templated":true}]}}