{"id":258574,"date":"2024-12-21T22:30:01","date_gmt":"2024-12-21T21:30:01","guid":{"rendered":"https:\/\/tuzlainfo.ba\/?p=258574"},"modified":"2024-12-21T22:31:27","modified_gmt":"2024-12-21T21:31:27","slug":"hdz-bih-poklopio-sva-tri-entitetska-preduzeca-za-ceste-i-autocese-u-fbih","status":"publish","type":"post","link":"https:\/\/tuzlainfo.ba\/index.php\/bosna-i-hercegovina\/item\/258574-hdz-bih-poklopio-sva-tri-entitetska-preduzeca-za-ceste-i-autocese-u-fbih\/","title":{"rendered":"HDZ BiH &#8220;poklopio&#8221; sva tri entitetska preduze\u0107a za ceste i autocese u FBIH"},"content":{"rendered":"<p>Zastupnik u Predstavni\u010dkom domu\u00a0Parlamenta Federacije BiH Sanel Kajan pokrenuo je Inicijativu da Vlada FBiH i Ceste Mostar stupe u proces reorganizacije \u201eCeste Mostar\u201c u skladu s Ustavom i zakonima, te odgovaraju\u0107om nacionalnom strukturom rukovode\u0107ih kadrova. Reorganizacija bi podrazumijevala izmjene upravnih i nadzornih struktura.<\/p>\n<p>&#8211; Vlada Federacije BiH je na prijedlog Federalnog ministarstva saobra\u0107aja i komunikacija dala saglasnost Nadzornom odboru Gospodarskog dru\u0161tva Ceste d.d. Mostar za dono\u0161enje odluke o imenovanju \u010dlanova Uprave Dru\u0161tva na mandatni period od \u010detiri godine. Branko Bago imenovan je za direktora. Rije\u010d je o kadru HDZ-a BiH, biv\u0161em na\u010delniku Posu\u0161ja. Zdenko Propadalo je imenovan za izvr\u0161nog direktora za odr\u017eavanje, Maja Pehar za izvr\u0161nu direktoricu za ra\u010dunovodstvo i finansije, te Josip Marijanovi\u0107 za izvr\u0161nog direktora za pravne i op\u0107e poslove \u2013 navodi Kajan.<\/p>\n<p>Kada je rije\u010d o Cestama Mostar, kako je dodao Kajan, osim navedenih rukovode\u0107ih kadrova, imena \u010dlanova Nadzornog odbora su Mea Zubac-Musa, predsjednica Nadzornog odbora, i \u010dlanovi Ivan \u0160imunovi\u0107, \u017deljko Omazi\u0107, Josip Vrdoljak i Pero Pecirep. U Odboru za reviziju Cesta Mostar su Iva Zeljko, \u017deljka Markovi\u0107-Sekuli\u0107 i Jelena Kuki\u0107.<\/p>\n<p>&#8211; Da li ovo odra\u017eava popis stanovni\u0161tva u FBiH?! Odgovaraju\u0107u nacionalnu strukturu zaposlenih rukovode\u0107ih kadrova i Nadzornog odbora?! Uz ovo podsje\u0107anje da su na \u010delu JP Autoceste FBiH i JP Ceste FBiH tako\u0111e kadrovi HDZ-a, \u010dime je ova stranka zaokru\u017eila potpunu kontrolu nad putnim komunikacijama u Federaciji Bosne i Hercegovine \u2013 navodi Kajan u zastupni\u010dkoj incijativi.<\/p>\n","protected":false},"excerpt":{"rendered":"<p>Zastupnik u Predstavni\u010dkom domu\u00a0Parlamenta Federacije BiH Sanel Kajan pokrenuo je Inicijativu da Vlada FBiH i&hellip;<\/p>\n","protected":false},"author":2,"featured_media":233751,"comment_status":"closed","ping_status":"closed","sticky":false,"template":"","format":"standard","meta":{"_acf_changed":false,"footnotes":""},"categories":[291],"tags":[11652,8416],"acf":[],"yoast_head":"<!-- This site is optimized with the Yoast SEO plugin v23.5 - https:\/\/yoast.com\/wordpress\/plugins\/seo\/ -->\n<title>HDZ BiH &quot;poklopio&quot; sva tri entitetska preduze\u0107a za ceste i autocese u FBIH - TuzlaInfo.ba<\/title>\n<meta name=\"robots\" content=\"index, follow, max-snippet:-1, max-image-preview:large, max-video-preview:-1\" \/>\n<link rel=\"canonical\" href=\"https:\/\/tuzlainfo.ba\/index.php\/bosna-i-hercegovina\/item\/258574-hdz-bih-poklopio-sva-tri-entitetska-preduzeca-za-ceste-i-autocese-u-fbih\/\" \/>\n<meta property=\"og:locale\" content=\"bs_BA\" \/>\n<meta property=\"og:type\" content=\"article\" \/>\n<meta property=\"og:title\" content=\"HDZ BiH &quot;poklopio&quot; sva tri entitetska preduze\u0107a za ceste i autocese u FBIH - TuzlaInfo.ba\" \/>\n<meta property=\"og:description\" content=\"Zastupnik u Predstavni\u010dkom domu\u00a0Parlamenta Federacije BiH Sanel Kajan pokrenuo je Inicijativu da Vlada FBiH i&hellip;\" \/>\n<meta property=\"og:url\" content=\"https:\/\/tuzlainfo.ba\/index.php\/bosna-i-hercegovina\/item\/258574-hdz-bih-poklopio-sva-tri-entitetska-preduzeca-za-ceste-i-autocese-u-fbih\/\" \/>\n<meta property=\"og:site_name\" content=\"TuzlaInfo.ba\" \/>\n<meta property=\"article:publisher\" content=\"https:\/\/www.facebook.com\/tuzlainfo.ba\/\" \/>\n<meta property=\"article:published_time\" content=\"2024-12-21T21:30:01+00:00\" \/>\n<meta property=\"article:modified_time\" content=\"2024-12-21T21:31:27+00:00\" \/>\n<meta property=\"og:image\" content=\"https:\/\/tuzlainfo.ba\/wp-content\/uploads\/2024\/03\/karaula_putevi_cesta.jpg\" \/>\n\t<meta property=\"og:image:width\" content=\"780\" \/>\n\t<meta property=\"og:image:height\" content=\"462\" \/>\n\t<meta property=\"og:image:type\" content=\"image\/jpeg\" \/>\n<meta name=\"author\" content=\"nedim\" \/>\n<meta name=\"twitter:card\" content=\"summary_large_image\" \/>\n<meta name=\"twitter:label1\" content=\"Written by\" \/>\n\t<meta name=\"twitter:data1\" content=\"nedim\" \/>\n\t<meta name=\"twitter:label2\" content=\"Est. reading time\" \/>\n\t<meta name=\"twitter:data2\" content=\"2 minute\" \/>\n<script type=\"application\/ld+json\" class=\"yoast-schema-graph\">{\"@context\":\"https:\/\/schema.org\",\"@graph\":[{\"@type\":\"Article\",\"@id\":\"https:\/\/tuzlainfo.ba\/index.php\/bosna-i-hercegovina\/item\/258574-hdz-bih-poklopio-sva-tri-entitetska-preduzeca-za-ceste-i-autocese-u-fbih\/#article\",\"isPartOf\":{\"@id\":\"https:\/\/tuzlainfo.ba\/index.php\/bosna-i-hercegovina\/item\/258574-hdz-bih-poklopio-sva-tri-entitetska-preduzeca-za-ceste-i-autocese-u-fbih\/\"},\"author\":{\"name\":\"nedim\",\"@id\":\"https:\/\/tuzlainfo.ba\/#\/schema\/person\/f434e20dc27ea133923aab08451b7f7f\"},\"headline\":\"HDZ BiH &#8220;poklopio&#8221; sva tri entitetska preduze\u0107a za ceste i autocese u FBIH\",\"datePublished\":\"2024-12-21T21:30:01+00:00\",\"dateModified\":\"2024-12-21T21:31:27+00:00\",\"mainEntityOfPage\":{\"@id\":\"https:\/\/tuzlainfo.ba\/index.php\/bosna-i-hercegovina\/item\/258574-hdz-bih-poklopio-sva-tri-entitetska-preduzeca-za-ceste-i-autocese-u-fbih\/\"},\"wordCount\":270,\"publisher\":{\"@id\":\"https:\/\/tuzlainfo.ba\/#organization\"},\"image\":{\"@id\":\"https:\/\/tuzlainfo.ba\/index.php\/bosna-i-hercegovina\/item\/258574-hdz-bih-poklopio-sva-tri-entitetska-preduzeca-za-ceste-i-autocese-u-fbih\/#primaryimage\"},\"thumbnailUrl\":\"https:\/\/tuzlainfo.ba\/wp-content\/uploads\/2024\/03\/karaula_putevi_cesta.jpg\",\"keywords\":[\"ceste mostar\",\"JP Ceste FBiH\"],\"articleSection\":[\"Bosna i Hercegovina\"],\"inLanguage\":\"bs-BA\"},{\"@type\":\"WebPage\",\"@id\":\"https:\/\/tuzlainfo.ba\/index.php\/bosna-i-hercegovina\/item\/258574-hdz-bih-poklopio-sva-tri-entitetska-preduzeca-za-ceste-i-autocese-u-fbih\/\",\"url\":\"https:\/\/tuzlainfo.ba\/index.php\/bosna-i-hercegovina\/item\/258574-hdz-bih-poklopio-sva-tri-entitetska-preduzeca-za-ceste-i-autocese-u-fbih\/\",\"name\":\"HDZ BiH \\\"poklopio\\\" sva tri entitetska preduze\u0107a za ceste i autocese u FBIH - TuzlaInfo.ba\",\"isPartOf\":{\"@id\":\"https:\/\/tuzlainfo.ba\/#website\"},\"primaryImageOfPage\":{\"@id\":\"https:\/\/tuzlainfo.ba\/index.php\/bosna-i-hercegovina\/item\/258574-hdz-bih-poklopio-sva-tri-entitetska-preduzeca-za-ceste-i-autocese-u-fbih\/#primaryimage\"},\"image\":{\"@id\":\"https:\/\/tuzlainfo.ba\/index.php\/bosna-i-hercegovina\/item\/258574-hdz-bih-poklopio-sva-tri-entitetska-preduzeca-za-ceste-i-autocese-u-fbih\/#primaryimage\"},\"thumbnailUrl\":\"https:\/\/tuzlainfo.ba\/wp-content\/uploads\/2024\/03\/karaula_putevi_cesta.jpg\",\"datePublished\":\"2024-12-21T21:30:01+00:00\",\"dateModified\":\"2024-12-21T21:31:27+00:00\",\"breadcrumb\":{\"@id\":\"https:\/\/tuzlainfo.ba\/index.php\/bosna-i-hercegovina\/item\/258574-hdz-bih-poklopio-sva-tri-entitetska-preduzeca-za-ceste-i-autocese-u-fbih\/#breadcrumb\"},\"inLanguage\":\"bs-BA\",\"potentialAction\":[{\"@type\":\"ReadAction\",\"target\":[\"https:\/\/tuzlainfo.ba\/index.php\/bosna-i-hercegovina\/item\/258574-hdz-bih-poklopio-sva-tri-entitetska-preduzeca-za-ceste-i-autocese-u-fbih\/\"]}]},{\"@type\":\"ImageObject\",\"inLanguage\":\"bs-BA\",\"@id\":\"https:\/\/tuzlainfo.ba\/index.php\/bosna-i-hercegovina\/item\/258574-hdz-bih-poklopio-sva-tri-entitetska-preduzeca-za-ceste-i-autocese-u-fbih\/#primaryimage\",\"url\":\"https:\/\/tuzlainfo.ba\/wp-content\/uploads\/2024\/03\/karaula_putevi_cesta.jpg\",\"contentUrl\":\"https:\/\/tuzlainfo.ba\/wp-content\/uploads\/2024\/03\/karaula_putevi_cesta.jpg\",\"width\":780,\"height\":462},{\"@type\":\"BreadcrumbList\",\"@id\":\"https:\/\/tuzlainfo.ba\/index.php\/bosna-i-hercegovina\/item\/258574-hdz-bih-poklopio-sva-tri-entitetska-preduzeca-za-ceste-i-autocese-u-fbih\/#breadcrumb\",\"itemListElement\":[{\"@type\":\"ListItem\",\"position\":1,\"name\":\"Home\",\"item\":\"https:\/\/tuzlainfo.ba\/\"},{\"@type\":\"ListItem\",\"position\":2,\"name\":\"HDZ BiH &#8220;poklopio&#8221; sva tri entitetska preduze\u0107a za ceste i autocese u FBIH\"}]},{\"@type\":\"WebSite\",\"@id\":\"https:\/\/tuzlainfo.ba\/#website\",\"url\":\"https:\/\/tuzlainfo.ba\/\",\"name\":\"TuzlaInfo.ba\",\"description\":\"Tuzla info, gradski informator - Tuzla na dlanu\",\"publisher\":{\"@id\":\"https:\/\/tuzlainfo.ba\/#organization\"},\"potentialAction\":[{\"@type\":\"SearchAction\",\"target\":{\"@type\":\"EntryPoint\",\"urlTemplate\":\"https:\/\/tuzlainfo.ba\/?s={search_term_string}\"},\"query-input\":{\"@type\":\"PropertyValueSpecification\",\"valueRequired\":true,\"valueName\":\"search_term_string\"}}],\"inLanguage\":\"bs-BA\"},{\"@type\":\"Organization\",\"@id\":\"https:\/\/tuzlainfo.ba\/#organization\",\"name\":\"TuzlaInfo.ba\",\"url\":\"https:\/\/tuzlainfo.ba\/\",\"logo\":{\"@type\":\"ImageObject\",\"inLanguage\":\"bs-BA\",\"@id\":\"https:\/\/tuzlainfo.ba\/#\/schema\/logo\/image\/\",\"url\":\"https:\/\/tuzlainfo.ba\/wp-content\/uploads\/2021\/03\/logo-ver-3-1.png\",\"contentUrl\":\"https:\/\/tuzlainfo.ba\/wp-content\/uploads\/2021\/03\/logo-ver-3-1.png\",\"width\":350,\"height\":95,\"caption\":\"TuzlaInfo.ba\"},\"image\":{\"@id\":\"https:\/\/tuzlainfo.ba\/#\/schema\/logo\/image\/\"},\"sameAs\":[\"https:\/\/www.facebook.com\/tuzlainfo.ba\/\"]},{\"@type\":\"Person\",\"@id\":\"https:\/\/tuzlainfo.ba\/#\/schema\/person\/f434e20dc27ea133923aab08451b7f7f\",\"name\":\"nedim\",\"image\":{\"@type\":\"ImageObject\",\"inLanguage\":\"bs-BA\",\"@id\":\"https:\/\/tuzlainfo.ba\/#\/schema\/person\/image\/\",\"url\":\"https:\/\/tuzlainfo.ba\/wp-content\/litespeed\/avatar\/aabad687af24844af817603ac1cbdc4f.jpg?ver=1776702173\",\"contentUrl\":\"https:\/\/tuzlainfo.ba\/wp-content\/litespeed\/avatar\/aabad687af24844af817603ac1cbdc4f.jpg?ver=1776702173\",\"caption\":\"nedim\"},\"description\":\"Tuzlainfo.ba pratite na dru\u0161tvenim mre\u017eama: Facebook, Instagram i Youtube. Svoje pri\u010de, upite i fotografije \u0161aljite na na\u0161u e-mail adresu.\"}]}<\/script>\n<!-- \/ Yoast SEO plugin. -->","yoast_head_json":{"title":"HDZ BiH \"poklopio\" sva tri entitetska preduze\u0107a za ceste i autocese u FBIH - TuzlaInfo.ba","robots":{"index":"index","follow":"follow","max-snippet":"max-snippet:-1","max-image-preview":"max-image-preview:large","max-video-preview":"max-video-preview:-1"},"canonical":"https:\/\/tuzlainfo.ba\/index.php\/bosna-i-hercegovina\/item\/258574-hdz-bih-poklopio-sva-tri-entitetska-preduzeca-za-ceste-i-autocese-u-fbih\/","og_locale":"bs_BA","og_type":"article","og_title":"HDZ BiH \"poklopio\" sva tri entitetska preduze\u0107a za ceste i autocese u FBIH - TuzlaInfo.ba","og_description":"Zastupnik u Predstavni\u010dkom domu\u00a0Parlamenta Federacije BiH Sanel Kajan pokrenuo je Inicijativu da Vlada FBiH i&hellip;","og_url":"https:\/\/tuzlainfo.ba\/index.php\/bosna-i-hercegovina\/item\/258574-hdz-bih-poklopio-sva-tri-entitetska-preduzeca-za-ceste-i-autocese-u-fbih\/","og_site_name":"TuzlaInfo.ba","article_publisher":"https:\/\/www.facebook.com\/tuzlainfo.ba\/","article_published_time":"2024-12-21T21:30:01+00:00","article_modified_time":"2024-12-21T21:31:27+00:00","og_image":[{"width":780,"height":462,"url":"https:\/\/tuzlainfo.ba\/wp-content\/uploads\/2024\/03\/karaula_putevi_cesta.jpg","type":"image\/jpeg"}],"author":"nedim","twitter_card":"summary_large_image","twitter_misc":{"Written by":"nedim","Est. reading time":"2 minute"},"schema":{"@context":"https:\/\/schema.org","@graph":[{"@type":"Article","@id":"https:\/\/tuzlainfo.ba\/index.php\/bosna-i-hercegovina\/item\/258574-hdz-bih-poklopio-sva-tri-entitetska-preduzeca-za-ceste-i-autocese-u-fbih\/#article","isPartOf":{"@id":"https:\/\/tuzlainfo.ba\/index.php\/bosna-i-hercegovina\/item\/258574-hdz-bih-poklopio-sva-tri-entitetska-preduzeca-za-ceste-i-autocese-u-fbih\/"},"author":{"name":"nedim","@id":"https:\/\/tuzlainfo.ba\/#\/schema\/person\/f434e20dc27ea133923aab08451b7f7f"},"headline":"HDZ BiH &#8220;poklopio&#8221; sva tri entitetska preduze\u0107a za ceste i autocese u FBIH","datePublished":"2024-12-21T21:30:01+00:00","dateModified":"2024-12-21T21:31:27+00:00","mainEntityOfPage":{"@id":"https:\/\/tuzlainfo.ba\/index.php\/bosna-i-hercegovina\/item\/258574-hdz-bih-poklopio-sva-tri-entitetska-preduzeca-za-ceste-i-autocese-u-fbih\/"},"wordCount":270,"publisher":{"@id":"https:\/\/tuzlainfo.ba\/#organization"},"image":{"@id":"https:\/\/tuzlainfo.ba\/index.php\/bosna-i-hercegovina\/item\/258574-hdz-bih-poklopio-sva-tri-entitetska-preduzeca-za-ceste-i-autocese-u-fbih\/#primaryimage"},"thumbnailUrl":"https:\/\/tuzlainfo.ba\/wp-content\/uploads\/2024\/03\/karaula_putevi_cesta.jpg","keywords":["ceste mostar","JP Ceste FBiH"],"articleSection":["Bosna i Hercegovina"],"inLanguage":"bs-BA"},{"@type":"WebPage","@id":"https:\/\/tuzlainfo.ba\/index.php\/bosna-i-hercegovina\/item\/258574-hdz-bih-poklopio-sva-tri-entitetska-preduzeca-za-ceste-i-autocese-u-fbih\/","url":"https:\/\/tuzlainfo.ba\/index.php\/bosna-i-hercegovina\/item\/258574-hdz-bih-poklopio-sva-tri-entitetska-preduzeca-za-ceste-i-autocese-u-fbih\/","name":"HDZ BiH \"poklopio\" sva tri entitetska preduze\u0107a za ceste i autocese u FBIH - TuzlaInfo.ba","isPartOf":{"@id":"https:\/\/tuzlainfo.ba\/#website"},"primaryImageOfPage":{"@id":"https:\/\/tuzlainfo.ba\/index.php\/bosna-i-hercegovina\/item\/258574-hdz-bih-poklopio-sva-tri-entitetska-preduzeca-za-ceste-i-autocese-u-fbih\/#primaryimage"},"image":{"@id":"https:\/\/tuzlainfo.ba\/index.php\/bosna-i-hercegovina\/item\/258574-hdz-bih-poklopio-sva-tri-entitetska-preduzeca-za-ceste-i-autocese-u-fbih\/#primaryimage"},"thumbnailUrl":"https:\/\/tuzlainfo.ba\/wp-content\/uploads\/2024\/03\/karaula_putevi_cesta.jpg","datePublished":"2024-12-21T21:30:01+00:00","dateModified":"2024-12-21T21:31:27+00:00","breadcrumb":{"@id":"https:\/\/tuzlainfo.ba\/index.php\/bosna-i-hercegovina\/item\/258574-hdz-bih-poklopio-sva-tri-entitetska-preduzeca-za-ceste-i-autocese-u-fbih\/#breadcrumb"},"inLanguage":"bs-BA","potentialAction":[{"@type":"ReadAction","target":["https:\/\/tuzlainfo.ba\/index.php\/bosna-i-hercegovina\/item\/258574-hdz-bih-poklopio-sva-tri-entitetska-preduzeca-za-ceste-i-autocese-u-fbih\/"]}]},{"@type":"ImageObject","inLanguage":"bs-BA","@id":"https:\/\/tuzlainfo.ba\/index.php\/bosna-i-hercegovina\/item\/258574-hdz-bih-poklopio-sva-tri-entitetska-preduzeca-za-ceste-i-autocese-u-fbih\/#primaryimage","url":"https:\/\/tuzlainfo.ba\/wp-content\/uploads\/2024\/03\/karaula_putevi_cesta.jpg","contentUrl":"https:\/\/tuzlainfo.ba\/wp-content\/uploads\/2024\/03\/karaula_putevi_cesta.jpg","width":780,"height":462},{"@type":"BreadcrumbList","@id":"https:\/\/tuzlainfo.ba\/index.php\/bosna-i-hercegovina\/item\/258574-hdz-bih-poklopio-sva-tri-entitetska-preduzeca-za-ceste-i-autocese-u-fbih\/#breadcrumb","itemListElement":[{"@type":"ListItem","position":1,"name":"Home","item":"https:\/\/tuzlainfo.ba\/"},{"@type":"ListItem","position":2,"name":"HDZ BiH &#8220;poklopio&#8221; sva tri entitetska preduze\u0107a za ceste i autocese u FBIH"}]},{"@type":"WebSite","@id":"https:\/\/tuzlainfo.ba\/#website","url":"https:\/\/tuzlainfo.ba\/","name":"TuzlaInfo.ba","description":"Tuzla info, gradski informator - Tuzla na dlanu","publisher":{"@id":"https:\/\/tuzlainfo.ba\/#organization"},"potentialAction":[{"@type":"SearchAction","target":{"@type":"EntryPoint","urlTemplate":"https:\/\/tuzlainfo.ba\/?s={search_term_string}"},"query-input":{"@type":"PropertyValueSpecification","valueRequired":true,"valueName":"search_term_string"}}],"inLanguage":"bs-BA"},{"@type":"Organization","@id":"https:\/\/tuzlainfo.ba\/#organization","name":"TuzlaInfo.ba","url":"https:\/\/tuzlainfo.ba\/","logo":{"@type":"ImageObject","inLanguage":"bs-BA","@id":"https:\/\/tuzlainfo.ba\/#\/schema\/logo\/image\/","url":"https:\/\/tuzlainfo.ba\/wp-content\/uploads\/2021\/03\/logo-ver-3-1.png","contentUrl":"https:\/\/tuzlainfo.ba\/wp-content\/uploads\/2021\/03\/logo-ver-3-1.png","width":350,"height":95,"caption":"TuzlaInfo.ba"},"image":{"@id":"https:\/\/tuzlainfo.ba\/#\/schema\/logo\/image\/"},"sameAs":["https:\/\/www.facebook.com\/tuzlainfo.ba\/"]},{"@type":"Person","@id":"https:\/\/tuzlainfo.ba\/#\/schema\/person\/f434e20dc27ea133923aab08451b7f7f","name":"nedim","image":{"@type":"ImageObject","inLanguage":"bs-BA","@id":"https:\/\/tuzlainfo.ba\/#\/schema\/person\/image\/","url":"https:\/\/tuzlainfo.ba\/wp-content\/litespeed\/avatar\/aabad687af24844af817603ac1cbdc4f.jpg?ver=1776702173","contentUrl":"https:\/\/tuzlainfo.ba\/wp-content\/litespeed\/avatar\/aabad687af24844af817603ac1cbdc4f.jpg?ver=1776702173","caption":"nedim"},"description":"Tuzlainfo.ba pratite na dru\u0161tvenim mre\u017eama: Facebook, Instagram i Youtube. Svoje pri\u010de, upite i fotografije \u0161aljite na na\u0161u e-mail adresu."}]}},"_links":{"self":[{"href":"https:\/\/tuzlainfo.ba\/index.php\/wp-json\/wp\/v2\/posts\/258574"}],"collection":[{"href":"https:\/\/tuzlainfo.ba\/index.php\/wp-json\/wp\/v2\/posts"}],"about":[{"href":"https:\/\/tuzlainfo.ba\/index.php\/wp-json\/wp\/v2\/types\/post"}],"author":[{"embeddable":true,"href":"https:\/\/tuzlainfo.ba\/index.php\/wp-json\/wp\/v2\/users\/2"}],"replies":[{"embeddable":true,"href":"https:\/\/tuzlainfo.ba\/index.php\/wp-json\/wp\/v2\/comments?post=258574"}],"version-history":[{"count":2,"href":"https:\/\/tuzlainfo.ba\/index.php\/wp-json\/wp\/v2\/posts\/258574\/revisions"}],"predecessor-version":[{"id":258576,"href":"https:\/\/tuzlainfo.ba\/index.php\/wp-json\/wp\/v2\/posts\/258574\/revisions\/258576"}],"wp:featuredmedia":[{"embeddable":true,"href":"https:\/\/tuzlainfo.ba\/index.php\/wp-json\/wp\/v2\/media\/233751"}],"wp:attachment":[{"href":"https:\/\/tuzlainfo.ba\/index.php\/wp-json\/wp\/v2\/media?parent=258574"}],"wp:term":[{"taxonomy":"category","embeddable":true,"href":"https:\/\/tuzlainfo.ba\/index.php\/wp-json\/wp\/v2\/categories?post=258574"},{"taxonomy":"post_tag","embeddable":true,"href":"https:\/\/tuzlainfo.ba\/index.php\/wp-json\/wp\/v2\/tags?post=258574"}],"curies":[{"name":"wp","href":"https:\/\/api.w.org\/{rel}","templated":true}]}}