{"id":258355,"date":"2024-12-19T17:48:29","date_gmt":"2024-12-19T16:48:29","guid":{"rendered":"https:\/\/tuzlainfo.ba\/?p=258355"},"modified":"2024-12-19T18:58:30","modified_gmt":"2024-12-19T17:58:30","slug":"usvojena-odluka-poskupljuje-grijanje-u-tuzli-poznato-i-za-koliko","status":"publish","type":"post","link":"https:\/\/tuzlainfo.ba\/index.php\/istaknuto\/item\/258355-usvojena-odluka-poskupljuje-grijanje-u-tuzli-poznato-i-za-koliko\/","title":{"rendered":"Usvojena odluka: Poskupljuje grijanje u Tuzli, poznato i za koliko"},"content":{"rendered":"<p>Gradsko vije\u0107e Tuzla je usvojilo odluku kojom od 1. januara poskupljuje grijanje u Tuzli.<\/p>\n<p>Ve\u0107inom glasova usvojeno je uve\u0107anje cijene usluga grijanja po m2 i cijene usluge grijanja po obra\u010dunatoj potro\u0161nji na na\u010din da doma\u0107instva koja grijanje pla\u0107aju po kvadraturi povri\u0161ne koja se zagrijava umjesto dosada\u0161njih 1,44 KM po m2 pla\u0107aju 1,73 KM po m2, a doma\u0107instva koja pla\u0107aju po koli\u010dini isporu\u010dene tolinske energije umjesto dosada\u0161nji 56,24 KM po MWh\u00a0 da pla\u0107aju67,49 KM po MWh.<\/p>\n<p>Cijene za privredu nisu mijenjane.<\/p>\n<p>Tako\u0111er, umjesto dosada\u0161nje cijene za anga\u017eovanu snagu, bez obzira na potro\u0161nju, koja je iznosila 0,0073 (KM\/m2\/dan) korisnici \u0107e ukoliko se ova odluka usvoji pla\u0107ati 0,0088 (KM\/m2\/dan) za ovu uslugu.<\/p>\n<h3><strong>\u0160ta se navodi kao razlog poskupljenja?<\/strong><\/h3>\n<p>Slu\u017eba za ekonomski razvoj, poduzetni\u0161tvo i poljoprivredu koja je uradila analizu za Gradsko vije\u0107e Tuzla i zahtjev NO Centralnog grijanja okarakterisala opravdanim kao relevantne elemente predlo\u017eenog pove\u0107anja cijena usluge grijanja isti\u010de:<\/p>\n<p>&#8211; Rast ukupnih varijabilnih tro\u0161kova (energija), u periodu 2010-2023. godina iznosio je 31,48%, a u\u010de\u0161\u0107e varijabilnih tro\u0161kova u ukupnim rashodima preduze\u0107a iznosilo je 51,44%, dok je rast fiksnih tro\u0161kova (odra\u017eavanje, amortizacija, neproizvodni tro\u0161kovi i tro\u0161kovi pla\u0107a) u istom periodu iznosio 5,49 %, a u\u010de\u0161\u0107e istih u ukupnim rashodima preduze\u0107a 48,56%.<\/p>\n<p>&#8211; Pove\u0107anje cijene toplotne energije od dobavlja\u010da JP Elektroprivreda BiH d.d. &#8211; Sarajevo, u periodu februar 2021 &#8211; novembar 2024. godine, iznosilo je 51,90%.<\/p>\n<p>&#8211; Pove\u0107anje cijene elektri\u010dne energije od dobavlja\u010da JP Elektroprivreda BiH d.d. &#8211; Sarajevo, u periodu od 01.01. &#8211; 30.04.2023. godine naspram perioda od 01.01. &#8211; 30.04.2024. godine, iznosilo je 31.40%. Dodatan negativan efekat na tro\u0161kove elektri\u010dne energije rezultat je i gubitka prava na javnu uslugu snabdijevanja elektri\u010dnom energijom.<\/p>\n<p>&#8211; Rast indeksa cijena industrijskih proizvo\u0111a\u010da u Bosni i Hercegovini u 2023. godini (proizvodnja gotovih metalnih proizvoda, osim ma\u0161ina i opreme &#8211; 136,6; Proizvodnja ra\u010dunara, elektroni\u010dkih i opti\u010dkih proizvoda &#8211; 109,9; Proizvodnja elektri\u010dne opreme &#8211; 143,8), a \u010diji proizvodi predstavljaju\u00a0okosnicu odr\u017eavanja i upravljanja sistemom daljinskog grijanja grada Tuzla uzrokovao je ukupan rast tro\u0161kova odr\u017eavanja sistema daljinskog grijanja u 2023. godini naspram 2024. godine u iznosu od 142,61%. U posmatranom periodu evidentno je da su cijene cijevi porasle u rasponu od 39% do 81%.<\/p>\n<h3><strong>Kakve su cijene u drugim gradovima?<\/strong><\/h3>\n<p>Iz \u201eCentralnog grijanje&#8221; d.d. Tuzla istaklisu da bi uz trenutnu cijenu toplotne energije preduze\u0107e moglo iskazati izrazito negativan finansijski rezultat, a posljedi\u010dno isto \u0107e imati negativan uticaj i na kvalitet usluge isporuke toplotne energije i planirano pove\u0107anje mre\u017ee sistema daljinskog grijanja.<\/p>\n<p>Upore\u0111uju\u0107i cijene toplotne energije u ve\u0107im gradskim centrima u BiH, prema dostavljenoj informaciji, a na bazi analize \u201e,Centralno grijanje&#8221; d.d. Tuzla, utvr\u0111eno je da je postoje\u0107a cijena toplotne energije po m2 za kategoriju doma\u0107instva u Gradu Tuzla manja u rasponu od cca 12 % do 100 %, a za kategoriju privreda cijene toplotne energije po MWh manja je u rasponu od cca 4 % do 300%.<strong>\/Tuzlainfo.ba\/<\/strong><\/p>\n","protected":false},"excerpt":{"rendered":"<p>Gradsko vije\u0107e Tuzla je usvojilo odluku kojom od 1. januara poskupljuje grijanje u Tuzli. Ve\u0107inom&hellip;<\/p>\n","protected":false},"author":4,"featured_media":247645,"comment_status":"closed","ping_status":"closed","sticky":false,"template":"","format":"standard","meta":{"_acf_changed":false,"footnotes":""},"categories":[304,12,306],"tags":[858,346,1866,42],"acf":[],"yoast_head":"<!-- This site is optimized with the Yoast SEO plugin v23.5 - https:\/\/yoast.com\/wordpress\/plugins\/seo\/ -->\n<title>Usvojena odluka: Poskupljuje grijanje u Tuzli, poznato i za koliko - TuzlaInfo.ba<\/title>\n<meta name=\"robots\" content=\"index, follow, max-snippet:-1, max-image-preview:large, max-video-preview:-1\" \/>\n<link rel=\"canonical\" href=\"https:\/\/tuzlainfo.ba\/index.php\/novosti\/item\/258355-usvojena-odluka-poskupljuje-grijanje-u-tuzli-poznato-i-za-koliko\/\" \/>\n<meta property=\"og:locale\" content=\"bs_BA\" \/>\n<meta property=\"og:type\" content=\"article\" \/>\n<meta property=\"og:title\" content=\"Usvojena odluka: Poskupljuje grijanje u Tuzli, poznato i za koliko - TuzlaInfo.ba\" \/>\n<meta property=\"og:description\" content=\"Gradsko vije\u0107e Tuzla je usvojilo odluku kojom od 1. januara poskupljuje grijanje u Tuzli. Ve\u0107inom&hellip;\" \/>\n<meta property=\"og:url\" content=\"https:\/\/tuzlainfo.ba\/index.php\/novosti\/item\/258355-usvojena-odluka-poskupljuje-grijanje-u-tuzli-poznato-i-za-koliko\/\" \/>\n<meta property=\"og:site_name\" content=\"TuzlaInfo.ba\" \/>\n<meta property=\"article:publisher\" content=\"https:\/\/www.facebook.com\/tuzlainfo.ba\/\" \/>\n<meta property=\"article:published_time\" content=\"2024-12-19T16:48:29+00:00\" \/>\n<meta property=\"article:modified_time\" content=\"2024-12-19T17:58:30+00:00\" \/>\n<meta property=\"og:image\" content=\"https:\/\/tuzlainfo.ba\/wp-content\/uploads\/2024\/08\/2308_centralno_grijanje_tuzla.jpg\" \/>\n\t<meta property=\"og:image:width\" content=\"1000\" \/>\n\t<meta property=\"og:image:height\" content=\"719\" \/>\n\t<meta property=\"og:image:type\" content=\"image\/jpeg\" \/>\n<meta name=\"author\" content=\"Tuzla Info\" \/>\n<meta name=\"twitter:card\" content=\"summary_large_image\" \/>\n<meta name=\"twitter:label1\" content=\"Written by\" \/>\n\t<meta name=\"twitter:data1\" content=\"Tuzla Info\" \/>\n\t<meta name=\"twitter:label2\" content=\"Est. reading time\" \/>\n\t<meta name=\"twitter:data2\" content=\"3 minute\" \/>\n<script type=\"application\/ld+json\" class=\"yoast-schema-graph\">{\"@context\":\"https:\/\/schema.org\",\"@graph\":[{\"@type\":\"Article\",\"@id\":\"https:\/\/tuzlainfo.ba\/index.php\/novosti\/item\/258355-usvojena-odluka-poskupljuje-grijanje-u-tuzli-poznato-i-za-koliko\/#article\",\"isPartOf\":{\"@id\":\"https:\/\/tuzlainfo.ba\/index.php\/novosti\/item\/258355-usvojena-odluka-poskupljuje-grijanje-u-tuzli-poznato-i-za-koliko\/\"},\"author\":{\"name\":\"Tuzla Info\",\"@id\":\"https:\/\/tuzlainfo.ba\/#\/schema\/person\/46cad4c57790cbc50781edd14870825a\"},\"headline\":\"Usvojena odluka: Poskupljuje grijanje u Tuzli, poznato i za koliko\",\"datePublished\":\"2024-12-19T16:48:29+00:00\",\"dateModified\":\"2024-12-19T17:58:30+00:00\",\"mainEntityOfPage\":{\"@id\":\"https:\/\/tuzlainfo.ba\/index.php\/novosti\/item\/258355-usvojena-odluka-poskupljuje-grijanje-u-tuzli-poznato-i-za-koliko\/\"},\"wordCount\":519,\"publisher\":{\"@id\":\"https:\/\/tuzlainfo.ba\/#organization\"},\"image\":{\"@id\":\"https:\/\/tuzlainfo.ba\/index.php\/novosti\/item\/258355-usvojena-odluka-poskupljuje-grijanje-u-tuzli-poznato-i-za-koliko\/#primaryimage\"},\"thumbnailUrl\":\"https:\/\/tuzlainfo.ba\/wp-content\/uploads\/2024\/08\/2308_centralno_grijanje_tuzla.jpg\",\"keywords\":[\"gradsko vije\u0107e tuzla\",\"grijanje\",\"poskupljenje\",\"tuzla\"],\"articleSection\":[\"Istaknuto\",\"Novosti\",\"Preporu\u010dujemo\"],\"inLanguage\":\"bs-BA\"},{\"@type\":\"WebPage\",\"@id\":\"https:\/\/tuzlainfo.ba\/index.php\/novosti\/item\/258355-usvojena-odluka-poskupljuje-grijanje-u-tuzli-poznato-i-za-koliko\/\",\"url\":\"https:\/\/tuzlainfo.ba\/index.php\/novosti\/item\/258355-usvojena-odluka-poskupljuje-grijanje-u-tuzli-poznato-i-za-koliko\/\",\"name\":\"Usvojena odluka: Poskupljuje grijanje u Tuzli, poznato i za koliko - TuzlaInfo.ba\",\"isPartOf\":{\"@id\":\"https:\/\/tuzlainfo.ba\/#website\"},\"primaryImageOfPage\":{\"@id\":\"https:\/\/tuzlainfo.ba\/index.php\/novosti\/item\/258355-usvojena-odluka-poskupljuje-grijanje-u-tuzli-poznato-i-za-koliko\/#primaryimage\"},\"image\":{\"@id\":\"https:\/\/tuzlainfo.ba\/index.php\/novosti\/item\/258355-usvojena-odluka-poskupljuje-grijanje-u-tuzli-poznato-i-za-koliko\/#primaryimage\"},\"thumbnailUrl\":\"https:\/\/tuzlainfo.ba\/wp-content\/uploads\/2024\/08\/2308_centralno_grijanje_tuzla.jpg\",\"datePublished\":\"2024-12-19T16:48:29+00:00\",\"dateModified\":\"2024-12-19T17:58:30+00:00\",\"breadcrumb\":{\"@id\":\"https:\/\/tuzlainfo.ba\/index.php\/novosti\/item\/258355-usvojena-odluka-poskupljuje-grijanje-u-tuzli-poznato-i-za-koliko\/#breadcrumb\"},\"inLanguage\":\"bs-BA\",\"potentialAction\":[{\"@type\":\"ReadAction\",\"target\":[\"https:\/\/tuzlainfo.ba\/index.php\/novosti\/item\/258355-usvojena-odluka-poskupljuje-grijanje-u-tuzli-poznato-i-za-koliko\/\"]}]},{\"@type\":\"ImageObject\",\"inLanguage\":\"bs-BA\",\"@id\":\"https:\/\/tuzlainfo.ba\/index.php\/novosti\/item\/258355-usvojena-odluka-poskupljuje-grijanje-u-tuzli-poznato-i-za-koliko\/#primaryimage\",\"url\":\"https:\/\/tuzlainfo.ba\/wp-content\/uploads\/2024\/08\/2308_centralno_grijanje_tuzla.jpg\",\"contentUrl\":\"https:\/\/tuzlainfo.ba\/wp-content\/uploads\/2024\/08\/2308_centralno_grijanje_tuzla.jpg\",\"width\":1000,\"height\":719},{\"@type\":\"BreadcrumbList\",\"@id\":\"https:\/\/tuzlainfo.ba\/index.php\/novosti\/item\/258355-usvojena-odluka-poskupljuje-grijanje-u-tuzli-poznato-i-za-koliko\/#breadcrumb\",\"itemListElement\":[{\"@type\":\"ListItem\",\"position\":1,\"name\":\"Home\",\"item\":\"https:\/\/tuzlainfo.ba\/\"},{\"@type\":\"ListItem\",\"position\":2,\"name\":\"Usvojena odluka: Poskupljuje grijanje u Tuzli, poznato i za koliko\"}]},{\"@type\":\"WebSite\",\"@id\":\"https:\/\/tuzlainfo.ba\/#website\",\"url\":\"https:\/\/tuzlainfo.ba\/\",\"name\":\"TuzlaInfo.ba\",\"description\":\"Tuzla info, gradski informator - Tuzla na dlanu\",\"publisher\":{\"@id\":\"https:\/\/tuzlainfo.ba\/#organization\"},\"potentialAction\":[{\"@type\":\"SearchAction\",\"target\":{\"@type\":\"EntryPoint\",\"urlTemplate\":\"https:\/\/tuzlainfo.ba\/?s={search_term_string}\"},\"query-input\":{\"@type\":\"PropertyValueSpecification\",\"valueRequired\":true,\"valueName\":\"search_term_string\"}}],\"inLanguage\":\"bs-BA\"},{\"@type\":\"Organization\",\"@id\":\"https:\/\/tuzlainfo.ba\/#organization\",\"name\":\"TuzlaInfo.ba\",\"url\":\"https:\/\/tuzlainfo.ba\/\",\"logo\":{\"@type\":\"ImageObject\",\"inLanguage\":\"bs-BA\",\"@id\":\"https:\/\/tuzlainfo.ba\/#\/schema\/logo\/image\/\",\"url\":\"https:\/\/tuzlainfo.ba\/wp-content\/uploads\/2021\/03\/logo-ver-3-1.png\",\"contentUrl\":\"https:\/\/tuzlainfo.ba\/wp-content\/uploads\/2021\/03\/logo-ver-3-1.png\",\"width\":350,\"height\":95,\"caption\":\"TuzlaInfo.ba\"},\"image\":{\"@id\":\"https:\/\/tuzlainfo.ba\/#\/schema\/logo\/image\/\"},\"sameAs\":[\"https:\/\/www.facebook.com\/tuzlainfo.ba\/\"]},{\"@type\":\"Person\",\"@id\":\"https:\/\/tuzlainfo.ba\/#\/schema\/person\/46cad4c57790cbc50781edd14870825a\",\"name\":\"Tuzla Info\",\"image\":{\"@type\":\"ImageObject\",\"inLanguage\":\"bs-BA\",\"@id\":\"https:\/\/tuzlainfo.ba\/#\/schema\/person\/image\/\",\"url\":\"https:\/\/tuzlainfo.ba\/wp-content\/litespeed\/avatar\/b6c453a6c38e3654f2e4416c643fc25c.jpg?ver=1777051911\",\"contentUrl\":\"https:\/\/tuzlainfo.ba\/wp-content\/litespeed\/avatar\/b6c453a6c38e3654f2e4416c643fc25c.jpg?ver=1777051911\",\"caption\":\"Tuzla Info\"}}]}<\/script>\n<!-- \/ Yoast SEO plugin. -->","yoast_head_json":{"title":"Usvojena odluka: Poskupljuje grijanje u Tuzli, poznato i za koliko - TuzlaInfo.ba","robots":{"index":"index","follow":"follow","max-snippet":"max-snippet:-1","max-image-preview":"max-image-preview:large","max-video-preview":"max-video-preview:-1"},"canonical":"https:\/\/tuzlainfo.ba\/index.php\/novosti\/item\/258355-usvojena-odluka-poskupljuje-grijanje-u-tuzli-poznato-i-za-koliko\/","og_locale":"bs_BA","og_type":"article","og_title":"Usvojena odluka: Poskupljuje grijanje u Tuzli, poznato i za koliko - TuzlaInfo.ba","og_description":"Gradsko vije\u0107e Tuzla je usvojilo odluku kojom od 1. januara poskupljuje grijanje u Tuzli. Ve\u0107inom&hellip;","og_url":"https:\/\/tuzlainfo.ba\/index.php\/novosti\/item\/258355-usvojena-odluka-poskupljuje-grijanje-u-tuzli-poznato-i-za-koliko\/","og_site_name":"TuzlaInfo.ba","article_publisher":"https:\/\/www.facebook.com\/tuzlainfo.ba\/","article_published_time":"2024-12-19T16:48:29+00:00","article_modified_time":"2024-12-19T17:58:30+00:00","og_image":[{"width":1000,"height":719,"url":"https:\/\/tuzlainfo.ba\/wp-content\/uploads\/2024\/08\/2308_centralno_grijanje_tuzla.jpg","type":"image\/jpeg"}],"author":"Tuzla Info","twitter_card":"summary_large_image","twitter_misc":{"Written by":"Tuzla Info","Est. reading time":"3 minute"},"schema":{"@context":"https:\/\/schema.org","@graph":[{"@type":"Article","@id":"https:\/\/tuzlainfo.ba\/index.php\/novosti\/item\/258355-usvojena-odluka-poskupljuje-grijanje-u-tuzli-poznato-i-za-koliko\/#article","isPartOf":{"@id":"https:\/\/tuzlainfo.ba\/index.php\/novosti\/item\/258355-usvojena-odluka-poskupljuje-grijanje-u-tuzli-poznato-i-za-koliko\/"},"author":{"name":"Tuzla Info","@id":"https:\/\/tuzlainfo.ba\/#\/schema\/person\/46cad4c57790cbc50781edd14870825a"},"headline":"Usvojena odluka: Poskupljuje grijanje u Tuzli, poznato i za koliko","datePublished":"2024-12-19T16:48:29+00:00","dateModified":"2024-12-19T17:58:30+00:00","mainEntityOfPage":{"@id":"https:\/\/tuzlainfo.ba\/index.php\/novosti\/item\/258355-usvojena-odluka-poskupljuje-grijanje-u-tuzli-poznato-i-za-koliko\/"},"wordCount":519,"publisher":{"@id":"https:\/\/tuzlainfo.ba\/#organization"},"image":{"@id":"https:\/\/tuzlainfo.ba\/index.php\/novosti\/item\/258355-usvojena-odluka-poskupljuje-grijanje-u-tuzli-poznato-i-za-koliko\/#primaryimage"},"thumbnailUrl":"https:\/\/tuzlainfo.ba\/wp-content\/uploads\/2024\/08\/2308_centralno_grijanje_tuzla.jpg","keywords":["gradsko vije\u0107e tuzla","grijanje","poskupljenje","tuzla"],"articleSection":["Istaknuto","Novosti","Preporu\u010dujemo"],"inLanguage":"bs-BA"},{"@type":"WebPage","@id":"https:\/\/tuzlainfo.ba\/index.php\/novosti\/item\/258355-usvojena-odluka-poskupljuje-grijanje-u-tuzli-poznato-i-za-koliko\/","url":"https:\/\/tuzlainfo.ba\/index.php\/novosti\/item\/258355-usvojena-odluka-poskupljuje-grijanje-u-tuzli-poznato-i-za-koliko\/","name":"Usvojena odluka: Poskupljuje grijanje u Tuzli, poznato i za koliko - TuzlaInfo.ba","isPartOf":{"@id":"https:\/\/tuzlainfo.ba\/#website"},"primaryImageOfPage":{"@id":"https:\/\/tuzlainfo.ba\/index.php\/novosti\/item\/258355-usvojena-odluka-poskupljuje-grijanje-u-tuzli-poznato-i-za-koliko\/#primaryimage"},"image":{"@id":"https:\/\/tuzlainfo.ba\/index.php\/novosti\/item\/258355-usvojena-odluka-poskupljuje-grijanje-u-tuzli-poznato-i-za-koliko\/#primaryimage"},"thumbnailUrl":"https:\/\/tuzlainfo.ba\/wp-content\/uploads\/2024\/08\/2308_centralno_grijanje_tuzla.jpg","datePublished":"2024-12-19T16:48:29+00:00","dateModified":"2024-12-19T17:58:30+00:00","breadcrumb":{"@id":"https:\/\/tuzlainfo.ba\/index.php\/novosti\/item\/258355-usvojena-odluka-poskupljuje-grijanje-u-tuzli-poznato-i-za-koliko\/#breadcrumb"},"inLanguage":"bs-BA","potentialAction":[{"@type":"ReadAction","target":["https:\/\/tuzlainfo.ba\/index.php\/novosti\/item\/258355-usvojena-odluka-poskupljuje-grijanje-u-tuzli-poznato-i-za-koliko\/"]}]},{"@type":"ImageObject","inLanguage":"bs-BA","@id":"https:\/\/tuzlainfo.ba\/index.php\/novosti\/item\/258355-usvojena-odluka-poskupljuje-grijanje-u-tuzli-poznato-i-za-koliko\/#primaryimage","url":"https:\/\/tuzlainfo.ba\/wp-content\/uploads\/2024\/08\/2308_centralno_grijanje_tuzla.jpg","contentUrl":"https:\/\/tuzlainfo.ba\/wp-content\/uploads\/2024\/08\/2308_centralno_grijanje_tuzla.jpg","width":1000,"height":719},{"@type":"BreadcrumbList","@id":"https:\/\/tuzlainfo.ba\/index.php\/novosti\/item\/258355-usvojena-odluka-poskupljuje-grijanje-u-tuzli-poznato-i-za-koliko\/#breadcrumb","itemListElement":[{"@type":"ListItem","position":1,"name":"Home","item":"https:\/\/tuzlainfo.ba\/"},{"@type":"ListItem","position":2,"name":"Usvojena odluka: Poskupljuje grijanje u Tuzli, poznato i za koliko"}]},{"@type":"WebSite","@id":"https:\/\/tuzlainfo.ba\/#website","url":"https:\/\/tuzlainfo.ba\/","name":"TuzlaInfo.ba","description":"Tuzla info, gradski informator - Tuzla na dlanu","publisher":{"@id":"https:\/\/tuzlainfo.ba\/#organization"},"potentialAction":[{"@type":"SearchAction","target":{"@type":"EntryPoint","urlTemplate":"https:\/\/tuzlainfo.ba\/?s={search_term_string}"},"query-input":{"@type":"PropertyValueSpecification","valueRequired":true,"valueName":"search_term_string"}}],"inLanguage":"bs-BA"},{"@type":"Organization","@id":"https:\/\/tuzlainfo.ba\/#organization","name":"TuzlaInfo.ba","url":"https:\/\/tuzlainfo.ba\/","logo":{"@type":"ImageObject","inLanguage":"bs-BA","@id":"https:\/\/tuzlainfo.ba\/#\/schema\/logo\/image\/","url":"https:\/\/tuzlainfo.ba\/wp-content\/uploads\/2021\/03\/logo-ver-3-1.png","contentUrl":"https:\/\/tuzlainfo.ba\/wp-content\/uploads\/2021\/03\/logo-ver-3-1.png","width":350,"height":95,"caption":"TuzlaInfo.ba"},"image":{"@id":"https:\/\/tuzlainfo.ba\/#\/schema\/logo\/image\/"},"sameAs":["https:\/\/www.facebook.com\/tuzlainfo.ba\/"]},{"@type":"Person","@id":"https:\/\/tuzlainfo.ba\/#\/schema\/person\/46cad4c57790cbc50781edd14870825a","name":"Tuzla Info","image":{"@type":"ImageObject","inLanguage":"bs-BA","@id":"https:\/\/tuzlainfo.ba\/#\/schema\/person\/image\/","url":"https:\/\/tuzlainfo.ba\/wp-content\/litespeed\/avatar\/b6c453a6c38e3654f2e4416c643fc25c.jpg?ver=1777051911","contentUrl":"https:\/\/tuzlainfo.ba\/wp-content\/litespeed\/avatar\/b6c453a6c38e3654f2e4416c643fc25c.jpg?ver=1777051911","caption":"Tuzla Info"}}]}},"_links":{"self":[{"href":"https:\/\/tuzlainfo.ba\/index.php\/wp-json\/wp\/v2\/posts\/258355"}],"collection":[{"href":"https:\/\/tuzlainfo.ba\/index.php\/wp-json\/wp\/v2\/posts"}],"about":[{"href":"https:\/\/tuzlainfo.ba\/index.php\/wp-json\/wp\/v2\/types\/post"}],"author":[{"embeddable":true,"href":"https:\/\/tuzlainfo.ba\/index.php\/wp-json\/wp\/v2\/users\/4"}],"replies":[{"embeddable":true,"href":"https:\/\/tuzlainfo.ba\/index.php\/wp-json\/wp\/v2\/comments?post=258355"}],"version-history":[{"count":3,"href":"https:\/\/tuzlainfo.ba\/index.php\/wp-json\/wp\/v2\/posts\/258355\/revisions"}],"predecessor-version":[{"id":258361,"href":"https:\/\/tuzlainfo.ba\/index.php\/wp-json\/wp\/v2\/posts\/258355\/revisions\/258361"}],"wp:featuredmedia":[{"embeddable":true,"href":"https:\/\/tuzlainfo.ba\/index.php\/wp-json\/wp\/v2\/media\/247645"}],"wp:attachment":[{"href":"https:\/\/tuzlainfo.ba\/index.php\/wp-json\/wp\/v2\/media?parent=258355"}],"wp:term":[{"taxonomy":"category","embeddable":true,"href":"https:\/\/tuzlainfo.ba\/index.php\/wp-json\/wp\/v2\/categories?post=258355"},{"taxonomy":"post_tag","embeddable":true,"href":"https:\/\/tuzlainfo.ba\/index.php\/wp-json\/wp\/v2\/tags?post=258355"}],"curies":[{"name":"wp","href":"https:\/\/api.w.org\/{rel}","templated":true}]}}